{"id":6724,"date":"2020-07-29T16:09:12","date_gmt":"2020-07-29T16:09:12","guid":{"rendered":"http:\/\/cmvsf2.org\/web\/?p=6724"},"modified":"2020-07-29T16:09:12","modified_gmt":"2020-07-29T16:09:12","slug":"jornada-de-actualizacion-en-anaplasmosis-bovina","status":"publish","type":"post","link":"https:\/\/cmvsf2.org\/web\/2020\/07\/29\/jornada-de-actualizacion-en-anaplasmosis-bovina\/","title":{"rendered":"Jornada de actualizaci\u00f3n en Anaplasmosis Bovina"},"content":{"rendered":"<p>El CMVSF2 organiza e invita a la siguiente actividad de formaci\u00f3n, con el auspicio de la Sociedad Rural de Totoras. Reserv\u00e1 tu lugar, sin cargo, completando el siguiente <\/p>\n<p><img loading=\"lazy\" decoding=\"async\" class=\"aligncenter wp-image-6725 size-large\" src=\"https:\/\/cmvsf2.org\/web\/wp-content\/uploads\/2020\/07\/vet-jornada-anaplasmosis-bovina-724x1024.png\" alt=\"\" width=\"724\" height=\"1024\" srcset=\"https:\/\/cmvsf2.org\/web\/wp-content\/uploads\/2020\/07\/vet-jornada-anaplasmosis-bovina-724x1024.png 724w, https:\/\/cmvsf2.org\/web\/wp-content\/uploads\/2020\/07\/vet-jornada-anaplasmosis-bovina-212x300.png 212w, https:\/\/cmvsf2.org\/web\/wp-content\/uploads\/2020\/07\/vet-jornada-anaplasmosis-bovina-768x1086.png 768w, https:\/\/cmvsf2.org\/web\/wp-content\/uploads\/2020\/07\/vet-jornada-anaplasmosis-bovina-1086x1536.png 1086w, https:\/\/cmvsf2.org\/web\/wp-content\/uploads\/2020\/07\/vet-jornada-anaplasmosis-bovina-750x1061.png 750w, https:\/\/cmvsf2.org\/web\/wp-content\/uploads\/2020\/07\/vet-jornada-anaplasmosis-bovina-1140x1612.png 1140w, https:\/\/cmvsf2.org\/web\/wp-content\/uploads\/2020\/07\/vet-jornada-anaplasmosis-bovina.png 1414w\" sizes=\"auto, (max-width: 724px) 100vw, 724px\" \/><\/p>\n","protected":false},"excerpt":{"rendered":"<p>El CMVSF2 organiza e invita a la siguiente actividad de formaci\u00f3n, con el auspicio de la Sociedad Rural de Totoras. Reserv\u00e1 tu lugar, sin cargo, completando el siguiente<\/p>\n","protected":false},"author":3,"featured_media":6726,"comment_status":"open","ping_status":"open","sticky":false,"template":"","format":"standard","meta":{"_acf_changed":false,"footnotes":""},"categories":[343,35],"tags":[473,125,158,474,475],"class_list":["post-6724","post","type-post","status-publish","format-standard","has-post-thumbnail","hentry","category-destacada","category-formacion","tag-anaplasmosis","tag-bovinos","tag-formacion","tag-grandes-animales","tag-jornada-on-line"],"acf":[],"yoast_head":"<!-- This site is optimized with the Yoast SEO plugin v28.2 - https:\/\/yoast.com\/product\/yoast-seo-wordpress\/ -->\n<title>Jornada de actualizaci\u00f3n en Anaplasmosis Bovina - Colegio De Veterinarios De Santa Fe 2da. Circunscripci\u00f3n<\/title>\n<meta name=\"description\" content=\"El CMVSF2 organiza e invita a la siguiente actividad de formaci\u00f3n, con el auspicio de la Sociedad Rural de Totoras. Reserv\u00e1 tu lugar, sin cargo,\" \/>\n<meta name=\"robots\" content=\"index, follow, max-snippet:-1, max-image-preview:large, max-video-preview:-1\" \/>\n<link rel=\"canonical\" href=\"https:\/\/cmvsf2.org\/web\/2020\/07\/29\/jornada-de-actualizacion-en-anaplasmosis-bovina\/\" \/>\n<meta property=\"og:locale\" content=\"es_ES\" \/>\n<meta property=\"og:type\" content=\"article\" \/>\n<meta property=\"og:title\" content=\"Jornada de actualizaci\u00f3n en Anaplasmosis Bovina - Colegio De Veterinarios De Santa Fe 2da. Circunscripci\u00f3n\" \/>\n<meta property=\"og:description\" content=\"El CMVSF2 organiza e invita a la siguiente actividad de formaci\u00f3n, con el auspicio de la Sociedad Rural de Totoras. Reserv\u00e1 tu lugar, sin cargo,\" \/>\n<meta property=\"og:url\" content=\"https:\/\/cmvsf2.org\/web\/2020\/07\/29\/jornada-de-actualizacion-en-anaplasmosis-bovina\/\" \/>\n<meta property=\"og:site_name\" content=\"Colegio De Veterinarios De Santa Fe 2da. Circunscripci\u00f3n\" \/>\n<meta property=\"article:published_time\" content=\"2020-07-29T16:09:12+00:00\" \/>\n<meta property=\"og:image\" content=\"https:\/\/cmvsf2.org\/web\/wp-content\/uploads\/2020\/07\/jean-carlo-emer-g_owb_hcfx8-unsplash-scaled-e1596039167179.jpg\" \/>\n\t<meta property=\"og:image:width\" content=\"1367\" \/>\n\t<meta property=\"og:image:height\" content=\"921\" \/>\n\t<meta property=\"og:image:type\" content=\"image\/jpeg\" \/>\n<meta name=\"author\" content=\"cmvsf2\" \/>\n<meta name=\"twitter:card\" content=\"summary_large_image\" \/>\n<meta name=\"twitter:label1\" content=\"Escrito por\" \/>\n\t<meta name=\"twitter:data1\" content=\"cmvsf2\" \/>\n<script type=\"application\/ld+json\" class=\"yoast-schema-graph\">{\"@context\":\"https:\\\/\\\/schema.org\",\"@graph\":[{\"@type\":\"Article\",\"@id\":\"https:\\\/\\\/cmvsf2.org\\\/web\\\/2020\\\/07\\\/29\\\/jornada-de-actualizacion-en-anaplasmosis-bovina\\\/#article\",\"isPartOf\":{\"@id\":\"https:\\\/\\\/cmvsf2.org\\\/web\\\/2020\\\/07\\\/29\\\/jornada-de-actualizacion-en-anaplasmosis-bovina\\\/\"},\"author\":{\"name\":\"cmvsf2\",\"@id\":\"https:\\\/\\\/cmvsf2.org\\\/web\\\/#\\\/schema\\\/person\\\/46ea3630099a4a3df8d89f07cf5f7520\"},\"headline\":\"Jornada de actualizaci\u00f3n en Anaplasmosis Bovina\",\"datePublished\":\"2020-07-29T16:09:12+00:00\",\"mainEntityOfPage\":{\"@id\":\"https:\\\/\\\/cmvsf2.org\\\/web\\\/2020\\\/07\\\/29\\\/jornada-de-actualizacion-en-anaplasmosis-bovina\\\/\"},\"wordCount\":36,\"commentCount\":0,\"publisher\":{\"@id\":\"https:\\\/\\\/cmvsf2.org\\\/web\\\/#organization\"},\"image\":{\"@id\":\"https:\\\/\\\/cmvsf2.org\\\/web\\\/2020\\\/07\\\/29\\\/jornada-de-actualizacion-en-anaplasmosis-bovina\\\/#primaryimage\"},\"thumbnailUrl\":\"https:\\\/\\\/cmvsf2.org\\\/web\\\/wp-content\\\/uploads\\\/2020\\\/07\\\/jean-carlo-emer-g_owb_hcfx8-unsplash-scaled-e1596039167179.jpg\",\"keywords\":[\"ANAPLASMOSIS\",\"Bovinos\",\"formacion\",\"grandes animales\",\"JORNADA ON LINE\"],\"articleSection\":[\"Destacada\",\"Formaci\u00f3n\"],\"inLanguage\":\"es\"},{\"@type\":\"WebPage\",\"@id\":\"https:\\\/\\\/cmvsf2.org\\\/web\\\/2020\\\/07\\\/29\\\/jornada-de-actualizacion-en-anaplasmosis-bovina\\\/\",\"url\":\"https:\\\/\\\/cmvsf2.org\\\/web\\\/2020\\\/07\\\/29\\\/jornada-de-actualizacion-en-anaplasmosis-bovina\\\/\",\"name\":\"Jornada de actualizaci\u00f3n en Anaplasmosis Bovina - Colegio De Veterinarios De Santa Fe 2da. Circunscripci\u00f3n\",\"isPartOf\":{\"@id\":\"https:\\\/\\\/cmvsf2.org\\\/web\\\/#website\"},\"primaryImageOfPage\":{\"@id\":\"https:\\\/\\\/cmvsf2.org\\\/web\\\/2020\\\/07\\\/29\\\/jornada-de-actualizacion-en-anaplasmosis-bovina\\\/#primaryimage\"},\"image\":{\"@id\":\"https:\\\/\\\/cmvsf2.org\\\/web\\\/2020\\\/07\\\/29\\\/jornada-de-actualizacion-en-anaplasmosis-bovina\\\/#primaryimage\"},\"thumbnailUrl\":\"https:\\\/\\\/cmvsf2.org\\\/web\\\/wp-content\\\/uploads\\\/2020\\\/07\\\/jean-carlo-emer-g_owb_hcfx8-unsplash-scaled-e1596039167179.jpg\",\"datePublished\":\"2020-07-29T16:09:12+00:00\",\"description\":\"El CMVSF2 organiza e invita a la siguiente actividad de formaci\u00f3n, con el auspicio de la Sociedad Rural de Totoras. Reserv\u00e1 tu lugar, sin cargo,\",\"breadcrumb\":{\"@id\":\"https:\\\/\\\/cmvsf2.org\\\/web\\\/2020\\\/07\\\/29\\\/jornada-de-actualizacion-en-anaplasmosis-bovina\\\/#breadcrumb\"},\"inLanguage\":\"es\",\"potentialAction\":[{\"@type\":\"ReadAction\",\"target\":[\"https:\\\/\\\/cmvsf2.org\\\/web\\\/2020\\\/07\\\/29\\\/jornada-de-actualizacion-en-anaplasmosis-bovina\\\/\"]}]},{\"@type\":\"ImageObject\",\"inLanguage\":\"es\",\"@id\":\"https:\\\/\\\/cmvsf2.org\\\/web\\\/2020\\\/07\\\/29\\\/jornada-de-actualizacion-en-anaplasmosis-bovina\\\/#primaryimage\",\"url\":\"https:\\\/\\\/cmvsf2.org\\\/web\\\/wp-content\\\/uploads\\\/2020\\\/07\\\/jean-carlo-emer-g_owb_hcfx8-unsplash-scaled-e1596039167179.jpg\",\"contentUrl\":\"https:\\\/\\\/cmvsf2.org\\\/web\\\/wp-content\\\/uploads\\\/2020\\\/07\\\/jean-carlo-emer-g_owb_hcfx8-unsplash-scaled-e1596039167179.jpg\",\"width\":1367,\"height\":921},{\"@type\":\"BreadcrumbList\",\"@id\":\"https:\\\/\\\/cmvsf2.org\\\/web\\\/2020\\\/07\\\/29\\\/jornada-de-actualizacion-en-anaplasmosis-bovina\\\/#breadcrumb\",\"itemListElement\":[{\"@type\":\"ListItem\",\"position\":1,\"name\":\"Portada\",\"item\":\"https:\\\/\\\/cmvsf2.org\\\/web\\\/\"},{\"@type\":\"ListItem\",\"position\":2,\"name\":\"Jornada de actualizaci\u00f3n en Anaplasmosis Bovina\"}]},{\"@type\":\"WebSite\",\"@id\":\"https:\\\/\\\/cmvsf2.org\\\/web\\\/#website\",\"url\":\"https:\\\/\\\/cmvsf2.org\\\/web\\\/\",\"name\":\"Colegio De Veterinarios De Santa Fe 2da. Circunscripci\u00f3n\",\"description\":\"Sitio institucional del Colegio de M\u00e9dicos Veterinario de Santa Fe 2da. Circunscripci\u00f3n\",\"publisher\":{\"@id\":\"https:\\\/\\\/cmvsf2.org\\\/web\\\/#organization\"},\"potentialAction\":[{\"@type\":\"SearchAction\",\"target\":{\"@type\":\"EntryPoint\",\"urlTemplate\":\"https:\\\/\\\/cmvsf2.org\\\/web\\\/?s={search_term_string}\"},\"query-input\":{\"@type\":\"PropertyValueSpecification\",\"valueRequired\":true,\"valueName\":\"search_term_string\"}}],\"inLanguage\":\"es\"},{\"@type\":\"Organization\",\"@id\":\"https:\\\/\\\/cmvsf2.org\\\/web\\\/#organization\",\"name\":\"Colegio De Veterinarios De Santa Fe 2da. Circunscripci\u00f3n\",\"url\":\"https:\\\/\\\/cmvsf2.org\\\/web\\\/\",\"logo\":{\"@type\":\"ImageObject\",\"inLanguage\":\"es\",\"@id\":\"https:\\\/\\\/cmvsf2.org\\\/web\\\/#\\\/schema\\\/logo\\\/image\\\/\",\"url\":\"http:\\\/\\\/cmvsf2.org\\\/web\\\/wp-content\\\/uploads\\\/2020\\\/03\\\/vector-logo-02.png\",\"contentUrl\":\"http:\\\/\\\/cmvsf2.org\\\/web\\\/wp-content\\\/uploads\\\/2020\\\/03\\\/vector-logo-02.png\",\"width\":2750,\"height\":642,\"caption\":\"Colegio De Veterinarios De Santa Fe 2da. Circunscripci\u00f3n\"},\"image\":{\"@id\":\"https:\\\/\\\/cmvsf2.org\\\/web\\\/#\\\/schema\\\/logo\\\/image\\\/\"}},{\"@type\":\"Person\",\"@id\":\"https:\\\/\\\/cmvsf2.org\\\/web\\\/#\\\/schema\\\/person\\\/46ea3630099a4a3df8d89f07cf5f7520\",\"name\":\"cmvsf2\",\"image\":{\"@type\":\"ImageObject\",\"inLanguage\":\"es\",\"@id\":\"https:\\\/\\\/secure.gravatar.com\\\/avatar\\\/669647b61c77f28f1aa51df04174a5ecb296e9988b4a93d2870666cd1f502cd7?s=96&d=mm&r=g\",\"url\":\"https:\\\/\\\/secure.gravatar.com\\\/avatar\\\/669647b61c77f28f1aa51df04174a5ecb296e9988b4a93d2870666cd1f502cd7?s=96&d=mm&r=g\",\"contentUrl\":\"https:\\\/\\\/secure.gravatar.com\\\/avatar\\\/669647b61c77f28f1aa51df04174a5ecb296e9988b4a93d2870666cd1f502cd7?s=96&d=mm&r=g\",\"caption\":\"cmvsf2\"}}]}<\/script>\n<!-- \/ Yoast SEO plugin. -->","yoast_head_json":{"title":"Jornada de actualizaci\u00f3n en Anaplasmosis Bovina - Colegio De Veterinarios De Santa Fe 2da. Circunscripci\u00f3n","description":"El CMVSF2 organiza e invita a la siguiente actividad de formaci\u00f3n, con el auspicio de la Sociedad Rural de Totoras. Reserv\u00e1 tu lugar, sin cargo,","robots":{"index":"index","follow":"follow","max-snippet":"max-snippet:-1","max-image-preview":"max-image-preview:large","max-video-preview":"max-video-preview:-1"},"canonical":"https:\/\/cmvsf2.org\/web\/2020\/07\/29\/jornada-de-actualizacion-en-anaplasmosis-bovina\/","og_locale":"es_ES","og_type":"article","og_title":"Jornada de actualizaci\u00f3n en Anaplasmosis Bovina - Colegio De Veterinarios De Santa Fe 2da. Circunscripci\u00f3n","og_description":"El CMVSF2 organiza e invita a la siguiente actividad de formaci\u00f3n, con el auspicio de la Sociedad Rural de Totoras. Reserv\u00e1 tu lugar, sin cargo,","og_url":"https:\/\/cmvsf2.org\/web\/2020\/07\/29\/jornada-de-actualizacion-en-anaplasmosis-bovina\/","og_site_name":"Colegio De Veterinarios De Santa Fe 2da. Circunscripci\u00f3n","article_published_time":"2020-07-29T16:09:12+00:00","og_image":[{"width":1367,"height":921,"url":"https:\/\/cmvsf2.org\/web\/wp-content\/uploads\/2020\/07\/jean-carlo-emer-g_owb_hcfx8-unsplash-scaled-e1596039167179.jpg","type":"image\/jpeg"}],"author":"cmvsf2","twitter_card":"summary_large_image","twitter_misc":{"Escrito por":"cmvsf2"},"schema":{"@context":"https:\/\/schema.org","@graph":[{"@type":"Article","@id":"https:\/\/cmvsf2.org\/web\/2020\/07\/29\/jornada-de-actualizacion-en-anaplasmosis-bovina\/#article","isPartOf":{"@id":"https:\/\/cmvsf2.org\/web\/2020\/07\/29\/jornada-de-actualizacion-en-anaplasmosis-bovina\/"},"author":{"name":"cmvsf2","@id":"https:\/\/cmvsf2.org\/web\/#\/schema\/person\/46ea3630099a4a3df8d89f07cf5f7520"},"headline":"Jornada de actualizaci\u00f3n en Anaplasmosis Bovina","datePublished":"2020-07-29T16:09:12+00:00","mainEntityOfPage":{"@id":"https:\/\/cmvsf2.org\/web\/2020\/07\/29\/jornada-de-actualizacion-en-anaplasmosis-bovina\/"},"wordCount":36,"commentCount":0,"publisher":{"@id":"https:\/\/cmvsf2.org\/web\/#organization"},"image":{"@id":"https:\/\/cmvsf2.org\/web\/2020\/07\/29\/jornada-de-actualizacion-en-anaplasmosis-bovina\/#primaryimage"},"thumbnailUrl":"https:\/\/cmvsf2.org\/web\/wp-content\/uploads\/2020\/07\/jean-carlo-emer-g_owb_hcfx8-unsplash-scaled-e1596039167179.jpg","keywords":["ANAPLASMOSIS","Bovinos","formacion","grandes animales","JORNADA ON LINE"],"articleSection":["Destacada","Formaci\u00f3n"],"inLanguage":"es"},{"@type":"WebPage","@id":"https:\/\/cmvsf2.org\/web\/2020\/07\/29\/jornada-de-actualizacion-en-anaplasmosis-bovina\/","url":"https:\/\/cmvsf2.org\/web\/2020\/07\/29\/jornada-de-actualizacion-en-anaplasmosis-bovina\/","name":"Jornada de actualizaci\u00f3n en Anaplasmosis Bovina - Colegio De Veterinarios De Santa Fe 2da. Circunscripci\u00f3n","isPartOf":{"@id":"https:\/\/cmvsf2.org\/web\/#website"},"primaryImageOfPage":{"@id":"https:\/\/cmvsf2.org\/web\/2020\/07\/29\/jornada-de-actualizacion-en-anaplasmosis-bovina\/#primaryimage"},"image":{"@id":"https:\/\/cmvsf2.org\/web\/2020\/07\/29\/jornada-de-actualizacion-en-anaplasmosis-bovina\/#primaryimage"},"thumbnailUrl":"https:\/\/cmvsf2.org\/web\/wp-content\/uploads\/2020\/07\/jean-carlo-emer-g_owb_hcfx8-unsplash-scaled-e1596039167179.jpg","datePublished":"2020-07-29T16:09:12+00:00","description":"El CMVSF2 organiza e invita a la siguiente actividad de formaci\u00f3n, con el auspicio de la Sociedad Rural de Totoras. Reserv\u00e1 tu lugar, sin cargo,","breadcrumb":{"@id":"https:\/\/cmvsf2.org\/web\/2020\/07\/29\/jornada-de-actualizacion-en-anaplasmosis-bovina\/#breadcrumb"},"inLanguage":"es","potentialAction":[{"@type":"ReadAction","target":["https:\/\/cmvsf2.org\/web\/2020\/07\/29\/jornada-de-actualizacion-en-anaplasmosis-bovina\/"]}]},{"@type":"ImageObject","inLanguage":"es","@id":"https:\/\/cmvsf2.org\/web\/2020\/07\/29\/jornada-de-actualizacion-en-anaplasmosis-bovina\/#primaryimage","url":"https:\/\/cmvsf2.org\/web\/wp-content\/uploads\/2020\/07\/jean-carlo-emer-g_owb_hcfx8-unsplash-scaled-e1596039167179.jpg","contentUrl":"https:\/\/cmvsf2.org\/web\/wp-content\/uploads\/2020\/07\/jean-carlo-emer-g_owb_hcfx8-unsplash-scaled-e1596039167179.jpg","width":1367,"height":921},{"@type":"BreadcrumbList","@id":"https:\/\/cmvsf2.org\/web\/2020\/07\/29\/jornada-de-actualizacion-en-anaplasmosis-bovina\/#breadcrumb","itemListElement":[{"@type":"ListItem","position":1,"name":"Portada","item":"https:\/\/cmvsf2.org\/web\/"},{"@type":"ListItem","position":2,"name":"Jornada de actualizaci\u00f3n en Anaplasmosis Bovina"}]},{"@type":"WebSite","@id":"https:\/\/cmvsf2.org\/web\/#website","url":"https:\/\/cmvsf2.org\/web\/","name":"Colegio De Veterinarios De Santa Fe 2da. Circunscripci\u00f3n","description":"Sitio institucional del Colegio de M\u00e9dicos Veterinario de Santa Fe 2da. Circunscripci\u00f3n","publisher":{"@id":"https:\/\/cmvsf2.org\/web\/#organization"},"potentialAction":[{"@type":"SearchAction","target":{"@type":"EntryPoint","urlTemplate":"https:\/\/cmvsf2.org\/web\/?s={search_term_string}"},"query-input":{"@type":"PropertyValueSpecification","valueRequired":true,"valueName":"search_term_string"}}],"inLanguage":"es"},{"@type":"Organization","@id":"https:\/\/cmvsf2.org\/web\/#organization","name":"Colegio De Veterinarios De Santa Fe 2da. Circunscripci\u00f3n","url":"https:\/\/cmvsf2.org\/web\/","logo":{"@type":"ImageObject","inLanguage":"es","@id":"https:\/\/cmvsf2.org\/web\/#\/schema\/logo\/image\/","url":"http:\/\/cmvsf2.org\/web\/wp-content\/uploads\/2020\/03\/vector-logo-02.png","contentUrl":"http:\/\/cmvsf2.org\/web\/wp-content\/uploads\/2020\/03\/vector-logo-02.png","width":2750,"height":642,"caption":"Colegio De Veterinarios De Santa Fe 2da. Circunscripci\u00f3n"},"image":{"@id":"https:\/\/cmvsf2.org\/web\/#\/schema\/logo\/image\/"}},{"@type":"Person","@id":"https:\/\/cmvsf2.org\/web\/#\/schema\/person\/46ea3630099a4a3df8d89f07cf5f7520","name":"cmvsf2","image":{"@type":"ImageObject","inLanguage":"es","@id":"https:\/\/secure.gravatar.com\/avatar\/669647b61c77f28f1aa51df04174a5ecb296e9988b4a93d2870666cd1f502cd7?s=96&d=mm&r=g","url":"https:\/\/secure.gravatar.com\/avatar\/669647b61c77f28f1aa51df04174a5ecb296e9988b4a93d2870666cd1f502cd7?s=96&d=mm&r=g","contentUrl":"https:\/\/secure.gravatar.com\/avatar\/669647b61c77f28f1aa51df04174a5ecb296e9988b4a93d2870666cd1f502cd7?s=96&d=mm&r=g","caption":"cmvsf2"}}]}},"_links":{"self":[{"href":"https:\/\/cmvsf2.org\/web\/wp-json\/wp\/v2\/posts\/6724","targetHints":{"allow":["GET"]}}],"collection":[{"href":"https:\/\/cmvsf2.org\/web\/wp-json\/wp\/v2\/posts"}],"about":[{"href":"https:\/\/cmvsf2.org\/web\/wp-json\/wp\/v2\/types\/post"}],"author":[{"embeddable":true,"href":"https:\/\/cmvsf2.org\/web\/wp-json\/wp\/v2\/users\/3"}],"replies":[{"embeddable":true,"href":"https:\/\/cmvsf2.org\/web\/wp-json\/wp\/v2\/comments?post=6724"}],"version-history":[{"count":0,"href":"https:\/\/cmvsf2.org\/web\/wp-json\/wp\/v2\/posts\/6724\/revisions"}],"wp:featuredmedia":[{"embeddable":true,"href":"https:\/\/cmvsf2.org\/web\/wp-json\/wp\/v2\/media\/6726"}],"wp:attachment":[{"href":"https:\/\/cmvsf2.org\/web\/wp-json\/wp\/v2\/media?parent=6724"}],"wp:term":[{"taxonomy":"category","embeddable":true,"href":"https:\/\/cmvsf2.org\/web\/wp-json\/wp\/v2\/categories?post=6724"},{"taxonomy":"post_tag","embeddable":true,"href":"https:\/\/cmvsf2.org\/web\/wp-json\/wp\/v2\/tags?post=6724"}],"curies":[{"name":"wp","href":"https:\/\/api.w.org\/{rel}","templated":true}]}}