{"id":6696,"date":"2020-07-07T14:24:35","date_gmt":"2020-07-07T14:24:35","guid":{"rendered":"http:\/\/cmvsf2.org\/web\/?p=6696"},"modified":"2020-07-07T14:24:35","modified_gmt":"2020-07-07T14:24:35","slug":"informacion-importante-sobre-el-pago-de-matriculas-2","status":"publish","type":"post","link":"https:\/\/cmvsf2.org\/web\/2020\/07\/07\/informacion-importante-sobre-el-pago-de-matriculas-2\/","title":{"rendered":"INFORMAMOS LOS VENCIMIENTOS DEL BIMESTRE MAYO\/JUNIO DE LA CUOTA DE MATRICULACI\u00d3N"},"content":{"rendered":"<p>El <strong>CMVSF2<\/strong> comunica a todos\/as sus matriculados\/as que <strong><em>LOS VENCIMIENTOS DEL 3\u00b0 BIMESTRE (mayo\/junio) DE LA CUOTA DE MATRICULACI\u00d3N operar\u00e1n los d\u00edas 13\/07\/2020 y 22\/07\/2020<\/em><\/strong>.<\/p>\n<p>Somos conscientes de que la realidad laboral durante la Cuarentena no es igual para todos\/as y muy posiblemente no lo sea a futuro, dependiendo de la actividad que cada uno\/a desarrolla. Solicitamos a quienes puedan cumplir con sus obligaciones lo hagan, al igual que con otras deudas que mantengan con la instituci\u00f3n.<\/p>\n<p><strong><em>EN TANTO PARA QUIENES TENGAN DIFICULTADES PARA AFRONTAR EL PAGO, contin\u00faa habilitada la direcci\u00f3n de correo <\/em><\/strong><a href=\"mailto:solidaridad.veterinaria@cmvsf2.org\">solidaridad.veterinaria@cmvsf2.org<\/a> a los efectos de arbitrar los medios que permitan atender cada situaci\u00f3n en particular y evaluar las posibles soluciones a las problem\u00e1ticas que surjan.<\/p>\n<p><img loading=\"lazy\" decoding=\"async\" class=\"aligncenter size-full wp-image-6697\" src=\"https:\/\/cmvsf2.org\/web\/wp-content\/uploads\/2020\/07\/vencimiento-matrcula-julio-2020.png\" alt=\"\" width=\"1080\" height=\"1080\" srcset=\"https:\/\/cmvsf2.org\/web\/wp-content\/uploads\/2020\/07\/vencimiento-matrcula-julio-2020.png 1080w, https:\/\/cmvsf2.org\/web\/wp-content\/uploads\/2020\/07\/vencimiento-matrcula-julio-2020-300x300.png 300w, https:\/\/cmvsf2.org\/web\/wp-content\/uploads\/2020\/07\/vencimiento-matrcula-julio-2020-1024x1024.png 1024w, https:\/\/cmvsf2.org\/web\/wp-content\/uploads\/2020\/07\/vencimiento-matrcula-julio-2020-150x150.png 150w, https:\/\/cmvsf2.org\/web\/wp-content\/uploads\/2020\/07\/vencimiento-matrcula-julio-2020-768x768.png 768w, https:\/\/cmvsf2.org\/web\/wp-content\/uploads\/2020\/07\/vencimiento-matrcula-julio-2020-90x90.png 90w, https:\/\/cmvsf2.org\/web\/wp-content\/uploads\/2020\/07\/vencimiento-matrcula-julio-2020-370x370.png 370w, https:\/\/cmvsf2.org\/web\/wp-content\/uploads\/2020\/07\/vencimiento-matrcula-julio-2020-750x750.png 750w\" sizes=\"auto, (max-width: 1080px) 100vw, 1080px\" \/><\/p>\n<p>&nbsp;<\/p>\n","protected":false},"excerpt":{"rendered":"<p>El CMVSF2 comunica a todos\/as sus matriculados\/as que LOS VENCIMIENTOS DEL 3\u00b0 BIMESTRE (mayo\/junio) DE LA CUOTA DE MATRICULACI\u00d3N operar\u00e1n los d\u00edas 13\/07\/2020 y 22\/07\/2020. Somos conscientes de que la realidad laboral durante la Cuarentena no es igual para todos\/as y muy posiblemente no lo sea a futuro, dependiendo de la actividad que cada uno\/a desarrolla. Solicitamos a quienes puedan cumplir con sus obligaciones [&hellip;]<\/p>\n","protected":false},"author":3,"featured_media":6661,"comment_status":"open","ping_status":"open","sticky":false,"template":"","format":"standard","meta":{"_acf_changed":false,"footnotes":""},"categories":[343,345],"tags":[366,118,460,442,190],"class_list":["post-6696","post","type-post","status-publish","format-standard","has-post-thumbnail","hentry","category-destacada","category-institucionales","tag-coronavirus","tag-matricula","tag-mayo-junio","tag-pago-de-matricula","tag-vencimiento"],"acf":[],"yoast_head":"<!-- This site is optimized with the Yoast SEO plugin v28.2 - https:\/\/yoast.com\/product\/yoast-seo-wordpress\/ -->\n<title>INFORMAMOS LOS VENCIMIENTOS DEL BIMESTRE MAYO\/JUNIO DE LA CUOTA DE MATRICULACI\u00d3N - Colegio De Veterinarios De Santa Fe 2da. Circunscripci\u00f3n<\/title>\n<meta name=\"description\" content=\"El CMVSF2 comunica a todos\/as sus matriculados\/as que LOS VENCIMIENTOS DEL 3\u00b0 BIMESTRE (mayo\/junio) DE LA CUOTA DE MATRICULACI\u00d3N operar\u00e1n los d\u00edas\" \/>\n<meta name=\"robots\" content=\"index, follow, max-snippet:-1, max-image-preview:large, max-video-preview:-1\" \/>\n<link rel=\"canonical\" href=\"https:\/\/cmvsf2.org\/web\/2020\/07\/07\/informacion-importante-sobre-el-pago-de-matriculas-2\/\" \/>\n<meta property=\"og:locale\" content=\"es_ES\" \/>\n<meta property=\"og:type\" content=\"article\" \/>\n<meta property=\"og:title\" content=\"INFORMAMOS LOS VENCIMIENTOS DEL BIMESTRE MAYO\/JUNIO DE LA CUOTA DE MATRICULACI\u00d3N - Colegio De Veterinarios De Santa Fe 2da. Circunscripci\u00f3n\" \/>\n<meta property=\"og:description\" content=\"El CMVSF2 comunica a todos\/as sus matriculados\/as que LOS VENCIMIENTOS DEL 3\u00b0 BIMESTRE (mayo\/junio) DE LA CUOTA DE MATRICULACI\u00d3N operar\u00e1n los d\u00edas\" \/>\n<meta property=\"og:url\" content=\"https:\/\/cmvsf2.org\/web\/2020\/07\/07\/informacion-importante-sobre-el-pago-de-matriculas-2\/\" \/>\n<meta property=\"og:site_name\" content=\"Colegio De Veterinarios De Santa Fe 2da. Circunscripci\u00f3n\" \/>\n<meta property=\"article:published_time\" content=\"2020-07-07T14:24:35+00:00\" \/>\n<meta property=\"og:image\" content=\"https:\/\/cmvsf2.org\/web\/wp-content\/uploads\/2020\/06\/untitled-design-2.png\" \/>\n\t<meta property=\"og:image:width\" content=\"940\" \/>\n\t<meta property=\"og:image:height\" content=\"788\" \/>\n\t<meta property=\"og:image:type\" content=\"image\/png\" \/>\n<meta name=\"author\" content=\"cmvsf2\" \/>\n<meta name=\"twitter:card\" content=\"summary_large_image\" \/>\n<meta name=\"twitter:label1\" content=\"Escrito por\" \/>\n\t<meta name=\"twitter:data1\" content=\"cmvsf2\" \/>\n\t<meta name=\"twitter:label2\" content=\"Tiempo de lectura\" \/>\n\t<meta name=\"twitter:data2\" content=\"1 minuto\" \/>\n<script type=\"application\/ld+json\" class=\"yoast-schema-graph\">{\"@context\":\"https:\\\/\\\/schema.org\",\"@graph\":[{\"@type\":\"Article\",\"@id\":\"https:\\\/\\\/cmvsf2.org\\\/web\\\/2020\\\/07\\\/07\\\/informacion-importante-sobre-el-pago-de-matriculas-2\\\/#article\",\"isPartOf\":{\"@id\":\"https:\\\/\\\/cmvsf2.org\\\/web\\\/2020\\\/07\\\/07\\\/informacion-importante-sobre-el-pago-de-matriculas-2\\\/\"},\"author\":{\"name\":\"cmvsf2\",\"@id\":\"https:\\\/\\\/cmvsf2.org\\\/web\\\/#\\\/schema\\\/person\\\/46ea3630099a4a3df8d89f07cf5f7520\"},\"headline\":\"INFORMAMOS LOS VENCIMIENTOS DEL BIMESTRE MAYO\\\/JUNIO DE LA CUOTA DE MATRICULACI\u00d3N\",\"datePublished\":\"2020-07-07T14:24:35+00:00\",\"mainEntityOfPage\":{\"@id\":\"https:\\\/\\\/cmvsf2.org\\\/web\\\/2020\\\/07\\\/07\\\/informacion-importante-sobre-el-pago-de-matriculas-2\\\/\"},\"wordCount\":145,\"commentCount\":0,\"publisher\":{\"@id\":\"https:\\\/\\\/cmvsf2.org\\\/web\\\/#organization\"},\"image\":{\"@id\":\"https:\\\/\\\/cmvsf2.org\\\/web\\\/2020\\\/07\\\/07\\\/informacion-importante-sobre-el-pago-de-matriculas-2\\\/#primaryimage\"},\"thumbnailUrl\":\"https:\\\/\\\/cmvsf2.org\\\/web\\\/wp-content\\\/uploads\\\/2020\\\/06\\\/untitled-design-2.png\",\"keywords\":[\"CORONAVIRUS\",\"matricula\",\"mayo\\\/junio\",\"pago de matr\u00edcula\",\"vencimiento\"],\"articleSection\":[\"Destacada\",\"Institucionales\"],\"inLanguage\":\"es\"},{\"@type\":\"WebPage\",\"@id\":\"https:\\\/\\\/cmvsf2.org\\\/web\\\/2020\\\/07\\\/07\\\/informacion-importante-sobre-el-pago-de-matriculas-2\\\/\",\"url\":\"https:\\\/\\\/cmvsf2.org\\\/web\\\/2020\\\/07\\\/07\\\/informacion-importante-sobre-el-pago-de-matriculas-2\\\/\",\"name\":\"INFORMAMOS LOS VENCIMIENTOS DEL BIMESTRE MAYO\\\/JUNIO DE LA CUOTA DE MATRICULACI\u00d3N - Colegio De Veterinarios De Santa Fe 2da. Circunscripci\u00f3n\",\"isPartOf\":{\"@id\":\"https:\\\/\\\/cmvsf2.org\\\/web\\\/#website\"},\"primaryImageOfPage\":{\"@id\":\"https:\\\/\\\/cmvsf2.org\\\/web\\\/2020\\\/07\\\/07\\\/informacion-importante-sobre-el-pago-de-matriculas-2\\\/#primaryimage\"},\"image\":{\"@id\":\"https:\\\/\\\/cmvsf2.org\\\/web\\\/2020\\\/07\\\/07\\\/informacion-importante-sobre-el-pago-de-matriculas-2\\\/#primaryimage\"},\"thumbnailUrl\":\"https:\\\/\\\/cmvsf2.org\\\/web\\\/wp-content\\\/uploads\\\/2020\\\/06\\\/untitled-design-2.png\",\"datePublished\":\"2020-07-07T14:24:35+00:00\",\"description\":\"El CMVSF2 comunica a todos\\\/as sus matriculados\\\/as que LOS VENCIMIENTOS DEL 3\u00b0 BIMESTRE (mayo\\\/junio) DE LA CUOTA DE MATRICULACI\u00d3N operar\u00e1n los d\u00edas\",\"breadcrumb\":{\"@id\":\"https:\\\/\\\/cmvsf2.org\\\/web\\\/2020\\\/07\\\/07\\\/informacion-importante-sobre-el-pago-de-matriculas-2\\\/#breadcrumb\"},\"inLanguage\":\"es\",\"potentialAction\":[{\"@type\":\"ReadAction\",\"target\":[\"https:\\\/\\\/cmvsf2.org\\\/web\\\/2020\\\/07\\\/07\\\/informacion-importante-sobre-el-pago-de-matriculas-2\\\/\"]}]},{\"@type\":\"ImageObject\",\"inLanguage\":\"es\",\"@id\":\"https:\\\/\\\/cmvsf2.org\\\/web\\\/2020\\\/07\\\/07\\\/informacion-importante-sobre-el-pago-de-matriculas-2\\\/#primaryimage\",\"url\":\"https:\\\/\\\/cmvsf2.org\\\/web\\\/wp-content\\\/uploads\\\/2020\\\/06\\\/untitled-design-2.png\",\"contentUrl\":\"https:\\\/\\\/cmvsf2.org\\\/web\\\/wp-content\\\/uploads\\\/2020\\\/06\\\/untitled-design-2.png\",\"width\":940,\"height\":788},{\"@type\":\"BreadcrumbList\",\"@id\":\"https:\\\/\\\/cmvsf2.org\\\/web\\\/2020\\\/07\\\/07\\\/informacion-importante-sobre-el-pago-de-matriculas-2\\\/#breadcrumb\",\"itemListElement\":[{\"@type\":\"ListItem\",\"position\":1,\"name\":\"Portada\",\"item\":\"https:\\\/\\\/cmvsf2.org\\\/web\\\/\"},{\"@type\":\"ListItem\",\"position\":2,\"name\":\"INFORMAMOS LOS VENCIMIENTOS DEL BIMESTRE MAYO\\\/JUNIO DE LA CUOTA DE MATRICULACI\u00d3N\"}]},{\"@type\":\"WebSite\",\"@id\":\"https:\\\/\\\/cmvsf2.org\\\/web\\\/#website\",\"url\":\"https:\\\/\\\/cmvsf2.org\\\/web\\\/\",\"name\":\"Colegio De Veterinarios De Santa Fe 2da. Circunscripci\u00f3n\",\"description\":\"Sitio institucional del Colegio de M\u00e9dicos Veterinario de Santa Fe 2da. Circunscripci\u00f3n\",\"publisher\":{\"@id\":\"https:\\\/\\\/cmvsf2.org\\\/web\\\/#organization\"},\"potentialAction\":[{\"@type\":\"SearchAction\",\"target\":{\"@type\":\"EntryPoint\",\"urlTemplate\":\"https:\\\/\\\/cmvsf2.org\\\/web\\\/?s={search_term_string}\"},\"query-input\":{\"@type\":\"PropertyValueSpecification\",\"valueRequired\":true,\"valueName\":\"search_term_string\"}}],\"inLanguage\":\"es\"},{\"@type\":\"Organization\",\"@id\":\"https:\\\/\\\/cmvsf2.org\\\/web\\\/#organization\",\"name\":\"Colegio De Veterinarios De Santa Fe 2da. Circunscripci\u00f3n\",\"url\":\"https:\\\/\\\/cmvsf2.org\\\/web\\\/\",\"logo\":{\"@type\":\"ImageObject\",\"inLanguage\":\"es\",\"@id\":\"https:\\\/\\\/cmvsf2.org\\\/web\\\/#\\\/schema\\\/logo\\\/image\\\/\",\"url\":\"http:\\\/\\\/cmvsf2.org\\\/web\\\/wp-content\\\/uploads\\\/2020\\\/03\\\/vector-logo-02.png\",\"contentUrl\":\"http:\\\/\\\/cmvsf2.org\\\/web\\\/wp-content\\\/uploads\\\/2020\\\/03\\\/vector-logo-02.png\",\"width\":2750,\"height\":642,\"caption\":\"Colegio De Veterinarios De Santa Fe 2da. Circunscripci\u00f3n\"},\"image\":{\"@id\":\"https:\\\/\\\/cmvsf2.org\\\/web\\\/#\\\/schema\\\/logo\\\/image\\\/\"}},{\"@type\":\"Person\",\"@id\":\"https:\\\/\\\/cmvsf2.org\\\/web\\\/#\\\/schema\\\/person\\\/46ea3630099a4a3df8d89f07cf5f7520\",\"name\":\"cmvsf2\",\"image\":{\"@type\":\"ImageObject\",\"inLanguage\":\"es\",\"@id\":\"https:\\\/\\\/secure.gravatar.com\\\/avatar\\\/669647b61c77f28f1aa51df04174a5ecb296e9988b4a93d2870666cd1f502cd7?s=96&d=mm&r=g\",\"url\":\"https:\\\/\\\/secure.gravatar.com\\\/avatar\\\/669647b61c77f28f1aa51df04174a5ecb296e9988b4a93d2870666cd1f502cd7?s=96&d=mm&r=g\",\"contentUrl\":\"https:\\\/\\\/secure.gravatar.com\\\/avatar\\\/669647b61c77f28f1aa51df04174a5ecb296e9988b4a93d2870666cd1f502cd7?s=96&d=mm&r=g\",\"caption\":\"cmvsf2\"}}]}<\/script>\n<!-- \/ Yoast SEO plugin. -->","yoast_head_json":{"title":"INFORMAMOS LOS VENCIMIENTOS DEL BIMESTRE MAYO\/JUNIO DE LA CUOTA DE MATRICULACI\u00d3N - Colegio De Veterinarios De Santa Fe 2da. Circunscripci\u00f3n","description":"El CMVSF2 comunica a todos\/as sus matriculados\/as que LOS VENCIMIENTOS DEL 3\u00b0 BIMESTRE (mayo\/junio) DE LA CUOTA DE MATRICULACI\u00d3N operar\u00e1n los d\u00edas","robots":{"index":"index","follow":"follow","max-snippet":"max-snippet:-1","max-image-preview":"max-image-preview:large","max-video-preview":"max-video-preview:-1"},"canonical":"https:\/\/cmvsf2.org\/web\/2020\/07\/07\/informacion-importante-sobre-el-pago-de-matriculas-2\/","og_locale":"es_ES","og_type":"article","og_title":"INFORMAMOS LOS VENCIMIENTOS DEL BIMESTRE MAYO\/JUNIO DE LA CUOTA DE MATRICULACI\u00d3N - Colegio De Veterinarios De Santa Fe 2da. Circunscripci\u00f3n","og_description":"El CMVSF2 comunica a todos\/as sus matriculados\/as que LOS VENCIMIENTOS DEL 3\u00b0 BIMESTRE (mayo\/junio) DE LA CUOTA DE MATRICULACI\u00d3N operar\u00e1n los d\u00edas","og_url":"https:\/\/cmvsf2.org\/web\/2020\/07\/07\/informacion-importante-sobre-el-pago-de-matriculas-2\/","og_site_name":"Colegio De Veterinarios De Santa Fe 2da. Circunscripci\u00f3n","article_published_time":"2020-07-07T14:24:35+00:00","og_image":[{"width":940,"height":788,"url":"https:\/\/cmvsf2.org\/web\/wp-content\/uploads\/2020\/06\/untitled-design-2.png","type":"image\/png"}],"author":"cmvsf2","twitter_card":"summary_large_image","twitter_misc":{"Escrito por":"cmvsf2","Tiempo de lectura":"1 minuto"},"schema":{"@context":"https:\/\/schema.org","@graph":[{"@type":"Article","@id":"https:\/\/cmvsf2.org\/web\/2020\/07\/07\/informacion-importante-sobre-el-pago-de-matriculas-2\/#article","isPartOf":{"@id":"https:\/\/cmvsf2.org\/web\/2020\/07\/07\/informacion-importante-sobre-el-pago-de-matriculas-2\/"},"author":{"name":"cmvsf2","@id":"https:\/\/cmvsf2.org\/web\/#\/schema\/person\/46ea3630099a4a3df8d89f07cf5f7520"},"headline":"INFORMAMOS LOS VENCIMIENTOS DEL BIMESTRE MAYO\/JUNIO DE LA CUOTA DE MATRICULACI\u00d3N","datePublished":"2020-07-07T14:24:35+00:00","mainEntityOfPage":{"@id":"https:\/\/cmvsf2.org\/web\/2020\/07\/07\/informacion-importante-sobre-el-pago-de-matriculas-2\/"},"wordCount":145,"commentCount":0,"publisher":{"@id":"https:\/\/cmvsf2.org\/web\/#organization"},"image":{"@id":"https:\/\/cmvsf2.org\/web\/2020\/07\/07\/informacion-importante-sobre-el-pago-de-matriculas-2\/#primaryimage"},"thumbnailUrl":"https:\/\/cmvsf2.org\/web\/wp-content\/uploads\/2020\/06\/untitled-design-2.png","keywords":["CORONAVIRUS","matricula","mayo\/junio","pago de matr\u00edcula","vencimiento"],"articleSection":["Destacada","Institucionales"],"inLanguage":"es"},{"@type":"WebPage","@id":"https:\/\/cmvsf2.org\/web\/2020\/07\/07\/informacion-importante-sobre-el-pago-de-matriculas-2\/","url":"https:\/\/cmvsf2.org\/web\/2020\/07\/07\/informacion-importante-sobre-el-pago-de-matriculas-2\/","name":"INFORMAMOS LOS VENCIMIENTOS DEL BIMESTRE MAYO\/JUNIO DE LA CUOTA DE MATRICULACI\u00d3N - Colegio De Veterinarios De Santa Fe 2da. Circunscripci\u00f3n","isPartOf":{"@id":"https:\/\/cmvsf2.org\/web\/#website"},"primaryImageOfPage":{"@id":"https:\/\/cmvsf2.org\/web\/2020\/07\/07\/informacion-importante-sobre-el-pago-de-matriculas-2\/#primaryimage"},"image":{"@id":"https:\/\/cmvsf2.org\/web\/2020\/07\/07\/informacion-importante-sobre-el-pago-de-matriculas-2\/#primaryimage"},"thumbnailUrl":"https:\/\/cmvsf2.org\/web\/wp-content\/uploads\/2020\/06\/untitled-design-2.png","datePublished":"2020-07-07T14:24:35+00:00","description":"El CMVSF2 comunica a todos\/as sus matriculados\/as que LOS VENCIMIENTOS DEL 3\u00b0 BIMESTRE (mayo\/junio) DE LA CUOTA DE MATRICULACI\u00d3N operar\u00e1n los d\u00edas","breadcrumb":{"@id":"https:\/\/cmvsf2.org\/web\/2020\/07\/07\/informacion-importante-sobre-el-pago-de-matriculas-2\/#breadcrumb"},"inLanguage":"es","potentialAction":[{"@type":"ReadAction","target":["https:\/\/cmvsf2.org\/web\/2020\/07\/07\/informacion-importante-sobre-el-pago-de-matriculas-2\/"]}]},{"@type":"ImageObject","inLanguage":"es","@id":"https:\/\/cmvsf2.org\/web\/2020\/07\/07\/informacion-importante-sobre-el-pago-de-matriculas-2\/#primaryimage","url":"https:\/\/cmvsf2.org\/web\/wp-content\/uploads\/2020\/06\/untitled-design-2.png","contentUrl":"https:\/\/cmvsf2.org\/web\/wp-content\/uploads\/2020\/06\/untitled-design-2.png","width":940,"height":788},{"@type":"BreadcrumbList","@id":"https:\/\/cmvsf2.org\/web\/2020\/07\/07\/informacion-importante-sobre-el-pago-de-matriculas-2\/#breadcrumb","itemListElement":[{"@type":"ListItem","position":1,"name":"Portada","item":"https:\/\/cmvsf2.org\/web\/"},{"@type":"ListItem","position":2,"name":"INFORMAMOS LOS VENCIMIENTOS DEL BIMESTRE MAYO\/JUNIO DE LA CUOTA DE MATRICULACI\u00d3N"}]},{"@type":"WebSite","@id":"https:\/\/cmvsf2.org\/web\/#website","url":"https:\/\/cmvsf2.org\/web\/","name":"Colegio De Veterinarios De Santa Fe 2da. Circunscripci\u00f3n","description":"Sitio institucional del Colegio de M\u00e9dicos Veterinario de Santa Fe 2da. Circunscripci\u00f3n","publisher":{"@id":"https:\/\/cmvsf2.org\/web\/#organization"},"potentialAction":[{"@type":"SearchAction","target":{"@type":"EntryPoint","urlTemplate":"https:\/\/cmvsf2.org\/web\/?s={search_term_string}"},"query-input":{"@type":"PropertyValueSpecification","valueRequired":true,"valueName":"search_term_string"}}],"inLanguage":"es"},{"@type":"Organization","@id":"https:\/\/cmvsf2.org\/web\/#organization","name":"Colegio De Veterinarios De Santa Fe 2da. Circunscripci\u00f3n","url":"https:\/\/cmvsf2.org\/web\/","logo":{"@type":"ImageObject","inLanguage":"es","@id":"https:\/\/cmvsf2.org\/web\/#\/schema\/logo\/image\/","url":"http:\/\/cmvsf2.org\/web\/wp-content\/uploads\/2020\/03\/vector-logo-02.png","contentUrl":"http:\/\/cmvsf2.org\/web\/wp-content\/uploads\/2020\/03\/vector-logo-02.png","width":2750,"height":642,"caption":"Colegio De Veterinarios De Santa Fe 2da. Circunscripci\u00f3n"},"image":{"@id":"https:\/\/cmvsf2.org\/web\/#\/schema\/logo\/image\/"}},{"@type":"Person","@id":"https:\/\/cmvsf2.org\/web\/#\/schema\/person\/46ea3630099a4a3df8d89f07cf5f7520","name":"cmvsf2","image":{"@type":"ImageObject","inLanguage":"es","@id":"https:\/\/secure.gravatar.com\/avatar\/669647b61c77f28f1aa51df04174a5ecb296e9988b4a93d2870666cd1f502cd7?s=96&d=mm&r=g","url":"https:\/\/secure.gravatar.com\/avatar\/669647b61c77f28f1aa51df04174a5ecb296e9988b4a93d2870666cd1f502cd7?s=96&d=mm&r=g","contentUrl":"https:\/\/secure.gravatar.com\/avatar\/669647b61c77f28f1aa51df04174a5ecb296e9988b4a93d2870666cd1f502cd7?s=96&d=mm&r=g","caption":"cmvsf2"}}]}},"_links":{"self":[{"href":"https:\/\/cmvsf2.org\/web\/wp-json\/wp\/v2\/posts\/6696","targetHints":{"allow":["GET"]}}],"collection":[{"href":"https:\/\/cmvsf2.org\/web\/wp-json\/wp\/v2\/posts"}],"about":[{"href":"https:\/\/cmvsf2.org\/web\/wp-json\/wp\/v2\/types\/post"}],"author":[{"embeddable":true,"href":"https:\/\/cmvsf2.org\/web\/wp-json\/wp\/v2\/users\/3"}],"replies":[{"embeddable":true,"href":"https:\/\/cmvsf2.org\/web\/wp-json\/wp\/v2\/comments?post=6696"}],"version-history":[{"count":0,"href":"https:\/\/cmvsf2.org\/web\/wp-json\/wp\/v2\/posts\/6696\/revisions"}],"wp:featuredmedia":[{"embeddable":true,"href":"https:\/\/cmvsf2.org\/web\/wp-json\/wp\/v2\/media\/6661"}],"wp:attachment":[{"href":"https:\/\/cmvsf2.org\/web\/wp-json\/wp\/v2\/media?parent=6696"}],"wp:term":[{"taxonomy":"category","embeddable":true,"href":"https:\/\/cmvsf2.org\/web\/wp-json\/wp\/v2\/categories?post=6696"},{"taxonomy":"post_tag","embeddable":true,"href":"https:\/\/cmvsf2.org\/web\/wp-json\/wp\/v2\/tags?post=6696"}],"curies":[{"name":"wp","href":"https:\/\/api.w.org\/{rel}","templated":true}]}}