{"id":6678,"date":"2020-06-19T13:38:07","date_gmt":"2020-06-19T13:38:07","guid":{"rendered":"http:\/\/cmvsf2.org\/web\/?p=6678"},"modified":"2020-06-19T13:38:07","modified_gmt":"2020-06-19T13:38:07","slug":"se-entregaran-certificados-los-dias-lunes-miercoles-y-viernes-2-2","status":"publish","type":"post","link":"https:\/\/cmvsf2.org\/web\/2020\/06\/19\/se-entregaran-certificados-los-dias-lunes-miercoles-y-viernes-2-2\/","title":{"rendered":"El CMVSF2 retomar\u00e1 la atenci\u00f3n al p\u00fablico de acuerdo a las autorizaciones vigentes"},"content":{"rendered":"<p>La Mesa Directiva del CMVSF2 se complace en informar que a partir del pr\u00f3ximo lunes 22 de junio, se retomar\u00e1 la atenci\u00f3n al p\u00fablico de lunes a viernes de 10 a 15 horas, para todo tipo de tr\u00e1mites, siempre y cuando las y los interesados hayan consignado un<em><u> TURNO PREVIO.<\/u><\/em><\/p>\n<p>La modalidad de atenci\u00f3n ser\u00e1 de una persona por vez que haya solicitado un turno previamente a trav\u00e9s del mail col.veterinariostafe2@gmail.com<\/p>\n<p>En tanto, la entrega de Formularios Oficiales para Certificaci\u00f3n de Pr\u00e1cticas Profesionales continuar\u00e1 haci\u00e9ndose con 24 horas de antelaci\u00f3n, ampliando los d\u00edas de entrega a todos los d\u00edas de la semana.<\/p>\n<p>A ra\u00edz de varias consultas, aclaramos que volver\u00e1n a recibirse pagos en el Colegio, tr\u00e1mite que estuvo suspendido durante las fases anteriores de la Cuarentena Obligatoria por Covid19.<\/p>\n<ul>\n<li>Por favor, asistir con barbijo.<\/li>\n<li>Si usted no realiz\u00f3 ning\u00fan pedido de certificado o no tiene turno, por favor no se acerque a la instituci\u00f3n.<\/li>\n<li>Si usted posee alg\u00fan s\u00edntoma de Covid-19 o estuvo en contacto con personas que tienen s\u00edntomas o confirmaci\u00f3n de la enfermedad, por favor,\u00a0env\u00ede a otra persona a retirar la documentaci\u00f3n.<\/li>\n<li>S\u00f3lo podr\u00e1 ingresar al Colegio una persona por vez, por lo que, en caso de tener que esperar para ser atendido\/a, le pedimos aguardar en la vereda manteniendo el distanciamiento social obligatorio.<\/li>\n<\/ul>\n<p><strong>CONTINUAREMOS INFORMANDO LOS CAMBIOS QUE PUEDAN PRODUCIRSE TAL COMO LO HEMOS HECHO HASTA AHORA.<\/strong><\/p>\n","protected":false},"excerpt":{"rendered":"<p>La Mesa Directiva del CMVSF2 se complace en informar que a partir del pr\u00f3ximo lunes 22 de junio, se retomar\u00e1 la atenci\u00f3n al p\u00fablico de lunes a viernes de 10 a 15 horas, para todo tipo de tr\u00e1mites, siempre y cuando las y los interesados hayan consignado un TURNO PREVIO. La modalidad de atenci\u00f3n ser\u00e1 de una persona por vez que haya solicitado un [&hellip;]<\/p>\n","protected":false},"author":3,"featured_media":6699,"comment_status":"open","ping_status":"open","sticky":false,"template":"","format":"standard","meta":{"_acf_changed":false,"footnotes":""},"categories":[343,345],"tags":[437,419,412,438,445],"class_list":["post-6678","post","type-post","status-publish","format-standard","has-post-thumbnail","hentry","category-destacada","category-institucionales","tag-atencion-reducida","tag-certificados","tag-covid19","tag-entrega-de-certificados","tag-formularios-oficiales-para-certificacion-de-practicas-profesionales"],"acf":[],"yoast_head":"<!-- This site is optimized with the Yoast SEO plugin v28.2 - https:\/\/yoast.com\/product\/yoast-seo-wordpress\/ -->\n<title>El CMVSF2 retomar\u00e1 la atenci\u00f3n al p\u00fablico de acuerdo a las autorizaciones vigentes - Colegio De Veterinarios De Santa Fe 2da. Circunscripci\u00f3n<\/title>\n<meta name=\"description\" content=\"La Mesa Directiva del CMVSF2 se complace en informar que a partir del pr\u00f3ximo lunes 22 de junio, se retomar\u00e1 la atenci\u00f3n al p\u00fablico de lunes a viernes de\" \/>\n<meta name=\"robots\" content=\"index, follow, max-snippet:-1, max-image-preview:large, max-video-preview:-1\" \/>\n<link rel=\"canonical\" href=\"https:\/\/cmvsf2.org\/web\/2020\/06\/19\/se-entregaran-certificados-los-dias-lunes-miercoles-y-viernes-2-2\/\" \/>\n<meta property=\"og:locale\" content=\"es_ES\" \/>\n<meta property=\"og:type\" content=\"article\" \/>\n<meta property=\"og:title\" content=\"El CMVSF2 retomar\u00e1 la atenci\u00f3n al p\u00fablico de acuerdo a las autorizaciones vigentes - Colegio De Veterinarios De Santa Fe 2da. Circunscripci\u00f3n\" \/>\n<meta property=\"og:description\" content=\"La Mesa Directiva del CMVSF2 se complace en informar que a partir del pr\u00f3ximo lunes 22 de junio, se retomar\u00e1 la atenci\u00f3n al p\u00fablico de lunes a viernes de\" \/>\n<meta property=\"og:url\" content=\"https:\/\/cmvsf2.org\/web\/2020\/06\/19\/se-entregaran-certificados-los-dias-lunes-miercoles-y-viernes-2-2\/\" \/>\n<meta property=\"og:site_name\" content=\"Colegio De Veterinarios De Santa Fe 2da. Circunscripci\u00f3n\" \/>\n<meta property=\"article:published_time\" content=\"2020-06-19T13:38:07+00:00\" \/>\n<meta property=\"og:image\" content=\"https:\/\/cmvsf2.org\/web\/wp-content\/uploads\/2020\/06\/aviso-cmvsf2-4.png\" \/>\n\t<meta property=\"og:image:width\" content=\"1080\" \/>\n\t<meta property=\"og:image:height\" content=\"1080\" \/>\n\t<meta property=\"og:image:type\" content=\"image\/png\" \/>\n<meta name=\"author\" content=\"cmvsf2\" \/>\n<meta name=\"twitter:card\" content=\"summary_large_image\" \/>\n<meta name=\"twitter:label1\" content=\"Escrito por\" \/>\n\t<meta name=\"twitter:data1\" content=\"cmvsf2\" \/>\n\t<meta name=\"twitter:label2\" content=\"Tiempo de lectura\" \/>\n\t<meta name=\"twitter:data2\" content=\"1 minuto\" \/>\n<script type=\"application\/ld+json\" class=\"yoast-schema-graph\">{\"@context\":\"https:\\\/\\\/schema.org\",\"@graph\":[{\"@type\":\"Article\",\"@id\":\"https:\\\/\\\/cmvsf2.org\\\/web\\\/2020\\\/06\\\/19\\\/se-entregaran-certificados-los-dias-lunes-miercoles-y-viernes-2-2\\\/#article\",\"isPartOf\":{\"@id\":\"https:\\\/\\\/cmvsf2.org\\\/web\\\/2020\\\/06\\\/19\\\/se-entregaran-certificados-los-dias-lunes-miercoles-y-viernes-2-2\\\/\"},\"author\":{\"name\":\"cmvsf2\",\"@id\":\"https:\\\/\\\/cmvsf2.org\\\/web\\\/#\\\/schema\\\/person\\\/46ea3630099a4a3df8d89f07cf5f7520\"},\"headline\":\"El CMVSF2 retomar\u00e1 la atenci\u00f3n al p\u00fablico de acuerdo a las autorizaciones vigentes\",\"datePublished\":\"2020-06-19T13:38:07+00:00\",\"mainEntityOfPage\":{\"@id\":\"https:\\\/\\\/cmvsf2.org\\\/web\\\/2020\\\/06\\\/19\\\/se-entregaran-certificados-los-dias-lunes-miercoles-y-viernes-2-2\\\/\"},\"wordCount\":271,\"commentCount\":0,\"publisher\":{\"@id\":\"https:\\\/\\\/cmvsf2.org\\\/web\\\/#organization\"},\"image\":{\"@id\":\"https:\\\/\\\/cmvsf2.org\\\/web\\\/2020\\\/06\\\/19\\\/se-entregaran-certificados-los-dias-lunes-miercoles-y-viernes-2-2\\\/#primaryimage\"},\"thumbnailUrl\":\"https:\\\/\\\/cmvsf2.org\\\/web\\\/wp-content\\\/uploads\\\/2020\\\/06\\\/aviso-cmvsf2-4.png\",\"keywords\":[\"atenci\u00f3n reducida\",\"certificados\",\"covid19\",\"entrega de certificados\",\"Formularios Oficiales para Certificaci\u00f3n de Pr\u00e1cticas Profesionales\"],\"articleSection\":[\"Destacada\",\"Institucionales\"],\"inLanguage\":\"es\"},{\"@type\":\"WebPage\",\"@id\":\"https:\\\/\\\/cmvsf2.org\\\/web\\\/2020\\\/06\\\/19\\\/se-entregaran-certificados-los-dias-lunes-miercoles-y-viernes-2-2\\\/\",\"url\":\"https:\\\/\\\/cmvsf2.org\\\/web\\\/2020\\\/06\\\/19\\\/se-entregaran-certificados-los-dias-lunes-miercoles-y-viernes-2-2\\\/\",\"name\":\"El CMVSF2 retomar\u00e1 la atenci\u00f3n al p\u00fablico de acuerdo a las autorizaciones vigentes - Colegio De Veterinarios De Santa Fe 2da. Circunscripci\u00f3n\",\"isPartOf\":{\"@id\":\"https:\\\/\\\/cmvsf2.org\\\/web\\\/#website\"},\"primaryImageOfPage\":{\"@id\":\"https:\\\/\\\/cmvsf2.org\\\/web\\\/2020\\\/06\\\/19\\\/se-entregaran-certificados-los-dias-lunes-miercoles-y-viernes-2-2\\\/#primaryimage\"},\"image\":{\"@id\":\"https:\\\/\\\/cmvsf2.org\\\/web\\\/2020\\\/06\\\/19\\\/se-entregaran-certificados-los-dias-lunes-miercoles-y-viernes-2-2\\\/#primaryimage\"},\"thumbnailUrl\":\"https:\\\/\\\/cmvsf2.org\\\/web\\\/wp-content\\\/uploads\\\/2020\\\/06\\\/aviso-cmvsf2-4.png\",\"datePublished\":\"2020-06-19T13:38:07+00:00\",\"description\":\"La Mesa Directiva del CMVSF2 se complace en informar que a partir del pr\u00f3ximo lunes 22 de junio, se retomar\u00e1 la atenci\u00f3n al p\u00fablico de lunes a viernes de\",\"breadcrumb\":{\"@id\":\"https:\\\/\\\/cmvsf2.org\\\/web\\\/2020\\\/06\\\/19\\\/se-entregaran-certificados-los-dias-lunes-miercoles-y-viernes-2-2\\\/#breadcrumb\"},\"inLanguage\":\"es\",\"potentialAction\":[{\"@type\":\"ReadAction\",\"target\":[\"https:\\\/\\\/cmvsf2.org\\\/web\\\/2020\\\/06\\\/19\\\/se-entregaran-certificados-los-dias-lunes-miercoles-y-viernes-2-2\\\/\"]}]},{\"@type\":\"ImageObject\",\"inLanguage\":\"es\",\"@id\":\"https:\\\/\\\/cmvsf2.org\\\/web\\\/2020\\\/06\\\/19\\\/se-entregaran-certificados-los-dias-lunes-miercoles-y-viernes-2-2\\\/#primaryimage\",\"url\":\"https:\\\/\\\/cmvsf2.org\\\/web\\\/wp-content\\\/uploads\\\/2020\\\/06\\\/aviso-cmvsf2-4.png\",\"contentUrl\":\"https:\\\/\\\/cmvsf2.org\\\/web\\\/wp-content\\\/uploads\\\/2020\\\/06\\\/aviso-cmvsf2-4.png\",\"width\":1080,\"height\":1080},{\"@type\":\"BreadcrumbList\",\"@id\":\"https:\\\/\\\/cmvsf2.org\\\/web\\\/2020\\\/06\\\/19\\\/se-entregaran-certificados-los-dias-lunes-miercoles-y-viernes-2-2\\\/#breadcrumb\",\"itemListElement\":[{\"@type\":\"ListItem\",\"position\":1,\"name\":\"Portada\",\"item\":\"https:\\\/\\\/cmvsf2.org\\\/web\\\/\"},{\"@type\":\"ListItem\",\"position\":2,\"name\":\"El CMVSF2 retomar\u00e1 la atenci\u00f3n al p\u00fablico de acuerdo a las autorizaciones vigentes\"}]},{\"@type\":\"WebSite\",\"@id\":\"https:\\\/\\\/cmvsf2.org\\\/web\\\/#website\",\"url\":\"https:\\\/\\\/cmvsf2.org\\\/web\\\/\",\"name\":\"Colegio De Veterinarios De Santa Fe 2da. Circunscripci\u00f3n\",\"description\":\"Sitio institucional del Colegio de M\u00e9dicos Veterinario de Santa Fe 2da. Circunscripci\u00f3n\",\"publisher\":{\"@id\":\"https:\\\/\\\/cmvsf2.org\\\/web\\\/#organization\"},\"potentialAction\":[{\"@type\":\"SearchAction\",\"target\":{\"@type\":\"EntryPoint\",\"urlTemplate\":\"https:\\\/\\\/cmvsf2.org\\\/web\\\/?s={search_term_string}\"},\"query-input\":{\"@type\":\"PropertyValueSpecification\",\"valueRequired\":true,\"valueName\":\"search_term_string\"}}],\"inLanguage\":\"es\"},{\"@type\":\"Organization\",\"@id\":\"https:\\\/\\\/cmvsf2.org\\\/web\\\/#organization\",\"name\":\"Colegio De Veterinarios De Santa Fe 2da. Circunscripci\u00f3n\",\"url\":\"https:\\\/\\\/cmvsf2.org\\\/web\\\/\",\"logo\":{\"@type\":\"ImageObject\",\"inLanguage\":\"es\",\"@id\":\"https:\\\/\\\/cmvsf2.org\\\/web\\\/#\\\/schema\\\/logo\\\/image\\\/\",\"url\":\"http:\\\/\\\/cmvsf2.org\\\/web\\\/wp-content\\\/uploads\\\/2020\\\/03\\\/vector-logo-02.png\",\"contentUrl\":\"http:\\\/\\\/cmvsf2.org\\\/web\\\/wp-content\\\/uploads\\\/2020\\\/03\\\/vector-logo-02.png\",\"width\":2750,\"height\":642,\"caption\":\"Colegio De Veterinarios De Santa Fe 2da. Circunscripci\u00f3n\"},\"image\":{\"@id\":\"https:\\\/\\\/cmvsf2.org\\\/web\\\/#\\\/schema\\\/logo\\\/image\\\/\"}},{\"@type\":\"Person\",\"@id\":\"https:\\\/\\\/cmvsf2.org\\\/web\\\/#\\\/schema\\\/person\\\/46ea3630099a4a3df8d89f07cf5f7520\",\"name\":\"cmvsf2\",\"image\":{\"@type\":\"ImageObject\",\"inLanguage\":\"es\",\"@id\":\"https:\\\/\\\/secure.gravatar.com\\\/avatar\\\/669647b61c77f28f1aa51df04174a5ecb296e9988b4a93d2870666cd1f502cd7?s=96&d=mm&r=g\",\"url\":\"https:\\\/\\\/secure.gravatar.com\\\/avatar\\\/669647b61c77f28f1aa51df04174a5ecb296e9988b4a93d2870666cd1f502cd7?s=96&d=mm&r=g\",\"contentUrl\":\"https:\\\/\\\/secure.gravatar.com\\\/avatar\\\/669647b61c77f28f1aa51df04174a5ecb296e9988b4a93d2870666cd1f502cd7?s=96&d=mm&r=g\",\"caption\":\"cmvsf2\"}}]}<\/script>\n<!-- \/ Yoast SEO plugin. -->","yoast_head_json":{"title":"El CMVSF2 retomar\u00e1 la atenci\u00f3n al p\u00fablico de acuerdo a las autorizaciones vigentes - Colegio De Veterinarios De Santa Fe 2da. Circunscripci\u00f3n","description":"La Mesa Directiva del CMVSF2 se complace en informar que a partir del pr\u00f3ximo lunes 22 de junio, se retomar\u00e1 la atenci\u00f3n al p\u00fablico de lunes a viernes de","robots":{"index":"index","follow":"follow","max-snippet":"max-snippet:-1","max-image-preview":"max-image-preview:large","max-video-preview":"max-video-preview:-1"},"canonical":"https:\/\/cmvsf2.org\/web\/2020\/06\/19\/se-entregaran-certificados-los-dias-lunes-miercoles-y-viernes-2-2\/","og_locale":"es_ES","og_type":"article","og_title":"El CMVSF2 retomar\u00e1 la atenci\u00f3n al p\u00fablico de acuerdo a las autorizaciones vigentes - Colegio De Veterinarios De Santa Fe 2da. Circunscripci\u00f3n","og_description":"La Mesa Directiva del CMVSF2 se complace en informar que a partir del pr\u00f3ximo lunes 22 de junio, se retomar\u00e1 la atenci\u00f3n al p\u00fablico de lunes a viernes de","og_url":"https:\/\/cmvsf2.org\/web\/2020\/06\/19\/se-entregaran-certificados-los-dias-lunes-miercoles-y-viernes-2-2\/","og_site_name":"Colegio De Veterinarios De Santa Fe 2da. Circunscripci\u00f3n","article_published_time":"2020-06-19T13:38:07+00:00","og_image":[{"width":1080,"height":1080,"url":"https:\/\/cmvsf2.org\/web\/wp-content\/uploads\/2020\/06\/aviso-cmvsf2-4.png","type":"image\/png"}],"author":"cmvsf2","twitter_card":"summary_large_image","twitter_misc":{"Escrito por":"cmvsf2","Tiempo de lectura":"1 minuto"},"schema":{"@context":"https:\/\/schema.org","@graph":[{"@type":"Article","@id":"https:\/\/cmvsf2.org\/web\/2020\/06\/19\/se-entregaran-certificados-los-dias-lunes-miercoles-y-viernes-2-2\/#article","isPartOf":{"@id":"https:\/\/cmvsf2.org\/web\/2020\/06\/19\/se-entregaran-certificados-los-dias-lunes-miercoles-y-viernes-2-2\/"},"author":{"name":"cmvsf2","@id":"https:\/\/cmvsf2.org\/web\/#\/schema\/person\/46ea3630099a4a3df8d89f07cf5f7520"},"headline":"El CMVSF2 retomar\u00e1 la atenci\u00f3n al p\u00fablico de acuerdo a las autorizaciones vigentes","datePublished":"2020-06-19T13:38:07+00:00","mainEntityOfPage":{"@id":"https:\/\/cmvsf2.org\/web\/2020\/06\/19\/se-entregaran-certificados-los-dias-lunes-miercoles-y-viernes-2-2\/"},"wordCount":271,"commentCount":0,"publisher":{"@id":"https:\/\/cmvsf2.org\/web\/#organization"},"image":{"@id":"https:\/\/cmvsf2.org\/web\/2020\/06\/19\/se-entregaran-certificados-los-dias-lunes-miercoles-y-viernes-2-2\/#primaryimage"},"thumbnailUrl":"https:\/\/cmvsf2.org\/web\/wp-content\/uploads\/2020\/06\/aviso-cmvsf2-4.png","keywords":["atenci\u00f3n reducida","certificados","covid19","entrega de certificados","Formularios Oficiales para Certificaci\u00f3n de Pr\u00e1cticas Profesionales"],"articleSection":["Destacada","Institucionales"],"inLanguage":"es"},{"@type":"WebPage","@id":"https:\/\/cmvsf2.org\/web\/2020\/06\/19\/se-entregaran-certificados-los-dias-lunes-miercoles-y-viernes-2-2\/","url":"https:\/\/cmvsf2.org\/web\/2020\/06\/19\/se-entregaran-certificados-los-dias-lunes-miercoles-y-viernes-2-2\/","name":"El CMVSF2 retomar\u00e1 la atenci\u00f3n al p\u00fablico de acuerdo a las autorizaciones vigentes - Colegio De Veterinarios De Santa Fe 2da. Circunscripci\u00f3n","isPartOf":{"@id":"https:\/\/cmvsf2.org\/web\/#website"},"primaryImageOfPage":{"@id":"https:\/\/cmvsf2.org\/web\/2020\/06\/19\/se-entregaran-certificados-los-dias-lunes-miercoles-y-viernes-2-2\/#primaryimage"},"image":{"@id":"https:\/\/cmvsf2.org\/web\/2020\/06\/19\/se-entregaran-certificados-los-dias-lunes-miercoles-y-viernes-2-2\/#primaryimage"},"thumbnailUrl":"https:\/\/cmvsf2.org\/web\/wp-content\/uploads\/2020\/06\/aviso-cmvsf2-4.png","datePublished":"2020-06-19T13:38:07+00:00","description":"La Mesa Directiva del CMVSF2 se complace en informar que a partir del pr\u00f3ximo lunes 22 de junio, se retomar\u00e1 la atenci\u00f3n al p\u00fablico de lunes a viernes de","breadcrumb":{"@id":"https:\/\/cmvsf2.org\/web\/2020\/06\/19\/se-entregaran-certificados-los-dias-lunes-miercoles-y-viernes-2-2\/#breadcrumb"},"inLanguage":"es","potentialAction":[{"@type":"ReadAction","target":["https:\/\/cmvsf2.org\/web\/2020\/06\/19\/se-entregaran-certificados-los-dias-lunes-miercoles-y-viernes-2-2\/"]}]},{"@type":"ImageObject","inLanguage":"es","@id":"https:\/\/cmvsf2.org\/web\/2020\/06\/19\/se-entregaran-certificados-los-dias-lunes-miercoles-y-viernes-2-2\/#primaryimage","url":"https:\/\/cmvsf2.org\/web\/wp-content\/uploads\/2020\/06\/aviso-cmvsf2-4.png","contentUrl":"https:\/\/cmvsf2.org\/web\/wp-content\/uploads\/2020\/06\/aviso-cmvsf2-4.png","width":1080,"height":1080},{"@type":"BreadcrumbList","@id":"https:\/\/cmvsf2.org\/web\/2020\/06\/19\/se-entregaran-certificados-los-dias-lunes-miercoles-y-viernes-2-2\/#breadcrumb","itemListElement":[{"@type":"ListItem","position":1,"name":"Portada","item":"https:\/\/cmvsf2.org\/web\/"},{"@type":"ListItem","position":2,"name":"El CMVSF2 retomar\u00e1 la atenci\u00f3n al p\u00fablico de acuerdo a las autorizaciones vigentes"}]},{"@type":"WebSite","@id":"https:\/\/cmvsf2.org\/web\/#website","url":"https:\/\/cmvsf2.org\/web\/","name":"Colegio De Veterinarios De Santa Fe 2da. Circunscripci\u00f3n","description":"Sitio institucional del Colegio de M\u00e9dicos Veterinario de Santa Fe 2da. Circunscripci\u00f3n","publisher":{"@id":"https:\/\/cmvsf2.org\/web\/#organization"},"potentialAction":[{"@type":"SearchAction","target":{"@type":"EntryPoint","urlTemplate":"https:\/\/cmvsf2.org\/web\/?s={search_term_string}"},"query-input":{"@type":"PropertyValueSpecification","valueRequired":true,"valueName":"search_term_string"}}],"inLanguage":"es"},{"@type":"Organization","@id":"https:\/\/cmvsf2.org\/web\/#organization","name":"Colegio De Veterinarios De Santa Fe 2da. Circunscripci\u00f3n","url":"https:\/\/cmvsf2.org\/web\/","logo":{"@type":"ImageObject","inLanguage":"es","@id":"https:\/\/cmvsf2.org\/web\/#\/schema\/logo\/image\/","url":"http:\/\/cmvsf2.org\/web\/wp-content\/uploads\/2020\/03\/vector-logo-02.png","contentUrl":"http:\/\/cmvsf2.org\/web\/wp-content\/uploads\/2020\/03\/vector-logo-02.png","width":2750,"height":642,"caption":"Colegio De Veterinarios De Santa Fe 2da. Circunscripci\u00f3n"},"image":{"@id":"https:\/\/cmvsf2.org\/web\/#\/schema\/logo\/image\/"}},{"@type":"Person","@id":"https:\/\/cmvsf2.org\/web\/#\/schema\/person\/46ea3630099a4a3df8d89f07cf5f7520","name":"cmvsf2","image":{"@type":"ImageObject","inLanguage":"es","@id":"https:\/\/secure.gravatar.com\/avatar\/669647b61c77f28f1aa51df04174a5ecb296e9988b4a93d2870666cd1f502cd7?s=96&d=mm&r=g","url":"https:\/\/secure.gravatar.com\/avatar\/669647b61c77f28f1aa51df04174a5ecb296e9988b4a93d2870666cd1f502cd7?s=96&d=mm&r=g","contentUrl":"https:\/\/secure.gravatar.com\/avatar\/669647b61c77f28f1aa51df04174a5ecb296e9988b4a93d2870666cd1f502cd7?s=96&d=mm&r=g","caption":"cmvsf2"}}]}},"_links":{"self":[{"href":"https:\/\/cmvsf2.org\/web\/wp-json\/wp\/v2\/posts\/6678","targetHints":{"allow":["GET"]}}],"collection":[{"href":"https:\/\/cmvsf2.org\/web\/wp-json\/wp\/v2\/posts"}],"about":[{"href":"https:\/\/cmvsf2.org\/web\/wp-json\/wp\/v2\/types\/post"}],"author":[{"embeddable":true,"href":"https:\/\/cmvsf2.org\/web\/wp-json\/wp\/v2\/users\/3"}],"replies":[{"embeddable":true,"href":"https:\/\/cmvsf2.org\/web\/wp-json\/wp\/v2\/comments?post=6678"}],"version-history":[{"count":0,"href":"https:\/\/cmvsf2.org\/web\/wp-json\/wp\/v2\/posts\/6678\/revisions"}],"wp:featuredmedia":[{"embeddable":true,"href":"https:\/\/cmvsf2.org\/web\/wp-json\/wp\/v2\/media\/6699"}],"wp:attachment":[{"href":"https:\/\/cmvsf2.org\/web\/wp-json\/wp\/v2\/media?parent=6678"}],"wp:term":[{"taxonomy":"category","embeddable":true,"href":"https:\/\/cmvsf2.org\/web\/wp-json\/wp\/v2\/categories?post=6678"},{"taxonomy":"post_tag","embeddable":true,"href":"https:\/\/cmvsf2.org\/web\/wp-json\/wp\/v2\/tags?post=6678"}],"curies":[{"name":"wp","href":"https:\/\/api.w.org\/{rel}","templated":true}]}}