{"id":6533,"date":"2020-04-06T14:51:21","date_gmt":"2020-04-06T14:51:21","guid":{"rendered":"http:\/\/sessionstudio.ar\/vet\/web\/?p=6533"},"modified":"2020-04-06T14:51:21","modified_gmt":"2020-04-06T14:51:21","slug":"iii-comunicado-del-cmvsf2-por-covid19","status":"publish","type":"post","link":"https:\/\/cmvsf2.org\/web\/2020\/04\/06\/iii-comunicado-del-cmvsf2-por-covid19\/","title":{"rendered":"III COMUNICADO DEL CMVSF2 POR COVID19"},"content":{"rendered":"<p>El CMVSF2 comunica a todos sus matriculados\/as que, en espera de las medidas que se anunciar\u00e1n antes del 13\/04\/2020 con relaci\u00f3n a la cuarentena obligatoria decretada por el Gobierno Nacional, ha decidido <em><strong>postergar la fecha de vencimiento del 2\u00b0 bimestre de 2020 que operaba para fines del mes de abril.<\/strong><\/em><br \/>\nEl Colegio seguir\u00e1 cerrado en la atenci\u00f3n al p\u00fablico por lo cual deber\u00e1n comunicarse por cualquier necesidad a los siguientes correos electr\u00f3nicos: <a href=\"mailto:col.veterinariostafe@gmail.com\">col.veterinariostafe@gmail.com<\/a> \/ <a href=\"mailto:tesorer\u00eda@cmvsf2.org\">tesorer\u00eda@cmvsf2.org<\/a><br \/>\nSeguimos en contacto,<br \/>\nLA MESA DIRECTIVA<\/p>\n","protected":false},"excerpt":{"rendered":"<p>El CMVSF2 comunica a todos sus matriculados\/as que, en espera de las medidas que se anunciar\u00e1n antes del 13\/04\/2020 con relaci\u00f3n a la cuarentena obligatoria decretada por el Gobierno Nacional, ha decidido postergar la fecha de vencimiento del 2\u00b0 bimestre de 2020 que operaba para fines del mes de abril. El Colegio seguir\u00e1 cerrado en la atenci\u00f3n al p\u00fablico por lo cual deber\u00e1n comunicarse [&hellip;]<\/p>\n","protected":false},"author":3,"featured_media":6215,"comment_status":"open","ping_status":"open","sticky":false,"template":"","format":"standard","meta":{"_acf_changed":false,"footnotes":""},"categories":[345],"tags":[],"class_list":["post-6533","post","type-post","status-publish","format-standard","has-post-thumbnail","hentry","category-institucionales"],"acf":[],"yoast_head":"<!-- This site is optimized with the Yoast SEO plugin v28.2 - https:\/\/yoast.com\/product\/yoast-seo-wordpress\/ -->\n<title>III COMUNICADO DEL CMVSF2 POR COVID19 - Colegio De Veterinarios De Santa Fe 2da. Circunscripci\u00f3n<\/title>\n<meta name=\"description\" content=\"El CMVSF2 comunica a todos sus matriculados\/as que, en espera de las medidas que se anunciar\u00e1n antes del 13\/04\/2020 con relaci\u00f3n a la cuarentena\" \/>\n<meta name=\"robots\" content=\"index, follow, max-snippet:-1, max-image-preview:large, max-video-preview:-1\" \/>\n<link rel=\"canonical\" href=\"https:\/\/cmvsf2.org\/web\/2020\/04\/06\/iii-comunicado-del-cmvsf2-por-covid19\/\" \/>\n<meta property=\"og:locale\" content=\"es_ES\" \/>\n<meta property=\"og:type\" content=\"article\" \/>\n<meta property=\"og:title\" content=\"III COMUNICADO DEL CMVSF2 POR COVID19 - Colegio De Veterinarios De Santa Fe 2da. Circunscripci\u00f3n\" \/>\n<meta property=\"og:description\" content=\"El CMVSF2 comunica a todos sus matriculados\/as que, en espera de las medidas que se anunciar\u00e1n antes del 13\/04\/2020 con relaci\u00f3n a la cuarentena\" \/>\n<meta property=\"og:url\" content=\"https:\/\/cmvsf2.org\/web\/2020\/04\/06\/iii-comunicado-del-cmvsf2-por-covid19\/\" \/>\n<meta property=\"og:site_name\" content=\"Colegio De Veterinarios De Santa Fe 2da. Circunscripci\u00f3n\" \/>\n<meta property=\"article:published_time\" content=\"2020-04-06T14:51:21+00:00\" \/>\n<meta property=\"og:image\" content=\"https:\/\/cmvsf2.org\/web\/wp-content\/uploads\/2019\/12\/print-facturacin-cuadrado.png\" \/>\n\t<meta property=\"og:image:width\" content=\"520\" \/>\n\t<meta property=\"og:image:height\" content=\"382\" \/>\n\t<meta property=\"og:image:type\" content=\"image\/png\" \/>\n<meta name=\"author\" content=\"cmvsf2\" \/>\n<meta name=\"twitter:card\" content=\"summary_large_image\" \/>\n<meta name=\"twitter:label1\" content=\"Escrito por\" \/>\n\t<meta name=\"twitter:data1\" content=\"cmvsf2\" \/>\n<script type=\"application\/ld+json\" class=\"yoast-schema-graph\">{\"@context\":\"https:\\\/\\\/schema.org\",\"@graph\":[{\"@type\":\"Article\",\"@id\":\"https:\\\/\\\/cmvsf2.org\\\/web\\\/2020\\\/04\\\/06\\\/iii-comunicado-del-cmvsf2-por-covid19\\\/#article\",\"isPartOf\":{\"@id\":\"https:\\\/\\\/cmvsf2.org\\\/web\\\/2020\\\/04\\\/06\\\/iii-comunicado-del-cmvsf2-por-covid19\\\/\"},\"author\":{\"name\":\"cmvsf2\",\"@id\":\"https:\\\/\\\/cmvsf2.org\\\/web\\\/#\\\/schema\\\/person\\\/46ea3630099a4a3df8d89f07cf5f7520\"},\"headline\":\"III COMUNICADO DEL CMVSF2 POR COVID19\",\"datePublished\":\"2020-04-06T14:51:21+00:00\",\"mainEntityOfPage\":{\"@id\":\"https:\\\/\\\/cmvsf2.org\\\/web\\\/2020\\\/04\\\/06\\\/iii-comunicado-del-cmvsf2-por-covid19\\\/\"},\"wordCount\":96,\"commentCount\":0,\"publisher\":{\"@id\":\"https:\\\/\\\/cmvsf2.org\\\/web\\\/#organization\"},\"image\":{\"@id\":\"https:\\\/\\\/cmvsf2.org\\\/web\\\/2020\\\/04\\\/06\\\/iii-comunicado-del-cmvsf2-por-covid19\\\/#primaryimage\"},\"thumbnailUrl\":\"https:\\\/\\\/cmvsf2.org\\\/web\\\/wp-content\\\/uploads\\\/2019\\\/12\\\/print-facturacin-cuadrado.png\",\"articleSection\":[\"Institucionales\"],\"inLanguage\":\"es\"},{\"@type\":\"WebPage\",\"@id\":\"https:\\\/\\\/cmvsf2.org\\\/web\\\/2020\\\/04\\\/06\\\/iii-comunicado-del-cmvsf2-por-covid19\\\/\",\"url\":\"https:\\\/\\\/cmvsf2.org\\\/web\\\/2020\\\/04\\\/06\\\/iii-comunicado-del-cmvsf2-por-covid19\\\/\",\"name\":\"III COMUNICADO DEL CMVSF2 POR COVID19 - Colegio De Veterinarios De Santa Fe 2da. Circunscripci\u00f3n\",\"isPartOf\":{\"@id\":\"https:\\\/\\\/cmvsf2.org\\\/web\\\/#website\"},\"primaryImageOfPage\":{\"@id\":\"https:\\\/\\\/cmvsf2.org\\\/web\\\/2020\\\/04\\\/06\\\/iii-comunicado-del-cmvsf2-por-covid19\\\/#primaryimage\"},\"image\":{\"@id\":\"https:\\\/\\\/cmvsf2.org\\\/web\\\/2020\\\/04\\\/06\\\/iii-comunicado-del-cmvsf2-por-covid19\\\/#primaryimage\"},\"thumbnailUrl\":\"https:\\\/\\\/cmvsf2.org\\\/web\\\/wp-content\\\/uploads\\\/2019\\\/12\\\/print-facturacin-cuadrado.png\",\"datePublished\":\"2020-04-06T14:51:21+00:00\",\"description\":\"El CMVSF2 comunica a todos sus matriculados\\\/as que, en espera de las medidas que se anunciar\u00e1n antes del 13\\\/04\\\/2020 con relaci\u00f3n a la cuarentena\",\"breadcrumb\":{\"@id\":\"https:\\\/\\\/cmvsf2.org\\\/web\\\/2020\\\/04\\\/06\\\/iii-comunicado-del-cmvsf2-por-covid19\\\/#breadcrumb\"},\"inLanguage\":\"es\",\"potentialAction\":[{\"@type\":\"ReadAction\",\"target\":[\"https:\\\/\\\/cmvsf2.org\\\/web\\\/2020\\\/04\\\/06\\\/iii-comunicado-del-cmvsf2-por-covid19\\\/\"]}]},{\"@type\":\"ImageObject\",\"inLanguage\":\"es\",\"@id\":\"https:\\\/\\\/cmvsf2.org\\\/web\\\/2020\\\/04\\\/06\\\/iii-comunicado-del-cmvsf2-por-covid19\\\/#primaryimage\",\"url\":\"https:\\\/\\\/cmvsf2.org\\\/web\\\/wp-content\\\/uploads\\\/2019\\\/12\\\/print-facturacin-cuadrado.png\",\"contentUrl\":\"https:\\\/\\\/cmvsf2.org\\\/web\\\/wp-content\\\/uploads\\\/2019\\\/12\\\/print-facturacin-cuadrado.png\",\"width\":520,\"height\":382},{\"@type\":\"BreadcrumbList\",\"@id\":\"https:\\\/\\\/cmvsf2.org\\\/web\\\/2020\\\/04\\\/06\\\/iii-comunicado-del-cmvsf2-por-covid19\\\/#breadcrumb\",\"itemListElement\":[{\"@type\":\"ListItem\",\"position\":1,\"name\":\"Portada\",\"item\":\"https:\\\/\\\/cmvsf2.org\\\/web\\\/\"},{\"@type\":\"ListItem\",\"position\":2,\"name\":\"III COMUNICADO DEL CMVSF2 POR COVID19\"}]},{\"@type\":\"WebSite\",\"@id\":\"https:\\\/\\\/cmvsf2.org\\\/web\\\/#website\",\"url\":\"https:\\\/\\\/cmvsf2.org\\\/web\\\/\",\"name\":\"Colegio De Veterinarios De Santa Fe 2da. Circunscripci\u00f3n\",\"description\":\"Sitio institucional del Colegio de M\u00e9dicos Veterinario de Santa Fe 2da. Circunscripci\u00f3n\",\"publisher\":{\"@id\":\"https:\\\/\\\/cmvsf2.org\\\/web\\\/#organization\"},\"potentialAction\":[{\"@type\":\"SearchAction\",\"target\":{\"@type\":\"EntryPoint\",\"urlTemplate\":\"https:\\\/\\\/cmvsf2.org\\\/web\\\/?s={search_term_string}\"},\"query-input\":{\"@type\":\"PropertyValueSpecification\",\"valueRequired\":true,\"valueName\":\"search_term_string\"}}],\"inLanguage\":\"es\"},{\"@type\":\"Organization\",\"@id\":\"https:\\\/\\\/cmvsf2.org\\\/web\\\/#organization\",\"name\":\"Colegio De Veterinarios De Santa Fe 2da. Circunscripci\u00f3n\",\"url\":\"https:\\\/\\\/cmvsf2.org\\\/web\\\/\",\"logo\":{\"@type\":\"ImageObject\",\"inLanguage\":\"es\",\"@id\":\"https:\\\/\\\/cmvsf2.org\\\/web\\\/#\\\/schema\\\/logo\\\/image\\\/\",\"url\":\"http:\\\/\\\/cmvsf2.org\\\/web\\\/wp-content\\\/uploads\\\/2020\\\/03\\\/vector-logo-02.png\",\"contentUrl\":\"http:\\\/\\\/cmvsf2.org\\\/web\\\/wp-content\\\/uploads\\\/2020\\\/03\\\/vector-logo-02.png\",\"width\":2750,\"height\":642,\"caption\":\"Colegio De Veterinarios De Santa Fe 2da. Circunscripci\u00f3n\"},\"image\":{\"@id\":\"https:\\\/\\\/cmvsf2.org\\\/web\\\/#\\\/schema\\\/logo\\\/image\\\/\"}},{\"@type\":\"Person\",\"@id\":\"https:\\\/\\\/cmvsf2.org\\\/web\\\/#\\\/schema\\\/person\\\/46ea3630099a4a3df8d89f07cf5f7520\",\"name\":\"cmvsf2\",\"image\":{\"@type\":\"ImageObject\",\"inLanguage\":\"es\",\"@id\":\"https:\\\/\\\/secure.gravatar.com\\\/avatar\\\/669647b61c77f28f1aa51df04174a5ecb296e9988b4a93d2870666cd1f502cd7?s=96&d=mm&r=g\",\"url\":\"https:\\\/\\\/secure.gravatar.com\\\/avatar\\\/669647b61c77f28f1aa51df04174a5ecb296e9988b4a93d2870666cd1f502cd7?s=96&d=mm&r=g\",\"contentUrl\":\"https:\\\/\\\/secure.gravatar.com\\\/avatar\\\/669647b61c77f28f1aa51df04174a5ecb296e9988b4a93d2870666cd1f502cd7?s=96&d=mm&r=g\",\"caption\":\"cmvsf2\"}}]}<\/script>\n<!-- \/ Yoast SEO plugin. -->","yoast_head_json":{"title":"III COMUNICADO DEL CMVSF2 POR COVID19 - Colegio De Veterinarios De Santa Fe 2da. Circunscripci\u00f3n","description":"El CMVSF2 comunica a todos sus matriculados\/as que, en espera de las medidas que se anunciar\u00e1n antes del 13\/04\/2020 con relaci\u00f3n a la cuarentena","robots":{"index":"index","follow":"follow","max-snippet":"max-snippet:-1","max-image-preview":"max-image-preview:large","max-video-preview":"max-video-preview:-1"},"canonical":"https:\/\/cmvsf2.org\/web\/2020\/04\/06\/iii-comunicado-del-cmvsf2-por-covid19\/","og_locale":"es_ES","og_type":"article","og_title":"III COMUNICADO DEL CMVSF2 POR COVID19 - Colegio De Veterinarios De Santa Fe 2da. Circunscripci\u00f3n","og_description":"El CMVSF2 comunica a todos sus matriculados\/as que, en espera de las medidas que se anunciar\u00e1n antes del 13\/04\/2020 con relaci\u00f3n a la cuarentena","og_url":"https:\/\/cmvsf2.org\/web\/2020\/04\/06\/iii-comunicado-del-cmvsf2-por-covid19\/","og_site_name":"Colegio De Veterinarios De Santa Fe 2da. Circunscripci\u00f3n","article_published_time":"2020-04-06T14:51:21+00:00","og_image":[{"width":520,"height":382,"url":"https:\/\/cmvsf2.org\/web\/wp-content\/uploads\/2019\/12\/print-facturacin-cuadrado.png","type":"image\/png"}],"author":"cmvsf2","twitter_card":"summary_large_image","twitter_misc":{"Escrito por":"cmvsf2"},"schema":{"@context":"https:\/\/schema.org","@graph":[{"@type":"Article","@id":"https:\/\/cmvsf2.org\/web\/2020\/04\/06\/iii-comunicado-del-cmvsf2-por-covid19\/#article","isPartOf":{"@id":"https:\/\/cmvsf2.org\/web\/2020\/04\/06\/iii-comunicado-del-cmvsf2-por-covid19\/"},"author":{"name":"cmvsf2","@id":"https:\/\/cmvsf2.org\/web\/#\/schema\/person\/46ea3630099a4a3df8d89f07cf5f7520"},"headline":"III COMUNICADO DEL CMVSF2 POR COVID19","datePublished":"2020-04-06T14:51:21+00:00","mainEntityOfPage":{"@id":"https:\/\/cmvsf2.org\/web\/2020\/04\/06\/iii-comunicado-del-cmvsf2-por-covid19\/"},"wordCount":96,"commentCount":0,"publisher":{"@id":"https:\/\/cmvsf2.org\/web\/#organization"},"image":{"@id":"https:\/\/cmvsf2.org\/web\/2020\/04\/06\/iii-comunicado-del-cmvsf2-por-covid19\/#primaryimage"},"thumbnailUrl":"https:\/\/cmvsf2.org\/web\/wp-content\/uploads\/2019\/12\/print-facturacin-cuadrado.png","articleSection":["Institucionales"],"inLanguage":"es"},{"@type":"WebPage","@id":"https:\/\/cmvsf2.org\/web\/2020\/04\/06\/iii-comunicado-del-cmvsf2-por-covid19\/","url":"https:\/\/cmvsf2.org\/web\/2020\/04\/06\/iii-comunicado-del-cmvsf2-por-covid19\/","name":"III COMUNICADO DEL CMVSF2 POR COVID19 - Colegio De Veterinarios De Santa Fe 2da. Circunscripci\u00f3n","isPartOf":{"@id":"https:\/\/cmvsf2.org\/web\/#website"},"primaryImageOfPage":{"@id":"https:\/\/cmvsf2.org\/web\/2020\/04\/06\/iii-comunicado-del-cmvsf2-por-covid19\/#primaryimage"},"image":{"@id":"https:\/\/cmvsf2.org\/web\/2020\/04\/06\/iii-comunicado-del-cmvsf2-por-covid19\/#primaryimage"},"thumbnailUrl":"https:\/\/cmvsf2.org\/web\/wp-content\/uploads\/2019\/12\/print-facturacin-cuadrado.png","datePublished":"2020-04-06T14:51:21+00:00","description":"El CMVSF2 comunica a todos sus matriculados\/as que, en espera de las medidas que se anunciar\u00e1n antes del 13\/04\/2020 con relaci\u00f3n a la cuarentena","breadcrumb":{"@id":"https:\/\/cmvsf2.org\/web\/2020\/04\/06\/iii-comunicado-del-cmvsf2-por-covid19\/#breadcrumb"},"inLanguage":"es","potentialAction":[{"@type":"ReadAction","target":["https:\/\/cmvsf2.org\/web\/2020\/04\/06\/iii-comunicado-del-cmvsf2-por-covid19\/"]}]},{"@type":"ImageObject","inLanguage":"es","@id":"https:\/\/cmvsf2.org\/web\/2020\/04\/06\/iii-comunicado-del-cmvsf2-por-covid19\/#primaryimage","url":"https:\/\/cmvsf2.org\/web\/wp-content\/uploads\/2019\/12\/print-facturacin-cuadrado.png","contentUrl":"https:\/\/cmvsf2.org\/web\/wp-content\/uploads\/2019\/12\/print-facturacin-cuadrado.png","width":520,"height":382},{"@type":"BreadcrumbList","@id":"https:\/\/cmvsf2.org\/web\/2020\/04\/06\/iii-comunicado-del-cmvsf2-por-covid19\/#breadcrumb","itemListElement":[{"@type":"ListItem","position":1,"name":"Portada","item":"https:\/\/cmvsf2.org\/web\/"},{"@type":"ListItem","position":2,"name":"III COMUNICADO DEL CMVSF2 POR COVID19"}]},{"@type":"WebSite","@id":"https:\/\/cmvsf2.org\/web\/#website","url":"https:\/\/cmvsf2.org\/web\/","name":"Colegio De Veterinarios De Santa Fe 2da. Circunscripci\u00f3n","description":"Sitio institucional del Colegio de M\u00e9dicos Veterinario de Santa Fe 2da. Circunscripci\u00f3n","publisher":{"@id":"https:\/\/cmvsf2.org\/web\/#organization"},"potentialAction":[{"@type":"SearchAction","target":{"@type":"EntryPoint","urlTemplate":"https:\/\/cmvsf2.org\/web\/?s={search_term_string}"},"query-input":{"@type":"PropertyValueSpecification","valueRequired":true,"valueName":"search_term_string"}}],"inLanguage":"es"},{"@type":"Organization","@id":"https:\/\/cmvsf2.org\/web\/#organization","name":"Colegio De Veterinarios De Santa Fe 2da. Circunscripci\u00f3n","url":"https:\/\/cmvsf2.org\/web\/","logo":{"@type":"ImageObject","inLanguage":"es","@id":"https:\/\/cmvsf2.org\/web\/#\/schema\/logo\/image\/","url":"http:\/\/cmvsf2.org\/web\/wp-content\/uploads\/2020\/03\/vector-logo-02.png","contentUrl":"http:\/\/cmvsf2.org\/web\/wp-content\/uploads\/2020\/03\/vector-logo-02.png","width":2750,"height":642,"caption":"Colegio De Veterinarios De Santa Fe 2da. Circunscripci\u00f3n"},"image":{"@id":"https:\/\/cmvsf2.org\/web\/#\/schema\/logo\/image\/"}},{"@type":"Person","@id":"https:\/\/cmvsf2.org\/web\/#\/schema\/person\/46ea3630099a4a3df8d89f07cf5f7520","name":"cmvsf2","image":{"@type":"ImageObject","inLanguage":"es","@id":"https:\/\/secure.gravatar.com\/avatar\/669647b61c77f28f1aa51df04174a5ecb296e9988b4a93d2870666cd1f502cd7?s=96&d=mm&r=g","url":"https:\/\/secure.gravatar.com\/avatar\/669647b61c77f28f1aa51df04174a5ecb296e9988b4a93d2870666cd1f502cd7?s=96&d=mm&r=g","contentUrl":"https:\/\/secure.gravatar.com\/avatar\/669647b61c77f28f1aa51df04174a5ecb296e9988b4a93d2870666cd1f502cd7?s=96&d=mm&r=g","caption":"cmvsf2"}}]}},"_links":{"self":[{"href":"https:\/\/cmvsf2.org\/web\/wp-json\/wp\/v2\/posts\/6533","targetHints":{"allow":["GET"]}}],"collection":[{"href":"https:\/\/cmvsf2.org\/web\/wp-json\/wp\/v2\/posts"}],"about":[{"href":"https:\/\/cmvsf2.org\/web\/wp-json\/wp\/v2\/types\/post"}],"author":[{"embeddable":true,"href":"https:\/\/cmvsf2.org\/web\/wp-json\/wp\/v2\/users\/3"}],"replies":[{"embeddable":true,"href":"https:\/\/cmvsf2.org\/web\/wp-json\/wp\/v2\/comments?post=6533"}],"version-history":[{"count":0,"href":"https:\/\/cmvsf2.org\/web\/wp-json\/wp\/v2\/posts\/6533\/revisions"}],"wp:featuredmedia":[{"embeddable":true,"href":"https:\/\/cmvsf2.org\/web\/wp-json\/wp\/v2\/media\/6215"}],"wp:attachment":[{"href":"https:\/\/cmvsf2.org\/web\/wp-json\/wp\/v2\/media?parent=6533"}],"wp:term":[{"taxonomy":"category","embeddable":true,"href":"https:\/\/cmvsf2.org\/web\/wp-json\/wp\/v2\/categories?post=6533"},{"taxonomy":"post_tag","embeddable":true,"href":"https:\/\/cmvsf2.org\/web\/wp-json\/wp\/v2\/tags?post=6533"}],"curies":[{"name":"wp","href":"https:\/\/api.w.org\/{rel}","templated":true}]}}