{"id":6431,"date":"2020-03-11T15:39:39","date_gmt":"2020-03-11T15:39:39","guid":{"rendered":"http:\/\/sessionstudio.ar\/vet\/web\/?p=6431"},"modified":"2020-03-11T15:39:39","modified_gmt":"2020-03-11T15:39:39","slug":"se-sortearan-10-becas-para-el-seminario-web-uso-racional-de-antibioticos-en-produccion-porcina","status":"publish","type":"post","link":"https:\/\/cmvsf2.org\/web\/2020\/03\/11\/se-sortearan-10-becas-para-el-seminario-web-uso-racional-de-antibioticos-en-produccion-porcina\/","title":{"rendered":"SE SORTEAR\u00c1N 10 BECAS PARA EL SEMINARIO WEB \u201cUSO RACIONAL DE ANTIBI\u00d3TICOS EN PRODUCCI\u00d3N PORCINA\u201d"},"content":{"rendered":"<p style=\"font-weight: 400;\">El CMVSF2 sortear\u00e1 10 becas entre las y los interesadas\/os en participar del Seminario Web \u201cUso Racional de Antibi\u00f3ticos en Producci\u00f3n Porcina\u201d dictado por As\u00eds Formaci\u00f3n, que tendr\u00e1 lugar el pr\u00f3ximo 25 de marzo.\u00a0La convocatoria est\u00e1 dirigida especialmente a matriculados\/as con dedicaci\u00f3n a producci\u00f3n porcina.<\/p>\n<p>Seg\u00fan detallan los organizadores, en el mismo \u201cse va a abordar el uso racional de los antibi\u00f3ticos, empezando por un buen diagn\u00f3stico como primera medida hasta las distintas estrategias de uso de antibi\u00f3ticos que nos permitir\u00e1n disminuir los fen\u00f3menos indeseables del uso masivo de antibi\u00f3ticos. As\u00ed como el uso de antibiogramas como medida para evitar un uso ineficiente de estos elementos terap\u00e9uticos o profil\u00e1cticos\u201d.<br \/>\nLa duraci\u00f3n del seminario es de 90 minutos aproximadamente (60 minutos de charla y 30 minutos para contestar preguntas de los asistentes). La sesi\u00f3n contar\u00e1 (adem\u00e1s de con el ponente) con un presentador y un moderador que dar\u00e1n soporte t\u00e9cnico.<br \/>\nPara m\u00e1s informaci\u00f3n sobre el Seminario Web, pueden acceder al siguiente link:<br \/>\n<a href=\"http:\/\/formacion.grupoasis.com\/curso\/1173-uso-racional-de-antibioticos-en-produccion-porcina\/\" data-saferedirecturl=\"https:\/\/www.google.com\/url?q=http:\/\/formacion.grupoasis.com\/curso\/1173-uso-racional-de-antibioticos-en-produccion-porcina\/&amp;source=gmail&amp;ust=1584027321934000&amp;usg=AFQjCNGSboNwt9EuK-1eKcLdIn1rkH-cUg\">http:\/\/formacion.grupoasis.com\/curso\/1173-uso-racional-de-antibioticos-en-produccion-porcina\/<\/a><br \/>\n<strong>Sorteo de las becas<\/strong><\/p>\n<p style=\"font-weight: 400;\">Los interesados deber\u00e1n informar por mail su voluntad de participar del sorteo \u00a0hasta el d\u00eda viernes 20 de marzo a las 12 horas, momento en que se sortear\u00e1n las 10 becas entre los inscriptos. Es condici\u00f3n esencial enviar con la comunicaci\u00f3n al Colegio N\u00b0 de tel\u00e9fono y direcci\u00f3n de correo electr\u00f3nico actualizadas.<\/p>\n<p>La inscripci\u00f3n solo podr\u00e1 realizarse por correo electr\u00f3nico a:\u00a0<a href=\"mailto:col.veterinariostafe2@gmail.com\">col.veterinariostafe2@gmail.com<\/a><br \/>\nAclaraci\u00f3n: NO HAY QUE INSCRIBIRSE DIRECTAMENTE AL SEMINARIO, SOLO HACERLO EN EL COLEGIO, EL MISMO AVISAR\u00c1 LUEGO A LOS FAVORECIDOS Y LOS INSCRIBIR\u00c1.<\/p>\n<p style=\"font-weight: 400;\">Es condici\u00f3n para participar, contar con\u00a0el pago de\u00a0matr\u00edcula al d\u00eda.<\/p>\n","protected":false},"excerpt":{"rendered":"<p>El CMVSF2 sortear\u00e1 10 becas entre las y los interesadas\/os en participar del Seminario Web \u201cUso Racional de Antibi\u00f3ticos en Producci\u00f3n Porcina\u201d dictado por As\u00eds Formaci\u00f3n, que tendr\u00e1 lugar el pr\u00f3ximo 25 de marzo.\u00a0La convocatoria est\u00e1 dirigida especialmente a matriculados\/as con dedicaci\u00f3n a producci\u00f3n porcina. Seg\u00fan detallan los organizadores, en el mismo \u201cse va a abordar el uso racional de los antibi\u00f3ticos, empezando por [&hellip;]<\/p>\n","protected":false},"author":3,"featured_media":6432,"comment_status":"open","ping_status":"open","sticky":false,"template":"","format":"standard","meta":{"_acf_changed":false,"footnotes":""},"categories":[343,35,345],"tags":[399,158,187],"class_list":["post-6431","post","type-post","status-publish","format-standard","has-post-thumbnail","hentry","category-destacada","category-formacion","category-institucionales","tag-becas","tag-formacion","tag-porcinos"],"acf":[],"yoast_head":"<!-- This site is optimized with the Yoast SEO plugin v28.2 - https:\/\/yoast.com\/product\/yoast-seo-wordpress\/ -->\n<title>SE SORTEAR\u00c1N 10 BECAS PARA EL SEMINARIO WEB \u201cUSO RACIONAL DE ANTIBI\u00d3TICOS EN PRODUCCI\u00d3N PORCINA\u201d - Colegio De Veterinarios De Santa Fe 2da. Circunscripci\u00f3n<\/title>\n<meta name=\"description\" content=\"El CMVSF2 sortear\u00e1 10 becas entre las y los interesadas\/os en participar del Seminario Web \u201cUso Racional de Antibi\u00f3ticos en Producci\u00f3n Porcina\u201d dictado\" \/>\n<meta name=\"robots\" content=\"index, follow, max-snippet:-1, max-image-preview:large, max-video-preview:-1\" \/>\n<link rel=\"canonical\" href=\"https:\/\/cmvsf2.org\/web\/2020\/03\/11\/se-sortearan-10-becas-para-el-seminario-web-uso-racional-de-antibioticos-en-produccion-porcina\/\" \/>\n<meta property=\"og:locale\" content=\"es_ES\" \/>\n<meta property=\"og:type\" content=\"article\" \/>\n<meta property=\"og:title\" content=\"SE SORTEAR\u00c1N 10 BECAS PARA EL SEMINARIO WEB \u201cUSO RACIONAL DE ANTIBI\u00d3TICOS EN PRODUCCI\u00d3N PORCINA\u201d - Colegio De Veterinarios De Santa Fe 2da. Circunscripci\u00f3n\" \/>\n<meta property=\"og:description\" content=\"El CMVSF2 sortear\u00e1 10 becas entre las y los interesadas\/os en participar del Seminario Web \u201cUso Racional de Antibi\u00f3ticos en Producci\u00f3n Porcina\u201d dictado\" \/>\n<meta property=\"og:url\" content=\"https:\/\/cmvsf2.org\/web\/2020\/03\/11\/se-sortearan-10-becas-para-el-seminario-web-uso-racional-de-antibioticos-en-produccion-porcina\/\" \/>\n<meta property=\"og:site_name\" content=\"Colegio De Veterinarios De Santa Fe 2da. Circunscripci\u00f3n\" \/>\n<meta property=\"article:published_time\" content=\"2020-03-11T15:39:39+00:00\" \/>\n<meta property=\"og:image\" content=\"https:\/\/cmvsf2.org\/web\/wp-content\/uploads\/2020\/03\/animal-animal-photography-macro-110820-scaled-1.jpg\" \/>\n\t<meta property=\"og:image:width\" content=\"2048\" \/>\n\t<meta property=\"og:image:height\" content=\"1363\" \/>\n\t<meta property=\"og:image:type\" content=\"image\/jpeg\" \/>\n<meta name=\"author\" content=\"cmvsf2\" \/>\n<meta name=\"twitter:card\" content=\"summary_large_image\" \/>\n<meta name=\"twitter:label1\" content=\"Escrito por\" \/>\n\t<meta name=\"twitter:data1\" content=\"cmvsf2\" \/>\n\t<meta name=\"twitter:label2\" content=\"Tiempo de lectura\" \/>\n\t<meta name=\"twitter:data2\" content=\"2 minutos\" \/>\n<script type=\"application\/ld+json\" class=\"yoast-schema-graph\">{\"@context\":\"https:\\\/\\\/schema.org\",\"@graph\":[{\"@type\":\"Article\",\"@id\":\"https:\\\/\\\/cmvsf2.org\\\/web\\\/2020\\\/03\\\/11\\\/se-sortearan-10-becas-para-el-seminario-web-uso-racional-de-antibioticos-en-produccion-porcina\\\/#article\",\"isPartOf\":{\"@id\":\"https:\\\/\\\/cmvsf2.org\\\/web\\\/2020\\\/03\\\/11\\\/se-sortearan-10-becas-para-el-seminario-web-uso-racional-de-antibioticos-en-produccion-porcina\\\/\"},\"author\":{\"name\":\"cmvsf2\",\"@id\":\"https:\\\/\\\/cmvsf2.org\\\/web\\\/#\\\/schema\\\/person\\\/46ea3630099a4a3df8d89f07cf5f7520\"},\"headline\":\"SE SORTEAR\u00c1N 10 BECAS PARA EL SEMINARIO WEB \u201cUSO RACIONAL DE ANTIBI\u00d3TICOS EN PRODUCCI\u00d3N PORCINA\u201d\",\"datePublished\":\"2020-03-11T15:39:39+00:00\",\"mainEntityOfPage\":{\"@id\":\"https:\\\/\\\/cmvsf2.org\\\/web\\\/2020\\\/03\\\/11\\\/se-sortearan-10-becas-para-el-seminario-web-uso-racional-de-antibioticos-en-produccion-porcina\\\/\"},\"wordCount\":320,\"commentCount\":0,\"publisher\":{\"@id\":\"https:\\\/\\\/cmvsf2.org\\\/web\\\/#organization\"},\"image\":{\"@id\":\"https:\\\/\\\/cmvsf2.org\\\/web\\\/2020\\\/03\\\/11\\\/se-sortearan-10-becas-para-el-seminario-web-uso-racional-de-antibioticos-en-produccion-porcina\\\/#primaryimage\"},\"thumbnailUrl\":\"https:\\\/\\\/cmvsf2.org\\\/web\\\/wp-content\\\/uploads\\\/2020\\\/03\\\/animal-animal-photography-macro-110820-scaled-1.jpg\",\"keywords\":[\"becas\",\"formacion\",\"porcinos\"],\"articleSection\":[\"Destacada\",\"Formaci\u00f3n\",\"Institucionales\"],\"inLanguage\":\"es\"},{\"@type\":\"WebPage\",\"@id\":\"https:\\\/\\\/cmvsf2.org\\\/web\\\/2020\\\/03\\\/11\\\/se-sortearan-10-becas-para-el-seminario-web-uso-racional-de-antibioticos-en-produccion-porcina\\\/\",\"url\":\"https:\\\/\\\/cmvsf2.org\\\/web\\\/2020\\\/03\\\/11\\\/se-sortearan-10-becas-para-el-seminario-web-uso-racional-de-antibioticos-en-produccion-porcina\\\/\",\"name\":\"SE SORTEAR\u00c1N 10 BECAS PARA EL SEMINARIO WEB \u201cUSO RACIONAL DE ANTIBI\u00d3TICOS EN PRODUCCI\u00d3N PORCINA\u201d - Colegio De Veterinarios De Santa Fe 2da. Circunscripci\u00f3n\",\"isPartOf\":{\"@id\":\"https:\\\/\\\/cmvsf2.org\\\/web\\\/#website\"},\"primaryImageOfPage\":{\"@id\":\"https:\\\/\\\/cmvsf2.org\\\/web\\\/2020\\\/03\\\/11\\\/se-sortearan-10-becas-para-el-seminario-web-uso-racional-de-antibioticos-en-produccion-porcina\\\/#primaryimage\"},\"image\":{\"@id\":\"https:\\\/\\\/cmvsf2.org\\\/web\\\/2020\\\/03\\\/11\\\/se-sortearan-10-becas-para-el-seminario-web-uso-racional-de-antibioticos-en-produccion-porcina\\\/#primaryimage\"},\"thumbnailUrl\":\"https:\\\/\\\/cmvsf2.org\\\/web\\\/wp-content\\\/uploads\\\/2020\\\/03\\\/animal-animal-photography-macro-110820-scaled-1.jpg\",\"datePublished\":\"2020-03-11T15:39:39+00:00\",\"description\":\"El CMVSF2 sortear\u00e1 10 becas entre las y los interesadas\\\/os en participar del Seminario Web \u201cUso Racional de Antibi\u00f3ticos en Producci\u00f3n Porcina\u201d dictado\",\"breadcrumb\":{\"@id\":\"https:\\\/\\\/cmvsf2.org\\\/web\\\/2020\\\/03\\\/11\\\/se-sortearan-10-becas-para-el-seminario-web-uso-racional-de-antibioticos-en-produccion-porcina\\\/#breadcrumb\"},\"inLanguage\":\"es\",\"potentialAction\":[{\"@type\":\"ReadAction\",\"target\":[\"https:\\\/\\\/cmvsf2.org\\\/web\\\/2020\\\/03\\\/11\\\/se-sortearan-10-becas-para-el-seminario-web-uso-racional-de-antibioticos-en-produccion-porcina\\\/\"]}]},{\"@type\":\"ImageObject\",\"inLanguage\":\"es\",\"@id\":\"https:\\\/\\\/cmvsf2.org\\\/web\\\/2020\\\/03\\\/11\\\/se-sortearan-10-becas-para-el-seminario-web-uso-racional-de-antibioticos-en-produccion-porcina\\\/#primaryimage\",\"url\":\"https:\\\/\\\/cmvsf2.org\\\/web\\\/wp-content\\\/uploads\\\/2020\\\/03\\\/animal-animal-photography-macro-110820-scaled-1.jpg\",\"contentUrl\":\"https:\\\/\\\/cmvsf2.org\\\/web\\\/wp-content\\\/uploads\\\/2020\\\/03\\\/animal-animal-photography-macro-110820-scaled-1.jpg\",\"width\":2048,\"height\":1363},{\"@type\":\"BreadcrumbList\",\"@id\":\"https:\\\/\\\/cmvsf2.org\\\/web\\\/2020\\\/03\\\/11\\\/se-sortearan-10-becas-para-el-seminario-web-uso-racional-de-antibioticos-en-produccion-porcina\\\/#breadcrumb\",\"itemListElement\":[{\"@type\":\"ListItem\",\"position\":1,\"name\":\"Portada\",\"item\":\"https:\\\/\\\/cmvsf2.org\\\/web\\\/\"},{\"@type\":\"ListItem\",\"position\":2,\"name\":\"SE SORTEAR\u00c1N 10 BECAS PARA EL SEMINARIO WEB \u201cUSO RACIONAL DE ANTIBI\u00d3TICOS EN PRODUCCI\u00d3N PORCINA\u201d\"}]},{\"@type\":\"WebSite\",\"@id\":\"https:\\\/\\\/cmvsf2.org\\\/web\\\/#website\",\"url\":\"https:\\\/\\\/cmvsf2.org\\\/web\\\/\",\"name\":\"Colegio De Veterinarios De Santa Fe 2da. Circunscripci\u00f3n\",\"description\":\"Sitio institucional del Colegio de M\u00e9dicos Veterinario de Santa Fe 2da. Circunscripci\u00f3n\",\"publisher\":{\"@id\":\"https:\\\/\\\/cmvsf2.org\\\/web\\\/#organization\"},\"potentialAction\":[{\"@type\":\"SearchAction\",\"target\":{\"@type\":\"EntryPoint\",\"urlTemplate\":\"https:\\\/\\\/cmvsf2.org\\\/web\\\/?s={search_term_string}\"},\"query-input\":{\"@type\":\"PropertyValueSpecification\",\"valueRequired\":true,\"valueName\":\"search_term_string\"}}],\"inLanguage\":\"es\"},{\"@type\":\"Organization\",\"@id\":\"https:\\\/\\\/cmvsf2.org\\\/web\\\/#organization\",\"name\":\"Colegio De Veterinarios De Santa Fe 2da. Circunscripci\u00f3n\",\"url\":\"https:\\\/\\\/cmvsf2.org\\\/web\\\/\",\"logo\":{\"@type\":\"ImageObject\",\"inLanguage\":\"es\",\"@id\":\"https:\\\/\\\/cmvsf2.org\\\/web\\\/#\\\/schema\\\/logo\\\/image\\\/\",\"url\":\"http:\\\/\\\/cmvsf2.org\\\/web\\\/wp-content\\\/uploads\\\/2020\\\/03\\\/vector-logo-02.png\",\"contentUrl\":\"http:\\\/\\\/cmvsf2.org\\\/web\\\/wp-content\\\/uploads\\\/2020\\\/03\\\/vector-logo-02.png\",\"width\":2750,\"height\":642,\"caption\":\"Colegio De Veterinarios De Santa Fe 2da. Circunscripci\u00f3n\"},\"image\":{\"@id\":\"https:\\\/\\\/cmvsf2.org\\\/web\\\/#\\\/schema\\\/logo\\\/image\\\/\"}},{\"@type\":\"Person\",\"@id\":\"https:\\\/\\\/cmvsf2.org\\\/web\\\/#\\\/schema\\\/person\\\/46ea3630099a4a3df8d89f07cf5f7520\",\"name\":\"cmvsf2\",\"image\":{\"@type\":\"ImageObject\",\"inLanguage\":\"es\",\"@id\":\"https:\\\/\\\/secure.gravatar.com\\\/avatar\\\/669647b61c77f28f1aa51df04174a5ecb296e9988b4a93d2870666cd1f502cd7?s=96&d=mm&r=g\",\"url\":\"https:\\\/\\\/secure.gravatar.com\\\/avatar\\\/669647b61c77f28f1aa51df04174a5ecb296e9988b4a93d2870666cd1f502cd7?s=96&d=mm&r=g\",\"contentUrl\":\"https:\\\/\\\/secure.gravatar.com\\\/avatar\\\/669647b61c77f28f1aa51df04174a5ecb296e9988b4a93d2870666cd1f502cd7?s=96&d=mm&r=g\",\"caption\":\"cmvsf2\"}}]}<\/script>\n<!-- \/ Yoast SEO plugin. -->","yoast_head_json":{"title":"SE SORTEAR\u00c1N 10 BECAS PARA EL SEMINARIO WEB \u201cUSO RACIONAL DE ANTIBI\u00d3TICOS EN PRODUCCI\u00d3N PORCINA\u201d - Colegio De Veterinarios De Santa Fe 2da. Circunscripci\u00f3n","description":"El CMVSF2 sortear\u00e1 10 becas entre las y los interesadas\/os en participar del Seminario Web \u201cUso Racional de Antibi\u00f3ticos en Producci\u00f3n Porcina\u201d dictado","robots":{"index":"index","follow":"follow","max-snippet":"max-snippet:-1","max-image-preview":"max-image-preview:large","max-video-preview":"max-video-preview:-1"},"canonical":"https:\/\/cmvsf2.org\/web\/2020\/03\/11\/se-sortearan-10-becas-para-el-seminario-web-uso-racional-de-antibioticos-en-produccion-porcina\/","og_locale":"es_ES","og_type":"article","og_title":"SE SORTEAR\u00c1N 10 BECAS PARA EL SEMINARIO WEB \u201cUSO RACIONAL DE ANTIBI\u00d3TICOS EN PRODUCCI\u00d3N PORCINA\u201d - Colegio De Veterinarios De Santa Fe 2da. Circunscripci\u00f3n","og_description":"El CMVSF2 sortear\u00e1 10 becas entre las y los interesadas\/os en participar del Seminario Web \u201cUso Racional de Antibi\u00f3ticos en Producci\u00f3n Porcina\u201d dictado","og_url":"https:\/\/cmvsf2.org\/web\/2020\/03\/11\/se-sortearan-10-becas-para-el-seminario-web-uso-racional-de-antibioticos-en-produccion-porcina\/","og_site_name":"Colegio De Veterinarios De Santa Fe 2da. Circunscripci\u00f3n","article_published_time":"2020-03-11T15:39:39+00:00","og_image":[{"width":2048,"height":1363,"url":"https:\/\/cmvsf2.org\/web\/wp-content\/uploads\/2020\/03\/animal-animal-photography-macro-110820-scaled-1.jpg","type":"image\/jpeg"}],"author":"cmvsf2","twitter_card":"summary_large_image","twitter_misc":{"Escrito por":"cmvsf2","Tiempo de lectura":"2 minutos"},"schema":{"@context":"https:\/\/schema.org","@graph":[{"@type":"Article","@id":"https:\/\/cmvsf2.org\/web\/2020\/03\/11\/se-sortearan-10-becas-para-el-seminario-web-uso-racional-de-antibioticos-en-produccion-porcina\/#article","isPartOf":{"@id":"https:\/\/cmvsf2.org\/web\/2020\/03\/11\/se-sortearan-10-becas-para-el-seminario-web-uso-racional-de-antibioticos-en-produccion-porcina\/"},"author":{"name":"cmvsf2","@id":"https:\/\/cmvsf2.org\/web\/#\/schema\/person\/46ea3630099a4a3df8d89f07cf5f7520"},"headline":"SE SORTEAR\u00c1N 10 BECAS PARA EL SEMINARIO WEB \u201cUSO RACIONAL DE ANTIBI\u00d3TICOS EN PRODUCCI\u00d3N PORCINA\u201d","datePublished":"2020-03-11T15:39:39+00:00","mainEntityOfPage":{"@id":"https:\/\/cmvsf2.org\/web\/2020\/03\/11\/se-sortearan-10-becas-para-el-seminario-web-uso-racional-de-antibioticos-en-produccion-porcina\/"},"wordCount":320,"commentCount":0,"publisher":{"@id":"https:\/\/cmvsf2.org\/web\/#organization"},"image":{"@id":"https:\/\/cmvsf2.org\/web\/2020\/03\/11\/se-sortearan-10-becas-para-el-seminario-web-uso-racional-de-antibioticos-en-produccion-porcina\/#primaryimage"},"thumbnailUrl":"https:\/\/cmvsf2.org\/web\/wp-content\/uploads\/2020\/03\/animal-animal-photography-macro-110820-scaled-1.jpg","keywords":["becas","formacion","porcinos"],"articleSection":["Destacada","Formaci\u00f3n","Institucionales"],"inLanguage":"es"},{"@type":"WebPage","@id":"https:\/\/cmvsf2.org\/web\/2020\/03\/11\/se-sortearan-10-becas-para-el-seminario-web-uso-racional-de-antibioticos-en-produccion-porcina\/","url":"https:\/\/cmvsf2.org\/web\/2020\/03\/11\/se-sortearan-10-becas-para-el-seminario-web-uso-racional-de-antibioticos-en-produccion-porcina\/","name":"SE SORTEAR\u00c1N 10 BECAS PARA EL SEMINARIO WEB \u201cUSO RACIONAL DE ANTIBI\u00d3TICOS EN PRODUCCI\u00d3N PORCINA\u201d - Colegio De Veterinarios De Santa Fe 2da. Circunscripci\u00f3n","isPartOf":{"@id":"https:\/\/cmvsf2.org\/web\/#website"},"primaryImageOfPage":{"@id":"https:\/\/cmvsf2.org\/web\/2020\/03\/11\/se-sortearan-10-becas-para-el-seminario-web-uso-racional-de-antibioticos-en-produccion-porcina\/#primaryimage"},"image":{"@id":"https:\/\/cmvsf2.org\/web\/2020\/03\/11\/se-sortearan-10-becas-para-el-seminario-web-uso-racional-de-antibioticos-en-produccion-porcina\/#primaryimage"},"thumbnailUrl":"https:\/\/cmvsf2.org\/web\/wp-content\/uploads\/2020\/03\/animal-animal-photography-macro-110820-scaled-1.jpg","datePublished":"2020-03-11T15:39:39+00:00","description":"El CMVSF2 sortear\u00e1 10 becas entre las y los interesadas\/os en participar del Seminario Web \u201cUso Racional de Antibi\u00f3ticos en Producci\u00f3n Porcina\u201d dictado","breadcrumb":{"@id":"https:\/\/cmvsf2.org\/web\/2020\/03\/11\/se-sortearan-10-becas-para-el-seminario-web-uso-racional-de-antibioticos-en-produccion-porcina\/#breadcrumb"},"inLanguage":"es","potentialAction":[{"@type":"ReadAction","target":["https:\/\/cmvsf2.org\/web\/2020\/03\/11\/se-sortearan-10-becas-para-el-seminario-web-uso-racional-de-antibioticos-en-produccion-porcina\/"]}]},{"@type":"ImageObject","inLanguage":"es","@id":"https:\/\/cmvsf2.org\/web\/2020\/03\/11\/se-sortearan-10-becas-para-el-seminario-web-uso-racional-de-antibioticos-en-produccion-porcina\/#primaryimage","url":"https:\/\/cmvsf2.org\/web\/wp-content\/uploads\/2020\/03\/animal-animal-photography-macro-110820-scaled-1.jpg","contentUrl":"https:\/\/cmvsf2.org\/web\/wp-content\/uploads\/2020\/03\/animal-animal-photography-macro-110820-scaled-1.jpg","width":2048,"height":1363},{"@type":"BreadcrumbList","@id":"https:\/\/cmvsf2.org\/web\/2020\/03\/11\/se-sortearan-10-becas-para-el-seminario-web-uso-racional-de-antibioticos-en-produccion-porcina\/#breadcrumb","itemListElement":[{"@type":"ListItem","position":1,"name":"Portada","item":"https:\/\/cmvsf2.org\/web\/"},{"@type":"ListItem","position":2,"name":"SE SORTEAR\u00c1N 10 BECAS PARA EL SEMINARIO WEB \u201cUSO RACIONAL DE ANTIBI\u00d3TICOS EN PRODUCCI\u00d3N PORCINA\u201d"}]},{"@type":"WebSite","@id":"https:\/\/cmvsf2.org\/web\/#website","url":"https:\/\/cmvsf2.org\/web\/","name":"Colegio De Veterinarios De Santa Fe 2da. Circunscripci\u00f3n","description":"Sitio institucional del Colegio de M\u00e9dicos Veterinario de Santa Fe 2da. Circunscripci\u00f3n","publisher":{"@id":"https:\/\/cmvsf2.org\/web\/#organization"},"potentialAction":[{"@type":"SearchAction","target":{"@type":"EntryPoint","urlTemplate":"https:\/\/cmvsf2.org\/web\/?s={search_term_string}"},"query-input":{"@type":"PropertyValueSpecification","valueRequired":true,"valueName":"search_term_string"}}],"inLanguage":"es"},{"@type":"Organization","@id":"https:\/\/cmvsf2.org\/web\/#organization","name":"Colegio De Veterinarios De Santa Fe 2da. Circunscripci\u00f3n","url":"https:\/\/cmvsf2.org\/web\/","logo":{"@type":"ImageObject","inLanguage":"es","@id":"https:\/\/cmvsf2.org\/web\/#\/schema\/logo\/image\/","url":"http:\/\/cmvsf2.org\/web\/wp-content\/uploads\/2020\/03\/vector-logo-02.png","contentUrl":"http:\/\/cmvsf2.org\/web\/wp-content\/uploads\/2020\/03\/vector-logo-02.png","width":2750,"height":642,"caption":"Colegio De Veterinarios De Santa Fe 2da. Circunscripci\u00f3n"},"image":{"@id":"https:\/\/cmvsf2.org\/web\/#\/schema\/logo\/image\/"}},{"@type":"Person","@id":"https:\/\/cmvsf2.org\/web\/#\/schema\/person\/46ea3630099a4a3df8d89f07cf5f7520","name":"cmvsf2","image":{"@type":"ImageObject","inLanguage":"es","@id":"https:\/\/secure.gravatar.com\/avatar\/669647b61c77f28f1aa51df04174a5ecb296e9988b4a93d2870666cd1f502cd7?s=96&d=mm&r=g","url":"https:\/\/secure.gravatar.com\/avatar\/669647b61c77f28f1aa51df04174a5ecb296e9988b4a93d2870666cd1f502cd7?s=96&d=mm&r=g","contentUrl":"https:\/\/secure.gravatar.com\/avatar\/669647b61c77f28f1aa51df04174a5ecb296e9988b4a93d2870666cd1f502cd7?s=96&d=mm&r=g","caption":"cmvsf2"}}]}},"_links":{"self":[{"href":"https:\/\/cmvsf2.org\/web\/wp-json\/wp\/v2\/posts\/6431","targetHints":{"allow":["GET"]}}],"collection":[{"href":"https:\/\/cmvsf2.org\/web\/wp-json\/wp\/v2\/posts"}],"about":[{"href":"https:\/\/cmvsf2.org\/web\/wp-json\/wp\/v2\/types\/post"}],"author":[{"embeddable":true,"href":"https:\/\/cmvsf2.org\/web\/wp-json\/wp\/v2\/users\/3"}],"replies":[{"embeddable":true,"href":"https:\/\/cmvsf2.org\/web\/wp-json\/wp\/v2\/comments?post=6431"}],"version-history":[{"count":0,"href":"https:\/\/cmvsf2.org\/web\/wp-json\/wp\/v2\/posts\/6431\/revisions"}],"wp:featuredmedia":[{"embeddable":true,"href":"https:\/\/cmvsf2.org\/web\/wp-json\/wp\/v2\/media\/6432"}],"wp:attachment":[{"href":"https:\/\/cmvsf2.org\/web\/wp-json\/wp\/v2\/media?parent=6431"}],"wp:term":[{"taxonomy":"category","embeddable":true,"href":"https:\/\/cmvsf2.org\/web\/wp-json\/wp\/v2\/categories?post=6431"},{"taxonomy":"post_tag","embeddable":true,"href":"https:\/\/cmvsf2.org\/web\/wp-json\/wp\/v2\/tags?post=6431"}],"curies":[{"name":"wp","href":"https:\/\/api.w.org\/{rel}","templated":true}]}}