{"id":6368,"date":"2020-02-18T13:54:26","date_gmt":"2020-02-18T13:54:26","guid":{"rendered":"http:\/\/sessionstudio.ar\/vet\/web\/?p=6368"},"modified":"2020-02-18T13:54:26","modified_gmt":"2020-02-18T13:54:26","slug":"se-encuentra-abierta-la-inscripcion-para-la-jornada-de-endocrino-oncologia-veterinaria","status":"publish","type":"post","link":"https:\/\/cmvsf2.org\/web\/2020\/02\/18\/se-encuentra-abierta-la-inscripcion-para-la-jornada-de-endocrino-oncologia-veterinaria\/","title":{"rendered":"SE ENCUENTRA ABIERTA LA INSCRIPCI\u00d3N PARA LA JORNADA DE ENDOCRINO ONCOLOG\u00cdA VETERINARIA"},"content":{"rendered":"<p>Organizada por el Colegio de M\u00e9dicos Veterinarios de la Provincia de Santa Fe 2da. Circunscripci\u00f3n (CMVSF2) y el Laboratorio CHEMOVET, se realizar\u00e1 el pr\u00f3ximo <strong>s\u00e1bado 25 de abril<\/strong>, la <strong>Jornada de Endocrino-Oncolog\u00eda Veterinaria<\/strong>. La actividad no tiene costo de inscripci\u00f3n, pero requiere inscripci\u00f3n previa a trav\u00e9s del siguiente formulario: <a href=\"https:\/\/www.chemovet.org\/inscripci\u00f3n-a-eventos\/\">https:\/\/www.chemovet.org\/inscripci\u00f3n-a-eventos\/<\/a><br \/>\nEl cronograma de la actividad es el siguiente:<\/p>\n<table>\n<tbody>\n<tr>\n<td colspan=\"2\" width=\"721\"><strong>S\u00e1bado 25 de Abril de 2020<\/strong><\/td>\n<\/tr>\n<tr>\n<td width=\"153\"><strong>HORARIOS<\/strong><\/td>\n<td width=\"567\"><strong>T<\/strong><strong>EMA<\/strong><\/td>\n<\/tr>\n<tr>\n<td width=\"153\">08:30 \u2013 08:45<\/td>\n<td width=\"567\"><strong>ACREDITACI\u00d3N Y BIENVENIDA<\/strong><\/td>\n<\/tr>\n<tr>\n<td width=\"153\">08:45 \u2013 09:45<\/td>\n<td width=\"567\">Diagnostico de S\u00edndrome de Cushing y sus co-morbilidades &#8211; Dr. Diego Miceli<\/td>\n<\/tr>\n<tr>\n<td width=\"153\">09:45 \u2013 10:45<\/td>\n<td width=\"567\">TVT y los principales errores de manejo que lo hacen resistente &#8211; Dra. Laura\u00a0Peruzzo de Naville<\/td>\n<\/tr>\n<tr>\n<td width=\"153\">10:45 \u2013 11:30<\/td>\n<td width=\"567\">Tratamiento del S\u00edndrome de Cushing &#8211; Dr. Diego Miceli<\/td>\n<\/tr>\n<tr>\n<td width=\"153\">11:30 \u2013 12:00<\/td>\n<td width=\"567\"><strong>COFFE BREAK<\/strong><\/td>\n<\/tr>\n<tr>\n<td width=\"153\">12:00 \u2013 13:00<\/td>\n<td width=\"567\">Manejo de la cardiotoxicidad en el paciente oncol\u00f3gico &#8211; Dr. Sebasti\u00e1n\u00a0Gonz\u00e1lez<\/td>\n<\/tr>\n<tr>\n<td width=\"153\">13:00 \u2013 14:30<\/td>\n<td width=\"567\"><strong>ALMUERZO<\/strong><\/td>\n<\/tr>\n<tr>\n<td width=\"153\">14:30 \u2013 15:30<\/td>\n<td width=\"567\">Sarcomas de tejidos blandos &#8211; Dra. Laura Peruzzo<\/td>\n<\/tr>\n<tr>\n<td width=\"153\">15:30 \u2013 16:30<\/td>\n<td width=\"567\">Inhibidores Tirosin Kinasa en la terapia oncol\u00f3gica &#8211; Dra. Laura Peruzzo de\u00a0Naville<\/td>\n<\/tr>\n<tr>\n<td width=\"153\">16:30 \u2013 17:30<\/td>\n<td width=\"567\"><strong>COFFE BREAK<\/strong><\/td>\n<\/tr>\n<tr>\n<td width=\"153\">17:30 \u2013 18:30<\/td>\n<td width=\"567\">Manejo de la mieolosupresi\u00f3n en el paciente oncol\u00f3gico &#8211; Dr. Sebasti\u00e1n\u00a0Gonz\u00e1lez<\/td>\n<\/tr>\n<tr>\n<td width=\"153\">18:30 &#8211; 19:15<\/td>\n<td width=\"567\">Mitos y Verdades de la Medicina Cann\u00e1bica en Oncolog\u00eda Veterinaria &#8211; Dr. Oscar Pagoto<\/td>\n<\/tr>\n<\/tbody>\n<\/table>\n<p>En el siguiente LINK podr\u00e1n encontrar m\u00e1s informaci\u00f3n acerca de los disertantes: <a href=\"https:\/\/cmvsf2.org\/web\/wp-content\/uploads\/2020\/02\/jornadas-de-endocrino-feb-2020-1.pdf\" target=\"_blank\" rel=\"noopener noreferrer\">JORNADA DE ENDOCRINO ONCOLOG\u00cdA VETERINARIA feb 2020<\/a><\/p>\n","protected":false},"excerpt":{"rendered":"<p>Organizada por el Colegio de M\u00e9dicos Veterinarios de la Provincia de Santa Fe 2da. Circunscripci\u00f3n (CMVSF2) y el Laboratorio CHEMOVET, se realizar\u00e1 el pr\u00f3ximo s\u00e1bado 25 de abril, la Jornada de Endocrino-Oncolog\u00eda Veterinaria. La actividad no tiene costo de inscripci\u00f3n, pero requiere inscripci\u00f3n previa a trav\u00e9s del siguiente formulario: https:\/\/www.chemovet.org\/inscripci\u00f3n-a-eventos\/ El cronograma de la actividad es el siguiente: S\u00e1bado 25 de Abril de 2020 [&hellip;]<\/p>\n","protected":false},"author":3,"featured_media":6371,"comment_status":"open","ping_status":"open","sticky":false,"template":"","format":"standard","meta":{"_acf_changed":false,"footnotes":""},"categories":[36,343,35,345,38],"tags":[377,378,158,112,379,380],"class_list":["post-6368","post","type-post","status-publish","format-standard","has-post-thumbnail","hentry","category-agenda2","category-destacada","category-formacion","category-institucionales","category-noticias-del-sector","tag-chemovet","tag-endocrino","tag-formacion","tag-jornadas","tag-oncologoa","tag-peruzzo"],"acf":[],"yoast_head":"<!-- This site is optimized with the Yoast SEO plugin v28.2 - https:\/\/yoast.com\/product\/yoast-seo-wordpress\/ -->\n<title>SE ENCUENTRA ABIERTA LA INSCRIPCI\u00d3N PARA LA JORNADA DE ENDOCRINO ONCOLOG\u00cdA VETERINARIA - Colegio De Veterinarios De Santa Fe 2da. Circunscripci\u00f3n<\/title>\n<meta name=\"description\" content=\"Organizada por el Colegio de M\u00e9dicos Veterinarios de la Provincia de Santa Fe 2da. Circunscripci\u00f3n (CMVSF2) y el Laboratorio CHEMOVET, se realizar\u00e1 el\" \/>\n<meta name=\"robots\" content=\"index, follow, max-snippet:-1, max-image-preview:large, max-video-preview:-1\" \/>\n<link rel=\"canonical\" href=\"https:\/\/cmvsf2.org\/web\/2020\/02\/18\/se-encuentra-abierta-la-inscripcion-para-la-jornada-de-endocrino-oncologia-veterinaria\/\" \/>\n<meta property=\"og:locale\" content=\"es_ES\" \/>\n<meta property=\"og:type\" content=\"article\" \/>\n<meta property=\"og:title\" content=\"SE ENCUENTRA ABIERTA LA INSCRIPCI\u00d3N PARA LA JORNADA DE ENDOCRINO ONCOLOG\u00cdA VETERINARIA - Colegio De Veterinarios De Santa Fe 2da. Circunscripci\u00f3n\" \/>\n<meta property=\"og:description\" content=\"Organizada por el Colegio de M\u00e9dicos Veterinarios de la Provincia de Santa Fe 2da. Circunscripci\u00f3n (CMVSF2) y el Laboratorio CHEMOVET, se realizar\u00e1 el\" \/>\n<meta property=\"og:url\" content=\"https:\/\/cmvsf2.org\/web\/2020\/02\/18\/se-encuentra-abierta-la-inscripcion-para-la-jornada-de-endocrino-oncologia-veterinaria\/\" \/>\n<meta property=\"og:site_name\" content=\"Colegio De Veterinarios De Santa Fe 2da. Circunscripci\u00f3n\" \/>\n<meta property=\"article:published_time\" content=\"2020-02-18T13:54:26+00:00\" \/>\n<meta property=\"og:image\" content=\"https:\/\/cmvsf2.org\/web\/wp-content\/uploads\/2020\/02\/charlas-y-da-de...-2.png\" \/>\n\t<meta property=\"og:image:width\" content=\"940\" \/>\n\t<meta property=\"og:image:height\" content=\"788\" \/>\n\t<meta property=\"og:image:type\" content=\"image\/png\" \/>\n<meta name=\"author\" content=\"cmvsf2\" \/>\n<meta name=\"twitter:card\" content=\"summary_large_image\" \/>\n<meta name=\"twitter:label1\" content=\"Escrito por\" \/>\n\t<meta name=\"twitter:data1\" content=\"cmvsf2\" \/>\n\t<meta name=\"twitter:label2\" content=\"Tiempo de lectura\" \/>\n\t<meta name=\"twitter:data2\" content=\"1 minuto\" \/>\n<script type=\"application\/ld+json\" class=\"yoast-schema-graph\">{\"@context\":\"https:\\\/\\\/schema.org\",\"@graph\":[{\"@type\":\"Article\",\"@id\":\"https:\\\/\\\/cmvsf2.org\\\/web\\\/2020\\\/02\\\/18\\\/se-encuentra-abierta-la-inscripcion-para-la-jornada-de-endocrino-oncologia-veterinaria\\\/#article\",\"isPartOf\":{\"@id\":\"https:\\\/\\\/cmvsf2.org\\\/web\\\/2020\\\/02\\\/18\\\/se-encuentra-abierta-la-inscripcion-para-la-jornada-de-endocrino-oncologia-veterinaria\\\/\"},\"author\":{\"name\":\"cmvsf2\",\"@id\":\"https:\\\/\\\/cmvsf2.org\\\/web\\\/#\\\/schema\\\/person\\\/46ea3630099a4a3df8d89f07cf5f7520\"},\"headline\":\"SE ENCUENTRA ABIERTA LA INSCRIPCI\u00d3N PARA LA JORNADA DE ENDOCRINO ONCOLOG\u00cdA VETERINARIA\",\"datePublished\":\"2020-02-18T13:54:26+00:00\",\"mainEntityOfPage\":{\"@id\":\"https:\\\/\\\/cmvsf2.org\\\/web\\\/2020\\\/02\\\/18\\\/se-encuentra-abierta-la-inscripcion-para-la-jornada-de-endocrino-oncologia-veterinaria\\\/\"},\"wordCount\":233,\"commentCount\":0,\"publisher\":{\"@id\":\"https:\\\/\\\/cmvsf2.org\\\/web\\\/#organization\"},\"image\":{\"@id\":\"https:\\\/\\\/cmvsf2.org\\\/web\\\/2020\\\/02\\\/18\\\/se-encuentra-abierta-la-inscripcion-para-la-jornada-de-endocrino-oncologia-veterinaria\\\/#primaryimage\"},\"thumbnailUrl\":\"https:\\\/\\\/cmvsf2.org\\\/web\\\/wp-content\\\/uploads\\\/2020\\\/02\\\/charlas-y-da-de...-2.png\",\"keywords\":[\"chemovet\",\"endocrino\",\"formacion\",\"jornadas\",\"oncolog\u00f3a\",\"peruzzo\"],\"articleSection\":[\"Agenda\",\"Destacada\",\"Formaci\u00f3n\",\"Institucionales\",\"Noticias del sector\"],\"inLanguage\":\"es\"},{\"@type\":\"WebPage\",\"@id\":\"https:\\\/\\\/cmvsf2.org\\\/web\\\/2020\\\/02\\\/18\\\/se-encuentra-abierta-la-inscripcion-para-la-jornada-de-endocrino-oncologia-veterinaria\\\/\",\"url\":\"https:\\\/\\\/cmvsf2.org\\\/web\\\/2020\\\/02\\\/18\\\/se-encuentra-abierta-la-inscripcion-para-la-jornada-de-endocrino-oncologia-veterinaria\\\/\",\"name\":\"SE ENCUENTRA ABIERTA LA INSCRIPCI\u00d3N PARA LA JORNADA DE ENDOCRINO ONCOLOG\u00cdA VETERINARIA - Colegio De Veterinarios De Santa Fe 2da. Circunscripci\u00f3n\",\"isPartOf\":{\"@id\":\"https:\\\/\\\/cmvsf2.org\\\/web\\\/#website\"},\"primaryImageOfPage\":{\"@id\":\"https:\\\/\\\/cmvsf2.org\\\/web\\\/2020\\\/02\\\/18\\\/se-encuentra-abierta-la-inscripcion-para-la-jornada-de-endocrino-oncologia-veterinaria\\\/#primaryimage\"},\"image\":{\"@id\":\"https:\\\/\\\/cmvsf2.org\\\/web\\\/2020\\\/02\\\/18\\\/se-encuentra-abierta-la-inscripcion-para-la-jornada-de-endocrino-oncologia-veterinaria\\\/#primaryimage\"},\"thumbnailUrl\":\"https:\\\/\\\/cmvsf2.org\\\/web\\\/wp-content\\\/uploads\\\/2020\\\/02\\\/charlas-y-da-de...-2.png\",\"datePublished\":\"2020-02-18T13:54:26+00:00\",\"description\":\"Organizada por el Colegio de M\u00e9dicos Veterinarios de la Provincia de Santa Fe 2da. Circunscripci\u00f3n (CMVSF2) y el Laboratorio CHEMOVET, se realizar\u00e1 el\",\"breadcrumb\":{\"@id\":\"https:\\\/\\\/cmvsf2.org\\\/web\\\/2020\\\/02\\\/18\\\/se-encuentra-abierta-la-inscripcion-para-la-jornada-de-endocrino-oncologia-veterinaria\\\/#breadcrumb\"},\"inLanguage\":\"es\",\"potentialAction\":[{\"@type\":\"ReadAction\",\"target\":[\"https:\\\/\\\/cmvsf2.org\\\/web\\\/2020\\\/02\\\/18\\\/se-encuentra-abierta-la-inscripcion-para-la-jornada-de-endocrino-oncologia-veterinaria\\\/\"]}]},{\"@type\":\"ImageObject\",\"inLanguage\":\"es\",\"@id\":\"https:\\\/\\\/cmvsf2.org\\\/web\\\/2020\\\/02\\\/18\\\/se-encuentra-abierta-la-inscripcion-para-la-jornada-de-endocrino-oncologia-veterinaria\\\/#primaryimage\",\"url\":\"https:\\\/\\\/cmvsf2.org\\\/web\\\/wp-content\\\/uploads\\\/2020\\\/02\\\/charlas-y-da-de...-2.png\",\"contentUrl\":\"https:\\\/\\\/cmvsf2.org\\\/web\\\/wp-content\\\/uploads\\\/2020\\\/02\\\/charlas-y-da-de...-2.png\",\"width\":940,\"height\":788},{\"@type\":\"BreadcrumbList\",\"@id\":\"https:\\\/\\\/cmvsf2.org\\\/web\\\/2020\\\/02\\\/18\\\/se-encuentra-abierta-la-inscripcion-para-la-jornada-de-endocrino-oncologia-veterinaria\\\/#breadcrumb\",\"itemListElement\":[{\"@type\":\"ListItem\",\"position\":1,\"name\":\"Portada\",\"item\":\"https:\\\/\\\/cmvsf2.org\\\/web\\\/\"},{\"@type\":\"ListItem\",\"position\":2,\"name\":\"SE ENCUENTRA ABIERTA LA INSCRIPCI\u00d3N PARA LA JORNADA DE ENDOCRINO ONCOLOG\u00cdA VETERINARIA\"}]},{\"@type\":\"WebSite\",\"@id\":\"https:\\\/\\\/cmvsf2.org\\\/web\\\/#website\",\"url\":\"https:\\\/\\\/cmvsf2.org\\\/web\\\/\",\"name\":\"Colegio De Veterinarios De Santa Fe 2da. Circunscripci\u00f3n\",\"description\":\"Sitio institucional del Colegio de M\u00e9dicos Veterinario de Santa Fe 2da. Circunscripci\u00f3n\",\"publisher\":{\"@id\":\"https:\\\/\\\/cmvsf2.org\\\/web\\\/#organization\"},\"potentialAction\":[{\"@type\":\"SearchAction\",\"target\":{\"@type\":\"EntryPoint\",\"urlTemplate\":\"https:\\\/\\\/cmvsf2.org\\\/web\\\/?s={search_term_string}\"},\"query-input\":{\"@type\":\"PropertyValueSpecification\",\"valueRequired\":true,\"valueName\":\"search_term_string\"}}],\"inLanguage\":\"es\"},{\"@type\":\"Organization\",\"@id\":\"https:\\\/\\\/cmvsf2.org\\\/web\\\/#organization\",\"name\":\"Colegio De Veterinarios De Santa Fe 2da. Circunscripci\u00f3n\",\"url\":\"https:\\\/\\\/cmvsf2.org\\\/web\\\/\",\"logo\":{\"@type\":\"ImageObject\",\"inLanguage\":\"es\",\"@id\":\"https:\\\/\\\/cmvsf2.org\\\/web\\\/#\\\/schema\\\/logo\\\/image\\\/\",\"url\":\"http:\\\/\\\/cmvsf2.org\\\/web\\\/wp-content\\\/uploads\\\/2020\\\/03\\\/vector-logo-02.png\",\"contentUrl\":\"http:\\\/\\\/cmvsf2.org\\\/web\\\/wp-content\\\/uploads\\\/2020\\\/03\\\/vector-logo-02.png\",\"width\":2750,\"height\":642,\"caption\":\"Colegio De Veterinarios De Santa Fe 2da. Circunscripci\u00f3n\"},\"image\":{\"@id\":\"https:\\\/\\\/cmvsf2.org\\\/web\\\/#\\\/schema\\\/logo\\\/image\\\/\"}},{\"@type\":\"Person\",\"@id\":\"https:\\\/\\\/cmvsf2.org\\\/web\\\/#\\\/schema\\\/person\\\/46ea3630099a4a3df8d89f07cf5f7520\",\"name\":\"cmvsf2\",\"image\":{\"@type\":\"ImageObject\",\"inLanguage\":\"es\",\"@id\":\"https:\\\/\\\/secure.gravatar.com\\\/avatar\\\/669647b61c77f28f1aa51df04174a5ecb296e9988b4a93d2870666cd1f502cd7?s=96&d=mm&r=g\",\"url\":\"https:\\\/\\\/secure.gravatar.com\\\/avatar\\\/669647b61c77f28f1aa51df04174a5ecb296e9988b4a93d2870666cd1f502cd7?s=96&d=mm&r=g\",\"contentUrl\":\"https:\\\/\\\/secure.gravatar.com\\\/avatar\\\/669647b61c77f28f1aa51df04174a5ecb296e9988b4a93d2870666cd1f502cd7?s=96&d=mm&r=g\",\"caption\":\"cmvsf2\"}}]}<\/script>\n<!-- \/ Yoast SEO plugin. -->","yoast_head_json":{"title":"SE ENCUENTRA ABIERTA LA INSCRIPCI\u00d3N PARA LA JORNADA DE ENDOCRINO ONCOLOG\u00cdA VETERINARIA - Colegio De Veterinarios De Santa Fe 2da. Circunscripci\u00f3n","description":"Organizada por el Colegio de M\u00e9dicos Veterinarios de la Provincia de Santa Fe 2da. Circunscripci\u00f3n (CMVSF2) y el Laboratorio CHEMOVET, se realizar\u00e1 el","robots":{"index":"index","follow":"follow","max-snippet":"max-snippet:-1","max-image-preview":"max-image-preview:large","max-video-preview":"max-video-preview:-1"},"canonical":"https:\/\/cmvsf2.org\/web\/2020\/02\/18\/se-encuentra-abierta-la-inscripcion-para-la-jornada-de-endocrino-oncologia-veterinaria\/","og_locale":"es_ES","og_type":"article","og_title":"SE ENCUENTRA ABIERTA LA INSCRIPCI\u00d3N PARA LA JORNADA DE ENDOCRINO ONCOLOG\u00cdA VETERINARIA - Colegio De Veterinarios De Santa Fe 2da. Circunscripci\u00f3n","og_description":"Organizada por el Colegio de M\u00e9dicos Veterinarios de la Provincia de Santa Fe 2da. Circunscripci\u00f3n (CMVSF2) y el Laboratorio CHEMOVET, se realizar\u00e1 el","og_url":"https:\/\/cmvsf2.org\/web\/2020\/02\/18\/se-encuentra-abierta-la-inscripcion-para-la-jornada-de-endocrino-oncologia-veterinaria\/","og_site_name":"Colegio De Veterinarios De Santa Fe 2da. Circunscripci\u00f3n","article_published_time":"2020-02-18T13:54:26+00:00","og_image":[{"width":940,"height":788,"url":"https:\/\/cmvsf2.org\/web\/wp-content\/uploads\/2020\/02\/charlas-y-da-de...-2.png","type":"image\/png"}],"author":"cmvsf2","twitter_card":"summary_large_image","twitter_misc":{"Escrito por":"cmvsf2","Tiempo de lectura":"1 minuto"},"schema":{"@context":"https:\/\/schema.org","@graph":[{"@type":"Article","@id":"https:\/\/cmvsf2.org\/web\/2020\/02\/18\/se-encuentra-abierta-la-inscripcion-para-la-jornada-de-endocrino-oncologia-veterinaria\/#article","isPartOf":{"@id":"https:\/\/cmvsf2.org\/web\/2020\/02\/18\/se-encuentra-abierta-la-inscripcion-para-la-jornada-de-endocrino-oncologia-veterinaria\/"},"author":{"name":"cmvsf2","@id":"https:\/\/cmvsf2.org\/web\/#\/schema\/person\/46ea3630099a4a3df8d89f07cf5f7520"},"headline":"SE ENCUENTRA ABIERTA LA INSCRIPCI\u00d3N PARA LA JORNADA DE ENDOCRINO ONCOLOG\u00cdA VETERINARIA","datePublished":"2020-02-18T13:54:26+00:00","mainEntityOfPage":{"@id":"https:\/\/cmvsf2.org\/web\/2020\/02\/18\/se-encuentra-abierta-la-inscripcion-para-la-jornada-de-endocrino-oncologia-veterinaria\/"},"wordCount":233,"commentCount":0,"publisher":{"@id":"https:\/\/cmvsf2.org\/web\/#organization"},"image":{"@id":"https:\/\/cmvsf2.org\/web\/2020\/02\/18\/se-encuentra-abierta-la-inscripcion-para-la-jornada-de-endocrino-oncologia-veterinaria\/#primaryimage"},"thumbnailUrl":"https:\/\/cmvsf2.org\/web\/wp-content\/uploads\/2020\/02\/charlas-y-da-de...-2.png","keywords":["chemovet","endocrino","formacion","jornadas","oncolog\u00f3a","peruzzo"],"articleSection":["Agenda","Destacada","Formaci\u00f3n","Institucionales","Noticias del sector"],"inLanguage":"es"},{"@type":"WebPage","@id":"https:\/\/cmvsf2.org\/web\/2020\/02\/18\/se-encuentra-abierta-la-inscripcion-para-la-jornada-de-endocrino-oncologia-veterinaria\/","url":"https:\/\/cmvsf2.org\/web\/2020\/02\/18\/se-encuentra-abierta-la-inscripcion-para-la-jornada-de-endocrino-oncologia-veterinaria\/","name":"SE ENCUENTRA ABIERTA LA INSCRIPCI\u00d3N PARA LA JORNADA DE ENDOCRINO ONCOLOG\u00cdA VETERINARIA - Colegio De Veterinarios De Santa Fe 2da. Circunscripci\u00f3n","isPartOf":{"@id":"https:\/\/cmvsf2.org\/web\/#website"},"primaryImageOfPage":{"@id":"https:\/\/cmvsf2.org\/web\/2020\/02\/18\/se-encuentra-abierta-la-inscripcion-para-la-jornada-de-endocrino-oncologia-veterinaria\/#primaryimage"},"image":{"@id":"https:\/\/cmvsf2.org\/web\/2020\/02\/18\/se-encuentra-abierta-la-inscripcion-para-la-jornada-de-endocrino-oncologia-veterinaria\/#primaryimage"},"thumbnailUrl":"https:\/\/cmvsf2.org\/web\/wp-content\/uploads\/2020\/02\/charlas-y-da-de...-2.png","datePublished":"2020-02-18T13:54:26+00:00","description":"Organizada por el Colegio de M\u00e9dicos Veterinarios de la Provincia de Santa Fe 2da. Circunscripci\u00f3n (CMVSF2) y el Laboratorio CHEMOVET, se realizar\u00e1 el","breadcrumb":{"@id":"https:\/\/cmvsf2.org\/web\/2020\/02\/18\/se-encuentra-abierta-la-inscripcion-para-la-jornada-de-endocrino-oncologia-veterinaria\/#breadcrumb"},"inLanguage":"es","potentialAction":[{"@type":"ReadAction","target":["https:\/\/cmvsf2.org\/web\/2020\/02\/18\/se-encuentra-abierta-la-inscripcion-para-la-jornada-de-endocrino-oncologia-veterinaria\/"]}]},{"@type":"ImageObject","inLanguage":"es","@id":"https:\/\/cmvsf2.org\/web\/2020\/02\/18\/se-encuentra-abierta-la-inscripcion-para-la-jornada-de-endocrino-oncologia-veterinaria\/#primaryimage","url":"https:\/\/cmvsf2.org\/web\/wp-content\/uploads\/2020\/02\/charlas-y-da-de...-2.png","contentUrl":"https:\/\/cmvsf2.org\/web\/wp-content\/uploads\/2020\/02\/charlas-y-da-de...-2.png","width":940,"height":788},{"@type":"BreadcrumbList","@id":"https:\/\/cmvsf2.org\/web\/2020\/02\/18\/se-encuentra-abierta-la-inscripcion-para-la-jornada-de-endocrino-oncologia-veterinaria\/#breadcrumb","itemListElement":[{"@type":"ListItem","position":1,"name":"Portada","item":"https:\/\/cmvsf2.org\/web\/"},{"@type":"ListItem","position":2,"name":"SE ENCUENTRA ABIERTA LA INSCRIPCI\u00d3N PARA LA JORNADA DE ENDOCRINO ONCOLOG\u00cdA VETERINARIA"}]},{"@type":"WebSite","@id":"https:\/\/cmvsf2.org\/web\/#website","url":"https:\/\/cmvsf2.org\/web\/","name":"Colegio De Veterinarios De Santa Fe 2da. Circunscripci\u00f3n","description":"Sitio institucional del Colegio de M\u00e9dicos Veterinario de Santa Fe 2da. Circunscripci\u00f3n","publisher":{"@id":"https:\/\/cmvsf2.org\/web\/#organization"},"potentialAction":[{"@type":"SearchAction","target":{"@type":"EntryPoint","urlTemplate":"https:\/\/cmvsf2.org\/web\/?s={search_term_string}"},"query-input":{"@type":"PropertyValueSpecification","valueRequired":true,"valueName":"search_term_string"}}],"inLanguage":"es"},{"@type":"Organization","@id":"https:\/\/cmvsf2.org\/web\/#organization","name":"Colegio De Veterinarios De Santa Fe 2da. Circunscripci\u00f3n","url":"https:\/\/cmvsf2.org\/web\/","logo":{"@type":"ImageObject","inLanguage":"es","@id":"https:\/\/cmvsf2.org\/web\/#\/schema\/logo\/image\/","url":"http:\/\/cmvsf2.org\/web\/wp-content\/uploads\/2020\/03\/vector-logo-02.png","contentUrl":"http:\/\/cmvsf2.org\/web\/wp-content\/uploads\/2020\/03\/vector-logo-02.png","width":2750,"height":642,"caption":"Colegio De Veterinarios De Santa Fe 2da. Circunscripci\u00f3n"},"image":{"@id":"https:\/\/cmvsf2.org\/web\/#\/schema\/logo\/image\/"}},{"@type":"Person","@id":"https:\/\/cmvsf2.org\/web\/#\/schema\/person\/46ea3630099a4a3df8d89f07cf5f7520","name":"cmvsf2","image":{"@type":"ImageObject","inLanguage":"es","@id":"https:\/\/secure.gravatar.com\/avatar\/669647b61c77f28f1aa51df04174a5ecb296e9988b4a93d2870666cd1f502cd7?s=96&d=mm&r=g","url":"https:\/\/secure.gravatar.com\/avatar\/669647b61c77f28f1aa51df04174a5ecb296e9988b4a93d2870666cd1f502cd7?s=96&d=mm&r=g","contentUrl":"https:\/\/secure.gravatar.com\/avatar\/669647b61c77f28f1aa51df04174a5ecb296e9988b4a93d2870666cd1f502cd7?s=96&d=mm&r=g","caption":"cmvsf2"}}]}},"_links":{"self":[{"href":"https:\/\/cmvsf2.org\/web\/wp-json\/wp\/v2\/posts\/6368","targetHints":{"allow":["GET"]}}],"collection":[{"href":"https:\/\/cmvsf2.org\/web\/wp-json\/wp\/v2\/posts"}],"about":[{"href":"https:\/\/cmvsf2.org\/web\/wp-json\/wp\/v2\/types\/post"}],"author":[{"embeddable":true,"href":"https:\/\/cmvsf2.org\/web\/wp-json\/wp\/v2\/users\/3"}],"replies":[{"embeddable":true,"href":"https:\/\/cmvsf2.org\/web\/wp-json\/wp\/v2\/comments?post=6368"}],"version-history":[{"count":0,"href":"https:\/\/cmvsf2.org\/web\/wp-json\/wp\/v2\/posts\/6368\/revisions"}],"wp:featuredmedia":[{"embeddable":true,"href":"https:\/\/cmvsf2.org\/web\/wp-json\/wp\/v2\/media\/6371"}],"wp:attachment":[{"href":"https:\/\/cmvsf2.org\/web\/wp-json\/wp\/v2\/media?parent=6368"}],"wp:term":[{"taxonomy":"category","embeddable":true,"href":"https:\/\/cmvsf2.org\/web\/wp-json\/wp\/v2\/categories?post=6368"},{"taxonomy":"post_tag","embeddable":true,"href":"https:\/\/cmvsf2.org\/web\/wp-json\/wp\/v2\/tags?post=6368"}],"curies":[{"name":"wp","href":"https:\/\/api.w.org\/{rel}","templated":true}]}}