{"id":6333,"date":"2020-02-01T09:20:25","date_gmt":"2020-02-01T09:20:25","guid":{"rendered":"http:\/\/sessionstudio.ar\/vet\/web\/?p=6333"},"modified":"2020-02-01T09:20:25","modified_gmt":"2020-02-01T09:20:25","slug":"convocatoria-a-elecciones-2020","status":"publish","type":"post","link":"https:\/\/cmvsf2.org\/web\/2020\/02\/01\/convocatoria-a-elecciones-2020\/","title":{"rendered":"CONVOCATORIA A ELECCIONES 2020"},"content":{"rendered":"<p>El Colegio de M\u00e9dicos Veterinarios de la Provincia de Santa Fe 2\u00b0 Circunscripci\u00f3n (Ley N\u00b0 3950) convoca a todos los profesionales matriculados al 31 de enero de 2020, a <strong><em>elecciones de delegados departamentales<\/em><\/strong> <strong><em>para la constituci\u00f3n del Consejo Asesor que elegir\u00e1 a los miembros de la Mesa Directiva y Tribunal de \u00c9tica por el per\u00edodo 2020\/2023.<\/em><\/strong><br \/>\nLas mismas se realizar\u00e1n del <strong><em>6 de abril hasta las 14 horas del 24 de abril de 2020<\/em><\/strong>.<br \/>\nLas comunicaciones oficiales referidas al acto eleccionario, se realizar\u00e1n a trav\u00e9s de la web institucional y el transparente que se encuentra en el Colegio.<br \/>\nLa Junta Electoral, \u00f3rgano encargado de definir el cronograma electoral y de realizar el escrutinio, est\u00e1 integrada por el Dr. Leandro Bittel (presidente) y las Dras. Gabriela Far\u00edas (secretaria) y Myriam Belaa (vocal).<br \/>\n<strong>Cronograma para la presentaci\u00f3n de listas<\/strong><br \/>\n<strong><em>La fecha tope para presentaci\u00f3n de listas ser\u00e1 el jueves 12 de marzo de 2020 a las 15 horas<\/em><\/strong> y la oficializaci\u00f3n de las mismas se har\u00e1 al d\u00eda siguiente. Posteriormente, se proceder\u00e1 a la publicaci\u00f3n de las listas por departamento y v\u00eda correo electr\u00f3nico, y se enviar\u00e1n por correo postal los sobres para sufragar con las listas presentadas o el padr\u00f3n completo, que se transforma en lista de candidatos en aquellos departamentos en que no haya listas.<br \/>\nLos matriculados que quieran integrar una lista o que quieran ser electos, deber\u00e1n encontrarse al d\u00eda con las obligaciones del Colegio a la fecha de cierre de presentaci\u00f3n de listas, teniendo abonado el primer bimestre del a\u00f1o 2020.<br \/>\n<strong>Padrones<\/strong><br \/>\nEl pasado 31 de enero, la Junta Electoral defini\u00f3 el cierre del padr\u00f3n provisorio por departamento \u00a0que se utilizar\u00e1 para las pr\u00f3ximas elecciones. Cualquier <strong><em>observaci\u00f3n \u00f3 correcci\u00f3n <\/em><\/strong>deber\u00e1 hacerse por nota dirigida a la junta electoral, v\u00eda postal o electr\u00f3nica hasta el 21 de febrero de 2020 a las siguientes direcciones: Suipacha 347 (2000) Rosario o <a href=\"mailto:col.veterinariostafe2@gmail.com\">col.veterinariostafe2@gmail.com<\/a><br \/>\nLas tachas y correcciones ser\u00e1n resueltas hasta 28 de febrero, fecha en que se reunir\u00e1 la Junta Electoral nuevamente y decidir\u00e1 la conformaci\u00f3n del padr\u00f3n definitivo. Este \u00faltimo se publicar\u00e1 el 3 de marzo.<br \/>\n<em><strong>Para evitar confusiones, los links de descarga del padr\u00f3n provisorio por departamento que se encontraban disponible en la comunicaci\u00f3n original, han sido eliminados.<\/strong><\/em><br \/>\n<strong>Informaci\u00f3n importante para los matriculados que deseen emitir su voto<\/strong><br \/>\nAquellos matriculados que no tienen domicilio en la circunscripci\u00f3n deber\u00e1n fijar uno.<br \/>\nLos electores, a los efectos de tomar por v\u00e1lido su sufragio, deber\u00e1n estar al d\u00eda con las obligaciones de pago de matricula o de financiaci\u00f3n de de deudas con el Colegio, pudiendo cancelar las mismas hasta el mismo 24 de abril a las 14 horas.<br \/>\nFinalmente, el nuevo Consejo Asesor se reunir\u00e1 en la primer quincena del mes de mayo a los efectos de elegir de entre su seno a los integrantes de la Mesa Directiva y el Tribunal de \u00c9tica para el per\u00edodo 2020\/ 2023.<br \/>\n<a href=\"https:\/\/cmvsf2.org\/web\/wp-content\/uploads\/2020\/02\/acta-n-1.docx\" target=\"_blank\" rel=\"noopener noreferrer\">LINK DE ACCESO AL TXT COMPLETO DEL ACTA N\u00ba 1 DE LA JUNTA ELECTORAL<\/a><\/p>\n","protected":false},"excerpt":{"rendered":"<p>El Colegio de M\u00e9dicos Veterinarios de la Provincia de Santa Fe 2\u00b0 Circunscripci\u00f3n (Ley N\u00b0 3950) convoca a todos los profesionales matriculados al 31 de enero de 2020, a elecciones de delegados departamentales para la constituci\u00f3n del Consejo Asesor que elegir\u00e1 a los miembros de la Mesa Directiva y Tribunal de \u00c9tica por el per\u00edodo 2020\/2023. Las mismas se realizar\u00e1n del 6 de abril [&hellip;]<\/p>\n","protected":false},"author":3,"featured_media":6347,"comment_status":"open","ping_status":"open","sticky":false,"template":"","format":"standard","meta":{"_acf_changed":false,"footnotes":""},"categories":[36,343,345],"tags":[162,163,371,372,373,374,365,175],"class_list":["post-6333","post","type-post","status-publish","format-standard","has-post-thumbnail","hentry","category-agenda2","category-destacada","category-institucionales","tag-autoridades","tag-consejo-asesor","tag-elecciones","tag-elecciones-2020","tag-junta-electoral","tag-padrones","tag-veterinarias","tag-veterinarios"],"acf":[],"yoast_head":"<!-- This site is optimized with the Yoast SEO plugin v28.2 - https:\/\/yoast.com\/product\/yoast-seo-wordpress\/ -->\n<title>CONVOCATORIA A ELECCIONES 2020 - Colegio De Veterinarios De Santa Fe 2da. Circunscripci\u00f3n<\/title>\n<meta name=\"description\" content=\"El Colegio de M\u00e9dicos Veterinarios de la Provincia de Santa Fe 2\u00b0 Circunscripci\u00f3n (Ley N\u00b0 3950) convoca a todos los profesionales matriculados al 31 de\" \/>\n<meta name=\"robots\" content=\"index, follow, max-snippet:-1, max-image-preview:large, max-video-preview:-1\" \/>\n<link rel=\"canonical\" href=\"https:\/\/cmvsf2.org\/web\/2020\/02\/01\/convocatoria-a-elecciones-2020\/\" \/>\n<meta property=\"og:locale\" content=\"es_ES\" \/>\n<meta property=\"og:type\" content=\"article\" \/>\n<meta property=\"og:title\" content=\"CONVOCATORIA A ELECCIONES 2020 - Colegio De Veterinarios De Santa Fe 2da. Circunscripci\u00f3n\" \/>\n<meta property=\"og:description\" content=\"El Colegio de M\u00e9dicos Veterinarios de la Provincia de Santa Fe 2\u00b0 Circunscripci\u00f3n (Ley N\u00b0 3950) convoca a todos los profesionales matriculados al 31 de\" \/>\n<meta property=\"og:url\" content=\"https:\/\/cmvsf2.org\/web\/2020\/02\/01\/convocatoria-a-elecciones-2020\/\" \/>\n<meta property=\"og:site_name\" content=\"Colegio De Veterinarios De Santa Fe 2da. Circunscripci\u00f3n\" \/>\n<meta property=\"article:published_time\" content=\"2020-02-01T09:20:25+00:00\" \/>\n<meta property=\"og:image\" content=\"https:\/\/cmvsf2.org\/web\/wp-content\/uploads\/2020\/02\/imagen-elecciones-2020.png\" \/>\n\t<meta property=\"og:image:width\" content=\"820\" \/>\n\t<meta property=\"og:image:height\" content=\"312\" \/>\n\t<meta property=\"og:image:type\" content=\"image\/png\" \/>\n<meta name=\"author\" content=\"cmvsf2\" \/>\n<meta name=\"twitter:card\" content=\"summary_large_image\" \/>\n<meta name=\"twitter:label1\" content=\"Escrito por\" \/>\n\t<meta name=\"twitter:data1\" content=\"cmvsf2\" \/>\n\t<meta name=\"twitter:label2\" content=\"Tiempo de lectura\" \/>\n\t<meta name=\"twitter:data2\" content=\"3 minutos\" \/>\n<script type=\"application\/ld+json\" class=\"yoast-schema-graph\">{\"@context\":\"https:\\\/\\\/schema.org\",\"@graph\":[{\"@type\":\"Article\",\"@id\":\"https:\\\/\\\/cmvsf2.org\\\/web\\\/2020\\\/02\\\/01\\\/convocatoria-a-elecciones-2020\\\/#article\",\"isPartOf\":{\"@id\":\"https:\\\/\\\/cmvsf2.org\\\/web\\\/2020\\\/02\\\/01\\\/convocatoria-a-elecciones-2020\\\/\"},\"author\":{\"name\":\"cmvsf2\",\"@id\":\"https:\\\/\\\/cmvsf2.org\\\/web\\\/#\\\/schema\\\/person\\\/46ea3630099a4a3df8d89f07cf5f7520\"},\"headline\":\"CONVOCATORIA A ELECCIONES 2020\",\"datePublished\":\"2020-02-01T09:20:25+00:00\",\"mainEntityOfPage\":{\"@id\":\"https:\\\/\\\/cmvsf2.org\\\/web\\\/2020\\\/02\\\/01\\\/convocatoria-a-elecciones-2020\\\/\"},\"wordCount\":510,\"commentCount\":0,\"publisher\":{\"@id\":\"https:\\\/\\\/cmvsf2.org\\\/web\\\/#organization\"},\"image\":{\"@id\":\"https:\\\/\\\/cmvsf2.org\\\/web\\\/2020\\\/02\\\/01\\\/convocatoria-a-elecciones-2020\\\/#primaryimage\"},\"thumbnailUrl\":\"https:\\\/\\\/cmvsf2.org\\\/web\\\/wp-content\\\/uploads\\\/2020\\\/02\\\/imagen-elecciones-2020.png\",\"keywords\":[\"autoridades\",\"consejo asesor\",\"elecciones\",\"elecciones 2020\",\"junta electoral\",\"padrones\",\"veterinarias\",\"veterinarios\"],\"articleSection\":[\"Agenda\",\"Destacada\",\"Institucionales\"],\"inLanguage\":\"es\"},{\"@type\":\"WebPage\",\"@id\":\"https:\\\/\\\/cmvsf2.org\\\/web\\\/2020\\\/02\\\/01\\\/convocatoria-a-elecciones-2020\\\/\",\"url\":\"https:\\\/\\\/cmvsf2.org\\\/web\\\/2020\\\/02\\\/01\\\/convocatoria-a-elecciones-2020\\\/\",\"name\":\"CONVOCATORIA A ELECCIONES 2020 - Colegio De Veterinarios De Santa Fe 2da. Circunscripci\u00f3n\",\"isPartOf\":{\"@id\":\"https:\\\/\\\/cmvsf2.org\\\/web\\\/#website\"},\"primaryImageOfPage\":{\"@id\":\"https:\\\/\\\/cmvsf2.org\\\/web\\\/2020\\\/02\\\/01\\\/convocatoria-a-elecciones-2020\\\/#primaryimage\"},\"image\":{\"@id\":\"https:\\\/\\\/cmvsf2.org\\\/web\\\/2020\\\/02\\\/01\\\/convocatoria-a-elecciones-2020\\\/#primaryimage\"},\"thumbnailUrl\":\"https:\\\/\\\/cmvsf2.org\\\/web\\\/wp-content\\\/uploads\\\/2020\\\/02\\\/imagen-elecciones-2020.png\",\"datePublished\":\"2020-02-01T09:20:25+00:00\",\"description\":\"El Colegio de M\u00e9dicos Veterinarios de la Provincia de Santa Fe 2\u00b0 Circunscripci\u00f3n (Ley N\u00b0 3950) convoca a todos los profesionales matriculados al 31 de\",\"breadcrumb\":{\"@id\":\"https:\\\/\\\/cmvsf2.org\\\/web\\\/2020\\\/02\\\/01\\\/convocatoria-a-elecciones-2020\\\/#breadcrumb\"},\"inLanguage\":\"es\",\"potentialAction\":[{\"@type\":\"ReadAction\",\"target\":[\"https:\\\/\\\/cmvsf2.org\\\/web\\\/2020\\\/02\\\/01\\\/convocatoria-a-elecciones-2020\\\/\"]}]},{\"@type\":\"ImageObject\",\"inLanguage\":\"es\",\"@id\":\"https:\\\/\\\/cmvsf2.org\\\/web\\\/2020\\\/02\\\/01\\\/convocatoria-a-elecciones-2020\\\/#primaryimage\",\"url\":\"https:\\\/\\\/cmvsf2.org\\\/web\\\/wp-content\\\/uploads\\\/2020\\\/02\\\/imagen-elecciones-2020.png\",\"contentUrl\":\"https:\\\/\\\/cmvsf2.org\\\/web\\\/wp-content\\\/uploads\\\/2020\\\/02\\\/imagen-elecciones-2020.png\",\"width\":820,\"height\":312},{\"@type\":\"BreadcrumbList\",\"@id\":\"https:\\\/\\\/cmvsf2.org\\\/web\\\/2020\\\/02\\\/01\\\/convocatoria-a-elecciones-2020\\\/#breadcrumb\",\"itemListElement\":[{\"@type\":\"ListItem\",\"position\":1,\"name\":\"Portada\",\"item\":\"https:\\\/\\\/cmvsf2.org\\\/web\\\/\"},{\"@type\":\"ListItem\",\"position\":2,\"name\":\"CONVOCATORIA A ELECCIONES 2020\"}]},{\"@type\":\"WebSite\",\"@id\":\"https:\\\/\\\/cmvsf2.org\\\/web\\\/#website\",\"url\":\"https:\\\/\\\/cmvsf2.org\\\/web\\\/\",\"name\":\"Colegio De Veterinarios De Santa Fe 2da. Circunscripci\u00f3n\",\"description\":\"Sitio institucional del Colegio de M\u00e9dicos Veterinario de Santa Fe 2da. Circunscripci\u00f3n\",\"publisher\":{\"@id\":\"https:\\\/\\\/cmvsf2.org\\\/web\\\/#organization\"},\"potentialAction\":[{\"@type\":\"SearchAction\",\"target\":{\"@type\":\"EntryPoint\",\"urlTemplate\":\"https:\\\/\\\/cmvsf2.org\\\/web\\\/?s={search_term_string}\"},\"query-input\":{\"@type\":\"PropertyValueSpecification\",\"valueRequired\":true,\"valueName\":\"search_term_string\"}}],\"inLanguage\":\"es\"},{\"@type\":\"Organization\",\"@id\":\"https:\\\/\\\/cmvsf2.org\\\/web\\\/#organization\",\"name\":\"Colegio De Veterinarios De Santa Fe 2da. Circunscripci\u00f3n\",\"url\":\"https:\\\/\\\/cmvsf2.org\\\/web\\\/\",\"logo\":{\"@type\":\"ImageObject\",\"inLanguage\":\"es\",\"@id\":\"https:\\\/\\\/cmvsf2.org\\\/web\\\/#\\\/schema\\\/logo\\\/image\\\/\",\"url\":\"http:\\\/\\\/cmvsf2.org\\\/web\\\/wp-content\\\/uploads\\\/2020\\\/03\\\/vector-logo-02.png\",\"contentUrl\":\"http:\\\/\\\/cmvsf2.org\\\/web\\\/wp-content\\\/uploads\\\/2020\\\/03\\\/vector-logo-02.png\",\"width\":2750,\"height\":642,\"caption\":\"Colegio De Veterinarios De Santa Fe 2da. Circunscripci\u00f3n\"},\"image\":{\"@id\":\"https:\\\/\\\/cmvsf2.org\\\/web\\\/#\\\/schema\\\/logo\\\/image\\\/\"}},{\"@type\":\"Person\",\"@id\":\"https:\\\/\\\/cmvsf2.org\\\/web\\\/#\\\/schema\\\/person\\\/46ea3630099a4a3df8d89f07cf5f7520\",\"name\":\"cmvsf2\",\"image\":{\"@type\":\"ImageObject\",\"inLanguage\":\"es\",\"@id\":\"https:\\\/\\\/secure.gravatar.com\\\/avatar\\\/669647b61c77f28f1aa51df04174a5ecb296e9988b4a93d2870666cd1f502cd7?s=96&d=mm&r=g\",\"url\":\"https:\\\/\\\/secure.gravatar.com\\\/avatar\\\/669647b61c77f28f1aa51df04174a5ecb296e9988b4a93d2870666cd1f502cd7?s=96&d=mm&r=g\",\"contentUrl\":\"https:\\\/\\\/secure.gravatar.com\\\/avatar\\\/669647b61c77f28f1aa51df04174a5ecb296e9988b4a93d2870666cd1f502cd7?s=96&d=mm&r=g\",\"caption\":\"cmvsf2\"}}]}<\/script>\n<!-- \/ Yoast SEO plugin. -->","yoast_head_json":{"title":"CONVOCATORIA A ELECCIONES 2020 - Colegio De Veterinarios De Santa Fe 2da. Circunscripci\u00f3n","description":"El Colegio de M\u00e9dicos Veterinarios de la Provincia de Santa Fe 2\u00b0 Circunscripci\u00f3n (Ley N\u00b0 3950) convoca a todos los profesionales matriculados al 31 de","robots":{"index":"index","follow":"follow","max-snippet":"max-snippet:-1","max-image-preview":"max-image-preview:large","max-video-preview":"max-video-preview:-1"},"canonical":"https:\/\/cmvsf2.org\/web\/2020\/02\/01\/convocatoria-a-elecciones-2020\/","og_locale":"es_ES","og_type":"article","og_title":"CONVOCATORIA A ELECCIONES 2020 - Colegio De Veterinarios De Santa Fe 2da. Circunscripci\u00f3n","og_description":"El Colegio de M\u00e9dicos Veterinarios de la Provincia de Santa Fe 2\u00b0 Circunscripci\u00f3n (Ley N\u00b0 3950) convoca a todos los profesionales matriculados al 31 de","og_url":"https:\/\/cmvsf2.org\/web\/2020\/02\/01\/convocatoria-a-elecciones-2020\/","og_site_name":"Colegio De Veterinarios De Santa Fe 2da. Circunscripci\u00f3n","article_published_time":"2020-02-01T09:20:25+00:00","og_image":[{"width":820,"height":312,"url":"https:\/\/cmvsf2.org\/web\/wp-content\/uploads\/2020\/02\/imagen-elecciones-2020.png","type":"image\/png"}],"author":"cmvsf2","twitter_card":"summary_large_image","twitter_misc":{"Escrito por":"cmvsf2","Tiempo de lectura":"3 minutos"},"schema":{"@context":"https:\/\/schema.org","@graph":[{"@type":"Article","@id":"https:\/\/cmvsf2.org\/web\/2020\/02\/01\/convocatoria-a-elecciones-2020\/#article","isPartOf":{"@id":"https:\/\/cmvsf2.org\/web\/2020\/02\/01\/convocatoria-a-elecciones-2020\/"},"author":{"name":"cmvsf2","@id":"https:\/\/cmvsf2.org\/web\/#\/schema\/person\/46ea3630099a4a3df8d89f07cf5f7520"},"headline":"CONVOCATORIA A ELECCIONES 2020","datePublished":"2020-02-01T09:20:25+00:00","mainEntityOfPage":{"@id":"https:\/\/cmvsf2.org\/web\/2020\/02\/01\/convocatoria-a-elecciones-2020\/"},"wordCount":510,"commentCount":0,"publisher":{"@id":"https:\/\/cmvsf2.org\/web\/#organization"},"image":{"@id":"https:\/\/cmvsf2.org\/web\/2020\/02\/01\/convocatoria-a-elecciones-2020\/#primaryimage"},"thumbnailUrl":"https:\/\/cmvsf2.org\/web\/wp-content\/uploads\/2020\/02\/imagen-elecciones-2020.png","keywords":["autoridades","consejo asesor","elecciones","elecciones 2020","junta electoral","padrones","veterinarias","veterinarios"],"articleSection":["Agenda","Destacada","Institucionales"],"inLanguage":"es"},{"@type":"WebPage","@id":"https:\/\/cmvsf2.org\/web\/2020\/02\/01\/convocatoria-a-elecciones-2020\/","url":"https:\/\/cmvsf2.org\/web\/2020\/02\/01\/convocatoria-a-elecciones-2020\/","name":"CONVOCATORIA A ELECCIONES 2020 - Colegio De Veterinarios De Santa Fe 2da. Circunscripci\u00f3n","isPartOf":{"@id":"https:\/\/cmvsf2.org\/web\/#website"},"primaryImageOfPage":{"@id":"https:\/\/cmvsf2.org\/web\/2020\/02\/01\/convocatoria-a-elecciones-2020\/#primaryimage"},"image":{"@id":"https:\/\/cmvsf2.org\/web\/2020\/02\/01\/convocatoria-a-elecciones-2020\/#primaryimage"},"thumbnailUrl":"https:\/\/cmvsf2.org\/web\/wp-content\/uploads\/2020\/02\/imagen-elecciones-2020.png","datePublished":"2020-02-01T09:20:25+00:00","description":"El Colegio de M\u00e9dicos Veterinarios de la Provincia de Santa Fe 2\u00b0 Circunscripci\u00f3n (Ley N\u00b0 3950) convoca a todos los profesionales matriculados al 31 de","breadcrumb":{"@id":"https:\/\/cmvsf2.org\/web\/2020\/02\/01\/convocatoria-a-elecciones-2020\/#breadcrumb"},"inLanguage":"es","potentialAction":[{"@type":"ReadAction","target":["https:\/\/cmvsf2.org\/web\/2020\/02\/01\/convocatoria-a-elecciones-2020\/"]}]},{"@type":"ImageObject","inLanguage":"es","@id":"https:\/\/cmvsf2.org\/web\/2020\/02\/01\/convocatoria-a-elecciones-2020\/#primaryimage","url":"https:\/\/cmvsf2.org\/web\/wp-content\/uploads\/2020\/02\/imagen-elecciones-2020.png","contentUrl":"https:\/\/cmvsf2.org\/web\/wp-content\/uploads\/2020\/02\/imagen-elecciones-2020.png","width":820,"height":312},{"@type":"BreadcrumbList","@id":"https:\/\/cmvsf2.org\/web\/2020\/02\/01\/convocatoria-a-elecciones-2020\/#breadcrumb","itemListElement":[{"@type":"ListItem","position":1,"name":"Portada","item":"https:\/\/cmvsf2.org\/web\/"},{"@type":"ListItem","position":2,"name":"CONVOCATORIA A ELECCIONES 2020"}]},{"@type":"WebSite","@id":"https:\/\/cmvsf2.org\/web\/#website","url":"https:\/\/cmvsf2.org\/web\/","name":"Colegio De Veterinarios De Santa Fe 2da. Circunscripci\u00f3n","description":"Sitio institucional del Colegio de M\u00e9dicos Veterinario de Santa Fe 2da. Circunscripci\u00f3n","publisher":{"@id":"https:\/\/cmvsf2.org\/web\/#organization"},"potentialAction":[{"@type":"SearchAction","target":{"@type":"EntryPoint","urlTemplate":"https:\/\/cmvsf2.org\/web\/?s={search_term_string}"},"query-input":{"@type":"PropertyValueSpecification","valueRequired":true,"valueName":"search_term_string"}}],"inLanguage":"es"},{"@type":"Organization","@id":"https:\/\/cmvsf2.org\/web\/#organization","name":"Colegio De Veterinarios De Santa Fe 2da. Circunscripci\u00f3n","url":"https:\/\/cmvsf2.org\/web\/","logo":{"@type":"ImageObject","inLanguage":"es","@id":"https:\/\/cmvsf2.org\/web\/#\/schema\/logo\/image\/","url":"http:\/\/cmvsf2.org\/web\/wp-content\/uploads\/2020\/03\/vector-logo-02.png","contentUrl":"http:\/\/cmvsf2.org\/web\/wp-content\/uploads\/2020\/03\/vector-logo-02.png","width":2750,"height":642,"caption":"Colegio De Veterinarios De Santa Fe 2da. Circunscripci\u00f3n"},"image":{"@id":"https:\/\/cmvsf2.org\/web\/#\/schema\/logo\/image\/"}},{"@type":"Person","@id":"https:\/\/cmvsf2.org\/web\/#\/schema\/person\/46ea3630099a4a3df8d89f07cf5f7520","name":"cmvsf2","image":{"@type":"ImageObject","inLanguage":"es","@id":"https:\/\/secure.gravatar.com\/avatar\/669647b61c77f28f1aa51df04174a5ecb296e9988b4a93d2870666cd1f502cd7?s=96&d=mm&r=g","url":"https:\/\/secure.gravatar.com\/avatar\/669647b61c77f28f1aa51df04174a5ecb296e9988b4a93d2870666cd1f502cd7?s=96&d=mm&r=g","contentUrl":"https:\/\/secure.gravatar.com\/avatar\/669647b61c77f28f1aa51df04174a5ecb296e9988b4a93d2870666cd1f502cd7?s=96&d=mm&r=g","caption":"cmvsf2"}}]}},"_links":{"self":[{"href":"https:\/\/cmvsf2.org\/web\/wp-json\/wp\/v2\/posts\/6333","targetHints":{"allow":["GET"]}}],"collection":[{"href":"https:\/\/cmvsf2.org\/web\/wp-json\/wp\/v2\/posts"}],"about":[{"href":"https:\/\/cmvsf2.org\/web\/wp-json\/wp\/v2\/types\/post"}],"author":[{"embeddable":true,"href":"https:\/\/cmvsf2.org\/web\/wp-json\/wp\/v2\/users\/3"}],"replies":[{"embeddable":true,"href":"https:\/\/cmvsf2.org\/web\/wp-json\/wp\/v2\/comments?post=6333"}],"version-history":[{"count":0,"href":"https:\/\/cmvsf2.org\/web\/wp-json\/wp\/v2\/posts\/6333\/revisions"}],"wp:featuredmedia":[{"embeddable":true,"href":"https:\/\/cmvsf2.org\/web\/wp-json\/wp\/v2\/media\/6347"}],"wp:attachment":[{"href":"https:\/\/cmvsf2.org\/web\/wp-json\/wp\/v2\/media?parent=6333"}],"wp:term":[{"taxonomy":"category","embeddable":true,"href":"https:\/\/cmvsf2.org\/web\/wp-json\/wp\/v2\/categories?post=6333"},{"taxonomy":"post_tag","embeddable":true,"href":"https:\/\/cmvsf2.org\/web\/wp-json\/wp\/v2\/tags?post=6333"}],"curies":[{"name":"wp","href":"https:\/\/api.w.org\/{rel}","templated":true}]}}