{"id":6319,"date":"2020-01-25T04:13:15","date_gmt":"2020-01-25T04:13:15","guid":{"rendered":"http:\/\/sessionstudio.ar\/vet\/web\/?p=6319"},"modified":"2020-01-25T04:13:15","modified_gmt":"2020-01-25T04:13:15","slug":"se-recuerda-la-vigencia-del-beneficio-de-pago-anual-de-los-derechos-de-matricula","status":"publish","type":"post","link":"https:\/\/cmvsf2.org\/web\/2020\/01\/25\/se-recuerda-la-vigencia-del-beneficio-de-pago-anual-de-los-derechos-de-matricula\/","title":{"rendered":"SE RECUERDA LA VIGENCIA DEL BENEFICIO DE PAGO ANUAL DE LOS DERECHOS DE MATR\u00cdCULA"},"content":{"rendered":"<p>El Colegio de M\u00e9dicos Veterinarios de la Provincia de Santa Fe 2\u00ba Circunscripci\u00f3n, recuerda la vigencia de la Resoluci\u00f3n N\u00ba 5053 de 2017, que establece la posibilidad de realizar el pago de los derechos de matr\u00edcula anuales en un solo pago total al vencimiento del primer bimestre del a\u00f1o con el mismo valor para el total de los seis bimestres establecidos.<br \/>\nEn ese sentido, se informa que los vencimientos del primer bimestre 2020 ser\u00e1n:<br \/>\n1er. Vencimiento: 25\/02\/2020<br \/>\n2do. Vencimiento: 09\/03\/2020<br \/>\nPara acceder a esta forma de pago, el matriculado deber\u00e1 encontrarse al d\u00eda con sus obligaciones para con la instituci\u00f3n, es decir, no tener deuda alguna pendiente por ning\u00fan concepto.<br \/>\nAsimismo, se ruega no olvidar el env\u00edo del comprobante correspondiente para los casos de transferencias o dep\u00f3sitos bancarios, con el fin de que se pueda identificar al titular de los mismos.<\/p>\n","protected":false},"excerpt":{"rendered":"<p>El Colegio de M\u00e9dicos Veterinarios de la Provincia de Santa Fe 2\u00ba Circunscripci\u00f3n, recuerda la vigencia de la Resoluci\u00f3n N\u00ba 5053 de 2017, que establece la posibilidad de realizar el pago de los derechos de matr\u00edcula anuales en un solo pago total al vencimiento del primer bimestre del a\u00f1o con el mismo valor para el total de los seis bimestres establecidos. En ese sentido, [&hellip;]<\/p>\n","protected":false},"author":3,"featured_media":6320,"comment_status":"open","ping_status":"open","sticky":false,"template":"","format":"standard","meta":{"_acf_changed":false,"footnotes":""},"categories":[343,345],"tags":[367,118,298,274],"class_list":["post-6319","post","type-post","status-publish","format-standard","has-post-thumbnail","hentry","category-destacada","category-institucionales","tag-beneficio","tag-matricula","tag-matriculados","tag-pago"],"acf":[],"yoast_head":"<!-- This site is optimized with the Yoast SEO plugin v28.2 - https:\/\/yoast.com\/product\/yoast-seo-wordpress\/ -->\n<title>SE RECUERDA LA VIGENCIA DEL BENEFICIO DE PAGO ANUAL DE LOS DERECHOS DE MATR\u00cdCULA - Colegio De Veterinarios De Santa Fe 2da. Circunscripci\u00f3n<\/title>\n<meta name=\"description\" content=\"El Colegio de M\u00e9dicos Veterinarios de la Provincia de Santa Fe 2\u00ba Circunscripci\u00f3n, recuerda la vigencia de la Resoluci\u00f3n N\u00ba 5053 de 2017, que establece la\" \/>\n<meta name=\"robots\" content=\"index, follow, max-snippet:-1, max-image-preview:large, max-video-preview:-1\" \/>\n<link rel=\"canonical\" href=\"https:\/\/cmvsf2.org\/web\/2020\/01\/25\/se-recuerda-la-vigencia-del-beneficio-de-pago-anual-de-los-derechos-de-matricula\/\" \/>\n<meta property=\"og:locale\" content=\"es_ES\" \/>\n<meta property=\"og:type\" content=\"article\" \/>\n<meta property=\"og:title\" content=\"SE RECUERDA LA VIGENCIA DEL BENEFICIO DE PAGO ANUAL DE LOS DERECHOS DE MATR\u00cdCULA - Colegio De Veterinarios De Santa Fe 2da. Circunscripci\u00f3n\" \/>\n<meta property=\"og:description\" content=\"El Colegio de M\u00e9dicos Veterinarios de la Provincia de Santa Fe 2\u00ba Circunscripci\u00f3n, recuerda la vigencia de la Resoluci\u00f3n N\u00ba 5053 de 2017, que establece la\" \/>\n<meta property=\"og:url\" content=\"https:\/\/cmvsf2.org\/web\/2020\/01\/25\/se-recuerda-la-vigencia-del-beneficio-de-pago-anual-de-los-derechos-de-matricula\/\" \/>\n<meta property=\"og:site_name\" content=\"Colegio De Veterinarios De Santa Fe 2da. Circunscripci\u00f3n\" \/>\n<meta property=\"article:published_time\" content=\"2020-01-25T04:13:15+00:00\" \/>\n<meta property=\"og:image\" content=\"https:\/\/cmvsf2.org\/web\/wp-content\/uploads\/2020\/09\/logo.png\" \/>\n\t<meta property=\"og:image:width\" content=\"441\" \/>\n\t<meta property=\"og:image:height\" content=\"100\" \/>\n\t<meta property=\"og:image:type\" content=\"image\/png\" \/>\n<meta name=\"author\" content=\"cmvsf2\" \/>\n<meta name=\"twitter:card\" content=\"summary_large_image\" \/>\n<meta name=\"twitter:label1\" content=\"Escrito por\" \/>\n\t<meta name=\"twitter:data1\" content=\"cmvsf2\" \/>\n\t<meta name=\"twitter:label2\" content=\"Tiempo de lectura\" \/>\n\t<meta name=\"twitter:data2\" content=\"1 minuto\" \/>\n<script type=\"application\/ld+json\" class=\"yoast-schema-graph\">{\"@context\":\"https:\\\/\\\/schema.org\",\"@graph\":[{\"@type\":\"Article\",\"@id\":\"https:\\\/\\\/cmvsf2.org\\\/web\\\/2020\\\/01\\\/25\\\/se-recuerda-la-vigencia-del-beneficio-de-pago-anual-de-los-derechos-de-matricula\\\/#article\",\"isPartOf\":{\"@id\":\"https:\\\/\\\/cmvsf2.org\\\/web\\\/2020\\\/01\\\/25\\\/se-recuerda-la-vigencia-del-beneficio-de-pago-anual-de-los-derechos-de-matricula\\\/\"},\"author\":{\"name\":\"cmvsf2\",\"@id\":\"https:\\\/\\\/cmvsf2.org\\\/web\\\/#\\\/schema\\\/person\\\/46ea3630099a4a3df8d89f07cf5f7520\"},\"headline\":\"SE RECUERDA LA VIGENCIA DEL BENEFICIO DE PAGO ANUAL DE LOS DERECHOS DE MATR\u00cdCULA\",\"datePublished\":\"2020-01-25T04:13:15+00:00\",\"mainEntityOfPage\":{\"@id\":\"https:\\\/\\\/cmvsf2.org\\\/web\\\/2020\\\/01\\\/25\\\/se-recuerda-la-vigencia-del-beneficio-de-pago-anual-de-los-derechos-de-matricula\\\/\"},\"wordCount\":161,\"commentCount\":0,\"publisher\":{\"@id\":\"https:\\\/\\\/cmvsf2.org\\\/web\\\/#organization\"},\"image\":{\"@id\":\"https:\\\/\\\/cmvsf2.org\\\/web\\\/2020\\\/01\\\/25\\\/se-recuerda-la-vigencia-del-beneficio-de-pago-anual-de-los-derechos-de-matricula\\\/#primaryimage\"},\"thumbnailUrl\":\"\",\"keywords\":[\"beneficio\",\"matricula\",\"matriculados\",\"pago\"],\"articleSection\":[\"Destacada\",\"Institucionales\"],\"inLanguage\":\"es\"},{\"@type\":\"WebPage\",\"@id\":\"https:\\\/\\\/cmvsf2.org\\\/web\\\/2020\\\/01\\\/25\\\/se-recuerda-la-vigencia-del-beneficio-de-pago-anual-de-los-derechos-de-matricula\\\/\",\"url\":\"https:\\\/\\\/cmvsf2.org\\\/web\\\/2020\\\/01\\\/25\\\/se-recuerda-la-vigencia-del-beneficio-de-pago-anual-de-los-derechos-de-matricula\\\/\",\"name\":\"SE RECUERDA LA VIGENCIA DEL BENEFICIO DE PAGO ANUAL DE LOS DERECHOS DE MATR\u00cdCULA - Colegio De Veterinarios De Santa Fe 2da. Circunscripci\u00f3n\",\"isPartOf\":{\"@id\":\"https:\\\/\\\/cmvsf2.org\\\/web\\\/#website\"},\"primaryImageOfPage\":{\"@id\":\"https:\\\/\\\/cmvsf2.org\\\/web\\\/2020\\\/01\\\/25\\\/se-recuerda-la-vigencia-del-beneficio-de-pago-anual-de-los-derechos-de-matricula\\\/#primaryimage\"},\"image\":{\"@id\":\"https:\\\/\\\/cmvsf2.org\\\/web\\\/2020\\\/01\\\/25\\\/se-recuerda-la-vigencia-del-beneficio-de-pago-anual-de-los-derechos-de-matricula\\\/#primaryimage\"},\"thumbnailUrl\":\"\",\"datePublished\":\"2020-01-25T04:13:15+00:00\",\"description\":\"El Colegio de M\u00e9dicos Veterinarios de la Provincia de Santa Fe 2\u00ba Circunscripci\u00f3n, recuerda la vigencia de la Resoluci\u00f3n N\u00ba 5053 de 2017, que establece la\",\"breadcrumb\":{\"@id\":\"https:\\\/\\\/cmvsf2.org\\\/web\\\/2020\\\/01\\\/25\\\/se-recuerda-la-vigencia-del-beneficio-de-pago-anual-de-los-derechos-de-matricula\\\/#breadcrumb\"},\"inLanguage\":\"es\",\"potentialAction\":[{\"@type\":\"ReadAction\",\"target\":[\"https:\\\/\\\/cmvsf2.org\\\/web\\\/2020\\\/01\\\/25\\\/se-recuerda-la-vigencia-del-beneficio-de-pago-anual-de-los-derechos-de-matricula\\\/\"]}]},{\"@type\":\"ImageObject\",\"inLanguage\":\"es\",\"@id\":\"https:\\\/\\\/cmvsf2.org\\\/web\\\/2020\\\/01\\\/25\\\/se-recuerda-la-vigencia-del-beneficio-de-pago-anual-de-los-derechos-de-matricula\\\/#primaryimage\",\"url\":\"\",\"contentUrl\":\"\"},{\"@type\":\"BreadcrumbList\",\"@id\":\"https:\\\/\\\/cmvsf2.org\\\/web\\\/2020\\\/01\\\/25\\\/se-recuerda-la-vigencia-del-beneficio-de-pago-anual-de-los-derechos-de-matricula\\\/#breadcrumb\",\"itemListElement\":[{\"@type\":\"ListItem\",\"position\":1,\"name\":\"Portada\",\"item\":\"https:\\\/\\\/cmvsf2.org\\\/web\\\/\"},{\"@type\":\"ListItem\",\"position\":2,\"name\":\"SE RECUERDA LA VIGENCIA DEL BENEFICIO DE PAGO ANUAL DE LOS DERECHOS DE MATR\u00cdCULA\"}]},{\"@type\":\"WebSite\",\"@id\":\"https:\\\/\\\/cmvsf2.org\\\/web\\\/#website\",\"url\":\"https:\\\/\\\/cmvsf2.org\\\/web\\\/\",\"name\":\"Colegio De Veterinarios De Santa Fe 2da. Circunscripci\u00f3n\",\"description\":\"Sitio institucional del Colegio de M\u00e9dicos Veterinario de Santa Fe 2da. Circunscripci\u00f3n\",\"publisher\":{\"@id\":\"https:\\\/\\\/cmvsf2.org\\\/web\\\/#organization\"},\"potentialAction\":[{\"@type\":\"SearchAction\",\"target\":{\"@type\":\"EntryPoint\",\"urlTemplate\":\"https:\\\/\\\/cmvsf2.org\\\/web\\\/?s={search_term_string}\"},\"query-input\":{\"@type\":\"PropertyValueSpecification\",\"valueRequired\":true,\"valueName\":\"search_term_string\"}}],\"inLanguage\":\"es\"},{\"@type\":\"Organization\",\"@id\":\"https:\\\/\\\/cmvsf2.org\\\/web\\\/#organization\",\"name\":\"Colegio De Veterinarios De Santa Fe 2da. Circunscripci\u00f3n\",\"url\":\"https:\\\/\\\/cmvsf2.org\\\/web\\\/\",\"logo\":{\"@type\":\"ImageObject\",\"inLanguage\":\"es\",\"@id\":\"https:\\\/\\\/cmvsf2.org\\\/web\\\/#\\\/schema\\\/logo\\\/image\\\/\",\"url\":\"http:\\\/\\\/cmvsf2.org\\\/web\\\/wp-content\\\/uploads\\\/2020\\\/03\\\/vector-logo-02.png\",\"contentUrl\":\"http:\\\/\\\/cmvsf2.org\\\/web\\\/wp-content\\\/uploads\\\/2020\\\/03\\\/vector-logo-02.png\",\"width\":2750,\"height\":642,\"caption\":\"Colegio De Veterinarios De Santa Fe 2da. Circunscripci\u00f3n\"},\"image\":{\"@id\":\"https:\\\/\\\/cmvsf2.org\\\/web\\\/#\\\/schema\\\/logo\\\/image\\\/\"}},{\"@type\":\"Person\",\"@id\":\"https:\\\/\\\/cmvsf2.org\\\/web\\\/#\\\/schema\\\/person\\\/46ea3630099a4a3df8d89f07cf5f7520\",\"name\":\"cmvsf2\",\"image\":{\"@type\":\"ImageObject\",\"inLanguage\":\"es\",\"@id\":\"https:\\\/\\\/secure.gravatar.com\\\/avatar\\\/669647b61c77f28f1aa51df04174a5ecb296e9988b4a93d2870666cd1f502cd7?s=96&d=mm&r=g\",\"url\":\"https:\\\/\\\/secure.gravatar.com\\\/avatar\\\/669647b61c77f28f1aa51df04174a5ecb296e9988b4a93d2870666cd1f502cd7?s=96&d=mm&r=g\",\"contentUrl\":\"https:\\\/\\\/secure.gravatar.com\\\/avatar\\\/669647b61c77f28f1aa51df04174a5ecb296e9988b4a93d2870666cd1f502cd7?s=96&d=mm&r=g\",\"caption\":\"cmvsf2\"}}]}<\/script>\n<!-- \/ Yoast SEO plugin. -->","yoast_head_json":{"title":"SE RECUERDA LA VIGENCIA DEL BENEFICIO DE PAGO ANUAL DE LOS DERECHOS DE MATR\u00cdCULA - Colegio De Veterinarios De Santa Fe 2da. Circunscripci\u00f3n","description":"El Colegio de M\u00e9dicos Veterinarios de la Provincia de Santa Fe 2\u00ba Circunscripci\u00f3n, recuerda la vigencia de la Resoluci\u00f3n N\u00ba 5053 de 2017, que establece la","robots":{"index":"index","follow":"follow","max-snippet":"max-snippet:-1","max-image-preview":"max-image-preview:large","max-video-preview":"max-video-preview:-1"},"canonical":"https:\/\/cmvsf2.org\/web\/2020\/01\/25\/se-recuerda-la-vigencia-del-beneficio-de-pago-anual-de-los-derechos-de-matricula\/","og_locale":"es_ES","og_type":"article","og_title":"SE RECUERDA LA VIGENCIA DEL BENEFICIO DE PAGO ANUAL DE LOS DERECHOS DE MATR\u00cdCULA - Colegio De Veterinarios De Santa Fe 2da. Circunscripci\u00f3n","og_description":"El Colegio de M\u00e9dicos Veterinarios de la Provincia de Santa Fe 2\u00ba Circunscripci\u00f3n, recuerda la vigencia de la Resoluci\u00f3n N\u00ba 5053 de 2017, que establece la","og_url":"https:\/\/cmvsf2.org\/web\/2020\/01\/25\/se-recuerda-la-vigencia-del-beneficio-de-pago-anual-de-los-derechos-de-matricula\/","og_site_name":"Colegio De Veterinarios De Santa Fe 2da. Circunscripci\u00f3n","article_published_time":"2020-01-25T04:13:15+00:00","og_image":[{"width":441,"height":100,"url":"https:\/\/cmvsf2.org\/web\/wp-content\/uploads\/2020\/09\/logo.png","type":"image\/png"}],"author":"cmvsf2","twitter_card":"summary_large_image","twitter_misc":{"Escrito por":"cmvsf2","Tiempo de lectura":"1 minuto"},"schema":{"@context":"https:\/\/schema.org","@graph":[{"@type":"Article","@id":"https:\/\/cmvsf2.org\/web\/2020\/01\/25\/se-recuerda-la-vigencia-del-beneficio-de-pago-anual-de-los-derechos-de-matricula\/#article","isPartOf":{"@id":"https:\/\/cmvsf2.org\/web\/2020\/01\/25\/se-recuerda-la-vigencia-del-beneficio-de-pago-anual-de-los-derechos-de-matricula\/"},"author":{"name":"cmvsf2","@id":"https:\/\/cmvsf2.org\/web\/#\/schema\/person\/46ea3630099a4a3df8d89f07cf5f7520"},"headline":"SE RECUERDA LA VIGENCIA DEL BENEFICIO DE PAGO ANUAL DE LOS DERECHOS DE MATR\u00cdCULA","datePublished":"2020-01-25T04:13:15+00:00","mainEntityOfPage":{"@id":"https:\/\/cmvsf2.org\/web\/2020\/01\/25\/se-recuerda-la-vigencia-del-beneficio-de-pago-anual-de-los-derechos-de-matricula\/"},"wordCount":161,"commentCount":0,"publisher":{"@id":"https:\/\/cmvsf2.org\/web\/#organization"},"image":{"@id":"https:\/\/cmvsf2.org\/web\/2020\/01\/25\/se-recuerda-la-vigencia-del-beneficio-de-pago-anual-de-los-derechos-de-matricula\/#primaryimage"},"thumbnailUrl":"","keywords":["beneficio","matricula","matriculados","pago"],"articleSection":["Destacada","Institucionales"],"inLanguage":"es"},{"@type":"WebPage","@id":"https:\/\/cmvsf2.org\/web\/2020\/01\/25\/se-recuerda-la-vigencia-del-beneficio-de-pago-anual-de-los-derechos-de-matricula\/","url":"https:\/\/cmvsf2.org\/web\/2020\/01\/25\/se-recuerda-la-vigencia-del-beneficio-de-pago-anual-de-los-derechos-de-matricula\/","name":"SE RECUERDA LA VIGENCIA DEL BENEFICIO DE PAGO ANUAL DE LOS DERECHOS DE MATR\u00cdCULA - Colegio De Veterinarios De Santa Fe 2da. Circunscripci\u00f3n","isPartOf":{"@id":"https:\/\/cmvsf2.org\/web\/#website"},"primaryImageOfPage":{"@id":"https:\/\/cmvsf2.org\/web\/2020\/01\/25\/se-recuerda-la-vigencia-del-beneficio-de-pago-anual-de-los-derechos-de-matricula\/#primaryimage"},"image":{"@id":"https:\/\/cmvsf2.org\/web\/2020\/01\/25\/se-recuerda-la-vigencia-del-beneficio-de-pago-anual-de-los-derechos-de-matricula\/#primaryimage"},"thumbnailUrl":"","datePublished":"2020-01-25T04:13:15+00:00","description":"El Colegio de M\u00e9dicos Veterinarios de la Provincia de Santa Fe 2\u00ba Circunscripci\u00f3n, recuerda la vigencia de la Resoluci\u00f3n N\u00ba 5053 de 2017, que establece la","breadcrumb":{"@id":"https:\/\/cmvsf2.org\/web\/2020\/01\/25\/se-recuerda-la-vigencia-del-beneficio-de-pago-anual-de-los-derechos-de-matricula\/#breadcrumb"},"inLanguage":"es","potentialAction":[{"@type":"ReadAction","target":["https:\/\/cmvsf2.org\/web\/2020\/01\/25\/se-recuerda-la-vigencia-del-beneficio-de-pago-anual-de-los-derechos-de-matricula\/"]}]},{"@type":"ImageObject","inLanguage":"es","@id":"https:\/\/cmvsf2.org\/web\/2020\/01\/25\/se-recuerda-la-vigencia-del-beneficio-de-pago-anual-de-los-derechos-de-matricula\/#primaryimage","url":"","contentUrl":""},{"@type":"BreadcrumbList","@id":"https:\/\/cmvsf2.org\/web\/2020\/01\/25\/se-recuerda-la-vigencia-del-beneficio-de-pago-anual-de-los-derechos-de-matricula\/#breadcrumb","itemListElement":[{"@type":"ListItem","position":1,"name":"Portada","item":"https:\/\/cmvsf2.org\/web\/"},{"@type":"ListItem","position":2,"name":"SE RECUERDA LA VIGENCIA DEL BENEFICIO DE PAGO ANUAL DE LOS DERECHOS DE MATR\u00cdCULA"}]},{"@type":"WebSite","@id":"https:\/\/cmvsf2.org\/web\/#website","url":"https:\/\/cmvsf2.org\/web\/","name":"Colegio De Veterinarios De Santa Fe 2da. Circunscripci\u00f3n","description":"Sitio institucional del Colegio de M\u00e9dicos Veterinario de Santa Fe 2da. Circunscripci\u00f3n","publisher":{"@id":"https:\/\/cmvsf2.org\/web\/#organization"},"potentialAction":[{"@type":"SearchAction","target":{"@type":"EntryPoint","urlTemplate":"https:\/\/cmvsf2.org\/web\/?s={search_term_string}"},"query-input":{"@type":"PropertyValueSpecification","valueRequired":true,"valueName":"search_term_string"}}],"inLanguage":"es"},{"@type":"Organization","@id":"https:\/\/cmvsf2.org\/web\/#organization","name":"Colegio De Veterinarios De Santa Fe 2da. Circunscripci\u00f3n","url":"https:\/\/cmvsf2.org\/web\/","logo":{"@type":"ImageObject","inLanguage":"es","@id":"https:\/\/cmvsf2.org\/web\/#\/schema\/logo\/image\/","url":"http:\/\/cmvsf2.org\/web\/wp-content\/uploads\/2020\/03\/vector-logo-02.png","contentUrl":"http:\/\/cmvsf2.org\/web\/wp-content\/uploads\/2020\/03\/vector-logo-02.png","width":2750,"height":642,"caption":"Colegio De Veterinarios De Santa Fe 2da. Circunscripci\u00f3n"},"image":{"@id":"https:\/\/cmvsf2.org\/web\/#\/schema\/logo\/image\/"}},{"@type":"Person","@id":"https:\/\/cmvsf2.org\/web\/#\/schema\/person\/46ea3630099a4a3df8d89f07cf5f7520","name":"cmvsf2","image":{"@type":"ImageObject","inLanguage":"es","@id":"https:\/\/secure.gravatar.com\/avatar\/669647b61c77f28f1aa51df04174a5ecb296e9988b4a93d2870666cd1f502cd7?s=96&d=mm&r=g","url":"https:\/\/secure.gravatar.com\/avatar\/669647b61c77f28f1aa51df04174a5ecb296e9988b4a93d2870666cd1f502cd7?s=96&d=mm&r=g","contentUrl":"https:\/\/secure.gravatar.com\/avatar\/669647b61c77f28f1aa51df04174a5ecb296e9988b4a93d2870666cd1f502cd7?s=96&d=mm&r=g","caption":"cmvsf2"}}]}},"_links":{"self":[{"href":"https:\/\/cmvsf2.org\/web\/wp-json\/wp\/v2\/posts\/6319","targetHints":{"allow":["GET"]}}],"collection":[{"href":"https:\/\/cmvsf2.org\/web\/wp-json\/wp\/v2\/posts"}],"about":[{"href":"https:\/\/cmvsf2.org\/web\/wp-json\/wp\/v2\/types\/post"}],"author":[{"embeddable":true,"href":"https:\/\/cmvsf2.org\/web\/wp-json\/wp\/v2\/users\/3"}],"replies":[{"embeddable":true,"href":"https:\/\/cmvsf2.org\/web\/wp-json\/wp\/v2\/comments?post=6319"}],"version-history":[{"count":0,"href":"https:\/\/cmvsf2.org\/web\/wp-json\/wp\/v2\/posts\/6319\/revisions"}],"wp:featuredmedia":[{"embeddable":true,"href":"https:\/\/cmvsf2.org\/web\/wp-json\/"}],"wp:attachment":[{"href":"https:\/\/cmvsf2.org\/web\/wp-json\/wp\/v2\/media?parent=6319"}],"wp:term":[{"taxonomy":"category","embeddable":true,"href":"https:\/\/cmvsf2.org\/web\/wp-json\/wp\/v2\/categories?post=6319"},{"taxonomy":"post_tag","embeddable":true,"href":"https:\/\/cmvsf2.org\/web\/wp-json\/wp\/v2\/tags?post=6319"}],"curies":[{"name":"wp","href":"https:\/\/api.w.org\/{rel}","templated":true}]}}