{"id":6238,"date":"2019-12-16T19:24:27","date_gmt":"2019-12-16T19:24:27","guid":{"rendered":"http:\/\/sessionstudio.ar\/vet\/web\/?p=6238"},"modified":"2019-12-16T19:24:27","modified_gmt":"2019-12-16T19:24:27","slug":"recomendaciones-para-el-cuidado-de-mascotas-en-el-verano-y-fiestas","status":"publish","type":"post","link":"https:\/\/cmvsf2.org\/web\/2019\/12\/16\/recomendaciones-para-el-cuidado-de-mascotas-en-el-verano-y-fiestas\/","title":{"rendered":"RECOMENDACIONES PARA EL CUIDADO DE MASCOTAS EN EL VERANO Y FIESTAS"},"content":{"rendered":"<p>Llega el verano, y por lo tanto los meses m\u00e1s calurosos del a\u00f1o, tambi\u00e9n los festejos de Navidad y A\u00f1o Nuevo y, para algunos, las tan ansiadas vacaciones. Nuestras mascotas no son ajenas a estas circunstancias, por eso el Colegio de M\u00e9dicos Veterinarios de Santa Fe 2\u00ba Circunscripci\u00f3n (CMVSF2) damos a conocer algunas recomendaciones para agudizar sus cuidados en esta \u00e9poca.<strong>\u00a0<\/strong><br \/>\n<strong>C\u00f3mo evitar los golpes de calor o la insolaci\u00f3n<\/strong><br \/>\nEs importante que los animales cuenten siempre con agua fresca y limpia a disposici\u00f3n, como as\u00ed tambi\u00e9n que puedan disfrutar de espacios amplios, ventilados y con sombra. Las comidas y los paseos deben realizarse en los horarios de menor calor. En ninguna circunstancia, deben quedar encerrados en autos o en lugares con exposici\u00f3n prolongada al sol.<br \/>\nHay que tener en cuenta que los perros y gatos regulan su temperatura corporal a trav\u00e9s de jadeos y del sudor que se elimina por las almohadillas plantares o el lamido.<br \/>\nLos animales con problemas card\u00edacos, obesos, adultos o cachorros son m\u00e1s propensos a sufrir un golpe de calor. En caso de que aparezcan los siguientes s\u00edntomas: decaimiento considerable; temblores musculares; negativa a moverse; respiraci\u00f3n muy r\u00e1pida; tambaleo; alteraci\u00f3n en la salivaci\u00f3n, entre otros, recurrir inmediatamente al m\u00e9dico veterinario.<br \/>\n<strong>Viajes<\/strong><br \/>\nEn caso de una ausencia prolongada, los animales de compa\u00f1\u00eda deben quedar al cuidado de una persona de confianza que pueda satisfacer sus necesidades de alimentaci\u00f3n y cuidado. Es fundamental que esa persona cuente con los datos del veterinario y le informemos cualquier alergia o tratamiento que el animal estuviera recibiendo.<br \/>\nEn caso de traslado del animal, es importante asesorarse con su m\u00e9dico veterinario y tener en cuenta algunos consejos b\u00e1sicos, como viajar con la libreta sanitaria al d\u00eda, verificar que se cumplan los requisitos del lugar de destino, llevar los implementos necesarios como correa y bozal, bebedero, alimento, entre otros. Si el viaje es al exterior, se necesita una <a href=\"https:\/\/www.argentina.gob.ar\/trasladar-perros-yo-gatos\">certificaci\u00f3n del Senasa<\/a>. Y si al volver se quiere ingresar un perro y\/o gato a nuestro pa\u00eds, se debe contar con una certificaci\u00f3n del pa\u00eds de origen.<br \/>\n<strong>Pirotecnia Cero<\/strong><br \/>\nDesde el CMVSF2 se han realizado gestiones con distintas municipalidades y comunas para que se proh\u00edba el uso de pirotecnia, por las consecuencias negativas que tiene el exceso de ruido y explosiones en el comportamiento de las mascotas; como as\u00ed tambi\u00e9n los peligros que conlleva para quienes manipulan estos artefactos.<br \/>\nAlgunas consecuencias que produce la pirotecnia en los perros y gatos son: estr\u00e9s y p\u00e1nico, conductas no habituales como escapar sin rumbo y perderse, lastimarse o lastimar a las personas. Palpitaciones, taquicardia, jadeo, salivaci\u00f3n, temblores, sensaci\u00f3n de insuficiencia respiratoria, aturdimiento y p\u00e9rdida del control, son algunos de los s\u00edntomas que pueden aparecer.<br \/>\n<em>En cualquier caso, no se deben administrar tranquilizantes o sedantes sin prescripci\u00f3n del veterinario, dado que se pueden causar da\u00f1os en la salud del animal.<\/em><br \/>\nA los fines pr\u00e1cticos, se los puede ubicar en una habitaci\u00f3n con los vidrios tapados con cartones, m\u00fasica de fondo y sus juguetes preferidos, comida y agua y; por supuesto, evitar el uso de pirotecnia en las cercan\u00edas.<\/p>\n","protected":false},"excerpt":{"rendered":"<p>Llega el verano, y por lo tanto los meses m\u00e1s calurosos del a\u00f1o, tambi\u00e9n los festejos de Navidad y A\u00f1o Nuevo y, para algunos, las tan ansiadas vacaciones. Nuestras mascotas no son ajenas a estas circunstancias, por eso el Colegio de M\u00e9dicos Veterinarios de Santa Fe 2\u00ba Circunscripci\u00f3n (CMVSF2) damos a conocer algunas recomendaciones para agudizar sus cuidados en esta \u00e9poca.\u00a0 C\u00f3mo evitar los [&hellip;]<\/p>\n","protected":false},"author":3,"featured_media":6244,"comment_status":"open","ping_status":"open","sticky":false,"template":"","format":"standard","meta":{"_acf_changed":false,"footnotes":""},"categories":[6,343],"tags":[280,360,209,131,217,133],"class_list":["post-6238","post","type-post","status-publish","format-standard","has-post-thumbnail","hentry","category-animales-compania2","category-destacada","tag-animales-de-compania","tag-bienestar-animal","tag-fiestas","tag-mascotas","tag-pirotecnia","tag-recomendaciones"],"acf":[],"yoast_head":"<!-- This site is optimized with the Yoast SEO plugin v28.2 - https:\/\/yoast.com\/product\/yoast-seo-wordpress\/ -->\n<title>RECOMENDACIONES PARA EL CUIDADO DE MASCOTAS EN EL VERANO Y FIESTAS - Colegio De Veterinarios De Santa Fe 2da. Circunscripci\u00f3n<\/title>\n<meta name=\"description\" content=\"Llega el verano, y por lo tanto los meses m\u00e1s calurosos del a\u00f1o, tambi\u00e9n los festejos de Navidad y A\u00f1o Nuevo y, para algunos, las tan ansiadas vacaciones.\" \/>\n<meta name=\"robots\" content=\"index, follow, max-snippet:-1, max-image-preview:large, max-video-preview:-1\" \/>\n<link rel=\"canonical\" href=\"https:\/\/cmvsf2.org\/web\/2019\/12\/16\/recomendaciones-para-el-cuidado-de-mascotas-en-el-verano-y-fiestas\/\" \/>\n<meta property=\"og:locale\" content=\"es_ES\" \/>\n<meta property=\"og:type\" content=\"article\" \/>\n<meta property=\"og:title\" content=\"RECOMENDACIONES PARA EL CUIDADO DE MASCOTAS EN EL VERANO Y FIESTAS - Colegio De Veterinarios De Santa Fe 2da. Circunscripci\u00f3n\" \/>\n<meta property=\"og:description\" content=\"Llega el verano, y por lo tanto los meses m\u00e1s calurosos del a\u00f1o, tambi\u00e9n los festejos de Navidad y A\u00f1o Nuevo y, para algunos, las tan ansiadas vacaciones.\" \/>\n<meta property=\"og:url\" content=\"https:\/\/cmvsf2.org\/web\/2019\/12\/16\/recomendaciones-para-el-cuidado-de-mascotas-en-el-verano-y-fiestas\/\" \/>\n<meta property=\"og:site_name\" content=\"Colegio De Veterinarios De Santa Fe 2da. Circunscripci\u00f3n\" \/>\n<meta property=\"article:published_time\" content=\"2019-12-16T19:24:27+00:00\" \/>\n<meta property=\"og:image\" content=\"https:\/\/cmvsf2.org\/web\/wp-content\/uploads\/2020\/09\/logo.png\" \/>\n\t<meta property=\"og:image:width\" content=\"441\" \/>\n\t<meta property=\"og:image:height\" content=\"100\" \/>\n\t<meta property=\"og:image:type\" content=\"image\/png\" \/>\n<meta name=\"author\" content=\"cmvsf2\" \/>\n<meta name=\"twitter:card\" content=\"summary_large_image\" \/>\n<meta name=\"twitter:label1\" content=\"Escrito por\" \/>\n\t<meta name=\"twitter:data1\" content=\"cmvsf2\" \/>\n\t<meta name=\"twitter:label2\" content=\"Tiempo de lectura\" \/>\n\t<meta name=\"twitter:data2\" content=\"3 minutos\" \/>\n<script type=\"application\/ld+json\" class=\"yoast-schema-graph\">{\"@context\":\"https:\\\/\\\/schema.org\",\"@graph\":[{\"@type\":\"Article\",\"@id\":\"https:\\\/\\\/cmvsf2.org\\\/web\\\/2019\\\/12\\\/16\\\/recomendaciones-para-el-cuidado-de-mascotas-en-el-verano-y-fiestas\\\/#article\",\"isPartOf\":{\"@id\":\"https:\\\/\\\/cmvsf2.org\\\/web\\\/2019\\\/12\\\/16\\\/recomendaciones-para-el-cuidado-de-mascotas-en-el-verano-y-fiestas\\\/\"},\"author\":{\"name\":\"cmvsf2\",\"@id\":\"https:\\\/\\\/cmvsf2.org\\\/web\\\/#\\\/schema\\\/person\\\/46ea3630099a4a3df8d89f07cf5f7520\"},\"headline\":\"RECOMENDACIONES PARA EL CUIDADO DE MASCOTAS EN EL VERANO Y FIESTAS\",\"datePublished\":\"2019-12-16T19:24:27+00:00\",\"mainEntityOfPage\":{\"@id\":\"https:\\\/\\\/cmvsf2.org\\\/web\\\/2019\\\/12\\\/16\\\/recomendaciones-para-el-cuidado-de-mascotas-en-el-verano-y-fiestas\\\/\"},\"wordCount\":564,\"commentCount\":0,\"publisher\":{\"@id\":\"https:\\\/\\\/cmvsf2.org\\\/web\\\/#organization\"},\"image\":{\"@id\":\"https:\\\/\\\/cmvsf2.org\\\/web\\\/2019\\\/12\\\/16\\\/recomendaciones-para-el-cuidado-de-mascotas-en-el-verano-y-fiestas\\\/#primaryimage\"},\"thumbnailUrl\":\"\",\"keywords\":[\"animales de compa\u00f1ia\",\"bienestar animal\",\"fiestas\",\"mascotas\",\"pirotecnia\",\"recomendaciones\"],\"articleSection\":[\"Animales de Compan\u00eda\",\"Destacada\"],\"inLanguage\":\"es\"},{\"@type\":\"WebPage\",\"@id\":\"https:\\\/\\\/cmvsf2.org\\\/web\\\/2019\\\/12\\\/16\\\/recomendaciones-para-el-cuidado-de-mascotas-en-el-verano-y-fiestas\\\/\",\"url\":\"https:\\\/\\\/cmvsf2.org\\\/web\\\/2019\\\/12\\\/16\\\/recomendaciones-para-el-cuidado-de-mascotas-en-el-verano-y-fiestas\\\/\",\"name\":\"RECOMENDACIONES PARA EL CUIDADO DE MASCOTAS EN EL VERANO Y FIESTAS - Colegio De Veterinarios De Santa Fe 2da. Circunscripci\u00f3n\",\"isPartOf\":{\"@id\":\"https:\\\/\\\/cmvsf2.org\\\/web\\\/#website\"},\"primaryImageOfPage\":{\"@id\":\"https:\\\/\\\/cmvsf2.org\\\/web\\\/2019\\\/12\\\/16\\\/recomendaciones-para-el-cuidado-de-mascotas-en-el-verano-y-fiestas\\\/#primaryimage\"},\"image\":{\"@id\":\"https:\\\/\\\/cmvsf2.org\\\/web\\\/2019\\\/12\\\/16\\\/recomendaciones-para-el-cuidado-de-mascotas-en-el-verano-y-fiestas\\\/#primaryimage\"},\"thumbnailUrl\":\"\",\"datePublished\":\"2019-12-16T19:24:27+00:00\",\"description\":\"Llega el verano, y por lo tanto los meses m\u00e1s calurosos del a\u00f1o, tambi\u00e9n los festejos de Navidad y A\u00f1o Nuevo y, para algunos, las tan ansiadas vacaciones.\",\"breadcrumb\":{\"@id\":\"https:\\\/\\\/cmvsf2.org\\\/web\\\/2019\\\/12\\\/16\\\/recomendaciones-para-el-cuidado-de-mascotas-en-el-verano-y-fiestas\\\/#breadcrumb\"},\"inLanguage\":\"es\",\"potentialAction\":[{\"@type\":\"ReadAction\",\"target\":[\"https:\\\/\\\/cmvsf2.org\\\/web\\\/2019\\\/12\\\/16\\\/recomendaciones-para-el-cuidado-de-mascotas-en-el-verano-y-fiestas\\\/\"]}]},{\"@type\":\"ImageObject\",\"inLanguage\":\"es\",\"@id\":\"https:\\\/\\\/cmvsf2.org\\\/web\\\/2019\\\/12\\\/16\\\/recomendaciones-para-el-cuidado-de-mascotas-en-el-verano-y-fiestas\\\/#primaryimage\",\"url\":\"\",\"contentUrl\":\"\"},{\"@type\":\"BreadcrumbList\",\"@id\":\"https:\\\/\\\/cmvsf2.org\\\/web\\\/2019\\\/12\\\/16\\\/recomendaciones-para-el-cuidado-de-mascotas-en-el-verano-y-fiestas\\\/#breadcrumb\",\"itemListElement\":[{\"@type\":\"ListItem\",\"position\":1,\"name\":\"Portada\",\"item\":\"https:\\\/\\\/cmvsf2.org\\\/web\\\/\"},{\"@type\":\"ListItem\",\"position\":2,\"name\":\"RECOMENDACIONES PARA EL CUIDADO DE MASCOTAS EN EL VERANO Y FIESTAS\"}]},{\"@type\":\"WebSite\",\"@id\":\"https:\\\/\\\/cmvsf2.org\\\/web\\\/#website\",\"url\":\"https:\\\/\\\/cmvsf2.org\\\/web\\\/\",\"name\":\"Colegio De Veterinarios De Santa Fe 2da. Circunscripci\u00f3n\",\"description\":\"Sitio institucional del Colegio de M\u00e9dicos Veterinario de Santa Fe 2da. Circunscripci\u00f3n\",\"publisher\":{\"@id\":\"https:\\\/\\\/cmvsf2.org\\\/web\\\/#organization\"},\"potentialAction\":[{\"@type\":\"SearchAction\",\"target\":{\"@type\":\"EntryPoint\",\"urlTemplate\":\"https:\\\/\\\/cmvsf2.org\\\/web\\\/?s={search_term_string}\"},\"query-input\":{\"@type\":\"PropertyValueSpecification\",\"valueRequired\":true,\"valueName\":\"search_term_string\"}}],\"inLanguage\":\"es\"},{\"@type\":\"Organization\",\"@id\":\"https:\\\/\\\/cmvsf2.org\\\/web\\\/#organization\",\"name\":\"Colegio De Veterinarios De Santa Fe 2da. Circunscripci\u00f3n\",\"url\":\"https:\\\/\\\/cmvsf2.org\\\/web\\\/\",\"logo\":{\"@type\":\"ImageObject\",\"inLanguage\":\"es\",\"@id\":\"https:\\\/\\\/cmvsf2.org\\\/web\\\/#\\\/schema\\\/logo\\\/image\\\/\",\"url\":\"http:\\\/\\\/cmvsf2.org\\\/web\\\/wp-content\\\/uploads\\\/2020\\\/03\\\/vector-logo-02.png\",\"contentUrl\":\"http:\\\/\\\/cmvsf2.org\\\/web\\\/wp-content\\\/uploads\\\/2020\\\/03\\\/vector-logo-02.png\",\"width\":2750,\"height\":642,\"caption\":\"Colegio De Veterinarios De Santa Fe 2da. Circunscripci\u00f3n\"},\"image\":{\"@id\":\"https:\\\/\\\/cmvsf2.org\\\/web\\\/#\\\/schema\\\/logo\\\/image\\\/\"}},{\"@type\":\"Person\",\"@id\":\"https:\\\/\\\/cmvsf2.org\\\/web\\\/#\\\/schema\\\/person\\\/46ea3630099a4a3df8d89f07cf5f7520\",\"name\":\"cmvsf2\",\"image\":{\"@type\":\"ImageObject\",\"inLanguage\":\"es\",\"@id\":\"https:\\\/\\\/secure.gravatar.com\\\/avatar\\\/669647b61c77f28f1aa51df04174a5ecb296e9988b4a93d2870666cd1f502cd7?s=96&d=mm&r=g\",\"url\":\"https:\\\/\\\/secure.gravatar.com\\\/avatar\\\/669647b61c77f28f1aa51df04174a5ecb296e9988b4a93d2870666cd1f502cd7?s=96&d=mm&r=g\",\"contentUrl\":\"https:\\\/\\\/secure.gravatar.com\\\/avatar\\\/669647b61c77f28f1aa51df04174a5ecb296e9988b4a93d2870666cd1f502cd7?s=96&d=mm&r=g\",\"caption\":\"cmvsf2\"}}]}<\/script>\n<!-- \/ Yoast SEO plugin. -->","yoast_head_json":{"title":"RECOMENDACIONES PARA EL CUIDADO DE MASCOTAS EN EL VERANO Y FIESTAS - Colegio De Veterinarios De Santa Fe 2da. Circunscripci\u00f3n","description":"Llega el verano, y por lo tanto los meses m\u00e1s calurosos del a\u00f1o, tambi\u00e9n los festejos de Navidad y A\u00f1o Nuevo y, para algunos, las tan ansiadas vacaciones.","robots":{"index":"index","follow":"follow","max-snippet":"max-snippet:-1","max-image-preview":"max-image-preview:large","max-video-preview":"max-video-preview:-1"},"canonical":"https:\/\/cmvsf2.org\/web\/2019\/12\/16\/recomendaciones-para-el-cuidado-de-mascotas-en-el-verano-y-fiestas\/","og_locale":"es_ES","og_type":"article","og_title":"RECOMENDACIONES PARA EL CUIDADO DE MASCOTAS EN EL VERANO Y FIESTAS - Colegio De Veterinarios De Santa Fe 2da. Circunscripci\u00f3n","og_description":"Llega el verano, y por lo tanto los meses m\u00e1s calurosos del a\u00f1o, tambi\u00e9n los festejos de Navidad y A\u00f1o Nuevo y, para algunos, las tan ansiadas vacaciones.","og_url":"https:\/\/cmvsf2.org\/web\/2019\/12\/16\/recomendaciones-para-el-cuidado-de-mascotas-en-el-verano-y-fiestas\/","og_site_name":"Colegio De Veterinarios De Santa Fe 2da. Circunscripci\u00f3n","article_published_time":"2019-12-16T19:24:27+00:00","og_image":[{"width":441,"height":100,"url":"https:\/\/cmvsf2.org\/web\/wp-content\/uploads\/2020\/09\/logo.png","type":"image\/png"}],"author":"cmvsf2","twitter_card":"summary_large_image","twitter_misc":{"Escrito por":"cmvsf2","Tiempo de lectura":"3 minutos"},"schema":{"@context":"https:\/\/schema.org","@graph":[{"@type":"Article","@id":"https:\/\/cmvsf2.org\/web\/2019\/12\/16\/recomendaciones-para-el-cuidado-de-mascotas-en-el-verano-y-fiestas\/#article","isPartOf":{"@id":"https:\/\/cmvsf2.org\/web\/2019\/12\/16\/recomendaciones-para-el-cuidado-de-mascotas-en-el-verano-y-fiestas\/"},"author":{"name":"cmvsf2","@id":"https:\/\/cmvsf2.org\/web\/#\/schema\/person\/46ea3630099a4a3df8d89f07cf5f7520"},"headline":"RECOMENDACIONES PARA EL CUIDADO DE MASCOTAS EN EL VERANO Y FIESTAS","datePublished":"2019-12-16T19:24:27+00:00","mainEntityOfPage":{"@id":"https:\/\/cmvsf2.org\/web\/2019\/12\/16\/recomendaciones-para-el-cuidado-de-mascotas-en-el-verano-y-fiestas\/"},"wordCount":564,"commentCount":0,"publisher":{"@id":"https:\/\/cmvsf2.org\/web\/#organization"},"image":{"@id":"https:\/\/cmvsf2.org\/web\/2019\/12\/16\/recomendaciones-para-el-cuidado-de-mascotas-en-el-verano-y-fiestas\/#primaryimage"},"thumbnailUrl":"","keywords":["animales de compa\u00f1ia","bienestar animal","fiestas","mascotas","pirotecnia","recomendaciones"],"articleSection":["Animales de Compan\u00eda","Destacada"],"inLanguage":"es"},{"@type":"WebPage","@id":"https:\/\/cmvsf2.org\/web\/2019\/12\/16\/recomendaciones-para-el-cuidado-de-mascotas-en-el-verano-y-fiestas\/","url":"https:\/\/cmvsf2.org\/web\/2019\/12\/16\/recomendaciones-para-el-cuidado-de-mascotas-en-el-verano-y-fiestas\/","name":"RECOMENDACIONES PARA EL CUIDADO DE MASCOTAS EN EL VERANO Y FIESTAS - Colegio De Veterinarios De Santa Fe 2da. Circunscripci\u00f3n","isPartOf":{"@id":"https:\/\/cmvsf2.org\/web\/#website"},"primaryImageOfPage":{"@id":"https:\/\/cmvsf2.org\/web\/2019\/12\/16\/recomendaciones-para-el-cuidado-de-mascotas-en-el-verano-y-fiestas\/#primaryimage"},"image":{"@id":"https:\/\/cmvsf2.org\/web\/2019\/12\/16\/recomendaciones-para-el-cuidado-de-mascotas-en-el-verano-y-fiestas\/#primaryimage"},"thumbnailUrl":"","datePublished":"2019-12-16T19:24:27+00:00","description":"Llega el verano, y por lo tanto los meses m\u00e1s calurosos del a\u00f1o, tambi\u00e9n los festejos de Navidad y A\u00f1o Nuevo y, para algunos, las tan ansiadas vacaciones.","breadcrumb":{"@id":"https:\/\/cmvsf2.org\/web\/2019\/12\/16\/recomendaciones-para-el-cuidado-de-mascotas-en-el-verano-y-fiestas\/#breadcrumb"},"inLanguage":"es","potentialAction":[{"@type":"ReadAction","target":["https:\/\/cmvsf2.org\/web\/2019\/12\/16\/recomendaciones-para-el-cuidado-de-mascotas-en-el-verano-y-fiestas\/"]}]},{"@type":"ImageObject","inLanguage":"es","@id":"https:\/\/cmvsf2.org\/web\/2019\/12\/16\/recomendaciones-para-el-cuidado-de-mascotas-en-el-verano-y-fiestas\/#primaryimage","url":"","contentUrl":""},{"@type":"BreadcrumbList","@id":"https:\/\/cmvsf2.org\/web\/2019\/12\/16\/recomendaciones-para-el-cuidado-de-mascotas-en-el-verano-y-fiestas\/#breadcrumb","itemListElement":[{"@type":"ListItem","position":1,"name":"Portada","item":"https:\/\/cmvsf2.org\/web\/"},{"@type":"ListItem","position":2,"name":"RECOMENDACIONES PARA EL CUIDADO DE MASCOTAS EN EL VERANO Y FIESTAS"}]},{"@type":"WebSite","@id":"https:\/\/cmvsf2.org\/web\/#website","url":"https:\/\/cmvsf2.org\/web\/","name":"Colegio De Veterinarios De Santa Fe 2da. Circunscripci\u00f3n","description":"Sitio institucional del Colegio de M\u00e9dicos Veterinario de Santa Fe 2da. Circunscripci\u00f3n","publisher":{"@id":"https:\/\/cmvsf2.org\/web\/#organization"},"potentialAction":[{"@type":"SearchAction","target":{"@type":"EntryPoint","urlTemplate":"https:\/\/cmvsf2.org\/web\/?s={search_term_string}"},"query-input":{"@type":"PropertyValueSpecification","valueRequired":true,"valueName":"search_term_string"}}],"inLanguage":"es"},{"@type":"Organization","@id":"https:\/\/cmvsf2.org\/web\/#organization","name":"Colegio De Veterinarios De Santa Fe 2da. Circunscripci\u00f3n","url":"https:\/\/cmvsf2.org\/web\/","logo":{"@type":"ImageObject","inLanguage":"es","@id":"https:\/\/cmvsf2.org\/web\/#\/schema\/logo\/image\/","url":"http:\/\/cmvsf2.org\/web\/wp-content\/uploads\/2020\/03\/vector-logo-02.png","contentUrl":"http:\/\/cmvsf2.org\/web\/wp-content\/uploads\/2020\/03\/vector-logo-02.png","width":2750,"height":642,"caption":"Colegio De Veterinarios De Santa Fe 2da. Circunscripci\u00f3n"},"image":{"@id":"https:\/\/cmvsf2.org\/web\/#\/schema\/logo\/image\/"}},{"@type":"Person","@id":"https:\/\/cmvsf2.org\/web\/#\/schema\/person\/46ea3630099a4a3df8d89f07cf5f7520","name":"cmvsf2","image":{"@type":"ImageObject","inLanguage":"es","@id":"https:\/\/secure.gravatar.com\/avatar\/669647b61c77f28f1aa51df04174a5ecb296e9988b4a93d2870666cd1f502cd7?s=96&d=mm&r=g","url":"https:\/\/secure.gravatar.com\/avatar\/669647b61c77f28f1aa51df04174a5ecb296e9988b4a93d2870666cd1f502cd7?s=96&d=mm&r=g","contentUrl":"https:\/\/secure.gravatar.com\/avatar\/669647b61c77f28f1aa51df04174a5ecb296e9988b4a93d2870666cd1f502cd7?s=96&d=mm&r=g","caption":"cmvsf2"}}]}},"_links":{"self":[{"href":"https:\/\/cmvsf2.org\/web\/wp-json\/wp\/v2\/posts\/6238","targetHints":{"allow":["GET"]}}],"collection":[{"href":"https:\/\/cmvsf2.org\/web\/wp-json\/wp\/v2\/posts"}],"about":[{"href":"https:\/\/cmvsf2.org\/web\/wp-json\/wp\/v2\/types\/post"}],"author":[{"embeddable":true,"href":"https:\/\/cmvsf2.org\/web\/wp-json\/wp\/v2\/users\/3"}],"replies":[{"embeddable":true,"href":"https:\/\/cmvsf2.org\/web\/wp-json\/wp\/v2\/comments?post=6238"}],"version-history":[{"count":0,"href":"https:\/\/cmvsf2.org\/web\/wp-json\/wp\/v2\/posts\/6238\/revisions"}],"wp:featuredmedia":[{"embeddable":true,"href":"https:\/\/cmvsf2.org\/web\/wp-json\/"}],"wp:attachment":[{"href":"https:\/\/cmvsf2.org\/web\/wp-json\/wp\/v2\/media?parent=6238"}],"wp:term":[{"taxonomy":"category","embeddable":true,"href":"https:\/\/cmvsf2.org\/web\/wp-json\/wp\/v2\/categories?post=6238"},{"taxonomy":"post_tag","embeddable":true,"href":"https:\/\/cmvsf2.org\/web\/wp-json\/wp\/v2\/tags?post=6238"}],"curies":[{"name":"wp","href":"https:\/\/api.w.org\/{rel}","templated":true}]}}