{"id":6211,"date":"2019-12-06T08:53:53","date_gmt":"2019-12-06T08:53:53","guid":{"rendered":"http:\/\/sessionstudio.ar\/vet\/web\/?p=6211"},"modified":"2019-12-06T08:53:53","modified_gmt":"2019-12-06T08:53:53","slug":"informamos-los-vencimientos-de-la-factura-bimestral-noviembre-diciembre-2019","status":"publish","type":"post","link":"https:\/\/cmvsf2.org\/web\/2019\/12\/06\/informamos-los-vencimientos-de-la-factura-bimestral-noviembre-diciembre-2019\/","title":{"rendered":"INFORMAMOS LOS VENCIMIENTOS DE LA FACTURA BIMESTRAL NOVIEMBRE\/ DICIEMBRE 2019"},"content":{"rendered":"<p><img loading=\"lazy\" decoding=\"async\" class=\"aligncenter size-full wp-image-6212\" src=\"http:\/\/sessionstudio.ar\/vet\/web\/wp-content\/uploads\/2019\/12\/print-facturacin-rectanguar.png\" alt=\"\" width=\"906\" height=\"405\" \/>El CMVSF2 informa los vencimientos de la factura bimestral noviembre \/ diciembre y recuerda que la misma no ser\u00e1 enviada por correo postal.<br \/>\nLa facturaci\u00f3n del bimestre actual, m\u00e1s otros bimestres que los colegiados pudieran adeudar a la fecha, se encuentran disponibles a trav\u00e9s del <a href=\"http:\/\/sessionstudio.ar\/vet\/veterinario\/empresas.php\" target=\"_blank\" rel=\"noopener noreferrer\">acceso a nuestro sistema<\/a>. Se podr\u00e1n descargar hasta 3 bimestres como m\u00e1ximo.<br \/>\nEsta informaci\u00f3n permanecer\u00e1 en el sistema hasta el segundo vencimiento.<br \/>\n? 1er Vencimiento: 27 de diciembre<br \/>\n? 2do Vencimiento: 10 de enero<br \/>\n<a href=\"https:\/\/youtu.be\/PNDRbyDCU0w\">Ver video tutorial<\/a><\/p>\n","protected":false},"excerpt":{"rendered":"<p>El CMVSF2 informa los vencimientos de la factura bimestral noviembre \/ diciembre y recuerda que la misma no ser\u00e1 enviada por correo postal. La facturaci\u00f3n del bimestre actual, m\u00e1s otros bimestres que los colegiados pudieran adeudar a la fecha, se encuentran disponibles a trav\u00e9s del acceso a nuestro sistema. Se podr\u00e1n descargar hasta 3 bimestres como m\u00e1ximo. Esta informaci\u00f3n permanecer\u00e1 en el sistema hasta [&hellip;]<\/p>\n","protected":false},"author":3,"featured_media":6215,"comment_status":"open","ping_status":"open","sticky":false,"template":"","format":"standard","meta":{"_acf_changed":false,"footnotes":""},"categories":[343,345,38],"tags":[],"class_list":["post-6211","post","type-post","status-publish","format-standard","has-post-thumbnail","hentry","category-destacada","category-institucionales","category-noticias-del-sector"],"acf":[],"yoast_head":"<!-- This site is optimized with the Yoast SEO plugin v28.2 - https:\/\/yoast.com\/product\/yoast-seo-wordpress\/ -->\n<title>INFORMAMOS LOS VENCIMIENTOS DE LA FACTURA BIMESTRAL NOVIEMBRE\/ DICIEMBRE 2019 - Colegio De Veterinarios De Santa Fe 2da. Circunscripci\u00f3n<\/title>\n<meta name=\"description\" content=\"El CMVSF2 informa los vencimientos de la factura bimestral noviembre \/ diciembre y recuerda que la misma no ser\u00e1 enviada por correo postal. La facturaci\u00f3n\" \/>\n<meta name=\"robots\" content=\"index, follow, max-snippet:-1, max-image-preview:large, max-video-preview:-1\" \/>\n<link rel=\"canonical\" href=\"https:\/\/cmvsf2.org\/web\/2019\/12\/06\/informamos-los-vencimientos-de-la-factura-bimestral-noviembre-diciembre-2019\/\" \/>\n<meta property=\"og:locale\" content=\"es_ES\" \/>\n<meta property=\"og:type\" content=\"article\" \/>\n<meta property=\"og:title\" content=\"INFORMAMOS LOS VENCIMIENTOS DE LA FACTURA BIMESTRAL NOVIEMBRE\/ DICIEMBRE 2019 - Colegio De Veterinarios De Santa Fe 2da. Circunscripci\u00f3n\" \/>\n<meta property=\"og:description\" content=\"El CMVSF2 informa los vencimientos de la factura bimestral noviembre \/ diciembre y recuerda que la misma no ser\u00e1 enviada por correo postal. La facturaci\u00f3n\" \/>\n<meta property=\"og:url\" content=\"https:\/\/cmvsf2.org\/web\/2019\/12\/06\/informamos-los-vencimientos-de-la-factura-bimestral-noviembre-diciembre-2019\/\" \/>\n<meta property=\"og:site_name\" content=\"Colegio De Veterinarios De Santa Fe 2da. Circunscripci\u00f3n\" \/>\n<meta property=\"article:published_time\" content=\"2019-12-06T08:53:53+00:00\" \/>\n<meta property=\"og:image\" content=\"https:\/\/cmvsf2.org\/web\/wp-content\/uploads\/2019\/12\/print-facturacin-cuadrado.png\" \/>\n\t<meta property=\"og:image:width\" content=\"520\" \/>\n\t<meta property=\"og:image:height\" content=\"382\" \/>\n\t<meta property=\"og:image:type\" content=\"image\/png\" \/>\n<meta name=\"author\" content=\"cmvsf2\" \/>\n<meta name=\"twitter:card\" content=\"summary_large_image\" \/>\n<meta name=\"twitter:label1\" content=\"Escrito por\" \/>\n\t<meta name=\"twitter:data1\" content=\"cmvsf2\" \/>\n<script type=\"application\/ld+json\" class=\"yoast-schema-graph\">{\"@context\":\"https:\\\/\\\/schema.org\",\"@graph\":[{\"@type\":\"Article\",\"@id\":\"https:\\\/\\\/cmvsf2.org\\\/web\\\/2019\\\/12\\\/06\\\/informamos-los-vencimientos-de-la-factura-bimestral-noviembre-diciembre-2019\\\/#article\",\"isPartOf\":{\"@id\":\"https:\\\/\\\/cmvsf2.org\\\/web\\\/2019\\\/12\\\/06\\\/informamos-los-vencimientos-de-la-factura-bimestral-noviembre-diciembre-2019\\\/\"},\"author\":{\"name\":\"cmvsf2\",\"@id\":\"https:\\\/\\\/cmvsf2.org\\\/web\\\/#\\\/schema\\\/person\\\/46ea3630099a4a3df8d89f07cf5f7520\"},\"headline\":\"INFORMAMOS LOS VENCIMIENTOS DE LA FACTURA BIMESTRAL NOVIEMBRE\\\/ DICIEMBRE 2019\",\"datePublished\":\"2019-12-06T08:53:53+00:00\",\"mainEntityOfPage\":{\"@id\":\"https:\\\/\\\/cmvsf2.org\\\/web\\\/2019\\\/12\\\/06\\\/informamos-los-vencimientos-de-la-factura-bimestral-noviembre-diciembre-2019\\\/\"},\"wordCount\":91,\"commentCount\":0,\"publisher\":{\"@id\":\"https:\\\/\\\/cmvsf2.org\\\/web\\\/#organization\"},\"image\":{\"@id\":\"https:\\\/\\\/cmvsf2.org\\\/web\\\/2019\\\/12\\\/06\\\/informamos-los-vencimientos-de-la-factura-bimestral-noviembre-diciembre-2019\\\/#primaryimage\"},\"thumbnailUrl\":\"https:\\\/\\\/cmvsf2.org\\\/web\\\/wp-content\\\/uploads\\\/2019\\\/12\\\/print-facturacin-cuadrado.png\",\"articleSection\":[\"Destacada\",\"Institucionales\",\"Noticias del sector\"],\"inLanguage\":\"es\"},{\"@type\":\"WebPage\",\"@id\":\"https:\\\/\\\/cmvsf2.org\\\/web\\\/2019\\\/12\\\/06\\\/informamos-los-vencimientos-de-la-factura-bimestral-noviembre-diciembre-2019\\\/\",\"url\":\"https:\\\/\\\/cmvsf2.org\\\/web\\\/2019\\\/12\\\/06\\\/informamos-los-vencimientos-de-la-factura-bimestral-noviembre-diciembre-2019\\\/\",\"name\":\"INFORMAMOS LOS VENCIMIENTOS DE LA FACTURA BIMESTRAL NOVIEMBRE\\\/ DICIEMBRE 2019 - Colegio De Veterinarios De Santa Fe 2da. Circunscripci\u00f3n\",\"isPartOf\":{\"@id\":\"https:\\\/\\\/cmvsf2.org\\\/web\\\/#website\"},\"primaryImageOfPage\":{\"@id\":\"https:\\\/\\\/cmvsf2.org\\\/web\\\/2019\\\/12\\\/06\\\/informamos-los-vencimientos-de-la-factura-bimestral-noviembre-diciembre-2019\\\/#primaryimage\"},\"image\":{\"@id\":\"https:\\\/\\\/cmvsf2.org\\\/web\\\/2019\\\/12\\\/06\\\/informamos-los-vencimientos-de-la-factura-bimestral-noviembre-diciembre-2019\\\/#primaryimage\"},\"thumbnailUrl\":\"https:\\\/\\\/cmvsf2.org\\\/web\\\/wp-content\\\/uploads\\\/2019\\\/12\\\/print-facturacin-cuadrado.png\",\"datePublished\":\"2019-12-06T08:53:53+00:00\",\"description\":\"El CMVSF2 informa los vencimientos de la factura bimestral noviembre \\\/ diciembre y recuerda que la misma no ser\u00e1 enviada por correo postal. La facturaci\u00f3n\",\"breadcrumb\":{\"@id\":\"https:\\\/\\\/cmvsf2.org\\\/web\\\/2019\\\/12\\\/06\\\/informamos-los-vencimientos-de-la-factura-bimestral-noviembre-diciembre-2019\\\/#breadcrumb\"},\"inLanguage\":\"es\",\"potentialAction\":[{\"@type\":\"ReadAction\",\"target\":[\"https:\\\/\\\/cmvsf2.org\\\/web\\\/2019\\\/12\\\/06\\\/informamos-los-vencimientos-de-la-factura-bimestral-noviembre-diciembre-2019\\\/\"]}]},{\"@type\":\"ImageObject\",\"inLanguage\":\"es\",\"@id\":\"https:\\\/\\\/cmvsf2.org\\\/web\\\/2019\\\/12\\\/06\\\/informamos-los-vencimientos-de-la-factura-bimestral-noviembre-diciembre-2019\\\/#primaryimage\",\"url\":\"https:\\\/\\\/cmvsf2.org\\\/web\\\/wp-content\\\/uploads\\\/2019\\\/12\\\/print-facturacin-cuadrado.png\",\"contentUrl\":\"https:\\\/\\\/cmvsf2.org\\\/web\\\/wp-content\\\/uploads\\\/2019\\\/12\\\/print-facturacin-cuadrado.png\",\"width\":520,\"height\":382},{\"@type\":\"BreadcrumbList\",\"@id\":\"https:\\\/\\\/cmvsf2.org\\\/web\\\/2019\\\/12\\\/06\\\/informamos-los-vencimientos-de-la-factura-bimestral-noviembre-diciembre-2019\\\/#breadcrumb\",\"itemListElement\":[{\"@type\":\"ListItem\",\"position\":1,\"name\":\"Portada\",\"item\":\"https:\\\/\\\/cmvsf2.org\\\/web\\\/\"},{\"@type\":\"ListItem\",\"position\":2,\"name\":\"INFORMAMOS LOS VENCIMIENTOS DE LA FACTURA BIMESTRAL NOVIEMBRE\\\/ DICIEMBRE 2019\"}]},{\"@type\":\"WebSite\",\"@id\":\"https:\\\/\\\/cmvsf2.org\\\/web\\\/#website\",\"url\":\"https:\\\/\\\/cmvsf2.org\\\/web\\\/\",\"name\":\"Colegio De Veterinarios De Santa Fe 2da. Circunscripci\u00f3n\",\"description\":\"Sitio institucional del Colegio de M\u00e9dicos Veterinario de Santa Fe 2da. Circunscripci\u00f3n\",\"publisher\":{\"@id\":\"https:\\\/\\\/cmvsf2.org\\\/web\\\/#organization\"},\"potentialAction\":[{\"@type\":\"SearchAction\",\"target\":{\"@type\":\"EntryPoint\",\"urlTemplate\":\"https:\\\/\\\/cmvsf2.org\\\/web\\\/?s={search_term_string}\"},\"query-input\":{\"@type\":\"PropertyValueSpecification\",\"valueRequired\":true,\"valueName\":\"search_term_string\"}}],\"inLanguage\":\"es\"},{\"@type\":\"Organization\",\"@id\":\"https:\\\/\\\/cmvsf2.org\\\/web\\\/#organization\",\"name\":\"Colegio De Veterinarios De Santa Fe 2da. Circunscripci\u00f3n\",\"url\":\"https:\\\/\\\/cmvsf2.org\\\/web\\\/\",\"logo\":{\"@type\":\"ImageObject\",\"inLanguage\":\"es\",\"@id\":\"https:\\\/\\\/cmvsf2.org\\\/web\\\/#\\\/schema\\\/logo\\\/image\\\/\",\"url\":\"http:\\\/\\\/cmvsf2.org\\\/web\\\/wp-content\\\/uploads\\\/2020\\\/03\\\/vector-logo-02.png\",\"contentUrl\":\"http:\\\/\\\/cmvsf2.org\\\/web\\\/wp-content\\\/uploads\\\/2020\\\/03\\\/vector-logo-02.png\",\"width\":2750,\"height\":642,\"caption\":\"Colegio De Veterinarios De Santa Fe 2da. Circunscripci\u00f3n\"},\"image\":{\"@id\":\"https:\\\/\\\/cmvsf2.org\\\/web\\\/#\\\/schema\\\/logo\\\/image\\\/\"}},{\"@type\":\"Person\",\"@id\":\"https:\\\/\\\/cmvsf2.org\\\/web\\\/#\\\/schema\\\/person\\\/46ea3630099a4a3df8d89f07cf5f7520\",\"name\":\"cmvsf2\",\"image\":{\"@type\":\"ImageObject\",\"inLanguage\":\"es\",\"@id\":\"https:\\\/\\\/secure.gravatar.com\\\/avatar\\\/669647b61c77f28f1aa51df04174a5ecb296e9988b4a93d2870666cd1f502cd7?s=96&d=mm&r=g\",\"url\":\"https:\\\/\\\/secure.gravatar.com\\\/avatar\\\/669647b61c77f28f1aa51df04174a5ecb296e9988b4a93d2870666cd1f502cd7?s=96&d=mm&r=g\",\"contentUrl\":\"https:\\\/\\\/secure.gravatar.com\\\/avatar\\\/669647b61c77f28f1aa51df04174a5ecb296e9988b4a93d2870666cd1f502cd7?s=96&d=mm&r=g\",\"caption\":\"cmvsf2\"}}]}<\/script>\n<!-- \/ Yoast SEO plugin. -->","yoast_head_json":{"title":"INFORMAMOS LOS VENCIMIENTOS DE LA FACTURA BIMESTRAL NOVIEMBRE\/ DICIEMBRE 2019 - Colegio De Veterinarios De Santa Fe 2da. Circunscripci\u00f3n","description":"El CMVSF2 informa los vencimientos de la factura bimestral noviembre \/ diciembre y recuerda que la misma no ser\u00e1 enviada por correo postal. La facturaci\u00f3n","robots":{"index":"index","follow":"follow","max-snippet":"max-snippet:-1","max-image-preview":"max-image-preview:large","max-video-preview":"max-video-preview:-1"},"canonical":"https:\/\/cmvsf2.org\/web\/2019\/12\/06\/informamos-los-vencimientos-de-la-factura-bimestral-noviembre-diciembre-2019\/","og_locale":"es_ES","og_type":"article","og_title":"INFORMAMOS LOS VENCIMIENTOS DE LA FACTURA BIMESTRAL NOVIEMBRE\/ DICIEMBRE 2019 - Colegio De Veterinarios De Santa Fe 2da. Circunscripci\u00f3n","og_description":"El CMVSF2 informa los vencimientos de la factura bimestral noviembre \/ diciembre y recuerda que la misma no ser\u00e1 enviada por correo postal. La facturaci\u00f3n","og_url":"https:\/\/cmvsf2.org\/web\/2019\/12\/06\/informamos-los-vencimientos-de-la-factura-bimestral-noviembre-diciembre-2019\/","og_site_name":"Colegio De Veterinarios De Santa Fe 2da. Circunscripci\u00f3n","article_published_time":"2019-12-06T08:53:53+00:00","og_image":[{"width":520,"height":382,"url":"https:\/\/cmvsf2.org\/web\/wp-content\/uploads\/2019\/12\/print-facturacin-cuadrado.png","type":"image\/png"}],"author":"cmvsf2","twitter_card":"summary_large_image","twitter_misc":{"Escrito por":"cmvsf2"},"schema":{"@context":"https:\/\/schema.org","@graph":[{"@type":"Article","@id":"https:\/\/cmvsf2.org\/web\/2019\/12\/06\/informamos-los-vencimientos-de-la-factura-bimestral-noviembre-diciembre-2019\/#article","isPartOf":{"@id":"https:\/\/cmvsf2.org\/web\/2019\/12\/06\/informamos-los-vencimientos-de-la-factura-bimestral-noviembre-diciembre-2019\/"},"author":{"name":"cmvsf2","@id":"https:\/\/cmvsf2.org\/web\/#\/schema\/person\/46ea3630099a4a3df8d89f07cf5f7520"},"headline":"INFORMAMOS LOS VENCIMIENTOS DE LA FACTURA BIMESTRAL NOVIEMBRE\/ DICIEMBRE 2019","datePublished":"2019-12-06T08:53:53+00:00","mainEntityOfPage":{"@id":"https:\/\/cmvsf2.org\/web\/2019\/12\/06\/informamos-los-vencimientos-de-la-factura-bimestral-noviembre-diciembre-2019\/"},"wordCount":91,"commentCount":0,"publisher":{"@id":"https:\/\/cmvsf2.org\/web\/#organization"},"image":{"@id":"https:\/\/cmvsf2.org\/web\/2019\/12\/06\/informamos-los-vencimientos-de-la-factura-bimestral-noviembre-diciembre-2019\/#primaryimage"},"thumbnailUrl":"https:\/\/cmvsf2.org\/web\/wp-content\/uploads\/2019\/12\/print-facturacin-cuadrado.png","articleSection":["Destacada","Institucionales","Noticias del sector"],"inLanguage":"es"},{"@type":"WebPage","@id":"https:\/\/cmvsf2.org\/web\/2019\/12\/06\/informamos-los-vencimientos-de-la-factura-bimestral-noviembre-diciembre-2019\/","url":"https:\/\/cmvsf2.org\/web\/2019\/12\/06\/informamos-los-vencimientos-de-la-factura-bimestral-noviembre-diciembre-2019\/","name":"INFORMAMOS LOS VENCIMIENTOS DE LA FACTURA BIMESTRAL NOVIEMBRE\/ DICIEMBRE 2019 - Colegio De Veterinarios De Santa Fe 2da. Circunscripci\u00f3n","isPartOf":{"@id":"https:\/\/cmvsf2.org\/web\/#website"},"primaryImageOfPage":{"@id":"https:\/\/cmvsf2.org\/web\/2019\/12\/06\/informamos-los-vencimientos-de-la-factura-bimestral-noviembre-diciembre-2019\/#primaryimage"},"image":{"@id":"https:\/\/cmvsf2.org\/web\/2019\/12\/06\/informamos-los-vencimientos-de-la-factura-bimestral-noviembre-diciembre-2019\/#primaryimage"},"thumbnailUrl":"https:\/\/cmvsf2.org\/web\/wp-content\/uploads\/2019\/12\/print-facturacin-cuadrado.png","datePublished":"2019-12-06T08:53:53+00:00","description":"El CMVSF2 informa los vencimientos de la factura bimestral noviembre \/ diciembre y recuerda que la misma no ser\u00e1 enviada por correo postal. La facturaci\u00f3n","breadcrumb":{"@id":"https:\/\/cmvsf2.org\/web\/2019\/12\/06\/informamos-los-vencimientos-de-la-factura-bimestral-noviembre-diciembre-2019\/#breadcrumb"},"inLanguage":"es","potentialAction":[{"@type":"ReadAction","target":["https:\/\/cmvsf2.org\/web\/2019\/12\/06\/informamos-los-vencimientos-de-la-factura-bimestral-noviembre-diciembre-2019\/"]}]},{"@type":"ImageObject","inLanguage":"es","@id":"https:\/\/cmvsf2.org\/web\/2019\/12\/06\/informamos-los-vencimientos-de-la-factura-bimestral-noviembre-diciembre-2019\/#primaryimage","url":"https:\/\/cmvsf2.org\/web\/wp-content\/uploads\/2019\/12\/print-facturacin-cuadrado.png","contentUrl":"https:\/\/cmvsf2.org\/web\/wp-content\/uploads\/2019\/12\/print-facturacin-cuadrado.png","width":520,"height":382},{"@type":"BreadcrumbList","@id":"https:\/\/cmvsf2.org\/web\/2019\/12\/06\/informamos-los-vencimientos-de-la-factura-bimestral-noviembre-diciembre-2019\/#breadcrumb","itemListElement":[{"@type":"ListItem","position":1,"name":"Portada","item":"https:\/\/cmvsf2.org\/web\/"},{"@type":"ListItem","position":2,"name":"INFORMAMOS LOS VENCIMIENTOS DE LA FACTURA BIMESTRAL NOVIEMBRE\/ DICIEMBRE 2019"}]},{"@type":"WebSite","@id":"https:\/\/cmvsf2.org\/web\/#website","url":"https:\/\/cmvsf2.org\/web\/","name":"Colegio De Veterinarios De Santa Fe 2da. Circunscripci\u00f3n","description":"Sitio institucional del Colegio de M\u00e9dicos Veterinario de Santa Fe 2da. Circunscripci\u00f3n","publisher":{"@id":"https:\/\/cmvsf2.org\/web\/#organization"},"potentialAction":[{"@type":"SearchAction","target":{"@type":"EntryPoint","urlTemplate":"https:\/\/cmvsf2.org\/web\/?s={search_term_string}"},"query-input":{"@type":"PropertyValueSpecification","valueRequired":true,"valueName":"search_term_string"}}],"inLanguage":"es"},{"@type":"Organization","@id":"https:\/\/cmvsf2.org\/web\/#organization","name":"Colegio De Veterinarios De Santa Fe 2da. Circunscripci\u00f3n","url":"https:\/\/cmvsf2.org\/web\/","logo":{"@type":"ImageObject","inLanguage":"es","@id":"https:\/\/cmvsf2.org\/web\/#\/schema\/logo\/image\/","url":"http:\/\/cmvsf2.org\/web\/wp-content\/uploads\/2020\/03\/vector-logo-02.png","contentUrl":"http:\/\/cmvsf2.org\/web\/wp-content\/uploads\/2020\/03\/vector-logo-02.png","width":2750,"height":642,"caption":"Colegio De Veterinarios De Santa Fe 2da. Circunscripci\u00f3n"},"image":{"@id":"https:\/\/cmvsf2.org\/web\/#\/schema\/logo\/image\/"}},{"@type":"Person","@id":"https:\/\/cmvsf2.org\/web\/#\/schema\/person\/46ea3630099a4a3df8d89f07cf5f7520","name":"cmvsf2","image":{"@type":"ImageObject","inLanguage":"es","@id":"https:\/\/secure.gravatar.com\/avatar\/669647b61c77f28f1aa51df04174a5ecb296e9988b4a93d2870666cd1f502cd7?s=96&d=mm&r=g","url":"https:\/\/secure.gravatar.com\/avatar\/669647b61c77f28f1aa51df04174a5ecb296e9988b4a93d2870666cd1f502cd7?s=96&d=mm&r=g","contentUrl":"https:\/\/secure.gravatar.com\/avatar\/669647b61c77f28f1aa51df04174a5ecb296e9988b4a93d2870666cd1f502cd7?s=96&d=mm&r=g","caption":"cmvsf2"}}]}},"_links":{"self":[{"href":"https:\/\/cmvsf2.org\/web\/wp-json\/wp\/v2\/posts\/6211","targetHints":{"allow":["GET"]}}],"collection":[{"href":"https:\/\/cmvsf2.org\/web\/wp-json\/wp\/v2\/posts"}],"about":[{"href":"https:\/\/cmvsf2.org\/web\/wp-json\/wp\/v2\/types\/post"}],"author":[{"embeddable":true,"href":"https:\/\/cmvsf2.org\/web\/wp-json\/wp\/v2\/users\/3"}],"replies":[{"embeddable":true,"href":"https:\/\/cmvsf2.org\/web\/wp-json\/wp\/v2\/comments?post=6211"}],"version-history":[{"count":0,"href":"https:\/\/cmvsf2.org\/web\/wp-json\/wp\/v2\/posts\/6211\/revisions"}],"wp:featuredmedia":[{"embeddable":true,"href":"https:\/\/cmvsf2.org\/web\/wp-json\/wp\/v2\/media\/6215"}],"wp:attachment":[{"href":"https:\/\/cmvsf2.org\/web\/wp-json\/wp\/v2\/media?parent=6211"}],"wp:term":[{"taxonomy":"category","embeddable":true,"href":"https:\/\/cmvsf2.org\/web\/wp-json\/wp\/v2\/categories?post=6211"},{"taxonomy":"post_tag","embeddable":true,"href":"https:\/\/cmvsf2.org\/web\/wp-json\/wp\/v2\/tags?post=6211"}],"curies":[{"name":"wp","href":"https:\/\/api.w.org\/{rel}","templated":true}]}}