{"id":6138,"date":"2019-11-09T07:38:13","date_gmt":"2019-11-09T07:38:13","guid":{"rendered":"http:\/\/sessionstudio.ar\/vet\/web\/?p=6138"},"modified":"2019-11-09T07:38:13","modified_gmt":"2019-11-09T07:38:13","slug":"se-encuentran-abiertas-dos-consultas-publicas-de-interes-para-la-profesion-veterinaria","status":"publish","type":"post","link":"https:\/\/cmvsf2.org\/web\/2019\/11\/09\/se-encuentran-abiertas-dos-consultas-publicas-de-interes-para-la-profesion-veterinaria\/","title":{"rendered":"Se encuentran abiertas dos consultas p\u00fablicas de inter\u00e9s para la profesi\u00f3n veterinaria"},"content":{"rendered":"\n<p>El Servicio Nacional de Sanidad y Calidad Agroalimentaria&nbsp;(SENASA) inform\u00f3 que se encuentran abiertas dos consultas p\u00fablicas de inter\u00e9s para la profesi\u00f3n veterinaria, por lo que alentamos la participaci\u00f3n de nuestros colegiados.<\/p>\n\n\n<p>Se trata de la consulta p\u00fablica n\u00famero 380, referida al Registro Nacional Individual de \u00c9quidos (RENIE); y la 381, que refiere al Bienestar Animal en el \u00e1mbito pecuario y deportivo.<\/p>\n\n\n<p>La primera estar\u00e1 abierta hasta el 29 de noviembre a las 17 hs inclusive. Mientras que la segunda, hasta el 20 de noviembre a las 17 hs inclusive.<\/p>\n\n\n<p>En ambos casos, las opiniones deben estar fundadas en razones t\u00e9cnicas, ser claras, pertinentes y, en la medida de lo posible, breves. Y deben enviarse al mail correspondiente:&nbsp;<a rel=\"noreferrer noopener\" href=\"mailto:consultapublica380@senasa.gob.ar\" target=\"_blank\">consultapublica380@senasa.gob.ar<\/a>&nbsp;o&nbsp;<a rel=\"noreferrer noopener\" href=\"mailto:consultapublica381@senasa.gob.ar\" target=\"_blank\">consultapublica381@senasa.gob.ar<\/a><\/p>\n\n\n<p><a href=\"https:\/\/www.argentina.gob.ar\/consulta-publica-380-registro-nacional-individual-de-equidos-renie\">Consulta P\u00fablica 380<\/a><\/p>\n\n\n<p><a href=\"https:\/\/www.argentina.gob.ar\/consulta-publica-381-bienestar-animal-en-el-ambito-pecuario-y-deportivo\">Consulta P\u00fablica 381<\/a><\/p>\n","protected":false},"excerpt":{"rendered":"<p>El Servicio Nacional de Sanidad y Calidad Agroalimentaria&nbsp;(SENASA) inform\u00f3 que se encuentran abiertas dos consultas p\u00fablicas de inter\u00e9s para la profesi\u00f3n veterinaria, por lo que alentamos la participaci\u00f3n de nuestros colegiados. Se trata de la consulta p\u00fablica n\u00famero 380, referida al Registro Nacional Individual de \u00c9quidos (RENIE); y la 381, que refiere al Bienestar Animal en el \u00e1mbito pecuario y deportivo. La primera estar\u00e1 [&hellip;]<\/p>\n","protected":false},"author":3,"featured_media":6142,"comment_status":"open","ping_status":"open","sticky":false,"template":"","format":"standard","meta":{"_acf_changed":false,"footnotes":""},"categories":[38],"tags":[347,73],"class_list":["post-6138","post","type-post","status-publish","format-standard","has-post-thumbnail","hentry","category-noticias-del-sector","tag-consulta-publica","tag-senasa"],"acf":[],"yoast_head":"<!-- This site is optimized with the Yoast SEO plugin v28.2 - https:\/\/yoast.com\/product\/yoast-seo-wordpress\/ -->\n<title>Se encuentran abiertas dos consultas p\u00fablicas de inter\u00e9s para la profesi\u00f3n veterinaria - Colegio De Veterinarios De Santa Fe 2da. Circunscripci\u00f3n<\/title>\n<meta name=\"description\" content=\"El Servicio Nacional de Sanidad y Calidad Agroalimentaria&nbsp;(SENASA) inform\u00f3 que se encuentran abiertas dos consultas p\u00fablicas de inter\u00e9s para la\" \/>\n<meta name=\"robots\" content=\"index, follow, max-snippet:-1, max-image-preview:large, max-video-preview:-1\" \/>\n<link rel=\"canonical\" href=\"https:\/\/cmvsf2.org\/web\/2019\/11\/09\/se-encuentran-abiertas-dos-consultas-publicas-de-interes-para-la-profesion-veterinaria\/\" \/>\n<meta property=\"og:locale\" content=\"es_ES\" \/>\n<meta property=\"og:type\" content=\"article\" \/>\n<meta property=\"og:title\" content=\"Se encuentran abiertas dos consultas p\u00fablicas de inter\u00e9s para la profesi\u00f3n veterinaria - Colegio De Veterinarios De Santa Fe 2da. Circunscripci\u00f3n\" \/>\n<meta property=\"og:description\" content=\"El Servicio Nacional de Sanidad y Calidad Agroalimentaria&nbsp;(SENASA) inform\u00f3 que se encuentran abiertas dos consultas p\u00fablicas de inter\u00e9s para la\" \/>\n<meta property=\"og:url\" content=\"https:\/\/cmvsf2.org\/web\/2019\/11\/09\/se-encuentran-abiertas-dos-consultas-publicas-de-interes-para-la-profesion-veterinaria\/\" \/>\n<meta property=\"og:site_name\" content=\"Colegio De Veterinarios De Santa Fe 2da. Circunscripci\u00f3n\" \/>\n<meta property=\"article:published_time\" content=\"2019-11-09T07:38:13+00:00\" \/>\n<meta property=\"og:image\" content=\"https:\/\/cmvsf2.org\/web\/wp-content\/uploads\/2019\/11\/consultas-pblicas-1.png\" \/>\n\t<meta property=\"og:image:width\" content=\"1080\" \/>\n\t<meta property=\"og:image:height\" content=\"1080\" \/>\n\t<meta property=\"og:image:type\" content=\"image\/png\" \/>\n<meta name=\"author\" content=\"cmvsf2\" \/>\n<meta name=\"twitter:card\" content=\"summary_large_image\" \/>\n<meta name=\"twitter:label1\" content=\"Escrito por\" \/>\n\t<meta name=\"twitter:data1\" content=\"cmvsf2\" \/>\n\t<meta name=\"twitter:label2\" content=\"Tiempo de lectura\" \/>\n\t<meta name=\"twitter:data2\" content=\"1 minuto\" \/>\n<script type=\"application\/ld+json\" class=\"yoast-schema-graph\">{\"@context\":\"https:\\\/\\\/schema.org\",\"@graph\":[{\"@type\":\"Article\",\"@id\":\"https:\\\/\\\/cmvsf2.org\\\/web\\\/2019\\\/11\\\/09\\\/se-encuentran-abiertas-dos-consultas-publicas-de-interes-para-la-profesion-veterinaria\\\/#article\",\"isPartOf\":{\"@id\":\"https:\\\/\\\/cmvsf2.org\\\/web\\\/2019\\\/11\\\/09\\\/se-encuentran-abiertas-dos-consultas-publicas-de-interes-para-la-profesion-veterinaria\\\/\"},\"author\":{\"name\":\"cmvsf2\",\"@id\":\"https:\\\/\\\/cmvsf2.org\\\/web\\\/#\\\/schema\\\/person\\\/46ea3630099a4a3df8d89f07cf5f7520\"},\"headline\":\"Se encuentran abiertas dos consultas p\u00fablicas de inter\u00e9s para la profesi\u00f3n veterinaria\",\"datePublished\":\"2019-11-09T07:38:13+00:00\",\"mainEntityOfPage\":{\"@id\":\"https:\\\/\\\/cmvsf2.org\\\/web\\\/2019\\\/11\\\/09\\\/se-encuentran-abiertas-dos-consultas-publicas-de-interes-para-la-profesion-veterinaria\\\/\"},\"wordCount\":153,\"commentCount\":0,\"publisher\":{\"@id\":\"https:\\\/\\\/cmvsf2.org\\\/web\\\/#organization\"},\"image\":{\"@id\":\"https:\\\/\\\/cmvsf2.org\\\/web\\\/2019\\\/11\\\/09\\\/se-encuentran-abiertas-dos-consultas-publicas-de-interes-para-la-profesion-veterinaria\\\/#primaryimage\"},\"thumbnailUrl\":\"https:\\\/\\\/cmvsf2.org\\\/web\\\/wp-content\\\/uploads\\\/2019\\\/11\\\/consultas-pblicas-1.png\",\"keywords\":[\"consulta p\u00fablica\",\"SENASA\"],\"articleSection\":[\"Noticias del sector\"],\"inLanguage\":\"es\"},{\"@type\":\"WebPage\",\"@id\":\"https:\\\/\\\/cmvsf2.org\\\/web\\\/2019\\\/11\\\/09\\\/se-encuentran-abiertas-dos-consultas-publicas-de-interes-para-la-profesion-veterinaria\\\/\",\"url\":\"https:\\\/\\\/cmvsf2.org\\\/web\\\/2019\\\/11\\\/09\\\/se-encuentran-abiertas-dos-consultas-publicas-de-interes-para-la-profesion-veterinaria\\\/\",\"name\":\"Se encuentran abiertas dos consultas p\u00fablicas de inter\u00e9s para la profesi\u00f3n veterinaria - Colegio De Veterinarios De Santa Fe 2da. Circunscripci\u00f3n\",\"isPartOf\":{\"@id\":\"https:\\\/\\\/cmvsf2.org\\\/web\\\/#website\"},\"primaryImageOfPage\":{\"@id\":\"https:\\\/\\\/cmvsf2.org\\\/web\\\/2019\\\/11\\\/09\\\/se-encuentran-abiertas-dos-consultas-publicas-de-interes-para-la-profesion-veterinaria\\\/#primaryimage\"},\"image\":{\"@id\":\"https:\\\/\\\/cmvsf2.org\\\/web\\\/2019\\\/11\\\/09\\\/se-encuentran-abiertas-dos-consultas-publicas-de-interes-para-la-profesion-veterinaria\\\/#primaryimage\"},\"thumbnailUrl\":\"https:\\\/\\\/cmvsf2.org\\\/web\\\/wp-content\\\/uploads\\\/2019\\\/11\\\/consultas-pblicas-1.png\",\"datePublished\":\"2019-11-09T07:38:13+00:00\",\"description\":\"El Servicio Nacional de Sanidad y Calidad Agroalimentaria&nbsp;(SENASA) inform\u00f3 que se encuentran abiertas dos consultas p\u00fablicas de inter\u00e9s para la\",\"breadcrumb\":{\"@id\":\"https:\\\/\\\/cmvsf2.org\\\/web\\\/2019\\\/11\\\/09\\\/se-encuentran-abiertas-dos-consultas-publicas-de-interes-para-la-profesion-veterinaria\\\/#breadcrumb\"},\"inLanguage\":\"es\",\"potentialAction\":[{\"@type\":\"ReadAction\",\"target\":[\"https:\\\/\\\/cmvsf2.org\\\/web\\\/2019\\\/11\\\/09\\\/se-encuentran-abiertas-dos-consultas-publicas-de-interes-para-la-profesion-veterinaria\\\/\"]}]},{\"@type\":\"ImageObject\",\"inLanguage\":\"es\",\"@id\":\"https:\\\/\\\/cmvsf2.org\\\/web\\\/2019\\\/11\\\/09\\\/se-encuentran-abiertas-dos-consultas-publicas-de-interes-para-la-profesion-veterinaria\\\/#primaryimage\",\"url\":\"https:\\\/\\\/cmvsf2.org\\\/web\\\/wp-content\\\/uploads\\\/2019\\\/11\\\/consultas-pblicas-1.png\",\"contentUrl\":\"https:\\\/\\\/cmvsf2.org\\\/web\\\/wp-content\\\/uploads\\\/2019\\\/11\\\/consultas-pblicas-1.png\",\"width\":1080,\"height\":1080},{\"@type\":\"BreadcrumbList\",\"@id\":\"https:\\\/\\\/cmvsf2.org\\\/web\\\/2019\\\/11\\\/09\\\/se-encuentran-abiertas-dos-consultas-publicas-de-interes-para-la-profesion-veterinaria\\\/#breadcrumb\",\"itemListElement\":[{\"@type\":\"ListItem\",\"position\":1,\"name\":\"Portada\",\"item\":\"https:\\\/\\\/cmvsf2.org\\\/web\\\/\"},{\"@type\":\"ListItem\",\"position\":2,\"name\":\"Se encuentran abiertas dos consultas p\u00fablicas de inter\u00e9s para la profesi\u00f3n veterinaria\"}]},{\"@type\":\"WebSite\",\"@id\":\"https:\\\/\\\/cmvsf2.org\\\/web\\\/#website\",\"url\":\"https:\\\/\\\/cmvsf2.org\\\/web\\\/\",\"name\":\"Colegio De Veterinarios De Santa Fe 2da. Circunscripci\u00f3n\",\"description\":\"Sitio institucional del Colegio de M\u00e9dicos Veterinario de Santa Fe 2da. Circunscripci\u00f3n\",\"publisher\":{\"@id\":\"https:\\\/\\\/cmvsf2.org\\\/web\\\/#organization\"},\"potentialAction\":[{\"@type\":\"SearchAction\",\"target\":{\"@type\":\"EntryPoint\",\"urlTemplate\":\"https:\\\/\\\/cmvsf2.org\\\/web\\\/?s={search_term_string}\"},\"query-input\":{\"@type\":\"PropertyValueSpecification\",\"valueRequired\":true,\"valueName\":\"search_term_string\"}}],\"inLanguage\":\"es\"},{\"@type\":\"Organization\",\"@id\":\"https:\\\/\\\/cmvsf2.org\\\/web\\\/#organization\",\"name\":\"Colegio De Veterinarios De Santa Fe 2da. Circunscripci\u00f3n\",\"url\":\"https:\\\/\\\/cmvsf2.org\\\/web\\\/\",\"logo\":{\"@type\":\"ImageObject\",\"inLanguage\":\"es\",\"@id\":\"https:\\\/\\\/cmvsf2.org\\\/web\\\/#\\\/schema\\\/logo\\\/image\\\/\",\"url\":\"http:\\\/\\\/cmvsf2.org\\\/web\\\/wp-content\\\/uploads\\\/2020\\\/03\\\/vector-logo-02.png\",\"contentUrl\":\"http:\\\/\\\/cmvsf2.org\\\/web\\\/wp-content\\\/uploads\\\/2020\\\/03\\\/vector-logo-02.png\",\"width\":2750,\"height\":642,\"caption\":\"Colegio De Veterinarios De Santa Fe 2da. Circunscripci\u00f3n\"},\"image\":{\"@id\":\"https:\\\/\\\/cmvsf2.org\\\/web\\\/#\\\/schema\\\/logo\\\/image\\\/\"}},{\"@type\":\"Person\",\"@id\":\"https:\\\/\\\/cmvsf2.org\\\/web\\\/#\\\/schema\\\/person\\\/46ea3630099a4a3df8d89f07cf5f7520\",\"name\":\"cmvsf2\",\"image\":{\"@type\":\"ImageObject\",\"inLanguage\":\"es\",\"@id\":\"https:\\\/\\\/secure.gravatar.com\\\/avatar\\\/669647b61c77f28f1aa51df04174a5ecb296e9988b4a93d2870666cd1f502cd7?s=96&d=mm&r=g\",\"url\":\"https:\\\/\\\/secure.gravatar.com\\\/avatar\\\/669647b61c77f28f1aa51df04174a5ecb296e9988b4a93d2870666cd1f502cd7?s=96&d=mm&r=g\",\"contentUrl\":\"https:\\\/\\\/secure.gravatar.com\\\/avatar\\\/669647b61c77f28f1aa51df04174a5ecb296e9988b4a93d2870666cd1f502cd7?s=96&d=mm&r=g\",\"caption\":\"cmvsf2\"}}]}<\/script>\n<!-- \/ Yoast SEO plugin. -->","yoast_head_json":{"title":"Se encuentran abiertas dos consultas p\u00fablicas de inter\u00e9s para la profesi\u00f3n veterinaria - Colegio De Veterinarios De Santa Fe 2da. Circunscripci\u00f3n","description":"El Servicio Nacional de Sanidad y Calidad Agroalimentaria&nbsp;(SENASA) inform\u00f3 que se encuentran abiertas dos consultas p\u00fablicas de inter\u00e9s para la","robots":{"index":"index","follow":"follow","max-snippet":"max-snippet:-1","max-image-preview":"max-image-preview:large","max-video-preview":"max-video-preview:-1"},"canonical":"https:\/\/cmvsf2.org\/web\/2019\/11\/09\/se-encuentran-abiertas-dos-consultas-publicas-de-interes-para-la-profesion-veterinaria\/","og_locale":"es_ES","og_type":"article","og_title":"Se encuentran abiertas dos consultas p\u00fablicas de inter\u00e9s para la profesi\u00f3n veterinaria - Colegio De Veterinarios De Santa Fe 2da. Circunscripci\u00f3n","og_description":"El Servicio Nacional de Sanidad y Calidad Agroalimentaria&nbsp;(SENASA) inform\u00f3 que se encuentran abiertas dos consultas p\u00fablicas de inter\u00e9s para la","og_url":"https:\/\/cmvsf2.org\/web\/2019\/11\/09\/se-encuentran-abiertas-dos-consultas-publicas-de-interes-para-la-profesion-veterinaria\/","og_site_name":"Colegio De Veterinarios De Santa Fe 2da. Circunscripci\u00f3n","article_published_time":"2019-11-09T07:38:13+00:00","og_image":[{"width":1080,"height":1080,"url":"https:\/\/cmvsf2.org\/web\/wp-content\/uploads\/2019\/11\/consultas-pblicas-1.png","type":"image\/png"}],"author":"cmvsf2","twitter_card":"summary_large_image","twitter_misc":{"Escrito por":"cmvsf2","Tiempo de lectura":"1 minuto"},"schema":{"@context":"https:\/\/schema.org","@graph":[{"@type":"Article","@id":"https:\/\/cmvsf2.org\/web\/2019\/11\/09\/se-encuentran-abiertas-dos-consultas-publicas-de-interes-para-la-profesion-veterinaria\/#article","isPartOf":{"@id":"https:\/\/cmvsf2.org\/web\/2019\/11\/09\/se-encuentran-abiertas-dos-consultas-publicas-de-interes-para-la-profesion-veterinaria\/"},"author":{"name":"cmvsf2","@id":"https:\/\/cmvsf2.org\/web\/#\/schema\/person\/46ea3630099a4a3df8d89f07cf5f7520"},"headline":"Se encuentran abiertas dos consultas p\u00fablicas de inter\u00e9s para la profesi\u00f3n veterinaria","datePublished":"2019-11-09T07:38:13+00:00","mainEntityOfPage":{"@id":"https:\/\/cmvsf2.org\/web\/2019\/11\/09\/se-encuentran-abiertas-dos-consultas-publicas-de-interes-para-la-profesion-veterinaria\/"},"wordCount":153,"commentCount":0,"publisher":{"@id":"https:\/\/cmvsf2.org\/web\/#organization"},"image":{"@id":"https:\/\/cmvsf2.org\/web\/2019\/11\/09\/se-encuentran-abiertas-dos-consultas-publicas-de-interes-para-la-profesion-veterinaria\/#primaryimage"},"thumbnailUrl":"https:\/\/cmvsf2.org\/web\/wp-content\/uploads\/2019\/11\/consultas-pblicas-1.png","keywords":["consulta p\u00fablica","SENASA"],"articleSection":["Noticias del sector"],"inLanguage":"es"},{"@type":"WebPage","@id":"https:\/\/cmvsf2.org\/web\/2019\/11\/09\/se-encuentran-abiertas-dos-consultas-publicas-de-interes-para-la-profesion-veterinaria\/","url":"https:\/\/cmvsf2.org\/web\/2019\/11\/09\/se-encuentran-abiertas-dos-consultas-publicas-de-interes-para-la-profesion-veterinaria\/","name":"Se encuentran abiertas dos consultas p\u00fablicas de inter\u00e9s para la profesi\u00f3n veterinaria - Colegio De Veterinarios De Santa Fe 2da. Circunscripci\u00f3n","isPartOf":{"@id":"https:\/\/cmvsf2.org\/web\/#website"},"primaryImageOfPage":{"@id":"https:\/\/cmvsf2.org\/web\/2019\/11\/09\/se-encuentran-abiertas-dos-consultas-publicas-de-interes-para-la-profesion-veterinaria\/#primaryimage"},"image":{"@id":"https:\/\/cmvsf2.org\/web\/2019\/11\/09\/se-encuentran-abiertas-dos-consultas-publicas-de-interes-para-la-profesion-veterinaria\/#primaryimage"},"thumbnailUrl":"https:\/\/cmvsf2.org\/web\/wp-content\/uploads\/2019\/11\/consultas-pblicas-1.png","datePublished":"2019-11-09T07:38:13+00:00","description":"El Servicio Nacional de Sanidad y Calidad Agroalimentaria&nbsp;(SENASA) inform\u00f3 que se encuentran abiertas dos consultas p\u00fablicas de inter\u00e9s para la","breadcrumb":{"@id":"https:\/\/cmvsf2.org\/web\/2019\/11\/09\/se-encuentran-abiertas-dos-consultas-publicas-de-interes-para-la-profesion-veterinaria\/#breadcrumb"},"inLanguage":"es","potentialAction":[{"@type":"ReadAction","target":["https:\/\/cmvsf2.org\/web\/2019\/11\/09\/se-encuentran-abiertas-dos-consultas-publicas-de-interes-para-la-profesion-veterinaria\/"]}]},{"@type":"ImageObject","inLanguage":"es","@id":"https:\/\/cmvsf2.org\/web\/2019\/11\/09\/se-encuentran-abiertas-dos-consultas-publicas-de-interes-para-la-profesion-veterinaria\/#primaryimage","url":"https:\/\/cmvsf2.org\/web\/wp-content\/uploads\/2019\/11\/consultas-pblicas-1.png","contentUrl":"https:\/\/cmvsf2.org\/web\/wp-content\/uploads\/2019\/11\/consultas-pblicas-1.png","width":1080,"height":1080},{"@type":"BreadcrumbList","@id":"https:\/\/cmvsf2.org\/web\/2019\/11\/09\/se-encuentran-abiertas-dos-consultas-publicas-de-interes-para-la-profesion-veterinaria\/#breadcrumb","itemListElement":[{"@type":"ListItem","position":1,"name":"Portada","item":"https:\/\/cmvsf2.org\/web\/"},{"@type":"ListItem","position":2,"name":"Se encuentran abiertas dos consultas p\u00fablicas de inter\u00e9s para la profesi\u00f3n veterinaria"}]},{"@type":"WebSite","@id":"https:\/\/cmvsf2.org\/web\/#website","url":"https:\/\/cmvsf2.org\/web\/","name":"Colegio De Veterinarios De Santa Fe 2da. Circunscripci\u00f3n","description":"Sitio institucional del Colegio de M\u00e9dicos Veterinario de Santa Fe 2da. Circunscripci\u00f3n","publisher":{"@id":"https:\/\/cmvsf2.org\/web\/#organization"},"potentialAction":[{"@type":"SearchAction","target":{"@type":"EntryPoint","urlTemplate":"https:\/\/cmvsf2.org\/web\/?s={search_term_string}"},"query-input":{"@type":"PropertyValueSpecification","valueRequired":true,"valueName":"search_term_string"}}],"inLanguage":"es"},{"@type":"Organization","@id":"https:\/\/cmvsf2.org\/web\/#organization","name":"Colegio De Veterinarios De Santa Fe 2da. Circunscripci\u00f3n","url":"https:\/\/cmvsf2.org\/web\/","logo":{"@type":"ImageObject","inLanguage":"es","@id":"https:\/\/cmvsf2.org\/web\/#\/schema\/logo\/image\/","url":"http:\/\/cmvsf2.org\/web\/wp-content\/uploads\/2020\/03\/vector-logo-02.png","contentUrl":"http:\/\/cmvsf2.org\/web\/wp-content\/uploads\/2020\/03\/vector-logo-02.png","width":2750,"height":642,"caption":"Colegio De Veterinarios De Santa Fe 2da. Circunscripci\u00f3n"},"image":{"@id":"https:\/\/cmvsf2.org\/web\/#\/schema\/logo\/image\/"}},{"@type":"Person","@id":"https:\/\/cmvsf2.org\/web\/#\/schema\/person\/46ea3630099a4a3df8d89f07cf5f7520","name":"cmvsf2","image":{"@type":"ImageObject","inLanguage":"es","@id":"https:\/\/secure.gravatar.com\/avatar\/669647b61c77f28f1aa51df04174a5ecb296e9988b4a93d2870666cd1f502cd7?s=96&d=mm&r=g","url":"https:\/\/secure.gravatar.com\/avatar\/669647b61c77f28f1aa51df04174a5ecb296e9988b4a93d2870666cd1f502cd7?s=96&d=mm&r=g","contentUrl":"https:\/\/secure.gravatar.com\/avatar\/669647b61c77f28f1aa51df04174a5ecb296e9988b4a93d2870666cd1f502cd7?s=96&d=mm&r=g","caption":"cmvsf2"}}]}},"_links":{"self":[{"href":"https:\/\/cmvsf2.org\/web\/wp-json\/wp\/v2\/posts\/6138","targetHints":{"allow":["GET"]}}],"collection":[{"href":"https:\/\/cmvsf2.org\/web\/wp-json\/wp\/v2\/posts"}],"about":[{"href":"https:\/\/cmvsf2.org\/web\/wp-json\/wp\/v2\/types\/post"}],"author":[{"embeddable":true,"href":"https:\/\/cmvsf2.org\/web\/wp-json\/wp\/v2\/users\/3"}],"replies":[{"embeddable":true,"href":"https:\/\/cmvsf2.org\/web\/wp-json\/wp\/v2\/comments?post=6138"}],"version-history":[{"count":0,"href":"https:\/\/cmvsf2.org\/web\/wp-json\/wp\/v2\/posts\/6138\/revisions"}],"wp:featuredmedia":[{"embeddable":true,"href":"https:\/\/cmvsf2.org\/web\/wp-json\/wp\/v2\/media\/6142"}],"wp:attachment":[{"href":"https:\/\/cmvsf2.org\/web\/wp-json\/wp\/v2\/media?parent=6138"}],"wp:term":[{"taxonomy":"category","embeddable":true,"href":"https:\/\/cmvsf2.org\/web\/wp-json\/wp\/v2\/categories?post=6138"},{"taxonomy":"post_tag","embeddable":true,"href":"https:\/\/cmvsf2.org\/web\/wp-json\/wp\/v2\/tags?post=6138"}],"curies":[{"name":"wp","href":"https:\/\/api.w.org\/{rel}","templated":true}]}}