{"id":6119,"date":"2019-11-04T07:41:20","date_gmt":"2019-11-04T07:41:20","guid":{"rendered":"http:\/\/sessionstudio.ar\/vet\/web\/?p=6119"},"modified":"2019-11-04T07:41:20","modified_gmt":"2019-11-04T07:41:20","slug":"nuevo-curso-de-acreditacion-de-tuberculosis-bovina-noviembre-2019","status":"publish","type":"post","link":"https:\/\/cmvsf2.org\/web\/2019\/11\/04\/nuevo-curso-de-acreditacion-de-tuberculosis-bovina-noviembre-2019\/","title":{"rendered":"NUEVO CURSO DE ACREDITACI\u00d3N DE TUBERCULOSIS BOVINA &#8211; NOVIEMBRE 2019"},"content":{"rendered":"\n<p>NUEVO CURSO DE ACREDITACI\u00d3N DE TUBERCULOSIS BOVINA &#8211; NOVIEMBRE 2019<\/p>\n\n\n<p>La Facultad de Ciencias Veterinarias de la UNR inform\u00f3 que los d\u00edas 28 y 29 de noviembre se realizar\u00e1 un nuevo Curso de Acreditaci\u00f3n SENASA de Tuberculosis Bovina, destinado a M\u00e9dicos Veterinarios de actividad privada y\/u oficial que est\u00e9n matriculados en los Colegios Profesionales.<\/p>\n\n\n<p><strong>Lugar de realizaci\u00f3n<\/strong>: Facultad de Ciencias Veterinarias\nUNR- Aula del Hospital.<\/p>\n\n\n<p><strong>Fecha<\/strong>: 28-29 de noviembre &nbsp;de 2019<\/p>\n\n\n<p><strong>Horario<\/strong>: 8.30 h<\/p>\n\n\n<p><strong>Coordinadores del curso<\/strong>: Esp. M\u00e9d. Vet. Juan Jos\u00e9 Noste \/ M\u00e9d. Vet. Juan Guido Riganti<\/p>\n\n\n<p><strong>Cupo:<\/strong> m\u00ednimo 10 (diez) y m\u00e1ximo 25\n(veinticinco) M\u00e9dicos Veterinarios.<\/p>\n\n\n<p><strong>Carga horaria: <\/strong>30 horas, de las cuales 18 ser\u00e1n\npresenciales. Ser\u00e1n dos d\u00edas consecutivos.<\/p>\n\n\n<p><strong>Arancel general: $ <\/strong>4500. Graduados FCV UNR 20% de\ndescuento<\/p>\n\n\n<div class=\"wp-block-file\"><a href=\"https:\/\/cmvsf2.org\/web\/wp-content\/uploads\/2019\/11\/manual-inscripcin-tad-sac-1.pdf\"> <br \/><strong><em>En este link encontrar\u00e1n las instrucciones para la inscripci\u00f3n a trav\u00e9s del sistema TAD (tr\u00e1mites a distancia) del SENASA &#8212;&#8211;&gt;&gt;&gt;&gt;<\/em><\/strong>Instructivo Sistema TAD SENASA<\/a><a href=\"https:\/\/cmvsf2.org\/web\/wp-content\/uploads\/2019\/11\/manual-inscripcin-tad-sac-1.pdf\" class=\"wp-block-file__button\" download>Descarga<\/a><\/div>\n","protected":false},"excerpt":{"rendered":"<p>NUEVO CURSO DE ACREDITACI\u00d3N DE TUBERCULOSIS BOVINA &#8211; NOVIEMBRE 2019 La Facultad de Ciencias Veterinarias de la UNR inform\u00f3 que los d\u00edas 28 y 29 de noviembre se realizar\u00e1 un nuevo Curso de Acreditaci\u00f3n SENASA de Tuberculosis Bovina, destinado a M\u00e9dicos Veterinarios de actividad privada y\/u oficial que est\u00e9n matriculados en los Colegios Profesionales. Lugar de realizaci\u00f3n: Facultad de Ciencias Veterinarias UNR- Aula del [&hellip;]<\/p>\n","protected":false},"author":3,"featured_media":6121,"comment_status":"open","ping_status":"open","sticky":false,"template":"","format":"standard","meta":{"_acf_changed":false,"footnotes":""},"categories":[35,38],"tags":[346,73,101],"class_list":["post-6119","post","type-post","status-publish","format-standard","has-post-thumbnail","hentry","category-formacion","category-noticias-del-sector","tag-acreditacion","tag-senasa","tag-tuberculosis"],"acf":[],"yoast_head":"<!-- This site is optimized with the Yoast SEO plugin v28.2 - https:\/\/yoast.com\/product\/yoast-seo-wordpress\/ -->\n<title>NUEVO CURSO DE ACREDITACI\u00d3N DE TUBERCULOSIS BOVINA - NOVIEMBRE 2019 - Colegio De Veterinarios De Santa Fe 2da. Circunscripci\u00f3n<\/title>\n<meta name=\"description\" content=\"NUEVO CURSO DE ACREDITACI\u00d3N DE TUBERCULOSIS BOVINA - NOVIEMBRE 2019 La Facultad de Ciencias Veterinarias de la UNR inform\u00f3 que los d\u00edas 28 y 29 de\" \/>\n<meta name=\"robots\" content=\"index, follow, max-snippet:-1, max-image-preview:large, max-video-preview:-1\" \/>\n<link rel=\"canonical\" href=\"https:\/\/cmvsf2.org\/web\/2019\/11\/04\/nuevo-curso-de-acreditacion-de-tuberculosis-bovina-noviembre-2019\/\" \/>\n<meta property=\"og:locale\" content=\"es_ES\" \/>\n<meta property=\"og:type\" content=\"article\" \/>\n<meta property=\"og:title\" content=\"NUEVO CURSO DE ACREDITACI\u00d3N DE TUBERCULOSIS BOVINA - NOVIEMBRE 2019 - Colegio De Veterinarios De Santa Fe 2da. Circunscripci\u00f3n\" \/>\n<meta property=\"og:description\" content=\"NUEVO CURSO DE ACREDITACI\u00d3N DE TUBERCULOSIS BOVINA - NOVIEMBRE 2019 La Facultad de Ciencias Veterinarias de la UNR inform\u00f3 que los d\u00edas 28 y 29 de\" \/>\n<meta property=\"og:url\" content=\"https:\/\/cmvsf2.org\/web\/2019\/11\/04\/nuevo-curso-de-acreditacion-de-tuberculosis-bovina-noviembre-2019\/\" \/>\n<meta property=\"og:site_name\" content=\"Colegio De Veterinarios De Santa Fe 2da. Circunscripci\u00f3n\" \/>\n<meta property=\"article:published_time\" content=\"2019-11-04T07:41:20+00:00\" \/>\n<meta property=\"og:image\" content=\"https:\/\/cmvsf2.org\/web\/wp-content\/uploads\/2019\/11\/glen-rushton-figypomapuy-unsplash-1-scaled.jpg\" \/>\n\t<meta property=\"og:image:width\" content=\"1707\" \/>\n\t<meta property=\"og:image:height\" content=\"2560\" \/>\n\t<meta property=\"og:image:type\" content=\"image\/jpeg\" \/>\n<meta name=\"author\" content=\"cmvsf2\" \/>\n<meta name=\"twitter:card\" content=\"summary_large_image\" \/>\n<meta name=\"twitter:label1\" content=\"Escrito por\" \/>\n\t<meta name=\"twitter:data1\" content=\"cmvsf2\" \/>\n\t<meta name=\"twitter:label2\" content=\"Tiempo de lectura\" \/>\n\t<meta name=\"twitter:data2\" content=\"1 minuto\" \/>\n<script type=\"application\/ld+json\" class=\"yoast-schema-graph\">{\"@context\":\"https:\\\/\\\/schema.org\",\"@graph\":[{\"@type\":\"Article\",\"@id\":\"https:\\\/\\\/cmvsf2.org\\\/web\\\/2019\\\/11\\\/04\\\/nuevo-curso-de-acreditacion-de-tuberculosis-bovina-noviembre-2019\\\/#article\",\"isPartOf\":{\"@id\":\"https:\\\/\\\/cmvsf2.org\\\/web\\\/2019\\\/11\\\/04\\\/nuevo-curso-de-acreditacion-de-tuberculosis-bovina-noviembre-2019\\\/\"},\"author\":{\"name\":\"cmvsf2\",\"@id\":\"https:\\\/\\\/cmvsf2.org\\\/web\\\/#\\\/schema\\\/person\\\/46ea3630099a4a3df8d89f07cf5f7520\"},\"headline\":\"NUEVO CURSO DE ACREDITACI\u00d3N DE TUBERCULOSIS BOVINA &#8211; NOVIEMBRE 2019\",\"datePublished\":\"2019-11-04T07:41:20+00:00\",\"mainEntityOfPage\":{\"@id\":\"https:\\\/\\\/cmvsf2.org\\\/web\\\/2019\\\/11\\\/04\\\/nuevo-curso-de-acreditacion-de-tuberculosis-bovina-noviembre-2019\\\/\"},\"wordCount\":169,\"commentCount\":0,\"publisher\":{\"@id\":\"https:\\\/\\\/cmvsf2.org\\\/web\\\/#organization\"},\"image\":{\"@id\":\"https:\\\/\\\/cmvsf2.org\\\/web\\\/2019\\\/11\\\/04\\\/nuevo-curso-de-acreditacion-de-tuberculosis-bovina-noviembre-2019\\\/#primaryimage\"},\"thumbnailUrl\":\"https:\\\/\\\/cmvsf2.org\\\/web\\\/wp-content\\\/uploads\\\/2019\\\/11\\\/glen-rushton-figypomapuy-unsplash-1-scaled.jpg\",\"keywords\":[\"ACREDITACION\",\"SENASA\",\"tuberculosis\"],\"articleSection\":[\"Formaci\u00f3n\",\"Noticias del sector\"],\"inLanguage\":\"es\"},{\"@type\":\"WebPage\",\"@id\":\"https:\\\/\\\/cmvsf2.org\\\/web\\\/2019\\\/11\\\/04\\\/nuevo-curso-de-acreditacion-de-tuberculosis-bovina-noviembre-2019\\\/\",\"url\":\"https:\\\/\\\/cmvsf2.org\\\/web\\\/2019\\\/11\\\/04\\\/nuevo-curso-de-acreditacion-de-tuberculosis-bovina-noviembre-2019\\\/\",\"name\":\"NUEVO CURSO DE ACREDITACI\u00d3N DE TUBERCULOSIS BOVINA - NOVIEMBRE 2019 - Colegio De Veterinarios De Santa Fe 2da. Circunscripci\u00f3n\",\"isPartOf\":{\"@id\":\"https:\\\/\\\/cmvsf2.org\\\/web\\\/#website\"},\"primaryImageOfPage\":{\"@id\":\"https:\\\/\\\/cmvsf2.org\\\/web\\\/2019\\\/11\\\/04\\\/nuevo-curso-de-acreditacion-de-tuberculosis-bovina-noviembre-2019\\\/#primaryimage\"},\"image\":{\"@id\":\"https:\\\/\\\/cmvsf2.org\\\/web\\\/2019\\\/11\\\/04\\\/nuevo-curso-de-acreditacion-de-tuberculosis-bovina-noviembre-2019\\\/#primaryimage\"},\"thumbnailUrl\":\"https:\\\/\\\/cmvsf2.org\\\/web\\\/wp-content\\\/uploads\\\/2019\\\/11\\\/glen-rushton-figypomapuy-unsplash-1-scaled.jpg\",\"datePublished\":\"2019-11-04T07:41:20+00:00\",\"description\":\"NUEVO CURSO DE ACREDITACI\u00d3N DE TUBERCULOSIS BOVINA - NOVIEMBRE 2019 La Facultad de Ciencias Veterinarias de la UNR inform\u00f3 que los d\u00edas 28 y 29 de\",\"breadcrumb\":{\"@id\":\"https:\\\/\\\/cmvsf2.org\\\/web\\\/2019\\\/11\\\/04\\\/nuevo-curso-de-acreditacion-de-tuberculosis-bovina-noviembre-2019\\\/#breadcrumb\"},\"inLanguage\":\"es\",\"potentialAction\":[{\"@type\":\"ReadAction\",\"target\":[\"https:\\\/\\\/cmvsf2.org\\\/web\\\/2019\\\/11\\\/04\\\/nuevo-curso-de-acreditacion-de-tuberculosis-bovina-noviembre-2019\\\/\"]}]},{\"@type\":\"ImageObject\",\"inLanguage\":\"es\",\"@id\":\"https:\\\/\\\/cmvsf2.org\\\/web\\\/2019\\\/11\\\/04\\\/nuevo-curso-de-acreditacion-de-tuberculosis-bovina-noviembre-2019\\\/#primaryimage\",\"url\":\"https:\\\/\\\/cmvsf2.org\\\/web\\\/wp-content\\\/uploads\\\/2019\\\/11\\\/glen-rushton-figypomapuy-unsplash-1-scaled.jpg\",\"contentUrl\":\"https:\\\/\\\/cmvsf2.org\\\/web\\\/wp-content\\\/uploads\\\/2019\\\/11\\\/glen-rushton-figypomapuy-unsplash-1-scaled.jpg\",\"width\":1707,\"height\":2560},{\"@type\":\"BreadcrumbList\",\"@id\":\"https:\\\/\\\/cmvsf2.org\\\/web\\\/2019\\\/11\\\/04\\\/nuevo-curso-de-acreditacion-de-tuberculosis-bovina-noviembre-2019\\\/#breadcrumb\",\"itemListElement\":[{\"@type\":\"ListItem\",\"position\":1,\"name\":\"Portada\",\"item\":\"https:\\\/\\\/cmvsf2.org\\\/web\\\/\"},{\"@type\":\"ListItem\",\"position\":2,\"name\":\"NUEVO CURSO DE ACREDITACI\u00d3N DE TUBERCULOSIS BOVINA &#8211; NOVIEMBRE 2019\"}]},{\"@type\":\"WebSite\",\"@id\":\"https:\\\/\\\/cmvsf2.org\\\/web\\\/#website\",\"url\":\"https:\\\/\\\/cmvsf2.org\\\/web\\\/\",\"name\":\"Colegio De Veterinarios De Santa Fe 2da. Circunscripci\u00f3n\",\"description\":\"Sitio institucional del Colegio de M\u00e9dicos Veterinario de Santa Fe 2da. Circunscripci\u00f3n\",\"publisher\":{\"@id\":\"https:\\\/\\\/cmvsf2.org\\\/web\\\/#organization\"},\"potentialAction\":[{\"@type\":\"SearchAction\",\"target\":{\"@type\":\"EntryPoint\",\"urlTemplate\":\"https:\\\/\\\/cmvsf2.org\\\/web\\\/?s={search_term_string}\"},\"query-input\":{\"@type\":\"PropertyValueSpecification\",\"valueRequired\":true,\"valueName\":\"search_term_string\"}}],\"inLanguage\":\"es\"},{\"@type\":\"Organization\",\"@id\":\"https:\\\/\\\/cmvsf2.org\\\/web\\\/#organization\",\"name\":\"Colegio De Veterinarios De Santa Fe 2da. Circunscripci\u00f3n\",\"url\":\"https:\\\/\\\/cmvsf2.org\\\/web\\\/\",\"logo\":{\"@type\":\"ImageObject\",\"inLanguage\":\"es\",\"@id\":\"https:\\\/\\\/cmvsf2.org\\\/web\\\/#\\\/schema\\\/logo\\\/image\\\/\",\"url\":\"http:\\\/\\\/cmvsf2.org\\\/web\\\/wp-content\\\/uploads\\\/2020\\\/03\\\/vector-logo-02.png\",\"contentUrl\":\"http:\\\/\\\/cmvsf2.org\\\/web\\\/wp-content\\\/uploads\\\/2020\\\/03\\\/vector-logo-02.png\",\"width\":2750,\"height\":642,\"caption\":\"Colegio De Veterinarios De Santa Fe 2da. Circunscripci\u00f3n\"},\"image\":{\"@id\":\"https:\\\/\\\/cmvsf2.org\\\/web\\\/#\\\/schema\\\/logo\\\/image\\\/\"}},{\"@type\":\"Person\",\"@id\":\"https:\\\/\\\/cmvsf2.org\\\/web\\\/#\\\/schema\\\/person\\\/46ea3630099a4a3df8d89f07cf5f7520\",\"name\":\"cmvsf2\",\"image\":{\"@type\":\"ImageObject\",\"inLanguage\":\"es\",\"@id\":\"https:\\\/\\\/secure.gravatar.com\\\/avatar\\\/669647b61c77f28f1aa51df04174a5ecb296e9988b4a93d2870666cd1f502cd7?s=96&d=mm&r=g\",\"url\":\"https:\\\/\\\/secure.gravatar.com\\\/avatar\\\/669647b61c77f28f1aa51df04174a5ecb296e9988b4a93d2870666cd1f502cd7?s=96&d=mm&r=g\",\"contentUrl\":\"https:\\\/\\\/secure.gravatar.com\\\/avatar\\\/669647b61c77f28f1aa51df04174a5ecb296e9988b4a93d2870666cd1f502cd7?s=96&d=mm&r=g\",\"caption\":\"cmvsf2\"}}]}<\/script>\n<!-- \/ Yoast SEO plugin. -->","yoast_head_json":{"title":"NUEVO CURSO DE ACREDITACI\u00d3N DE TUBERCULOSIS BOVINA - NOVIEMBRE 2019 - Colegio De Veterinarios De Santa Fe 2da. Circunscripci\u00f3n","description":"NUEVO CURSO DE ACREDITACI\u00d3N DE TUBERCULOSIS BOVINA - NOVIEMBRE 2019 La Facultad de Ciencias Veterinarias de la UNR inform\u00f3 que los d\u00edas 28 y 29 de","robots":{"index":"index","follow":"follow","max-snippet":"max-snippet:-1","max-image-preview":"max-image-preview:large","max-video-preview":"max-video-preview:-1"},"canonical":"https:\/\/cmvsf2.org\/web\/2019\/11\/04\/nuevo-curso-de-acreditacion-de-tuberculosis-bovina-noviembre-2019\/","og_locale":"es_ES","og_type":"article","og_title":"NUEVO CURSO DE ACREDITACI\u00d3N DE TUBERCULOSIS BOVINA - NOVIEMBRE 2019 - Colegio De Veterinarios De Santa Fe 2da. Circunscripci\u00f3n","og_description":"NUEVO CURSO DE ACREDITACI\u00d3N DE TUBERCULOSIS BOVINA - NOVIEMBRE 2019 La Facultad de Ciencias Veterinarias de la UNR inform\u00f3 que los d\u00edas 28 y 29 de","og_url":"https:\/\/cmvsf2.org\/web\/2019\/11\/04\/nuevo-curso-de-acreditacion-de-tuberculosis-bovina-noviembre-2019\/","og_site_name":"Colegio De Veterinarios De Santa Fe 2da. Circunscripci\u00f3n","article_published_time":"2019-11-04T07:41:20+00:00","og_image":[{"width":1707,"height":2560,"url":"https:\/\/cmvsf2.org\/web\/wp-content\/uploads\/2019\/11\/glen-rushton-figypomapuy-unsplash-1-scaled.jpg","type":"image\/jpeg"}],"author":"cmvsf2","twitter_card":"summary_large_image","twitter_misc":{"Escrito por":"cmvsf2","Tiempo de lectura":"1 minuto"},"schema":{"@context":"https:\/\/schema.org","@graph":[{"@type":"Article","@id":"https:\/\/cmvsf2.org\/web\/2019\/11\/04\/nuevo-curso-de-acreditacion-de-tuberculosis-bovina-noviembre-2019\/#article","isPartOf":{"@id":"https:\/\/cmvsf2.org\/web\/2019\/11\/04\/nuevo-curso-de-acreditacion-de-tuberculosis-bovina-noviembre-2019\/"},"author":{"name":"cmvsf2","@id":"https:\/\/cmvsf2.org\/web\/#\/schema\/person\/46ea3630099a4a3df8d89f07cf5f7520"},"headline":"NUEVO CURSO DE ACREDITACI\u00d3N DE TUBERCULOSIS BOVINA &#8211; NOVIEMBRE 2019","datePublished":"2019-11-04T07:41:20+00:00","mainEntityOfPage":{"@id":"https:\/\/cmvsf2.org\/web\/2019\/11\/04\/nuevo-curso-de-acreditacion-de-tuberculosis-bovina-noviembre-2019\/"},"wordCount":169,"commentCount":0,"publisher":{"@id":"https:\/\/cmvsf2.org\/web\/#organization"},"image":{"@id":"https:\/\/cmvsf2.org\/web\/2019\/11\/04\/nuevo-curso-de-acreditacion-de-tuberculosis-bovina-noviembre-2019\/#primaryimage"},"thumbnailUrl":"https:\/\/cmvsf2.org\/web\/wp-content\/uploads\/2019\/11\/glen-rushton-figypomapuy-unsplash-1-scaled.jpg","keywords":["ACREDITACION","SENASA","tuberculosis"],"articleSection":["Formaci\u00f3n","Noticias del sector"],"inLanguage":"es"},{"@type":"WebPage","@id":"https:\/\/cmvsf2.org\/web\/2019\/11\/04\/nuevo-curso-de-acreditacion-de-tuberculosis-bovina-noviembre-2019\/","url":"https:\/\/cmvsf2.org\/web\/2019\/11\/04\/nuevo-curso-de-acreditacion-de-tuberculosis-bovina-noviembre-2019\/","name":"NUEVO CURSO DE ACREDITACI\u00d3N DE TUBERCULOSIS BOVINA - NOVIEMBRE 2019 - Colegio De Veterinarios De Santa Fe 2da. Circunscripci\u00f3n","isPartOf":{"@id":"https:\/\/cmvsf2.org\/web\/#website"},"primaryImageOfPage":{"@id":"https:\/\/cmvsf2.org\/web\/2019\/11\/04\/nuevo-curso-de-acreditacion-de-tuberculosis-bovina-noviembre-2019\/#primaryimage"},"image":{"@id":"https:\/\/cmvsf2.org\/web\/2019\/11\/04\/nuevo-curso-de-acreditacion-de-tuberculosis-bovina-noviembre-2019\/#primaryimage"},"thumbnailUrl":"https:\/\/cmvsf2.org\/web\/wp-content\/uploads\/2019\/11\/glen-rushton-figypomapuy-unsplash-1-scaled.jpg","datePublished":"2019-11-04T07:41:20+00:00","description":"NUEVO CURSO DE ACREDITACI\u00d3N DE TUBERCULOSIS BOVINA - NOVIEMBRE 2019 La Facultad de Ciencias Veterinarias de la UNR inform\u00f3 que los d\u00edas 28 y 29 de","breadcrumb":{"@id":"https:\/\/cmvsf2.org\/web\/2019\/11\/04\/nuevo-curso-de-acreditacion-de-tuberculosis-bovina-noviembre-2019\/#breadcrumb"},"inLanguage":"es","potentialAction":[{"@type":"ReadAction","target":["https:\/\/cmvsf2.org\/web\/2019\/11\/04\/nuevo-curso-de-acreditacion-de-tuberculosis-bovina-noviembre-2019\/"]}]},{"@type":"ImageObject","inLanguage":"es","@id":"https:\/\/cmvsf2.org\/web\/2019\/11\/04\/nuevo-curso-de-acreditacion-de-tuberculosis-bovina-noviembre-2019\/#primaryimage","url":"https:\/\/cmvsf2.org\/web\/wp-content\/uploads\/2019\/11\/glen-rushton-figypomapuy-unsplash-1-scaled.jpg","contentUrl":"https:\/\/cmvsf2.org\/web\/wp-content\/uploads\/2019\/11\/glen-rushton-figypomapuy-unsplash-1-scaled.jpg","width":1707,"height":2560},{"@type":"BreadcrumbList","@id":"https:\/\/cmvsf2.org\/web\/2019\/11\/04\/nuevo-curso-de-acreditacion-de-tuberculosis-bovina-noviembre-2019\/#breadcrumb","itemListElement":[{"@type":"ListItem","position":1,"name":"Portada","item":"https:\/\/cmvsf2.org\/web\/"},{"@type":"ListItem","position":2,"name":"NUEVO CURSO DE ACREDITACI\u00d3N DE TUBERCULOSIS BOVINA &#8211; NOVIEMBRE 2019"}]},{"@type":"WebSite","@id":"https:\/\/cmvsf2.org\/web\/#website","url":"https:\/\/cmvsf2.org\/web\/","name":"Colegio De Veterinarios De Santa Fe 2da. Circunscripci\u00f3n","description":"Sitio institucional del Colegio de M\u00e9dicos Veterinario de Santa Fe 2da. Circunscripci\u00f3n","publisher":{"@id":"https:\/\/cmvsf2.org\/web\/#organization"},"potentialAction":[{"@type":"SearchAction","target":{"@type":"EntryPoint","urlTemplate":"https:\/\/cmvsf2.org\/web\/?s={search_term_string}"},"query-input":{"@type":"PropertyValueSpecification","valueRequired":true,"valueName":"search_term_string"}}],"inLanguage":"es"},{"@type":"Organization","@id":"https:\/\/cmvsf2.org\/web\/#organization","name":"Colegio De Veterinarios De Santa Fe 2da. Circunscripci\u00f3n","url":"https:\/\/cmvsf2.org\/web\/","logo":{"@type":"ImageObject","inLanguage":"es","@id":"https:\/\/cmvsf2.org\/web\/#\/schema\/logo\/image\/","url":"http:\/\/cmvsf2.org\/web\/wp-content\/uploads\/2020\/03\/vector-logo-02.png","contentUrl":"http:\/\/cmvsf2.org\/web\/wp-content\/uploads\/2020\/03\/vector-logo-02.png","width":2750,"height":642,"caption":"Colegio De Veterinarios De Santa Fe 2da. Circunscripci\u00f3n"},"image":{"@id":"https:\/\/cmvsf2.org\/web\/#\/schema\/logo\/image\/"}},{"@type":"Person","@id":"https:\/\/cmvsf2.org\/web\/#\/schema\/person\/46ea3630099a4a3df8d89f07cf5f7520","name":"cmvsf2","image":{"@type":"ImageObject","inLanguage":"es","@id":"https:\/\/secure.gravatar.com\/avatar\/669647b61c77f28f1aa51df04174a5ecb296e9988b4a93d2870666cd1f502cd7?s=96&d=mm&r=g","url":"https:\/\/secure.gravatar.com\/avatar\/669647b61c77f28f1aa51df04174a5ecb296e9988b4a93d2870666cd1f502cd7?s=96&d=mm&r=g","contentUrl":"https:\/\/secure.gravatar.com\/avatar\/669647b61c77f28f1aa51df04174a5ecb296e9988b4a93d2870666cd1f502cd7?s=96&d=mm&r=g","caption":"cmvsf2"}}]}},"_links":{"self":[{"href":"https:\/\/cmvsf2.org\/web\/wp-json\/wp\/v2\/posts\/6119","targetHints":{"allow":["GET"]}}],"collection":[{"href":"https:\/\/cmvsf2.org\/web\/wp-json\/wp\/v2\/posts"}],"about":[{"href":"https:\/\/cmvsf2.org\/web\/wp-json\/wp\/v2\/types\/post"}],"author":[{"embeddable":true,"href":"https:\/\/cmvsf2.org\/web\/wp-json\/wp\/v2\/users\/3"}],"replies":[{"embeddable":true,"href":"https:\/\/cmvsf2.org\/web\/wp-json\/wp\/v2\/comments?post=6119"}],"version-history":[{"count":0,"href":"https:\/\/cmvsf2.org\/web\/wp-json\/wp\/v2\/posts\/6119\/revisions"}],"wp:featuredmedia":[{"embeddable":true,"href":"https:\/\/cmvsf2.org\/web\/wp-json\/wp\/v2\/media\/6121"}],"wp:attachment":[{"href":"https:\/\/cmvsf2.org\/web\/wp-json\/wp\/v2\/media?parent=6119"}],"wp:term":[{"taxonomy":"category","embeddable":true,"href":"https:\/\/cmvsf2.org\/web\/wp-json\/wp\/v2\/categories?post=6119"},{"taxonomy":"post_tag","embeddable":true,"href":"https:\/\/cmvsf2.org\/web\/wp-json\/wp\/v2\/tags?post=6119"}],"curies":[{"name":"wp","href":"https:\/\/api.w.org\/{rel}","templated":true}]}}