{"id":6100,"date":"2019-10-19T10:03:23","date_gmt":"2019-10-19T10:03:23","guid":{"rendered":"http:\/\/sessionstudio.ar\/vet\/web\/?p=6100"},"modified":"2019-10-19T10:03:23","modified_gmt":"2019-10-19T10:03:23","slug":"charla-del-dr-claus-sobre-sindrome-branquicefalico-2","status":"publish","type":"post","link":"https:\/\/cmvsf2.org\/web\/2019\/10\/19\/charla-del-dr-claus-sobre-sindrome-branquicefalico-2\/","title":{"rendered":"Charla del Dr. Claus sobre S\u00edndrome Branquicef\u00e1lico"},"content":{"rendered":"\n<p>El s\u00e1bado 2 de noviembre a partir de las 14 hs se realizar\u00e1 la charla sobre S\u00edndrome Branquicef\u00e1lico, dictada por el Dr. Christian Claus, en Casa Bicentenario de Venado Tuerto. <\/p>\n\n\n<p><strong>PROGRAMA<\/strong><\/p>\n\n\n<p><strong>14.00 <\/strong>Acreditaci\u00f3n<\/p>\n\n\n<p><strong>14.30 <\/strong>S\u00edndrome braquicef\u00e1lico<\/p>\n\n\n<p><strong>15.20 <\/strong>Fijaci\u00f3n externa: aplicaciones, <\/p>\n\n\n<p>fundamentos y complicaciones. <\/p>\n\n\n<p>Presentaci\u00f3n de casos cl\u00ednicos.<\/p>\n\n\n<p>Primera Parte<\/p>\n\n\n<p><strong>16.30 <\/strong>Break<\/p>\n\n\n<p><strong>17.00 <\/strong>Segunda Parte<\/p>\n\n\n<p>Destinado a colegas dedicados<\/p>\n\n\n<p>a animales de compa\u00f1\u00eda.<\/p>\n\n\n<ul class=\"wp-block-list\"><li>Arancel: $300<\/li><\/ul>\n\n\n<p><strong>INSCRIPCIONES<\/strong><\/p>\n\n\n<p>          Por correo: col.veterinariostafe2@gmail.com<\/p>\n\n\n<p>           Por Whatsapp: Dra. Mart\u00ednez 3462- 676649 <\/p>\n\n\n<p>                                       Dra. Belligotti 3462- 557361<\/p>\n\n\n<p><br \/><\/p>\n\n\n<ul class=\"wp-block-gallery columns-1 is-cropped wp-block-gallery-1 is-layout-flex wp-block-gallery-is-layout-flex\"><li class=\"blocks-gallery-item\"><figure><img decoding=\"async\" src=\"https:\/\/cmvsf2.org\/web\/wp-content\/uploads\/2019\/10\/charla-a-cargo-del-dr.-christian-clauss-4-1-1024x1024.png\" alt=\"\" data-id=\"6098\" data-link=\"http:\/\/sessionstudio.ar\/vet\/web\/?attachment_id=6098\" class=\"wp-image-6098\"\/><\/figure><\/li><\/ul>\n","protected":false},"excerpt":{"rendered":"<p>El s\u00e1bado 2 de noviembre a partir de las 14 hs se realizar\u00e1 la charla sobre S\u00edndrome Branquicef\u00e1lico, dictada por el Dr. Christian Claus, en Casa Bicentenario de Venado Tuerto. PROGRAMA 14.00 Acreditaci\u00f3n 14.30 S\u00edndrome braquicef\u00e1lico 15.20 Fijaci\u00f3n externa: aplicaciones, fundamentos y complicaciones. Presentaci\u00f3n de casos cl\u00ednicos. Primera Parte 16.30 Break 17.00 Segunda Parte Destinado a colegas dedicados a animales de compa\u00f1\u00eda. Arancel: $300 [&hellip;]<\/p>\n","protected":false},"author":3,"featured_media":6098,"comment_status":"open","ping_status":"open","sticky":false,"template":"","format":"standard","meta":{"_acf_changed":false,"footnotes":""},"categories":[1],"tags":[],"class_list":["post-6100","post","type-post","status-publish","format-standard","has-post-thumbnail","hentry","category-sin-categoria"],"acf":[],"yoast_head":"<!-- This site is optimized with the Yoast SEO plugin v28.2 - https:\/\/yoast.com\/product\/yoast-seo-wordpress\/ -->\n<title>Charla del Dr. Claus sobre S\u00edndrome Branquicef\u00e1lico - Colegio De Veterinarios De Santa Fe 2da. Circunscripci\u00f3n<\/title>\n<meta name=\"description\" content=\"El s\u00e1bado 2 de noviembre a partir de las 14 hs se realizar\u00e1 la charla sobre S\u00edndrome Branquicef\u00e1lico, dictada por el Dr. Christian Claus, en Casa\" \/>\n<meta name=\"robots\" content=\"index, follow, max-snippet:-1, max-image-preview:large, max-video-preview:-1\" \/>\n<link rel=\"canonical\" href=\"https:\/\/cmvsf2.org\/web\/2019\/10\/19\/charla-del-dr-claus-sobre-sindrome-branquicefalico-2\/\" \/>\n<meta property=\"og:locale\" content=\"es_ES\" \/>\n<meta property=\"og:type\" content=\"article\" \/>\n<meta property=\"og:title\" content=\"Charla del Dr. Claus sobre S\u00edndrome Branquicef\u00e1lico - Colegio De Veterinarios De Santa Fe 2da. Circunscripci\u00f3n\" \/>\n<meta property=\"og:description\" content=\"El s\u00e1bado 2 de noviembre a partir de las 14 hs se realizar\u00e1 la charla sobre S\u00edndrome Branquicef\u00e1lico, dictada por el Dr. Christian Claus, en Casa\" \/>\n<meta property=\"og:url\" content=\"https:\/\/cmvsf2.org\/web\/2019\/10\/19\/charla-del-dr-claus-sobre-sindrome-branquicefalico-2\/\" \/>\n<meta property=\"og:site_name\" content=\"Colegio De Veterinarios De Santa Fe 2da. Circunscripci\u00f3n\" \/>\n<meta property=\"article:published_time\" content=\"2019-10-19T10:03:23+00:00\" \/>\n<meta property=\"og:image\" content=\"https:\/\/cmvsf2.org\/web\/wp-content\/uploads\/2019\/10\/charla-a-cargo-del-dr.-christian-clauss-4-1.png\" \/>\n\t<meta property=\"og:image:width\" content=\"794\" \/>\n\t<meta property=\"og:image:height\" content=\"1123\" \/>\n\t<meta property=\"og:image:type\" content=\"image\/png\" \/>\n<meta name=\"author\" content=\"cmvsf2\" \/>\n<meta name=\"twitter:card\" content=\"summary_large_image\" \/>\n<meta name=\"twitter:label1\" content=\"Escrito por\" \/>\n\t<meta name=\"twitter:data1\" content=\"cmvsf2\" \/>\n<script type=\"application\/ld+json\" class=\"yoast-schema-graph\">{\"@context\":\"https:\\\/\\\/schema.org\",\"@graph\":[{\"@type\":\"Article\",\"@id\":\"https:\\\/\\\/cmvsf2.org\\\/web\\\/2019\\\/10\\\/19\\\/charla-del-dr-claus-sobre-sindrome-branquicefalico-2\\\/#article\",\"isPartOf\":{\"@id\":\"https:\\\/\\\/cmvsf2.org\\\/web\\\/2019\\\/10\\\/19\\\/charla-del-dr-claus-sobre-sindrome-branquicefalico-2\\\/\"},\"author\":{\"name\":\"cmvsf2\",\"@id\":\"https:\\\/\\\/cmvsf2.org\\\/web\\\/#\\\/schema\\\/person\\\/46ea3630099a4a3df8d89f07cf5f7520\"},\"headline\":\"Charla del Dr. Claus sobre S\u00edndrome Branquicef\u00e1lico\",\"datePublished\":\"2019-10-19T10:03:23+00:00\",\"mainEntityOfPage\":{\"@id\":\"https:\\\/\\\/cmvsf2.org\\\/web\\\/2019\\\/10\\\/19\\\/charla-del-dr-claus-sobre-sindrome-branquicefalico-2\\\/\"},\"wordCount\":91,\"commentCount\":0,\"publisher\":{\"@id\":\"https:\\\/\\\/cmvsf2.org\\\/web\\\/#organization\"},\"image\":{\"@id\":\"https:\\\/\\\/cmvsf2.org\\\/web\\\/2019\\\/10\\\/19\\\/charla-del-dr-claus-sobre-sindrome-branquicefalico-2\\\/#primaryimage\"},\"thumbnailUrl\":\"https:\\\/\\\/cmvsf2.org\\\/web\\\/wp-content\\\/uploads\\\/2019\\\/10\\\/charla-a-cargo-del-dr.-christian-clauss-4-1.png\",\"inLanguage\":\"es\"},{\"@type\":\"WebPage\",\"@id\":\"https:\\\/\\\/cmvsf2.org\\\/web\\\/2019\\\/10\\\/19\\\/charla-del-dr-claus-sobre-sindrome-branquicefalico-2\\\/\",\"url\":\"https:\\\/\\\/cmvsf2.org\\\/web\\\/2019\\\/10\\\/19\\\/charla-del-dr-claus-sobre-sindrome-branquicefalico-2\\\/\",\"name\":\"Charla del Dr. Claus sobre S\u00edndrome Branquicef\u00e1lico - Colegio De Veterinarios De Santa Fe 2da. Circunscripci\u00f3n\",\"isPartOf\":{\"@id\":\"https:\\\/\\\/cmvsf2.org\\\/web\\\/#website\"},\"primaryImageOfPage\":{\"@id\":\"https:\\\/\\\/cmvsf2.org\\\/web\\\/2019\\\/10\\\/19\\\/charla-del-dr-claus-sobre-sindrome-branquicefalico-2\\\/#primaryimage\"},\"image\":{\"@id\":\"https:\\\/\\\/cmvsf2.org\\\/web\\\/2019\\\/10\\\/19\\\/charla-del-dr-claus-sobre-sindrome-branquicefalico-2\\\/#primaryimage\"},\"thumbnailUrl\":\"https:\\\/\\\/cmvsf2.org\\\/web\\\/wp-content\\\/uploads\\\/2019\\\/10\\\/charla-a-cargo-del-dr.-christian-clauss-4-1.png\",\"datePublished\":\"2019-10-19T10:03:23+00:00\",\"description\":\"El s\u00e1bado 2 de noviembre a partir de las 14 hs se realizar\u00e1 la charla sobre S\u00edndrome Branquicef\u00e1lico, dictada por el Dr. Christian Claus, en Casa\",\"breadcrumb\":{\"@id\":\"https:\\\/\\\/cmvsf2.org\\\/web\\\/2019\\\/10\\\/19\\\/charla-del-dr-claus-sobre-sindrome-branquicefalico-2\\\/#breadcrumb\"},\"inLanguage\":\"es\",\"potentialAction\":[{\"@type\":\"ReadAction\",\"target\":[\"https:\\\/\\\/cmvsf2.org\\\/web\\\/2019\\\/10\\\/19\\\/charla-del-dr-claus-sobre-sindrome-branquicefalico-2\\\/\"]}]},{\"@type\":\"ImageObject\",\"inLanguage\":\"es\",\"@id\":\"https:\\\/\\\/cmvsf2.org\\\/web\\\/2019\\\/10\\\/19\\\/charla-del-dr-claus-sobre-sindrome-branquicefalico-2\\\/#primaryimage\",\"url\":\"https:\\\/\\\/cmvsf2.org\\\/web\\\/wp-content\\\/uploads\\\/2019\\\/10\\\/charla-a-cargo-del-dr.-christian-clauss-4-1.png\",\"contentUrl\":\"https:\\\/\\\/cmvsf2.org\\\/web\\\/wp-content\\\/uploads\\\/2019\\\/10\\\/charla-a-cargo-del-dr.-christian-clauss-4-1.png\",\"width\":794,\"height\":1123},{\"@type\":\"BreadcrumbList\",\"@id\":\"https:\\\/\\\/cmvsf2.org\\\/web\\\/2019\\\/10\\\/19\\\/charla-del-dr-claus-sobre-sindrome-branquicefalico-2\\\/#breadcrumb\",\"itemListElement\":[{\"@type\":\"ListItem\",\"position\":1,\"name\":\"Portada\",\"item\":\"https:\\\/\\\/cmvsf2.org\\\/web\\\/\"},{\"@type\":\"ListItem\",\"position\":2,\"name\":\"Charla del Dr. Claus sobre S\u00edndrome Branquicef\u00e1lico\"}]},{\"@type\":\"WebSite\",\"@id\":\"https:\\\/\\\/cmvsf2.org\\\/web\\\/#website\",\"url\":\"https:\\\/\\\/cmvsf2.org\\\/web\\\/\",\"name\":\"Colegio De Veterinarios De Santa Fe 2da. Circunscripci\u00f3n\",\"description\":\"Sitio institucional del Colegio de M\u00e9dicos Veterinario de Santa Fe 2da. Circunscripci\u00f3n\",\"publisher\":{\"@id\":\"https:\\\/\\\/cmvsf2.org\\\/web\\\/#organization\"},\"potentialAction\":[{\"@type\":\"SearchAction\",\"target\":{\"@type\":\"EntryPoint\",\"urlTemplate\":\"https:\\\/\\\/cmvsf2.org\\\/web\\\/?s={search_term_string}\"},\"query-input\":{\"@type\":\"PropertyValueSpecification\",\"valueRequired\":true,\"valueName\":\"search_term_string\"}}],\"inLanguage\":\"es\"},{\"@type\":\"Organization\",\"@id\":\"https:\\\/\\\/cmvsf2.org\\\/web\\\/#organization\",\"name\":\"Colegio De Veterinarios De Santa Fe 2da. Circunscripci\u00f3n\",\"url\":\"https:\\\/\\\/cmvsf2.org\\\/web\\\/\",\"logo\":{\"@type\":\"ImageObject\",\"inLanguage\":\"es\",\"@id\":\"https:\\\/\\\/cmvsf2.org\\\/web\\\/#\\\/schema\\\/logo\\\/image\\\/\",\"url\":\"http:\\\/\\\/cmvsf2.org\\\/web\\\/wp-content\\\/uploads\\\/2020\\\/03\\\/vector-logo-02.png\",\"contentUrl\":\"http:\\\/\\\/cmvsf2.org\\\/web\\\/wp-content\\\/uploads\\\/2020\\\/03\\\/vector-logo-02.png\",\"width\":2750,\"height\":642,\"caption\":\"Colegio De Veterinarios De Santa Fe 2da. Circunscripci\u00f3n\"},\"image\":{\"@id\":\"https:\\\/\\\/cmvsf2.org\\\/web\\\/#\\\/schema\\\/logo\\\/image\\\/\"}},{\"@type\":\"Person\",\"@id\":\"https:\\\/\\\/cmvsf2.org\\\/web\\\/#\\\/schema\\\/person\\\/46ea3630099a4a3df8d89f07cf5f7520\",\"name\":\"cmvsf2\",\"image\":{\"@type\":\"ImageObject\",\"inLanguage\":\"es\",\"@id\":\"https:\\\/\\\/secure.gravatar.com\\\/avatar\\\/669647b61c77f28f1aa51df04174a5ecb296e9988b4a93d2870666cd1f502cd7?s=96&d=mm&r=g\",\"url\":\"https:\\\/\\\/secure.gravatar.com\\\/avatar\\\/669647b61c77f28f1aa51df04174a5ecb296e9988b4a93d2870666cd1f502cd7?s=96&d=mm&r=g\",\"contentUrl\":\"https:\\\/\\\/secure.gravatar.com\\\/avatar\\\/669647b61c77f28f1aa51df04174a5ecb296e9988b4a93d2870666cd1f502cd7?s=96&d=mm&r=g\",\"caption\":\"cmvsf2\"}}]}<\/script>\n<!-- \/ Yoast SEO plugin. -->","yoast_head_json":{"title":"Charla del Dr. Claus sobre S\u00edndrome Branquicef\u00e1lico - Colegio De Veterinarios De Santa Fe 2da. Circunscripci\u00f3n","description":"El s\u00e1bado 2 de noviembre a partir de las 14 hs se realizar\u00e1 la charla sobre S\u00edndrome Branquicef\u00e1lico, dictada por el Dr. Christian Claus, en Casa","robots":{"index":"index","follow":"follow","max-snippet":"max-snippet:-1","max-image-preview":"max-image-preview:large","max-video-preview":"max-video-preview:-1"},"canonical":"https:\/\/cmvsf2.org\/web\/2019\/10\/19\/charla-del-dr-claus-sobre-sindrome-branquicefalico-2\/","og_locale":"es_ES","og_type":"article","og_title":"Charla del Dr. Claus sobre S\u00edndrome Branquicef\u00e1lico - Colegio De Veterinarios De Santa Fe 2da. Circunscripci\u00f3n","og_description":"El s\u00e1bado 2 de noviembre a partir de las 14 hs se realizar\u00e1 la charla sobre S\u00edndrome Branquicef\u00e1lico, dictada por el Dr. Christian Claus, en Casa","og_url":"https:\/\/cmvsf2.org\/web\/2019\/10\/19\/charla-del-dr-claus-sobre-sindrome-branquicefalico-2\/","og_site_name":"Colegio De Veterinarios De Santa Fe 2da. Circunscripci\u00f3n","article_published_time":"2019-10-19T10:03:23+00:00","og_image":[{"width":794,"height":1123,"url":"https:\/\/cmvsf2.org\/web\/wp-content\/uploads\/2019\/10\/charla-a-cargo-del-dr.-christian-clauss-4-1.png","type":"image\/png"}],"author":"cmvsf2","twitter_card":"summary_large_image","twitter_misc":{"Escrito por":"cmvsf2"},"schema":{"@context":"https:\/\/schema.org","@graph":[{"@type":"Article","@id":"https:\/\/cmvsf2.org\/web\/2019\/10\/19\/charla-del-dr-claus-sobre-sindrome-branquicefalico-2\/#article","isPartOf":{"@id":"https:\/\/cmvsf2.org\/web\/2019\/10\/19\/charla-del-dr-claus-sobre-sindrome-branquicefalico-2\/"},"author":{"name":"cmvsf2","@id":"https:\/\/cmvsf2.org\/web\/#\/schema\/person\/46ea3630099a4a3df8d89f07cf5f7520"},"headline":"Charla del Dr. Claus sobre S\u00edndrome Branquicef\u00e1lico","datePublished":"2019-10-19T10:03:23+00:00","mainEntityOfPage":{"@id":"https:\/\/cmvsf2.org\/web\/2019\/10\/19\/charla-del-dr-claus-sobre-sindrome-branquicefalico-2\/"},"wordCount":91,"commentCount":0,"publisher":{"@id":"https:\/\/cmvsf2.org\/web\/#organization"},"image":{"@id":"https:\/\/cmvsf2.org\/web\/2019\/10\/19\/charla-del-dr-claus-sobre-sindrome-branquicefalico-2\/#primaryimage"},"thumbnailUrl":"https:\/\/cmvsf2.org\/web\/wp-content\/uploads\/2019\/10\/charla-a-cargo-del-dr.-christian-clauss-4-1.png","inLanguage":"es"},{"@type":"WebPage","@id":"https:\/\/cmvsf2.org\/web\/2019\/10\/19\/charla-del-dr-claus-sobre-sindrome-branquicefalico-2\/","url":"https:\/\/cmvsf2.org\/web\/2019\/10\/19\/charla-del-dr-claus-sobre-sindrome-branquicefalico-2\/","name":"Charla del Dr. Claus sobre S\u00edndrome Branquicef\u00e1lico - Colegio De Veterinarios De Santa Fe 2da. Circunscripci\u00f3n","isPartOf":{"@id":"https:\/\/cmvsf2.org\/web\/#website"},"primaryImageOfPage":{"@id":"https:\/\/cmvsf2.org\/web\/2019\/10\/19\/charla-del-dr-claus-sobre-sindrome-branquicefalico-2\/#primaryimage"},"image":{"@id":"https:\/\/cmvsf2.org\/web\/2019\/10\/19\/charla-del-dr-claus-sobre-sindrome-branquicefalico-2\/#primaryimage"},"thumbnailUrl":"https:\/\/cmvsf2.org\/web\/wp-content\/uploads\/2019\/10\/charla-a-cargo-del-dr.-christian-clauss-4-1.png","datePublished":"2019-10-19T10:03:23+00:00","description":"El s\u00e1bado 2 de noviembre a partir de las 14 hs se realizar\u00e1 la charla sobre S\u00edndrome Branquicef\u00e1lico, dictada por el Dr. Christian Claus, en Casa","breadcrumb":{"@id":"https:\/\/cmvsf2.org\/web\/2019\/10\/19\/charla-del-dr-claus-sobre-sindrome-branquicefalico-2\/#breadcrumb"},"inLanguage":"es","potentialAction":[{"@type":"ReadAction","target":["https:\/\/cmvsf2.org\/web\/2019\/10\/19\/charla-del-dr-claus-sobre-sindrome-branquicefalico-2\/"]}]},{"@type":"ImageObject","inLanguage":"es","@id":"https:\/\/cmvsf2.org\/web\/2019\/10\/19\/charla-del-dr-claus-sobre-sindrome-branquicefalico-2\/#primaryimage","url":"https:\/\/cmvsf2.org\/web\/wp-content\/uploads\/2019\/10\/charla-a-cargo-del-dr.-christian-clauss-4-1.png","contentUrl":"https:\/\/cmvsf2.org\/web\/wp-content\/uploads\/2019\/10\/charla-a-cargo-del-dr.-christian-clauss-4-1.png","width":794,"height":1123},{"@type":"BreadcrumbList","@id":"https:\/\/cmvsf2.org\/web\/2019\/10\/19\/charla-del-dr-claus-sobre-sindrome-branquicefalico-2\/#breadcrumb","itemListElement":[{"@type":"ListItem","position":1,"name":"Portada","item":"https:\/\/cmvsf2.org\/web\/"},{"@type":"ListItem","position":2,"name":"Charla del Dr. Claus sobre S\u00edndrome Branquicef\u00e1lico"}]},{"@type":"WebSite","@id":"https:\/\/cmvsf2.org\/web\/#website","url":"https:\/\/cmvsf2.org\/web\/","name":"Colegio De Veterinarios De Santa Fe 2da. Circunscripci\u00f3n","description":"Sitio institucional del Colegio de M\u00e9dicos Veterinario de Santa Fe 2da. Circunscripci\u00f3n","publisher":{"@id":"https:\/\/cmvsf2.org\/web\/#organization"},"potentialAction":[{"@type":"SearchAction","target":{"@type":"EntryPoint","urlTemplate":"https:\/\/cmvsf2.org\/web\/?s={search_term_string}"},"query-input":{"@type":"PropertyValueSpecification","valueRequired":true,"valueName":"search_term_string"}}],"inLanguage":"es"},{"@type":"Organization","@id":"https:\/\/cmvsf2.org\/web\/#organization","name":"Colegio De Veterinarios De Santa Fe 2da. Circunscripci\u00f3n","url":"https:\/\/cmvsf2.org\/web\/","logo":{"@type":"ImageObject","inLanguage":"es","@id":"https:\/\/cmvsf2.org\/web\/#\/schema\/logo\/image\/","url":"http:\/\/cmvsf2.org\/web\/wp-content\/uploads\/2020\/03\/vector-logo-02.png","contentUrl":"http:\/\/cmvsf2.org\/web\/wp-content\/uploads\/2020\/03\/vector-logo-02.png","width":2750,"height":642,"caption":"Colegio De Veterinarios De Santa Fe 2da. Circunscripci\u00f3n"},"image":{"@id":"https:\/\/cmvsf2.org\/web\/#\/schema\/logo\/image\/"}},{"@type":"Person","@id":"https:\/\/cmvsf2.org\/web\/#\/schema\/person\/46ea3630099a4a3df8d89f07cf5f7520","name":"cmvsf2","image":{"@type":"ImageObject","inLanguage":"es","@id":"https:\/\/secure.gravatar.com\/avatar\/669647b61c77f28f1aa51df04174a5ecb296e9988b4a93d2870666cd1f502cd7?s=96&d=mm&r=g","url":"https:\/\/secure.gravatar.com\/avatar\/669647b61c77f28f1aa51df04174a5ecb296e9988b4a93d2870666cd1f502cd7?s=96&d=mm&r=g","contentUrl":"https:\/\/secure.gravatar.com\/avatar\/669647b61c77f28f1aa51df04174a5ecb296e9988b4a93d2870666cd1f502cd7?s=96&d=mm&r=g","caption":"cmvsf2"}}]}},"_links":{"self":[{"href":"https:\/\/cmvsf2.org\/web\/wp-json\/wp\/v2\/posts\/6100","targetHints":{"allow":["GET"]}}],"collection":[{"href":"https:\/\/cmvsf2.org\/web\/wp-json\/wp\/v2\/posts"}],"about":[{"href":"https:\/\/cmvsf2.org\/web\/wp-json\/wp\/v2\/types\/post"}],"author":[{"embeddable":true,"href":"https:\/\/cmvsf2.org\/web\/wp-json\/wp\/v2\/users\/3"}],"replies":[{"embeddable":true,"href":"https:\/\/cmvsf2.org\/web\/wp-json\/wp\/v2\/comments?post=6100"}],"version-history":[{"count":0,"href":"https:\/\/cmvsf2.org\/web\/wp-json\/wp\/v2\/posts\/6100\/revisions"}],"wp:featuredmedia":[{"embeddable":true,"href":"https:\/\/cmvsf2.org\/web\/wp-json\/wp\/v2\/media\/6098"}],"wp:attachment":[{"href":"https:\/\/cmvsf2.org\/web\/wp-json\/wp\/v2\/media?parent=6100"}],"wp:term":[{"taxonomy":"category","embeddable":true,"href":"https:\/\/cmvsf2.org\/web\/wp-json\/wp\/v2\/categories?post=6100"},{"taxonomy":"post_tag","embeddable":true,"href":"https:\/\/cmvsf2.org\/web\/wp-json\/wp\/v2\/tags?post=6100"}],"curies":[{"name":"wp","href":"https:\/\/api.w.org\/{rel}","templated":true}]}}