{"id":6047,"date":"2019-10-15T09:00:29","date_gmt":"2019-10-15T09:00:29","guid":{"rendered":"http:\/\/sessionstudio.ar\/vet\/web\/?p=6047"},"modified":"2019-10-15T09:00:29","modified_gmt":"2019-10-15T09:00:29","slug":"xiv-olimpiadas-nacionales-veterinarias-santa-fe-2019","status":"publish","type":"post","link":"https:\/\/cmvsf2.org\/web\/2019\/10\/15\/xiv-olimpiadas-nacionales-veterinarias-santa-fe-2019\/","title":{"rendered":"XIV Olimpiadas Nacionales Veterinarias &#8211; Santa Fe 2019"},"content":{"rendered":"\n<h4 class=\"wp-block-heading\">Veinte colegas de nuestro colegio participaron de las XIV Olimpiadas Nacionales Veterinarias 2019. <\/h4>\n\n\n<p>Aqu\u00ed le compartimos algunas im\u00e1genes de la competencia y el <a href=\"http:\/\/www.colveterinariossfe.com.ar\/olimpiadas\/\">medallero ol\u00edmpico.<\/a><\/p>\n\n\n<ul class=\"wp-block-gallery columns-3 is-cropped wp-block-gallery-1 is-layout-flex wp-block-gallery-is-layout-flex\"><li class=\"blocks-gallery-item\"><figure><img decoding=\"async\" src=\"https:\/\/cmvsf2.org\/web\/wp-content\/uploads\/2019\/10\/whatsapp-image-2019-10-16-at-17.17.33-1-1024x1024.jpeg\" alt=\"\" data-id=\"6059\" data-link=\"http:\/\/sessionstudio.ar\/vet\/web\/?attachment_id=6059\" class=\"wp-image-6059\"\/><\/figure><\/li><li class=\"blocks-gallery-item\"><figure><img decoding=\"async\" src=\"https:\/\/cmvsf2.org\/web\/wp-content\/uploads\/2019\/10\/whatsapp-image-2019-10-16-at-17.17.34-1-1024x1024.jpeg\" alt=\"\" data-id=\"6060\" data-link=\"http:\/\/sessionstudio.ar\/vet\/web\/?attachment_id=6060\" class=\"wp-image-6060\"\/><\/figure><\/li><li class=\"blocks-gallery-item\"><figure><img decoding=\"async\" src=\"https:\/\/cmvsf2.org\/web\/wp-content\/uploads\/2019\/10\/whatsapp-image-2019-10-16-at-17.15.49-1-1-1024x1024.jpeg\" alt=\"\" data-id=\"6061\" data-link=\"http:\/\/sessionstudio.ar\/vet\/web\/?attachment_id=6061\" class=\"wp-image-6061\"\/><\/figure><\/li><li class=\"blocks-gallery-item\"><figure><img decoding=\"async\" src=\"https:\/\/cmvsf2.org\/web\/wp-content\/uploads\/2019\/10\/whatsapp-image-2019-10-16-at-17.16.10-1-1-1024x1024.jpeg\" alt=\"\" data-id=\"6062\" data-link=\"http:\/\/sessionstudio.ar\/vet\/web\/?attachment_id=6062\" class=\"wp-image-6062\"\/><\/figure><\/li><li class=\"blocks-gallery-item\"><figure><img decoding=\"async\" src=\"https:\/\/cmvsf2.org\/web\/wp-content\/uploads\/2019\/10\/whatsapp-image-2019-10-16-at-17.16.15-1-1-1024x1024.jpeg\" alt=\"\" data-id=\"6063\" data-link=\"http:\/\/sessionstudio.ar\/vet\/web\/?attachment_id=6063\" class=\"wp-image-6063\"\/><\/figure><\/li><li class=\"blocks-gallery-item\"><figure><img decoding=\"async\" src=\"https:\/\/cmvsf2.org\/web\/wp-content\/uploads\/2019\/10\/whatsapp-image-2019-10-16-at-17.16.21-1-1-1024x1024.jpeg\" alt=\"\" data-id=\"6064\" data-link=\"http:\/\/sessionstudio.ar\/vet\/web\/?attachment_id=6064\" class=\"wp-image-6064\"\/><\/figure><\/li><li class=\"blocks-gallery-item\"><figure><img decoding=\"async\" src=\"https:\/\/cmvsf2.org\/web\/wp-content\/uploads\/2019\/10\/whatsapp-image-2019-10-16-at-17.16.22-1-1-1024x1024.jpeg\" alt=\"\" data-id=\"6065\" data-link=\"http:\/\/sessionstudio.ar\/vet\/web\/?attachment_id=6065\" class=\"wp-image-6065\"\/><\/figure><\/li><li class=\"blocks-gallery-item\"><figure><img decoding=\"async\" src=\"https:\/\/cmvsf2.org\/web\/wp-content\/uploads\/2019\/10\/whatsapp-image-2019-10-16-at-17.16.23-1-1-1024x1024.jpeg\" alt=\"\" data-id=\"6066\" data-link=\"http:\/\/sessionstudio.ar\/vet\/web\/?attachment_id=6066\" class=\"wp-image-6066\"\/><\/figure><\/li><li class=\"blocks-gallery-item\"><figure><img decoding=\"async\" src=\"https:\/\/cmvsf2.org\/web\/wp-content\/uploads\/2019\/10\/whatsapp-image-2019-10-16-at-17.16.25-1-1-1024x1024.jpeg\" alt=\"\" data-id=\"6067\" data-link=\"http:\/\/sessionstudio.ar\/vet\/web\/?attachment_id=6067\" class=\"wp-image-6067\"\/><\/figure><\/li><li class=\"blocks-gallery-item\"><figure><img decoding=\"async\" src=\"https:\/\/cmvsf2.org\/web\/wp-content\/uploads\/2019\/10\/whatsapp-image-2019-10-16-at-17.17.31-1-1-1024x1024.jpeg\" alt=\"\" data-id=\"6068\" data-link=\"http:\/\/sessionstudio.ar\/vet\/web\/?attachment_id=6068\" class=\"wp-image-6068\"\/><\/figure><\/li><li class=\"blocks-gallery-item\"><figure><img decoding=\"async\" src=\"https:\/\/cmvsf2.org\/web\/wp-content\/uploads\/2019\/10\/whatsapp-image-2019-10-16-at-17.28.58-1-1-1024x1024.jpeg\" alt=\"\" data-id=\"6069\" data-link=\"http:\/\/sessionstudio.ar\/vet\/web\/?attachment_id=6069\" class=\"wp-image-6069\"\/><\/figure><\/li><li class=\"blocks-gallery-item\"><figure><img decoding=\"async\" src=\"https:\/\/cmvsf2.org\/web\/wp-content\/uploads\/2019\/10\/whatsapp-image-2019-10-16-at-17.32.24-1-1-1-1024x1024.jpeg\" alt=\"\" data-id=\"6070\" data-link=\"http:\/\/sessionstudio.ar\/vet\/web\/?attachment_id=6070\" class=\"wp-image-6070\"\/><\/figure><\/li><li class=\"blocks-gallery-item\"><figure><img decoding=\"async\" src=\"https:\/\/cmvsf2.org\/web\/wp-content\/uploads\/2019\/10\/whatsapp-image-2019-10-16-at-17.32.24-2-1-1024x1024.jpeg\" alt=\"\" data-id=\"6071\" data-link=\"http:\/\/sessionstudio.ar\/vet\/web\/?attachment_id=6071\" class=\"wp-image-6071\"\/><\/figure><\/li><\/ul>\n","protected":false},"excerpt":{"rendered":"<p>Veinte colegas de nuestro colegio participaron de las XIV Olimpiadas Nacionales Veterinarias 2019. Aqu\u00ed le compartimos algunas im\u00e1genes de la competencia y el medallero ol\u00edmpico.<\/p>\n","protected":false},"author":3,"featured_media":6049,"comment_status":"open","ping_status":"open","sticky":false,"template":"","format":"standard","meta":{"_acf_changed":false,"footnotes":""},"categories":[1],"tags":[],"class_list":["post-6047","post","type-post","status-publish","format-standard","has-post-thumbnail","hentry","category-sin-categoria"],"acf":[],"yoast_head":"<!-- This site is optimized with the Yoast SEO plugin v28.2 - https:\/\/yoast.com\/product\/yoast-seo-wordpress\/ -->\n<title>XIV Olimpiadas Nacionales Veterinarias - Santa Fe 2019 - Colegio De Veterinarios De Santa Fe 2da. Circunscripci\u00f3n<\/title>\n<meta name=\"description\" content=\"Veinte colegas de nuestro colegio participaron de las XIV Olimpiadas Nacionales Veterinarias 2019. Aqu\u00ed le compartimos algunas im\u00e1genes de la competencia\" \/>\n<meta name=\"robots\" content=\"index, follow, max-snippet:-1, max-image-preview:large, max-video-preview:-1\" \/>\n<link rel=\"canonical\" href=\"https:\/\/cmvsf2.org\/web\/2019\/10\/15\/xiv-olimpiadas-nacionales-veterinarias-santa-fe-2019\/\" \/>\n<meta property=\"og:locale\" content=\"es_ES\" \/>\n<meta property=\"og:type\" content=\"article\" \/>\n<meta property=\"og:title\" content=\"XIV Olimpiadas Nacionales Veterinarias - Santa Fe 2019 - Colegio De Veterinarios De Santa Fe 2da. Circunscripci\u00f3n\" \/>\n<meta property=\"og:description\" content=\"Veinte colegas de nuestro colegio participaron de las XIV Olimpiadas Nacionales Veterinarias 2019. Aqu\u00ed le compartimos algunas im\u00e1genes de la competencia\" \/>\n<meta property=\"og:url\" content=\"https:\/\/cmvsf2.org\/web\/2019\/10\/15\/xiv-olimpiadas-nacionales-veterinarias-santa-fe-2019\/\" \/>\n<meta property=\"og:site_name\" content=\"Colegio De Veterinarios De Santa Fe 2da. Circunscripci\u00f3n\" \/>\n<meta property=\"article:published_time\" content=\"2019-10-15T09:00:29+00:00\" \/>\n<meta property=\"og:image\" content=\"https:\/\/cmvsf2.org\/web\/wp-content\/uploads\/2019\/10\/whatsapp-image-2019-10-16-at-17.16.10-2.jpeg\" \/>\n\t<meta property=\"og:image:width\" content=\"1280\" \/>\n\t<meta property=\"og:image:height\" content=\"960\" \/>\n\t<meta property=\"og:image:type\" content=\"image\/jpeg\" \/>\n<meta name=\"author\" content=\"cmvsf2\" \/>\n<meta name=\"twitter:card\" content=\"summary_large_image\" \/>\n<meta name=\"twitter:label1\" content=\"Escrito por\" \/>\n\t<meta name=\"twitter:data1\" content=\"cmvsf2\" \/>\n<script type=\"application\/ld+json\" class=\"yoast-schema-graph\">{\"@context\":\"https:\\\/\\\/schema.org\",\"@graph\":[{\"@type\":\"Article\",\"@id\":\"https:\\\/\\\/cmvsf2.org\\\/web\\\/2019\\\/10\\\/15\\\/xiv-olimpiadas-nacionales-veterinarias-santa-fe-2019\\\/#article\",\"isPartOf\":{\"@id\":\"https:\\\/\\\/cmvsf2.org\\\/web\\\/2019\\\/10\\\/15\\\/xiv-olimpiadas-nacionales-veterinarias-santa-fe-2019\\\/\"},\"author\":{\"name\":\"cmvsf2\",\"@id\":\"https:\\\/\\\/cmvsf2.org\\\/web\\\/#\\\/schema\\\/person\\\/46ea3630099a4a3df8d89f07cf5f7520\"},\"headline\":\"XIV Olimpiadas Nacionales Veterinarias &#8211; Santa Fe 2019\",\"datePublished\":\"2019-10-15T09:00:29+00:00\",\"mainEntityOfPage\":{\"@id\":\"https:\\\/\\\/cmvsf2.org\\\/web\\\/2019\\\/10\\\/15\\\/xiv-olimpiadas-nacionales-veterinarias-santa-fe-2019\\\/\"},\"wordCount\":33,\"commentCount\":0,\"publisher\":{\"@id\":\"https:\\\/\\\/cmvsf2.org\\\/web\\\/#organization\"},\"image\":{\"@id\":\"https:\\\/\\\/cmvsf2.org\\\/web\\\/2019\\\/10\\\/15\\\/xiv-olimpiadas-nacionales-veterinarias-santa-fe-2019\\\/#primaryimage\"},\"thumbnailUrl\":\"https:\\\/\\\/cmvsf2.org\\\/web\\\/wp-content\\\/uploads\\\/2019\\\/10\\\/whatsapp-image-2019-10-16-at-17.16.10-2.jpeg\",\"inLanguage\":\"es\"},{\"@type\":\"WebPage\",\"@id\":\"https:\\\/\\\/cmvsf2.org\\\/web\\\/2019\\\/10\\\/15\\\/xiv-olimpiadas-nacionales-veterinarias-santa-fe-2019\\\/\",\"url\":\"https:\\\/\\\/cmvsf2.org\\\/web\\\/2019\\\/10\\\/15\\\/xiv-olimpiadas-nacionales-veterinarias-santa-fe-2019\\\/\",\"name\":\"XIV Olimpiadas Nacionales Veterinarias - Santa Fe 2019 - Colegio De Veterinarios De Santa Fe 2da. Circunscripci\u00f3n\",\"isPartOf\":{\"@id\":\"https:\\\/\\\/cmvsf2.org\\\/web\\\/#website\"},\"primaryImageOfPage\":{\"@id\":\"https:\\\/\\\/cmvsf2.org\\\/web\\\/2019\\\/10\\\/15\\\/xiv-olimpiadas-nacionales-veterinarias-santa-fe-2019\\\/#primaryimage\"},\"image\":{\"@id\":\"https:\\\/\\\/cmvsf2.org\\\/web\\\/2019\\\/10\\\/15\\\/xiv-olimpiadas-nacionales-veterinarias-santa-fe-2019\\\/#primaryimage\"},\"thumbnailUrl\":\"https:\\\/\\\/cmvsf2.org\\\/web\\\/wp-content\\\/uploads\\\/2019\\\/10\\\/whatsapp-image-2019-10-16-at-17.16.10-2.jpeg\",\"datePublished\":\"2019-10-15T09:00:29+00:00\",\"description\":\"Veinte colegas de nuestro colegio participaron de las XIV Olimpiadas Nacionales Veterinarias 2019. Aqu\u00ed le compartimos algunas im\u00e1genes de la competencia\",\"breadcrumb\":{\"@id\":\"https:\\\/\\\/cmvsf2.org\\\/web\\\/2019\\\/10\\\/15\\\/xiv-olimpiadas-nacionales-veterinarias-santa-fe-2019\\\/#breadcrumb\"},\"inLanguage\":\"es\",\"potentialAction\":[{\"@type\":\"ReadAction\",\"target\":[\"https:\\\/\\\/cmvsf2.org\\\/web\\\/2019\\\/10\\\/15\\\/xiv-olimpiadas-nacionales-veterinarias-santa-fe-2019\\\/\"]}]},{\"@type\":\"ImageObject\",\"inLanguage\":\"es\",\"@id\":\"https:\\\/\\\/cmvsf2.org\\\/web\\\/2019\\\/10\\\/15\\\/xiv-olimpiadas-nacionales-veterinarias-santa-fe-2019\\\/#primaryimage\",\"url\":\"https:\\\/\\\/cmvsf2.org\\\/web\\\/wp-content\\\/uploads\\\/2019\\\/10\\\/whatsapp-image-2019-10-16-at-17.16.10-2.jpeg\",\"contentUrl\":\"https:\\\/\\\/cmvsf2.org\\\/web\\\/wp-content\\\/uploads\\\/2019\\\/10\\\/whatsapp-image-2019-10-16-at-17.16.10-2.jpeg\",\"width\":1280,\"height\":960},{\"@type\":\"BreadcrumbList\",\"@id\":\"https:\\\/\\\/cmvsf2.org\\\/web\\\/2019\\\/10\\\/15\\\/xiv-olimpiadas-nacionales-veterinarias-santa-fe-2019\\\/#breadcrumb\",\"itemListElement\":[{\"@type\":\"ListItem\",\"position\":1,\"name\":\"Portada\",\"item\":\"https:\\\/\\\/cmvsf2.org\\\/web\\\/\"},{\"@type\":\"ListItem\",\"position\":2,\"name\":\"XIV Olimpiadas Nacionales Veterinarias &#8211; Santa Fe 2019\"}]},{\"@type\":\"WebSite\",\"@id\":\"https:\\\/\\\/cmvsf2.org\\\/web\\\/#website\",\"url\":\"https:\\\/\\\/cmvsf2.org\\\/web\\\/\",\"name\":\"Colegio De Veterinarios De Santa Fe 2da. Circunscripci\u00f3n\",\"description\":\"Sitio institucional del Colegio de M\u00e9dicos Veterinario de Santa Fe 2da. Circunscripci\u00f3n\",\"publisher\":{\"@id\":\"https:\\\/\\\/cmvsf2.org\\\/web\\\/#organization\"},\"potentialAction\":[{\"@type\":\"SearchAction\",\"target\":{\"@type\":\"EntryPoint\",\"urlTemplate\":\"https:\\\/\\\/cmvsf2.org\\\/web\\\/?s={search_term_string}\"},\"query-input\":{\"@type\":\"PropertyValueSpecification\",\"valueRequired\":true,\"valueName\":\"search_term_string\"}}],\"inLanguage\":\"es\"},{\"@type\":\"Organization\",\"@id\":\"https:\\\/\\\/cmvsf2.org\\\/web\\\/#organization\",\"name\":\"Colegio De Veterinarios De Santa Fe 2da. Circunscripci\u00f3n\",\"url\":\"https:\\\/\\\/cmvsf2.org\\\/web\\\/\",\"logo\":{\"@type\":\"ImageObject\",\"inLanguage\":\"es\",\"@id\":\"https:\\\/\\\/cmvsf2.org\\\/web\\\/#\\\/schema\\\/logo\\\/image\\\/\",\"url\":\"http:\\\/\\\/cmvsf2.org\\\/web\\\/wp-content\\\/uploads\\\/2020\\\/03\\\/vector-logo-02.png\",\"contentUrl\":\"http:\\\/\\\/cmvsf2.org\\\/web\\\/wp-content\\\/uploads\\\/2020\\\/03\\\/vector-logo-02.png\",\"width\":2750,\"height\":642,\"caption\":\"Colegio De Veterinarios De Santa Fe 2da. Circunscripci\u00f3n\"},\"image\":{\"@id\":\"https:\\\/\\\/cmvsf2.org\\\/web\\\/#\\\/schema\\\/logo\\\/image\\\/\"}},{\"@type\":\"Person\",\"@id\":\"https:\\\/\\\/cmvsf2.org\\\/web\\\/#\\\/schema\\\/person\\\/46ea3630099a4a3df8d89f07cf5f7520\",\"name\":\"cmvsf2\",\"image\":{\"@type\":\"ImageObject\",\"inLanguage\":\"es\",\"@id\":\"https:\\\/\\\/secure.gravatar.com\\\/avatar\\\/669647b61c77f28f1aa51df04174a5ecb296e9988b4a93d2870666cd1f502cd7?s=96&d=mm&r=g\",\"url\":\"https:\\\/\\\/secure.gravatar.com\\\/avatar\\\/669647b61c77f28f1aa51df04174a5ecb296e9988b4a93d2870666cd1f502cd7?s=96&d=mm&r=g\",\"contentUrl\":\"https:\\\/\\\/secure.gravatar.com\\\/avatar\\\/669647b61c77f28f1aa51df04174a5ecb296e9988b4a93d2870666cd1f502cd7?s=96&d=mm&r=g\",\"caption\":\"cmvsf2\"}}]}<\/script>\n<!-- \/ Yoast SEO plugin. -->","yoast_head_json":{"title":"XIV Olimpiadas Nacionales Veterinarias - Santa Fe 2019 - Colegio De Veterinarios De Santa Fe 2da. Circunscripci\u00f3n","description":"Veinte colegas de nuestro colegio participaron de las XIV Olimpiadas Nacionales Veterinarias 2019. Aqu\u00ed le compartimos algunas im\u00e1genes de la competencia","robots":{"index":"index","follow":"follow","max-snippet":"max-snippet:-1","max-image-preview":"max-image-preview:large","max-video-preview":"max-video-preview:-1"},"canonical":"https:\/\/cmvsf2.org\/web\/2019\/10\/15\/xiv-olimpiadas-nacionales-veterinarias-santa-fe-2019\/","og_locale":"es_ES","og_type":"article","og_title":"XIV Olimpiadas Nacionales Veterinarias - Santa Fe 2019 - Colegio De Veterinarios De Santa Fe 2da. Circunscripci\u00f3n","og_description":"Veinte colegas de nuestro colegio participaron de las XIV Olimpiadas Nacionales Veterinarias 2019. Aqu\u00ed le compartimos algunas im\u00e1genes de la competencia","og_url":"https:\/\/cmvsf2.org\/web\/2019\/10\/15\/xiv-olimpiadas-nacionales-veterinarias-santa-fe-2019\/","og_site_name":"Colegio De Veterinarios De Santa Fe 2da. Circunscripci\u00f3n","article_published_time":"2019-10-15T09:00:29+00:00","og_image":[{"width":1280,"height":960,"url":"https:\/\/cmvsf2.org\/web\/wp-content\/uploads\/2019\/10\/whatsapp-image-2019-10-16-at-17.16.10-2.jpeg","type":"image\/jpeg"}],"author":"cmvsf2","twitter_card":"summary_large_image","twitter_misc":{"Escrito por":"cmvsf2"},"schema":{"@context":"https:\/\/schema.org","@graph":[{"@type":"Article","@id":"https:\/\/cmvsf2.org\/web\/2019\/10\/15\/xiv-olimpiadas-nacionales-veterinarias-santa-fe-2019\/#article","isPartOf":{"@id":"https:\/\/cmvsf2.org\/web\/2019\/10\/15\/xiv-olimpiadas-nacionales-veterinarias-santa-fe-2019\/"},"author":{"name":"cmvsf2","@id":"https:\/\/cmvsf2.org\/web\/#\/schema\/person\/46ea3630099a4a3df8d89f07cf5f7520"},"headline":"XIV Olimpiadas Nacionales Veterinarias &#8211; Santa Fe 2019","datePublished":"2019-10-15T09:00:29+00:00","mainEntityOfPage":{"@id":"https:\/\/cmvsf2.org\/web\/2019\/10\/15\/xiv-olimpiadas-nacionales-veterinarias-santa-fe-2019\/"},"wordCount":33,"commentCount":0,"publisher":{"@id":"https:\/\/cmvsf2.org\/web\/#organization"},"image":{"@id":"https:\/\/cmvsf2.org\/web\/2019\/10\/15\/xiv-olimpiadas-nacionales-veterinarias-santa-fe-2019\/#primaryimage"},"thumbnailUrl":"https:\/\/cmvsf2.org\/web\/wp-content\/uploads\/2019\/10\/whatsapp-image-2019-10-16-at-17.16.10-2.jpeg","inLanguage":"es"},{"@type":"WebPage","@id":"https:\/\/cmvsf2.org\/web\/2019\/10\/15\/xiv-olimpiadas-nacionales-veterinarias-santa-fe-2019\/","url":"https:\/\/cmvsf2.org\/web\/2019\/10\/15\/xiv-olimpiadas-nacionales-veterinarias-santa-fe-2019\/","name":"XIV Olimpiadas Nacionales Veterinarias - Santa Fe 2019 - Colegio De Veterinarios De Santa Fe 2da. Circunscripci\u00f3n","isPartOf":{"@id":"https:\/\/cmvsf2.org\/web\/#website"},"primaryImageOfPage":{"@id":"https:\/\/cmvsf2.org\/web\/2019\/10\/15\/xiv-olimpiadas-nacionales-veterinarias-santa-fe-2019\/#primaryimage"},"image":{"@id":"https:\/\/cmvsf2.org\/web\/2019\/10\/15\/xiv-olimpiadas-nacionales-veterinarias-santa-fe-2019\/#primaryimage"},"thumbnailUrl":"https:\/\/cmvsf2.org\/web\/wp-content\/uploads\/2019\/10\/whatsapp-image-2019-10-16-at-17.16.10-2.jpeg","datePublished":"2019-10-15T09:00:29+00:00","description":"Veinte colegas de nuestro colegio participaron de las XIV Olimpiadas Nacionales Veterinarias 2019. Aqu\u00ed le compartimos algunas im\u00e1genes de la competencia","breadcrumb":{"@id":"https:\/\/cmvsf2.org\/web\/2019\/10\/15\/xiv-olimpiadas-nacionales-veterinarias-santa-fe-2019\/#breadcrumb"},"inLanguage":"es","potentialAction":[{"@type":"ReadAction","target":["https:\/\/cmvsf2.org\/web\/2019\/10\/15\/xiv-olimpiadas-nacionales-veterinarias-santa-fe-2019\/"]}]},{"@type":"ImageObject","inLanguage":"es","@id":"https:\/\/cmvsf2.org\/web\/2019\/10\/15\/xiv-olimpiadas-nacionales-veterinarias-santa-fe-2019\/#primaryimage","url":"https:\/\/cmvsf2.org\/web\/wp-content\/uploads\/2019\/10\/whatsapp-image-2019-10-16-at-17.16.10-2.jpeg","contentUrl":"https:\/\/cmvsf2.org\/web\/wp-content\/uploads\/2019\/10\/whatsapp-image-2019-10-16-at-17.16.10-2.jpeg","width":1280,"height":960},{"@type":"BreadcrumbList","@id":"https:\/\/cmvsf2.org\/web\/2019\/10\/15\/xiv-olimpiadas-nacionales-veterinarias-santa-fe-2019\/#breadcrumb","itemListElement":[{"@type":"ListItem","position":1,"name":"Portada","item":"https:\/\/cmvsf2.org\/web\/"},{"@type":"ListItem","position":2,"name":"XIV Olimpiadas Nacionales Veterinarias &#8211; Santa Fe 2019"}]},{"@type":"WebSite","@id":"https:\/\/cmvsf2.org\/web\/#website","url":"https:\/\/cmvsf2.org\/web\/","name":"Colegio De Veterinarios De Santa Fe 2da. Circunscripci\u00f3n","description":"Sitio institucional del Colegio de M\u00e9dicos Veterinario de Santa Fe 2da. Circunscripci\u00f3n","publisher":{"@id":"https:\/\/cmvsf2.org\/web\/#organization"},"potentialAction":[{"@type":"SearchAction","target":{"@type":"EntryPoint","urlTemplate":"https:\/\/cmvsf2.org\/web\/?s={search_term_string}"},"query-input":{"@type":"PropertyValueSpecification","valueRequired":true,"valueName":"search_term_string"}}],"inLanguage":"es"},{"@type":"Organization","@id":"https:\/\/cmvsf2.org\/web\/#organization","name":"Colegio De Veterinarios De Santa Fe 2da. Circunscripci\u00f3n","url":"https:\/\/cmvsf2.org\/web\/","logo":{"@type":"ImageObject","inLanguage":"es","@id":"https:\/\/cmvsf2.org\/web\/#\/schema\/logo\/image\/","url":"http:\/\/cmvsf2.org\/web\/wp-content\/uploads\/2020\/03\/vector-logo-02.png","contentUrl":"http:\/\/cmvsf2.org\/web\/wp-content\/uploads\/2020\/03\/vector-logo-02.png","width":2750,"height":642,"caption":"Colegio De Veterinarios De Santa Fe 2da. Circunscripci\u00f3n"},"image":{"@id":"https:\/\/cmvsf2.org\/web\/#\/schema\/logo\/image\/"}},{"@type":"Person","@id":"https:\/\/cmvsf2.org\/web\/#\/schema\/person\/46ea3630099a4a3df8d89f07cf5f7520","name":"cmvsf2","image":{"@type":"ImageObject","inLanguage":"es","@id":"https:\/\/secure.gravatar.com\/avatar\/669647b61c77f28f1aa51df04174a5ecb296e9988b4a93d2870666cd1f502cd7?s=96&d=mm&r=g","url":"https:\/\/secure.gravatar.com\/avatar\/669647b61c77f28f1aa51df04174a5ecb296e9988b4a93d2870666cd1f502cd7?s=96&d=mm&r=g","contentUrl":"https:\/\/secure.gravatar.com\/avatar\/669647b61c77f28f1aa51df04174a5ecb296e9988b4a93d2870666cd1f502cd7?s=96&d=mm&r=g","caption":"cmvsf2"}}]}},"_links":{"self":[{"href":"https:\/\/cmvsf2.org\/web\/wp-json\/wp\/v2\/posts\/6047","targetHints":{"allow":["GET"]}}],"collection":[{"href":"https:\/\/cmvsf2.org\/web\/wp-json\/wp\/v2\/posts"}],"about":[{"href":"https:\/\/cmvsf2.org\/web\/wp-json\/wp\/v2\/types\/post"}],"author":[{"embeddable":true,"href":"https:\/\/cmvsf2.org\/web\/wp-json\/wp\/v2\/users\/3"}],"replies":[{"embeddable":true,"href":"https:\/\/cmvsf2.org\/web\/wp-json\/wp\/v2\/comments?post=6047"}],"version-history":[{"count":0,"href":"https:\/\/cmvsf2.org\/web\/wp-json\/wp\/v2\/posts\/6047\/revisions"}],"wp:featuredmedia":[{"embeddable":true,"href":"https:\/\/cmvsf2.org\/web\/wp-json\/wp\/v2\/media\/6049"}],"wp:attachment":[{"href":"https:\/\/cmvsf2.org\/web\/wp-json\/wp\/v2\/media?parent=6047"}],"wp:term":[{"taxonomy":"category","embeddable":true,"href":"https:\/\/cmvsf2.org\/web\/wp-json\/wp\/v2\/categories?post=6047"},{"taxonomy":"post_tag","embeddable":true,"href":"https:\/\/cmvsf2.org\/web\/wp-json\/wp\/v2\/tags?post=6047"}],"curies":[{"name":"wp","href":"https:\/\/api.w.org\/{rel}","templated":true}]}}