{"id":5945,"date":"2019-08-13T07:48:30","date_gmt":"2019-08-13T07:48:30","guid":{"rendered":"http:\/\/sessionstudio.ar\/vet\/web\/?p=5945"},"modified":"2019-08-13T07:48:30","modified_gmt":"2019-08-13T07:48:30","slug":"festejamos-el-dia-del-veterinario","status":"publish","type":"post","link":"https:\/\/cmvsf2.org\/web\/2019\/08\/13\/festejamos-el-dia-del-veterinario\/","title":{"rendered":"Festejamos el D\u00eda del Veterinario"},"content":{"rendered":"\n<p>El domingo 4 de agosto\u00a0<strong>celebramos el D\u00eda del Veterinario\/a<\/strong> y homenajeamos a aquellos matriculados que cumplieron <strong>25 y\u00a050 a\u00f1os de matriculaci\u00f3n;\u00a0<\/strong>tambi\u00e9ndos colegas\u00a0recibieron\u00a0<strong>reconocimiento<\/strong>\u00a0por su<strong>\u00a0trayectoria profesional<\/strong>.<\/p>\n\n\n<p>La jornada, que se realiz\u00f3 en el Club House de Tierra de Sue\u00f1os 2, comenz\u00f3 con el acto protocolar, las autoridades del CMVSF2 hicieron entrega de los reconocimientos pertinentes a cada caso. Por su parte, los homenajeados tuvieron la oportunidad de compartir unas palabras ante los presentes, amigos y familia. LLegado el mediodia se convoc\u00f3 al almuerzo, con posterior baile y el tradicional sorteo de m\u00faltiples premios para los matriculados. <\/p>\n\n\n<p> LISTA DE HOMENAJEADOS<\/p>\n\n\n<p><strong>25 a\u00f1os de Matriculaci\u00f3n<\/strong><br \/>MIRADA, MARCELO C\u00c9SAR<br \/>FRANCOIS, SILVINA EDITH<br \/>FERN\u00c1NDEZ, JOS\u00c9 FERNANDO<br \/>R\u00c9BOLI, ARIEL ALEJANDRO<br \/>TOSSORATTI, VANESA RUT<br \/>FERN\u00c1NDEZ, ALICIA IDALINA<br \/>CAPITAINE FUNES, ARIEL<br \/>ULECIA, IVANA MAR\u00cdA<br \/>CAMPOS, JORGELINA ISABEL<br \/>GEREZ, MAR\u00cdA DE LOURDES<br \/>CLAUS, CHRISTIAN LUIS<br \/>LUCIANI, MARCELO DAVID<br \/>FAINI, MARIO ALBERTO<br \/>BIANCO, GUSTAVO GABRIEL<br \/>GONZ\u00c1LEZ, OSCAR DANIEL <\/p>\n\n\n<p> <strong>50 a\u00f1os de Matriculaci\u00f3n<\/strong><br \/>VITALI, REYNALDO JUAN B.<\/p>\n\n\n<p><strong>Reconocimientos por trayectoria<\/strong><br \/>TRACCHIA, ALEJANDRO<br \/>MOLINARI, RODOLFO <\/p>\n\n\n<ul class=\"wp-block-gallery columns-3 is-cropped wp-block-gallery-1 is-layout-flex wp-block-gallery-is-layout-flex\"><li class=\"blocks-gallery-item\"><figure><img decoding=\"async\" src=\"https:\/\/cmvsf2.org\/web\/wp-content\/uploads\/2019\/08\/20190804_111319-1-1-1024x1024.jpg\" alt=\"\" data-id=\"5947\" data-link=\"http:\/\/sessionstudio.ar\/vet\/web\/?attachment_id=5947\" class=\"wp-image-5947\"\/><\/figure><\/li><li class=\"blocks-gallery-item\"><figure><img decoding=\"async\" src=\"https:\/\/cmvsf2.org\/web\/wp-content\/uploads\/2019\/08\/20190804_111337-1-1024x1024.jpg\" alt=\"\" data-id=\"5948\" data-link=\"http:\/\/sessionstudio.ar\/vet\/web\/?attachment_id=5948\" class=\"wp-image-5948\"\/><\/figure><\/li><li class=\"blocks-gallery-item\"><figure><img decoding=\"async\" src=\"https:\/\/cmvsf2.org\/web\/wp-content\/uploads\/2019\/08\/20190804_111431-1-1024x1024.jpg\" alt=\"\" data-id=\"5949\" data-link=\"http:\/\/sessionstudio.ar\/vet\/web\/?attachment_id=5949\" class=\"wp-image-5949\"\/><\/figure><\/li><li class=\"blocks-gallery-item\"><figure><img decoding=\"async\" src=\"https:\/\/cmvsf2.org\/web\/wp-content\/uploads\/2019\/08\/20190804_1136370-1-1024x1024.jpg\" alt=\"\" data-id=\"5950\" data-link=\"http:\/\/sessionstudio.ar\/vet\/web\/?attachment_id=5950\" class=\"wp-image-5950\"\/><\/figure><\/li><li class=\"blocks-gallery-item\"><figure><img decoding=\"async\" src=\"https:\/\/cmvsf2.org\/web\/wp-content\/uploads\/2019\/08\/20190804_114050-1-1024x1024.jpg\" alt=\"\" data-id=\"5952\" data-link=\"http:\/\/sessionstudio.ar\/vet\/web\/?attachment_id=5952\" class=\"wp-image-5952\"\/><\/figure><\/li><li class=\"blocks-gallery-item\"><figure><img decoding=\"async\" src=\"https:\/\/cmvsf2.org\/web\/wp-content\/uploads\/2019\/08\/20190804_120208-1-1024x1024.jpg\" alt=\"\" data-id=\"5954\" data-link=\"http:\/\/sessionstudio.ar\/vet\/web\/?attachment_id=5954\" class=\"wp-image-5954\"\/><\/figure><\/li><li class=\"blocks-gallery-item\"><figure><img decoding=\"async\" src=\"https:\/\/cmvsf2.org\/web\/wp-content\/uploads\/2019\/08\/20190804_144351-1-1024x1024.jpg\" alt=\"\" data-id=\"5955\" data-link=\"http:\/\/sessionstudio.ar\/vet\/web\/?attachment_id=5955\" class=\"wp-image-5955\"\/><\/figure><\/li><li class=\"blocks-gallery-item\"><figure><img decoding=\"async\" src=\"https:\/\/cmvsf2.org\/web\/wp-content\/uploads\/2019\/08\/20190804_144606-1-1024x1024.jpg\" alt=\"\" data-id=\"5956\" data-link=\"http:\/\/sessionstudio.ar\/vet\/web\/?attachment_id=5956\" class=\"wp-image-5956\"\/><\/figure><\/li><li class=\"blocks-gallery-item\"><figure><img decoding=\"async\" src=\"https:\/\/cmvsf2.org\/web\/wp-content\/uploads\/2019\/08\/20190804_1450140-1-1024x1024.jpg\" alt=\"\" data-id=\"5957\" data-link=\"http:\/\/sessionstudio.ar\/vet\/web\/?attachment_id=5957\" class=\"wp-image-5957\"\/><\/figure><\/li><li class=\"blocks-gallery-item\"><figure><img decoding=\"async\" src=\"https:\/\/cmvsf2.org\/web\/wp-content\/uploads\/2019\/08\/20190804_145059-1-1024x1024.jpg\" alt=\"\" data-id=\"5958\" data-link=\"http:\/\/sessionstudio.ar\/vet\/web\/?attachment_id=5958\" class=\"wp-image-5958\"\/><\/figure><\/li><li class=\"blocks-gallery-item\"><figure><img decoding=\"async\" src=\"https:\/\/cmvsf2.org\/web\/wp-content\/uploads\/2019\/08\/whatsapp-image-2019-08-05-at-17.36.05-1-1-1024x1024.jpeg\" alt=\"\" data-id=\"5959\" data-link=\"http:\/\/sessionstudio.ar\/vet\/web\/?attachment_id=5959\" class=\"wp-image-5959\"\/><\/figure><\/li><li class=\"blocks-gallery-item\"><figure><img decoding=\"async\" src=\"https:\/\/cmvsf2.org\/web\/wp-content\/uploads\/2019\/08\/whatsapp-image-2019-08-05-at-17.36.06-1-1-1024x1024.jpeg\" alt=\"\" data-id=\"5960\" data-link=\"http:\/\/sessionstudio.ar\/vet\/web\/?attachment_id=5960\" class=\"wp-image-5960\"\/><\/figure><\/li><\/ul>\n\n\n<p><strong> <\/strong>La tarde estuvo llena de sorpresas y buenos momentos compartidos entre los asistentes. Al finalizar, se hizo un reconocimiento a los profesionales de nuestro Colegio que obtuvieron la copa <strong>Challenger en las Olimpiadas Nacionales Veterinarias 2018.<\/strong> <\/p>\n","protected":false},"excerpt":{"rendered":"<p>El domingo 4 de agosto\u00a0celebramos el D\u00eda del Veterinario\/a y homenajeamos a aquellos matriculados que cumplieron 25 y\u00a050 a\u00f1os de matriculaci\u00f3n;\u00a0tambi\u00e9ndos colegas\u00a0recibieron\u00a0reconocimiento\u00a0por su\u00a0trayectoria profesional. La jornada, que se realiz\u00f3 en el Club House de Tierra de Sue\u00f1os 2, comenz\u00f3 con el acto protocolar, las autoridades del CMVSF2 hicieron entrega de los reconocimientos pertinentes a cada caso. Por su parte, los homenajeados tuvieron la oportunidad [&hellip;]<\/p>\n","protected":false},"author":3,"featured_media":5949,"comment_status":"open","ping_status":"open","sticky":false,"template":"","format":"standard","meta":{"_acf_changed":false,"footnotes":""},"categories":[1],"tags":[],"class_list":["post-5945","post","type-post","status-publish","format-standard","has-post-thumbnail","hentry","category-sin-categoria"],"acf":[],"yoast_head":"<!-- This site is optimized with the Yoast SEO plugin v28.2 - https:\/\/yoast.com\/product\/yoast-seo-wordpress\/ -->\n<title>Festejamos el D\u00eda del Veterinario - Colegio De Veterinarios De Santa Fe 2da. Circunscripci\u00f3n<\/title>\n<meta name=\"description\" content=\"El domingo 4 de agosto\u00a0celebramos el D\u00eda del Veterinario\/a y homenajeamos a aquellos matriculados que cumplieron 25 y\u00a050 a\u00f1os de matriculaci\u00f3n;\u00a0tambi\u00e9ndos\" \/>\n<meta name=\"robots\" content=\"index, follow, max-snippet:-1, max-image-preview:large, max-video-preview:-1\" \/>\n<link rel=\"canonical\" href=\"https:\/\/cmvsf2.org\/web\/2019\/08\/13\/festejamos-el-dia-del-veterinario\/\" \/>\n<meta property=\"og:locale\" content=\"es_ES\" \/>\n<meta property=\"og:type\" content=\"article\" \/>\n<meta property=\"og:title\" content=\"Festejamos el D\u00eda del Veterinario - Colegio De Veterinarios De Santa Fe 2da. Circunscripci\u00f3n\" \/>\n<meta property=\"og:description\" content=\"El domingo 4 de agosto\u00a0celebramos el D\u00eda del Veterinario\/a y homenajeamos a aquellos matriculados que cumplieron 25 y\u00a050 a\u00f1os de matriculaci\u00f3n;\u00a0tambi\u00e9ndos\" \/>\n<meta property=\"og:url\" content=\"https:\/\/cmvsf2.org\/web\/2019\/08\/13\/festejamos-el-dia-del-veterinario\/\" \/>\n<meta property=\"og:site_name\" content=\"Colegio De Veterinarios De Santa Fe 2da. Circunscripci\u00f3n\" \/>\n<meta property=\"article:published_time\" content=\"2019-08-13T07:48:30+00:00\" \/>\n<meta property=\"og:image\" content=\"https:\/\/cmvsf2.org\/web\/wp-content\/uploads\/2019\/08\/20190804_111431-1-scaled.jpg\" \/>\n\t<meta property=\"og:image:width\" content=\"2560\" \/>\n\t<meta property=\"og:image:height\" content=\"1920\" \/>\n\t<meta property=\"og:image:type\" content=\"image\/jpeg\" \/>\n<meta name=\"author\" content=\"cmvsf2\" \/>\n<meta name=\"twitter:card\" content=\"summary_large_image\" \/>\n<meta name=\"twitter:label1\" content=\"Escrito por\" \/>\n\t<meta name=\"twitter:data1\" content=\"cmvsf2\" \/>\n\t<meta name=\"twitter:label2\" content=\"Tiempo de lectura\" \/>\n\t<meta name=\"twitter:data2\" content=\"1 minuto\" \/>\n<script type=\"application\/ld+json\" class=\"yoast-schema-graph\">{\"@context\":\"https:\\\/\\\/schema.org\",\"@graph\":[{\"@type\":\"Article\",\"@id\":\"https:\\\/\\\/cmvsf2.org\\\/web\\\/2019\\\/08\\\/13\\\/festejamos-el-dia-del-veterinario\\\/#article\",\"isPartOf\":{\"@id\":\"https:\\\/\\\/cmvsf2.org\\\/web\\\/2019\\\/08\\\/13\\\/festejamos-el-dia-del-veterinario\\\/\"},\"author\":{\"name\":\"cmvsf2\",\"@id\":\"https:\\\/\\\/cmvsf2.org\\\/web\\\/#\\\/schema\\\/person\\\/46ea3630099a4a3df8d89f07cf5f7520\"},\"headline\":\"Festejamos el D\u00eda del Veterinario\",\"datePublished\":\"2019-08-13T07:48:30+00:00\",\"mainEntityOfPage\":{\"@id\":\"https:\\\/\\\/cmvsf2.org\\\/web\\\/2019\\\/08\\\/13\\\/festejamos-el-dia-del-veterinario\\\/\"},\"wordCount\":207,\"commentCount\":0,\"publisher\":{\"@id\":\"https:\\\/\\\/cmvsf2.org\\\/web\\\/#organization\"},\"image\":{\"@id\":\"https:\\\/\\\/cmvsf2.org\\\/web\\\/2019\\\/08\\\/13\\\/festejamos-el-dia-del-veterinario\\\/#primaryimage\"},\"thumbnailUrl\":\"https:\\\/\\\/cmvsf2.org\\\/web\\\/wp-content\\\/uploads\\\/2019\\\/08\\\/20190804_111431-1-scaled.jpg\",\"inLanguage\":\"es\"},{\"@type\":\"WebPage\",\"@id\":\"https:\\\/\\\/cmvsf2.org\\\/web\\\/2019\\\/08\\\/13\\\/festejamos-el-dia-del-veterinario\\\/\",\"url\":\"https:\\\/\\\/cmvsf2.org\\\/web\\\/2019\\\/08\\\/13\\\/festejamos-el-dia-del-veterinario\\\/\",\"name\":\"Festejamos el D\u00eda del Veterinario - Colegio De Veterinarios De Santa Fe 2da. Circunscripci\u00f3n\",\"isPartOf\":{\"@id\":\"https:\\\/\\\/cmvsf2.org\\\/web\\\/#website\"},\"primaryImageOfPage\":{\"@id\":\"https:\\\/\\\/cmvsf2.org\\\/web\\\/2019\\\/08\\\/13\\\/festejamos-el-dia-del-veterinario\\\/#primaryimage\"},\"image\":{\"@id\":\"https:\\\/\\\/cmvsf2.org\\\/web\\\/2019\\\/08\\\/13\\\/festejamos-el-dia-del-veterinario\\\/#primaryimage\"},\"thumbnailUrl\":\"https:\\\/\\\/cmvsf2.org\\\/web\\\/wp-content\\\/uploads\\\/2019\\\/08\\\/20190804_111431-1-scaled.jpg\",\"datePublished\":\"2019-08-13T07:48:30+00:00\",\"description\":\"El domingo 4 de agosto\u00a0celebramos el D\u00eda del Veterinario\\\/a y homenajeamos a aquellos matriculados que cumplieron 25 y\u00a050 a\u00f1os de matriculaci\u00f3n;\u00a0tambi\u00e9ndos\",\"breadcrumb\":{\"@id\":\"https:\\\/\\\/cmvsf2.org\\\/web\\\/2019\\\/08\\\/13\\\/festejamos-el-dia-del-veterinario\\\/#breadcrumb\"},\"inLanguage\":\"es\",\"potentialAction\":[{\"@type\":\"ReadAction\",\"target\":[\"https:\\\/\\\/cmvsf2.org\\\/web\\\/2019\\\/08\\\/13\\\/festejamos-el-dia-del-veterinario\\\/\"]}]},{\"@type\":\"ImageObject\",\"inLanguage\":\"es\",\"@id\":\"https:\\\/\\\/cmvsf2.org\\\/web\\\/2019\\\/08\\\/13\\\/festejamos-el-dia-del-veterinario\\\/#primaryimage\",\"url\":\"https:\\\/\\\/cmvsf2.org\\\/web\\\/wp-content\\\/uploads\\\/2019\\\/08\\\/20190804_111431-1-scaled.jpg\",\"contentUrl\":\"https:\\\/\\\/cmvsf2.org\\\/web\\\/wp-content\\\/uploads\\\/2019\\\/08\\\/20190804_111431-1-scaled.jpg\",\"width\":2560,\"height\":1920},{\"@type\":\"BreadcrumbList\",\"@id\":\"https:\\\/\\\/cmvsf2.org\\\/web\\\/2019\\\/08\\\/13\\\/festejamos-el-dia-del-veterinario\\\/#breadcrumb\",\"itemListElement\":[{\"@type\":\"ListItem\",\"position\":1,\"name\":\"Portada\",\"item\":\"https:\\\/\\\/cmvsf2.org\\\/web\\\/\"},{\"@type\":\"ListItem\",\"position\":2,\"name\":\"Festejamos el D\u00eda del Veterinario\"}]},{\"@type\":\"WebSite\",\"@id\":\"https:\\\/\\\/cmvsf2.org\\\/web\\\/#website\",\"url\":\"https:\\\/\\\/cmvsf2.org\\\/web\\\/\",\"name\":\"Colegio De Veterinarios De Santa Fe 2da. Circunscripci\u00f3n\",\"description\":\"Sitio institucional del Colegio de M\u00e9dicos Veterinario de Santa Fe 2da. Circunscripci\u00f3n\",\"publisher\":{\"@id\":\"https:\\\/\\\/cmvsf2.org\\\/web\\\/#organization\"},\"potentialAction\":[{\"@type\":\"SearchAction\",\"target\":{\"@type\":\"EntryPoint\",\"urlTemplate\":\"https:\\\/\\\/cmvsf2.org\\\/web\\\/?s={search_term_string}\"},\"query-input\":{\"@type\":\"PropertyValueSpecification\",\"valueRequired\":true,\"valueName\":\"search_term_string\"}}],\"inLanguage\":\"es\"},{\"@type\":\"Organization\",\"@id\":\"https:\\\/\\\/cmvsf2.org\\\/web\\\/#organization\",\"name\":\"Colegio De Veterinarios De Santa Fe 2da. Circunscripci\u00f3n\",\"url\":\"https:\\\/\\\/cmvsf2.org\\\/web\\\/\",\"logo\":{\"@type\":\"ImageObject\",\"inLanguage\":\"es\",\"@id\":\"https:\\\/\\\/cmvsf2.org\\\/web\\\/#\\\/schema\\\/logo\\\/image\\\/\",\"url\":\"http:\\\/\\\/cmvsf2.org\\\/web\\\/wp-content\\\/uploads\\\/2020\\\/03\\\/vector-logo-02.png\",\"contentUrl\":\"http:\\\/\\\/cmvsf2.org\\\/web\\\/wp-content\\\/uploads\\\/2020\\\/03\\\/vector-logo-02.png\",\"width\":2750,\"height\":642,\"caption\":\"Colegio De Veterinarios De Santa Fe 2da. Circunscripci\u00f3n\"},\"image\":{\"@id\":\"https:\\\/\\\/cmvsf2.org\\\/web\\\/#\\\/schema\\\/logo\\\/image\\\/\"}},{\"@type\":\"Person\",\"@id\":\"https:\\\/\\\/cmvsf2.org\\\/web\\\/#\\\/schema\\\/person\\\/46ea3630099a4a3df8d89f07cf5f7520\",\"name\":\"cmvsf2\",\"image\":{\"@type\":\"ImageObject\",\"inLanguage\":\"es\",\"@id\":\"https:\\\/\\\/secure.gravatar.com\\\/avatar\\\/669647b61c77f28f1aa51df04174a5ecb296e9988b4a93d2870666cd1f502cd7?s=96&d=mm&r=g\",\"url\":\"https:\\\/\\\/secure.gravatar.com\\\/avatar\\\/669647b61c77f28f1aa51df04174a5ecb296e9988b4a93d2870666cd1f502cd7?s=96&d=mm&r=g\",\"contentUrl\":\"https:\\\/\\\/secure.gravatar.com\\\/avatar\\\/669647b61c77f28f1aa51df04174a5ecb296e9988b4a93d2870666cd1f502cd7?s=96&d=mm&r=g\",\"caption\":\"cmvsf2\"}}]}<\/script>\n<!-- \/ Yoast SEO plugin. -->","yoast_head_json":{"title":"Festejamos el D\u00eda del Veterinario - Colegio De Veterinarios De Santa Fe 2da. Circunscripci\u00f3n","description":"El domingo 4 de agosto\u00a0celebramos el D\u00eda del Veterinario\/a y homenajeamos a aquellos matriculados que cumplieron 25 y\u00a050 a\u00f1os de matriculaci\u00f3n;\u00a0tambi\u00e9ndos","robots":{"index":"index","follow":"follow","max-snippet":"max-snippet:-1","max-image-preview":"max-image-preview:large","max-video-preview":"max-video-preview:-1"},"canonical":"https:\/\/cmvsf2.org\/web\/2019\/08\/13\/festejamos-el-dia-del-veterinario\/","og_locale":"es_ES","og_type":"article","og_title":"Festejamos el D\u00eda del Veterinario - Colegio De Veterinarios De Santa Fe 2da. Circunscripci\u00f3n","og_description":"El domingo 4 de agosto\u00a0celebramos el D\u00eda del Veterinario\/a y homenajeamos a aquellos matriculados que cumplieron 25 y\u00a050 a\u00f1os de matriculaci\u00f3n;\u00a0tambi\u00e9ndos","og_url":"https:\/\/cmvsf2.org\/web\/2019\/08\/13\/festejamos-el-dia-del-veterinario\/","og_site_name":"Colegio De Veterinarios De Santa Fe 2da. Circunscripci\u00f3n","article_published_time":"2019-08-13T07:48:30+00:00","og_image":[{"width":2560,"height":1920,"url":"https:\/\/cmvsf2.org\/web\/wp-content\/uploads\/2019\/08\/20190804_111431-1-scaled.jpg","type":"image\/jpeg"}],"author":"cmvsf2","twitter_card":"summary_large_image","twitter_misc":{"Escrito por":"cmvsf2","Tiempo de lectura":"1 minuto"},"schema":{"@context":"https:\/\/schema.org","@graph":[{"@type":"Article","@id":"https:\/\/cmvsf2.org\/web\/2019\/08\/13\/festejamos-el-dia-del-veterinario\/#article","isPartOf":{"@id":"https:\/\/cmvsf2.org\/web\/2019\/08\/13\/festejamos-el-dia-del-veterinario\/"},"author":{"name":"cmvsf2","@id":"https:\/\/cmvsf2.org\/web\/#\/schema\/person\/46ea3630099a4a3df8d89f07cf5f7520"},"headline":"Festejamos el D\u00eda del Veterinario","datePublished":"2019-08-13T07:48:30+00:00","mainEntityOfPage":{"@id":"https:\/\/cmvsf2.org\/web\/2019\/08\/13\/festejamos-el-dia-del-veterinario\/"},"wordCount":207,"commentCount":0,"publisher":{"@id":"https:\/\/cmvsf2.org\/web\/#organization"},"image":{"@id":"https:\/\/cmvsf2.org\/web\/2019\/08\/13\/festejamos-el-dia-del-veterinario\/#primaryimage"},"thumbnailUrl":"https:\/\/cmvsf2.org\/web\/wp-content\/uploads\/2019\/08\/20190804_111431-1-scaled.jpg","inLanguage":"es"},{"@type":"WebPage","@id":"https:\/\/cmvsf2.org\/web\/2019\/08\/13\/festejamos-el-dia-del-veterinario\/","url":"https:\/\/cmvsf2.org\/web\/2019\/08\/13\/festejamos-el-dia-del-veterinario\/","name":"Festejamos el D\u00eda del Veterinario - Colegio De Veterinarios De Santa Fe 2da. Circunscripci\u00f3n","isPartOf":{"@id":"https:\/\/cmvsf2.org\/web\/#website"},"primaryImageOfPage":{"@id":"https:\/\/cmvsf2.org\/web\/2019\/08\/13\/festejamos-el-dia-del-veterinario\/#primaryimage"},"image":{"@id":"https:\/\/cmvsf2.org\/web\/2019\/08\/13\/festejamos-el-dia-del-veterinario\/#primaryimage"},"thumbnailUrl":"https:\/\/cmvsf2.org\/web\/wp-content\/uploads\/2019\/08\/20190804_111431-1-scaled.jpg","datePublished":"2019-08-13T07:48:30+00:00","description":"El domingo 4 de agosto\u00a0celebramos el D\u00eda del Veterinario\/a y homenajeamos a aquellos matriculados que cumplieron 25 y\u00a050 a\u00f1os de matriculaci\u00f3n;\u00a0tambi\u00e9ndos","breadcrumb":{"@id":"https:\/\/cmvsf2.org\/web\/2019\/08\/13\/festejamos-el-dia-del-veterinario\/#breadcrumb"},"inLanguage":"es","potentialAction":[{"@type":"ReadAction","target":["https:\/\/cmvsf2.org\/web\/2019\/08\/13\/festejamos-el-dia-del-veterinario\/"]}]},{"@type":"ImageObject","inLanguage":"es","@id":"https:\/\/cmvsf2.org\/web\/2019\/08\/13\/festejamos-el-dia-del-veterinario\/#primaryimage","url":"https:\/\/cmvsf2.org\/web\/wp-content\/uploads\/2019\/08\/20190804_111431-1-scaled.jpg","contentUrl":"https:\/\/cmvsf2.org\/web\/wp-content\/uploads\/2019\/08\/20190804_111431-1-scaled.jpg","width":2560,"height":1920},{"@type":"BreadcrumbList","@id":"https:\/\/cmvsf2.org\/web\/2019\/08\/13\/festejamos-el-dia-del-veterinario\/#breadcrumb","itemListElement":[{"@type":"ListItem","position":1,"name":"Portada","item":"https:\/\/cmvsf2.org\/web\/"},{"@type":"ListItem","position":2,"name":"Festejamos el D\u00eda del Veterinario"}]},{"@type":"WebSite","@id":"https:\/\/cmvsf2.org\/web\/#website","url":"https:\/\/cmvsf2.org\/web\/","name":"Colegio De Veterinarios De Santa Fe 2da. Circunscripci\u00f3n","description":"Sitio institucional del Colegio de M\u00e9dicos Veterinario de Santa Fe 2da. Circunscripci\u00f3n","publisher":{"@id":"https:\/\/cmvsf2.org\/web\/#organization"},"potentialAction":[{"@type":"SearchAction","target":{"@type":"EntryPoint","urlTemplate":"https:\/\/cmvsf2.org\/web\/?s={search_term_string}"},"query-input":{"@type":"PropertyValueSpecification","valueRequired":true,"valueName":"search_term_string"}}],"inLanguage":"es"},{"@type":"Organization","@id":"https:\/\/cmvsf2.org\/web\/#organization","name":"Colegio De Veterinarios De Santa Fe 2da. Circunscripci\u00f3n","url":"https:\/\/cmvsf2.org\/web\/","logo":{"@type":"ImageObject","inLanguage":"es","@id":"https:\/\/cmvsf2.org\/web\/#\/schema\/logo\/image\/","url":"http:\/\/cmvsf2.org\/web\/wp-content\/uploads\/2020\/03\/vector-logo-02.png","contentUrl":"http:\/\/cmvsf2.org\/web\/wp-content\/uploads\/2020\/03\/vector-logo-02.png","width":2750,"height":642,"caption":"Colegio De Veterinarios De Santa Fe 2da. Circunscripci\u00f3n"},"image":{"@id":"https:\/\/cmvsf2.org\/web\/#\/schema\/logo\/image\/"}},{"@type":"Person","@id":"https:\/\/cmvsf2.org\/web\/#\/schema\/person\/46ea3630099a4a3df8d89f07cf5f7520","name":"cmvsf2","image":{"@type":"ImageObject","inLanguage":"es","@id":"https:\/\/secure.gravatar.com\/avatar\/669647b61c77f28f1aa51df04174a5ecb296e9988b4a93d2870666cd1f502cd7?s=96&d=mm&r=g","url":"https:\/\/secure.gravatar.com\/avatar\/669647b61c77f28f1aa51df04174a5ecb296e9988b4a93d2870666cd1f502cd7?s=96&d=mm&r=g","contentUrl":"https:\/\/secure.gravatar.com\/avatar\/669647b61c77f28f1aa51df04174a5ecb296e9988b4a93d2870666cd1f502cd7?s=96&d=mm&r=g","caption":"cmvsf2"}}]}},"_links":{"self":[{"href":"https:\/\/cmvsf2.org\/web\/wp-json\/wp\/v2\/posts\/5945","targetHints":{"allow":["GET"]}}],"collection":[{"href":"https:\/\/cmvsf2.org\/web\/wp-json\/wp\/v2\/posts"}],"about":[{"href":"https:\/\/cmvsf2.org\/web\/wp-json\/wp\/v2\/types\/post"}],"author":[{"embeddable":true,"href":"https:\/\/cmvsf2.org\/web\/wp-json\/wp\/v2\/users\/3"}],"replies":[{"embeddable":true,"href":"https:\/\/cmvsf2.org\/web\/wp-json\/wp\/v2\/comments?post=5945"}],"version-history":[{"count":0,"href":"https:\/\/cmvsf2.org\/web\/wp-json\/wp\/v2\/posts\/5945\/revisions"}],"wp:featuredmedia":[{"embeddable":true,"href":"https:\/\/cmvsf2.org\/web\/wp-json\/wp\/v2\/media\/5949"}],"wp:attachment":[{"href":"https:\/\/cmvsf2.org\/web\/wp-json\/wp\/v2\/media?parent=5945"}],"wp:term":[{"taxonomy":"category","embeddable":true,"href":"https:\/\/cmvsf2.org\/web\/wp-json\/wp\/v2\/categories?post=5945"},{"taxonomy":"post_tag","embeddable":true,"href":"https:\/\/cmvsf2.org\/web\/wp-json\/wp\/v2\/tags?post=5945"}],"curies":[{"name":"wp","href":"https:\/\/api.w.org\/{rel}","templated":true}]}}