{"id":5936,"date":"2019-08-07T08:23:29","date_gmt":"2019-08-07T08:23:29","guid":{"rendered":"http:\/\/sessionstudio.ar\/vet\/web\/?p=5936"},"modified":"2019-08-07T08:23:29","modified_gmt":"2019-08-07T08:23:29","slug":"convocatoria-reunion-por-reglamento-de-especialidades-del-cmvsf2","status":"publish","type":"post","link":"https:\/\/cmvsf2.org\/web\/2019\/08\/07\/convocatoria-reunion-por-reglamento-de-especialidades-del-cmvsf2\/","title":{"rendered":"Convocatoria: reuni\u00f3n por reglamento de especialidades del CMVSF2"},"content":{"rendered":"\n<p>Un grupo de colegas y miembros de la Mesa Directiva vienen trabajando en el an\u00e1lisis de la actual reglamentaci\u00f3n del Colegio sobre el tema <strong>\u00abespecialidades\u00bb<\/strong>. Convocamos a trav\u00e9s de la presente a los que quieran participar; la reuni\u00f3n ser\u00e1 el d\u00eda <strong>viernes 9 de agosto a las 12.30 horas<\/strong> en la sede del Colegio, Suipacha 347. Se enlaza en esta comunicaci\u00f3n el <strong><a href=\"https:\/\/cmvsf2.org\/web\/wp-content\/uploads\/2019\/08\/reglamento-especialidades-1.pdf\">Reglamento de Especialidades<\/a><\/strong> y el<a href=\"https:\/\/cmvsf2.org\/web\/wp-content\/uploads\/2019\/08\/especialidades-anexo-1.pdf\"> <\/a><strong><a href=\"https:\/\/cmvsf2.org\/web\/wp-content\/uploads\/2019\/08\/especialidades-anexo-1.pdf\">anexo de puntaje<\/a> <\/strong>que ser\u00e1n trabajados en el encuentro, por lo que se solicita sean le\u00eddos con anticipaci\u00f3n. <\/p>\n\n\n<p><\/p>\n","protected":false},"excerpt":{"rendered":"<p>Un grupo de colegas y miembros de la Mesa Directiva vienen trabajando en el an\u00e1lisis de la actual reglamentaci\u00f3n del Colegio sobre el tema \u00abespecialidades\u00bb. Convocamos a trav\u00e9s de la presente a los que quieran participar; la reuni\u00f3n ser\u00e1 el d\u00eda viernes 9 de agosto a las 12.30 horas en la sede del Colegio, Suipacha 347. Se enlaza en esta comunicaci\u00f3n el Reglamento de [&hellip;]<\/p>\n","protected":false},"author":3,"featured_media":5937,"comment_status":"open","ping_status":"open","sticky":false,"template":"","format":"standard","meta":{"_acf_changed":false,"footnotes":""},"categories":[1],"tags":[],"class_list":["post-5936","post","type-post","status-publish","format-standard","has-post-thumbnail","hentry","category-sin-categoria"],"acf":[],"yoast_head":"<!-- This site is optimized with the Yoast SEO plugin v28.2 - https:\/\/yoast.com\/product\/yoast-seo-wordpress\/ -->\n<title>Convocatoria: reuni\u00f3n por reglamento de especialidades del CMVSF2 - Colegio De Veterinarios De Santa Fe 2da. Circunscripci\u00f3n<\/title>\n<meta name=\"description\" content=\"Un grupo de colegas y miembros de la Mesa Directiva vienen trabajando en el an\u00e1lisis de la actual reglamentaci\u00f3n del Colegio sobre el tema\" \/>\n<meta name=\"robots\" content=\"index, follow, max-snippet:-1, max-image-preview:large, max-video-preview:-1\" \/>\n<link rel=\"canonical\" href=\"https:\/\/cmvsf2.org\/web\/2019\/08\/07\/convocatoria-reunion-por-reglamento-de-especialidades-del-cmvsf2\/\" \/>\n<meta property=\"og:locale\" content=\"es_ES\" \/>\n<meta property=\"og:type\" content=\"article\" \/>\n<meta property=\"og:title\" content=\"Convocatoria: reuni\u00f3n por reglamento de especialidades del CMVSF2 - Colegio De Veterinarios De Santa Fe 2da. Circunscripci\u00f3n\" \/>\n<meta property=\"og:description\" content=\"Un grupo de colegas y miembros de la Mesa Directiva vienen trabajando en el an\u00e1lisis de la actual reglamentaci\u00f3n del Colegio sobre el tema\" \/>\n<meta property=\"og:url\" content=\"https:\/\/cmvsf2.org\/web\/2019\/08\/07\/convocatoria-reunion-por-reglamento-de-especialidades-del-cmvsf2\/\" \/>\n<meta property=\"og:site_name\" content=\"Colegio De Veterinarios De Santa Fe 2da. Circunscripci\u00f3n\" \/>\n<meta property=\"article:published_time\" content=\"2019-08-07T08:23:29+00:00\" \/>\n<meta property=\"og:image\" content=\"https:\/\/cmvsf2.org\/web\/wp-content\/uploads\/2019\/08\/convocatoriaespecialidades-1.png\" \/>\n\t<meta property=\"og:image:width\" content=\"940\" \/>\n\t<meta property=\"og:image:height\" content=\"788\" \/>\n\t<meta property=\"og:image:type\" content=\"image\/png\" \/>\n<meta name=\"author\" content=\"cmvsf2\" \/>\n<meta name=\"twitter:card\" content=\"summary_large_image\" \/>\n<meta name=\"twitter:label1\" content=\"Escrito por\" \/>\n\t<meta name=\"twitter:data1\" content=\"cmvsf2\" \/>\n<script type=\"application\/ld+json\" class=\"yoast-schema-graph\">{\"@context\":\"https:\\\/\\\/schema.org\",\"@graph\":[{\"@type\":\"Article\",\"@id\":\"https:\\\/\\\/cmvsf2.org\\\/web\\\/2019\\\/08\\\/07\\\/convocatoria-reunion-por-reglamento-de-especialidades-del-cmvsf2\\\/#article\",\"isPartOf\":{\"@id\":\"https:\\\/\\\/cmvsf2.org\\\/web\\\/2019\\\/08\\\/07\\\/convocatoria-reunion-por-reglamento-de-especialidades-del-cmvsf2\\\/\"},\"author\":{\"name\":\"cmvsf2\",\"@id\":\"https:\\\/\\\/cmvsf2.org\\\/web\\\/#\\\/schema\\\/person\\\/46ea3630099a4a3df8d89f07cf5f7520\"},\"headline\":\"Convocatoria: reuni\u00f3n por reglamento de especialidades del CMVSF2\",\"datePublished\":\"2019-08-07T08:23:29+00:00\",\"mainEntityOfPage\":{\"@id\":\"https:\\\/\\\/cmvsf2.org\\\/web\\\/2019\\\/08\\\/07\\\/convocatoria-reunion-por-reglamento-de-especialidades-del-cmvsf2\\\/\"},\"wordCount\":100,\"commentCount\":0,\"publisher\":{\"@id\":\"https:\\\/\\\/cmvsf2.org\\\/web\\\/#organization\"},\"image\":{\"@id\":\"https:\\\/\\\/cmvsf2.org\\\/web\\\/2019\\\/08\\\/07\\\/convocatoria-reunion-por-reglamento-de-especialidades-del-cmvsf2\\\/#primaryimage\"},\"thumbnailUrl\":\"https:\\\/\\\/cmvsf2.org\\\/web\\\/wp-content\\\/uploads\\\/2019\\\/08\\\/convocatoriaespecialidades-1.png\",\"inLanguage\":\"es\"},{\"@type\":\"WebPage\",\"@id\":\"https:\\\/\\\/cmvsf2.org\\\/web\\\/2019\\\/08\\\/07\\\/convocatoria-reunion-por-reglamento-de-especialidades-del-cmvsf2\\\/\",\"url\":\"https:\\\/\\\/cmvsf2.org\\\/web\\\/2019\\\/08\\\/07\\\/convocatoria-reunion-por-reglamento-de-especialidades-del-cmvsf2\\\/\",\"name\":\"Convocatoria: reuni\u00f3n por reglamento de especialidades del CMVSF2 - Colegio De Veterinarios De Santa Fe 2da. Circunscripci\u00f3n\",\"isPartOf\":{\"@id\":\"https:\\\/\\\/cmvsf2.org\\\/web\\\/#website\"},\"primaryImageOfPage\":{\"@id\":\"https:\\\/\\\/cmvsf2.org\\\/web\\\/2019\\\/08\\\/07\\\/convocatoria-reunion-por-reglamento-de-especialidades-del-cmvsf2\\\/#primaryimage\"},\"image\":{\"@id\":\"https:\\\/\\\/cmvsf2.org\\\/web\\\/2019\\\/08\\\/07\\\/convocatoria-reunion-por-reglamento-de-especialidades-del-cmvsf2\\\/#primaryimage\"},\"thumbnailUrl\":\"https:\\\/\\\/cmvsf2.org\\\/web\\\/wp-content\\\/uploads\\\/2019\\\/08\\\/convocatoriaespecialidades-1.png\",\"datePublished\":\"2019-08-07T08:23:29+00:00\",\"description\":\"Un grupo de colegas y miembros de la Mesa Directiva vienen trabajando en el an\u00e1lisis de la actual reglamentaci\u00f3n del Colegio sobre el tema\",\"breadcrumb\":{\"@id\":\"https:\\\/\\\/cmvsf2.org\\\/web\\\/2019\\\/08\\\/07\\\/convocatoria-reunion-por-reglamento-de-especialidades-del-cmvsf2\\\/#breadcrumb\"},\"inLanguage\":\"es\",\"potentialAction\":[{\"@type\":\"ReadAction\",\"target\":[\"https:\\\/\\\/cmvsf2.org\\\/web\\\/2019\\\/08\\\/07\\\/convocatoria-reunion-por-reglamento-de-especialidades-del-cmvsf2\\\/\"]}]},{\"@type\":\"ImageObject\",\"inLanguage\":\"es\",\"@id\":\"https:\\\/\\\/cmvsf2.org\\\/web\\\/2019\\\/08\\\/07\\\/convocatoria-reunion-por-reglamento-de-especialidades-del-cmvsf2\\\/#primaryimage\",\"url\":\"https:\\\/\\\/cmvsf2.org\\\/web\\\/wp-content\\\/uploads\\\/2019\\\/08\\\/convocatoriaespecialidades-1.png\",\"contentUrl\":\"https:\\\/\\\/cmvsf2.org\\\/web\\\/wp-content\\\/uploads\\\/2019\\\/08\\\/convocatoriaespecialidades-1.png\",\"width\":940,\"height\":788},{\"@type\":\"BreadcrumbList\",\"@id\":\"https:\\\/\\\/cmvsf2.org\\\/web\\\/2019\\\/08\\\/07\\\/convocatoria-reunion-por-reglamento-de-especialidades-del-cmvsf2\\\/#breadcrumb\",\"itemListElement\":[{\"@type\":\"ListItem\",\"position\":1,\"name\":\"Portada\",\"item\":\"https:\\\/\\\/cmvsf2.org\\\/web\\\/\"},{\"@type\":\"ListItem\",\"position\":2,\"name\":\"Convocatoria: reuni\u00f3n por reglamento de especialidades del CMVSF2\"}]},{\"@type\":\"WebSite\",\"@id\":\"https:\\\/\\\/cmvsf2.org\\\/web\\\/#website\",\"url\":\"https:\\\/\\\/cmvsf2.org\\\/web\\\/\",\"name\":\"Colegio De Veterinarios De Santa Fe 2da. Circunscripci\u00f3n\",\"description\":\"Sitio institucional del Colegio de M\u00e9dicos Veterinario de Santa Fe 2da. Circunscripci\u00f3n\",\"publisher\":{\"@id\":\"https:\\\/\\\/cmvsf2.org\\\/web\\\/#organization\"},\"potentialAction\":[{\"@type\":\"SearchAction\",\"target\":{\"@type\":\"EntryPoint\",\"urlTemplate\":\"https:\\\/\\\/cmvsf2.org\\\/web\\\/?s={search_term_string}\"},\"query-input\":{\"@type\":\"PropertyValueSpecification\",\"valueRequired\":true,\"valueName\":\"search_term_string\"}}],\"inLanguage\":\"es\"},{\"@type\":\"Organization\",\"@id\":\"https:\\\/\\\/cmvsf2.org\\\/web\\\/#organization\",\"name\":\"Colegio De Veterinarios De Santa Fe 2da. Circunscripci\u00f3n\",\"url\":\"https:\\\/\\\/cmvsf2.org\\\/web\\\/\",\"logo\":{\"@type\":\"ImageObject\",\"inLanguage\":\"es\",\"@id\":\"https:\\\/\\\/cmvsf2.org\\\/web\\\/#\\\/schema\\\/logo\\\/image\\\/\",\"url\":\"http:\\\/\\\/cmvsf2.org\\\/web\\\/wp-content\\\/uploads\\\/2020\\\/03\\\/vector-logo-02.png\",\"contentUrl\":\"http:\\\/\\\/cmvsf2.org\\\/web\\\/wp-content\\\/uploads\\\/2020\\\/03\\\/vector-logo-02.png\",\"width\":2750,\"height\":642,\"caption\":\"Colegio De Veterinarios De Santa Fe 2da. Circunscripci\u00f3n\"},\"image\":{\"@id\":\"https:\\\/\\\/cmvsf2.org\\\/web\\\/#\\\/schema\\\/logo\\\/image\\\/\"}},{\"@type\":\"Person\",\"@id\":\"https:\\\/\\\/cmvsf2.org\\\/web\\\/#\\\/schema\\\/person\\\/46ea3630099a4a3df8d89f07cf5f7520\",\"name\":\"cmvsf2\",\"image\":{\"@type\":\"ImageObject\",\"inLanguage\":\"es\",\"@id\":\"https:\\\/\\\/secure.gravatar.com\\\/avatar\\\/669647b61c77f28f1aa51df04174a5ecb296e9988b4a93d2870666cd1f502cd7?s=96&d=mm&r=g\",\"url\":\"https:\\\/\\\/secure.gravatar.com\\\/avatar\\\/669647b61c77f28f1aa51df04174a5ecb296e9988b4a93d2870666cd1f502cd7?s=96&d=mm&r=g\",\"contentUrl\":\"https:\\\/\\\/secure.gravatar.com\\\/avatar\\\/669647b61c77f28f1aa51df04174a5ecb296e9988b4a93d2870666cd1f502cd7?s=96&d=mm&r=g\",\"caption\":\"cmvsf2\"}}]}<\/script>\n<!-- \/ Yoast SEO plugin. -->","yoast_head_json":{"title":"Convocatoria: reuni\u00f3n por reglamento de especialidades del CMVSF2 - Colegio De Veterinarios De Santa Fe 2da. Circunscripci\u00f3n","description":"Un grupo de colegas y miembros de la Mesa Directiva vienen trabajando en el an\u00e1lisis de la actual reglamentaci\u00f3n del Colegio sobre el tema","robots":{"index":"index","follow":"follow","max-snippet":"max-snippet:-1","max-image-preview":"max-image-preview:large","max-video-preview":"max-video-preview:-1"},"canonical":"https:\/\/cmvsf2.org\/web\/2019\/08\/07\/convocatoria-reunion-por-reglamento-de-especialidades-del-cmvsf2\/","og_locale":"es_ES","og_type":"article","og_title":"Convocatoria: reuni\u00f3n por reglamento de especialidades del CMVSF2 - Colegio De Veterinarios De Santa Fe 2da. Circunscripci\u00f3n","og_description":"Un grupo de colegas y miembros de la Mesa Directiva vienen trabajando en el an\u00e1lisis de la actual reglamentaci\u00f3n del Colegio sobre el tema","og_url":"https:\/\/cmvsf2.org\/web\/2019\/08\/07\/convocatoria-reunion-por-reglamento-de-especialidades-del-cmvsf2\/","og_site_name":"Colegio De Veterinarios De Santa Fe 2da. Circunscripci\u00f3n","article_published_time":"2019-08-07T08:23:29+00:00","og_image":[{"width":940,"height":788,"url":"https:\/\/cmvsf2.org\/web\/wp-content\/uploads\/2019\/08\/convocatoriaespecialidades-1.png","type":"image\/png"}],"author":"cmvsf2","twitter_card":"summary_large_image","twitter_misc":{"Escrito por":"cmvsf2"},"schema":{"@context":"https:\/\/schema.org","@graph":[{"@type":"Article","@id":"https:\/\/cmvsf2.org\/web\/2019\/08\/07\/convocatoria-reunion-por-reglamento-de-especialidades-del-cmvsf2\/#article","isPartOf":{"@id":"https:\/\/cmvsf2.org\/web\/2019\/08\/07\/convocatoria-reunion-por-reglamento-de-especialidades-del-cmvsf2\/"},"author":{"name":"cmvsf2","@id":"https:\/\/cmvsf2.org\/web\/#\/schema\/person\/46ea3630099a4a3df8d89f07cf5f7520"},"headline":"Convocatoria: reuni\u00f3n por reglamento de especialidades del CMVSF2","datePublished":"2019-08-07T08:23:29+00:00","mainEntityOfPage":{"@id":"https:\/\/cmvsf2.org\/web\/2019\/08\/07\/convocatoria-reunion-por-reglamento-de-especialidades-del-cmvsf2\/"},"wordCount":100,"commentCount":0,"publisher":{"@id":"https:\/\/cmvsf2.org\/web\/#organization"},"image":{"@id":"https:\/\/cmvsf2.org\/web\/2019\/08\/07\/convocatoria-reunion-por-reglamento-de-especialidades-del-cmvsf2\/#primaryimage"},"thumbnailUrl":"https:\/\/cmvsf2.org\/web\/wp-content\/uploads\/2019\/08\/convocatoriaespecialidades-1.png","inLanguage":"es"},{"@type":"WebPage","@id":"https:\/\/cmvsf2.org\/web\/2019\/08\/07\/convocatoria-reunion-por-reglamento-de-especialidades-del-cmvsf2\/","url":"https:\/\/cmvsf2.org\/web\/2019\/08\/07\/convocatoria-reunion-por-reglamento-de-especialidades-del-cmvsf2\/","name":"Convocatoria: reuni\u00f3n por reglamento de especialidades del CMVSF2 - Colegio De Veterinarios De Santa Fe 2da. Circunscripci\u00f3n","isPartOf":{"@id":"https:\/\/cmvsf2.org\/web\/#website"},"primaryImageOfPage":{"@id":"https:\/\/cmvsf2.org\/web\/2019\/08\/07\/convocatoria-reunion-por-reglamento-de-especialidades-del-cmvsf2\/#primaryimage"},"image":{"@id":"https:\/\/cmvsf2.org\/web\/2019\/08\/07\/convocatoria-reunion-por-reglamento-de-especialidades-del-cmvsf2\/#primaryimage"},"thumbnailUrl":"https:\/\/cmvsf2.org\/web\/wp-content\/uploads\/2019\/08\/convocatoriaespecialidades-1.png","datePublished":"2019-08-07T08:23:29+00:00","description":"Un grupo de colegas y miembros de la Mesa Directiva vienen trabajando en el an\u00e1lisis de la actual reglamentaci\u00f3n del Colegio sobre el tema","breadcrumb":{"@id":"https:\/\/cmvsf2.org\/web\/2019\/08\/07\/convocatoria-reunion-por-reglamento-de-especialidades-del-cmvsf2\/#breadcrumb"},"inLanguage":"es","potentialAction":[{"@type":"ReadAction","target":["https:\/\/cmvsf2.org\/web\/2019\/08\/07\/convocatoria-reunion-por-reglamento-de-especialidades-del-cmvsf2\/"]}]},{"@type":"ImageObject","inLanguage":"es","@id":"https:\/\/cmvsf2.org\/web\/2019\/08\/07\/convocatoria-reunion-por-reglamento-de-especialidades-del-cmvsf2\/#primaryimage","url":"https:\/\/cmvsf2.org\/web\/wp-content\/uploads\/2019\/08\/convocatoriaespecialidades-1.png","contentUrl":"https:\/\/cmvsf2.org\/web\/wp-content\/uploads\/2019\/08\/convocatoriaespecialidades-1.png","width":940,"height":788},{"@type":"BreadcrumbList","@id":"https:\/\/cmvsf2.org\/web\/2019\/08\/07\/convocatoria-reunion-por-reglamento-de-especialidades-del-cmvsf2\/#breadcrumb","itemListElement":[{"@type":"ListItem","position":1,"name":"Portada","item":"https:\/\/cmvsf2.org\/web\/"},{"@type":"ListItem","position":2,"name":"Convocatoria: reuni\u00f3n por reglamento de especialidades del CMVSF2"}]},{"@type":"WebSite","@id":"https:\/\/cmvsf2.org\/web\/#website","url":"https:\/\/cmvsf2.org\/web\/","name":"Colegio De Veterinarios De Santa Fe 2da. Circunscripci\u00f3n","description":"Sitio institucional del Colegio de M\u00e9dicos Veterinario de Santa Fe 2da. Circunscripci\u00f3n","publisher":{"@id":"https:\/\/cmvsf2.org\/web\/#organization"},"potentialAction":[{"@type":"SearchAction","target":{"@type":"EntryPoint","urlTemplate":"https:\/\/cmvsf2.org\/web\/?s={search_term_string}"},"query-input":{"@type":"PropertyValueSpecification","valueRequired":true,"valueName":"search_term_string"}}],"inLanguage":"es"},{"@type":"Organization","@id":"https:\/\/cmvsf2.org\/web\/#organization","name":"Colegio De Veterinarios De Santa Fe 2da. Circunscripci\u00f3n","url":"https:\/\/cmvsf2.org\/web\/","logo":{"@type":"ImageObject","inLanguage":"es","@id":"https:\/\/cmvsf2.org\/web\/#\/schema\/logo\/image\/","url":"http:\/\/cmvsf2.org\/web\/wp-content\/uploads\/2020\/03\/vector-logo-02.png","contentUrl":"http:\/\/cmvsf2.org\/web\/wp-content\/uploads\/2020\/03\/vector-logo-02.png","width":2750,"height":642,"caption":"Colegio De Veterinarios De Santa Fe 2da. Circunscripci\u00f3n"},"image":{"@id":"https:\/\/cmvsf2.org\/web\/#\/schema\/logo\/image\/"}},{"@type":"Person","@id":"https:\/\/cmvsf2.org\/web\/#\/schema\/person\/46ea3630099a4a3df8d89f07cf5f7520","name":"cmvsf2","image":{"@type":"ImageObject","inLanguage":"es","@id":"https:\/\/secure.gravatar.com\/avatar\/669647b61c77f28f1aa51df04174a5ecb296e9988b4a93d2870666cd1f502cd7?s=96&d=mm&r=g","url":"https:\/\/secure.gravatar.com\/avatar\/669647b61c77f28f1aa51df04174a5ecb296e9988b4a93d2870666cd1f502cd7?s=96&d=mm&r=g","contentUrl":"https:\/\/secure.gravatar.com\/avatar\/669647b61c77f28f1aa51df04174a5ecb296e9988b4a93d2870666cd1f502cd7?s=96&d=mm&r=g","caption":"cmvsf2"}}]}},"_links":{"self":[{"href":"https:\/\/cmvsf2.org\/web\/wp-json\/wp\/v2\/posts\/5936","targetHints":{"allow":["GET"]}}],"collection":[{"href":"https:\/\/cmvsf2.org\/web\/wp-json\/wp\/v2\/posts"}],"about":[{"href":"https:\/\/cmvsf2.org\/web\/wp-json\/wp\/v2\/types\/post"}],"author":[{"embeddable":true,"href":"https:\/\/cmvsf2.org\/web\/wp-json\/wp\/v2\/users\/3"}],"replies":[{"embeddable":true,"href":"https:\/\/cmvsf2.org\/web\/wp-json\/wp\/v2\/comments?post=5936"}],"version-history":[{"count":0,"href":"https:\/\/cmvsf2.org\/web\/wp-json\/wp\/v2\/posts\/5936\/revisions"}],"wp:featuredmedia":[{"embeddable":true,"href":"https:\/\/cmvsf2.org\/web\/wp-json\/wp\/v2\/media\/5937"}],"wp:attachment":[{"href":"https:\/\/cmvsf2.org\/web\/wp-json\/wp\/v2\/media?parent=5936"}],"wp:term":[{"taxonomy":"category","embeddable":true,"href":"https:\/\/cmvsf2.org\/web\/wp-json\/wp\/v2\/categories?post=5936"},{"taxonomy":"post_tag","embeddable":true,"href":"https:\/\/cmvsf2.org\/web\/wp-json\/wp\/v2\/tags?post=5936"}],"curies":[{"name":"wp","href":"https:\/\/api.w.org\/{rel}","templated":true}]}}