{"id":5906,"date":"2019-07-17T07:33:22","date_gmt":"2019-07-17T07:33:22","guid":{"rendered":"http:\/\/sessionstudio.ar\/vet\/web\/?p=5906"},"modified":"2019-07-17T07:33:22","modified_gmt":"2019-07-17T07:33:22","slug":"la-asociacion-argentina-de-buiatria-organiza-su-iii-jornadas","status":"publish","type":"post","link":"https:\/\/cmvsf2.org\/web\/2019\/07\/17\/la-asociacion-argentina-de-buiatria-organiza-su-iii-jornadas\/","title":{"rendered":"La Asociaci\u00f3n Argentina de Buiatr\u00eda organiza las III Jornadas"},"content":{"rendered":"\n<p>Las III Jornadas Nacionales de Buiatr\u00eda ser\u00e1n el 4 y 5 de octubre en la ciudad de Tandil. Adem\u00e1s, se realizar\u00e1 el primer Taller de Pr\u00e1ctica Hospitalaria en Rumiantes. <\/p>\n\n\n<p>El viernes 4 de octubre la acreditaci\u00f3n comenzar\u00e1 a las 8 horas, por la ma\u00f1ana le seguir\u00e1n las ponencias de la <em>Mesa de Leche<\/em> y por la tarde la <em>Mesa de Carne<\/em>. A partir de las 16.45, como cierre del primer d\u00eda, se convocar\u00e1 a <em>Mesas de Di\u00e1logo<\/em>. El s\u00e1bado 5 se destinar\u00e1 al <em>Taller de Pr\u00e1ctica Hospitalaria en Rumiantes, <\/em>de 9 a 13 horas. <\/p>\n\n\n<p>Inscripciones y consultas: buiatriatandil2019@gmail.com<\/p>\n\n\n<p><a href=\"https:\/\/cmvsf2.org\/web\/wp-content\/uploads\/2019\/07\/buiatria-2019-info-1.pdf\">M\u00e1s informaci\u00f3n <\/a><\/p>\n\n\n\n<p><\/p>\n","protected":false},"excerpt":{"rendered":"<p>Las III Jornadas Nacionales de Buiatr\u00eda ser\u00e1n el 4 y 5 de octubre en la ciudad de Tandil. Adem\u00e1s, se realizar\u00e1 el primer Taller de Pr\u00e1ctica Hospitalaria en Rumiantes. El viernes 4 de octubre la acreditaci\u00f3n comenzar\u00e1 a las 8 horas, por la ma\u00f1ana le seguir\u00e1n las ponencias de la Mesa de Leche y por la tarde la Mesa de Carne. A partir de [&hellip;]<\/p>\n","protected":false},"author":3,"featured_media":5911,"comment_status":"open","ping_status":"open","sticky":false,"template":"","format":"standard","meta":{"_acf_changed":false,"footnotes":""},"categories":[1],"tags":[],"class_list":["post-5906","post","type-post","status-publish","format-standard","has-post-thumbnail","hentry","category-sin-categoria"],"acf":[],"yoast_head":"<!-- This site is optimized with the Yoast SEO plugin v28.2 - https:\/\/yoast.com\/product\/yoast-seo-wordpress\/ -->\n<title>La Asociaci\u00f3n Argentina de Buiatr\u00eda organiza las III Jornadas - Colegio De Veterinarios De Santa Fe 2da. Circunscripci\u00f3n<\/title>\n<meta name=\"description\" content=\"Las III Jornadas Nacionales de Buiatr\u00eda ser\u00e1n el 4 y 5 de octubre en la ciudad de Tandil. Adem\u00e1s, se realizar\u00e1 el primer Taller de Pr\u00e1ctica Hospitalaria\" \/>\n<meta name=\"robots\" content=\"index, follow, max-snippet:-1, max-image-preview:large, max-video-preview:-1\" \/>\n<link rel=\"canonical\" href=\"https:\/\/cmvsf2.org\/web\/2019\/07\/17\/la-asociacion-argentina-de-buiatria-organiza-su-iii-jornadas\/\" \/>\n<meta property=\"og:locale\" content=\"es_ES\" \/>\n<meta property=\"og:type\" content=\"article\" \/>\n<meta property=\"og:title\" content=\"La Asociaci\u00f3n Argentina de Buiatr\u00eda organiza las III Jornadas - Colegio De Veterinarios De Santa Fe 2da. Circunscripci\u00f3n\" \/>\n<meta property=\"og:description\" content=\"Las III Jornadas Nacionales de Buiatr\u00eda ser\u00e1n el 4 y 5 de octubre en la ciudad de Tandil. Adem\u00e1s, se realizar\u00e1 el primer Taller de Pr\u00e1ctica Hospitalaria\" \/>\n<meta property=\"og:url\" content=\"https:\/\/cmvsf2.org\/web\/2019\/07\/17\/la-asociacion-argentina-de-buiatria-organiza-su-iii-jornadas\/\" \/>\n<meta property=\"og:site_name\" content=\"Colegio De Veterinarios De Santa Fe 2da. Circunscripci\u00f3n\" \/>\n<meta property=\"article:published_time\" content=\"2019-07-17T07:33:22+00:00\" \/>\n<meta property=\"og:image\" content=\"https:\/\/cmvsf2.org\/web\/wp-content\/uploads\/2019\/07\/buiatriaimagenentrada-1.png\" \/>\n\t<meta property=\"og:image:width\" content=\"436\" \/>\n\t<meta property=\"og:image:height\" content=\"392\" \/>\n\t<meta property=\"og:image:type\" content=\"image\/png\" \/>\n<meta name=\"author\" content=\"cmvsf2\" \/>\n<meta name=\"twitter:card\" content=\"summary_large_image\" \/>\n<meta name=\"twitter:label1\" content=\"Escrito por\" \/>\n\t<meta name=\"twitter:data1\" content=\"cmvsf2\" \/>\n\t<meta name=\"twitter:label2\" content=\"Tiempo de lectura\" \/>\n\t<meta name=\"twitter:data2\" content=\"1 minuto\" \/>\n<script type=\"application\/ld+json\" class=\"yoast-schema-graph\">{\"@context\":\"https:\\\/\\\/schema.org\",\"@graph\":[{\"@type\":\"Article\",\"@id\":\"https:\\\/\\\/cmvsf2.org\\\/web\\\/2019\\\/07\\\/17\\\/la-asociacion-argentina-de-buiatria-organiza-su-iii-jornadas\\\/#article\",\"isPartOf\":{\"@id\":\"https:\\\/\\\/cmvsf2.org\\\/web\\\/2019\\\/07\\\/17\\\/la-asociacion-argentina-de-buiatria-organiza-su-iii-jornadas\\\/\"},\"author\":{\"name\":\"cmvsf2\",\"@id\":\"https:\\\/\\\/cmvsf2.org\\\/web\\\/#\\\/schema\\\/person\\\/46ea3630099a4a3df8d89f07cf5f7520\"},\"headline\":\"La Asociaci\u00f3n Argentina de Buiatr\u00eda organiza las III Jornadas\",\"datePublished\":\"2019-07-17T07:33:22+00:00\",\"mainEntityOfPage\":{\"@id\":\"https:\\\/\\\/cmvsf2.org\\\/web\\\/2019\\\/07\\\/17\\\/la-asociacion-argentina-de-buiatria-organiza-su-iii-jornadas\\\/\"},\"wordCount\":118,\"commentCount\":0,\"publisher\":{\"@id\":\"https:\\\/\\\/cmvsf2.org\\\/web\\\/#organization\"},\"image\":{\"@id\":\"https:\\\/\\\/cmvsf2.org\\\/web\\\/2019\\\/07\\\/17\\\/la-asociacion-argentina-de-buiatria-organiza-su-iii-jornadas\\\/#primaryimage\"},\"thumbnailUrl\":\"https:\\\/\\\/cmvsf2.org\\\/web\\\/wp-content\\\/uploads\\\/2019\\\/07\\\/buiatriaimagenentrada-1.png\",\"inLanguage\":\"es\"},{\"@type\":\"WebPage\",\"@id\":\"https:\\\/\\\/cmvsf2.org\\\/web\\\/2019\\\/07\\\/17\\\/la-asociacion-argentina-de-buiatria-organiza-su-iii-jornadas\\\/\",\"url\":\"https:\\\/\\\/cmvsf2.org\\\/web\\\/2019\\\/07\\\/17\\\/la-asociacion-argentina-de-buiatria-organiza-su-iii-jornadas\\\/\",\"name\":\"La Asociaci\u00f3n Argentina de Buiatr\u00eda organiza las III Jornadas - Colegio De Veterinarios De Santa Fe 2da. Circunscripci\u00f3n\",\"isPartOf\":{\"@id\":\"https:\\\/\\\/cmvsf2.org\\\/web\\\/#website\"},\"primaryImageOfPage\":{\"@id\":\"https:\\\/\\\/cmvsf2.org\\\/web\\\/2019\\\/07\\\/17\\\/la-asociacion-argentina-de-buiatria-organiza-su-iii-jornadas\\\/#primaryimage\"},\"image\":{\"@id\":\"https:\\\/\\\/cmvsf2.org\\\/web\\\/2019\\\/07\\\/17\\\/la-asociacion-argentina-de-buiatria-organiza-su-iii-jornadas\\\/#primaryimage\"},\"thumbnailUrl\":\"https:\\\/\\\/cmvsf2.org\\\/web\\\/wp-content\\\/uploads\\\/2019\\\/07\\\/buiatriaimagenentrada-1.png\",\"datePublished\":\"2019-07-17T07:33:22+00:00\",\"description\":\"Las III Jornadas Nacionales de Buiatr\u00eda ser\u00e1n el 4 y 5 de octubre en la ciudad de Tandil. Adem\u00e1s, se realizar\u00e1 el primer Taller de Pr\u00e1ctica Hospitalaria\",\"breadcrumb\":{\"@id\":\"https:\\\/\\\/cmvsf2.org\\\/web\\\/2019\\\/07\\\/17\\\/la-asociacion-argentina-de-buiatria-organiza-su-iii-jornadas\\\/#breadcrumb\"},\"inLanguage\":\"es\",\"potentialAction\":[{\"@type\":\"ReadAction\",\"target\":[\"https:\\\/\\\/cmvsf2.org\\\/web\\\/2019\\\/07\\\/17\\\/la-asociacion-argentina-de-buiatria-organiza-su-iii-jornadas\\\/\"]}]},{\"@type\":\"ImageObject\",\"inLanguage\":\"es\",\"@id\":\"https:\\\/\\\/cmvsf2.org\\\/web\\\/2019\\\/07\\\/17\\\/la-asociacion-argentina-de-buiatria-organiza-su-iii-jornadas\\\/#primaryimage\",\"url\":\"https:\\\/\\\/cmvsf2.org\\\/web\\\/wp-content\\\/uploads\\\/2019\\\/07\\\/buiatriaimagenentrada-1.png\",\"contentUrl\":\"https:\\\/\\\/cmvsf2.org\\\/web\\\/wp-content\\\/uploads\\\/2019\\\/07\\\/buiatriaimagenentrada-1.png\",\"width\":436,\"height\":392},{\"@type\":\"BreadcrumbList\",\"@id\":\"https:\\\/\\\/cmvsf2.org\\\/web\\\/2019\\\/07\\\/17\\\/la-asociacion-argentina-de-buiatria-organiza-su-iii-jornadas\\\/#breadcrumb\",\"itemListElement\":[{\"@type\":\"ListItem\",\"position\":1,\"name\":\"Portada\",\"item\":\"https:\\\/\\\/cmvsf2.org\\\/web\\\/\"},{\"@type\":\"ListItem\",\"position\":2,\"name\":\"La Asociaci\u00f3n Argentina de Buiatr\u00eda organiza las III Jornadas\"}]},{\"@type\":\"WebSite\",\"@id\":\"https:\\\/\\\/cmvsf2.org\\\/web\\\/#website\",\"url\":\"https:\\\/\\\/cmvsf2.org\\\/web\\\/\",\"name\":\"Colegio De Veterinarios De Santa Fe 2da. Circunscripci\u00f3n\",\"description\":\"Sitio institucional del Colegio de M\u00e9dicos Veterinario de Santa Fe 2da. Circunscripci\u00f3n\",\"publisher\":{\"@id\":\"https:\\\/\\\/cmvsf2.org\\\/web\\\/#organization\"},\"potentialAction\":[{\"@type\":\"SearchAction\",\"target\":{\"@type\":\"EntryPoint\",\"urlTemplate\":\"https:\\\/\\\/cmvsf2.org\\\/web\\\/?s={search_term_string}\"},\"query-input\":{\"@type\":\"PropertyValueSpecification\",\"valueRequired\":true,\"valueName\":\"search_term_string\"}}],\"inLanguage\":\"es\"},{\"@type\":\"Organization\",\"@id\":\"https:\\\/\\\/cmvsf2.org\\\/web\\\/#organization\",\"name\":\"Colegio De Veterinarios De Santa Fe 2da. Circunscripci\u00f3n\",\"url\":\"https:\\\/\\\/cmvsf2.org\\\/web\\\/\",\"logo\":{\"@type\":\"ImageObject\",\"inLanguage\":\"es\",\"@id\":\"https:\\\/\\\/cmvsf2.org\\\/web\\\/#\\\/schema\\\/logo\\\/image\\\/\",\"url\":\"http:\\\/\\\/cmvsf2.org\\\/web\\\/wp-content\\\/uploads\\\/2020\\\/03\\\/vector-logo-02.png\",\"contentUrl\":\"http:\\\/\\\/cmvsf2.org\\\/web\\\/wp-content\\\/uploads\\\/2020\\\/03\\\/vector-logo-02.png\",\"width\":2750,\"height\":642,\"caption\":\"Colegio De Veterinarios De Santa Fe 2da. Circunscripci\u00f3n\"},\"image\":{\"@id\":\"https:\\\/\\\/cmvsf2.org\\\/web\\\/#\\\/schema\\\/logo\\\/image\\\/\"}},{\"@type\":\"Person\",\"@id\":\"https:\\\/\\\/cmvsf2.org\\\/web\\\/#\\\/schema\\\/person\\\/46ea3630099a4a3df8d89f07cf5f7520\",\"name\":\"cmvsf2\",\"image\":{\"@type\":\"ImageObject\",\"inLanguage\":\"es\",\"@id\":\"https:\\\/\\\/secure.gravatar.com\\\/avatar\\\/669647b61c77f28f1aa51df04174a5ecb296e9988b4a93d2870666cd1f502cd7?s=96&d=mm&r=g\",\"url\":\"https:\\\/\\\/secure.gravatar.com\\\/avatar\\\/669647b61c77f28f1aa51df04174a5ecb296e9988b4a93d2870666cd1f502cd7?s=96&d=mm&r=g\",\"contentUrl\":\"https:\\\/\\\/secure.gravatar.com\\\/avatar\\\/669647b61c77f28f1aa51df04174a5ecb296e9988b4a93d2870666cd1f502cd7?s=96&d=mm&r=g\",\"caption\":\"cmvsf2\"}}]}<\/script>\n<!-- \/ Yoast SEO plugin. -->","yoast_head_json":{"title":"La Asociaci\u00f3n Argentina de Buiatr\u00eda organiza las III Jornadas - Colegio De Veterinarios De Santa Fe 2da. Circunscripci\u00f3n","description":"Las III Jornadas Nacionales de Buiatr\u00eda ser\u00e1n el 4 y 5 de octubre en la ciudad de Tandil. Adem\u00e1s, se realizar\u00e1 el primer Taller de Pr\u00e1ctica Hospitalaria","robots":{"index":"index","follow":"follow","max-snippet":"max-snippet:-1","max-image-preview":"max-image-preview:large","max-video-preview":"max-video-preview:-1"},"canonical":"https:\/\/cmvsf2.org\/web\/2019\/07\/17\/la-asociacion-argentina-de-buiatria-organiza-su-iii-jornadas\/","og_locale":"es_ES","og_type":"article","og_title":"La Asociaci\u00f3n Argentina de Buiatr\u00eda organiza las III Jornadas - Colegio De Veterinarios De Santa Fe 2da. Circunscripci\u00f3n","og_description":"Las III Jornadas Nacionales de Buiatr\u00eda ser\u00e1n el 4 y 5 de octubre en la ciudad de Tandil. Adem\u00e1s, se realizar\u00e1 el primer Taller de Pr\u00e1ctica Hospitalaria","og_url":"https:\/\/cmvsf2.org\/web\/2019\/07\/17\/la-asociacion-argentina-de-buiatria-organiza-su-iii-jornadas\/","og_site_name":"Colegio De Veterinarios De Santa Fe 2da. Circunscripci\u00f3n","article_published_time":"2019-07-17T07:33:22+00:00","og_image":[{"width":436,"height":392,"url":"https:\/\/cmvsf2.org\/web\/wp-content\/uploads\/2019\/07\/buiatriaimagenentrada-1.png","type":"image\/png"}],"author":"cmvsf2","twitter_card":"summary_large_image","twitter_misc":{"Escrito por":"cmvsf2","Tiempo de lectura":"1 minuto"},"schema":{"@context":"https:\/\/schema.org","@graph":[{"@type":"Article","@id":"https:\/\/cmvsf2.org\/web\/2019\/07\/17\/la-asociacion-argentina-de-buiatria-organiza-su-iii-jornadas\/#article","isPartOf":{"@id":"https:\/\/cmvsf2.org\/web\/2019\/07\/17\/la-asociacion-argentina-de-buiatria-organiza-su-iii-jornadas\/"},"author":{"name":"cmvsf2","@id":"https:\/\/cmvsf2.org\/web\/#\/schema\/person\/46ea3630099a4a3df8d89f07cf5f7520"},"headline":"La Asociaci\u00f3n Argentina de Buiatr\u00eda organiza las III Jornadas","datePublished":"2019-07-17T07:33:22+00:00","mainEntityOfPage":{"@id":"https:\/\/cmvsf2.org\/web\/2019\/07\/17\/la-asociacion-argentina-de-buiatria-organiza-su-iii-jornadas\/"},"wordCount":118,"commentCount":0,"publisher":{"@id":"https:\/\/cmvsf2.org\/web\/#organization"},"image":{"@id":"https:\/\/cmvsf2.org\/web\/2019\/07\/17\/la-asociacion-argentina-de-buiatria-organiza-su-iii-jornadas\/#primaryimage"},"thumbnailUrl":"https:\/\/cmvsf2.org\/web\/wp-content\/uploads\/2019\/07\/buiatriaimagenentrada-1.png","inLanguage":"es"},{"@type":"WebPage","@id":"https:\/\/cmvsf2.org\/web\/2019\/07\/17\/la-asociacion-argentina-de-buiatria-organiza-su-iii-jornadas\/","url":"https:\/\/cmvsf2.org\/web\/2019\/07\/17\/la-asociacion-argentina-de-buiatria-organiza-su-iii-jornadas\/","name":"La Asociaci\u00f3n Argentina de Buiatr\u00eda organiza las III Jornadas - Colegio De Veterinarios De Santa Fe 2da. Circunscripci\u00f3n","isPartOf":{"@id":"https:\/\/cmvsf2.org\/web\/#website"},"primaryImageOfPage":{"@id":"https:\/\/cmvsf2.org\/web\/2019\/07\/17\/la-asociacion-argentina-de-buiatria-organiza-su-iii-jornadas\/#primaryimage"},"image":{"@id":"https:\/\/cmvsf2.org\/web\/2019\/07\/17\/la-asociacion-argentina-de-buiatria-organiza-su-iii-jornadas\/#primaryimage"},"thumbnailUrl":"https:\/\/cmvsf2.org\/web\/wp-content\/uploads\/2019\/07\/buiatriaimagenentrada-1.png","datePublished":"2019-07-17T07:33:22+00:00","description":"Las III Jornadas Nacionales de Buiatr\u00eda ser\u00e1n el 4 y 5 de octubre en la ciudad de Tandil. Adem\u00e1s, se realizar\u00e1 el primer Taller de Pr\u00e1ctica Hospitalaria","breadcrumb":{"@id":"https:\/\/cmvsf2.org\/web\/2019\/07\/17\/la-asociacion-argentina-de-buiatria-organiza-su-iii-jornadas\/#breadcrumb"},"inLanguage":"es","potentialAction":[{"@type":"ReadAction","target":["https:\/\/cmvsf2.org\/web\/2019\/07\/17\/la-asociacion-argentina-de-buiatria-organiza-su-iii-jornadas\/"]}]},{"@type":"ImageObject","inLanguage":"es","@id":"https:\/\/cmvsf2.org\/web\/2019\/07\/17\/la-asociacion-argentina-de-buiatria-organiza-su-iii-jornadas\/#primaryimage","url":"https:\/\/cmvsf2.org\/web\/wp-content\/uploads\/2019\/07\/buiatriaimagenentrada-1.png","contentUrl":"https:\/\/cmvsf2.org\/web\/wp-content\/uploads\/2019\/07\/buiatriaimagenentrada-1.png","width":436,"height":392},{"@type":"BreadcrumbList","@id":"https:\/\/cmvsf2.org\/web\/2019\/07\/17\/la-asociacion-argentina-de-buiatria-organiza-su-iii-jornadas\/#breadcrumb","itemListElement":[{"@type":"ListItem","position":1,"name":"Portada","item":"https:\/\/cmvsf2.org\/web\/"},{"@type":"ListItem","position":2,"name":"La Asociaci\u00f3n Argentina de Buiatr\u00eda organiza las III Jornadas"}]},{"@type":"WebSite","@id":"https:\/\/cmvsf2.org\/web\/#website","url":"https:\/\/cmvsf2.org\/web\/","name":"Colegio De Veterinarios De Santa Fe 2da. Circunscripci\u00f3n","description":"Sitio institucional del Colegio de M\u00e9dicos Veterinario de Santa Fe 2da. Circunscripci\u00f3n","publisher":{"@id":"https:\/\/cmvsf2.org\/web\/#organization"},"potentialAction":[{"@type":"SearchAction","target":{"@type":"EntryPoint","urlTemplate":"https:\/\/cmvsf2.org\/web\/?s={search_term_string}"},"query-input":{"@type":"PropertyValueSpecification","valueRequired":true,"valueName":"search_term_string"}}],"inLanguage":"es"},{"@type":"Organization","@id":"https:\/\/cmvsf2.org\/web\/#organization","name":"Colegio De Veterinarios De Santa Fe 2da. Circunscripci\u00f3n","url":"https:\/\/cmvsf2.org\/web\/","logo":{"@type":"ImageObject","inLanguage":"es","@id":"https:\/\/cmvsf2.org\/web\/#\/schema\/logo\/image\/","url":"http:\/\/cmvsf2.org\/web\/wp-content\/uploads\/2020\/03\/vector-logo-02.png","contentUrl":"http:\/\/cmvsf2.org\/web\/wp-content\/uploads\/2020\/03\/vector-logo-02.png","width":2750,"height":642,"caption":"Colegio De Veterinarios De Santa Fe 2da. Circunscripci\u00f3n"},"image":{"@id":"https:\/\/cmvsf2.org\/web\/#\/schema\/logo\/image\/"}},{"@type":"Person","@id":"https:\/\/cmvsf2.org\/web\/#\/schema\/person\/46ea3630099a4a3df8d89f07cf5f7520","name":"cmvsf2","image":{"@type":"ImageObject","inLanguage":"es","@id":"https:\/\/secure.gravatar.com\/avatar\/669647b61c77f28f1aa51df04174a5ecb296e9988b4a93d2870666cd1f502cd7?s=96&d=mm&r=g","url":"https:\/\/secure.gravatar.com\/avatar\/669647b61c77f28f1aa51df04174a5ecb296e9988b4a93d2870666cd1f502cd7?s=96&d=mm&r=g","contentUrl":"https:\/\/secure.gravatar.com\/avatar\/669647b61c77f28f1aa51df04174a5ecb296e9988b4a93d2870666cd1f502cd7?s=96&d=mm&r=g","caption":"cmvsf2"}}]}},"_links":{"self":[{"href":"https:\/\/cmvsf2.org\/web\/wp-json\/wp\/v2\/posts\/5906","targetHints":{"allow":["GET"]}}],"collection":[{"href":"https:\/\/cmvsf2.org\/web\/wp-json\/wp\/v2\/posts"}],"about":[{"href":"https:\/\/cmvsf2.org\/web\/wp-json\/wp\/v2\/types\/post"}],"author":[{"embeddable":true,"href":"https:\/\/cmvsf2.org\/web\/wp-json\/wp\/v2\/users\/3"}],"replies":[{"embeddable":true,"href":"https:\/\/cmvsf2.org\/web\/wp-json\/wp\/v2\/comments?post=5906"}],"version-history":[{"count":0,"href":"https:\/\/cmvsf2.org\/web\/wp-json\/wp\/v2\/posts\/5906\/revisions"}],"wp:featuredmedia":[{"embeddable":true,"href":"https:\/\/cmvsf2.org\/web\/wp-json\/wp\/v2\/media\/5911"}],"wp:attachment":[{"href":"https:\/\/cmvsf2.org\/web\/wp-json\/wp\/v2\/media?parent=5906"}],"wp:term":[{"taxonomy":"category","embeddable":true,"href":"https:\/\/cmvsf2.org\/web\/wp-json\/wp\/v2\/categories?post=5906"},{"taxonomy":"post_tag","embeddable":true,"href":"https:\/\/cmvsf2.org\/web\/wp-json\/wp\/v2\/tags?post=5906"}],"curies":[{"name":"wp","href":"https:\/\/api.w.org\/{rel}","templated":true}]}}