{"id":5887,"date":"2019-07-15T12:31:16","date_gmt":"2019-07-15T12:31:16","guid":{"rendered":"http:\/\/sessionstudio.ar\/vet\/web\/?p=5887"},"modified":"2019-07-15T12:31:16","modified_gmt":"2019-07-15T12:31:16","slug":"celebramos-el-dia-del-veterinario","status":"publish","type":"post","link":"https:\/\/cmvsf2.org\/web\/2019\/07\/15\/celebramos-el-dia-del-veterinario\/","title":{"rendered":"Celebramos el D\u00eda del Veterinario"},"content":{"rendered":"\n<p>El 6 de agosto es el D\u00eda del Veterinario, por lo que el domingo 4 de agosto nos encontramos a celebrar en el Club House de Tierra de Sue\u00f1os 2, a partir de las 11 hs. <\/p>\n\n\n<p> <strong>Valor de la tarjeta <\/strong><br \/> Adultos $1200<br \/> Menores de 12 a\u00f1os $600<br \/> Menores de 4 a\u00f1os $200<\/p>\n\n\n<p><strong>Consultar men\u00faes especiales<\/strong> (cel\u00edacos, vegetarianos, veganos, etc.)<\/p>\n\n\n<p>La tarjeta podr\u00e1 abonarse:<\/p>\n\n\n<ul class=\"wp-block-list\"><li>en el CMVSF2 personalmente<\/li><li>solicitando ser debitada de la cuenta personal del matriculado<\/li><li>en el evento a la Dra. Marisa Rojo<\/li><\/ul>\n\n\n<p>Para inscripciones o consultas, acercarse a Suipacha 347, llamar al 341 4399814 4376083 \/ 4375353 o escribir a tesoreria@cmvsf2.org \/ col.veterinariostafe2@gmail.com. <\/p>\n\n\n<p><strong><em>Ubicaci\u00f3n Google Maps<\/em><\/strong>: https:\/\/goo.gl\/maps\/R54KT5DhbFwf3Z778<br \/> \u00a1Los esperamos!<\/p>\n","protected":false},"excerpt":{"rendered":"<p>El 6 de agosto es el D\u00eda del Veterinario, por lo que el domingo 4 de agosto nos encontramos a celebrar en el Club House de Tierra de Sue\u00f1os 2, a partir de las 11 hs. Valor de la tarjeta Adultos $1200 Menores de 12 a\u00f1os $600 Menores de 4 a\u00f1os $200 Consultar men\u00faes especiales (cel\u00edacos, vegetarianos, veganos, etc.) La tarjeta podr\u00e1 abonarse: en [&hellip;]<\/p>\n","protected":false},"author":3,"featured_media":5888,"comment_status":"open","ping_status":"open","sticky":false,"template":"","format":"standard","meta":{"_acf_changed":false,"footnotes":""},"categories":[1],"tags":[],"class_list":["post-5887","post","type-post","status-publish","format-standard","has-post-thumbnail","hentry","category-sin-categoria"],"acf":[],"yoast_head":"<!-- This site is optimized with the Yoast SEO plugin v28.2 - https:\/\/yoast.com\/product\/yoast-seo-wordpress\/ -->\n<title>Celebramos el D\u00eda del Veterinario - Colegio De Veterinarios De Santa Fe 2da. Circunscripci\u00f3n<\/title>\n<meta name=\"description\" content=\"El 6 de agosto es el D\u00eda del Veterinario, por lo que el domingo 4 de agosto nos encontramos a celebrar en el Club House de Tierra de Sue\u00f1os 2, a partir de\" \/>\n<meta name=\"robots\" content=\"index, follow, max-snippet:-1, max-image-preview:large, max-video-preview:-1\" \/>\n<link rel=\"canonical\" href=\"https:\/\/cmvsf2.org\/web\/2019\/07\/15\/celebramos-el-dia-del-veterinario\/\" \/>\n<meta property=\"og:locale\" content=\"es_ES\" \/>\n<meta property=\"og:type\" content=\"article\" \/>\n<meta property=\"og:title\" content=\"Celebramos el D\u00eda del Veterinario - Colegio De Veterinarios De Santa Fe 2da. Circunscripci\u00f3n\" \/>\n<meta property=\"og:description\" content=\"El 6 de agosto es el D\u00eda del Veterinario, por lo que el domingo 4 de agosto nos encontramos a celebrar en el Club House de Tierra de Sue\u00f1os 2, a partir de\" \/>\n<meta property=\"og:url\" content=\"https:\/\/cmvsf2.org\/web\/2019\/07\/15\/celebramos-el-dia-del-veterinario\/\" \/>\n<meta property=\"og:site_name\" content=\"Colegio De Veterinarios De Santa Fe 2da. Circunscripci\u00f3n\" \/>\n<meta property=\"article:published_time\" content=\"2019-07-15T12:31:16+00:00\" \/>\n<meta property=\"og:image\" content=\"https:\/\/cmvsf2.org\/web\/wp-content\/uploads\/2019\/07\/bodas-de-oro-y-plata-2019-matriculados-colegio-del-cmvsf2-1.png\" \/>\n\t<meta property=\"og:image:width\" content=\"940\" \/>\n\t<meta property=\"og:image:height\" content=\"788\" \/>\n\t<meta property=\"og:image:type\" content=\"image\/png\" \/>\n<meta name=\"author\" content=\"cmvsf2\" \/>\n<meta name=\"twitter:card\" content=\"summary_large_image\" \/>\n<meta name=\"twitter:label1\" content=\"Escrito por\" \/>\n\t<meta name=\"twitter:data1\" content=\"cmvsf2\" \/>\n\t<meta name=\"twitter:label2\" content=\"Tiempo de lectura\" \/>\n\t<meta name=\"twitter:data2\" content=\"1 minuto\" \/>\n<script type=\"application\/ld+json\" class=\"yoast-schema-graph\">{\"@context\":\"https:\\\/\\\/schema.org\",\"@graph\":[{\"@type\":\"Article\",\"@id\":\"https:\\\/\\\/cmvsf2.org\\\/web\\\/2019\\\/07\\\/15\\\/celebramos-el-dia-del-veterinario\\\/#article\",\"isPartOf\":{\"@id\":\"https:\\\/\\\/cmvsf2.org\\\/web\\\/2019\\\/07\\\/15\\\/celebramos-el-dia-del-veterinario\\\/\"},\"author\":{\"name\":\"cmvsf2\",\"@id\":\"https:\\\/\\\/cmvsf2.org\\\/web\\\/#\\\/schema\\\/person\\\/46ea3630099a4a3df8d89f07cf5f7520\"},\"headline\":\"Celebramos el D\u00eda del Veterinario\",\"datePublished\":\"2019-07-15T12:31:16+00:00\",\"mainEntityOfPage\":{\"@id\":\"https:\\\/\\\/cmvsf2.org\\\/web\\\/2019\\\/07\\\/15\\\/celebramos-el-dia-del-veterinario\\\/\"},\"wordCount\":120,\"commentCount\":0,\"publisher\":{\"@id\":\"https:\\\/\\\/cmvsf2.org\\\/web\\\/#organization\"},\"image\":{\"@id\":\"https:\\\/\\\/cmvsf2.org\\\/web\\\/2019\\\/07\\\/15\\\/celebramos-el-dia-del-veterinario\\\/#primaryimage\"},\"thumbnailUrl\":\"https:\\\/\\\/cmvsf2.org\\\/web\\\/wp-content\\\/uploads\\\/2019\\\/07\\\/bodas-de-oro-y-plata-2019-matriculados-colegio-del-cmvsf2-1.png\",\"inLanguage\":\"es\"},{\"@type\":\"WebPage\",\"@id\":\"https:\\\/\\\/cmvsf2.org\\\/web\\\/2019\\\/07\\\/15\\\/celebramos-el-dia-del-veterinario\\\/\",\"url\":\"https:\\\/\\\/cmvsf2.org\\\/web\\\/2019\\\/07\\\/15\\\/celebramos-el-dia-del-veterinario\\\/\",\"name\":\"Celebramos el D\u00eda del Veterinario - Colegio De Veterinarios De Santa Fe 2da. Circunscripci\u00f3n\",\"isPartOf\":{\"@id\":\"https:\\\/\\\/cmvsf2.org\\\/web\\\/#website\"},\"primaryImageOfPage\":{\"@id\":\"https:\\\/\\\/cmvsf2.org\\\/web\\\/2019\\\/07\\\/15\\\/celebramos-el-dia-del-veterinario\\\/#primaryimage\"},\"image\":{\"@id\":\"https:\\\/\\\/cmvsf2.org\\\/web\\\/2019\\\/07\\\/15\\\/celebramos-el-dia-del-veterinario\\\/#primaryimage\"},\"thumbnailUrl\":\"https:\\\/\\\/cmvsf2.org\\\/web\\\/wp-content\\\/uploads\\\/2019\\\/07\\\/bodas-de-oro-y-plata-2019-matriculados-colegio-del-cmvsf2-1.png\",\"datePublished\":\"2019-07-15T12:31:16+00:00\",\"description\":\"El 6 de agosto es el D\u00eda del Veterinario, por lo que el domingo 4 de agosto nos encontramos a celebrar en el Club House de Tierra de Sue\u00f1os 2, a partir de\",\"breadcrumb\":{\"@id\":\"https:\\\/\\\/cmvsf2.org\\\/web\\\/2019\\\/07\\\/15\\\/celebramos-el-dia-del-veterinario\\\/#breadcrumb\"},\"inLanguage\":\"es\",\"potentialAction\":[{\"@type\":\"ReadAction\",\"target\":[\"https:\\\/\\\/cmvsf2.org\\\/web\\\/2019\\\/07\\\/15\\\/celebramos-el-dia-del-veterinario\\\/\"]}]},{\"@type\":\"ImageObject\",\"inLanguage\":\"es\",\"@id\":\"https:\\\/\\\/cmvsf2.org\\\/web\\\/2019\\\/07\\\/15\\\/celebramos-el-dia-del-veterinario\\\/#primaryimage\",\"url\":\"https:\\\/\\\/cmvsf2.org\\\/web\\\/wp-content\\\/uploads\\\/2019\\\/07\\\/bodas-de-oro-y-plata-2019-matriculados-colegio-del-cmvsf2-1.png\",\"contentUrl\":\"https:\\\/\\\/cmvsf2.org\\\/web\\\/wp-content\\\/uploads\\\/2019\\\/07\\\/bodas-de-oro-y-plata-2019-matriculados-colegio-del-cmvsf2-1.png\",\"width\":940,\"height\":788},{\"@type\":\"BreadcrumbList\",\"@id\":\"https:\\\/\\\/cmvsf2.org\\\/web\\\/2019\\\/07\\\/15\\\/celebramos-el-dia-del-veterinario\\\/#breadcrumb\",\"itemListElement\":[{\"@type\":\"ListItem\",\"position\":1,\"name\":\"Portada\",\"item\":\"https:\\\/\\\/cmvsf2.org\\\/web\\\/\"},{\"@type\":\"ListItem\",\"position\":2,\"name\":\"Celebramos el D\u00eda del Veterinario\"}]},{\"@type\":\"WebSite\",\"@id\":\"https:\\\/\\\/cmvsf2.org\\\/web\\\/#website\",\"url\":\"https:\\\/\\\/cmvsf2.org\\\/web\\\/\",\"name\":\"Colegio De Veterinarios De Santa Fe 2da. Circunscripci\u00f3n\",\"description\":\"Sitio institucional del Colegio de M\u00e9dicos Veterinario de Santa Fe 2da. Circunscripci\u00f3n\",\"publisher\":{\"@id\":\"https:\\\/\\\/cmvsf2.org\\\/web\\\/#organization\"},\"potentialAction\":[{\"@type\":\"SearchAction\",\"target\":{\"@type\":\"EntryPoint\",\"urlTemplate\":\"https:\\\/\\\/cmvsf2.org\\\/web\\\/?s={search_term_string}\"},\"query-input\":{\"@type\":\"PropertyValueSpecification\",\"valueRequired\":true,\"valueName\":\"search_term_string\"}}],\"inLanguage\":\"es\"},{\"@type\":\"Organization\",\"@id\":\"https:\\\/\\\/cmvsf2.org\\\/web\\\/#organization\",\"name\":\"Colegio De Veterinarios De Santa Fe 2da. Circunscripci\u00f3n\",\"url\":\"https:\\\/\\\/cmvsf2.org\\\/web\\\/\",\"logo\":{\"@type\":\"ImageObject\",\"inLanguage\":\"es\",\"@id\":\"https:\\\/\\\/cmvsf2.org\\\/web\\\/#\\\/schema\\\/logo\\\/image\\\/\",\"url\":\"http:\\\/\\\/cmvsf2.org\\\/web\\\/wp-content\\\/uploads\\\/2020\\\/03\\\/vector-logo-02.png\",\"contentUrl\":\"http:\\\/\\\/cmvsf2.org\\\/web\\\/wp-content\\\/uploads\\\/2020\\\/03\\\/vector-logo-02.png\",\"width\":2750,\"height\":642,\"caption\":\"Colegio De Veterinarios De Santa Fe 2da. Circunscripci\u00f3n\"},\"image\":{\"@id\":\"https:\\\/\\\/cmvsf2.org\\\/web\\\/#\\\/schema\\\/logo\\\/image\\\/\"}},{\"@type\":\"Person\",\"@id\":\"https:\\\/\\\/cmvsf2.org\\\/web\\\/#\\\/schema\\\/person\\\/46ea3630099a4a3df8d89f07cf5f7520\",\"name\":\"cmvsf2\",\"image\":{\"@type\":\"ImageObject\",\"inLanguage\":\"es\",\"@id\":\"https:\\\/\\\/secure.gravatar.com\\\/avatar\\\/669647b61c77f28f1aa51df04174a5ecb296e9988b4a93d2870666cd1f502cd7?s=96&d=mm&r=g\",\"url\":\"https:\\\/\\\/secure.gravatar.com\\\/avatar\\\/669647b61c77f28f1aa51df04174a5ecb296e9988b4a93d2870666cd1f502cd7?s=96&d=mm&r=g\",\"contentUrl\":\"https:\\\/\\\/secure.gravatar.com\\\/avatar\\\/669647b61c77f28f1aa51df04174a5ecb296e9988b4a93d2870666cd1f502cd7?s=96&d=mm&r=g\",\"caption\":\"cmvsf2\"}}]}<\/script>\n<!-- \/ Yoast SEO plugin. -->","yoast_head_json":{"title":"Celebramos el D\u00eda del Veterinario - Colegio De Veterinarios De Santa Fe 2da. Circunscripci\u00f3n","description":"El 6 de agosto es el D\u00eda del Veterinario, por lo que el domingo 4 de agosto nos encontramos a celebrar en el Club House de Tierra de Sue\u00f1os 2, a partir de","robots":{"index":"index","follow":"follow","max-snippet":"max-snippet:-1","max-image-preview":"max-image-preview:large","max-video-preview":"max-video-preview:-1"},"canonical":"https:\/\/cmvsf2.org\/web\/2019\/07\/15\/celebramos-el-dia-del-veterinario\/","og_locale":"es_ES","og_type":"article","og_title":"Celebramos el D\u00eda del Veterinario - Colegio De Veterinarios De Santa Fe 2da. Circunscripci\u00f3n","og_description":"El 6 de agosto es el D\u00eda del Veterinario, por lo que el domingo 4 de agosto nos encontramos a celebrar en el Club House de Tierra de Sue\u00f1os 2, a partir de","og_url":"https:\/\/cmvsf2.org\/web\/2019\/07\/15\/celebramos-el-dia-del-veterinario\/","og_site_name":"Colegio De Veterinarios De Santa Fe 2da. Circunscripci\u00f3n","article_published_time":"2019-07-15T12:31:16+00:00","og_image":[{"width":940,"height":788,"url":"https:\/\/cmvsf2.org\/web\/wp-content\/uploads\/2019\/07\/bodas-de-oro-y-plata-2019-matriculados-colegio-del-cmvsf2-1.png","type":"image\/png"}],"author":"cmvsf2","twitter_card":"summary_large_image","twitter_misc":{"Escrito por":"cmvsf2","Tiempo de lectura":"1 minuto"},"schema":{"@context":"https:\/\/schema.org","@graph":[{"@type":"Article","@id":"https:\/\/cmvsf2.org\/web\/2019\/07\/15\/celebramos-el-dia-del-veterinario\/#article","isPartOf":{"@id":"https:\/\/cmvsf2.org\/web\/2019\/07\/15\/celebramos-el-dia-del-veterinario\/"},"author":{"name":"cmvsf2","@id":"https:\/\/cmvsf2.org\/web\/#\/schema\/person\/46ea3630099a4a3df8d89f07cf5f7520"},"headline":"Celebramos el D\u00eda del Veterinario","datePublished":"2019-07-15T12:31:16+00:00","mainEntityOfPage":{"@id":"https:\/\/cmvsf2.org\/web\/2019\/07\/15\/celebramos-el-dia-del-veterinario\/"},"wordCount":120,"commentCount":0,"publisher":{"@id":"https:\/\/cmvsf2.org\/web\/#organization"},"image":{"@id":"https:\/\/cmvsf2.org\/web\/2019\/07\/15\/celebramos-el-dia-del-veterinario\/#primaryimage"},"thumbnailUrl":"https:\/\/cmvsf2.org\/web\/wp-content\/uploads\/2019\/07\/bodas-de-oro-y-plata-2019-matriculados-colegio-del-cmvsf2-1.png","inLanguage":"es"},{"@type":"WebPage","@id":"https:\/\/cmvsf2.org\/web\/2019\/07\/15\/celebramos-el-dia-del-veterinario\/","url":"https:\/\/cmvsf2.org\/web\/2019\/07\/15\/celebramos-el-dia-del-veterinario\/","name":"Celebramos el D\u00eda del Veterinario - Colegio De Veterinarios De Santa Fe 2da. Circunscripci\u00f3n","isPartOf":{"@id":"https:\/\/cmvsf2.org\/web\/#website"},"primaryImageOfPage":{"@id":"https:\/\/cmvsf2.org\/web\/2019\/07\/15\/celebramos-el-dia-del-veterinario\/#primaryimage"},"image":{"@id":"https:\/\/cmvsf2.org\/web\/2019\/07\/15\/celebramos-el-dia-del-veterinario\/#primaryimage"},"thumbnailUrl":"https:\/\/cmvsf2.org\/web\/wp-content\/uploads\/2019\/07\/bodas-de-oro-y-plata-2019-matriculados-colegio-del-cmvsf2-1.png","datePublished":"2019-07-15T12:31:16+00:00","description":"El 6 de agosto es el D\u00eda del Veterinario, por lo que el domingo 4 de agosto nos encontramos a celebrar en el Club House de Tierra de Sue\u00f1os 2, a partir de","breadcrumb":{"@id":"https:\/\/cmvsf2.org\/web\/2019\/07\/15\/celebramos-el-dia-del-veterinario\/#breadcrumb"},"inLanguage":"es","potentialAction":[{"@type":"ReadAction","target":["https:\/\/cmvsf2.org\/web\/2019\/07\/15\/celebramos-el-dia-del-veterinario\/"]}]},{"@type":"ImageObject","inLanguage":"es","@id":"https:\/\/cmvsf2.org\/web\/2019\/07\/15\/celebramos-el-dia-del-veterinario\/#primaryimage","url":"https:\/\/cmvsf2.org\/web\/wp-content\/uploads\/2019\/07\/bodas-de-oro-y-plata-2019-matriculados-colegio-del-cmvsf2-1.png","contentUrl":"https:\/\/cmvsf2.org\/web\/wp-content\/uploads\/2019\/07\/bodas-de-oro-y-plata-2019-matriculados-colegio-del-cmvsf2-1.png","width":940,"height":788},{"@type":"BreadcrumbList","@id":"https:\/\/cmvsf2.org\/web\/2019\/07\/15\/celebramos-el-dia-del-veterinario\/#breadcrumb","itemListElement":[{"@type":"ListItem","position":1,"name":"Portada","item":"https:\/\/cmvsf2.org\/web\/"},{"@type":"ListItem","position":2,"name":"Celebramos el D\u00eda del Veterinario"}]},{"@type":"WebSite","@id":"https:\/\/cmvsf2.org\/web\/#website","url":"https:\/\/cmvsf2.org\/web\/","name":"Colegio De Veterinarios De Santa Fe 2da. Circunscripci\u00f3n","description":"Sitio institucional del Colegio de M\u00e9dicos Veterinario de Santa Fe 2da. Circunscripci\u00f3n","publisher":{"@id":"https:\/\/cmvsf2.org\/web\/#organization"},"potentialAction":[{"@type":"SearchAction","target":{"@type":"EntryPoint","urlTemplate":"https:\/\/cmvsf2.org\/web\/?s={search_term_string}"},"query-input":{"@type":"PropertyValueSpecification","valueRequired":true,"valueName":"search_term_string"}}],"inLanguage":"es"},{"@type":"Organization","@id":"https:\/\/cmvsf2.org\/web\/#organization","name":"Colegio De Veterinarios De Santa Fe 2da. Circunscripci\u00f3n","url":"https:\/\/cmvsf2.org\/web\/","logo":{"@type":"ImageObject","inLanguage":"es","@id":"https:\/\/cmvsf2.org\/web\/#\/schema\/logo\/image\/","url":"http:\/\/cmvsf2.org\/web\/wp-content\/uploads\/2020\/03\/vector-logo-02.png","contentUrl":"http:\/\/cmvsf2.org\/web\/wp-content\/uploads\/2020\/03\/vector-logo-02.png","width":2750,"height":642,"caption":"Colegio De Veterinarios De Santa Fe 2da. Circunscripci\u00f3n"},"image":{"@id":"https:\/\/cmvsf2.org\/web\/#\/schema\/logo\/image\/"}},{"@type":"Person","@id":"https:\/\/cmvsf2.org\/web\/#\/schema\/person\/46ea3630099a4a3df8d89f07cf5f7520","name":"cmvsf2","image":{"@type":"ImageObject","inLanguage":"es","@id":"https:\/\/secure.gravatar.com\/avatar\/669647b61c77f28f1aa51df04174a5ecb296e9988b4a93d2870666cd1f502cd7?s=96&d=mm&r=g","url":"https:\/\/secure.gravatar.com\/avatar\/669647b61c77f28f1aa51df04174a5ecb296e9988b4a93d2870666cd1f502cd7?s=96&d=mm&r=g","contentUrl":"https:\/\/secure.gravatar.com\/avatar\/669647b61c77f28f1aa51df04174a5ecb296e9988b4a93d2870666cd1f502cd7?s=96&d=mm&r=g","caption":"cmvsf2"}}]}},"_links":{"self":[{"href":"https:\/\/cmvsf2.org\/web\/wp-json\/wp\/v2\/posts\/5887","targetHints":{"allow":["GET"]}}],"collection":[{"href":"https:\/\/cmvsf2.org\/web\/wp-json\/wp\/v2\/posts"}],"about":[{"href":"https:\/\/cmvsf2.org\/web\/wp-json\/wp\/v2\/types\/post"}],"author":[{"embeddable":true,"href":"https:\/\/cmvsf2.org\/web\/wp-json\/wp\/v2\/users\/3"}],"replies":[{"embeddable":true,"href":"https:\/\/cmvsf2.org\/web\/wp-json\/wp\/v2\/comments?post=5887"}],"version-history":[{"count":0,"href":"https:\/\/cmvsf2.org\/web\/wp-json\/wp\/v2\/posts\/5887\/revisions"}],"wp:featuredmedia":[{"embeddable":true,"href":"https:\/\/cmvsf2.org\/web\/wp-json\/wp\/v2\/media\/5888"}],"wp:attachment":[{"href":"https:\/\/cmvsf2.org\/web\/wp-json\/wp\/v2\/media?parent=5887"}],"wp:term":[{"taxonomy":"category","embeddable":true,"href":"https:\/\/cmvsf2.org\/web\/wp-json\/wp\/v2\/categories?post=5887"},{"taxonomy":"post_tag","embeddable":true,"href":"https:\/\/cmvsf2.org\/web\/wp-json\/wp\/v2\/tags?post=5887"}],"curies":[{"name":"wp","href":"https:\/\/api.w.org\/{rel}","templated":true}]}}