{"id":5851,"date":"2019-07-11T21:14:29","date_gmt":"2019-07-11T21:14:29","guid":{"rendered":"http:\/\/sessionstudio.ar\/vet\/web\/?p=5851"},"modified":"2019-07-11T21:14:29","modified_gmt":"2019-07-11T21:14:29","slug":"el-cmvsf2-se-solidariza-con-las-victimas-de-violencia-de-genero","status":"publish","type":"post","link":"https:\/\/cmvsf2.org\/web\/2019\/07\/11\/el-cmvsf2-se-solidariza-con-las-victimas-de-violencia-de-genero\/","title":{"rendered":"El CMVSF2 se solidariza con las v\u00edctimas de violencia de g\u00e9nero"},"content":{"rendered":"\n<p><br \/><\/p>\n\n\n<p>Ante los hechos relacionados al identikit difundido por distintos medios masivos de comunicaci\u00f3n y redes sociales, producto de los ataques hacia distintas v\u00edctimas mujeres en la ciudad de Rosario, el Colegio de M\u00e9dicos Veterinarios de la Pcia. de Santa Fe 2\u00b0 Circunscripci\u00f3n se solidariza con las mismas. Acompa\u00f1a la difusi\u00f3n de estos casos de violencia para colaborar con la b\u00fasqueda de justicia y la lucha de todas las mujeres. Adem\u00e1s, se suma a la difusi\u00f3n de la l\u00ednea 144 para denunciar cualquier situaci\u00f3n de abuso o violencia de g\u00e9nero. <br \/><br \/><\/p>\n\n\n<figure class=\"wp-block-image is-resized\"><img loading=\"lazy\" decoding=\"async\" src=\"https:\/\/cmvsf2.org\/web\/wp-content\/uploads\/2019\/07\/victimasviolenciacmvsf2-1-1-1024x1024.png\" alt=\"\" class=\"wp-image-5857\" width=\"400\" height=\"400\" srcset=\"https:\/\/cmvsf2.org\/web\/wp-content\/uploads\/2019\/07\/victimasviolenciacmvsf2-1-1-1024x1024.png 1024w, https:\/\/cmvsf2.org\/web\/wp-content\/uploads\/2019\/07\/victimasviolenciacmvsf2-1-1-300x300.png 300w, https:\/\/cmvsf2.org\/web\/wp-content\/uploads\/2019\/07\/victimasviolenciacmvsf2-1-1-150x150.png 150w, https:\/\/cmvsf2.org\/web\/wp-content\/uploads\/2019\/07\/victimasviolenciacmvsf2-1-1-768x768.png 768w, https:\/\/cmvsf2.org\/web\/wp-content\/uploads\/2019\/07\/victimasviolenciacmvsf2-1-1.png 1080w\" sizes=\"auto, (max-width: 400px) 100vw, 400px\" \/><\/figure>\n\n\n<p><br \/><\/p>\n","protected":false},"excerpt":{"rendered":"<p>Ante los hechos relacionados al identikit difundido por distintos medios masivos de comunicaci\u00f3n y redes sociales, producto de los ataques hacia distintas v\u00edctimas mujeres en la ciudad de Rosario, el Colegio de M\u00e9dicos Veterinarios de la Pcia. de Santa Fe 2\u00b0 Circunscripci\u00f3n se solidariza con las mismas. Acompa\u00f1a la difusi\u00f3n de estos casos de violencia para colaborar con la b\u00fasqueda de justicia y la [&hellip;]<\/p>\n","protected":false},"author":3,"featured_media":5859,"comment_status":"open","ping_status":"open","sticky":false,"template":"","format":"standard","meta":{"_acf_changed":false,"footnotes":""},"categories":[1],"tags":[],"class_list":["post-5851","post","type-post","status-publish","format-standard","has-post-thumbnail","hentry","category-sin-categoria"],"acf":[],"yoast_head":"<!-- This site is optimized with the Yoast SEO plugin v28.2 - https:\/\/yoast.com\/product\/yoast-seo-wordpress\/ -->\n<title>El CMVSF2 se solidariza con las v\u00edctimas de violencia de g\u00e9nero - Colegio De Veterinarios De Santa Fe 2da. Circunscripci\u00f3n<\/title>\n<meta name=\"description\" content=\"Ante los hechos relacionados al identikit difundido por distintos medios masivos de comunicaci\u00f3n y redes sociales, producto de los ataques hacia distintas\" \/>\n<meta name=\"robots\" content=\"index, follow, max-snippet:-1, max-image-preview:large, max-video-preview:-1\" \/>\n<link rel=\"canonical\" href=\"https:\/\/cmvsf2.org\/web\/2019\/07\/11\/el-cmvsf2-se-solidariza-con-las-victimas-de-violencia-de-genero\/\" \/>\n<meta property=\"og:locale\" content=\"es_ES\" \/>\n<meta property=\"og:type\" content=\"article\" \/>\n<meta property=\"og:title\" content=\"El CMVSF2 se solidariza con las v\u00edctimas de violencia de g\u00e9nero - Colegio De Veterinarios De Santa Fe 2da. Circunscripci\u00f3n\" \/>\n<meta property=\"og:description\" content=\"Ante los hechos relacionados al identikit difundido por distintos medios masivos de comunicaci\u00f3n y redes sociales, producto de los ataques hacia distintas\" \/>\n<meta property=\"og:url\" content=\"https:\/\/cmvsf2.org\/web\/2019\/07\/11\/el-cmvsf2-se-solidariza-con-las-victimas-de-violencia-de-genero\/\" \/>\n<meta property=\"og:site_name\" content=\"Colegio De Veterinarios De Santa Fe 2da. Circunscripci\u00f3n\" \/>\n<meta property=\"article:published_time\" content=\"2019-07-11T21:14:29+00:00\" \/>\n<meta property=\"og:image\" content=\"https:\/\/cmvsf2.org\/web\/wp-content\/uploads\/2019\/07\/victimasviolenciacmvsf2-2-1.png\" \/>\n\t<meta property=\"og:image:width\" content=\"1080\" \/>\n\t<meta property=\"og:image:height\" content=\"1080\" \/>\n\t<meta property=\"og:image:type\" content=\"image\/png\" \/>\n<meta name=\"author\" content=\"cmvsf2\" \/>\n<meta name=\"twitter:card\" content=\"summary_large_image\" \/>\n<meta name=\"twitter:label1\" content=\"Escrito por\" \/>\n\t<meta name=\"twitter:data1\" content=\"cmvsf2\" \/>\n<script type=\"application\/ld+json\" class=\"yoast-schema-graph\">{\"@context\":\"https:\\\/\\\/schema.org\",\"@graph\":[{\"@type\":\"Article\",\"@id\":\"https:\\\/\\\/cmvsf2.org\\\/web\\\/2019\\\/07\\\/11\\\/el-cmvsf2-se-solidariza-con-las-victimas-de-violencia-de-genero\\\/#article\",\"isPartOf\":{\"@id\":\"https:\\\/\\\/cmvsf2.org\\\/web\\\/2019\\\/07\\\/11\\\/el-cmvsf2-se-solidariza-con-las-victimas-de-violencia-de-genero\\\/\"},\"author\":{\"name\":\"cmvsf2\",\"@id\":\"https:\\\/\\\/cmvsf2.org\\\/web\\\/#\\\/schema\\\/person\\\/46ea3630099a4a3df8d89f07cf5f7520\"},\"headline\":\"El CMVSF2 se solidariza con las v\u00edctimas de violencia de g\u00e9nero\",\"datePublished\":\"2019-07-11T21:14:29+00:00\",\"mainEntityOfPage\":{\"@id\":\"https:\\\/\\\/cmvsf2.org\\\/web\\\/2019\\\/07\\\/11\\\/el-cmvsf2-se-solidariza-con-las-victimas-de-violencia-de-genero\\\/\"},\"wordCount\":112,\"commentCount\":0,\"publisher\":{\"@id\":\"https:\\\/\\\/cmvsf2.org\\\/web\\\/#organization\"},\"image\":{\"@id\":\"https:\\\/\\\/cmvsf2.org\\\/web\\\/2019\\\/07\\\/11\\\/el-cmvsf2-se-solidariza-con-las-victimas-de-violencia-de-genero\\\/#primaryimage\"},\"thumbnailUrl\":\"https:\\\/\\\/cmvsf2.org\\\/web\\\/wp-content\\\/uploads\\\/2019\\\/07\\\/victimasviolenciacmvsf2-2-1.png\",\"inLanguage\":\"es\"},{\"@type\":\"WebPage\",\"@id\":\"https:\\\/\\\/cmvsf2.org\\\/web\\\/2019\\\/07\\\/11\\\/el-cmvsf2-se-solidariza-con-las-victimas-de-violencia-de-genero\\\/\",\"url\":\"https:\\\/\\\/cmvsf2.org\\\/web\\\/2019\\\/07\\\/11\\\/el-cmvsf2-se-solidariza-con-las-victimas-de-violencia-de-genero\\\/\",\"name\":\"El CMVSF2 se solidariza con las v\u00edctimas de violencia de g\u00e9nero - Colegio De Veterinarios De Santa Fe 2da. Circunscripci\u00f3n\",\"isPartOf\":{\"@id\":\"https:\\\/\\\/cmvsf2.org\\\/web\\\/#website\"},\"primaryImageOfPage\":{\"@id\":\"https:\\\/\\\/cmvsf2.org\\\/web\\\/2019\\\/07\\\/11\\\/el-cmvsf2-se-solidariza-con-las-victimas-de-violencia-de-genero\\\/#primaryimage\"},\"image\":{\"@id\":\"https:\\\/\\\/cmvsf2.org\\\/web\\\/2019\\\/07\\\/11\\\/el-cmvsf2-se-solidariza-con-las-victimas-de-violencia-de-genero\\\/#primaryimage\"},\"thumbnailUrl\":\"https:\\\/\\\/cmvsf2.org\\\/web\\\/wp-content\\\/uploads\\\/2019\\\/07\\\/victimasviolenciacmvsf2-2-1.png\",\"datePublished\":\"2019-07-11T21:14:29+00:00\",\"description\":\"Ante los hechos relacionados al identikit difundido por distintos medios masivos de comunicaci\u00f3n y redes sociales, producto de los ataques hacia distintas\",\"breadcrumb\":{\"@id\":\"https:\\\/\\\/cmvsf2.org\\\/web\\\/2019\\\/07\\\/11\\\/el-cmvsf2-se-solidariza-con-las-victimas-de-violencia-de-genero\\\/#breadcrumb\"},\"inLanguage\":\"es\",\"potentialAction\":[{\"@type\":\"ReadAction\",\"target\":[\"https:\\\/\\\/cmvsf2.org\\\/web\\\/2019\\\/07\\\/11\\\/el-cmvsf2-se-solidariza-con-las-victimas-de-violencia-de-genero\\\/\"]}]},{\"@type\":\"ImageObject\",\"inLanguage\":\"es\",\"@id\":\"https:\\\/\\\/cmvsf2.org\\\/web\\\/2019\\\/07\\\/11\\\/el-cmvsf2-se-solidariza-con-las-victimas-de-violencia-de-genero\\\/#primaryimage\",\"url\":\"https:\\\/\\\/cmvsf2.org\\\/web\\\/wp-content\\\/uploads\\\/2019\\\/07\\\/victimasviolenciacmvsf2-2-1.png\",\"contentUrl\":\"https:\\\/\\\/cmvsf2.org\\\/web\\\/wp-content\\\/uploads\\\/2019\\\/07\\\/victimasviolenciacmvsf2-2-1.png\",\"width\":1080,\"height\":1080},{\"@type\":\"BreadcrumbList\",\"@id\":\"https:\\\/\\\/cmvsf2.org\\\/web\\\/2019\\\/07\\\/11\\\/el-cmvsf2-se-solidariza-con-las-victimas-de-violencia-de-genero\\\/#breadcrumb\",\"itemListElement\":[{\"@type\":\"ListItem\",\"position\":1,\"name\":\"Portada\",\"item\":\"https:\\\/\\\/cmvsf2.org\\\/web\\\/\"},{\"@type\":\"ListItem\",\"position\":2,\"name\":\"El CMVSF2 se solidariza con las v\u00edctimas de violencia de g\u00e9nero\"}]},{\"@type\":\"WebSite\",\"@id\":\"https:\\\/\\\/cmvsf2.org\\\/web\\\/#website\",\"url\":\"https:\\\/\\\/cmvsf2.org\\\/web\\\/\",\"name\":\"Colegio De Veterinarios De Santa Fe 2da. Circunscripci\u00f3n\",\"description\":\"Sitio institucional del Colegio de M\u00e9dicos Veterinario de Santa Fe 2da. Circunscripci\u00f3n\",\"publisher\":{\"@id\":\"https:\\\/\\\/cmvsf2.org\\\/web\\\/#organization\"},\"potentialAction\":[{\"@type\":\"SearchAction\",\"target\":{\"@type\":\"EntryPoint\",\"urlTemplate\":\"https:\\\/\\\/cmvsf2.org\\\/web\\\/?s={search_term_string}\"},\"query-input\":{\"@type\":\"PropertyValueSpecification\",\"valueRequired\":true,\"valueName\":\"search_term_string\"}}],\"inLanguage\":\"es\"},{\"@type\":\"Organization\",\"@id\":\"https:\\\/\\\/cmvsf2.org\\\/web\\\/#organization\",\"name\":\"Colegio De Veterinarios De Santa Fe 2da. Circunscripci\u00f3n\",\"url\":\"https:\\\/\\\/cmvsf2.org\\\/web\\\/\",\"logo\":{\"@type\":\"ImageObject\",\"inLanguage\":\"es\",\"@id\":\"https:\\\/\\\/cmvsf2.org\\\/web\\\/#\\\/schema\\\/logo\\\/image\\\/\",\"url\":\"http:\\\/\\\/cmvsf2.org\\\/web\\\/wp-content\\\/uploads\\\/2020\\\/03\\\/vector-logo-02.png\",\"contentUrl\":\"http:\\\/\\\/cmvsf2.org\\\/web\\\/wp-content\\\/uploads\\\/2020\\\/03\\\/vector-logo-02.png\",\"width\":2750,\"height\":642,\"caption\":\"Colegio De Veterinarios De Santa Fe 2da. Circunscripci\u00f3n\"},\"image\":{\"@id\":\"https:\\\/\\\/cmvsf2.org\\\/web\\\/#\\\/schema\\\/logo\\\/image\\\/\"}},{\"@type\":\"Person\",\"@id\":\"https:\\\/\\\/cmvsf2.org\\\/web\\\/#\\\/schema\\\/person\\\/46ea3630099a4a3df8d89f07cf5f7520\",\"name\":\"cmvsf2\",\"image\":{\"@type\":\"ImageObject\",\"inLanguage\":\"es\",\"@id\":\"https:\\\/\\\/secure.gravatar.com\\\/avatar\\\/669647b61c77f28f1aa51df04174a5ecb296e9988b4a93d2870666cd1f502cd7?s=96&d=mm&r=g\",\"url\":\"https:\\\/\\\/secure.gravatar.com\\\/avatar\\\/669647b61c77f28f1aa51df04174a5ecb296e9988b4a93d2870666cd1f502cd7?s=96&d=mm&r=g\",\"contentUrl\":\"https:\\\/\\\/secure.gravatar.com\\\/avatar\\\/669647b61c77f28f1aa51df04174a5ecb296e9988b4a93d2870666cd1f502cd7?s=96&d=mm&r=g\",\"caption\":\"cmvsf2\"}}]}<\/script>\n<!-- \/ Yoast SEO plugin. -->","yoast_head_json":{"title":"El CMVSF2 se solidariza con las v\u00edctimas de violencia de g\u00e9nero - Colegio De Veterinarios De Santa Fe 2da. Circunscripci\u00f3n","description":"Ante los hechos relacionados al identikit difundido por distintos medios masivos de comunicaci\u00f3n y redes sociales, producto de los ataques hacia distintas","robots":{"index":"index","follow":"follow","max-snippet":"max-snippet:-1","max-image-preview":"max-image-preview:large","max-video-preview":"max-video-preview:-1"},"canonical":"https:\/\/cmvsf2.org\/web\/2019\/07\/11\/el-cmvsf2-se-solidariza-con-las-victimas-de-violencia-de-genero\/","og_locale":"es_ES","og_type":"article","og_title":"El CMVSF2 se solidariza con las v\u00edctimas de violencia de g\u00e9nero - Colegio De Veterinarios De Santa Fe 2da. Circunscripci\u00f3n","og_description":"Ante los hechos relacionados al identikit difundido por distintos medios masivos de comunicaci\u00f3n y redes sociales, producto de los ataques hacia distintas","og_url":"https:\/\/cmvsf2.org\/web\/2019\/07\/11\/el-cmvsf2-se-solidariza-con-las-victimas-de-violencia-de-genero\/","og_site_name":"Colegio De Veterinarios De Santa Fe 2da. Circunscripci\u00f3n","article_published_time":"2019-07-11T21:14:29+00:00","og_image":[{"width":1080,"height":1080,"url":"https:\/\/cmvsf2.org\/web\/wp-content\/uploads\/2019\/07\/victimasviolenciacmvsf2-2-1.png","type":"image\/png"}],"author":"cmvsf2","twitter_card":"summary_large_image","twitter_misc":{"Escrito por":"cmvsf2"},"schema":{"@context":"https:\/\/schema.org","@graph":[{"@type":"Article","@id":"https:\/\/cmvsf2.org\/web\/2019\/07\/11\/el-cmvsf2-se-solidariza-con-las-victimas-de-violencia-de-genero\/#article","isPartOf":{"@id":"https:\/\/cmvsf2.org\/web\/2019\/07\/11\/el-cmvsf2-se-solidariza-con-las-victimas-de-violencia-de-genero\/"},"author":{"name":"cmvsf2","@id":"https:\/\/cmvsf2.org\/web\/#\/schema\/person\/46ea3630099a4a3df8d89f07cf5f7520"},"headline":"El CMVSF2 se solidariza con las v\u00edctimas de violencia de g\u00e9nero","datePublished":"2019-07-11T21:14:29+00:00","mainEntityOfPage":{"@id":"https:\/\/cmvsf2.org\/web\/2019\/07\/11\/el-cmvsf2-se-solidariza-con-las-victimas-de-violencia-de-genero\/"},"wordCount":112,"commentCount":0,"publisher":{"@id":"https:\/\/cmvsf2.org\/web\/#organization"},"image":{"@id":"https:\/\/cmvsf2.org\/web\/2019\/07\/11\/el-cmvsf2-se-solidariza-con-las-victimas-de-violencia-de-genero\/#primaryimage"},"thumbnailUrl":"https:\/\/cmvsf2.org\/web\/wp-content\/uploads\/2019\/07\/victimasviolenciacmvsf2-2-1.png","inLanguage":"es"},{"@type":"WebPage","@id":"https:\/\/cmvsf2.org\/web\/2019\/07\/11\/el-cmvsf2-se-solidariza-con-las-victimas-de-violencia-de-genero\/","url":"https:\/\/cmvsf2.org\/web\/2019\/07\/11\/el-cmvsf2-se-solidariza-con-las-victimas-de-violencia-de-genero\/","name":"El CMVSF2 se solidariza con las v\u00edctimas de violencia de g\u00e9nero - Colegio De Veterinarios De Santa Fe 2da. Circunscripci\u00f3n","isPartOf":{"@id":"https:\/\/cmvsf2.org\/web\/#website"},"primaryImageOfPage":{"@id":"https:\/\/cmvsf2.org\/web\/2019\/07\/11\/el-cmvsf2-se-solidariza-con-las-victimas-de-violencia-de-genero\/#primaryimage"},"image":{"@id":"https:\/\/cmvsf2.org\/web\/2019\/07\/11\/el-cmvsf2-se-solidariza-con-las-victimas-de-violencia-de-genero\/#primaryimage"},"thumbnailUrl":"https:\/\/cmvsf2.org\/web\/wp-content\/uploads\/2019\/07\/victimasviolenciacmvsf2-2-1.png","datePublished":"2019-07-11T21:14:29+00:00","description":"Ante los hechos relacionados al identikit difundido por distintos medios masivos de comunicaci\u00f3n y redes sociales, producto de los ataques hacia distintas","breadcrumb":{"@id":"https:\/\/cmvsf2.org\/web\/2019\/07\/11\/el-cmvsf2-se-solidariza-con-las-victimas-de-violencia-de-genero\/#breadcrumb"},"inLanguage":"es","potentialAction":[{"@type":"ReadAction","target":["https:\/\/cmvsf2.org\/web\/2019\/07\/11\/el-cmvsf2-se-solidariza-con-las-victimas-de-violencia-de-genero\/"]}]},{"@type":"ImageObject","inLanguage":"es","@id":"https:\/\/cmvsf2.org\/web\/2019\/07\/11\/el-cmvsf2-se-solidariza-con-las-victimas-de-violencia-de-genero\/#primaryimage","url":"https:\/\/cmvsf2.org\/web\/wp-content\/uploads\/2019\/07\/victimasviolenciacmvsf2-2-1.png","contentUrl":"https:\/\/cmvsf2.org\/web\/wp-content\/uploads\/2019\/07\/victimasviolenciacmvsf2-2-1.png","width":1080,"height":1080},{"@type":"BreadcrumbList","@id":"https:\/\/cmvsf2.org\/web\/2019\/07\/11\/el-cmvsf2-se-solidariza-con-las-victimas-de-violencia-de-genero\/#breadcrumb","itemListElement":[{"@type":"ListItem","position":1,"name":"Portada","item":"https:\/\/cmvsf2.org\/web\/"},{"@type":"ListItem","position":2,"name":"El CMVSF2 se solidariza con las v\u00edctimas de violencia de g\u00e9nero"}]},{"@type":"WebSite","@id":"https:\/\/cmvsf2.org\/web\/#website","url":"https:\/\/cmvsf2.org\/web\/","name":"Colegio De Veterinarios De Santa Fe 2da. Circunscripci\u00f3n","description":"Sitio institucional del Colegio de M\u00e9dicos Veterinario de Santa Fe 2da. Circunscripci\u00f3n","publisher":{"@id":"https:\/\/cmvsf2.org\/web\/#organization"},"potentialAction":[{"@type":"SearchAction","target":{"@type":"EntryPoint","urlTemplate":"https:\/\/cmvsf2.org\/web\/?s={search_term_string}"},"query-input":{"@type":"PropertyValueSpecification","valueRequired":true,"valueName":"search_term_string"}}],"inLanguage":"es"},{"@type":"Organization","@id":"https:\/\/cmvsf2.org\/web\/#organization","name":"Colegio De Veterinarios De Santa Fe 2da. Circunscripci\u00f3n","url":"https:\/\/cmvsf2.org\/web\/","logo":{"@type":"ImageObject","inLanguage":"es","@id":"https:\/\/cmvsf2.org\/web\/#\/schema\/logo\/image\/","url":"http:\/\/cmvsf2.org\/web\/wp-content\/uploads\/2020\/03\/vector-logo-02.png","contentUrl":"http:\/\/cmvsf2.org\/web\/wp-content\/uploads\/2020\/03\/vector-logo-02.png","width":2750,"height":642,"caption":"Colegio De Veterinarios De Santa Fe 2da. Circunscripci\u00f3n"},"image":{"@id":"https:\/\/cmvsf2.org\/web\/#\/schema\/logo\/image\/"}},{"@type":"Person","@id":"https:\/\/cmvsf2.org\/web\/#\/schema\/person\/46ea3630099a4a3df8d89f07cf5f7520","name":"cmvsf2","image":{"@type":"ImageObject","inLanguage":"es","@id":"https:\/\/secure.gravatar.com\/avatar\/669647b61c77f28f1aa51df04174a5ecb296e9988b4a93d2870666cd1f502cd7?s=96&d=mm&r=g","url":"https:\/\/secure.gravatar.com\/avatar\/669647b61c77f28f1aa51df04174a5ecb296e9988b4a93d2870666cd1f502cd7?s=96&d=mm&r=g","contentUrl":"https:\/\/secure.gravatar.com\/avatar\/669647b61c77f28f1aa51df04174a5ecb296e9988b4a93d2870666cd1f502cd7?s=96&d=mm&r=g","caption":"cmvsf2"}}]}},"_links":{"self":[{"href":"https:\/\/cmvsf2.org\/web\/wp-json\/wp\/v2\/posts\/5851","targetHints":{"allow":["GET"]}}],"collection":[{"href":"https:\/\/cmvsf2.org\/web\/wp-json\/wp\/v2\/posts"}],"about":[{"href":"https:\/\/cmvsf2.org\/web\/wp-json\/wp\/v2\/types\/post"}],"author":[{"embeddable":true,"href":"https:\/\/cmvsf2.org\/web\/wp-json\/wp\/v2\/users\/3"}],"replies":[{"embeddable":true,"href":"https:\/\/cmvsf2.org\/web\/wp-json\/wp\/v2\/comments?post=5851"}],"version-history":[{"count":0,"href":"https:\/\/cmvsf2.org\/web\/wp-json\/wp\/v2\/posts\/5851\/revisions"}],"wp:featuredmedia":[{"embeddable":true,"href":"https:\/\/cmvsf2.org\/web\/wp-json\/wp\/v2\/media\/5859"}],"wp:attachment":[{"href":"https:\/\/cmvsf2.org\/web\/wp-json\/wp\/v2\/media?parent=5851"}],"wp:term":[{"taxonomy":"category","embeddable":true,"href":"https:\/\/cmvsf2.org\/web\/wp-json\/wp\/v2\/categories?post=5851"},{"taxonomy":"post_tag","embeddable":true,"href":"https:\/\/cmvsf2.org\/web\/wp-json\/wp\/v2\/tags?post=5851"}],"curies":[{"name":"wp","href":"https:\/\/api.w.org\/{rel}","templated":true}]}}