{"id":5826,"date":"2019-06-27T18:15:43","date_gmt":"2019-06-27T18:15:43","guid":{"rendered":"http:\/\/sessionstudio.ar\/vet\/web\/?p=5826"},"modified":"2019-06-27T18:15:43","modified_gmt":"2019-06-27T18:15:43","slug":"como-accionar-ante-un-posible-reclamo-por-mala-praxis","status":"publish","type":"post","link":"https:\/\/cmvsf2.org\/web\/2019\/06\/27\/como-accionar-ante-un-posible-reclamo-por-mala-praxis\/","title":{"rendered":"COMO ACCIONAR ANTE UN POSIBLE RECLAMO POR MALA PRAXIS"},"content":{"rendered":"\n<h4 class=\"wp-block-heading\">EL COLEGIO RECUERDA:<\/h4>\n\n\n<p>A) <em>Ante un hecho o circunstancia que pueda derivar en un reclamo se debe notificar a <\/em><strong>AMPAR <\/strong><em>dentro de <\/em><em>un <\/em><strong>plazo m\u00e1ximo de 10 d\u00edas posteriores a la toma de conocimiento del hecho.<\/strong><\/p>\n\n\n<p>B)<em> Se entiende por toma de conocimiento del hecho cualquier circunstancia por la cual el due\u00f1o del animal le reclama al profesional, este puede ser en forma verbal o escrita.<\/em><\/p>\n\n\n<p>C)<strong> En caso de ser recibido por escrito<\/strong> <em>(Ej Carta Documento) no solo debe ser comunicado, sino que tambi\u00e9n<\/em> <strong>se debe hacer llegar copia del mismo.<\/strong><\/p>\n\n\n<p>D) <em>Si se recepciona una c\u00e9dula o demanda judicial esta deber\u00e1 ponerse en conocimiento de <\/em><strong>AMPAR<\/strong><em> en forma inmediata a los efectos que pueda realizarse la defensa.<\/em><br \/><\/p>\n\n\n<hr class=\"wp-block-separator\"\/>\n\n\n<div class=\"wp-block-button\"><a class=\"wp-block-button__link has-background\" href=\"http:\/\/sessionstudio.ar\/vet\/web\/ampar-seguro-mala-praxis\/\" style=\"background-color:#e70874\">M\u00e1s informaci\u00f3n sobre el seguro AMPAR<br \/><\/a><\/div>\n\n\n<p>La cobertura que disponen los matriculados que han adherido al seguro colectivo de mala praxis contratado por este Colegio, operar\u00e1 siempre y cuando se respeten y se d\u00e9 cumplimiento a las pautas establecidas en el Reglamento y el Manual de funcionamiento del subsidio por contingencia profesional de AMPAR en consonancia con lo establecido en la p\u00f3liza de seguro de la empresa aseguradora PRUDENCIA.<br \/><\/p>\n\n\n<p>Ambos documentos descriptos se encuentran disponibles en la p\u00e1gina WEB del Colegio para su consulta. Solicitamos prestar especial atenci\u00f3n a los Art. 12 Inc. \u201cF\u201d del reglamento de AMPAR , el Art. 11 del Manual de AMPAR y los Art. N\u00b0 4 punto \u201c1\u201d y Art. 7 y 8 de la p\u00f3liza de PRUDENCIA.<br \/><\/p>\n\n\n<p><strong>ENTI\u00c9NDASE QUE TODAS ESTAS COMUNICACIONES INSTITUCIONALES SON AL SOLO EFECTO DE COLABORAR EN EL CORRECTO ACCIONAR DE LAS PARTES.  ESTE COLEGIO DESLINDA TODO TIPO DE RESPONSABILIDAD EN RELACI\u00d3N AL ACCIONAR DEL PROFESIONAL Y DE LA COMPA\u00d1\u00cdA ASEGURADORA.<\/strong><br \/><\/p>\n\n\n<p>Ante cualquier duda en el accionar comunicarse con el colegio.<\/p>\n\n\n<p style=\"text-align:right\"><em>LA MESA DIRECTIVA<\/em><\/p>\n","protected":false},"excerpt":{"rendered":"<p>EL COLEGIO RECUERDA: A) Ante un hecho o circunstancia que pueda derivar en un reclamo se debe notificar a AMPAR dentro de un plazo m\u00e1ximo de 10 d\u00edas posteriores a la toma de conocimiento del hecho. B) Se entiende por toma de conocimiento del hecho cualquier circunstancia por la cual el due\u00f1o del animal le reclama al profesional, este puede ser en forma verbal [&hellip;]<\/p>\n","protected":false},"author":3,"featured_media":1472,"comment_status":"open","ping_status":"open","sticky":false,"template":"","format":"standard","meta":{"_acf_changed":false,"footnotes":""},"categories":[1],"tags":[],"class_list":["post-5826","post","type-post","status-publish","format-standard","has-post-thumbnail","hentry","category-sin-categoria"],"acf":[],"yoast_head":"<!-- This site is optimized with the Yoast SEO plugin v28.2 - https:\/\/yoast.com\/product\/yoast-seo-wordpress\/ -->\n<title>COMO ACCIONAR ANTE UN POSIBLE RECLAMO POR MALA PRAXIS - Colegio De Veterinarios De Santa Fe 2da. Circunscripci\u00f3n<\/title>\n<meta name=\"description\" content=\"EL COLEGIO RECUERDA: A) Ante un hecho o circunstancia que pueda derivar en un reclamo se debe notificar a AMPAR dentro de un plazo m\u00e1ximo de 10 d\u00edas\" \/>\n<meta name=\"robots\" content=\"index, follow, max-snippet:-1, max-image-preview:large, max-video-preview:-1\" \/>\n<link rel=\"canonical\" href=\"https:\/\/cmvsf2.org\/web\/2019\/06\/27\/como-accionar-ante-un-posible-reclamo-por-mala-praxis\/\" \/>\n<meta property=\"og:locale\" content=\"es_ES\" \/>\n<meta property=\"og:type\" content=\"article\" \/>\n<meta property=\"og:title\" content=\"COMO ACCIONAR ANTE UN POSIBLE RECLAMO POR MALA PRAXIS - Colegio De Veterinarios De Santa Fe 2da. Circunscripci\u00f3n\" \/>\n<meta property=\"og:description\" content=\"EL COLEGIO RECUERDA: A) Ante un hecho o circunstancia que pueda derivar en un reclamo se debe notificar a AMPAR dentro de un plazo m\u00e1ximo de 10 d\u00edas\" \/>\n<meta property=\"og:url\" content=\"https:\/\/cmvsf2.org\/web\/2019\/06\/27\/como-accionar-ante-un-posible-reclamo-por-mala-praxis\/\" \/>\n<meta property=\"og:site_name\" content=\"Colegio De Veterinarios De Santa Fe 2da. Circunscripci\u00f3n\" \/>\n<meta property=\"article:published_time\" content=\"2019-06-27T18:15:43+00:00\" \/>\n<meta property=\"og:image\" content=\"https:\/\/cmvsf2.org\/web\/wp-content\/uploads\/2016\/07\/man-hands-reading-boy-e1518704069317-1.jpg\" \/>\n\t<meta property=\"og:image:width\" content=\"1200\" \/>\n\t<meta property=\"og:image:height\" content=\"800\" \/>\n\t<meta property=\"og:image:type\" content=\"image\/jpeg\" \/>\n<meta name=\"author\" content=\"cmvsf2\" \/>\n<meta name=\"twitter:card\" content=\"summary_large_image\" \/>\n<meta name=\"twitter:label1\" content=\"Escrito por\" \/>\n\t<meta name=\"twitter:data1\" content=\"cmvsf2\" \/>\n\t<meta name=\"twitter:label2\" content=\"Tiempo de lectura\" \/>\n\t<meta name=\"twitter:data2\" content=\"1 minuto\" \/>\n<script type=\"application\/ld+json\" class=\"yoast-schema-graph\">{\"@context\":\"https:\\\/\\\/schema.org\",\"@graph\":[{\"@type\":\"Article\",\"@id\":\"https:\\\/\\\/cmvsf2.org\\\/web\\\/2019\\\/06\\\/27\\\/como-accionar-ante-un-posible-reclamo-por-mala-praxis\\\/#article\",\"isPartOf\":{\"@id\":\"https:\\\/\\\/cmvsf2.org\\\/web\\\/2019\\\/06\\\/27\\\/como-accionar-ante-un-posible-reclamo-por-mala-praxis\\\/\"},\"author\":{\"name\":\"cmvsf2\",\"@id\":\"https:\\\/\\\/cmvsf2.org\\\/web\\\/#\\\/schema\\\/person\\\/46ea3630099a4a3df8d89f07cf5f7520\"},\"headline\":\"COMO ACCIONAR ANTE UN POSIBLE RECLAMO POR MALA PRAXIS\",\"datePublished\":\"2019-06-27T18:15:43+00:00\",\"mainEntityOfPage\":{\"@id\":\"https:\\\/\\\/cmvsf2.org\\\/web\\\/2019\\\/06\\\/27\\\/como-accionar-ante-un-posible-reclamo-por-mala-praxis\\\/\"},\"wordCount\":307,\"commentCount\":0,\"publisher\":{\"@id\":\"https:\\\/\\\/cmvsf2.org\\\/web\\\/#organization\"},\"image\":{\"@id\":\"https:\\\/\\\/cmvsf2.org\\\/web\\\/2019\\\/06\\\/27\\\/como-accionar-ante-un-posible-reclamo-por-mala-praxis\\\/#primaryimage\"},\"thumbnailUrl\":\"https:\\\/\\\/cmvsf2.org\\\/web\\\/wp-content\\\/uploads\\\/2016\\\/07\\\/man-hands-reading-boy-e1518704069317-1.jpg\",\"inLanguage\":\"es\"},{\"@type\":\"WebPage\",\"@id\":\"https:\\\/\\\/cmvsf2.org\\\/web\\\/2019\\\/06\\\/27\\\/como-accionar-ante-un-posible-reclamo-por-mala-praxis\\\/\",\"url\":\"https:\\\/\\\/cmvsf2.org\\\/web\\\/2019\\\/06\\\/27\\\/como-accionar-ante-un-posible-reclamo-por-mala-praxis\\\/\",\"name\":\"COMO ACCIONAR ANTE UN POSIBLE RECLAMO POR MALA PRAXIS - Colegio De Veterinarios De Santa Fe 2da. Circunscripci\u00f3n\",\"isPartOf\":{\"@id\":\"https:\\\/\\\/cmvsf2.org\\\/web\\\/#website\"},\"primaryImageOfPage\":{\"@id\":\"https:\\\/\\\/cmvsf2.org\\\/web\\\/2019\\\/06\\\/27\\\/como-accionar-ante-un-posible-reclamo-por-mala-praxis\\\/#primaryimage\"},\"image\":{\"@id\":\"https:\\\/\\\/cmvsf2.org\\\/web\\\/2019\\\/06\\\/27\\\/como-accionar-ante-un-posible-reclamo-por-mala-praxis\\\/#primaryimage\"},\"thumbnailUrl\":\"https:\\\/\\\/cmvsf2.org\\\/web\\\/wp-content\\\/uploads\\\/2016\\\/07\\\/man-hands-reading-boy-e1518704069317-1.jpg\",\"datePublished\":\"2019-06-27T18:15:43+00:00\",\"description\":\"EL COLEGIO RECUERDA: A) Ante un hecho o circunstancia que pueda derivar en un reclamo se debe notificar a AMPAR dentro de un plazo m\u00e1ximo de 10 d\u00edas\",\"breadcrumb\":{\"@id\":\"https:\\\/\\\/cmvsf2.org\\\/web\\\/2019\\\/06\\\/27\\\/como-accionar-ante-un-posible-reclamo-por-mala-praxis\\\/#breadcrumb\"},\"inLanguage\":\"es\",\"potentialAction\":[{\"@type\":\"ReadAction\",\"target\":[\"https:\\\/\\\/cmvsf2.org\\\/web\\\/2019\\\/06\\\/27\\\/como-accionar-ante-un-posible-reclamo-por-mala-praxis\\\/\"]}]},{\"@type\":\"ImageObject\",\"inLanguage\":\"es\",\"@id\":\"https:\\\/\\\/cmvsf2.org\\\/web\\\/2019\\\/06\\\/27\\\/como-accionar-ante-un-posible-reclamo-por-mala-praxis\\\/#primaryimage\",\"url\":\"https:\\\/\\\/cmvsf2.org\\\/web\\\/wp-content\\\/uploads\\\/2016\\\/07\\\/man-hands-reading-boy-e1518704069317-1.jpg\",\"contentUrl\":\"https:\\\/\\\/cmvsf2.org\\\/web\\\/wp-content\\\/uploads\\\/2016\\\/07\\\/man-hands-reading-boy-e1518704069317-1.jpg\",\"width\":1200,\"height\":800},{\"@type\":\"BreadcrumbList\",\"@id\":\"https:\\\/\\\/cmvsf2.org\\\/web\\\/2019\\\/06\\\/27\\\/como-accionar-ante-un-posible-reclamo-por-mala-praxis\\\/#breadcrumb\",\"itemListElement\":[{\"@type\":\"ListItem\",\"position\":1,\"name\":\"Portada\",\"item\":\"https:\\\/\\\/cmvsf2.org\\\/web\\\/\"},{\"@type\":\"ListItem\",\"position\":2,\"name\":\"COMO ACCIONAR ANTE UN POSIBLE RECLAMO POR MALA PRAXIS\"}]},{\"@type\":\"WebSite\",\"@id\":\"https:\\\/\\\/cmvsf2.org\\\/web\\\/#website\",\"url\":\"https:\\\/\\\/cmvsf2.org\\\/web\\\/\",\"name\":\"Colegio De Veterinarios De Santa Fe 2da. Circunscripci\u00f3n\",\"description\":\"Sitio institucional del Colegio de M\u00e9dicos Veterinario de Santa Fe 2da. Circunscripci\u00f3n\",\"publisher\":{\"@id\":\"https:\\\/\\\/cmvsf2.org\\\/web\\\/#organization\"},\"potentialAction\":[{\"@type\":\"SearchAction\",\"target\":{\"@type\":\"EntryPoint\",\"urlTemplate\":\"https:\\\/\\\/cmvsf2.org\\\/web\\\/?s={search_term_string}\"},\"query-input\":{\"@type\":\"PropertyValueSpecification\",\"valueRequired\":true,\"valueName\":\"search_term_string\"}}],\"inLanguage\":\"es\"},{\"@type\":\"Organization\",\"@id\":\"https:\\\/\\\/cmvsf2.org\\\/web\\\/#organization\",\"name\":\"Colegio De Veterinarios De Santa Fe 2da. Circunscripci\u00f3n\",\"url\":\"https:\\\/\\\/cmvsf2.org\\\/web\\\/\",\"logo\":{\"@type\":\"ImageObject\",\"inLanguage\":\"es\",\"@id\":\"https:\\\/\\\/cmvsf2.org\\\/web\\\/#\\\/schema\\\/logo\\\/image\\\/\",\"url\":\"http:\\\/\\\/cmvsf2.org\\\/web\\\/wp-content\\\/uploads\\\/2020\\\/03\\\/vector-logo-02.png\",\"contentUrl\":\"http:\\\/\\\/cmvsf2.org\\\/web\\\/wp-content\\\/uploads\\\/2020\\\/03\\\/vector-logo-02.png\",\"width\":2750,\"height\":642,\"caption\":\"Colegio De Veterinarios De Santa Fe 2da. Circunscripci\u00f3n\"},\"image\":{\"@id\":\"https:\\\/\\\/cmvsf2.org\\\/web\\\/#\\\/schema\\\/logo\\\/image\\\/\"}},{\"@type\":\"Person\",\"@id\":\"https:\\\/\\\/cmvsf2.org\\\/web\\\/#\\\/schema\\\/person\\\/46ea3630099a4a3df8d89f07cf5f7520\",\"name\":\"cmvsf2\",\"image\":{\"@type\":\"ImageObject\",\"inLanguage\":\"es\",\"@id\":\"https:\\\/\\\/secure.gravatar.com\\\/avatar\\\/669647b61c77f28f1aa51df04174a5ecb296e9988b4a93d2870666cd1f502cd7?s=96&d=mm&r=g\",\"url\":\"https:\\\/\\\/secure.gravatar.com\\\/avatar\\\/669647b61c77f28f1aa51df04174a5ecb296e9988b4a93d2870666cd1f502cd7?s=96&d=mm&r=g\",\"contentUrl\":\"https:\\\/\\\/secure.gravatar.com\\\/avatar\\\/669647b61c77f28f1aa51df04174a5ecb296e9988b4a93d2870666cd1f502cd7?s=96&d=mm&r=g\",\"caption\":\"cmvsf2\"}}]}<\/script>\n<!-- \/ Yoast SEO plugin. -->","yoast_head_json":{"title":"COMO ACCIONAR ANTE UN POSIBLE RECLAMO POR MALA PRAXIS - Colegio De Veterinarios De Santa Fe 2da. Circunscripci\u00f3n","description":"EL COLEGIO RECUERDA: A) Ante un hecho o circunstancia que pueda derivar en un reclamo se debe notificar a AMPAR dentro de un plazo m\u00e1ximo de 10 d\u00edas","robots":{"index":"index","follow":"follow","max-snippet":"max-snippet:-1","max-image-preview":"max-image-preview:large","max-video-preview":"max-video-preview:-1"},"canonical":"https:\/\/cmvsf2.org\/web\/2019\/06\/27\/como-accionar-ante-un-posible-reclamo-por-mala-praxis\/","og_locale":"es_ES","og_type":"article","og_title":"COMO ACCIONAR ANTE UN POSIBLE RECLAMO POR MALA PRAXIS - Colegio De Veterinarios De Santa Fe 2da. Circunscripci\u00f3n","og_description":"EL COLEGIO RECUERDA: A) Ante un hecho o circunstancia que pueda derivar en un reclamo se debe notificar a AMPAR dentro de un plazo m\u00e1ximo de 10 d\u00edas","og_url":"https:\/\/cmvsf2.org\/web\/2019\/06\/27\/como-accionar-ante-un-posible-reclamo-por-mala-praxis\/","og_site_name":"Colegio De Veterinarios De Santa Fe 2da. Circunscripci\u00f3n","article_published_time":"2019-06-27T18:15:43+00:00","og_image":[{"width":1200,"height":800,"url":"https:\/\/cmvsf2.org\/web\/wp-content\/uploads\/2016\/07\/man-hands-reading-boy-e1518704069317-1.jpg","type":"image\/jpeg"}],"author":"cmvsf2","twitter_card":"summary_large_image","twitter_misc":{"Escrito por":"cmvsf2","Tiempo de lectura":"1 minuto"},"schema":{"@context":"https:\/\/schema.org","@graph":[{"@type":"Article","@id":"https:\/\/cmvsf2.org\/web\/2019\/06\/27\/como-accionar-ante-un-posible-reclamo-por-mala-praxis\/#article","isPartOf":{"@id":"https:\/\/cmvsf2.org\/web\/2019\/06\/27\/como-accionar-ante-un-posible-reclamo-por-mala-praxis\/"},"author":{"name":"cmvsf2","@id":"https:\/\/cmvsf2.org\/web\/#\/schema\/person\/46ea3630099a4a3df8d89f07cf5f7520"},"headline":"COMO ACCIONAR ANTE UN POSIBLE RECLAMO POR MALA PRAXIS","datePublished":"2019-06-27T18:15:43+00:00","mainEntityOfPage":{"@id":"https:\/\/cmvsf2.org\/web\/2019\/06\/27\/como-accionar-ante-un-posible-reclamo-por-mala-praxis\/"},"wordCount":307,"commentCount":0,"publisher":{"@id":"https:\/\/cmvsf2.org\/web\/#organization"},"image":{"@id":"https:\/\/cmvsf2.org\/web\/2019\/06\/27\/como-accionar-ante-un-posible-reclamo-por-mala-praxis\/#primaryimage"},"thumbnailUrl":"https:\/\/cmvsf2.org\/web\/wp-content\/uploads\/2016\/07\/man-hands-reading-boy-e1518704069317-1.jpg","inLanguage":"es"},{"@type":"WebPage","@id":"https:\/\/cmvsf2.org\/web\/2019\/06\/27\/como-accionar-ante-un-posible-reclamo-por-mala-praxis\/","url":"https:\/\/cmvsf2.org\/web\/2019\/06\/27\/como-accionar-ante-un-posible-reclamo-por-mala-praxis\/","name":"COMO ACCIONAR ANTE UN POSIBLE RECLAMO POR MALA PRAXIS - Colegio De Veterinarios De Santa Fe 2da. Circunscripci\u00f3n","isPartOf":{"@id":"https:\/\/cmvsf2.org\/web\/#website"},"primaryImageOfPage":{"@id":"https:\/\/cmvsf2.org\/web\/2019\/06\/27\/como-accionar-ante-un-posible-reclamo-por-mala-praxis\/#primaryimage"},"image":{"@id":"https:\/\/cmvsf2.org\/web\/2019\/06\/27\/como-accionar-ante-un-posible-reclamo-por-mala-praxis\/#primaryimage"},"thumbnailUrl":"https:\/\/cmvsf2.org\/web\/wp-content\/uploads\/2016\/07\/man-hands-reading-boy-e1518704069317-1.jpg","datePublished":"2019-06-27T18:15:43+00:00","description":"EL COLEGIO RECUERDA: A) Ante un hecho o circunstancia que pueda derivar en un reclamo se debe notificar a AMPAR dentro de un plazo m\u00e1ximo de 10 d\u00edas","breadcrumb":{"@id":"https:\/\/cmvsf2.org\/web\/2019\/06\/27\/como-accionar-ante-un-posible-reclamo-por-mala-praxis\/#breadcrumb"},"inLanguage":"es","potentialAction":[{"@type":"ReadAction","target":["https:\/\/cmvsf2.org\/web\/2019\/06\/27\/como-accionar-ante-un-posible-reclamo-por-mala-praxis\/"]}]},{"@type":"ImageObject","inLanguage":"es","@id":"https:\/\/cmvsf2.org\/web\/2019\/06\/27\/como-accionar-ante-un-posible-reclamo-por-mala-praxis\/#primaryimage","url":"https:\/\/cmvsf2.org\/web\/wp-content\/uploads\/2016\/07\/man-hands-reading-boy-e1518704069317-1.jpg","contentUrl":"https:\/\/cmvsf2.org\/web\/wp-content\/uploads\/2016\/07\/man-hands-reading-boy-e1518704069317-1.jpg","width":1200,"height":800},{"@type":"BreadcrumbList","@id":"https:\/\/cmvsf2.org\/web\/2019\/06\/27\/como-accionar-ante-un-posible-reclamo-por-mala-praxis\/#breadcrumb","itemListElement":[{"@type":"ListItem","position":1,"name":"Portada","item":"https:\/\/cmvsf2.org\/web\/"},{"@type":"ListItem","position":2,"name":"COMO ACCIONAR ANTE UN POSIBLE RECLAMO POR MALA PRAXIS"}]},{"@type":"WebSite","@id":"https:\/\/cmvsf2.org\/web\/#website","url":"https:\/\/cmvsf2.org\/web\/","name":"Colegio De Veterinarios De Santa Fe 2da. Circunscripci\u00f3n","description":"Sitio institucional del Colegio de M\u00e9dicos Veterinario de Santa Fe 2da. Circunscripci\u00f3n","publisher":{"@id":"https:\/\/cmvsf2.org\/web\/#organization"},"potentialAction":[{"@type":"SearchAction","target":{"@type":"EntryPoint","urlTemplate":"https:\/\/cmvsf2.org\/web\/?s={search_term_string}"},"query-input":{"@type":"PropertyValueSpecification","valueRequired":true,"valueName":"search_term_string"}}],"inLanguage":"es"},{"@type":"Organization","@id":"https:\/\/cmvsf2.org\/web\/#organization","name":"Colegio De Veterinarios De Santa Fe 2da. Circunscripci\u00f3n","url":"https:\/\/cmvsf2.org\/web\/","logo":{"@type":"ImageObject","inLanguage":"es","@id":"https:\/\/cmvsf2.org\/web\/#\/schema\/logo\/image\/","url":"http:\/\/cmvsf2.org\/web\/wp-content\/uploads\/2020\/03\/vector-logo-02.png","contentUrl":"http:\/\/cmvsf2.org\/web\/wp-content\/uploads\/2020\/03\/vector-logo-02.png","width":2750,"height":642,"caption":"Colegio De Veterinarios De Santa Fe 2da. Circunscripci\u00f3n"},"image":{"@id":"https:\/\/cmvsf2.org\/web\/#\/schema\/logo\/image\/"}},{"@type":"Person","@id":"https:\/\/cmvsf2.org\/web\/#\/schema\/person\/46ea3630099a4a3df8d89f07cf5f7520","name":"cmvsf2","image":{"@type":"ImageObject","inLanguage":"es","@id":"https:\/\/secure.gravatar.com\/avatar\/669647b61c77f28f1aa51df04174a5ecb296e9988b4a93d2870666cd1f502cd7?s=96&d=mm&r=g","url":"https:\/\/secure.gravatar.com\/avatar\/669647b61c77f28f1aa51df04174a5ecb296e9988b4a93d2870666cd1f502cd7?s=96&d=mm&r=g","contentUrl":"https:\/\/secure.gravatar.com\/avatar\/669647b61c77f28f1aa51df04174a5ecb296e9988b4a93d2870666cd1f502cd7?s=96&d=mm&r=g","caption":"cmvsf2"}}]}},"_links":{"self":[{"href":"https:\/\/cmvsf2.org\/web\/wp-json\/wp\/v2\/posts\/5826","targetHints":{"allow":["GET"]}}],"collection":[{"href":"https:\/\/cmvsf2.org\/web\/wp-json\/wp\/v2\/posts"}],"about":[{"href":"https:\/\/cmvsf2.org\/web\/wp-json\/wp\/v2\/types\/post"}],"author":[{"embeddable":true,"href":"https:\/\/cmvsf2.org\/web\/wp-json\/wp\/v2\/users\/3"}],"replies":[{"embeddable":true,"href":"https:\/\/cmvsf2.org\/web\/wp-json\/wp\/v2\/comments?post=5826"}],"version-history":[{"count":0,"href":"https:\/\/cmvsf2.org\/web\/wp-json\/wp\/v2\/posts\/5826\/revisions"}],"wp:featuredmedia":[{"embeddable":true,"href":"https:\/\/cmvsf2.org\/web\/wp-json\/wp\/v2\/media\/1472"}],"wp:attachment":[{"href":"https:\/\/cmvsf2.org\/web\/wp-json\/wp\/v2\/media?parent=5826"}],"wp:term":[{"taxonomy":"category","embeddable":true,"href":"https:\/\/cmvsf2.org\/web\/wp-json\/wp\/v2\/categories?post=5826"},{"taxonomy":"post_tag","embeddable":true,"href":"https:\/\/cmvsf2.org\/web\/wp-json\/wp\/v2\/tags?post=5826"}],"curies":[{"name":"wp","href":"https:\/\/api.w.org\/{rel}","templated":true}]}}