{"id":5808,"date":"2019-06-25T12:24:10","date_gmt":"2019-06-25T12:24:10","guid":{"rendered":"http:\/\/sessionstudio.ar\/vet\/web\/?p=5808"},"modified":"2019-06-25T12:24:10","modified_gmt":"2019-06-25T12:24:10","slug":"concurso-para-cubrir-el-cargo-de-medico-veterinario-coordinador","status":"publish","type":"post","link":"https:\/\/cmvsf2.org\/web\/2019\/06\/25\/concurso-para-cubrir-el-cargo-de-medico-veterinario-coordinador\/","title":{"rendered":"Concurso para cubrir el cargo de M\u00e9dico Veterinario Coordinador"},"content":{"rendered":"\n<p>A.Co.San.A. (Asoc. Coop. de Sanidad Animal ) llama a concurso para<br \/> cubrir el cargo de M\u00e9dico Veterinario Coordinador (en Firmat \u2013Zona Noreste<br \/> Dto. Gral L\u00f3pez-) del Plan Nacional de Control y Erradicaci\u00f3n de la Fiebre<br \/> Aftosa, Carbunclo y los planes vigentes de Brucelosis y Tuberculosis Bovina.<\/p>\n\n\n<p><strong> Requisitos excluyentes:<\/strong><\/p>\n\n\n<ul class=\"wp-block-list\"><li>T\u00edtulo de M\u00e9dico Veterinario.<\/li><li>Matr\u00edcula profesional vigente.<\/li><li>Movilidad propia.<\/li><li>Conocimiento de PC<\/li><\/ul>\n\n\n<p><strong>La convocatoria entra en vigencia a partir del d\u00eda de la fecha hasta el<br \/>lunes 22 de JULIO de 2019.<\/strong><br \/>Forma de Trabajo:<br \/>Durante los per\u00edodo de Vacunaci\u00f3n (Marzo &#8211; Abril) \u2013 (Octubre &#8211; Noviembre) o hasta el cierre de la misma, la dedicaci\u00f3n es de lunes a viernes por la ma\u00f1ana y en inter-campa\u00f1a (meses restantes) 1 d\u00eda a la  semana a  convenir. <\/p>\n\n\n<p><strong>Presentaci\u00f3n de Curr\u00edculum:<\/strong><br \/>Lugar: Local social de A.Co.San.A &#8211; C\u00f3rdoba 334-Firmat .<br \/>Horarios: de 8 a 12 h. \u00f3 v\u00eda mail: acosanafirmat@gmail.com<br \/>Por consultas comunicarse al 03465-423677. <\/p>\n","protected":false},"excerpt":{"rendered":"<p>A.Co.San.A. (Asoc. Coop. de Sanidad Animal ) llama a concurso para cubrir el cargo de M\u00e9dico Veterinario Coordinador (en Firmat \u2013Zona Noreste Dto. Gral L\u00f3pez-) del Plan Nacional de Control y Erradicaci\u00f3n de la Fiebre Aftosa, Carbunclo y los planes vigentes de Brucelosis y Tuberculosis Bovina. Requisitos excluyentes: T\u00edtulo de M\u00e9dico Veterinario. Matr\u00edcula profesional vigente. Movilidad propia. Conocimiento de PC La convocatoria entra en [&hellip;]<\/p>\n","protected":false},"author":3,"featured_media":5149,"comment_status":"open","ping_status":"open","sticky":false,"template":"","format":"standard","meta":{"_acf_changed":false,"footnotes":""},"categories":[1],"tags":[],"class_list":["post-5808","post","type-post","status-publish","format-standard","has-post-thumbnail","hentry","category-sin-categoria"],"acf":[],"yoast_head":"<!-- This site is optimized with the Yoast SEO plugin v28.2 - https:\/\/yoast.com\/product\/yoast-seo-wordpress\/ -->\n<title>Concurso para cubrir el cargo de M\u00e9dico Veterinario Coordinador - Colegio De Veterinarios De Santa Fe 2da. Circunscripci\u00f3n<\/title>\n<meta name=\"description\" content=\"A.Co.San.A. (Asoc. Coop. de Sanidad Animal ) llama a concurso para cubrir el cargo de M\u00e9dico Veterinario Coordinador (en Firmat \u2013Zona Noreste Dto. Gral\" \/>\n<meta name=\"robots\" content=\"index, follow, max-snippet:-1, max-image-preview:large, max-video-preview:-1\" \/>\n<link rel=\"canonical\" href=\"https:\/\/cmvsf2.org\/web\/2019\/06\/25\/concurso-para-cubrir-el-cargo-de-medico-veterinario-coordinador\/\" \/>\n<meta property=\"og:locale\" content=\"es_ES\" \/>\n<meta property=\"og:type\" content=\"article\" \/>\n<meta property=\"og:title\" content=\"Concurso para cubrir el cargo de M\u00e9dico Veterinario Coordinador - Colegio De Veterinarios De Santa Fe 2da. Circunscripci\u00f3n\" \/>\n<meta property=\"og:description\" content=\"A.Co.San.A. (Asoc. Coop. de Sanidad Animal ) llama a concurso para cubrir el cargo de M\u00e9dico Veterinario Coordinador (en Firmat \u2013Zona Noreste Dto. Gral\" \/>\n<meta property=\"og:url\" content=\"https:\/\/cmvsf2.org\/web\/2019\/06\/25\/concurso-para-cubrir-el-cargo-de-medico-veterinario-coordinador\/\" \/>\n<meta property=\"og:site_name\" content=\"Colegio De Veterinarios De Santa Fe 2da. Circunscripci\u00f3n\" \/>\n<meta property=\"article:published_time\" content=\"2019-06-25T12:24:10+00:00\" \/>\n<meta property=\"og:image\" content=\"https:\/\/cmvsf2.org\/web\/wp-content\/uploads\/2018\/03\/andrew-neel-308138-unsplash-e1520263544846-1.jpg\" \/>\n\t<meta property=\"og:image:width\" content=\"800\" \/>\n\t<meta property=\"og:image:height\" content=\"533\" \/>\n\t<meta property=\"og:image:type\" content=\"image\/jpeg\" \/>\n<meta name=\"author\" content=\"cmvsf2\" \/>\n<meta name=\"twitter:card\" content=\"summary_large_image\" \/>\n<meta name=\"twitter:label1\" content=\"Escrito por\" \/>\n\t<meta name=\"twitter:data1\" content=\"cmvsf2\" \/>\n\t<meta name=\"twitter:label2\" content=\"Tiempo de lectura\" \/>\n\t<meta name=\"twitter:data2\" content=\"1 minuto\" \/>\n<script type=\"application\/ld+json\" class=\"yoast-schema-graph\">{\"@context\":\"https:\\\/\\\/schema.org\",\"@graph\":[{\"@type\":\"Article\",\"@id\":\"https:\\\/\\\/cmvsf2.org\\\/web\\\/2019\\\/06\\\/25\\\/concurso-para-cubrir-el-cargo-de-medico-veterinario-coordinador\\\/#article\",\"isPartOf\":{\"@id\":\"https:\\\/\\\/cmvsf2.org\\\/web\\\/2019\\\/06\\\/25\\\/concurso-para-cubrir-el-cargo-de-medico-veterinario-coordinador\\\/\"},\"author\":{\"name\":\"cmvsf2\",\"@id\":\"https:\\\/\\\/cmvsf2.org\\\/web\\\/#\\\/schema\\\/person\\\/46ea3630099a4a3df8d89f07cf5f7520\"},\"headline\":\"Concurso para cubrir el cargo de M\u00e9dico Veterinario Coordinador\",\"datePublished\":\"2019-06-25T12:24:10+00:00\",\"mainEntityOfPage\":{\"@id\":\"https:\\\/\\\/cmvsf2.org\\\/web\\\/2019\\\/06\\\/25\\\/concurso-para-cubrir-el-cargo-de-medico-veterinario-coordinador\\\/\"},\"wordCount\":175,\"commentCount\":0,\"publisher\":{\"@id\":\"https:\\\/\\\/cmvsf2.org\\\/web\\\/#organization\"},\"image\":{\"@id\":\"https:\\\/\\\/cmvsf2.org\\\/web\\\/2019\\\/06\\\/25\\\/concurso-para-cubrir-el-cargo-de-medico-veterinario-coordinador\\\/#primaryimage\"},\"thumbnailUrl\":\"https:\\\/\\\/cmvsf2.org\\\/web\\\/wp-content\\\/uploads\\\/2018\\\/03\\\/andrew-neel-308138-unsplash-e1520263544846-1.jpg\",\"inLanguage\":\"es\"},{\"@type\":\"WebPage\",\"@id\":\"https:\\\/\\\/cmvsf2.org\\\/web\\\/2019\\\/06\\\/25\\\/concurso-para-cubrir-el-cargo-de-medico-veterinario-coordinador\\\/\",\"url\":\"https:\\\/\\\/cmvsf2.org\\\/web\\\/2019\\\/06\\\/25\\\/concurso-para-cubrir-el-cargo-de-medico-veterinario-coordinador\\\/\",\"name\":\"Concurso para cubrir el cargo de M\u00e9dico Veterinario Coordinador - Colegio De Veterinarios De Santa Fe 2da. Circunscripci\u00f3n\",\"isPartOf\":{\"@id\":\"https:\\\/\\\/cmvsf2.org\\\/web\\\/#website\"},\"primaryImageOfPage\":{\"@id\":\"https:\\\/\\\/cmvsf2.org\\\/web\\\/2019\\\/06\\\/25\\\/concurso-para-cubrir-el-cargo-de-medico-veterinario-coordinador\\\/#primaryimage\"},\"image\":{\"@id\":\"https:\\\/\\\/cmvsf2.org\\\/web\\\/2019\\\/06\\\/25\\\/concurso-para-cubrir-el-cargo-de-medico-veterinario-coordinador\\\/#primaryimage\"},\"thumbnailUrl\":\"https:\\\/\\\/cmvsf2.org\\\/web\\\/wp-content\\\/uploads\\\/2018\\\/03\\\/andrew-neel-308138-unsplash-e1520263544846-1.jpg\",\"datePublished\":\"2019-06-25T12:24:10+00:00\",\"description\":\"A.Co.San.A. (Asoc. Coop. de Sanidad Animal ) llama a concurso para cubrir el cargo de M\u00e9dico Veterinario Coordinador (en Firmat \u2013Zona Noreste Dto. Gral\",\"breadcrumb\":{\"@id\":\"https:\\\/\\\/cmvsf2.org\\\/web\\\/2019\\\/06\\\/25\\\/concurso-para-cubrir-el-cargo-de-medico-veterinario-coordinador\\\/#breadcrumb\"},\"inLanguage\":\"es\",\"potentialAction\":[{\"@type\":\"ReadAction\",\"target\":[\"https:\\\/\\\/cmvsf2.org\\\/web\\\/2019\\\/06\\\/25\\\/concurso-para-cubrir-el-cargo-de-medico-veterinario-coordinador\\\/\"]}]},{\"@type\":\"ImageObject\",\"inLanguage\":\"es\",\"@id\":\"https:\\\/\\\/cmvsf2.org\\\/web\\\/2019\\\/06\\\/25\\\/concurso-para-cubrir-el-cargo-de-medico-veterinario-coordinador\\\/#primaryimage\",\"url\":\"https:\\\/\\\/cmvsf2.org\\\/web\\\/wp-content\\\/uploads\\\/2018\\\/03\\\/andrew-neel-308138-unsplash-e1520263544846-1.jpg\",\"contentUrl\":\"https:\\\/\\\/cmvsf2.org\\\/web\\\/wp-content\\\/uploads\\\/2018\\\/03\\\/andrew-neel-308138-unsplash-e1520263544846-1.jpg\",\"width\":800,\"height\":533},{\"@type\":\"BreadcrumbList\",\"@id\":\"https:\\\/\\\/cmvsf2.org\\\/web\\\/2019\\\/06\\\/25\\\/concurso-para-cubrir-el-cargo-de-medico-veterinario-coordinador\\\/#breadcrumb\",\"itemListElement\":[{\"@type\":\"ListItem\",\"position\":1,\"name\":\"Portada\",\"item\":\"https:\\\/\\\/cmvsf2.org\\\/web\\\/\"},{\"@type\":\"ListItem\",\"position\":2,\"name\":\"Concurso para cubrir el cargo de M\u00e9dico Veterinario Coordinador\"}]},{\"@type\":\"WebSite\",\"@id\":\"https:\\\/\\\/cmvsf2.org\\\/web\\\/#website\",\"url\":\"https:\\\/\\\/cmvsf2.org\\\/web\\\/\",\"name\":\"Colegio De Veterinarios De Santa Fe 2da. Circunscripci\u00f3n\",\"description\":\"Sitio institucional del Colegio de M\u00e9dicos Veterinario de Santa Fe 2da. Circunscripci\u00f3n\",\"publisher\":{\"@id\":\"https:\\\/\\\/cmvsf2.org\\\/web\\\/#organization\"},\"potentialAction\":[{\"@type\":\"SearchAction\",\"target\":{\"@type\":\"EntryPoint\",\"urlTemplate\":\"https:\\\/\\\/cmvsf2.org\\\/web\\\/?s={search_term_string}\"},\"query-input\":{\"@type\":\"PropertyValueSpecification\",\"valueRequired\":true,\"valueName\":\"search_term_string\"}}],\"inLanguage\":\"es\"},{\"@type\":\"Organization\",\"@id\":\"https:\\\/\\\/cmvsf2.org\\\/web\\\/#organization\",\"name\":\"Colegio De Veterinarios De Santa Fe 2da. Circunscripci\u00f3n\",\"url\":\"https:\\\/\\\/cmvsf2.org\\\/web\\\/\",\"logo\":{\"@type\":\"ImageObject\",\"inLanguage\":\"es\",\"@id\":\"https:\\\/\\\/cmvsf2.org\\\/web\\\/#\\\/schema\\\/logo\\\/image\\\/\",\"url\":\"http:\\\/\\\/cmvsf2.org\\\/web\\\/wp-content\\\/uploads\\\/2020\\\/03\\\/vector-logo-02.png\",\"contentUrl\":\"http:\\\/\\\/cmvsf2.org\\\/web\\\/wp-content\\\/uploads\\\/2020\\\/03\\\/vector-logo-02.png\",\"width\":2750,\"height\":642,\"caption\":\"Colegio De Veterinarios De Santa Fe 2da. Circunscripci\u00f3n\"},\"image\":{\"@id\":\"https:\\\/\\\/cmvsf2.org\\\/web\\\/#\\\/schema\\\/logo\\\/image\\\/\"}},{\"@type\":\"Person\",\"@id\":\"https:\\\/\\\/cmvsf2.org\\\/web\\\/#\\\/schema\\\/person\\\/46ea3630099a4a3df8d89f07cf5f7520\",\"name\":\"cmvsf2\",\"image\":{\"@type\":\"ImageObject\",\"inLanguage\":\"es\",\"@id\":\"https:\\\/\\\/secure.gravatar.com\\\/avatar\\\/669647b61c77f28f1aa51df04174a5ecb296e9988b4a93d2870666cd1f502cd7?s=96&d=mm&r=g\",\"url\":\"https:\\\/\\\/secure.gravatar.com\\\/avatar\\\/669647b61c77f28f1aa51df04174a5ecb296e9988b4a93d2870666cd1f502cd7?s=96&d=mm&r=g\",\"contentUrl\":\"https:\\\/\\\/secure.gravatar.com\\\/avatar\\\/669647b61c77f28f1aa51df04174a5ecb296e9988b4a93d2870666cd1f502cd7?s=96&d=mm&r=g\",\"caption\":\"cmvsf2\"}}]}<\/script>\n<!-- \/ Yoast SEO plugin. -->","yoast_head_json":{"title":"Concurso para cubrir el cargo de M\u00e9dico Veterinario Coordinador - Colegio De Veterinarios De Santa Fe 2da. Circunscripci\u00f3n","description":"A.Co.San.A. (Asoc. Coop. de Sanidad Animal ) llama a concurso para cubrir el cargo de M\u00e9dico Veterinario Coordinador (en Firmat \u2013Zona Noreste Dto. Gral","robots":{"index":"index","follow":"follow","max-snippet":"max-snippet:-1","max-image-preview":"max-image-preview:large","max-video-preview":"max-video-preview:-1"},"canonical":"https:\/\/cmvsf2.org\/web\/2019\/06\/25\/concurso-para-cubrir-el-cargo-de-medico-veterinario-coordinador\/","og_locale":"es_ES","og_type":"article","og_title":"Concurso para cubrir el cargo de M\u00e9dico Veterinario Coordinador - Colegio De Veterinarios De Santa Fe 2da. Circunscripci\u00f3n","og_description":"A.Co.San.A. (Asoc. Coop. de Sanidad Animal ) llama a concurso para cubrir el cargo de M\u00e9dico Veterinario Coordinador (en Firmat \u2013Zona Noreste Dto. Gral","og_url":"https:\/\/cmvsf2.org\/web\/2019\/06\/25\/concurso-para-cubrir-el-cargo-de-medico-veterinario-coordinador\/","og_site_name":"Colegio De Veterinarios De Santa Fe 2da. Circunscripci\u00f3n","article_published_time":"2019-06-25T12:24:10+00:00","og_image":[{"width":800,"height":533,"url":"https:\/\/cmvsf2.org\/web\/wp-content\/uploads\/2018\/03\/andrew-neel-308138-unsplash-e1520263544846-1.jpg","type":"image\/jpeg"}],"author":"cmvsf2","twitter_card":"summary_large_image","twitter_misc":{"Escrito por":"cmvsf2","Tiempo de lectura":"1 minuto"},"schema":{"@context":"https:\/\/schema.org","@graph":[{"@type":"Article","@id":"https:\/\/cmvsf2.org\/web\/2019\/06\/25\/concurso-para-cubrir-el-cargo-de-medico-veterinario-coordinador\/#article","isPartOf":{"@id":"https:\/\/cmvsf2.org\/web\/2019\/06\/25\/concurso-para-cubrir-el-cargo-de-medico-veterinario-coordinador\/"},"author":{"name":"cmvsf2","@id":"https:\/\/cmvsf2.org\/web\/#\/schema\/person\/46ea3630099a4a3df8d89f07cf5f7520"},"headline":"Concurso para cubrir el cargo de M\u00e9dico Veterinario Coordinador","datePublished":"2019-06-25T12:24:10+00:00","mainEntityOfPage":{"@id":"https:\/\/cmvsf2.org\/web\/2019\/06\/25\/concurso-para-cubrir-el-cargo-de-medico-veterinario-coordinador\/"},"wordCount":175,"commentCount":0,"publisher":{"@id":"https:\/\/cmvsf2.org\/web\/#organization"},"image":{"@id":"https:\/\/cmvsf2.org\/web\/2019\/06\/25\/concurso-para-cubrir-el-cargo-de-medico-veterinario-coordinador\/#primaryimage"},"thumbnailUrl":"https:\/\/cmvsf2.org\/web\/wp-content\/uploads\/2018\/03\/andrew-neel-308138-unsplash-e1520263544846-1.jpg","inLanguage":"es"},{"@type":"WebPage","@id":"https:\/\/cmvsf2.org\/web\/2019\/06\/25\/concurso-para-cubrir-el-cargo-de-medico-veterinario-coordinador\/","url":"https:\/\/cmvsf2.org\/web\/2019\/06\/25\/concurso-para-cubrir-el-cargo-de-medico-veterinario-coordinador\/","name":"Concurso para cubrir el cargo de M\u00e9dico Veterinario Coordinador - Colegio De Veterinarios De Santa Fe 2da. Circunscripci\u00f3n","isPartOf":{"@id":"https:\/\/cmvsf2.org\/web\/#website"},"primaryImageOfPage":{"@id":"https:\/\/cmvsf2.org\/web\/2019\/06\/25\/concurso-para-cubrir-el-cargo-de-medico-veterinario-coordinador\/#primaryimage"},"image":{"@id":"https:\/\/cmvsf2.org\/web\/2019\/06\/25\/concurso-para-cubrir-el-cargo-de-medico-veterinario-coordinador\/#primaryimage"},"thumbnailUrl":"https:\/\/cmvsf2.org\/web\/wp-content\/uploads\/2018\/03\/andrew-neel-308138-unsplash-e1520263544846-1.jpg","datePublished":"2019-06-25T12:24:10+00:00","description":"A.Co.San.A. (Asoc. Coop. de Sanidad Animal ) llama a concurso para cubrir el cargo de M\u00e9dico Veterinario Coordinador (en Firmat \u2013Zona Noreste Dto. Gral","breadcrumb":{"@id":"https:\/\/cmvsf2.org\/web\/2019\/06\/25\/concurso-para-cubrir-el-cargo-de-medico-veterinario-coordinador\/#breadcrumb"},"inLanguage":"es","potentialAction":[{"@type":"ReadAction","target":["https:\/\/cmvsf2.org\/web\/2019\/06\/25\/concurso-para-cubrir-el-cargo-de-medico-veterinario-coordinador\/"]}]},{"@type":"ImageObject","inLanguage":"es","@id":"https:\/\/cmvsf2.org\/web\/2019\/06\/25\/concurso-para-cubrir-el-cargo-de-medico-veterinario-coordinador\/#primaryimage","url":"https:\/\/cmvsf2.org\/web\/wp-content\/uploads\/2018\/03\/andrew-neel-308138-unsplash-e1520263544846-1.jpg","contentUrl":"https:\/\/cmvsf2.org\/web\/wp-content\/uploads\/2018\/03\/andrew-neel-308138-unsplash-e1520263544846-1.jpg","width":800,"height":533},{"@type":"BreadcrumbList","@id":"https:\/\/cmvsf2.org\/web\/2019\/06\/25\/concurso-para-cubrir-el-cargo-de-medico-veterinario-coordinador\/#breadcrumb","itemListElement":[{"@type":"ListItem","position":1,"name":"Portada","item":"https:\/\/cmvsf2.org\/web\/"},{"@type":"ListItem","position":2,"name":"Concurso para cubrir el cargo de M\u00e9dico Veterinario Coordinador"}]},{"@type":"WebSite","@id":"https:\/\/cmvsf2.org\/web\/#website","url":"https:\/\/cmvsf2.org\/web\/","name":"Colegio De Veterinarios De Santa Fe 2da. Circunscripci\u00f3n","description":"Sitio institucional del Colegio de M\u00e9dicos Veterinario de Santa Fe 2da. Circunscripci\u00f3n","publisher":{"@id":"https:\/\/cmvsf2.org\/web\/#organization"},"potentialAction":[{"@type":"SearchAction","target":{"@type":"EntryPoint","urlTemplate":"https:\/\/cmvsf2.org\/web\/?s={search_term_string}"},"query-input":{"@type":"PropertyValueSpecification","valueRequired":true,"valueName":"search_term_string"}}],"inLanguage":"es"},{"@type":"Organization","@id":"https:\/\/cmvsf2.org\/web\/#organization","name":"Colegio De Veterinarios De Santa Fe 2da. Circunscripci\u00f3n","url":"https:\/\/cmvsf2.org\/web\/","logo":{"@type":"ImageObject","inLanguage":"es","@id":"https:\/\/cmvsf2.org\/web\/#\/schema\/logo\/image\/","url":"http:\/\/cmvsf2.org\/web\/wp-content\/uploads\/2020\/03\/vector-logo-02.png","contentUrl":"http:\/\/cmvsf2.org\/web\/wp-content\/uploads\/2020\/03\/vector-logo-02.png","width":2750,"height":642,"caption":"Colegio De Veterinarios De Santa Fe 2da. Circunscripci\u00f3n"},"image":{"@id":"https:\/\/cmvsf2.org\/web\/#\/schema\/logo\/image\/"}},{"@type":"Person","@id":"https:\/\/cmvsf2.org\/web\/#\/schema\/person\/46ea3630099a4a3df8d89f07cf5f7520","name":"cmvsf2","image":{"@type":"ImageObject","inLanguage":"es","@id":"https:\/\/secure.gravatar.com\/avatar\/669647b61c77f28f1aa51df04174a5ecb296e9988b4a93d2870666cd1f502cd7?s=96&d=mm&r=g","url":"https:\/\/secure.gravatar.com\/avatar\/669647b61c77f28f1aa51df04174a5ecb296e9988b4a93d2870666cd1f502cd7?s=96&d=mm&r=g","contentUrl":"https:\/\/secure.gravatar.com\/avatar\/669647b61c77f28f1aa51df04174a5ecb296e9988b4a93d2870666cd1f502cd7?s=96&d=mm&r=g","caption":"cmvsf2"}}]}},"_links":{"self":[{"href":"https:\/\/cmvsf2.org\/web\/wp-json\/wp\/v2\/posts\/5808","targetHints":{"allow":["GET"]}}],"collection":[{"href":"https:\/\/cmvsf2.org\/web\/wp-json\/wp\/v2\/posts"}],"about":[{"href":"https:\/\/cmvsf2.org\/web\/wp-json\/wp\/v2\/types\/post"}],"author":[{"embeddable":true,"href":"https:\/\/cmvsf2.org\/web\/wp-json\/wp\/v2\/users\/3"}],"replies":[{"embeddable":true,"href":"https:\/\/cmvsf2.org\/web\/wp-json\/wp\/v2\/comments?post=5808"}],"version-history":[{"count":0,"href":"https:\/\/cmvsf2.org\/web\/wp-json\/wp\/v2\/posts\/5808\/revisions"}],"wp:featuredmedia":[{"embeddable":true,"href":"https:\/\/cmvsf2.org\/web\/wp-json\/wp\/v2\/media\/5149"}],"wp:attachment":[{"href":"https:\/\/cmvsf2.org\/web\/wp-json\/wp\/v2\/media?parent=5808"}],"wp:term":[{"taxonomy":"category","embeddable":true,"href":"https:\/\/cmvsf2.org\/web\/wp-json\/wp\/v2\/categories?post=5808"},{"taxonomy":"post_tag","embeddable":true,"href":"https:\/\/cmvsf2.org\/web\/wp-json\/wp\/v2\/tags?post=5808"}],"curies":[{"name":"wp","href":"https:\/\/api.w.org\/{rel}","templated":true}]}}