{"id":5770,"date":"2019-06-10T13:32:03","date_gmt":"2019-06-10T13:32:03","guid":{"rendered":"http:\/\/sessionstudio.ar\/vet\/web\/?p=5770"},"modified":"2019-06-10T13:32:03","modified_gmt":"2019-06-10T13:32:03","slug":"inmunoprofilaxis-en-pequenos-animales-ciclo-de-reuniones-para-la-educacion-continua","status":"publish","type":"post","link":"https:\/\/cmvsf2.org\/web\/2019\/06\/10\/inmunoprofilaxis-en-pequenos-animales-ciclo-de-reuniones-para-la-educacion-continua\/","title":{"rendered":"Inmunoprofilaxis en Peque\u00f1os Animales. Ciclo de Reuniones para la Educaci\u00f3n Continua."},"content":{"rendered":"\n<div class=\"wp-block-file\"><a href=\"https:\/\/cmvsf2.org\/web\/wp-content\/uploads\/2019\/06\/sueros-y-vacunas-programa-inmunoprofilaxis-cmv-2019-1-1.pdf\"> <br \/>PROGRAMA: Inmunoprofilaxis en Peque\u00f1os Animales<\/a><a href=\"https:\/\/cmvsf2.org\/web\/wp-content\/uploads\/2019\/06\/sueros-y-vacunas-programa-inmunoprofilaxis-cmv-2019-1-1.pdf\" class=\"wp-block-file__button\" download>Descarga<\/a><\/div>\n\n\n<figure class=\"wp-block-image\"><img decoding=\"async\" src=\"http:\/\/sessionstudio.ar\/vet\/web\/wp-content\/uploads\/2019\/06\/flyer-inmuno-01-724x1024.jpg\" alt=\"\" class=\"wp-image-5774\"\/><figcaption> <br \/><strong>Inscripciones:<\/strong><br \/>Suipacha 347, Rosario<br \/>+54 341 4399814 \/ 4376083 \/ 4375353<br \/><a rel=\"noreferrer noopener\" href=\"mailto:info@cmvsf2.org\" target=\"_blank\">info@cmvsf2.org<\/a> <\/figcaption><\/figure>\n\n\n<p><\/p>\n","protected":false},"excerpt":{"rendered":"PROGRAMA: Inmunoprofilaxis en Peque\u00f1os AnimalesDescarga Inscripciones:Suipacha 347, Rosario+54 341 4399814 \/ 4376083 \/ 4375353info@cmvsf2.org","protected":false},"author":3,"featured_media":5774,"comment_status":"open","ping_status":"open","sticky":false,"template":"","format":"standard","meta":{"_acf_changed":false,"footnotes":""},"categories":[1],"tags":[],"class_list":["post-5770","post","type-post","status-publish","format-standard","has-post-thumbnail","hentry","category-sin-categoria"],"acf":[],"yoast_head":"<!-- This site is optimized with the Yoast SEO plugin v28.2 - https:\/\/yoast.com\/product\/yoast-seo-wordpress\/ -->\n<title>Inmunoprofilaxis en Peque\u00f1os Animales. Ciclo de Reuniones para la Educaci\u00f3n Continua. - Colegio De Veterinarios De Santa Fe 2da. Circunscripci\u00f3n<\/title>\n<meta name=\"description\" content=\"Inmunoprofilaxis en Peque\u00f1os Animales. Ciclo de Reuniones para la Educaci\u00f3n Continua. Se realizar\u00e1 el viernes 5 de julio en la sede del CMVSF2, Suipacha 347. Se requiere inscripci\u00f3n previa por cupos limitados.\" \/>\n<meta name=\"robots\" content=\"index, follow, max-snippet:-1, max-image-preview:large, max-video-preview:-1\" \/>\n<link rel=\"canonical\" href=\"https:\/\/cmvsf2.org\/web\/2019\/06\/10\/inmunoprofilaxis-en-pequenos-animales-ciclo-de-reuniones-para-la-educacion-continua\/\" \/>\n<meta property=\"og:locale\" content=\"es_ES\" \/>\n<meta property=\"og:type\" content=\"article\" \/>\n<meta property=\"og:title\" content=\"Inmunoprofilaxis en Peque\u00f1os Animales. Ciclo de Reuniones para la Educaci\u00f3n Continua. - Colegio De Veterinarios De Santa Fe 2da. Circunscripci\u00f3n\" \/>\n<meta property=\"og:description\" content=\"Inmunoprofilaxis en Peque\u00f1os Animales. Ciclo de Reuniones para la Educaci\u00f3n Continua. Se realizar\u00e1 el viernes 5 de julio en la sede del CMVSF2, Suipacha 347. Se requiere inscripci\u00f3n previa por cupos limitados.\" \/>\n<meta property=\"og:url\" content=\"https:\/\/cmvsf2.org\/web\/2019\/06\/10\/inmunoprofilaxis-en-pequenos-animales-ciclo-de-reuniones-para-la-educacion-continua\/\" \/>\n<meta property=\"og:site_name\" content=\"Colegio De Veterinarios De Santa Fe 2da. Circunscripci\u00f3n\" \/>\n<meta property=\"article:published_time\" content=\"2019-06-10T13:32:03+00:00\" \/>\n<meta property=\"og:image\" content=\"https:\/\/cmvsf2.org\/web\/wp-content\/uploads\/2019\/06\/flyer-inmuno-01-e1560173172875-1.jpg\" \/>\n\t<meta property=\"og:image:width\" content=\"1060\" \/>\n\t<meta property=\"og:image:height\" content=\"1500\" \/>\n\t<meta property=\"og:image:type\" content=\"image\/jpeg\" \/>\n<meta name=\"author\" content=\"cmvsf2\" \/>\n<meta name=\"twitter:card\" content=\"summary_large_image\" \/>\n<meta name=\"twitter:label1\" content=\"Escrito por\" \/>\n\t<meta name=\"twitter:data1\" content=\"cmvsf2\" \/>\n<script type=\"application\/ld+json\" class=\"yoast-schema-graph\">{\"@context\":\"https:\\\/\\\/schema.org\",\"@graph\":[{\"@type\":\"Article\",\"@id\":\"https:\\\/\\\/cmvsf2.org\\\/web\\\/2019\\\/06\\\/10\\\/inmunoprofilaxis-en-pequenos-animales-ciclo-de-reuniones-para-la-educacion-continua\\\/#article\",\"isPartOf\":{\"@id\":\"https:\\\/\\\/cmvsf2.org\\\/web\\\/2019\\\/06\\\/10\\\/inmunoprofilaxis-en-pequenos-animales-ciclo-de-reuniones-para-la-educacion-continua\\\/\"},\"author\":{\"name\":\"cmvsf2\",\"@id\":\"https:\\\/\\\/cmvsf2.org\\\/web\\\/#\\\/schema\\\/person\\\/46ea3630099a4a3df8d89f07cf5f7520\"},\"headline\":\"Inmunoprofilaxis en Peque\u00f1os Animales. Ciclo de Reuniones para la Educaci\u00f3n Continua.\",\"datePublished\":\"2019-06-10T13:32:03+00:00\",\"mainEntityOfPage\":{\"@id\":\"https:\\\/\\\/cmvsf2.org\\\/web\\\/2019\\\/06\\\/10\\\/inmunoprofilaxis-en-pequenos-animales-ciclo-de-reuniones-para-la-educacion-continua\\\/\"},\"wordCount\":26,\"commentCount\":0,\"publisher\":{\"@id\":\"https:\\\/\\\/cmvsf2.org\\\/web\\\/#organization\"},\"image\":{\"@id\":\"https:\\\/\\\/cmvsf2.org\\\/web\\\/2019\\\/06\\\/10\\\/inmunoprofilaxis-en-pequenos-animales-ciclo-de-reuniones-para-la-educacion-continua\\\/#primaryimage\"},\"thumbnailUrl\":\"https:\\\/\\\/cmvsf2.org\\\/web\\\/wp-content\\\/uploads\\\/2019\\\/06\\\/flyer-inmuno-01-e1560173172875-1.jpg\",\"inLanguage\":\"es\"},{\"@type\":\"WebPage\",\"@id\":\"https:\\\/\\\/cmvsf2.org\\\/web\\\/2019\\\/06\\\/10\\\/inmunoprofilaxis-en-pequenos-animales-ciclo-de-reuniones-para-la-educacion-continua\\\/\",\"url\":\"https:\\\/\\\/cmvsf2.org\\\/web\\\/2019\\\/06\\\/10\\\/inmunoprofilaxis-en-pequenos-animales-ciclo-de-reuniones-para-la-educacion-continua\\\/\",\"name\":\"Inmunoprofilaxis en Peque\u00f1os Animales. Ciclo de Reuniones para la Educaci\u00f3n Continua. - Colegio De Veterinarios De Santa Fe 2da. Circunscripci\u00f3n\",\"isPartOf\":{\"@id\":\"https:\\\/\\\/cmvsf2.org\\\/web\\\/#website\"},\"primaryImageOfPage\":{\"@id\":\"https:\\\/\\\/cmvsf2.org\\\/web\\\/2019\\\/06\\\/10\\\/inmunoprofilaxis-en-pequenos-animales-ciclo-de-reuniones-para-la-educacion-continua\\\/#primaryimage\"},\"image\":{\"@id\":\"https:\\\/\\\/cmvsf2.org\\\/web\\\/2019\\\/06\\\/10\\\/inmunoprofilaxis-en-pequenos-animales-ciclo-de-reuniones-para-la-educacion-continua\\\/#primaryimage\"},\"thumbnailUrl\":\"https:\\\/\\\/cmvsf2.org\\\/web\\\/wp-content\\\/uploads\\\/2019\\\/06\\\/flyer-inmuno-01-e1560173172875-1.jpg\",\"datePublished\":\"2019-06-10T13:32:03+00:00\",\"description\":\"Inmunoprofilaxis en Peque\u00f1os Animales. Ciclo de Reuniones para la Educaci\u00f3n Continua. Se realizar\u00e1 el viernes 5 de julio en la sede del CMVSF2, Suipacha 347. Se requiere inscripci\u00f3n previa por cupos limitados.\",\"breadcrumb\":{\"@id\":\"https:\\\/\\\/cmvsf2.org\\\/web\\\/2019\\\/06\\\/10\\\/inmunoprofilaxis-en-pequenos-animales-ciclo-de-reuniones-para-la-educacion-continua\\\/#breadcrumb\"},\"inLanguage\":\"es\",\"potentialAction\":[{\"@type\":\"ReadAction\",\"target\":[\"https:\\\/\\\/cmvsf2.org\\\/web\\\/2019\\\/06\\\/10\\\/inmunoprofilaxis-en-pequenos-animales-ciclo-de-reuniones-para-la-educacion-continua\\\/\"]}]},{\"@type\":\"ImageObject\",\"inLanguage\":\"es\",\"@id\":\"https:\\\/\\\/cmvsf2.org\\\/web\\\/2019\\\/06\\\/10\\\/inmunoprofilaxis-en-pequenos-animales-ciclo-de-reuniones-para-la-educacion-continua\\\/#primaryimage\",\"url\":\"https:\\\/\\\/cmvsf2.org\\\/web\\\/wp-content\\\/uploads\\\/2019\\\/06\\\/flyer-inmuno-01-e1560173172875-1.jpg\",\"contentUrl\":\"https:\\\/\\\/cmvsf2.org\\\/web\\\/wp-content\\\/uploads\\\/2019\\\/06\\\/flyer-inmuno-01-e1560173172875-1.jpg\",\"width\":1060,\"height\":1500},{\"@type\":\"BreadcrumbList\",\"@id\":\"https:\\\/\\\/cmvsf2.org\\\/web\\\/2019\\\/06\\\/10\\\/inmunoprofilaxis-en-pequenos-animales-ciclo-de-reuniones-para-la-educacion-continua\\\/#breadcrumb\",\"itemListElement\":[{\"@type\":\"ListItem\",\"position\":1,\"name\":\"Portada\",\"item\":\"https:\\\/\\\/cmvsf2.org\\\/web\\\/\"},{\"@type\":\"ListItem\",\"position\":2,\"name\":\"Inmunoprofilaxis en Peque\u00f1os Animales. Ciclo de Reuniones para la Educaci\u00f3n Continua.\"}]},{\"@type\":\"WebSite\",\"@id\":\"https:\\\/\\\/cmvsf2.org\\\/web\\\/#website\",\"url\":\"https:\\\/\\\/cmvsf2.org\\\/web\\\/\",\"name\":\"Colegio De Veterinarios De Santa Fe 2da. Circunscripci\u00f3n\",\"description\":\"Sitio institucional del Colegio de M\u00e9dicos Veterinario de Santa Fe 2da. Circunscripci\u00f3n\",\"publisher\":{\"@id\":\"https:\\\/\\\/cmvsf2.org\\\/web\\\/#organization\"},\"potentialAction\":[{\"@type\":\"SearchAction\",\"target\":{\"@type\":\"EntryPoint\",\"urlTemplate\":\"https:\\\/\\\/cmvsf2.org\\\/web\\\/?s={search_term_string}\"},\"query-input\":{\"@type\":\"PropertyValueSpecification\",\"valueRequired\":true,\"valueName\":\"search_term_string\"}}],\"inLanguage\":\"es\"},{\"@type\":\"Organization\",\"@id\":\"https:\\\/\\\/cmvsf2.org\\\/web\\\/#organization\",\"name\":\"Colegio De Veterinarios De Santa Fe 2da. Circunscripci\u00f3n\",\"url\":\"https:\\\/\\\/cmvsf2.org\\\/web\\\/\",\"logo\":{\"@type\":\"ImageObject\",\"inLanguage\":\"es\",\"@id\":\"https:\\\/\\\/cmvsf2.org\\\/web\\\/#\\\/schema\\\/logo\\\/image\\\/\",\"url\":\"http:\\\/\\\/cmvsf2.org\\\/web\\\/wp-content\\\/uploads\\\/2020\\\/03\\\/vector-logo-02.png\",\"contentUrl\":\"http:\\\/\\\/cmvsf2.org\\\/web\\\/wp-content\\\/uploads\\\/2020\\\/03\\\/vector-logo-02.png\",\"width\":2750,\"height\":642,\"caption\":\"Colegio De Veterinarios De Santa Fe 2da. Circunscripci\u00f3n\"},\"image\":{\"@id\":\"https:\\\/\\\/cmvsf2.org\\\/web\\\/#\\\/schema\\\/logo\\\/image\\\/\"}},{\"@type\":\"Person\",\"@id\":\"https:\\\/\\\/cmvsf2.org\\\/web\\\/#\\\/schema\\\/person\\\/46ea3630099a4a3df8d89f07cf5f7520\",\"name\":\"cmvsf2\",\"image\":{\"@type\":\"ImageObject\",\"inLanguage\":\"es\",\"@id\":\"https:\\\/\\\/secure.gravatar.com\\\/avatar\\\/669647b61c77f28f1aa51df04174a5ecb296e9988b4a93d2870666cd1f502cd7?s=96&d=mm&r=g\",\"url\":\"https:\\\/\\\/secure.gravatar.com\\\/avatar\\\/669647b61c77f28f1aa51df04174a5ecb296e9988b4a93d2870666cd1f502cd7?s=96&d=mm&r=g\",\"contentUrl\":\"https:\\\/\\\/secure.gravatar.com\\\/avatar\\\/669647b61c77f28f1aa51df04174a5ecb296e9988b4a93d2870666cd1f502cd7?s=96&d=mm&r=g\",\"caption\":\"cmvsf2\"}}]}<\/script>\n<!-- \/ Yoast SEO plugin. -->","yoast_head_json":{"title":"Inmunoprofilaxis en Peque\u00f1os Animales. Ciclo de Reuniones para la Educaci\u00f3n Continua. - Colegio De Veterinarios De Santa Fe 2da. Circunscripci\u00f3n","description":"Inmunoprofilaxis en Peque\u00f1os Animales. Ciclo de Reuniones para la Educaci\u00f3n Continua. Se realizar\u00e1 el viernes 5 de julio en la sede del CMVSF2, Suipacha 347. Se requiere inscripci\u00f3n previa por cupos limitados.","robots":{"index":"index","follow":"follow","max-snippet":"max-snippet:-1","max-image-preview":"max-image-preview:large","max-video-preview":"max-video-preview:-1"},"canonical":"https:\/\/cmvsf2.org\/web\/2019\/06\/10\/inmunoprofilaxis-en-pequenos-animales-ciclo-de-reuniones-para-la-educacion-continua\/","og_locale":"es_ES","og_type":"article","og_title":"Inmunoprofilaxis en Peque\u00f1os Animales. Ciclo de Reuniones para la Educaci\u00f3n Continua. - Colegio De Veterinarios De Santa Fe 2da. Circunscripci\u00f3n","og_description":"Inmunoprofilaxis en Peque\u00f1os Animales. Ciclo de Reuniones para la Educaci\u00f3n Continua. Se realizar\u00e1 el viernes 5 de julio en la sede del CMVSF2, Suipacha 347. Se requiere inscripci\u00f3n previa por cupos limitados.","og_url":"https:\/\/cmvsf2.org\/web\/2019\/06\/10\/inmunoprofilaxis-en-pequenos-animales-ciclo-de-reuniones-para-la-educacion-continua\/","og_site_name":"Colegio De Veterinarios De Santa Fe 2da. Circunscripci\u00f3n","article_published_time":"2019-06-10T13:32:03+00:00","og_image":[{"width":1060,"height":1500,"url":"https:\/\/cmvsf2.org\/web\/wp-content\/uploads\/2019\/06\/flyer-inmuno-01-e1560173172875-1.jpg","type":"image\/jpeg"}],"author":"cmvsf2","twitter_card":"summary_large_image","twitter_misc":{"Escrito por":"cmvsf2"},"schema":{"@context":"https:\/\/schema.org","@graph":[{"@type":"Article","@id":"https:\/\/cmvsf2.org\/web\/2019\/06\/10\/inmunoprofilaxis-en-pequenos-animales-ciclo-de-reuniones-para-la-educacion-continua\/#article","isPartOf":{"@id":"https:\/\/cmvsf2.org\/web\/2019\/06\/10\/inmunoprofilaxis-en-pequenos-animales-ciclo-de-reuniones-para-la-educacion-continua\/"},"author":{"name":"cmvsf2","@id":"https:\/\/cmvsf2.org\/web\/#\/schema\/person\/46ea3630099a4a3df8d89f07cf5f7520"},"headline":"Inmunoprofilaxis en Peque\u00f1os Animales. Ciclo de Reuniones para la Educaci\u00f3n Continua.","datePublished":"2019-06-10T13:32:03+00:00","mainEntityOfPage":{"@id":"https:\/\/cmvsf2.org\/web\/2019\/06\/10\/inmunoprofilaxis-en-pequenos-animales-ciclo-de-reuniones-para-la-educacion-continua\/"},"wordCount":26,"commentCount":0,"publisher":{"@id":"https:\/\/cmvsf2.org\/web\/#organization"},"image":{"@id":"https:\/\/cmvsf2.org\/web\/2019\/06\/10\/inmunoprofilaxis-en-pequenos-animales-ciclo-de-reuniones-para-la-educacion-continua\/#primaryimage"},"thumbnailUrl":"https:\/\/cmvsf2.org\/web\/wp-content\/uploads\/2019\/06\/flyer-inmuno-01-e1560173172875-1.jpg","inLanguage":"es"},{"@type":"WebPage","@id":"https:\/\/cmvsf2.org\/web\/2019\/06\/10\/inmunoprofilaxis-en-pequenos-animales-ciclo-de-reuniones-para-la-educacion-continua\/","url":"https:\/\/cmvsf2.org\/web\/2019\/06\/10\/inmunoprofilaxis-en-pequenos-animales-ciclo-de-reuniones-para-la-educacion-continua\/","name":"Inmunoprofilaxis en Peque\u00f1os Animales. Ciclo de Reuniones para la Educaci\u00f3n Continua. - Colegio De Veterinarios De Santa Fe 2da. Circunscripci\u00f3n","isPartOf":{"@id":"https:\/\/cmvsf2.org\/web\/#website"},"primaryImageOfPage":{"@id":"https:\/\/cmvsf2.org\/web\/2019\/06\/10\/inmunoprofilaxis-en-pequenos-animales-ciclo-de-reuniones-para-la-educacion-continua\/#primaryimage"},"image":{"@id":"https:\/\/cmvsf2.org\/web\/2019\/06\/10\/inmunoprofilaxis-en-pequenos-animales-ciclo-de-reuniones-para-la-educacion-continua\/#primaryimage"},"thumbnailUrl":"https:\/\/cmvsf2.org\/web\/wp-content\/uploads\/2019\/06\/flyer-inmuno-01-e1560173172875-1.jpg","datePublished":"2019-06-10T13:32:03+00:00","description":"Inmunoprofilaxis en Peque\u00f1os Animales. Ciclo de Reuniones para la Educaci\u00f3n Continua. Se realizar\u00e1 el viernes 5 de julio en la sede del CMVSF2, Suipacha 347. Se requiere inscripci\u00f3n previa por cupos limitados.","breadcrumb":{"@id":"https:\/\/cmvsf2.org\/web\/2019\/06\/10\/inmunoprofilaxis-en-pequenos-animales-ciclo-de-reuniones-para-la-educacion-continua\/#breadcrumb"},"inLanguage":"es","potentialAction":[{"@type":"ReadAction","target":["https:\/\/cmvsf2.org\/web\/2019\/06\/10\/inmunoprofilaxis-en-pequenos-animales-ciclo-de-reuniones-para-la-educacion-continua\/"]}]},{"@type":"ImageObject","inLanguage":"es","@id":"https:\/\/cmvsf2.org\/web\/2019\/06\/10\/inmunoprofilaxis-en-pequenos-animales-ciclo-de-reuniones-para-la-educacion-continua\/#primaryimage","url":"https:\/\/cmvsf2.org\/web\/wp-content\/uploads\/2019\/06\/flyer-inmuno-01-e1560173172875-1.jpg","contentUrl":"https:\/\/cmvsf2.org\/web\/wp-content\/uploads\/2019\/06\/flyer-inmuno-01-e1560173172875-1.jpg","width":1060,"height":1500},{"@type":"BreadcrumbList","@id":"https:\/\/cmvsf2.org\/web\/2019\/06\/10\/inmunoprofilaxis-en-pequenos-animales-ciclo-de-reuniones-para-la-educacion-continua\/#breadcrumb","itemListElement":[{"@type":"ListItem","position":1,"name":"Portada","item":"https:\/\/cmvsf2.org\/web\/"},{"@type":"ListItem","position":2,"name":"Inmunoprofilaxis en Peque\u00f1os Animales. Ciclo de Reuniones para la Educaci\u00f3n Continua."}]},{"@type":"WebSite","@id":"https:\/\/cmvsf2.org\/web\/#website","url":"https:\/\/cmvsf2.org\/web\/","name":"Colegio De Veterinarios De Santa Fe 2da. Circunscripci\u00f3n","description":"Sitio institucional del Colegio de M\u00e9dicos Veterinario de Santa Fe 2da. Circunscripci\u00f3n","publisher":{"@id":"https:\/\/cmvsf2.org\/web\/#organization"},"potentialAction":[{"@type":"SearchAction","target":{"@type":"EntryPoint","urlTemplate":"https:\/\/cmvsf2.org\/web\/?s={search_term_string}"},"query-input":{"@type":"PropertyValueSpecification","valueRequired":true,"valueName":"search_term_string"}}],"inLanguage":"es"},{"@type":"Organization","@id":"https:\/\/cmvsf2.org\/web\/#organization","name":"Colegio De Veterinarios De Santa Fe 2da. Circunscripci\u00f3n","url":"https:\/\/cmvsf2.org\/web\/","logo":{"@type":"ImageObject","inLanguage":"es","@id":"https:\/\/cmvsf2.org\/web\/#\/schema\/logo\/image\/","url":"http:\/\/cmvsf2.org\/web\/wp-content\/uploads\/2020\/03\/vector-logo-02.png","contentUrl":"http:\/\/cmvsf2.org\/web\/wp-content\/uploads\/2020\/03\/vector-logo-02.png","width":2750,"height":642,"caption":"Colegio De Veterinarios De Santa Fe 2da. Circunscripci\u00f3n"},"image":{"@id":"https:\/\/cmvsf2.org\/web\/#\/schema\/logo\/image\/"}},{"@type":"Person","@id":"https:\/\/cmvsf2.org\/web\/#\/schema\/person\/46ea3630099a4a3df8d89f07cf5f7520","name":"cmvsf2","image":{"@type":"ImageObject","inLanguage":"es","@id":"https:\/\/secure.gravatar.com\/avatar\/669647b61c77f28f1aa51df04174a5ecb296e9988b4a93d2870666cd1f502cd7?s=96&d=mm&r=g","url":"https:\/\/secure.gravatar.com\/avatar\/669647b61c77f28f1aa51df04174a5ecb296e9988b4a93d2870666cd1f502cd7?s=96&d=mm&r=g","contentUrl":"https:\/\/secure.gravatar.com\/avatar\/669647b61c77f28f1aa51df04174a5ecb296e9988b4a93d2870666cd1f502cd7?s=96&d=mm&r=g","caption":"cmvsf2"}}]}},"_links":{"self":[{"href":"https:\/\/cmvsf2.org\/web\/wp-json\/wp\/v2\/posts\/5770","targetHints":{"allow":["GET"]}}],"collection":[{"href":"https:\/\/cmvsf2.org\/web\/wp-json\/wp\/v2\/posts"}],"about":[{"href":"https:\/\/cmvsf2.org\/web\/wp-json\/wp\/v2\/types\/post"}],"author":[{"embeddable":true,"href":"https:\/\/cmvsf2.org\/web\/wp-json\/wp\/v2\/users\/3"}],"replies":[{"embeddable":true,"href":"https:\/\/cmvsf2.org\/web\/wp-json\/wp\/v2\/comments?post=5770"}],"version-history":[{"count":0,"href":"https:\/\/cmvsf2.org\/web\/wp-json\/wp\/v2\/posts\/5770\/revisions"}],"wp:featuredmedia":[{"embeddable":true,"href":"https:\/\/cmvsf2.org\/web\/wp-json\/wp\/v2\/media\/5774"}],"wp:attachment":[{"href":"https:\/\/cmvsf2.org\/web\/wp-json\/wp\/v2\/media?parent=5770"}],"wp:term":[{"taxonomy":"category","embeddable":true,"href":"https:\/\/cmvsf2.org\/web\/wp-json\/wp\/v2\/categories?post=5770"},{"taxonomy":"post_tag","embeddable":true,"href":"https:\/\/cmvsf2.org\/web\/wp-json\/wp\/v2\/tags?post=5770"}],"curies":[{"name":"wp","href":"https:\/\/api.w.org\/{rel}","templated":true}]}}