{"id":5768,"date":"2019-06-10T12:57:03","date_gmt":"2019-06-10T12:57:03","guid":{"rendered":"http:\/\/sessionstudio.ar\/vet\/web\/?p=5768"},"modified":"2019-06-10T12:57:03","modified_gmt":"2019-06-10T12:57:03","slug":"informamos-el-vencimiento-de-la-factura-bimestral-mayo-junio","status":"publish","type":"post","link":"https:\/\/cmvsf2.org\/web\/2019\/06\/10\/informamos-el-vencimiento-de-la-factura-bimestral-mayo-junio\/","title":{"rendered":"Informamos el vencimiento de la factura bimestral mayo &#8211; junio"},"content":{"rendered":"\n<h3 class=\"wp-block-heading\">Ya est\u00e1 disponible la\u00a0factura bimestral de pago de matr\u00edcula, a la que podr\u00e1 acceder a trav\u00e9s de la <a rel=\"noreferrer noopener\" href=\"http:\/\/sessionstudio.ar\/vet\/veterinario\/empresas.php?utm_source=Colegiado&amp;utm_campaign=23c6db0f02-EMAIL_CAMPAIGN_2018_03_05_COPY_01&amp;utm_medium=email&amp;utm_term=0_996584143c-23c6db0f02-\" target=\"_blank\">web institucional.<\/a><\/h3>\n\n\n<h4 class=\"wp-block-heading\"><em>No ser\u00e1 enviada por correo postal  <\/em><\/h4>\n\n\n<hr class=\"wp-block-separator\"\/>\n\n\n<p>\nLa factura s\u00f3lo representa el bimestre actual<strong>, <\/strong>m\u00e1s otros bimestres que Usted pueda adeudar a la fecha. Podr\u00e1 acceder hasta 3 bimestres como m\u00e1ximo.<br \/>\nEsta informaci\u00f3n permanecer\u00e1 en el sistema hasta el segundo vencimiento,\n independientemente de que Usted haya abonado o no la misma.<br \/><br \/><strong>Por otra parte,&nbsp;recuerde que tambi\u00e9n puede acceder a su \u00abEstado de Cuenta Corriente\u00bb.&nbsp;<\/strong><\/p>\n\n\n<ul class=\"wp-block-list\"><li>  1er Vencimiento: 25 de junio<\/li><li> 2do Vencimiento: 5 de julio  <\/li><\/ul>\n\n\n<div class=\"wp-block-button\"><a class=\"wp-block-button__link has-background\" href=\"http:\/\/sessionstudio.ar\/vet\/veterinario\/empresas.php\" style=\"background-color:#f00878\">Ingresar al sistema de facturaci\u00f3n<br \/><\/a><\/div>\n\n\n<figure class=\"wp-block-embed-youtube wp-block-embed is-type-video is-provider-youtube wp-embed-aspect-16-9 wp-has-aspect-ratio\"><div class=\"wp-block-embed__wrapper\">\n<iframe loading=\"lazy\" title=\"TUTORIAL - Matriculados del CMVSF2\" width=\"1070\" height=\"602\" src=\"https:\/\/www.youtube.com\/embed\/PNDRbyDCU0w?feature=oembed\" frameborder=\"0\" allow=\"accelerometer; autoplay; encrypted-media; gyroscope; picture-in-picture\" allowfullscreen><\/iframe>\n<\/div><figcaption>             Video tutorial de ingreso al sistema y descarga de facturas          <\/figcaption><\/figure>\n","protected":false},"excerpt":{"rendered":"<p>Ya est\u00e1 disponible la\u00a0factura bimestral de pago de matr\u00edcula, a la que podr\u00e1 acceder a trav\u00e9s de la web institucional. No ser\u00e1 enviada por correo postal La factura s\u00f3lo representa el bimestre actual, m\u00e1s otros bimestres que Usted pueda adeudar a la fecha. Podr\u00e1 acceder hasta 3 bimestres como m\u00e1ximo. Esta informaci\u00f3n permanecer\u00e1 en el sistema hasta el segundo vencimiento, independientemente de que Usted [&hellip;]<\/p>\n","protected":false},"author":3,"featured_media":4374,"comment_status":"open","ping_status":"open","sticky":false,"template":"","format":"standard","meta":{"_acf_changed":false,"footnotes":""},"categories":[1],"tags":[],"class_list":["post-5768","post","type-post","status-publish","format-standard","has-post-thumbnail","hentry","category-sin-categoria"],"acf":[],"yoast_head":"<!-- This site is optimized with the Yoast SEO plugin v28.2 - https:\/\/yoast.com\/product\/yoast-seo-wordpress\/ -->\n<title>Informamos el vencimiento de la factura bimestral mayo - junio - Colegio De Veterinarios De Santa Fe 2da. Circunscripci\u00f3n<\/title>\n<meta name=\"description\" content=\"Ya est\u00e1 disponible la factura bimestral de pago de matr\u00edcula, a la que podr\u00e1 acceder a trav\u00e9s de la web institucional. 1er Vencimiento: 25 de junio | 2do Vencimiento: 5 de julio\" \/>\n<meta name=\"robots\" content=\"index, follow, max-snippet:-1, max-image-preview:large, max-video-preview:-1\" \/>\n<link rel=\"canonical\" href=\"https:\/\/cmvsf2.org\/web\/2019\/06\/10\/informamos-el-vencimiento-de-la-factura-bimestral-mayo-junio\/\" \/>\n<meta property=\"og:locale\" content=\"es_ES\" \/>\n<meta property=\"og:type\" content=\"article\" \/>\n<meta property=\"og:title\" content=\"Informamos el vencimiento de la factura bimestral mayo - junio - Colegio De Veterinarios De Santa Fe 2da. Circunscripci\u00f3n\" \/>\n<meta property=\"og:description\" content=\"Ya est\u00e1 disponible la factura bimestral de pago de matr\u00edcula, a la que podr\u00e1 acceder a trav\u00e9s de la web institucional. 1er Vencimiento: 25 de junio | 2do Vencimiento: 5 de julio\" \/>\n<meta property=\"og:url\" content=\"https:\/\/cmvsf2.org\/web\/2019\/06\/10\/informamos-el-vencimiento-de-la-factura-bimestral-mayo-junio\/\" \/>\n<meta property=\"og:site_name\" content=\"Colegio De Veterinarios De Santa Fe 2da. Circunscripci\u00f3n\" \/>\n<meta property=\"article:published_time\" content=\"2019-06-10T12:57:03+00:00\" \/>\n<meta property=\"og:image\" content=\"https:\/\/cmvsf2.org\/web\/wp-content\/uploads\/2017\/08\/sin-lo-1-1.jpg\" \/>\n\t<meta property=\"og:image:width\" content=\"2000\" \/>\n\t<meta property=\"og:image:height\" content=\"1333\" \/>\n\t<meta property=\"og:image:type\" content=\"image\/jpeg\" \/>\n<meta name=\"author\" content=\"cmvsf2\" \/>\n<meta name=\"twitter:card\" content=\"summary_large_image\" \/>\n<meta name=\"twitter:label1\" content=\"Escrito por\" \/>\n\t<meta name=\"twitter:data1\" content=\"cmvsf2\" \/>\n\t<meta name=\"twitter:label2\" content=\"Tiempo de lectura\" \/>\n\t<meta name=\"twitter:data2\" content=\"1 minuto\" \/>\n<script type=\"application\/ld+json\" class=\"yoast-schema-graph\">{\"@context\":\"https:\\\/\\\/schema.org\",\"@graph\":[{\"@type\":\"Article\",\"@id\":\"https:\\\/\\\/cmvsf2.org\\\/web\\\/2019\\\/06\\\/10\\\/informamos-el-vencimiento-de-la-factura-bimestral-mayo-junio\\\/#article\",\"isPartOf\":{\"@id\":\"https:\\\/\\\/cmvsf2.org\\\/web\\\/2019\\\/06\\\/10\\\/informamos-el-vencimiento-de-la-factura-bimestral-mayo-junio\\\/\"},\"author\":{\"name\":\"cmvsf2\",\"@id\":\"https:\\\/\\\/cmvsf2.org\\\/web\\\/#\\\/schema\\\/person\\\/46ea3630099a4a3df8d89f07cf5f7520\"},\"headline\":\"Informamos el vencimiento de la factura bimestral mayo &#8211; junio\",\"datePublished\":\"2019-06-10T12:57:03+00:00\",\"mainEntityOfPage\":{\"@id\":\"https:\\\/\\\/cmvsf2.org\\\/web\\\/2019\\\/06\\\/10\\\/informamos-el-vencimiento-de-la-factura-bimestral-mayo-junio\\\/\"},\"wordCount\":164,\"commentCount\":0,\"publisher\":{\"@id\":\"https:\\\/\\\/cmvsf2.org\\\/web\\\/#organization\"},\"image\":{\"@id\":\"https:\\\/\\\/cmvsf2.org\\\/web\\\/2019\\\/06\\\/10\\\/informamos-el-vencimiento-de-la-factura-bimestral-mayo-junio\\\/#primaryimage\"},\"thumbnailUrl\":\"https:\\\/\\\/cmvsf2.org\\\/web\\\/wp-content\\\/uploads\\\/2017\\\/08\\\/sin-lo-1-1.jpg\",\"inLanguage\":\"es\"},{\"@type\":\"WebPage\",\"@id\":\"https:\\\/\\\/cmvsf2.org\\\/web\\\/2019\\\/06\\\/10\\\/informamos-el-vencimiento-de-la-factura-bimestral-mayo-junio\\\/\",\"url\":\"https:\\\/\\\/cmvsf2.org\\\/web\\\/2019\\\/06\\\/10\\\/informamos-el-vencimiento-de-la-factura-bimestral-mayo-junio\\\/\",\"name\":\"Informamos el vencimiento de la factura bimestral mayo - junio - Colegio De Veterinarios De Santa Fe 2da. Circunscripci\u00f3n\",\"isPartOf\":{\"@id\":\"https:\\\/\\\/cmvsf2.org\\\/web\\\/#website\"},\"primaryImageOfPage\":{\"@id\":\"https:\\\/\\\/cmvsf2.org\\\/web\\\/2019\\\/06\\\/10\\\/informamos-el-vencimiento-de-la-factura-bimestral-mayo-junio\\\/#primaryimage\"},\"image\":{\"@id\":\"https:\\\/\\\/cmvsf2.org\\\/web\\\/2019\\\/06\\\/10\\\/informamos-el-vencimiento-de-la-factura-bimestral-mayo-junio\\\/#primaryimage\"},\"thumbnailUrl\":\"https:\\\/\\\/cmvsf2.org\\\/web\\\/wp-content\\\/uploads\\\/2017\\\/08\\\/sin-lo-1-1.jpg\",\"datePublished\":\"2019-06-10T12:57:03+00:00\",\"description\":\"Ya est\u00e1 disponible la factura bimestral de pago de matr\u00edcula, a la que podr\u00e1 acceder a trav\u00e9s de la web institucional. 1er Vencimiento: 25 de junio | 2do Vencimiento: 5 de julio\",\"breadcrumb\":{\"@id\":\"https:\\\/\\\/cmvsf2.org\\\/web\\\/2019\\\/06\\\/10\\\/informamos-el-vencimiento-de-la-factura-bimestral-mayo-junio\\\/#breadcrumb\"},\"inLanguage\":\"es\",\"potentialAction\":[{\"@type\":\"ReadAction\",\"target\":[\"https:\\\/\\\/cmvsf2.org\\\/web\\\/2019\\\/06\\\/10\\\/informamos-el-vencimiento-de-la-factura-bimestral-mayo-junio\\\/\"]}]},{\"@type\":\"ImageObject\",\"inLanguage\":\"es\",\"@id\":\"https:\\\/\\\/cmvsf2.org\\\/web\\\/2019\\\/06\\\/10\\\/informamos-el-vencimiento-de-la-factura-bimestral-mayo-junio\\\/#primaryimage\",\"url\":\"https:\\\/\\\/cmvsf2.org\\\/web\\\/wp-content\\\/uploads\\\/2017\\\/08\\\/sin-lo-1-1.jpg\",\"contentUrl\":\"https:\\\/\\\/cmvsf2.org\\\/web\\\/wp-content\\\/uploads\\\/2017\\\/08\\\/sin-lo-1-1.jpg\",\"width\":2000,\"height\":1333},{\"@type\":\"BreadcrumbList\",\"@id\":\"https:\\\/\\\/cmvsf2.org\\\/web\\\/2019\\\/06\\\/10\\\/informamos-el-vencimiento-de-la-factura-bimestral-mayo-junio\\\/#breadcrumb\",\"itemListElement\":[{\"@type\":\"ListItem\",\"position\":1,\"name\":\"Portada\",\"item\":\"https:\\\/\\\/cmvsf2.org\\\/web\\\/\"},{\"@type\":\"ListItem\",\"position\":2,\"name\":\"Informamos el vencimiento de la factura bimestral mayo &#8211; junio\"}]},{\"@type\":\"WebSite\",\"@id\":\"https:\\\/\\\/cmvsf2.org\\\/web\\\/#website\",\"url\":\"https:\\\/\\\/cmvsf2.org\\\/web\\\/\",\"name\":\"Colegio De Veterinarios De Santa Fe 2da. Circunscripci\u00f3n\",\"description\":\"Sitio institucional del Colegio de M\u00e9dicos Veterinario de Santa Fe 2da. Circunscripci\u00f3n\",\"publisher\":{\"@id\":\"https:\\\/\\\/cmvsf2.org\\\/web\\\/#organization\"},\"potentialAction\":[{\"@type\":\"SearchAction\",\"target\":{\"@type\":\"EntryPoint\",\"urlTemplate\":\"https:\\\/\\\/cmvsf2.org\\\/web\\\/?s={search_term_string}\"},\"query-input\":{\"@type\":\"PropertyValueSpecification\",\"valueRequired\":true,\"valueName\":\"search_term_string\"}}],\"inLanguage\":\"es\"},{\"@type\":\"Organization\",\"@id\":\"https:\\\/\\\/cmvsf2.org\\\/web\\\/#organization\",\"name\":\"Colegio De Veterinarios De Santa Fe 2da. Circunscripci\u00f3n\",\"url\":\"https:\\\/\\\/cmvsf2.org\\\/web\\\/\",\"logo\":{\"@type\":\"ImageObject\",\"inLanguage\":\"es\",\"@id\":\"https:\\\/\\\/cmvsf2.org\\\/web\\\/#\\\/schema\\\/logo\\\/image\\\/\",\"url\":\"http:\\\/\\\/cmvsf2.org\\\/web\\\/wp-content\\\/uploads\\\/2020\\\/03\\\/vector-logo-02.png\",\"contentUrl\":\"http:\\\/\\\/cmvsf2.org\\\/web\\\/wp-content\\\/uploads\\\/2020\\\/03\\\/vector-logo-02.png\",\"width\":2750,\"height\":642,\"caption\":\"Colegio De Veterinarios De Santa Fe 2da. Circunscripci\u00f3n\"},\"image\":{\"@id\":\"https:\\\/\\\/cmvsf2.org\\\/web\\\/#\\\/schema\\\/logo\\\/image\\\/\"}},{\"@type\":\"Person\",\"@id\":\"https:\\\/\\\/cmvsf2.org\\\/web\\\/#\\\/schema\\\/person\\\/46ea3630099a4a3df8d89f07cf5f7520\",\"name\":\"cmvsf2\",\"image\":{\"@type\":\"ImageObject\",\"inLanguage\":\"es\",\"@id\":\"https:\\\/\\\/secure.gravatar.com\\\/avatar\\\/669647b61c77f28f1aa51df04174a5ecb296e9988b4a93d2870666cd1f502cd7?s=96&d=mm&r=g\",\"url\":\"https:\\\/\\\/secure.gravatar.com\\\/avatar\\\/669647b61c77f28f1aa51df04174a5ecb296e9988b4a93d2870666cd1f502cd7?s=96&d=mm&r=g\",\"contentUrl\":\"https:\\\/\\\/secure.gravatar.com\\\/avatar\\\/669647b61c77f28f1aa51df04174a5ecb296e9988b4a93d2870666cd1f502cd7?s=96&d=mm&r=g\",\"caption\":\"cmvsf2\"}}]}<\/script>\n<!-- \/ Yoast SEO plugin. -->","yoast_head_json":{"title":"Informamos el vencimiento de la factura bimestral mayo - junio - Colegio De Veterinarios De Santa Fe 2da. Circunscripci\u00f3n","description":"Ya est\u00e1 disponible la factura bimestral de pago de matr\u00edcula, a la que podr\u00e1 acceder a trav\u00e9s de la web institucional. 1er Vencimiento: 25 de junio | 2do Vencimiento: 5 de julio","robots":{"index":"index","follow":"follow","max-snippet":"max-snippet:-1","max-image-preview":"max-image-preview:large","max-video-preview":"max-video-preview:-1"},"canonical":"https:\/\/cmvsf2.org\/web\/2019\/06\/10\/informamos-el-vencimiento-de-la-factura-bimestral-mayo-junio\/","og_locale":"es_ES","og_type":"article","og_title":"Informamos el vencimiento de la factura bimestral mayo - junio - Colegio De Veterinarios De Santa Fe 2da. Circunscripci\u00f3n","og_description":"Ya est\u00e1 disponible la factura bimestral de pago de matr\u00edcula, a la que podr\u00e1 acceder a trav\u00e9s de la web institucional. 1er Vencimiento: 25 de junio | 2do Vencimiento: 5 de julio","og_url":"https:\/\/cmvsf2.org\/web\/2019\/06\/10\/informamos-el-vencimiento-de-la-factura-bimestral-mayo-junio\/","og_site_name":"Colegio De Veterinarios De Santa Fe 2da. Circunscripci\u00f3n","article_published_time":"2019-06-10T12:57:03+00:00","og_image":[{"width":2000,"height":1333,"url":"https:\/\/cmvsf2.org\/web\/wp-content\/uploads\/2017\/08\/sin-lo-1-1.jpg","type":"image\/jpeg"}],"author":"cmvsf2","twitter_card":"summary_large_image","twitter_misc":{"Escrito por":"cmvsf2","Tiempo de lectura":"1 minuto"},"schema":{"@context":"https:\/\/schema.org","@graph":[{"@type":"Article","@id":"https:\/\/cmvsf2.org\/web\/2019\/06\/10\/informamos-el-vencimiento-de-la-factura-bimestral-mayo-junio\/#article","isPartOf":{"@id":"https:\/\/cmvsf2.org\/web\/2019\/06\/10\/informamos-el-vencimiento-de-la-factura-bimestral-mayo-junio\/"},"author":{"name":"cmvsf2","@id":"https:\/\/cmvsf2.org\/web\/#\/schema\/person\/46ea3630099a4a3df8d89f07cf5f7520"},"headline":"Informamos el vencimiento de la factura bimestral mayo &#8211; junio","datePublished":"2019-06-10T12:57:03+00:00","mainEntityOfPage":{"@id":"https:\/\/cmvsf2.org\/web\/2019\/06\/10\/informamos-el-vencimiento-de-la-factura-bimestral-mayo-junio\/"},"wordCount":164,"commentCount":0,"publisher":{"@id":"https:\/\/cmvsf2.org\/web\/#organization"},"image":{"@id":"https:\/\/cmvsf2.org\/web\/2019\/06\/10\/informamos-el-vencimiento-de-la-factura-bimestral-mayo-junio\/#primaryimage"},"thumbnailUrl":"https:\/\/cmvsf2.org\/web\/wp-content\/uploads\/2017\/08\/sin-lo-1-1.jpg","inLanguage":"es"},{"@type":"WebPage","@id":"https:\/\/cmvsf2.org\/web\/2019\/06\/10\/informamos-el-vencimiento-de-la-factura-bimestral-mayo-junio\/","url":"https:\/\/cmvsf2.org\/web\/2019\/06\/10\/informamos-el-vencimiento-de-la-factura-bimestral-mayo-junio\/","name":"Informamos el vencimiento de la factura bimestral mayo - junio - Colegio De Veterinarios De Santa Fe 2da. Circunscripci\u00f3n","isPartOf":{"@id":"https:\/\/cmvsf2.org\/web\/#website"},"primaryImageOfPage":{"@id":"https:\/\/cmvsf2.org\/web\/2019\/06\/10\/informamos-el-vencimiento-de-la-factura-bimestral-mayo-junio\/#primaryimage"},"image":{"@id":"https:\/\/cmvsf2.org\/web\/2019\/06\/10\/informamos-el-vencimiento-de-la-factura-bimestral-mayo-junio\/#primaryimage"},"thumbnailUrl":"https:\/\/cmvsf2.org\/web\/wp-content\/uploads\/2017\/08\/sin-lo-1-1.jpg","datePublished":"2019-06-10T12:57:03+00:00","description":"Ya est\u00e1 disponible la factura bimestral de pago de matr\u00edcula, a la que podr\u00e1 acceder a trav\u00e9s de la web institucional. 1er Vencimiento: 25 de junio | 2do Vencimiento: 5 de julio","breadcrumb":{"@id":"https:\/\/cmvsf2.org\/web\/2019\/06\/10\/informamos-el-vencimiento-de-la-factura-bimestral-mayo-junio\/#breadcrumb"},"inLanguage":"es","potentialAction":[{"@type":"ReadAction","target":["https:\/\/cmvsf2.org\/web\/2019\/06\/10\/informamos-el-vencimiento-de-la-factura-bimestral-mayo-junio\/"]}]},{"@type":"ImageObject","inLanguage":"es","@id":"https:\/\/cmvsf2.org\/web\/2019\/06\/10\/informamos-el-vencimiento-de-la-factura-bimestral-mayo-junio\/#primaryimage","url":"https:\/\/cmvsf2.org\/web\/wp-content\/uploads\/2017\/08\/sin-lo-1-1.jpg","contentUrl":"https:\/\/cmvsf2.org\/web\/wp-content\/uploads\/2017\/08\/sin-lo-1-1.jpg","width":2000,"height":1333},{"@type":"BreadcrumbList","@id":"https:\/\/cmvsf2.org\/web\/2019\/06\/10\/informamos-el-vencimiento-de-la-factura-bimestral-mayo-junio\/#breadcrumb","itemListElement":[{"@type":"ListItem","position":1,"name":"Portada","item":"https:\/\/cmvsf2.org\/web\/"},{"@type":"ListItem","position":2,"name":"Informamos el vencimiento de la factura bimestral mayo &#8211; junio"}]},{"@type":"WebSite","@id":"https:\/\/cmvsf2.org\/web\/#website","url":"https:\/\/cmvsf2.org\/web\/","name":"Colegio De Veterinarios De Santa Fe 2da. Circunscripci\u00f3n","description":"Sitio institucional del Colegio de M\u00e9dicos Veterinario de Santa Fe 2da. Circunscripci\u00f3n","publisher":{"@id":"https:\/\/cmvsf2.org\/web\/#organization"},"potentialAction":[{"@type":"SearchAction","target":{"@type":"EntryPoint","urlTemplate":"https:\/\/cmvsf2.org\/web\/?s={search_term_string}"},"query-input":{"@type":"PropertyValueSpecification","valueRequired":true,"valueName":"search_term_string"}}],"inLanguage":"es"},{"@type":"Organization","@id":"https:\/\/cmvsf2.org\/web\/#organization","name":"Colegio De Veterinarios De Santa Fe 2da. Circunscripci\u00f3n","url":"https:\/\/cmvsf2.org\/web\/","logo":{"@type":"ImageObject","inLanguage":"es","@id":"https:\/\/cmvsf2.org\/web\/#\/schema\/logo\/image\/","url":"http:\/\/cmvsf2.org\/web\/wp-content\/uploads\/2020\/03\/vector-logo-02.png","contentUrl":"http:\/\/cmvsf2.org\/web\/wp-content\/uploads\/2020\/03\/vector-logo-02.png","width":2750,"height":642,"caption":"Colegio De Veterinarios De Santa Fe 2da. Circunscripci\u00f3n"},"image":{"@id":"https:\/\/cmvsf2.org\/web\/#\/schema\/logo\/image\/"}},{"@type":"Person","@id":"https:\/\/cmvsf2.org\/web\/#\/schema\/person\/46ea3630099a4a3df8d89f07cf5f7520","name":"cmvsf2","image":{"@type":"ImageObject","inLanguage":"es","@id":"https:\/\/secure.gravatar.com\/avatar\/669647b61c77f28f1aa51df04174a5ecb296e9988b4a93d2870666cd1f502cd7?s=96&d=mm&r=g","url":"https:\/\/secure.gravatar.com\/avatar\/669647b61c77f28f1aa51df04174a5ecb296e9988b4a93d2870666cd1f502cd7?s=96&d=mm&r=g","contentUrl":"https:\/\/secure.gravatar.com\/avatar\/669647b61c77f28f1aa51df04174a5ecb296e9988b4a93d2870666cd1f502cd7?s=96&d=mm&r=g","caption":"cmvsf2"}}]}},"_links":{"self":[{"href":"https:\/\/cmvsf2.org\/web\/wp-json\/wp\/v2\/posts\/5768","targetHints":{"allow":["GET"]}}],"collection":[{"href":"https:\/\/cmvsf2.org\/web\/wp-json\/wp\/v2\/posts"}],"about":[{"href":"https:\/\/cmvsf2.org\/web\/wp-json\/wp\/v2\/types\/post"}],"author":[{"embeddable":true,"href":"https:\/\/cmvsf2.org\/web\/wp-json\/wp\/v2\/users\/3"}],"replies":[{"embeddable":true,"href":"https:\/\/cmvsf2.org\/web\/wp-json\/wp\/v2\/comments?post=5768"}],"version-history":[{"count":0,"href":"https:\/\/cmvsf2.org\/web\/wp-json\/wp\/v2\/posts\/5768\/revisions"}],"wp:featuredmedia":[{"embeddable":true,"href":"https:\/\/cmvsf2.org\/web\/wp-json\/wp\/v2\/media\/4374"}],"wp:attachment":[{"href":"https:\/\/cmvsf2.org\/web\/wp-json\/wp\/v2\/media?parent=5768"}],"wp:term":[{"taxonomy":"category","embeddable":true,"href":"https:\/\/cmvsf2.org\/web\/wp-json\/wp\/v2\/categories?post=5768"},{"taxonomy":"post_tag","embeddable":true,"href":"https:\/\/cmvsf2.org\/web\/wp-json\/wp\/v2\/tags?post=5768"}],"curies":[{"name":"wp","href":"https:\/\/api.w.org\/{rel}","templated":true}]}}