{"id":5747,"date":"2019-06-06T18:46:47","date_gmt":"2019-06-06T18:46:47","guid":{"rendered":"http:\/\/sessionstudio.ar\/vet\/web\/?p=5747"},"modified":"2019-06-06T18:46:47","modified_gmt":"2019-06-06T18:46:47","slug":"el-cmvsf2-invita-primeras-jornadas-para-profesionales-organizadas-por-agroactiva","status":"publish","type":"post","link":"https:\/\/cmvsf2.org\/web\/2019\/06\/06\/el-cmvsf2-invita-primeras-jornadas-para-profesionales-organizadas-por-agroactiva\/","title":{"rendered":"El CMVSF2 invita: \u201cPrimeras Jornadas para Profesionales\u201d organizadas por AgroActiva"},"content":{"rendered":"\n<p><strong>El jueves 27 y el viernes 28 de junio en el predio de AgroActiva ubicado en el cruce de la Autopista Rosario-C\u00f3rdoba y la Ruta Nacional 178 (Armstrong, Santa Fe)<\/strong><\/p>\n\n\n<p>Se desarrollar\u00e1n una serie de actividades dirigidas a generar el debate profesional en temas de inter\u00e9s ganadero.<\/p>\n\n\n<p><strong>La inscripci\u00f3n es gratuita y se recomienda realizarla previamente en info@agroactiva.com<\/strong><\/p>\n\n\n<div class=\"wp-block-image\"><figure class=\"aligncenter\"><img loading=\"lazy\" decoding=\"async\" width=\"545\" height=\"1024\" src=\"https:\/\/cmvsf2.org\/web\/wp-content\/uploads\/2019\/06\/cmvsf2-invita-agroactiva-2.jpg\" alt=\"\" class=\"wp-image-5748\" srcset=\"https:\/\/cmvsf2.org\/web\/wp-content\/uploads\/2019\/06\/cmvsf2-invita-agroactiva-2.jpg 545w, https:\/\/cmvsf2.org\/web\/wp-content\/uploads\/2019\/06\/cmvsf2-invita-agroactiva-2-160x300.jpg 160w\" sizes=\"auto, (max-width: 545px) 100vw, 545px\" \/><\/figure><\/div>\n\n\n<table class=\"wp-block-table\"><tbody><tr><td><strong>Talleres<\/strong><br \/>\n<br \/>\nEntre las actividades se llevar\u00e1 a cabo un <strong>\u201cTaller sobre Inseminaci\u00f3n Artificial a Tiempo Fijo (IATF)\u201d <\/strong>en\n el que se analizar\u00e1n todos aquellos aspectos vinculados con la\nplanificaci\u00f3n, ejecuci\u00f3n y resultados obtenidos con esta revolucionaria\nherramienta que ha permitido triplicar el n\u00famero de cabezas inseminadas\nen el pa\u00eds.<br \/>\n<br \/>\nTambi\u00e9n se realizar\u00e1 un <strong>\u201cTaller sobre Capacitaci\u00f3n en la Asistencia al Parto\u201d<\/strong>\n que brindar\u00e1 el \u00e1mbito adecuado para analizar la mejor forma de brindar\n una gu\u00eda al personal para ayudar en una distocia, as\u00ed como definir las\nsituaciones en las cuales es necesario recurrir a un profesional\nveterinario.<br \/>\n<br \/>\nOtra de las actividades se referir\u00e1 al <strong>\u201cNuevo Plan de Control y Erradicaci\u00f3n de la Brucelosis\u201d <\/strong>que\n entr\u00f3 en vigencia recientemente y que contar\u00e1 con la presencia del Dr.\nJorge Hart, Coordinador del Programa, quien atender\u00e1 todas las consultas\n generadas acerca de la implementaci\u00f3n.<br \/>\n<br \/>\nLos profesionales tambi\u00e9n tendr\u00e1n su espacio en los talleres sobre <strong>\u201cUsos del sorgo en sistemas ganaderos: recomendaciones para pastoreo, diferidos y ensilados\u201d <\/strong>que\n estar\u00e1n a cargo de un reconocido asesor ganadero, el M\u00e9dico Veterinario\n Leandro Abdelhadi, y del Ingeniero Agr\u00f3nomo Marcelo De Le\u00f3n, del INTA\nManfredi.<br \/>\n<br \/>\nEl programa incluye una <strong>demostraci\u00f3n din\u00e1mica del \u201cFeedlot Ecol\u00f3gico\u201d <\/strong>desarrollado\n por el INTA de Concepci\u00f3n del Uruguay que presentar\u00e1 los resultados de\nlos trabajos que viene realizando con el auspicio del IPCVA y un\nencuentro con el especialista Enrique Pofcher sobre \u201cControl de\nAfecciones Podales\u201d.\n            <\/td><\/tr><\/tbody><\/table>\n\n\n<table class=\"wp-block-table\"><tbody><tr><\/tr><\/tbody><\/table>\n","protected":false},"excerpt":{"rendered":"<p>El jueves 27 y el viernes 28 de junio en el predio de AgroActiva ubicado en el cruce de la Autopista Rosario-C\u00f3rdoba y la Ruta Nacional 178 (Armstrong, Santa Fe) Se desarrollar\u00e1n una serie de actividades dirigidas a generar el debate profesional en temas de inter\u00e9s ganadero. La inscripci\u00f3n es gratuita y se recomienda realizarla previamente en info@agroactiva.com Talleres Entre las actividades se llevar\u00e1 [&hellip;]<\/p>\n","protected":false},"author":3,"featured_media":5748,"comment_status":"open","ping_status":"open","sticky":false,"template":"","format":"standard","meta":{"_acf_changed":false,"footnotes":""},"categories":[1],"tags":[],"class_list":["post-5747","post","type-post","status-publish","format-standard","has-post-thumbnail","hentry","category-sin-categoria"],"acf":[],"yoast_head":"<!-- This site is optimized with the Yoast SEO plugin v28.2 - https:\/\/yoast.com\/product\/yoast-seo-wordpress\/ -->\n<title>El CMVSF2 invita: \u201cPrimeras Jornadas para Profesionales\u201d organizadas por AgroActiva - Colegio De Veterinarios De Santa Fe 2da. Circunscripci\u00f3n<\/title>\n<meta name=\"description\" content=\"El jueves 27 y el viernes 28 de junio en el predio de AgroActiva ubicado en el cruce de la Autopista Rosario-C\u00f3rdoba y la Ruta Nacional 178 (Armstrong, Santa Fe)\" \/>\n<meta name=\"robots\" content=\"index, follow, max-snippet:-1, max-image-preview:large, max-video-preview:-1\" \/>\n<link rel=\"canonical\" href=\"https:\/\/cmvsf2.org\/web\/2019\/06\/06\/el-cmvsf2-invita-primeras-jornadas-para-profesionales-organizadas-por-agroactiva\/\" \/>\n<meta property=\"og:locale\" content=\"es_ES\" \/>\n<meta property=\"og:type\" content=\"article\" \/>\n<meta property=\"og:title\" content=\"El CMVSF2 invita: \u201cPrimeras Jornadas para Profesionales\u201d organizadas por AgroActiva - Colegio De Veterinarios De Santa Fe 2da. Circunscripci\u00f3n\" \/>\n<meta property=\"og:description\" content=\"El jueves 27 y el viernes 28 de junio en el predio de AgroActiva ubicado en el cruce de la Autopista Rosario-C\u00f3rdoba y la Ruta Nacional 178 (Armstrong, Santa Fe)\" \/>\n<meta property=\"og:url\" content=\"https:\/\/cmvsf2.org\/web\/2019\/06\/06\/el-cmvsf2-invita-primeras-jornadas-para-profesionales-organizadas-por-agroactiva\/\" \/>\n<meta property=\"og:site_name\" content=\"Colegio De Veterinarios De Santa Fe 2da. Circunscripci\u00f3n\" \/>\n<meta property=\"article:published_time\" content=\"2019-06-06T18:46:47+00:00\" \/>\n<meta property=\"og:image\" content=\"https:\/\/cmvsf2.org\/web\/wp-content\/uploads\/2019\/06\/cmvsf2-invita-agroactiva-2.jpg\" \/>\n\t<meta property=\"og:image:width\" content=\"545\" \/>\n\t<meta property=\"og:image:height\" content=\"1024\" \/>\n\t<meta property=\"og:image:type\" content=\"image\/jpeg\" \/>\n<meta name=\"author\" content=\"cmvsf2\" \/>\n<meta name=\"twitter:card\" content=\"summary_large_image\" \/>\n<meta name=\"twitter:label1\" content=\"Escrito por\" \/>\n\t<meta name=\"twitter:data1\" content=\"cmvsf2\" \/>\n\t<meta name=\"twitter:label2\" content=\"Tiempo de lectura\" \/>\n\t<meta name=\"twitter:data2\" content=\"2 minutos\" \/>\n<script type=\"application\/ld+json\" class=\"yoast-schema-graph\">{\"@context\":\"https:\\\/\\\/schema.org\",\"@graph\":[{\"@type\":\"Article\",\"@id\":\"https:\\\/\\\/cmvsf2.org\\\/web\\\/2019\\\/06\\\/06\\\/el-cmvsf2-invita-primeras-jornadas-para-profesionales-organizadas-por-agroactiva\\\/#article\",\"isPartOf\":{\"@id\":\"https:\\\/\\\/cmvsf2.org\\\/web\\\/2019\\\/06\\\/06\\\/el-cmvsf2-invita-primeras-jornadas-para-profesionales-organizadas-por-agroactiva\\\/\"},\"author\":{\"name\":\"cmvsf2\",\"@id\":\"https:\\\/\\\/cmvsf2.org\\\/web\\\/#\\\/schema\\\/person\\\/46ea3630099a4a3df8d89f07cf5f7520\"},\"headline\":\"El CMVSF2 invita: \u201cPrimeras Jornadas para Profesionales\u201d organizadas por AgroActiva\",\"datePublished\":\"2019-06-06T18:46:47+00:00\",\"mainEntityOfPage\":{\"@id\":\"https:\\\/\\\/cmvsf2.org\\\/web\\\/2019\\\/06\\\/06\\\/el-cmvsf2-invita-primeras-jornadas-para-profesionales-organizadas-por-agroactiva\\\/\"},\"wordCount\":324,\"commentCount\":0,\"publisher\":{\"@id\":\"https:\\\/\\\/cmvsf2.org\\\/web\\\/#organization\"},\"image\":{\"@id\":\"https:\\\/\\\/cmvsf2.org\\\/web\\\/2019\\\/06\\\/06\\\/el-cmvsf2-invita-primeras-jornadas-para-profesionales-organizadas-por-agroactiva\\\/#primaryimage\"},\"thumbnailUrl\":\"https:\\\/\\\/cmvsf2.org\\\/web\\\/wp-content\\\/uploads\\\/2019\\\/06\\\/cmvsf2-invita-agroactiva-2.jpg\",\"inLanguage\":\"es\"},{\"@type\":\"WebPage\",\"@id\":\"https:\\\/\\\/cmvsf2.org\\\/web\\\/2019\\\/06\\\/06\\\/el-cmvsf2-invita-primeras-jornadas-para-profesionales-organizadas-por-agroactiva\\\/\",\"url\":\"https:\\\/\\\/cmvsf2.org\\\/web\\\/2019\\\/06\\\/06\\\/el-cmvsf2-invita-primeras-jornadas-para-profesionales-organizadas-por-agroactiva\\\/\",\"name\":\"El CMVSF2 invita: \u201cPrimeras Jornadas para Profesionales\u201d organizadas por AgroActiva - Colegio De Veterinarios De Santa Fe 2da. Circunscripci\u00f3n\",\"isPartOf\":{\"@id\":\"https:\\\/\\\/cmvsf2.org\\\/web\\\/#website\"},\"primaryImageOfPage\":{\"@id\":\"https:\\\/\\\/cmvsf2.org\\\/web\\\/2019\\\/06\\\/06\\\/el-cmvsf2-invita-primeras-jornadas-para-profesionales-organizadas-por-agroactiva\\\/#primaryimage\"},\"image\":{\"@id\":\"https:\\\/\\\/cmvsf2.org\\\/web\\\/2019\\\/06\\\/06\\\/el-cmvsf2-invita-primeras-jornadas-para-profesionales-organizadas-por-agroactiva\\\/#primaryimage\"},\"thumbnailUrl\":\"https:\\\/\\\/cmvsf2.org\\\/web\\\/wp-content\\\/uploads\\\/2019\\\/06\\\/cmvsf2-invita-agroactiva-2.jpg\",\"datePublished\":\"2019-06-06T18:46:47+00:00\",\"description\":\"El jueves 27 y el viernes 28 de junio en el predio de AgroActiva ubicado en el cruce de la Autopista Rosario-C\u00f3rdoba y la Ruta Nacional 178 (Armstrong, Santa Fe)\",\"breadcrumb\":{\"@id\":\"https:\\\/\\\/cmvsf2.org\\\/web\\\/2019\\\/06\\\/06\\\/el-cmvsf2-invita-primeras-jornadas-para-profesionales-organizadas-por-agroactiva\\\/#breadcrumb\"},\"inLanguage\":\"es\",\"potentialAction\":[{\"@type\":\"ReadAction\",\"target\":[\"https:\\\/\\\/cmvsf2.org\\\/web\\\/2019\\\/06\\\/06\\\/el-cmvsf2-invita-primeras-jornadas-para-profesionales-organizadas-por-agroactiva\\\/\"]}]},{\"@type\":\"ImageObject\",\"inLanguage\":\"es\",\"@id\":\"https:\\\/\\\/cmvsf2.org\\\/web\\\/2019\\\/06\\\/06\\\/el-cmvsf2-invita-primeras-jornadas-para-profesionales-organizadas-por-agroactiva\\\/#primaryimage\",\"url\":\"https:\\\/\\\/cmvsf2.org\\\/web\\\/wp-content\\\/uploads\\\/2019\\\/06\\\/cmvsf2-invita-agroactiva-2.jpg\",\"contentUrl\":\"https:\\\/\\\/cmvsf2.org\\\/web\\\/wp-content\\\/uploads\\\/2019\\\/06\\\/cmvsf2-invita-agroactiva-2.jpg\",\"width\":545,\"height\":1024},{\"@type\":\"BreadcrumbList\",\"@id\":\"https:\\\/\\\/cmvsf2.org\\\/web\\\/2019\\\/06\\\/06\\\/el-cmvsf2-invita-primeras-jornadas-para-profesionales-organizadas-por-agroactiva\\\/#breadcrumb\",\"itemListElement\":[{\"@type\":\"ListItem\",\"position\":1,\"name\":\"Portada\",\"item\":\"https:\\\/\\\/cmvsf2.org\\\/web\\\/\"},{\"@type\":\"ListItem\",\"position\":2,\"name\":\"El CMVSF2 invita: \u201cPrimeras Jornadas para Profesionales\u201d organizadas por AgroActiva\"}]},{\"@type\":\"WebSite\",\"@id\":\"https:\\\/\\\/cmvsf2.org\\\/web\\\/#website\",\"url\":\"https:\\\/\\\/cmvsf2.org\\\/web\\\/\",\"name\":\"Colegio De Veterinarios De Santa Fe 2da. Circunscripci\u00f3n\",\"description\":\"Sitio institucional del Colegio de M\u00e9dicos Veterinario de Santa Fe 2da. Circunscripci\u00f3n\",\"publisher\":{\"@id\":\"https:\\\/\\\/cmvsf2.org\\\/web\\\/#organization\"},\"potentialAction\":[{\"@type\":\"SearchAction\",\"target\":{\"@type\":\"EntryPoint\",\"urlTemplate\":\"https:\\\/\\\/cmvsf2.org\\\/web\\\/?s={search_term_string}\"},\"query-input\":{\"@type\":\"PropertyValueSpecification\",\"valueRequired\":true,\"valueName\":\"search_term_string\"}}],\"inLanguage\":\"es\"},{\"@type\":\"Organization\",\"@id\":\"https:\\\/\\\/cmvsf2.org\\\/web\\\/#organization\",\"name\":\"Colegio De Veterinarios De Santa Fe 2da. Circunscripci\u00f3n\",\"url\":\"https:\\\/\\\/cmvsf2.org\\\/web\\\/\",\"logo\":{\"@type\":\"ImageObject\",\"inLanguage\":\"es\",\"@id\":\"https:\\\/\\\/cmvsf2.org\\\/web\\\/#\\\/schema\\\/logo\\\/image\\\/\",\"url\":\"http:\\\/\\\/cmvsf2.org\\\/web\\\/wp-content\\\/uploads\\\/2020\\\/03\\\/vector-logo-02.png\",\"contentUrl\":\"http:\\\/\\\/cmvsf2.org\\\/web\\\/wp-content\\\/uploads\\\/2020\\\/03\\\/vector-logo-02.png\",\"width\":2750,\"height\":642,\"caption\":\"Colegio De Veterinarios De Santa Fe 2da. Circunscripci\u00f3n\"},\"image\":{\"@id\":\"https:\\\/\\\/cmvsf2.org\\\/web\\\/#\\\/schema\\\/logo\\\/image\\\/\"}},{\"@type\":\"Person\",\"@id\":\"https:\\\/\\\/cmvsf2.org\\\/web\\\/#\\\/schema\\\/person\\\/46ea3630099a4a3df8d89f07cf5f7520\",\"name\":\"cmvsf2\",\"image\":{\"@type\":\"ImageObject\",\"inLanguage\":\"es\",\"@id\":\"https:\\\/\\\/secure.gravatar.com\\\/avatar\\\/669647b61c77f28f1aa51df04174a5ecb296e9988b4a93d2870666cd1f502cd7?s=96&d=mm&r=g\",\"url\":\"https:\\\/\\\/secure.gravatar.com\\\/avatar\\\/669647b61c77f28f1aa51df04174a5ecb296e9988b4a93d2870666cd1f502cd7?s=96&d=mm&r=g\",\"contentUrl\":\"https:\\\/\\\/secure.gravatar.com\\\/avatar\\\/669647b61c77f28f1aa51df04174a5ecb296e9988b4a93d2870666cd1f502cd7?s=96&d=mm&r=g\",\"caption\":\"cmvsf2\"}}]}<\/script>\n<!-- \/ Yoast SEO plugin. -->","yoast_head_json":{"title":"El CMVSF2 invita: \u201cPrimeras Jornadas para Profesionales\u201d organizadas por AgroActiva - Colegio De Veterinarios De Santa Fe 2da. Circunscripci\u00f3n","description":"El jueves 27 y el viernes 28 de junio en el predio de AgroActiva ubicado en el cruce de la Autopista Rosario-C\u00f3rdoba y la Ruta Nacional 178 (Armstrong, Santa Fe)","robots":{"index":"index","follow":"follow","max-snippet":"max-snippet:-1","max-image-preview":"max-image-preview:large","max-video-preview":"max-video-preview:-1"},"canonical":"https:\/\/cmvsf2.org\/web\/2019\/06\/06\/el-cmvsf2-invita-primeras-jornadas-para-profesionales-organizadas-por-agroactiva\/","og_locale":"es_ES","og_type":"article","og_title":"El CMVSF2 invita: \u201cPrimeras Jornadas para Profesionales\u201d organizadas por AgroActiva - Colegio De Veterinarios De Santa Fe 2da. Circunscripci\u00f3n","og_description":"El jueves 27 y el viernes 28 de junio en el predio de AgroActiva ubicado en el cruce de la Autopista Rosario-C\u00f3rdoba y la Ruta Nacional 178 (Armstrong, Santa Fe)","og_url":"https:\/\/cmvsf2.org\/web\/2019\/06\/06\/el-cmvsf2-invita-primeras-jornadas-para-profesionales-organizadas-por-agroactiva\/","og_site_name":"Colegio De Veterinarios De Santa Fe 2da. Circunscripci\u00f3n","article_published_time":"2019-06-06T18:46:47+00:00","og_image":[{"width":545,"height":1024,"url":"https:\/\/cmvsf2.org\/web\/wp-content\/uploads\/2019\/06\/cmvsf2-invita-agroactiva-2.jpg","type":"image\/jpeg"}],"author":"cmvsf2","twitter_card":"summary_large_image","twitter_misc":{"Escrito por":"cmvsf2","Tiempo de lectura":"2 minutos"},"schema":{"@context":"https:\/\/schema.org","@graph":[{"@type":"Article","@id":"https:\/\/cmvsf2.org\/web\/2019\/06\/06\/el-cmvsf2-invita-primeras-jornadas-para-profesionales-organizadas-por-agroactiva\/#article","isPartOf":{"@id":"https:\/\/cmvsf2.org\/web\/2019\/06\/06\/el-cmvsf2-invita-primeras-jornadas-para-profesionales-organizadas-por-agroactiva\/"},"author":{"name":"cmvsf2","@id":"https:\/\/cmvsf2.org\/web\/#\/schema\/person\/46ea3630099a4a3df8d89f07cf5f7520"},"headline":"El CMVSF2 invita: \u201cPrimeras Jornadas para Profesionales\u201d organizadas por AgroActiva","datePublished":"2019-06-06T18:46:47+00:00","mainEntityOfPage":{"@id":"https:\/\/cmvsf2.org\/web\/2019\/06\/06\/el-cmvsf2-invita-primeras-jornadas-para-profesionales-organizadas-por-agroactiva\/"},"wordCount":324,"commentCount":0,"publisher":{"@id":"https:\/\/cmvsf2.org\/web\/#organization"},"image":{"@id":"https:\/\/cmvsf2.org\/web\/2019\/06\/06\/el-cmvsf2-invita-primeras-jornadas-para-profesionales-organizadas-por-agroactiva\/#primaryimage"},"thumbnailUrl":"https:\/\/cmvsf2.org\/web\/wp-content\/uploads\/2019\/06\/cmvsf2-invita-agroactiva-2.jpg","inLanguage":"es"},{"@type":"WebPage","@id":"https:\/\/cmvsf2.org\/web\/2019\/06\/06\/el-cmvsf2-invita-primeras-jornadas-para-profesionales-organizadas-por-agroactiva\/","url":"https:\/\/cmvsf2.org\/web\/2019\/06\/06\/el-cmvsf2-invita-primeras-jornadas-para-profesionales-organizadas-por-agroactiva\/","name":"El CMVSF2 invita: \u201cPrimeras Jornadas para Profesionales\u201d organizadas por AgroActiva - Colegio De Veterinarios De Santa Fe 2da. Circunscripci\u00f3n","isPartOf":{"@id":"https:\/\/cmvsf2.org\/web\/#website"},"primaryImageOfPage":{"@id":"https:\/\/cmvsf2.org\/web\/2019\/06\/06\/el-cmvsf2-invita-primeras-jornadas-para-profesionales-organizadas-por-agroactiva\/#primaryimage"},"image":{"@id":"https:\/\/cmvsf2.org\/web\/2019\/06\/06\/el-cmvsf2-invita-primeras-jornadas-para-profesionales-organizadas-por-agroactiva\/#primaryimage"},"thumbnailUrl":"https:\/\/cmvsf2.org\/web\/wp-content\/uploads\/2019\/06\/cmvsf2-invita-agroactiva-2.jpg","datePublished":"2019-06-06T18:46:47+00:00","description":"El jueves 27 y el viernes 28 de junio en el predio de AgroActiva ubicado en el cruce de la Autopista Rosario-C\u00f3rdoba y la Ruta Nacional 178 (Armstrong, Santa Fe)","breadcrumb":{"@id":"https:\/\/cmvsf2.org\/web\/2019\/06\/06\/el-cmvsf2-invita-primeras-jornadas-para-profesionales-organizadas-por-agroactiva\/#breadcrumb"},"inLanguage":"es","potentialAction":[{"@type":"ReadAction","target":["https:\/\/cmvsf2.org\/web\/2019\/06\/06\/el-cmvsf2-invita-primeras-jornadas-para-profesionales-organizadas-por-agroactiva\/"]}]},{"@type":"ImageObject","inLanguage":"es","@id":"https:\/\/cmvsf2.org\/web\/2019\/06\/06\/el-cmvsf2-invita-primeras-jornadas-para-profesionales-organizadas-por-agroactiva\/#primaryimage","url":"https:\/\/cmvsf2.org\/web\/wp-content\/uploads\/2019\/06\/cmvsf2-invita-agroactiva-2.jpg","contentUrl":"https:\/\/cmvsf2.org\/web\/wp-content\/uploads\/2019\/06\/cmvsf2-invita-agroactiva-2.jpg","width":545,"height":1024},{"@type":"BreadcrumbList","@id":"https:\/\/cmvsf2.org\/web\/2019\/06\/06\/el-cmvsf2-invita-primeras-jornadas-para-profesionales-organizadas-por-agroactiva\/#breadcrumb","itemListElement":[{"@type":"ListItem","position":1,"name":"Portada","item":"https:\/\/cmvsf2.org\/web\/"},{"@type":"ListItem","position":2,"name":"El CMVSF2 invita: \u201cPrimeras Jornadas para Profesionales\u201d organizadas por AgroActiva"}]},{"@type":"WebSite","@id":"https:\/\/cmvsf2.org\/web\/#website","url":"https:\/\/cmvsf2.org\/web\/","name":"Colegio De Veterinarios De Santa Fe 2da. Circunscripci\u00f3n","description":"Sitio institucional del Colegio de M\u00e9dicos Veterinario de Santa Fe 2da. Circunscripci\u00f3n","publisher":{"@id":"https:\/\/cmvsf2.org\/web\/#organization"},"potentialAction":[{"@type":"SearchAction","target":{"@type":"EntryPoint","urlTemplate":"https:\/\/cmvsf2.org\/web\/?s={search_term_string}"},"query-input":{"@type":"PropertyValueSpecification","valueRequired":true,"valueName":"search_term_string"}}],"inLanguage":"es"},{"@type":"Organization","@id":"https:\/\/cmvsf2.org\/web\/#organization","name":"Colegio De Veterinarios De Santa Fe 2da. Circunscripci\u00f3n","url":"https:\/\/cmvsf2.org\/web\/","logo":{"@type":"ImageObject","inLanguage":"es","@id":"https:\/\/cmvsf2.org\/web\/#\/schema\/logo\/image\/","url":"http:\/\/cmvsf2.org\/web\/wp-content\/uploads\/2020\/03\/vector-logo-02.png","contentUrl":"http:\/\/cmvsf2.org\/web\/wp-content\/uploads\/2020\/03\/vector-logo-02.png","width":2750,"height":642,"caption":"Colegio De Veterinarios De Santa Fe 2da. Circunscripci\u00f3n"},"image":{"@id":"https:\/\/cmvsf2.org\/web\/#\/schema\/logo\/image\/"}},{"@type":"Person","@id":"https:\/\/cmvsf2.org\/web\/#\/schema\/person\/46ea3630099a4a3df8d89f07cf5f7520","name":"cmvsf2","image":{"@type":"ImageObject","inLanguage":"es","@id":"https:\/\/secure.gravatar.com\/avatar\/669647b61c77f28f1aa51df04174a5ecb296e9988b4a93d2870666cd1f502cd7?s=96&d=mm&r=g","url":"https:\/\/secure.gravatar.com\/avatar\/669647b61c77f28f1aa51df04174a5ecb296e9988b4a93d2870666cd1f502cd7?s=96&d=mm&r=g","contentUrl":"https:\/\/secure.gravatar.com\/avatar\/669647b61c77f28f1aa51df04174a5ecb296e9988b4a93d2870666cd1f502cd7?s=96&d=mm&r=g","caption":"cmvsf2"}}]}},"_links":{"self":[{"href":"https:\/\/cmvsf2.org\/web\/wp-json\/wp\/v2\/posts\/5747","targetHints":{"allow":["GET"]}}],"collection":[{"href":"https:\/\/cmvsf2.org\/web\/wp-json\/wp\/v2\/posts"}],"about":[{"href":"https:\/\/cmvsf2.org\/web\/wp-json\/wp\/v2\/types\/post"}],"author":[{"embeddable":true,"href":"https:\/\/cmvsf2.org\/web\/wp-json\/wp\/v2\/users\/3"}],"replies":[{"embeddable":true,"href":"https:\/\/cmvsf2.org\/web\/wp-json\/wp\/v2\/comments?post=5747"}],"version-history":[{"count":0,"href":"https:\/\/cmvsf2.org\/web\/wp-json\/wp\/v2\/posts\/5747\/revisions"}],"wp:featuredmedia":[{"embeddable":true,"href":"https:\/\/cmvsf2.org\/web\/wp-json\/wp\/v2\/media\/5748"}],"wp:attachment":[{"href":"https:\/\/cmvsf2.org\/web\/wp-json\/wp\/v2\/media?parent=5747"}],"wp:term":[{"taxonomy":"category","embeddable":true,"href":"https:\/\/cmvsf2.org\/web\/wp-json\/wp\/v2\/categories?post=5747"},{"taxonomy":"post_tag","embeddable":true,"href":"https:\/\/cmvsf2.org\/web\/wp-json\/wp\/v2\/tags?post=5747"}],"curies":[{"name":"wp","href":"https:\/\/api.w.org\/{rel}","templated":true}]}}