{"id":5712,"date":"2019-05-28T19:32:08","date_gmt":"2019-05-28T19:32:08","guid":{"rendered":"http:\/\/sessionstudio.ar\/vet\/web\/?p=5712"},"modified":"2019-05-28T19:32:08","modified_gmt":"2019-05-28T19:32:08","slug":"aspectos-tecnicos-y-economicos-en-planteos-de-recria-y-engorde-a-corral","status":"publish","type":"post","link":"https:\/\/cmvsf2.org\/web\/2019\/05\/28\/aspectos-tecnicos-y-economicos-en-planteos-de-recria-y-engorde-a-corral\/","title":{"rendered":"Aspectos T\u00e9cnicos y Econ\u00f3micos en planteos de recr\u00eda y engorde a corral."},"content":{"rendered":"\n<p><strong>Dictado por:  Ing. Agr. Sebasti\u00e1n Riffel  <\/strong><br \/>Asesor y consultor privado (Elizalde y Riffel) de empresas ganaderas en Argentina y Uruguay.Integrante Grupo de Investigaci\u00f3n Fac. Cs. Agrarias, Un. Nac. Mar del Plata. <\/p>\n\n\n<div class=\"wp-block-file\"><a href=\"https:\/\/cmvsf2.org\/web\/wp-content\/uploads\/2019\/05\/cv-sebastian-riffel-resumen-1.pdf\">CV Sebasti\u00e1n Riffel (resumen)<\/a><a href=\"https:\/\/cmvsf2.org\/web\/wp-content\/uploads\/2019\/05\/cv-sebastian-riffel-resumen-1.pdf\" class=\"wp-block-file__button\" download>Descarga<\/a><\/div>\n\n\n<hr class=\"wp-block-separator\"\/>\n\n\n<h3 class=\"wp-block-heading\">Inscripciones:<\/h3>\n\n\n<ul class=\"wp-block-list\"><li>Suipacha 347, Rosario <\/li><li>+54 341 4399814 \/ 4376083 \/ 4375353<\/li><li><a href=\"mailto:info@cmvsf2.org\">info@cmvsf2.org<\/a><\/li><li><\/li><\/ul>\n\n\n<figure class=\"wp-block-image\"><img loading=\"lazy\" decoding=\"async\" width=\"848\" height=\"1200\" src=\"https:\/\/cmvsf2.org\/web\/wp-content\/uploads\/2019\/06\/flyer2-01-e1560967069524-1.jpg\" alt=\"\" class=\"wp-image-5801\" srcset=\"https:\/\/cmvsf2.org\/web\/wp-content\/uploads\/2019\/06\/flyer2-01-e1560967069524-1.jpg 848w, https:\/\/cmvsf2.org\/web\/wp-content\/uploads\/2019\/06\/flyer2-01-e1560967069524-1-212x300.jpg 212w, https:\/\/cmvsf2.org\/web\/wp-content\/uploads\/2019\/06\/flyer2-01-e1560967069524-1-724x1024.jpg 724w, https:\/\/cmvsf2.org\/web\/wp-content\/uploads\/2019\/06\/flyer2-01-e1560967069524-1-768x1087.jpg 768w\" sizes=\"auto, (max-width: 848px) 100vw, 848px\" \/><\/figure>\n","protected":false},"excerpt":{"rendered":"<p>Dictado por: Ing. Agr. Sebasti\u00e1n Riffel Asesor y consultor privado (Elizalde y Riffel) de empresas ganaderas en Argentina y Uruguay.Integrante Grupo de Investigaci\u00f3n Fac. Cs. Agrarias, Un. Nac. Mar del Plata. Inscripciones: Suipacha 347, Rosario +54 341 4399814 \/ 4376083 \/ 4375353 info@cmvsf2.org<\/p>\n","protected":false},"author":3,"featured_media":5801,"comment_status":"open","ping_status":"open","sticky":false,"template":"","format":"standard","meta":{"_acf_changed":false,"footnotes":""},"categories":[1],"tags":[104,125,331,168,332,158],"class_list":["post-5712","post","type-post","status-publish","format-standard","has-post-thumbnail","hentry","category-sin-categoria","tag-actualizacion","tag-bovinos","tag-corral","tag-curso","tag-engorde","tag-formacion"],"acf":[],"yoast_head":"<!-- This site is optimized with the Yoast SEO plugin v28.2 - https:\/\/yoast.com\/product\/yoast-seo-wordpress\/ -->\n<title>Aspectos T\u00e9cnicos y Econ\u00f3micos en planteos de recr\u00eda y engorde a corral. - Colegio De Veterinarios De Santa Fe 2da. Circunscripci\u00f3n<\/title>\n<meta name=\"description\" content=\"Dictado por: Ing. Agr. Sebasti\u00e1n Riffel Asesor y consultor privado (Elizalde y Riffel) de empresas ganaderas en Argentina y Uruguay.Integrante Grupo de\" \/>\n<meta name=\"robots\" content=\"index, follow, max-snippet:-1, max-image-preview:large, max-video-preview:-1\" \/>\n<link rel=\"canonical\" href=\"https:\/\/cmvsf2.org\/web\/2019\/05\/28\/aspectos-tecnicos-y-economicos-en-planteos-de-recria-y-engorde-a-corral\/\" \/>\n<meta property=\"og:locale\" content=\"es_ES\" \/>\n<meta property=\"og:type\" content=\"article\" \/>\n<meta property=\"og:title\" content=\"Aspectos T\u00e9cnicos y Econ\u00f3micos en planteos de recr\u00eda y engorde a corral. - Colegio De Veterinarios De Santa Fe 2da. Circunscripci\u00f3n\" \/>\n<meta property=\"og:description\" content=\"Dictado por: Ing. Agr. Sebasti\u00e1n Riffel Asesor y consultor privado (Elizalde y Riffel) de empresas ganaderas en Argentina y Uruguay.Integrante Grupo de\" \/>\n<meta property=\"og:url\" content=\"https:\/\/cmvsf2.org\/web\/2019\/05\/28\/aspectos-tecnicos-y-economicos-en-planteos-de-recria-y-engorde-a-corral\/\" \/>\n<meta property=\"og:site_name\" content=\"Colegio De Veterinarios De Santa Fe 2da. Circunscripci\u00f3n\" \/>\n<meta property=\"article:published_time\" content=\"2019-05-28T19:32:08+00:00\" \/>\n<meta property=\"og:image\" content=\"https:\/\/cmvsf2.org\/web\/wp-content\/uploads\/2019\/06\/flyer2-01-e1560967069524-1.jpg\" \/>\n\t<meta property=\"og:image:width\" content=\"848\" \/>\n\t<meta property=\"og:image:height\" content=\"1200\" \/>\n\t<meta property=\"og:image:type\" content=\"image\/jpeg\" \/>\n<meta name=\"author\" content=\"cmvsf2\" \/>\n<meta name=\"twitter:card\" content=\"summary_large_image\" \/>\n<meta name=\"twitter:label1\" content=\"Escrito por\" \/>\n\t<meta name=\"twitter:data1\" content=\"cmvsf2\" \/>\n<script type=\"application\/ld+json\" class=\"yoast-schema-graph\">{\"@context\":\"https:\\\/\\\/schema.org\",\"@graph\":[{\"@type\":\"Article\",\"@id\":\"https:\\\/\\\/cmvsf2.org\\\/web\\\/2019\\\/05\\\/28\\\/aspectos-tecnicos-y-economicos-en-planteos-de-recria-y-engorde-a-corral\\\/#article\",\"isPartOf\":{\"@id\":\"https:\\\/\\\/cmvsf2.org\\\/web\\\/2019\\\/05\\\/28\\\/aspectos-tecnicos-y-economicos-en-planteos-de-recria-y-engorde-a-corral\\\/\"},\"author\":{\"name\":\"cmvsf2\",\"@id\":\"https:\\\/\\\/cmvsf2.org\\\/web\\\/#\\\/schema\\\/person\\\/46ea3630099a4a3df8d89f07cf5f7520\"},\"headline\":\"Aspectos T\u00e9cnicos y Econ\u00f3micos en planteos de recr\u00eda y engorde a corral.\",\"datePublished\":\"2019-05-28T19:32:08+00:00\",\"mainEntityOfPage\":{\"@id\":\"https:\\\/\\\/cmvsf2.org\\\/web\\\/2019\\\/05\\\/28\\\/aspectos-tecnicos-y-economicos-en-planteos-de-recria-y-engorde-a-corral\\\/\"},\"wordCount\":61,\"commentCount\":0,\"publisher\":{\"@id\":\"https:\\\/\\\/cmvsf2.org\\\/web\\\/#organization\"},\"image\":{\"@id\":\"https:\\\/\\\/cmvsf2.org\\\/web\\\/2019\\\/05\\\/28\\\/aspectos-tecnicos-y-economicos-en-planteos-de-recria-y-engorde-a-corral\\\/#primaryimage\"},\"thumbnailUrl\":\"https:\\\/\\\/cmvsf2.org\\\/web\\\/wp-content\\\/uploads\\\/2019\\\/06\\\/flyer2-01-e1560967069524-1.jpg\",\"keywords\":[\"actualizaci\u00f3n\",\"Bovinos\",\"corral\",\"curso\",\"engorde\",\"formacion\"],\"inLanguage\":\"es\"},{\"@type\":\"WebPage\",\"@id\":\"https:\\\/\\\/cmvsf2.org\\\/web\\\/2019\\\/05\\\/28\\\/aspectos-tecnicos-y-economicos-en-planteos-de-recria-y-engorde-a-corral\\\/\",\"url\":\"https:\\\/\\\/cmvsf2.org\\\/web\\\/2019\\\/05\\\/28\\\/aspectos-tecnicos-y-economicos-en-planteos-de-recria-y-engorde-a-corral\\\/\",\"name\":\"Aspectos T\u00e9cnicos y Econ\u00f3micos en planteos de recr\u00eda y engorde a corral. - Colegio De Veterinarios De Santa Fe 2da. Circunscripci\u00f3n\",\"isPartOf\":{\"@id\":\"https:\\\/\\\/cmvsf2.org\\\/web\\\/#website\"},\"primaryImageOfPage\":{\"@id\":\"https:\\\/\\\/cmvsf2.org\\\/web\\\/2019\\\/05\\\/28\\\/aspectos-tecnicos-y-economicos-en-planteos-de-recria-y-engorde-a-corral\\\/#primaryimage\"},\"image\":{\"@id\":\"https:\\\/\\\/cmvsf2.org\\\/web\\\/2019\\\/05\\\/28\\\/aspectos-tecnicos-y-economicos-en-planteos-de-recria-y-engorde-a-corral\\\/#primaryimage\"},\"thumbnailUrl\":\"https:\\\/\\\/cmvsf2.org\\\/web\\\/wp-content\\\/uploads\\\/2019\\\/06\\\/flyer2-01-e1560967069524-1.jpg\",\"datePublished\":\"2019-05-28T19:32:08+00:00\",\"description\":\"Dictado por: Ing. Agr. Sebasti\u00e1n Riffel Asesor y consultor privado (Elizalde y Riffel) de empresas ganaderas en Argentina y Uruguay.Integrante Grupo de\",\"breadcrumb\":{\"@id\":\"https:\\\/\\\/cmvsf2.org\\\/web\\\/2019\\\/05\\\/28\\\/aspectos-tecnicos-y-economicos-en-planteos-de-recria-y-engorde-a-corral\\\/#breadcrumb\"},\"inLanguage\":\"es\",\"potentialAction\":[{\"@type\":\"ReadAction\",\"target\":[\"https:\\\/\\\/cmvsf2.org\\\/web\\\/2019\\\/05\\\/28\\\/aspectos-tecnicos-y-economicos-en-planteos-de-recria-y-engorde-a-corral\\\/\"]}]},{\"@type\":\"ImageObject\",\"inLanguage\":\"es\",\"@id\":\"https:\\\/\\\/cmvsf2.org\\\/web\\\/2019\\\/05\\\/28\\\/aspectos-tecnicos-y-economicos-en-planteos-de-recria-y-engorde-a-corral\\\/#primaryimage\",\"url\":\"https:\\\/\\\/cmvsf2.org\\\/web\\\/wp-content\\\/uploads\\\/2019\\\/06\\\/flyer2-01-e1560967069524-1.jpg\",\"contentUrl\":\"https:\\\/\\\/cmvsf2.org\\\/web\\\/wp-content\\\/uploads\\\/2019\\\/06\\\/flyer2-01-e1560967069524-1.jpg\",\"width\":848,\"height\":1200},{\"@type\":\"BreadcrumbList\",\"@id\":\"https:\\\/\\\/cmvsf2.org\\\/web\\\/2019\\\/05\\\/28\\\/aspectos-tecnicos-y-economicos-en-planteos-de-recria-y-engorde-a-corral\\\/#breadcrumb\",\"itemListElement\":[{\"@type\":\"ListItem\",\"position\":1,\"name\":\"Portada\",\"item\":\"https:\\\/\\\/cmvsf2.org\\\/web\\\/\"},{\"@type\":\"ListItem\",\"position\":2,\"name\":\"Aspectos T\u00e9cnicos y Econ\u00f3micos en planteos de recr\u00eda y engorde a corral.\"}]},{\"@type\":\"WebSite\",\"@id\":\"https:\\\/\\\/cmvsf2.org\\\/web\\\/#website\",\"url\":\"https:\\\/\\\/cmvsf2.org\\\/web\\\/\",\"name\":\"Colegio De Veterinarios De Santa Fe 2da. Circunscripci\u00f3n\",\"description\":\"Sitio institucional del Colegio de M\u00e9dicos Veterinario de Santa Fe 2da. Circunscripci\u00f3n\",\"publisher\":{\"@id\":\"https:\\\/\\\/cmvsf2.org\\\/web\\\/#organization\"},\"potentialAction\":[{\"@type\":\"SearchAction\",\"target\":{\"@type\":\"EntryPoint\",\"urlTemplate\":\"https:\\\/\\\/cmvsf2.org\\\/web\\\/?s={search_term_string}\"},\"query-input\":{\"@type\":\"PropertyValueSpecification\",\"valueRequired\":true,\"valueName\":\"search_term_string\"}}],\"inLanguage\":\"es\"},{\"@type\":\"Organization\",\"@id\":\"https:\\\/\\\/cmvsf2.org\\\/web\\\/#organization\",\"name\":\"Colegio De Veterinarios De Santa Fe 2da. Circunscripci\u00f3n\",\"url\":\"https:\\\/\\\/cmvsf2.org\\\/web\\\/\",\"logo\":{\"@type\":\"ImageObject\",\"inLanguage\":\"es\",\"@id\":\"https:\\\/\\\/cmvsf2.org\\\/web\\\/#\\\/schema\\\/logo\\\/image\\\/\",\"url\":\"http:\\\/\\\/cmvsf2.org\\\/web\\\/wp-content\\\/uploads\\\/2020\\\/03\\\/vector-logo-02.png\",\"contentUrl\":\"http:\\\/\\\/cmvsf2.org\\\/web\\\/wp-content\\\/uploads\\\/2020\\\/03\\\/vector-logo-02.png\",\"width\":2750,\"height\":642,\"caption\":\"Colegio De Veterinarios De Santa Fe 2da. Circunscripci\u00f3n\"},\"image\":{\"@id\":\"https:\\\/\\\/cmvsf2.org\\\/web\\\/#\\\/schema\\\/logo\\\/image\\\/\"}},{\"@type\":\"Person\",\"@id\":\"https:\\\/\\\/cmvsf2.org\\\/web\\\/#\\\/schema\\\/person\\\/46ea3630099a4a3df8d89f07cf5f7520\",\"name\":\"cmvsf2\",\"image\":{\"@type\":\"ImageObject\",\"inLanguage\":\"es\",\"@id\":\"https:\\\/\\\/secure.gravatar.com\\\/avatar\\\/669647b61c77f28f1aa51df04174a5ecb296e9988b4a93d2870666cd1f502cd7?s=96&d=mm&r=g\",\"url\":\"https:\\\/\\\/secure.gravatar.com\\\/avatar\\\/669647b61c77f28f1aa51df04174a5ecb296e9988b4a93d2870666cd1f502cd7?s=96&d=mm&r=g\",\"contentUrl\":\"https:\\\/\\\/secure.gravatar.com\\\/avatar\\\/669647b61c77f28f1aa51df04174a5ecb296e9988b4a93d2870666cd1f502cd7?s=96&d=mm&r=g\",\"caption\":\"cmvsf2\"}}]}<\/script>\n<!-- \/ Yoast SEO plugin. -->","yoast_head_json":{"title":"Aspectos T\u00e9cnicos y Econ\u00f3micos en planteos de recr\u00eda y engorde a corral. - Colegio De Veterinarios De Santa Fe 2da. Circunscripci\u00f3n","description":"Dictado por: Ing. Agr. Sebasti\u00e1n Riffel Asesor y consultor privado (Elizalde y Riffel) de empresas ganaderas en Argentina y Uruguay.Integrante Grupo de","robots":{"index":"index","follow":"follow","max-snippet":"max-snippet:-1","max-image-preview":"max-image-preview:large","max-video-preview":"max-video-preview:-1"},"canonical":"https:\/\/cmvsf2.org\/web\/2019\/05\/28\/aspectos-tecnicos-y-economicos-en-planteos-de-recria-y-engorde-a-corral\/","og_locale":"es_ES","og_type":"article","og_title":"Aspectos T\u00e9cnicos y Econ\u00f3micos en planteos de recr\u00eda y engorde a corral. - Colegio De Veterinarios De Santa Fe 2da. Circunscripci\u00f3n","og_description":"Dictado por: Ing. Agr. Sebasti\u00e1n Riffel Asesor y consultor privado (Elizalde y Riffel) de empresas ganaderas en Argentina y Uruguay.Integrante Grupo de","og_url":"https:\/\/cmvsf2.org\/web\/2019\/05\/28\/aspectos-tecnicos-y-economicos-en-planteos-de-recria-y-engorde-a-corral\/","og_site_name":"Colegio De Veterinarios De Santa Fe 2da. Circunscripci\u00f3n","article_published_time":"2019-05-28T19:32:08+00:00","og_image":[{"width":848,"height":1200,"url":"https:\/\/cmvsf2.org\/web\/wp-content\/uploads\/2019\/06\/flyer2-01-e1560967069524-1.jpg","type":"image\/jpeg"}],"author":"cmvsf2","twitter_card":"summary_large_image","twitter_misc":{"Escrito por":"cmvsf2"},"schema":{"@context":"https:\/\/schema.org","@graph":[{"@type":"Article","@id":"https:\/\/cmvsf2.org\/web\/2019\/05\/28\/aspectos-tecnicos-y-economicos-en-planteos-de-recria-y-engorde-a-corral\/#article","isPartOf":{"@id":"https:\/\/cmvsf2.org\/web\/2019\/05\/28\/aspectos-tecnicos-y-economicos-en-planteos-de-recria-y-engorde-a-corral\/"},"author":{"name":"cmvsf2","@id":"https:\/\/cmvsf2.org\/web\/#\/schema\/person\/46ea3630099a4a3df8d89f07cf5f7520"},"headline":"Aspectos T\u00e9cnicos y Econ\u00f3micos en planteos de recr\u00eda y engorde a corral.","datePublished":"2019-05-28T19:32:08+00:00","mainEntityOfPage":{"@id":"https:\/\/cmvsf2.org\/web\/2019\/05\/28\/aspectos-tecnicos-y-economicos-en-planteos-de-recria-y-engorde-a-corral\/"},"wordCount":61,"commentCount":0,"publisher":{"@id":"https:\/\/cmvsf2.org\/web\/#organization"},"image":{"@id":"https:\/\/cmvsf2.org\/web\/2019\/05\/28\/aspectos-tecnicos-y-economicos-en-planteos-de-recria-y-engorde-a-corral\/#primaryimage"},"thumbnailUrl":"https:\/\/cmvsf2.org\/web\/wp-content\/uploads\/2019\/06\/flyer2-01-e1560967069524-1.jpg","keywords":["actualizaci\u00f3n","Bovinos","corral","curso","engorde","formacion"],"inLanguage":"es"},{"@type":"WebPage","@id":"https:\/\/cmvsf2.org\/web\/2019\/05\/28\/aspectos-tecnicos-y-economicos-en-planteos-de-recria-y-engorde-a-corral\/","url":"https:\/\/cmvsf2.org\/web\/2019\/05\/28\/aspectos-tecnicos-y-economicos-en-planteos-de-recria-y-engorde-a-corral\/","name":"Aspectos T\u00e9cnicos y Econ\u00f3micos en planteos de recr\u00eda y engorde a corral. - Colegio De Veterinarios De Santa Fe 2da. Circunscripci\u00f3n","isPartOf":{"@id":"https:\/\/cmvsf2.org\/web\/#website"},"primaryImageOfPage":{"@id":"https:\/\/cmvsf2.org\/web\/2019\/05\/28\/aspectos-tecnicos-y-economicos-en-planteos-de-recria-y-engorde-a-corral\/#primaryimage"},"image":{"@id":"https:\/\/cmvsf2.org\/web\/2019\/05\/28\/aspectos-tecnicos-y-economicos-en-planteos-de-recria-y-engorde-a-corral\/#primaryimage"},"thumbnailUrl":"https:\/\/cmvsf2.org\/web\/wp-content\/uploads\/2019\/06\/flyer2-01-e1560967069524-1.jpg","datePublished":"2019-05-28T19:32:08+00:00","description":"Dictado por: Ing. Agr. Sebasti\u00e1n Riffel Asesor y consultor privado (Elizalde y Riffel) de empresas ganaderas en Argentina y Uruguay.Integrante Grupo de","breadcrumb":{"@id":"https:\/\/cmvsf2.org\/web\/2019\/05\/28\/aspectos-tecnicos-y-economicos-en-planteos-de-recria-y-engorde-a-corral\/#breadcrumb"},"inLanguage":"es","potentialAction":[{"@type":"ReadAction","target":["https:\/\/cmvsf2.org\/web\/2019\/05\/28\/aspectos-tecnicos-y-economicos-en-planteos-de-recria-y-engorde-a-corral\/"]}]},{"@type":"ImageObject","inLanguage":"es","@id":"https:\/\/cmvsf2.org\/web\/2019\/05\/28\/aspectos-tecnicos-y-economicos-en-planteos-de-recria-y-engorde-a-corral\/#primaryimage","url":"https:\/\/cmvsf2.org\/web\/wp-content\/uploads\/2019\/06\/flyer2-01-e1560967069524-1.jpg","contentUrl":"https:\/\/cmvsf2.org\/web\/wp-content\/uploads\/2019\/06\/flyer2-01-e1560967069524-1.jpg","width":848,"height":1200},{"@type":"BreadcrumbList","@id":"https:\/\/cmvsf2.org\/web\/2019\/05\/28\/aspectos-tecnicos-y-economicos-en-planteos-de-recria-y-engorde-a-corral\/#breadcrumb","itemListElement":[{"@type":"ListItem","position":1,"name":"Portada","item":"https:\/\/cmvsf2.org\/web\/"},{"@type":"ListItem","position":2,"name":"Aspectos T\u00e9cnicos y Econ\u00f3micos en planteos de recr\u00eda y engorde a corral."}]},{"@type":"WebSite","@id":"https:\/\/cmvsf2.org\/web\/#website","url":"https:\/\/cmvsf2.org\/web\/","name":"Colegio De Veterinarios De Santa Fe 2da. Circunscripci\u00f3n","description":"Sitio institucional del Colegio de M\u00e9dicos Veterinario de Santa Fe 2da. Circunscripci\u00f3n","publisher":{"@id":"https:\/\/cmvsf2.org\/web\/#organization"},"potentialAction":[{"@type":"SearchAction","target":{"@type":"EntryPoint","urlTemplate":"https:\/\/cmvsf2.org\/web\/?s={search_term_string}"},"query-input":{"@type":"PropertyValueSpecification","valueRequired":true,"valueName":"search_term_string"}}],"inLanguage":"es"},{"@type":"Organization","@id":"https:\/\/cmvsf2.org\/web\/#organization","name":"Colegio De Veterinarios De Santa Fe 2da. Circunscripci\u00f3n","url":"https:\/\/cmvsf2.org\/web\/","logo":{"@type":"ImageObject","inLanguage":"es","@id":"https:\/\/cmvsf2.org\/web\/#\/schema\/logo\/image\/","url":"http:\/\/cmvsf2.org\/web\/wp-content\/uploads\/2020\/03\/vector-logo-02.png","contentUrl":"http:\/\/cmvsf2.org\/web\/wp-content\/uploads\/2020\/03\/vector-logo-02.png","width":2750,"height":642,"caption":"Colegio De Veterinarios De Santa Fe 2da. Circunscripci\u00f3n"},"image":{"@id":"https:\/\/cmvsf2.org\/web\/#\/schema\/logo\/image\/"}},{"@type":"Person","@id":"https:\/\/cmvsf2.org\/web\/#\/schema\/person\/46ea3630099a4a3df8d89f07cf5f7520","name":"cmvsf2","image":{"@type":"ImageObject","inLanguage":"es","@id":"https:\/\/secure.gravatar.com\/avatar\/669647b61c77f28f1aa51df04174a5ecb296e9988b4a93d2870666cd1f502cd7?s=96&d=mm&r=g","url":"https:\/\/secure.gravatar.com\/avatar\/669647b61c77f28f1aa51df04174a5ecb296e9988b4a93d2870666cd1f502cd7?s=96&d=mm&r=g","contentUrl":"https:\/\/secure.gravatar.com\/avatar\/669647b61c77f28f1aa51df04174a5ecb296e9988b4a93d2870666cd1f502cd7?s=96&d=mm&r=g","caption":"cmvsf2"}}]}},"_links":{"self":[{"href":"https:\/\/cmvsf2.org\/web\/wp-json\/wp\/v2\/posts\/5712","targetHints":{"allow":["GET"]}}],"collection":[{"href":"https:\/\/cmvsf2.org\/web\/wp-json\/wp\/v2\/posts"}],"about":[{"href":"https:\/\/cmvsf2.org\/web\/wp-json\/wp\/v2\/types\/post"}],"author":[{"embeddable":true,"href":"https:\/\/cmvsf2.org\/web\/wp-json\/wp\/v2\/users\/3"}],"replies":[{"embeddable":true,"href":"https:\/\/cmvsf2.org\/web\/wp-json\/wp\/v2\/comments?post=5712"}],"version-history":[{"count":0,"href":"https:\/\/cmvsf2.org\/web\/wp-json\/wp\/v2\/posts\/5712\/revisions"}],"wp:featuredmedia":[{"embeddable":true,"href":"https:\/\/cmvsf2.org\/web\/wp-json\/wp\/v2\/media\/5801"}],"wp:attachment":[{"href":"https:\/\/cmvsf2.org\/web\/wp-json\/wp\/v2\/media?parent=5712"}],"wp:term":[{"taxonomy":"category","embeddable":true,"href":"https:\/\/cmvsf2.org\/web\/wp-json\/wp\/v2\/categories?post=5712"},{"taxonomy":"post_tag","embeddable":true,"href":"https:\/\/cmvsf2.org\/web\/wp-json\/wp\/v2\/tags?post=5712"}],"curies":[{"name":"wp","href":"https:\/\/api.w.org\/{rel}","templated":true}]}}