{"id":5449,"date":"2019-06-27T09:02:09","date_gmt":"2019-06-27T09:02:09","guid":{"rendered":"http:\/\/sessionstudio.ar\/vet\/web\/?p=5449"},"modified":"2019-06-27T09:02:09","modified_gmt":"2019-06-27T09:02:09","slug":"xxvii-jornadas-para-corresponsables-sanitarios","status":"publish","type":"post","link":"https:\/\/cmvsf2.org\/web\/2019\/06\/27\/xxvii-jornadas-para-corresponsables-sanitarios\/","title":{"rendered":"XXVII Jornadas para Corresponsables Sanitarios"},"content":{"rendered":"\n<p>Se realizaron los d\u00edas 6 y 7 de junio en Venado Tuerto y en Rosario, respectivamente. Con horario de tarde comenzando a las 14:00h. Estuvieron a cargo del Dr. Enrique Trabattoni. Ex docente de la c\u00e1tedra de Inmunolog\u00eda de la Facultad de Ciencias Veterinarias de la UNL. <\/p>\n\n\n<p><strong>Descargar material de las charlas:<\/strong><\/p>\n\n\n<div class=\"wp-block-file\"><a href=\"https:\/\/cmvsf2.org\/web\/wp-content\/uploads\/2019\/06\/aborto-trabattoni-xxvii-jor.-cs-jun-2019-1.pdf\">Aborto Trabattoni XXVII Jor. CS JUN 2019<\/a><a href=\"https:\/\/cmvsf2.org\/web\/wp-content\/uploads\/2019\/06\/aborto-trabattoni-xxvii-jor.-cs-jun-2019-1.pdf\" class=\"wp-block-file__button\" download>Descarga<\/a><\/div>\n\n\n<div class=\"wp-block-file\"><a href=\"https:\/\/cmvsf2.org\/web\/wp-content\/uploads\/2019\/06\/leucosis-trabattoni-xxvii-jor.-cs-jun-2019-1.pdf\">Leucosis Trabattoni XXVII Jor. CS &#8211; JUN 2019<\/a><a href=\"https:\/\/cmvsf2.org\/web\/wp-content\/uploads\/2019\/06\/leucosis-trabattoni-xxvii-jor.-cs-jun-2019-1.pdf\" class=\"wp-block-file__button\" download>Descarga<\/a><\/div>\n\n\n<hr class=\"wp-block-separator\"\/>\n\n\n<div class=\"wp-block-file\"><a href=\"https:\/\/cmvsf2.org\/web\/wp-content\/uploads\/2019\/06\/result.-encuestas-xxvii-jornadas-de-corresponsables-sanitarios-para-difusin-1.pdf\">Result. encuestas XXVII Jornadas de Corresponsables Sanitarios<\/a><a href=\"https:\/\/cmvsf2.org\/web\/wp-content\/uploads\/2019\/06\/result.-encuestas-xxvii-jornadas-de-corresponsables-sanitarios-para-difusin-1.pdf\" class=\"wp-block-file__button\" download>Descarga<\/a><\/div>\n\n\n<ul class=\"wp-block-gallery columns-2 is-cropped wp-block-gallery-1 is-layout-flex wp-block-gallery-is-layout-flex\"><li class=\"blocks-gallery-item\"><figure><img decoding=\"async\" src=\"https:\/\/cmvsf2.org\/web\/wp-content\/uploads\/2019\/06\/jor-cs-ros-jun-2019-01-1-1024x1024.jpeg\" alt=\"\" data-id=\"5785\" data-link=\"http:\/\/sessionstudio.ar\/vet\/web\/xxvii-jornadas-para-corresponsables-sanitarios\/jor-cs-ros-jun-2019-01\/\" class=\"wp-image-5785\"\/><\/figure><\/li><li class=\"blocks-gallery-item\"><figure><img decoding=\"async\" src=\"https:\/\/cmvsf2.org\/web\/wp-content\/uploads\/2019\/06\/jor-cs-vt-jun-2019-02-1-1024x1024.jpeg\" alt=\"\" data-id=\"5786\" data-link=\"http:\/\/sessionstudio.ar\/vet\/web\/xxvii-jornadas-para-corresponsables-sanitarios\/jor-cs-vt-jun-2019-02\/\" class=\"wp-image-5786\"\/><\/figure><\/li><\/ul>\n\n\n<figure class=\"wp-block-image\"><img loading=\"lazy\" decoding=\"async\" width=\"945\" height=\"1299\" src=\"https:\/\/cmvsf2.org\/web\/wp-content\/uploads\/2019\/05\/flyer-corresponsables2-01-1.jpg\" alt=\"\" class=\"wp-image-5450\" srcset=\"https:\/\/cmvsf2.org\/web\/wp-content\/uploads\/2019\/05\/flyer-corresponsables2-01-1.jpg 945w, https:\/\/cmvsf2.org\/web\/wp-content\/uploads\/2019\/05\/flyer-corresponsables2-01-1-218x300.jpg 218w, https:\/\/cmvsf2.org\/web\/wp-content\/uploads\/2019\/05\/flyer-corresponsables2-01-1-745x1024.jpg 745w, https:\/\/cmvsf2.org\/web\/wp-content\/uploads\/2019\/05\/flyer-corresponsables2-01-1-768x1056.jpg 768w\" sizes=\"auto, (max-width: 945px) 100vw, 945px\" \/><\/figure>\n","protected":false},"excerpt":{"rendered":"<p>Se realizaron los d\u00edas 6 y 7 de junio en Venado Tuerto y en Rosario, respectivamente. Con horario de tarde comenzando a las 14:00h. Estuvieron a cargo del Dr. Enrique Trabattoni. Ex docente de la c\u00e1tedra de Inmunolog\u00eda de la Facultad de Ciencias Veterinarias de la UNL. Descargar material de las charlas:<\/p>\n","protected":false},"author":3,"featured_media":5785,"comment_status":"open","ping_status":"open","sticky":false,"template":"","format":"standard","meta":{"_acf_changed":false,"footnotes":""},"categories":[1],"tags":[318,319],"class_list":["post-5449","post","type-post","status-publish","format-standard","has-post-thumbnail","hentry","category-sin-categoria","tag-corresponables","tag-sanitarios"],"acf":[],"yoast_head":"<!-- This site is optimized with the Yoast SEO plugin v28.2 - https:\/\/yoast.com\/product\/yoast-seo-wordpress\/ -->\n<title>XXVII Jornadas para Corresponsables Sanitarios - Colegio De Veterinarios De Santa Fe 2da. Circunscripci\u00f3n<\/title>\n<meta name=\"description\" content=\"Se realizaron los d\u00edas 6 y 7 de junio en Venado Tuerto y en Rosario, respectivamente. Con horario de tarde comenzando a las 14:00h. Estuvieron a cargo del\" \/>\n<meta name=\"robots\" content=\"index, follow, max-snippet:-1, max-image-preview:large, max-video-preview:-1\" \/>\n<link rel=\"canonical\" href=\"https:\/\/cmvsf2.org\/web\/2019\/06\/27\/xxvii-jornadas-para-corresponsables-sanitarios\/\" \/>\n<meta property=\"og:locale\" content=\"es_ES\" \/>\n<meta property=\"og:type\" content=\"article\" \/>\n<meta property=\"og:title\" content=\"XXVII Jornadas para Corresponsables Sanitarios - Colegio De Veterinarios De Santa Fe 2da. Circunscripci\u00f3n\" \/>\n<meta property=\"og:description\" content=\"Se realizaron los d\u00edas 6 y 7 de junio en Venado Tuerto y en Rosario, respectivamente. Con horario de tarde comenzando a las 14:00h. Estuvieron a cargo del\" \/>\n<meta property=\"og:url\" content=\"https:\/\/cmvsf2.org\/web\/2019\/06\/27\/xxvii-jornadas-para-corresponsables-sanitarios\/\" \/>\n<meta property=\"og:site_name\" content=\"Colegio De Veterinarios De Santa Fe 2da. Circunscripci\u00f3n\" \/>\n<meta property=\"article:published_time\" content=\"2019-06-27T09:02:09+00:00\" \/>\n<meta property=\"og:image\" content=\"https:\/\/cmvsf2.org\/web\/wp-content\/uploads\/2019\/06\/jor-cs-ros-jun-2019-01-1.jpeg\" \/>\n\t<meta property=\"og:image:width\" content=\"1280\" \/>\n\t<meta property=\"og:image:height\" content=\"853\" \/>\n\t<meta property=\"og:image:type\" content=\"image\/jpeg\" \/>\n<meta name=\"author\" content=\"cmvsf2\" \/>\n<meta name=\"twitter:card\" content=\"summary_large_image\" \/>\n<meta name=\"twitter:label1\" content=\"Escrito por\" \/>\n\t<meta name=\"twitter:data1\" content=\"cmvsf2\" \/>\n<script type=\"application\/ld+json\" class=\"yoast-schema-graph\">{\"@context\":\"https:\\\/\\\/schema.org\",\"@graph\":[{\"@type\":\"Article\",\"@id\":\"https:\\\/\\\/cmvsf2.org\\\/web\\\/2019\\\/06\\\/27\\\/xxvii-jornadas-para-corresponsables-sanitarios\\\/#article\",\"isPartOf\":{\"@id\":\"https:\\\/\\\/cmvsf2.org\\\/web\\\/2019\\\/06\\\/27\\\/xxvii-jornadas-para-corresponsables-sanitarios\\\/\"},\"author\":{\"name\":\"cmvsf2\",\"@id\":\"https:\\\/\\\/cmvsf2.org\\\/web\\\/#\\\/schema\\\/person\\\/46ea3630099a4a3df8d89f07cf5f7520\"},\"headline\":\"XXVII Jornadas para Corresponsables Sanitarios\",\"datePublished\":\"2019-06-27T09:02:09+00:00\",\"mainEntityOfPage\":{\"@id\":\"https:\\\/\\\/cmvsf2.org\\\/web\\\/2019\\\/06\\\/27\\\/xxvii-jornadas-para-corresponsables-sanitarios\\\/\"},\"wordCount\":81,\"commentCount\":0,\"publisher\":{\"@id\":\"https:\\\/\\\/cmvsf2.org\\\/web\\\/#organization\"},\"image\":{\"@id\":\"https:\\\/\\\/cmvsf2.org\\\/web\\\/2019\\\/06\\\/27\\\/xxvii-jornadas-para-corresponsables-sanitarios\\\/#primaryimage\"},\"thumbnailUrl\":\"https:\\\/\\\/cmvsf2.org\\\/web\\\/wp-content\\\/uploads\\\/2019\\\/06\\\/jor-cs-ros-jun-2019-01-1.jpeg\",\"keywords\":[\"corresponables\",\"sanitarios\"],\"inLanguage\":\"es\"},{\"@type\":\"WebPage\",\"@id\":\"https:\\\/\\\/cmvsf2.org\\\/web\\\/2019\\\/06\\\/27\\\/xxvii-jornadas-para-corresponsables-sanitarios\\\/\",\"url\":\"https:\\\/\\\/cmvsf2.org\\\/web\\\/2019\\\/06\\\/27\\\/xxvii-jornadas-para-corresponsables-sanitarios\\\/\",\"name\":\"XXVII Jornadas para Corresponsables Sanitarios - Colegio De Veterinarios De Santa Fe 2da. Circunscripci\u00f3n\",\"isPartOf\":{\"@id\":\"https:\\\/\\\/cmvsf2.org\\\/web\\\/#website\"},\"primaryImageOfPage\":{\"@id\":\"https:\\\/\\\/cmvsf2.org\\\/web\\\/2019\\\/06\\\/27\\\/xxvii-jornadas-para-corresponsables-sanitarios\\\/#primaryimage\"},\"image\":{\"@id\":\"https:\\\/\\\/cmvsf2.org\\\/web\\\/2019\\\/06\\\/27\\\/xxvii-jornadas-para-corresponsables-sanitarios\\\/#primaryimage\"},\"thumbnailUrl\":\"https:\\\/\\\/cmvsf2.org\\\/web\\\/wp-content\\\/uploads\\\/2019\\\/06\\\/jor-cs-ros-jun-2019-01-1.jpeg\",\"datePublished\":\"2019-06-27T09:02:09+00:00\",\"description\":\"Se realizaron los d\u00edas 6 y 7 de junio en Venado Tuerto y en Rosario, respectivamente. Con horario de tarde comenzando a las 14:00h. Estuvieron a cargo del\",\"breadcrumb\":{\"@id\":\"https:\\\/\\\/cmvsf2.org\\\/web\\\/2019\\\/06\\\/27\\\/xxvii-jornadas-para-corresponsables-sanitarios\\\/#breadcrumb\"},\"inLanguage\":\"es\",\"potentialAction\":[{\"@type\":\"ReadAction\",\"target\":[\"https:\\\/\\\/cmvsf2.org\\\/web\\\/2019\\\/06\\\/27\\\/xxvii-jornadas-para-corresponsables-sanitarios\\\/\"]}]},{\"@type\":\"ImageObject\",\"inLanguage\":\"es\",\"@id\":\"https:\\\/\\\/cmvsf2.org\\\/web\\\/2019\\\/06\\\/27\\\/xxvii-jornadas-para-corresponsables-sanitarios\\\/#primaryimage\",\"url\":\"https:\\\/\\\/cmvsf2.org\\\/web\\\/wp-content\\\/uploads\\\/2019\\\/06\\\/jor-cs-ros-jun-2019-01-1.jpeg\",\"contentUrl\":\"https:\\\/\\\/cmvsf2.org\\\/web\\\/wp-content\\\/uploads\\\/2019\\\/06\\\/jor-cs-ros-jun-2019-01-1.jpeg\",\"width\":1280,\"height\":853},{\"@type\":\"BreadcrumbList\",\"@id\":\"https:\\\/\\\/cmvsf2.org\\\/web\\\/2019\\\/06\\\/27\\\/xxvii-jornadas-para-corresponsables-sanitarios\\\/#breadcrumb\",\"itemListElement\":[{\"@type\":\"ListItem\",\"position\":1,\"name\":\"Portada\",\"item\":\"https:\\\/\\\/cmvsf2.org\\\/web\\\/\"},{\"@type\":\"ListItem\",\"position\":2,\"name\":\"XXVII Jornadas para Corresponsables Sanitarios\"}]},{\"@type\":\"WebSite\",\"@id\":\"https:\\\/\\\/cmvsf2.org\\\/web\\\/#website\",\"url\":\"https:\\\/\\\/cmvsf2.org\\\/web\\\/\",\"name\":\"Colegio De Veterinarios De Santa Fe 2da. Circunscripci\u00f3n\",\"description\":\"Sitio institucional del Colegio de M\u00e9dicos Veterinario de Santa Fe 2da. Circunscripci\u00f3n\",\"publisher\":{\"@id\":\"https:\\\/\\\/cmvsf2.org\\\/web\\\/#organization\"},\"potentialAction\":[{\"@type\":\"SearchAction\",\"target\":{\"@type\":\"EntryPoint\",\"urlTemplate\":\"https:\\\/\\\/cmvsf2.org\\\/web\\\/?s={search_term_string}\"},\"query-input\":{\"@type\":\"PropertyValueSpecification\",\"valueRequired\":true,\"valueName\":\"search_term_string\"}}],\"inLanguage\":\"es\"},{\"@type\":\"Organization\",\"@id\":\"https:\\\/\\\/cmvsf2.org\\\/web\\\/#organization\",\"name\":\"Colegio De Veterinarios De Santa Fe 2da. Circunscripci\u00f3n\",\"url\":\"https:\\\/\\\/cmvsf2.org\\\/web\\\/\",\"logo\":{\"@type\":\"ImageObject\",\"inLanguage\":\"es\",\"@id\":\"https:\\\/\\\/cmvsf2.org\\\/web\\\/#\\\/schema\\\/logo\\\/image\\\/\",\"url\":\"http:\\\/\\\/cmvsf2.org\\\/web\\\/wp-content\\\/uploads\\\/2020\\\/03\\\/vector-logo-02.png\",\"contentUrl\":\"http:\\\/\\\/cmvsf2.org\\\/web\\\/wp-content\\\/uploads\\\/2020\\\/03\\\/vector-logo-02.png\",\"width\":2750,\"height\":642,\"caption\":\"Colegio De Veterinarios De Santa Fe 2da. Circunscripci\u00f3n\"},\"image\":{\"@id\":\"https:\\\/\\\/cmvsf2.org\\\/web\\\/#\\\/schema\\\/logo\\\/image\\\/\"}},{\"@type\":\"Person\",\"@id\":\"https:\\\/\\\/cmvsf2.org\\\/web\\\/#\\\/schema\\\/person\\\/46ea3630099a4a3df8d89f07cf5f7520\",\"name\":\"cmvsf2\",\"image\":{\"@type\":\"ImageObject\",\"inLanguage\":\"es\",\"@id\":\"https:\\\/\\\/secure.gravatar.com\\\/avatar\\\/669647b61c77f28f1aa51df04174a5ecb296e9988b4a93d2870666cd1f502cd7?s=96&d=mm&r=g\",\"url\":\"https:\\\/\\\/secure.gravatar.com\\\/avatar\\\/669647b61c77f28f1aa51df04174a5ecb296e9988b4a93d2870666cd1f502cd7?s=96&d=mm&r=g\",\"contentUrl\":\"https:\\\/\\\/secure.gravatar.com\\\/avatar\\\/669647b61c77f28f1aa51df04174a5ecb296e9988b4a93d2870666cd1f502cd7?s=96&d=mm&r=g\",\"caption\":\"cmvsf2\"}}]}<\/script>\n<!-- \/ Yoast SEO plugin. -->","yoast_head_json":{"title":"XXVII Jornadas para Corresponsables Sanitarios - Colegio De Veterinarios De Santa Fe 2da. Circunscripci\u00f3n","description":"Se realizaron los d\u00edas 6 y 7 de junio en Venado Tuerto y en Rosario, respectivamente. Con horario de tarde comenzando a las 14:00h. Estuvieron a cargo del","robots":{"index":"index","follow":"follow","max-snippet":"max-snippet:-1","max-image-preview":"max-image-preview:large","max-video-preview":"max-video-preview:-1"},"canonical":"https:\/\/cmvsf2.org\/web\/2019\/06\/27\/xxvii-jornadas-para-corresponsables-sanitarios\/","og_locale":"es_ES","og_type":"article","og_title":"XXVII Jornadas para Corresponsables Sanitarios - Colegio De Veterinarios De Santa Fe 2da. Circunscripci\u00f3n","og_description":"Se realizaron los d\u00edas 6 y 7 de junio en Venado Tuerto y en Rosario, respectivamente. Con horario de tarde comenzando a las 14:00h. Estuvieron a cargo del","og_url":"https:\/\/cmvsf2.org\/web\/2019\/06\/27\/xxvii-jornadas-para-corresponsables-sanitarios\/","og_site_name":"Colegio De Veterinarios De Santa Fe 2da. Circunscripci\u00f3n","article_published_time":"2019-06-27T09:02:09+00:00","og_image":[{"width":1280,"height":853,"url":"https:\/\/cmvsf2.org\/web\/wp-content\/uploads\/2019\/06\/jor-cs-ros-jun-2019-01-1.jpeg","type":"image\/jpeg"}],"author":"cmvsf2","twitter_card":"summary_large_image","twitter_misc":{"Escrito por":"cmvsf2"},"schema":{"@context":"https:\/\/schema.org","@graph":[{"@type":"Article","@id":"https:\/\/cmvsf2.org\/web\/2019\/06\/27\/xxvii-jornadas-para-corresponsables-sanitarios\/#article","isPartOf":{"@id":"https:\/\/cmvsf2.org\/web\/2019\/06\/27\/xxvii-jornadas-para-corresponsables-sanitarios\/"},"author":{"name":"cmvsf2","@id":"https:\/\/cmvsf2.org\/web\/#\/schema\/person\/46ea3630099a4a3df8d89f07cf5f7520"},"headline":"XXVII Jornadas para Corresponsables Sanitarios","datePublished":"2019-06-27T09:02:09+00:00","mainEntityOfPage":{"@id":"https:\/\/cmvsf2.org\/web\/2019\/06\/27\/xxvii-jornadas-para-corresponsables-sanitarios\/"},"wordCount":81,"commentCount":0,"publisher":{"@id":"https:\/\/cmvsf2.org\/web\/#organization"},"image":{"@id":"https:\/\/cmvsf2.org\/web\/2019\/06\/27\/xxvii-jornadas-para-corresponsables-sanitarios\/#primaryimage"},"thumbnailUrl":"https:\/\/cmvsf2.org\/web\/wp-content\/uploads\/2019\/06\/jor-cs-ros-jun-2019-01-1.jpeg","keywords":["corresponables","sanitarios"],"inLanguage":"es"},{"@type":"WebPage","@id":"https:\/\/cmvsf2.org\/web\/2019\/06\/27\/xxvii-jornadas-para-corresponsables-sanitarios\/","url":"https:\/\/cmvsf2.org\/web\/2019\/06\/27\/xxvii-jornadas-para-corresponsables-sanitarios\/","name":"XXVII Jornadas para Corresponsables Sanitarios - Colegio De Veterinarios De Santa Fe 2da. Circunscripci\u00f3n","isPartOf":{"@id":"https:\/\/cmvsf2.org\/web\/#website"},"primaryImageOfPage":{"@id":"https:\/\/cmvsf2.org\/web\/2019\/06\/27\/xxvii-jornadas-para-corresponsables-sanitarios\/#primaryimage"},"image":{"@id":"https:\/\/cmvsf2.org\/web\/2019\/06\/27\/xxvii-jornadas-para-corresponsables-sanitarios\/#primaryimage"},"thumbnailUrl":"https:\/\/cmvsf2.org\/web\/wp-content\/uploads\/2019\/06\/jor-cs-ros-jun-2019-01-1.jpeg","datePublished":"2019-06-27T09:02:09+00:00","description":"Se realizaron los d\u00edas 6 y 7 de junio en Venado Tuerto y en Rosario, respectivamente. Con horario de tarde comenzando a las 14:00h. Estuvieron a cargo del","breadcrumb":{"@id":"https:\/\/cmvsf2.org\/web\/2019\/06\/27\/xxvii-jornadas-para-corresponsables-sanitarios\/#breadcrumb"},"inLanguage":"es","potentialAction":[{"@type":"ReadAction","target":["https:\/\/cmvsf2.org\/web\/2019\/06\/27\/xxvii-jornadas-para-corresponsables-sanitarios\/"]}]},{"@type":"ImageObject","inLanguage":"es","@id":"https:\/\/cmvsf2.org\/web\/2019\/06\/27\/xxvii-jornadas-para-corresponsables-sanitarios\/#primaryimage","url":"https:\/\/cmvsf2.org\/web\/wp-content\/uploads\/2019\/06\/jor-cs-ros-jun-2019-01-1.jpeg","contentUrl":"https:\/\/cmvsf2.org\/web\/wp-content\/uploads\/2019\/06\/jor-cs-ros-jun-2019-01-1.jpeg","width":1280,"height":853},{"@type":"BreadcrumbList","@id":"https:\/\/cmvsf2.org\/web\/2019\/06\/27\/xxvii-jornadas-para-corresponsables-sanitarios\/#breadcrumb","itemListElement":[{"@type":"ListItem","position":1,"name":"Portada","item":"https:\/\/cmvsf2.org\/web\/"},{"@type":"ListItem","position":2,"name":"XXVII Jornadas para Corresponsables Sanitarios"}]},{"@type":"WebSite","@id":"https:\/\/cmvsf2.org\/web\/#website","url":"https:\/\/cmvsf2.org\/web\/","name":"Colegio De Veterinarios De Santa Fe 2da. Circunscripci\u00f3n","description":"Sitio institucional del Colegio de M\u00e9dicos Veterinario de Santa Fe 2da. Circunscripci\u00f3n","publisher":{"@id":"https:\/\/cmvsf2.org\/web\/#organization"},"potentialAction":[{"@type":"SearchAction","target":{"@type":"EntryPoint","urlTemplate":"https:\/\/cmvsf2.org\/web\/?s={search_term_string}"},"query-input":{"@type":"PropertyValueSpecification","valueRequired":true,"valueName":"search_term_string"}}],"inLanguage":"es"},{"@type":"Organization","@id":"https:\/\/cmvsf2.org\/web\/#organization","name":"Colegio De Veterinarios De Santa Fe 2da. Circunscripci\u00f3n","url":"https:\/\/cmvsf2.org\/web\/","logo":{"@type":"ImageObject","inLanguage":"es","@id":"https:\/\/cmvsf2.org\/web\/#\/schema\/logo\/image\/","url":"http:\/\/cmvsf2.org\/web\/wp-content\/uploads\/2020\/03\/vector-logo-02.png","contentUrl":"http:\/\/cmvsf2.org\/web\/wp-content\/uploads\/2020\/03\/vector-logo-02.png","width":2750,"height":642,"caption":"Colegio De Veterinarios De Santa Fe 2da. Circunscripci\u00f3n"},"image":{"@id":"https:\/\/cmvsf2.org\/web\/#\/schema\/logo\/image\/"}},{"@type":"Person","@id":"https:\/\/cmvsf2.org\/web\/#\/schema\/person\/46ea3630099a4a3df8d89f07cf5f7520","name":"cmvsf2","image":{"@type":"ImageObject","inLanguage":"es","@id":"https:\/\/secure.gravatar.com\/avatar\/669647b61c77f28f1aa51df04174a5ecb296e9988b4a93d2870666cd1f502cd7?s=96&d=mm&r=g","url":"https:\/\/secure.gravatar.com\/avatar\/669647b61c77f28f1aa51df04174a5ecb296e9988b4a93d2870666cd1f502cd7?s=96&d=mm&r=g","contentUrl":"https:\/\/secure.gravatar.com\/avatar\/669647b61c77f28f1aa51df04174a5ecb296e9988b4a93d2870666cd1f502cd7?s=96&d=mm&r=g","caption":"cmvsf2"}}]}},"_links":{"self":[{"href":"https:\/\/cmvsf2.org\/web\/wp-json\/wp\/v2\/posts\/5449","targetHints":{"allow":["GET"]}}],"collection":[{"href":"https:\/\/cmvsf2.org\/web\/wp-json\/wp\/v2\/posts"}],"about":[{"href":"https:\/\/cmvsf2.org\/web\/wp-json\/wp\/v2\/types\/post"}],"author":[{"embeddable":true,"href":"https:\/\/cmvsf2.org\/web\/wp-json\/wp\/v2\/users\/3"}],"replies":[{"embeddable":true,"href":"https:\/\/cmvsf2.org\/web\/wp-json\/wp\/v2\/comments?post=5449"}],"version-history":[{"count":0,"href":"https:\/\/cmvsf2.org\/web\/wp-json\/wp\/v2\/posts\/5449\/revisions"}],"wp:featuredmedia":[{"embeddable":true,"href":"https:\/\/cmvsf2.org\/web\/wp-json\/wp\/v2\/media\/5785"}],"wp:attachment":[{"href":"https:\/\/cmvsf2.org\/web\/wp-json\/wp\/v2\/media?parent=5449"}],"wp:term":[{"taxonomy":"category","embeddable":true,"href":"https:\/\/cmvsf2.org\/web\/wp-json\/wp\/v2\/categories?post=5449"},{"taxonomy":"post_tag","embeddable":true,"href":"https:\/\/cmvsf2.org\/web\/wp-json\/wp\/v2\/tags?post=5449"}],"curies":[{"name":"wp","href":"https:\/\/api.w.org\/{rel}","templated":true}]}}