{"id":5274,"date":"2018-03-26T14:45:14","date_gmt":"2018-03-26T14:45:14","guid":{"rendered":"http:\/\/sessionstudio.ar\/vet\/web\/?p=5274"},"modified":"2018-03-26T14:45:14","modified_gmt":"2018-03-26T14:45:14","slug":"plan-toro-planilla-de-adhesion-al-programa","status":"publish","type":"post","link":"https:\/\/cmvsf2.org\/web\/2018\/03\/26\/plan-toro-planilla-de-adhesion-al-programa\/","title":{"rendered":"Plan Toro &#8211; Planilla de Adhesi\u00f3n al Programa"},"content":{"rendered":"<h2 class=\"null\">Plan Toro &#8211; Planilla de Adhesi\u00f3n al Programa<\/h2>\n<h4>Plan Ganadero Santafesino 2018-2019 del Ministerio de la Producci\u00f3n de la Provincia de Santa Fe<\/h4>\n<p>A continuaci\u00f3n enviamos adjunta la planilla para la adhesi\u00f3n a Plan Toro destinada a Corresponsables Sanitarios.<\/p>\n<h3><a href=\"https:\/\/cmvsf2.org\/web\/wp-content\/uploads\/2018\/03\/doc008_planilla-de-adhesion_productor-1.docx\">Planilla de adhesi\u00f3n_productor<\/a><\/h3>\n","protected":false},"excerpt":{"rendered":"<p>Plan Toro &#8211; Planilla de Adhesi\u00f3n al Programa Plan Ganadero Santafesino 2018-2019 del Ministerio de la Producci\u00f3n de la Provincia de Santa Fe A continuaci\u00f3n enviamos adjunta la planilla para la adhesi\u00f3n a Plan Toro destinada a Corresponsables Sanitarios. Planilla de adhesi\u00f3n_productor<\/p>\n","protected":false},"author":3,"featured_media":5174,"comment_status":"open","ping_status":"open","sticky":false,"template":"","format":"standard","meta":{"_acf_changed":false,"footnotes":""},"categories":[38],"tags":[284,277,278,285],"class_list":["post-5274","post","type-post","status-publish","format-standard","has-post-thumbnail","hentry","category-noticias-del-sector","tag-corresponsable-sanitario","tag-corresponsables","tag-corresponsables-sanitarios","tag-plan-toro"],"acf":[],"yoast_head":"<!-- This site is optimized with the Yoast SEO plugin v28.2 - https:\/\/yoast.com\/product\/yoast-seo-wordpress\/ -->\n<title>Plan Toro - Planilla de Adhesi\u00f3n al Programa - Colegio De Veterinarios De Santa Fe 2da. Circunscripci\u00f3n<\/title>\n<meta name=\"description\" content=\"Plan Toro - Planilla de Adhesi\u00f3n al Programa Plan Ganadero Santafesino 2018-2019 del Ministerio de la Producci\u00f3n de la Provincia de Santa Fe A\" \/>\n<meta name=\"robots\" content=\"index, follow, max-snippet:-1, max-image-preview:large, max-video-preview:-1\" \/>\n<link rel=\"canonical\" href=\"https:\/\/cmvsf2.org\/web\/2018\/03\/26\/plan-toro-planilla-de-adhesion-al-programa\/\" \/>\n<meta property=\"og:locale\" content=\"es_ES\" \/>\n<meta property=\"og:type\" content=\"article\" \/>\n<meta property=\"og:title\" content=\"Plan Toro - Planilla de Adhesi\u00f3n al Programa - Colegio De Veterinarios De Santa Fe 2da. Circunscripci\u00f3n\" \/>\n<meta property=\"og:description\" content=\"Plan Toro - Planilla de Adhesi\u00f3n al Programa Plan Ganadero Santafesino 2018-2019 del Ministerio de la Producci\u00f3n de la Provincia de Santa Fe A\" \/>\n<meta property=\"og:url\" content=\"https:\/\/cmvsf2.org\/web\/2018\/03\/26\/plan-toro-planilla-de-adhesion-al-programa\/\" \/>\n<meta property=\"og:site_name\" content=\"Colegio De Veterinarios De Santa Fe 2da. Circunscripci\u00f3n\" \/>\n<meta property=\"article:published_time\" content=\"2018-03-26T14:45:14+00:00\" \/>\n<meta property=\"og:image\" content=\"https:\/\/cmvsf2.org\/web\/wp-content\/uploads\/2018\/03\/pexels-photo-492233-e1520454995332-1.jpeg\" \/>\n\t<meta property=\"og:image:width\" content=\"1000\" \/>\n\t<meta property=\"og:image:height\" content=\"667\" \/>\n\t<meta property=\"og:image:type\" content=\"image\/jpeg\" \/>\n<meta name=\"author\" content=\"cmvsf2\" \/>\n<meta name=\"twitter:card\" content=\"summary_large_image\" \/>\n<meta name=\"twitter:label1\" content=\"Escrito por\" \/>\n\t<meta name=\"twitter:data1\" content=\"cmvsf2\" \/>\n<script type=\"application\/ld+json\" class=\"yoast-schema-graph\">{\"@context\":\"https:\\\/\\\/schema.org\",\"@graph\":[{\"@type\":\"Article\",\"@id\":\"https:\\\/\\\/cmvsf2.org\\\/web\\\/2018\\\/03\\\/26\\\/plan-toro-planilla-de-adhesion-al-programa\\\/#article\",\"isPartOf\":{\"@id\":\"https:\\\/\\\/cmvsf2.org\\\/web\\\/2018\\\/03\\\/26\\\/plan-toro-planilla-de-adhesion-al-programa\\\/\"},\"author\":{\"name\":\"cmvsf2\",\"@id\":\"https:\\\/\\\/cmvsf2.org\\\/web\\\/#\\\/schema\\\/person\\\/46ea3630099a4a3df8d89f07cf5f7520\"},\"headline\":\"Plan Toro &#8211; Planilla de Adhesi\u00f3n al Programa\",\"datePublished\":\"2018-03-26T14:45:14+00:00\",\"mainEntityOfPage\":{\"@id\":\"https:\\\/\\\/cmvsf2.org\\\/web\\\/2018\\\/03\\\/26\\\/plan-toro-planilla-de-adhesion-al-programa\\\/\"},\"wordCount\":57,\"commentCount\":0,\"publisher\":{\"@id\":\"https:\\\/\\\/cmvsf2.org\\\/web\\\/#organization\"},\"image\":{\"@id\":\"https:\\\/\\\/cmvsf2.org\\\/web\\\/2018\\\/03\\\/26\\\/plan-toro-planilla-de-adhesion-al-programa\\\/#primaryimage\"},\"thumbnailUrl\":\"https:\\\/\\\/cmvsf2.org\\\/web\\\/wp-content\\\/uploads\\\/2018\\\/03\\\/pexels-photo-492233-e1520454995332-1.jpeg\",\"keywords\":[\"corresponsable sanitario\",\"corresponsables\",\"corresponsables sanitarios\",\"plan toro\"],\"articleSection\":[\"Noticias del sector\"],\"inLanguage\":\"es\"},{\"@type\":\"WebPage\",\"@id\":\"https:\\\/\\\/cmvsf2.org\\\/web\\\/2018\\\/03\\\/26\\\/plan-toro-planilla-de-adhesion-al-programa\\\/\",\"url\":\"https:\\\/\\\/cmvsf2.org\\\/web\\\/2018\\\/03\\\/26\\\/plan-toro-planilla-de-adhesion-al-programa\\\/\",\"name\":\"Plan Toro - Planilla de Adhesi\u00f3n al Programa - Colegio De Veterinarios De Santa Fe 2da. Circunscripci\u00f3n\",\"isPartOf\":{\"@id\":\"https:\\\/\\\/cmvsf2.org\\\/web\\\/#website\"},\"primaryImageOfPage\":{\"@id\":\"https:\\\/\\\/cmvsf2.org\\\/web\\\/2018\\\/03\\\/26\\\/plan-toro-planilla-de-adhesion-al-programa\\\/#primaryimage\"},\"image\":{\"@id\":\"https:\\\/\\\/cmvsf2.org\\\/web\\\/2018\\\/03\\\/26\\\/plan-toro-planilla-de-adhesion-al-programa\\\/#primaryimage\"},\"thumbnailUrl\":\"https:\\\/\\\/cmvsf2.org\\\/web\\\/wp-content\\\/uploads\\\/2018\\\/03\\\/pexels-photo-492233-e1520454995332-1.jpeg\",\"datePublished\":\"2018-03-26T14:45:14+00:00\",\"description\":\"Plan Toro - Planilla de Adhesi\u00f3n al Programa Plan Ganadero Santafesino 2018-2019 del Ministerio de la Producci\u00f3n de la Provincia de Santa Fe A\",\"breadcrumb\":{\"@id\":\"https:\\\/\\\/cmvsf2.org\\\/web\\\/2018\\\/03\\\/26\\\/plan-toro-planilla-de-adhesion-al-programa\\\/#breadcrumb\"},\"inLanguage\":\"es\",\"potentialAction\":[{\"@type\":\"ReadAction\",\"target\":[\"https:\\\/\\\/cmvsf2.org\\\/web\\\/2018\\\/03\\\/26\\\/plan-toro-planilla-de-adhesion-al-programa\\\/\"]}]},{\"@type\":\"ImageObject\",\"inLanguage\":\"es\",\"@id\":\"https:\\\/\\\/cmvsf2.org\\\/web\\\/2018\\\/03\\\/26\\\/plan-toro-planilla-de-adhesion-al-programa\\\/#primaryimage\",\"url\":\"https:\\\/\\\/cmvsf2.org\\\/web\\\/wp-content\\\/uploads\\\/2018\\\/03\\\/pexels-photo-492233-e1520454995332-1.jpeg\",\"contentUrl\":\"https:\\\/\\\/cmvsf2.org\\\/web\\\/wp-content\\\/uploads\\\/2018\\\/03\\\/pexels-photo-492233-e1520454995332-1.jpeg\",\"width\":1000,\"height\":667},{\"@type\":\"BreadcrumbList\",\"@id\":\"https:\\\/\\\/cmvsf2.org\\\/web\\\/2018\\\/03\\\/26\\\/plan-toro-planilla-de-adhesion-al-programa\\\/#breadcrumb\",\"itemListElement\":[{\"@type\":\"ListItem\",\"position\":1,\"name\":\"Portada\",\"item\":\"https:\\\/\\\/cmvsf2.org\\\/web\\\/\"},{\"@type\":\"ListItem\",\"position\":2,\"name\":\"Plan Toro &#8211; Planilla de Adhesi\u00f3n al Programa\"}]},{\"@type\":\"WebSite\",\"@id\":\"https:\\\/\\\/cmvsf2.org\\\/web\\\/#website\",\"url\":\"https:\\\/\\\/cmvsf2.org\\\/web\\\/\",\"name\":\"Colegio De Veterinarios De Santa Fe 2da. Circunscripci\u00f3n\",\"description\":\"Sitio institucional del Colegio de M\u00e9dicos Veterinario de Santa Fe 2da. Circunscripci\u00f3n\",\"publisher\":{\"@id\":\"https:\\\/\\\/cmvsf2.org\\\/web\\\/#organization\"},\"potentialAction\":[{\"@type\":\"SearchAction\",\"target\":{\"@type\":\"EntryPoint\",\"urlTemplate\":\"https:\\\/\\\/cmvsf2.org\\\/web\\\/?s={search_term_string}\"},\"query-input\":{\"@type\":\"PropertyValueSpecification\",\"valueRequired\":true,\"valueName\":\"search_term_string\"}}],\"inLanguage\":\"es\"},{\"@type\":\"Organization\",\"@id\":\"https:\\\/\\\/cmvsf2.org\\\/web\\\/#organization\",\"name\":\"Colegio De Veterinarios De Santa Fe 2da. Circunscripci\u00f3n\",\"url\":\"https:\\\/\\\/cmvsf2.org\\\/web\\\/\",\"logo\":{\"@type\":\"ImageObject\",\"inLanguage\":\"es\",\"@id\":\"https:\\\/\\\/cmvsf2.org\\\/web\\\/#\\\/schema\\\/logo\\\/image\\\/\",\"url\":\"http:\\\/\\\/cmvsf2.org\\\/web\\\/wp-content\\\/uploads\\\/2020\\\/03\\\/vector-logo-02.png\",\"contentUrl\":\"http:\\\/\\\/cmvsf2.org\\\/web\\\/wp-content\\\/uploads\\\/2020\\\/03\\\/vector-logo-02.png\",\"width\":2750,\"height\":642,\"caption\":\"Colegio De Veterinarios De Santa Fe 2da. Circunscripci\u00f3n\"},\"image\":{\"@id\":\"https:\\\/\\\/cmvsf2.org\\\/web\\\/#\\\/schema\\\/logo\\\/image\\\/\"}},{\"@type\":\"Person\",\"@id\":\"https:\\\/\\\/cmvsf2.org\\\/web\\\/#\\\/schema\\\/person\\\/46ea3630099a4a3df8d89f07cf5f7520\",\"name\":\"cmvsf2\",\"image\":{\"@type\":\"ImageObject\",\"inLanguage\":\"es\",\"@id\":\"https:\\\/\\\/secure.gravatar.com\\\/avatar\\\/669647b61c77f28f1aa51df04174a5ecb296e9988b4a93d2870666cd1f502cd7?s=96&d=mm&r=g\",\"url\":\"https:\\\/\\\/secure.gravatar.com\\\/avatar\\\/669647b61c77f28f1aa51df04174a5ecb296e9988b4a93d2870666cd1f502cd7?s=96&d=mm&r=g\",\"contentUrl\":\"https:\\\/\\\/secure.gravatar.com\\\/avatar\\\/669647b61c77f28f1aa51df04174a5ecb296e9988b4a93d2870666cd1f502cd7?s=96&d=mm&r=g\",\"caption\":\"cmvsf2\"}}]}<\/script>\n<!-- \/ Yoast SEO plugin. -->","yoast_head_json":{"title":"Plan Toro - Planilla de Adhesi\u00f3n al Programa - Colegio De Veterinarios De Santa Fe 2da. Circunscripci\u00f3n","description":"Plan Toro - Planilla de Adhesi\u00f3n al Programa Plan Ganadero Santafesino 2018-2019 del Ministerio de la Producci\u00f3n de la Provincia de Santa Fe A","robots":{"index":"index","follow":"follow","max-snippet":"max-snippet:-1","max-image-preview":"max-image-preview:large","max-video-preview":"max-video-preview:-1"},"canonical":"https:\/\/cmvsf2.org\/web\/2018\/03\/26\/plan-toro-planilla-de-adhesion-al-programa\/","og_locale":"es_ES","og_type":"article","og_title":"Plan Toro - Planilla de Adhesi\u00f3n al Programa - Colegio De Veterinarios De Santa Fe 2da. Circunscripci\u00f3n","og_description":"Plan Toro - Planilla de Adhesi\u00f3n al Programa Plan Ganadero Santafesino 2018-2019 del Ministerio de la Producci\u00f3n de la Provincia de Santa Fe A","og_url":"https:\/\/cmvsf2.org\/web\/2018\/03\/26\/plan-toro-planilla-de-adhesion-al-programa\/","og_site_name":"Colegio De Veterinarios De Santa Fe 2da. Circunscripci\u00f3n","article_published_time":"2018-03-26T14:45:14+00:00","og_image":[{"width":1000,"height":667,"url":"https:\/\/cmvsf2.org\/web\/wp-content\/uploads\/2018\/03\/pexels-photo-492233-e1520454995332-1.jpeg","type":"image\/jpeg"}],"author":"cmvsf2","twitter_card":"summary_large_image","twitter_misc":{"Escrito por":"cmvsf2"},"schema":{"@context":"https:\/\/schema.org","@graph":[{"@type":"Article","@id":"https:\/\/cmvsf2.org\/web\/2018\/03\/26\/plan-toro-planilla-de-adhesion-al-programa\/#article","isPartOf":{"@id":"https:\/\/cmvsf2.org\/web\/2018\/03\/26\/plan-toro-planilla-de-adhesion-al-programa\/"},"author":{"name":"cmvsf2","@id":"https:\/\/cmvsf2.org\/web\/#\/schema\/person\/46ea3630099a4a3df8d89f07cf5f7520"},"headline":"Plan Toro &#8211; Planilla de Adhesi\u00f3n al Programa","datePublished":"2018-03-26T14:45:14+00:00","mainEntityOfPage":{"@id":"https:\/\/cmvsf2.org\/web\/2018\/03\/26\/plan-toro-planilla-de-adhesion-al-programa\/"},"wordCount":57,"commentCount":0,"publisher":{"@id":"https:\/\/cmvsf2.org\/web\/#organization"},"image":{"@id":"https:\/\/cmvsf2.org\/web\/2018\/03\/26\/plan-toro-planilla-de-adhesion-al-programa\/#primaryimage"},"thumbnailUrl":"https:\/\/cmvsf2.org\/web\/wp-content\/uploads\/2018\/03\/pexels-photo-492233-e1520454995332-1.jpeg","keywords":["corresponsable sanitario","corresponsables","corresponsables sanitarios","plan toro"],"articleSection":["Noticias del sector"],"inLanguage":"es"},{"@type":"WebPage","@id":"https:\/\/cmvsf2.org\/web\/2018\/03\/26\/plan-toro-planilla-de-adhesion-al-programa\/","url":"https:\/\/cmvsf2.org\/web\/2018\/03\/26\/plan-toro-planilla-de-adhesion-al-programa\/","name":"Plan Toro - Planilla de Adhesi\u00f3n al Programa - Colegio De Veterinarios De Santa Fe 2da. Circunscripci\u00f3n","isPartOf":{"@id":"https:\/\/cmvsf2.org\/web\/#website"},"primaryImageOfPage":{"@id":"https:\/\/cmvsf2.org\/web\/2018\/03\/26\/plan-toro-planilla-de-adhesion-al-programa\/#primaryimage"},"image":{"@id":"https:\/\/cmvsf2.org\/web\/2018\/03\/26\/plan-toro-planilla-de-adhesion-al-programa\/#primaryimage"},"thumbnailUrl":"https:\/\/cmvsf2.org\/web\/wp-content\/uploads\/2018\/03\/pexels-photo-492233-e1520454995332-1.jpeg","datePublished":"2018-03-26T14:45:14+00:00","description":"Plan Toro - Planilla de Adhesi\u00f3n al Programa Plan Ganadero Santafesino 2018-2019 del Ministerio de la Producci\u00f3n de la Provincia de Santa Fe A","breadcrumb":{"@id":"https:\/\/cmvsf2.org\/web\/2018\/03\/26\/plan-toro-planilla-de-adhesion-al-programa\/#breadcrumb"},"inLanguage":"es","potentialAction":[{"@type":"ReadAction","target":["https:\/\/cmvsf2.org\/web\/2018\/03\/26\/plan-toro-planilla-de-adhesion-al-programa\/"]}]},{"@type":"ImageObject","inLanguage":"es","@id":"https:\/\/cmvsf2.org\/web\/2018\/03\/26\/plan-toro-planilla-de-adhesion-al-programa\/#primaryimage","url":"https:\/\/cmvsf2.org\/web\/wp-content\/uploads\/2018\/03\/pexels-photo-492233-e1520454995332-1.jpeg","contentUrl":"https:\/\/cmvsf2.org\/web\/wp-content\/uploads\/2018\/03\/pexels-photo-492233-e1520454995332-1.jpeg","width":1000,"height":667},{"@type":"BreadcrumbList","@id":"https:\/\/cmvsf2.org\/web\/2018\/03\/26\/plan-toro-planilla-de-adhesion-al-programa\/#breadcrumb","itemListElement":[{"@type":"ListItem","position":1,"name":"Portada","item":"https:\/\/cmvsf2.org\/web\/"},{"@type":"ListItem","position":2,"name":"Plan Toro &#8211; Planilla de Adhesi\u00f3n al Programa"}]},{"@type":"WebSite","@id":"https:\/\/cmvsf2.org\/web\/#website","url":"https:\/\/cmvsf2.org\/web\/","name":"Colegio De Veterinarios De Santa Fe 2da. Circunscripci\u00f3n","description":"Sitio institucional del Colegio de M\u00e9dicos Veterinario de Santa Fe 2da. Circunscripci\u00f3n","publisher":{"@id":"https:\/\/cmvsf2.org\/web\/#organization"},"potentialAction":[{"@type":"SearchAction","target":{"@type":"EntryPoint","urlTemplate":"https:\/\/cmvsf2.org\/web\/?s={search_term_string}"},"query-input":{"@type":"PropertyValueSpecification","valueRequired":true,"valueName":"search_term_string"}}],"inLanguage":"es"},{"@type":"Organization","@id":"https:\/\/cmvsf2.org\/web\/#organization","name":"Colegio De Veterinarios De Santa Fe 2da. Circunscripci\u00f3n","url":"https:\/\/cmvsf2.org\/web\/","logo":{"@type":"ImageObject","inLanguage":"es","@id":"https:\/\/cmvsf2.org\/web\/#\/schema\/logo\/image\/","url":"http:\/\/cmvsf2.org\/web\/wp-content\/uploads\/2020\/03\/vector-logo-02.png","contentUrl":"http:\/\/cmvsf2.org\/web\/wp-content\/uploads\/2020\/03\/vector-logo-02.png","width":2750,"height":642,"caption":"Colegio De Veterinarios De Santa Fe 2da. Circunscripci\u00f3n"},"image":{"@id":"https:\/\/cmvsf2.org\/web\/#\/schema\/logo\/image\/"}},{"@type":"Person","@id":"https:\/\/cmvsf2.org\/web\/#\/schema\/person\/46ea3630099a4a3df8d89f07cf5f7520","name":"cmvsf2","image":{"@type":"ImageObject","inLanguage":"es","@id":"https:\/\/secure.gravatar.com\/avatar\/669647b61c77f28f1aa51df04174a5ecb296e9988b4a93d2870666cd1f502cd7?s=96&d=mm&r=g","url":"https:\/\/secure.gravatar.com\/avatar\/669647b61c77f28f1aa51df04174a5ecb296e9988b4a93d2870666cd1f502cd7?s=96&d=mm&r=g","contentUrl":"https:\/\/secure.gravatar.com\/avatar\/669647b61c77f28f1aa51df04174a5ecb296e9988b4a93d2870666cd1f502cd7?s=96&d=mm&r=g","caption":"cmvsf2"}}]}},"_links":{"self":[{"href":"https:\/\/cmvsf2.org\/web\/wp-json\/wp\/v2\/posts\/5274","targetHints":{"allow":["GET"]}}],"collection":[{"href":"https:\/\/cmvsf2.org\/web\/wp-json\/wp\/v2\/posts"}],"about":[{"href":"https:\/\/cmvsf2.org\/web\/wp-json\/wp\/v2\/types\/post"}],"author":[{"embeddable":true,"href":"https:\/\/cmvsf2.org\/web\/wp-json\/wp\/v2\/users\/3"}],"replies":[{"embeddable":true,"href":"https:\/\/cmvsf2.org\/web\/wp-json\/wp\/v2\/comments?post=5274"}],"version-history":[{"count":0,"href":"https:\/\/cmvsf2.org\/web\/wp-json\/wp\/v2\/posts\/5274\/revisions"}],"wp:featuredmedia":[{"embeddable":true,"href":"https:\/\/cmvsf2.org\/web\/wp-json\/wp\/v2\/media\/5174"}],"wp:attachment":[{"href":"https:\/\/cmvsf2.org\/web\/wp-json\/wp\/v2\/media?parent=5274"}],"wp:term":[{"taxonomy":"category","embeddable":true,"href":"https:\/\/cmvsf2.org\/web\/wp-json\/wp\/v2\/categories?post=5274"},{"taxonomy":"post_tag","embeddable":true,"href":"https:\/\/cmvsf2.org\/web\/wp-json\/wp\/v2\/tags?post=5274"}],"curies":[{"name":"wp","href":"https:\/\/api.w.org\/{rel}","templated":true}]}}