{"id":5163,"date":"2018-03-07T19:09:58","date_gmt":"2018-03-07T19:09:58","guid":{"rendered":"http:\/\/sessionstudio.ar\/vet\/web\/?p=5163"},"modified":"2018-03-07T19:09:58","modified_gmt":"2018-03-07T19:09:58","slug":"xxv-jornada-corresponsables-sanitarios","status":"publish","type":"post","link":"https:\/\/cmvsf2.org\/web\/2018\/03\/07\/xxv-jornada-corresponsables-sanitarios\/","title":{"rendered":"XXV Jornada de Corresponsables Sanitarios"},"content":{"rendered":"<div class=\"wpb-content-wrapper\"><p>[vc_row][vc_column width=\u00bb1\/2&#8243;][vc_column_text css=\u00bb.vc_custom_1522945989452{margin-bottom: 0px !important;}\u00bb]<\/p>\n<h2>XXV JORNADA DE FORMACI\u00d3N CONTINUA PARA\u00a0CORRESPONSABLES SANITARIOS<\/h2>\n<ul>\n<li><strong>Jueves 10 de Mayo de 2018, Hotel Mir\u00f3 Park, Chacabuco y Av. Cassey, VENADO\u00a0TUERTO<\/strong><\/li>\n<li><strong>Viernes 11 de Mayo de 2018, Agricultores Federados Argentinos (AFA), Mitre 1132,\u00a0ROSARIO<\/strong><\/li>\n<\/ul>\n<h4><span style=\"color: #ff0000;\">NUEVO HORARIO: DE TARDE!<\/span><\/h4>\n<hr \/>\n<h4>programa<\/h4>\n<p><strong>14,00H: INSCRIPCIONES.<\/strong><br \/>\n<strong>14,30H: ESTADO DE SITUACI\u00d3N DEL PROGRAMA PROVINCIAL DE CONTROL Y ERRADICACI\u00d3N DE<\/strong><br \/>\nTUBERCULOSIS EN LA PROVINCIA DE SANTA FE Y SU PROYECCI\u00d3N.<br \/>\nDra. Ana Canal. Facultad de Ciencias Veterinarias. Universidad Nacional del Litoral.<br \/>\n<strong>15,20H: PREGUNTAS.<\/strong><br \/>\n<strong>15,30H: INTERPRETACION DE LOS RESULTADOS DE LA TUBERCULINIZACION. ESPECIFICIDAD Y<\/strong><br \/>\n<strong>SENSIBILIDAD DE LA PRUEBA TUBERCULINICA. VALOR PREDICTIVO.<\/strong><br \/>\nDr. Marcelo Signorini \/ Dr. H\u00e9ctor Tarabla. Facultad de Ciencias Veterinarias. Universidad Nacional del Litoral.<br \/>\n<strong>16,20 H: PREGUNTAS.<\/strong><br \/>\n<strong>16,30 H: CAF\u00c9.<br \/>\n<\/strong><br \/>\n<strong>17,00 HS: ASPECTOS INSTITUCIONALES DE LA FIGURA DEL CORRESPONSABLE SANITARIO (C.S.) Y EL<\/strong><br \/>\n<strong>SISTEMA SANITARIO PRODUCTIVO Y PARTICIPATIVO (S.S.P.P.).<\/strong><br \/>\nAutoridades del Colegio<br \/>\n<strong>17,30 H: \u00abENFERMEDADES ANEMIZANTES. TRIPANOSOMA Sp.: DISTINTAS PRESENTACIONES<\/strong><br \/>\n<strong>CLINICAS\u00bb<\/strong><br \/>\nDr. Mart\u00edn A. Allassia. Facultad de Ciencias Veterinarias. Universidad Nacional del Litoral.<br \/>\n<strong>18,50 H: PREGUNTAS.<\/strong><br \/>\n<strong>19,00 H: CONTESTACI\u00d3N DE ENCUESTAS Y ENTREGA DE CERTIFICADOS.<\/strong><br \/>\n[\/vc_column_text][\/vc_column][vc_column width=\u00bb1\/2&#8243;][vc_btn title=\u00bbClick aqu\u00ed para descargar programa completo\u00bb style=\u00bb3d\u00bb color=\u00bbsuccess\u00bb link=\u00bburl:http%3A%2F%2Fcmvsf2.org%2Fweb%2Fwp-content%2Fuploads%2F2018%2F04%2Fxxv-jornadas.pdf|||\u00bb][vc_column_text css=\u00bb.vc_custom_1522945754743{margin-bottom: 0px !important;}\u00bb][\/vc_column_text][vc_column_text css=\u00bb.vc_custom_1522945840522{margin-bottom: 0px !important;}\u00bb]<\/p>\n<h4>NOTA RECORDATORIA:<\/h4>\n<p>En cumplimiento a lo acordado con el Ministerio de la Producci\u00f3n y como una situaci\u00f3n\u00a0extraordinaria, todos aquellos CORRESPONSABLES que asistan a esta jornada y que no figuraban en el padr\u00f3n de\u00a0habilitados de la provincia ser\u00e1n incorporados.<br \/>\nEn la jornada se explicar\u00e1 c\u00f3mo continuar\u00e1 a futuro el c\u00f3mputo de asistencias a formaci\u00f3n tanto interna como externa\u00a0del Colegio.<br \/>\nRecordamos una vez m\u00e1s que la demostraci\u00f3n de concurrencia o no a jornadas de formaci\u00f3n es una responsabilidad\u00a0del profesional. Recomendamos por lo tanto, disponer siempre de vuestros certificados de asistencia para el caso en\u00a0que le sean requeridos. Los mismos, en las jornadas organizadas por el Colegio ser\u00e1n entregados solamente a la\u00a0finalizaci\u00f3n de las mismas, luego de contestada la encuesta.<br \/>\n<em>Por cualquier duda consulte con el Colegio.<\/em>[\/vc_column_text][\/vc_column][\/vc_row]<\/p>\n<\/div>","protected":false},"excerpt":{"rendered":"<p>[vc_row][vc_column width=\u00bb1\/2&#8243;][vc_column_text css=\u00bb.vc_custom_1522945989452{margin-bottom: 0px !important;}\u00bb] XXV JORNADA DE FORMACI\u00d3N CONTINUA PARA\u00a0CORRESPONSABLES SANITARIOS Jueves 10 de Mayo de 2018, Hotel Mir\u00f3 Park, Chacabuco y Av. Cassey, VENADO\u00a0TUERTO Viernes 11 de Mayo de 2018, Agricultores Federados Argentinos (AFA), Mitre 1132,\u00a0ROSARIO NUEVO HORARIO: DE TARDE! programa 14,00H: INSCRIPCIONES. 14,30H: ESTADO DE SITUACI\u00d3N DEL PROGRAMA PROVINCIAL DE CONTROL Y ERRADICACI\u00d3N DE TUBERCULOSIS EN LA PROVINCIA DE SANTA FE [&hellip;]<\/p>\n","protected":false},"author":3,"featured_media":5717,"comment_status":"open","ping_status":"open","sticky":false,"template":"","format":"standard","meta":{"_acf_changed":false,"footnotes":""},"categories":[1],"tags":[277,278,158,88],"class_list":["post-5163","post","type-post","status-publish","format-standard","has-post-thumbnail","hentry","category-sin-categoria","tag-corresponsables","tag-corresponsables-sanitarios","tag-formacion","tag-jornada"],"acf":[],"yoast_head":"<!-- This site is optimized with the Yoast SEO plugin v28.2 - https:\/\/yoast.com\/product\/yoast-seo-wordpress\/ -->\n<title>XXV Jornada de Corresponsables Sanitarios - Colegio De Veterinarios De Santa Fe 2da. Circunscripci\u00f3n<\/title>\n<meta name=\"description\" content=\"XXV JORNADA DE FORMACI\u00d3N CONTINUA PARA\u00a0CORRESPONSABLES SANITARIOS Jueves 10 de Mayo de 2018, Hotel Mir\u00f3 Park, Chacabuco y Av. Cassey, VENADO\u00a0TUERTO\" \/>\n<meta name=\"robots\" content=\"index, follow, max-snippet:-1, max-image-preview:large, max-video-preview:-1\" \/>\n<link rel=\"canonical\" href=\"https:\/\/cmvsf2.org\/web\/2018\/03\/07\/xxv-jornada-corresponsables-sanitarios\/\" \/>\n<meta property=\"og:locale\" content=\"es_ES\" \/>\n<meta property=\"og:type\" content=\"article\" \/>\n<meta property=\"og:title\" content=\"XXV Jornada de Corresponsables Sanitarios - Colegio De Veterinarios De Santa Fe 2da. Circunscripci\u00f3n\" \/>\n<meta property=\"og:description\" content=\"XXV JORNADA DE FORMACI\u00d3N CONTINUA PARA\u00a0CORRESPONSABLES SANITARIOS Jueves 10 de Mayo de 2018, Hotel Mir\u00f3 Park, Chacabuco y Av. Cassey, VENADO\u00a0TUERTO\" \/>\n<meta property=\"og:url\" content=\"https:\/\/cmvsf2.org\/web\/2018\/03\/07\/xxv-jornada-corresponsables-sanitarios\/\" \/>\n<meta property=\"og:site_name\" content=\"Colegio De Veterinarios De Santa Fe 2da. Circunscripci\u00f3n\" \/>\n<meta property=\"article:published_time\" content=\"2018-03-07T19:09:58+00:00\" \/>\n<meta property=\"og:image\" content=\"https:\/\/cmvsf2.org\/web\/wp-content\/uploads\/2018\/03\/ed-4-1.jpg\" \/>\n\t<meta property=\"og:image:width\" content=\"1000\" \/>\n\t<meta property=\"og:image:height\" content=\"750\" \/>\n\t<meta property=\"og:image:type\" content=\"image\/jpeg\" \/>\n<meta name=\"author\" content=\"cmvsf2\" \/>\n<meta name=\"twitter:card\" content=\"summary_large_image\" \/>\n<meta name=\"twitter:label1\" content=\"Escrito por\" \/>\n\t<meta name=\"twitter:data1\" content=\"cmvsf2\" \/>\n\t<meta name=\"twitter:label2\" content=\"Tiempo de lectura\" \/>\n\t<meta name=\"twitter:data2\" content=\"2 minutos\" \/>\n<script type=\"application\/ld+json\" class=\"yoast-schema-graph\">{\"@context\":\"https:\\\/\\\/schema.org\",\"@graph\":[{\"@type\":\"Article\",\"@id\":\"https:\\\/\\\/cmvsf2.org\\\/web\\\/2018\\\/03\\\/07\\\/xxv-jornada-corresponsables-sanitarios\\\/#article\",\"isPartOf\":{\"@id\":\"https:\\\/\\\/cmvsf2.org\\\/web\\\/2018\\\/03\\\/07\\\/xxv-jornada-corresponsables-sanitarios\\\/\"},\"author\":{\"name\":\"cmvsf2\",\"@id\":\"https:\\\/\\\/cmvsf2.org\\\/web\\\/#\\\/schema\\\/person\\\/46ea3630099a4a3df8d89f07cf5f7520\"},\"headline\":\"XXV Jornada de Corresponsables Sanitarios\",\"datePublished\":\"2018-03-07T19:09:58+00:00\",\"mainEntityOfPage\":{\"@id\":\"https:\\\/\\\/cmvsf2.org\\\/web\\\/2018\\\/03\\\/07\\\/xxv-jornada-corresponsables-sanitarios\\\/\"},\"wordCount\":394,\"commentCount\":0,\"publisher\":{\"@id\":\"https:\\\/\\\/cmvsf2.org\\\/web\\\/#organization\"},\"image\":{\"@id\":\"https:\\\/\\\/cmvsf2.org\\\/web\\\/2018\\\/03\\\/07\\\/xxv-jornada-corresponsables-sanitarios\\\/#primaryimage\"},\"thumbnailUrl\":\"https:\\\/\\\/cmvsf2.org\\\/web\\\/wp-content\\\/uploads\\\/2018\\\/03\\\/ed-4-1.jpg\",\"keywords\":[\"corresponsables\",\"corresponsables sanitarios\",\"formacion\",\"jornada\"],\"inLanguage\":\"es\"},{\"@type\":\"WebPage\",\"@id\":\"https:\\\/\\\/cmvsf2.org\\\/web\\\/2018\\\/03\\\/07\\\/xxv-jornada-corresponsables-sanitarios\\\/\",\"url\":\"https:\\\/\\\/cmvsf2.org\\\/web\\\/2018\\\/03\\\/07\\\/xxv-jornada-corresponsables-sanitarios\\\/\",\"name\":\"XXV Jornada de Corresponsables Sanitarios - Colegio De Veterinarios De Santa Fe 2da. Circunscripci\u00f3n\",\"isPartOf\":{\"@id\":\"https:\\\/\\\/cmvsf2.org\\\/web\\\/#website\"},\"primaryImageOfPage\":{\"@id\":\"https:\\\/\\\/cmvsf2.org\\\/web\\\/2018\\\/03\\\/07\\\/xxv-jornada-corresponsables-sanitarios\\\/#primaryimage\"},\"image\":{\"@id\":\"https:\\\/\\\/cmvsf2.org\\\/web\\\/2018\\\/03\\\/07\\\/xxv-jornada-corresponsables-sanitarios\\\/#primaryimage\"},\"thumbnailUrl\":\"https:\\\/\\\/cmvsf2.org\\\/web\\\/wp-content\\\/uploads\\\/2018\\\/03\\\/ed-4-1.jpg\",\"datePublished\":\"2018-03-07T19:09:58+00:00\",\"description\":\"XXV JORNADA DE FORMACI\u00d3N CONTINUA PARA\u00a0CORRESPONSABLES SANITARIOS Jueves 10 de Mayo de 2018, Hotel Mir\u00f3 Park, Chacabuco y Av. Cassey, VENADO\u00a0TUERTO\",\"breadcrumb\":{\"@id\":\"https:\\\/\\\/cmvsf2.org\\\/web\\\/2018\\\/03\\\/07\\\/xxv-jornada-corresponsables-sanitarios\\\/#breadcrumb\"},\"inLanguage\":\"es\",\"potentialAction\":[{\"@type\":\"ReadAction\",\"target\":[\"https:\\\/\\\/cmvsf2.org\\\/web\\\/2018\\\/03\\\/07\\\/xxv-jornada-corresponsables-sanitarios\\\/\"]}]},{\"@type\":\"ImageObject\",\"inLanguage\":\"es\",\"@id\":\"https:\\\/\\\/cmvsf2.org\\\/web\\\/2018\\\/03\\\/07\\\/xxv-jornada-corresponsables-sanitarios\\\/#primaryimage\",\"url\":\"https:\\\/\\\/cmvsf2.org\\\/web\\\/wp-content\\\/uploads\\\/2018\\\/03\\\/ed-4-1.jpg\",\"contentUrl\":\"https:\\\/\\\/cmvsf2.org\\\/web\\\/wp-content\\\/uploads\\\/2018\\\/03\\\/ed-4-1.jpg\",\"width\":1000,\"height\":750},{\"@type\":\"BreadcrumbList\",\"@id\":\"https:\\\/\\\/cmvsf2.org\\\/web\\\/2018\\\/03\\\/07\\\/xxv-jornada-corresponsables-sanitarios\\\/#breadcrumb\",\"itemListElement\":[{\"@type\":\"ListItem\",\"position\":1,\"name\":\"Portada\",\"item\":\"https:\\\/\\\/cmvsf2.org\\\/web\\\/\"},{\"@type\":\"ListItem\",\"position\":2,\"name\":\"XXV Jornada de Corresponsables Sanitarios\"}]},{\"@type\":\"WebSite\",\"@id\":\"https:\\\/\\\/cmvsf2.org\\\/web\\\/#website\",\"url\":\"https:\\\/\\\/cmvsf2.org\\\/web\\\/\",\"name\":\"Colegio De Veterinarios De Santa Fe 2da. Circunscripci\u00f3n\",\"description\":\"Sitio institucional del Colegio de M\u00e9dicos Veterinario de Santa Fe 2da. Circunscripci\u00f3n\",\"publisher\":{\"@id\":\"https:\\\/\\\/cmvsf2.org\\\/web\\\/#organization\"},\"potentialAction\":[{\"@type\":\"SearchAction\",\"target\":{\"@type\":\"EntryPoint\",\"urlTemplate\":\"https:\\\/\\\/cmvsf2.org\\\/web\\\/?s={search_term_string}\"},\"query-input\":{\"@type\":\"PropertyValueSpecification\",\"valueRequired\":true,\"valueName\":\"search_term_string\"}}],\"inLanguage\":\"es\"},{\"@type\":\"Organization\",\"@id\":\"https:\\\/\\\/cmvsf2.org\\\/web\\\/#organization\",\"name\":\"Colegio De Veterinarios De Santa Fe 2da. Circunscripci\u00f3n\",\"url\":\"https:\\\/\\\/cmvsf2.org\\\/web\\\/\",\"logo\":{\"@type\":\"ImageObject\",\"inLanguage\":\"es\",\"@id\":\"https:\\\/\\\/cmvsf2.org\\\/web\\\/#\\\/schema\\\/logo\\\/image\\\/\",\"url\":\"http:\\\/\\\/cmvsf2.org\\\/web\\\/wp-content\\\/uploads\\\/2020\\\/03\\\/vector-logo-02.png\",\"contentUrl\":\"http:\\\/\\\/cmvsf2.org\\\/web\\\/wp-content\\\/uploads\\\/2020\\\/03\\\/vector-logo-02.png\",\"width\":2750,\"height\":642,\"caption\":\"Colegio De Veterinarios De Santa Fe 2da. Circunscripci\u00f3n\"},\"image\":{\"@id\":\"https:\\\/\\\/cmvsf2.org\\\/web\\\/#\\\/schema\\\/logo\\\/image\\\/\"}},{\"@type\":\"Person\",\"@id\":\"https:\\\/\\\/cmvsf2.org\\\/web\\\/#\\\/schema\\\/person\\\/46ea3630099a4a3df8d89f07cf5f7520\",\"name\":\"cmvsf2\",\"image\":{\"@type\":\"ImageObject\",\"inLanguage\":\"es\",\"@id\":\"https:\\\/\\\/secure.gravatar.com\\\/avatar\\\/669647b61c77f28f1aa51df04174a5ecb296e9988b4a93d2870666cd1f502cd7?s=96&d=mm&r=g\",\"url\":\"https:\\\/\\\/secure.gravatar.com\\\/avatar\\\/669647b61c77f28f1aa51df04174a5ecb296e9988b4a93d2870666cd1f502cd7?s=96&d=mm&r=g\",\"contentUrl\":\"https:\\\/\\\/secure.gravatar.com\\\/avatar\\\/669647b61c77f28f1aa51df04174a5ecb296e9988b4a93d2870666cd1f502cd7?s=96&d=mm&r=g\",\"caption\":\"cmvsf2\"}}]}<\/script>\n<!-- \/ Yoast SEO plugin. -->","yoast_head_json":{"title":"XXV Jornada de Corresponsables Sanitarios - Colegio De Veterinarios De Santa Fe 2da. Circunscripci\u00f3n","description":"XXV JORNADA DE FORMACI\u00d3N CONTINUA PARA\u00a0CORRESPONSABLES SANITARIOS Jueves 10 de Mayo de 2018, Hotel Mir\u00f3 Park, Chacabuco y Av. Cassey, VENADO\u00a0TUERTO","robots":{"index":"index","follow":"follow","max-snippet":"max-snippet:-1","max-image-preview":"max-image-preview:large","max-video-preview":"max-video-preview:-1"},"canonical":"https:\/\/cmvsf2.org\/web\/2018\/03\/07\/xxv-jornada-corresponsables-sanitarios\/","og_locale":"es_ES","og_type":"article","og_title":"XXV Jornada de Corresponsables Sanitarios - Colegio De Veterinarios De Santa Fe 2da. Circunscripci\u00f3n","og_description":"XXV JORNADA DE FORMACI\u00d3N CONTINUA PARA\u00a0CORRESPONSABLES SANITARIOS Jueves 10 de Mayo de 2018, Hotel Mir\u00f3 Park, Chacabuco y Av. Cassey, VENADO\u00a0TUERTO","og_url":"https:\/\/cmvsf2.org\/web\/2018\/03\/07\/xxv-jornada-corresponsables-sanitarios\/","og_site_name":"Colegio De Veterinarios De Santa Fe 2da. Circunscripci\u00f3n","article_published_time":"2018-03-07T19:09:58+00:00","og_image":[{"width":1000,"height":750,"url":"https:\/\/cmvsf2.org\/web\/wp-content\/uploads\/2018\/03\/ed-4-1.jpg","type":"image\/jpeg"}],"author":"cmvsf2","twitter_card":"summary_large_image","twitter_misc":{"Escrito por":"cmvsf2","Tiempo de lectura":"2 minutos"},"schema":{"@context":"https:\/\/schema.org","@graph":[{"@type":"Article","@id":"https:\/\/cmvsf2.org\/web\/2018\/03\/07\/xxv-jornada-corresponsables-sanitarios\/#article","isPartOf":{"@id":"https:\/\/cmvsf2.org\/web\/2018\/03\/07\/xxv-jornada-corresponsables-sanitarios\/"},"author":{"name":"cmvsf2","@id":"https:\/\/cmvsf2.org\/web\/#\/schema\/person\/46ea3630099a4a3df8d89f07cf5f7520"},"headline":"XXV Jornada de Corresponsables Sanitarios","datePublished":"2018-03-07T19:09:58+00:00","mainEntityOfPage":{"@id":"https:\/\/cmvsf2.org\/web\/2018\/03\/07\/xxv-jornada-corresponsables-sanitarios\/"},"wordCount":394,"commentCount":0,"publisher":{"@id":"https:\/\/cmvsf2.org\/web\/#organization"},"image":{"@id":"https:\/\/cmvsf2.org\/web\/2018\/03\/07\/xxv-jornada-corresponsables-sanitarios\/#primaryimage"},"thumbnailUrl":"https:\/\/cmvsf2.org\/web\/wp-content\/uploads\/2018\/03\/ed-4-1.jpg","keywords":["corresponsables","corresponsables sanitarios","formacion","jornada"],"inLanguage":"es"},{"@type":"WebPage","@id":"https:\/\/cmvsf2.org\/web\/2018\/03\/07\/xxv-jornada-corresponsables-sanitarios\/","url":"https:\/\/cmvsf2.org\/web\/2018\/03\/07\/xxv-jornada-corresponsables-sanitarios\/","name":"XXV Jornada de Corresponsables Sanitarios - Colegio De Veterinarios De Santa Fe 2da. Circunscripci\u00f3n","isPartOf":{"@id":"https:\/\/cmvsf2.org\/web\/#website"},"primaryImageOfPage":{"@id":"https:\/\/cmvsf2.org\/web\/2018\/03\/07\/xxv-jornada-corresponsables-sanitarios\/#primaryimage"},"image":{"@id":"https:\/\/cmvsf2.org\/web\/2018\/03\/07\/xxv-jornada-corresponsables-sanitarios\/#primaryimage"},"thumbnailUrl":"https:\/\/cmvsf2.org\/web\/wp-content\/uploads\/2018\/03\/ed-4-1.jpg","datePublished":"2018-03-07T19:09:58+00:00","description":"XXV JORNADA DE FORMACI\u00d3N CONTINUA PARA\u00a0CORRESPONSABLES SANITARIOS Jueves 10 de Mayo de 2018, Hotel Mir\u00f3 Park, Chacabuco y Av. Cassey, VENADO\u00a0TUERTO","breadcrumb":{"@id":"https:\/\/cmvsf2.org\/web\/2018\/03\/07\/xxv-jornada-corresponsables-sanitarios\/#breadcrumb"},"inLanguage":"es","potentialAction":[{"@type":"ReadAction","target":["https:\/\/cmvsf2.org\/web\/2018\/03\/07\/xxv-jornada-corresponsables-sanitarios\/"]}]},{"@type":"ImageObject","inLanguage":"es","@id":"https:\/\/cmvsf2.org\/web\/2018\/03\/07\/xxv-jornada-corresponsables-sanitarios\/#primaryimage","url":"https:\/\/cmvsf2.org\/web\/wp-content\/uploads\/2018\/03\/ed-4-1.jpg","contentUrl":"https:\/\/cmvsf2.org\/web\/wp-content\/uploads\/2018\/03\/ed-4-1.jpg","width":1000,"height":750},{"@type":"BreadcrumbList","@id":"https:\/\/cmvsf2.org\/web\/2018\/03\/07\/xxv-jornada-corresponsables-sanitarios\/#breadcrumb","itemListElement":[{"@type":"ListItem","position":1,"name":"Portada","item":"https:\/\/cmvsf2.org\/web\/"},{"@type":"ListItem","position":2,"name":"XXV Jornada de Corresponsables Sanitarios"}]},{"@type":"WebSite","@id":"https:\/\/cmvsf2.org\/web\/#website","url":"https:\/\/cmvsf2.org\/web\/","name":"Colegio De Veterinarios De Santa Fe 2da. Circunscripci\u00f3n","description":"Sitio institucional del Colegio de M\u00e9dicos Veterinario de Santa Fe 2da. Circunscripci\u00f3n","publisher":{"@id":"https:\/\/cmvsf2.org\/web\/#organization"},"potentialAction":[{"@type":"SearchAction","target":{"@type":"EntryPoint","urlTemplate":"https:\/\/cmvsf2.org\/web\/?s={search_term_string}"},"query-input":{"@type":"PropertyValueSpecification","valueRequired":true,"valueName":"search_term_string"}}],"inLanguage":"es"},{"@type":"Organization","@id":"https:\/\/cmvsf2.org\/web\/#organization","name":"Colegio De Veterinarios De Santa Fe 2da. Circunscripci\u00f3n","url":"https:\/\/cmvsf2.org\/web\/","logo":{"@type":"ImageObject","inLanguage":"es","@id":"https:\/\/cmvsf2.org\/web\/#\/schema\/logo\/image\/","url":"http:\/\/cmvsf2.org\/web\/wp-content\/uploads\/2020\/03\/vector-logo-02.png","contentUrl":"http:\/\/cmvsf2.org\/web\/wp-content\/uploads\/2020\/03\/vector-logo-02.png","width":2750,"height":642,"caption":"Colegio De Veterinarios De Santa Fe 2da. Circunscripci\u00f3n"},"image":{"@id":"https:\/\/cmvsf2.org\/web\/#\/schema\/logo\/image\/"}},{"@type":"Person","@id":"https:\/\/cmvsf2.org\/web\/#\/schema\/person\/46ea3630099a4a3df8d89f07cf5f7520","name":"cmvsf2","image":{"@type":"ImageObject","inLanguage":"es","@id":"https:\/\/secure.gravatar.com\/avatar\/669647b61c77f28f1aa51df04174a5ecb296e9988b4a93d2870666cd1f502cd7?s=96&d=mm&r=g","url":"https:\/\/secure.gravatar.com\/avatar\/669647b61c77f28f1aa51df04174a5ecb296e9988b4a93d2870666cd1f502cd7?s=96&d=mm&r=g","contentUrl":"https:\/\/secure.gravatar.com\/avatar\/669647b61c77f28f1aa51df04174a5ecb296e9988b4a93d2870666cd1f502cd7?s=96&d=mm&r=g","caption":"cmvsf2"}}]}},"_links":{"self":[{"href":"https:\/\/cmvsf2.org\/web\/wp-json\/wp\/v2\/posts\/5163","targetHints":{"allow":["GET"]}}],"collection":[{"href":"https:\/\/cmvsf2.org\/web\/wp-json\/wp\/v2\/posts"}],"about":[{"href":"https:\/\/cmvsf2.org\/web\/wp-json\/wp\/v2\/types\/post"}],"author":[{"embeddable":true,"href":"https:\/\/cmvsf2.org\/web\/wp-json\/wp\/v2\/users\/3"}],"replies":[{"embeddable":true,"href":"https:\/\/cmvsf2.org\/web\/wp-json\/wp\/v2\/comments?post=5163"}],"version-history":[{"count":0,"href":"https:\/\/cmvsf2.org\/web\/wp-json\/wp\/v2\/posts\/5163\/revisions"}],"wp:featuredmedia":[{"embeddable":true,"href":"https:\/\/cmvsf2.org\/web\/wp-json\/wp\/v2\/media\/5717"}],"wp:attachment":[{"href":"https:\/\/cmvsf2.org\/web\/wp-json\/wp\/v2\/media?parent=5163"}],"wp:term":[{"taxonomy":"category","embeddable":true,"href":"https:\/\/cmvsf2.org\/web\/wp-json\/wp\/v2\/categories?post=5163"},{"taxonomy":"post_tag","embeddable":true,"href":"https:\/\/cmvsf2.org\/web\/wp-json\/wp\/v2\/tags?post=5163"}],"curies":[{"name":"wp","href":"https:\/\/api.w.org\/{rel}","templated":true}]}}