{"id":4901,"date":"2017-11-29T15:01:33","date_gmt":"2017-11-29T15:01:33","guid":{"rendered":"http:\/\/sessionstudio.ar\/vet\/web\/?p=4901"},"modified":"2017-11-29T15:01:33","modified_gmt":"2017-11-29T15:01:33","slug":"posicionamiento-del-cmvsf2-prrs","status":"publish","type":"post","link":"https:\/\/cmvsf2.org\/web\/2017\/11\/29\/posicionamiento-del-cmvsf2-prrs\/","title":{"rendered":"Posicionamiento del CMVSF2 sobre el S\u00edndrome, Respiratorio y Reproductivo Porcino (PRRS)"},"content":{"rendered":"<h2>Argentina y el PRRS, (S\u00edndrome respiratorio y reproductivo porcino)<\/h2>\n<h3>La preocupaci\u00f3n por la posible introducci\u00f3n de PRRS (S\u00edndrome Respiratorio y Reproductivo porcino) enfermedad de alt\u00edsima implicancia negativa en la producci\u00f3n, m\u00e1s en un pa\u00eds libre de la noxa como Argentina,\u00a0no es un tema menor.<\/h3>\n<p><img loading=\"lazy\" decoding=\"async\" class=\"wp-image-4902 alignnone\" src=\"https:\/\/cmvsf2.org\/web\/wp-content\/uploads\/2017\/11\/srrp-1.jpg\" alt=\"\" width=\"547\" height=\"547\" srcset=\"https:\/\/cmvsf2.org\/web\/wp-content\/uploads\/2017\/11\/srrp-1.jpg 800w, https:\/\/cmvsf2.org\/web\/wp-content\/uploads\/2017\/11\/srrp-1-300x300.jpg 300w, https:\/\/cmvsf2.org\/web\/wp-content\/uploads\/2017\/11\/srrp-1-150x150.jpg 150w, https:\/\/cmvsf2.org\/web\/wp-content\/uploads\/2017\/11\/srrp-1-768x768.jpg 768w\" sizes=\"auto, (max-width: 547px) 100vw, 547px\" \/><br \/>\nCuando aparecen negociaciones de libre comercio, convenios de importaci\u00f3n de (USA, Canad\u00e1) pa\u00edses con esta\u00a0enfermedad, el intercambio comercial con Chile con la misma situaci\u00f3n, la aparici\u00f3n de Uruguay como pa\u00eds\u00a0seropositivo portador y el permanente flujo ilegal de mercader\u00edas que existe en la frontera con Bolivia que\u00a0puede ser una v\u00eda de ingreso altamente eficiente, la preocupaci\u00f3n se transforma en alarma.<\/p>\n<h3>Organismos de Control<\/h3>\n<p>Dispone nuestro pa\u00eds de herramientas de control, como que toda carne de cerdo que ingrese al territorio\u00a0nacional deber\u00e1 tener como \u00fanico destino la industria manufacturera. No obstante ha demostrado la AAPP\u00a0(Asociaci\u00f3n Argentina de Productores Porcinos) como la mencionada herramienta se neutraliza. Carne\u00a0congelada con destino industrial que ingresa desde Brasil, se vende como carne fresca y en muchos casos con\u00a0r\u00f3tulo de \u201cindustria argentina\u201d. Alteran as\u00ed, empresas importadoras, la cadena de comercializaci\u00f3n sin ning\u00fan\u00a0tipo de intervenci\u00f3n por parte de los organismos de control nacional, provincial y municipal.<br \/>\nEsta deslealtad comercial de algunos integrantes de la cadena abre la posibilidad de perjudicar en la opini\u00f3n\u00a0p\u00fablica la calidad del producto \u201ccarne fresca porcina Argentina\u201d, dado que ese tipo de manejo con productos\u00a0importados puede generar inconvenientes en la Salud P\u00fablica. Es imperioso no obstante dejar claro que PRRS\u00a0no es una enfermedad transmisible al hombre.<\/p>\n<h3>Riesgos Sanitarios en nuestro pa\u00eds<\/h3>\n<p>Sumado a esto en el d\u00eda a d\u00eda ocurre un tr\u00e1fico comercial, ya sea t\u00e9cnico o de insumos para producci\u00f3n porcina\u00a0(semen, etc.) que se mantiene con pa\u00edses lim\u00edtrofes (Uruguay, Paraguay, Brasil). En Uruguay se ha demostrado\u00a0epidemiol\u00f3gicamente cual es la cepa del virus de PRRS presente, de qu\u00e9 manera ingres\u00f3 a ese pa\u00eds y cu\u00e1les son\u00a0las regiones de mayor circulaci\u00f3n viral, una de ellas desgraciadamente muy cercana al l\u00edmite con Argentina.\u00a0Como profesionales formados en control de enfermedades y protecci\u00f3n de alimentos, denunciamos que las\u00a0consecuencias productivas y comerciales que significa asumir innecesariamente riesgos pueden ser muy\u00a0graves para la condici\u00f3n sanitaria del pa\u00eds.<br \/>\nConsideramos que el diagn\u00f3stico de esta enfermedad en caso de haber sospechas estar\u00eda comprometido.\u00a0Estamos convencidos no obstante que el Servicio Nacional de Sanidad Animal debe actuar libremente\u00a0despojado de toda influencia pol\u00edtica o cualquier otra ponderable vinculaci\u00f3n con intereses que vayan m\u00e1s all\u00e1\u00a0de lo estrictamente necesario. Deber\u00e1 el mismo, focalizar su atenci\u00f3n en implementar todo tipo de acciones\u00a0que eviten los riesgos de posible ingreso.<\/p>\n<h3>Mantenerse Alerta<\/h3>\n<p>Manifestamos enf\u00e1ticamente la importancia que tiene tomar conciencia del problema, actuando<br \/>\ncoherentemente y aplicando los sustentos legales respaldatorios para el accionar. Desde el punto de vista\u00a0t\u00e9cnico en funci\u00f3n a las caracter\u00edsticas de tal viremia deben movilizarse mucho m\u00e1s los controles, maximizando\u00a0todo tipo barreras sanitarias y autorizando a laboratorios de red para lograr una situaci\u00f3n de alerta constante\u00a0preparado para actuar con inmediatez ante la ocurrencia de alg\u00fan suceso relacionado.<\/p>\n<h6 style=\"text-align: right;\">Dr. H\u00e9ctor E. Camiletti &#8211; Presidente<br \/>\nCMVSF2<\/h6>\n","protected":false},"excerpt":{"rendered":"<p>Argentina y el PRRS, (S\u00edndrome respiratorio y reproductivo porcino) La preocupaci\u00f3n por la posible introducci\u00f3n de PRRS (S\u00edndrome Respiratorio y Reproductivo porcino) enfermedad de alt\u00edsima implicancia negativa en la producci\u00f3n, m\u00e1s en un pa\u00eds libre de la noxa como Argentina,\u00a0no es un tema menor. Cuando aparecen negociaciones de libre comercio, convenios de importaci\u00f3n de (USA, Canad\u00e1) pa\u00edses con esta\u00a0enfermedad, el intercambio comercial con Chile [&hellip;]<\/p>\n","protected":false},"author":3,"featured_media":4902,"comment_status":"open","ping_status":"open","sticky":false,"template":"","format":"standard","meta":{"_acf_changed":false,"footnotes":""},"categories":[38],"tags":[156,233,185,186,234,235,236,237,238,239,240,241,150],"class_list":["post-4901","post","type-post","status-publish","format-standard","has-post-thumbnail","hentry","category-noticias-del-sector","tag-carne","tag-enfermedad","tag-importacion","tag-porcino","tag-produccion","tag-prrs","tag-reproductivo","tag-respiratorio","tag-sanidad","tag-sanitaria","tag-sindrome","tag-srrp","tag-uruguay"],"acf":[],"yoast_head":"<!-- This site is optimized with the Yoast SEO plugin v28.2 - https:\/\/yoast.com\/product\/yoast-seo-wordpress\/ -->\n<title>Posicionamiento del CMVSF2 sobre el S\u00edndrome, Respiratorio y Reproductivo Porcino (PRRS) - Colegio De Veterinarios De Santa Fe 2da. Circunscripci\u00f3n<\/title>\n<meta name=\"description\" content=\"La preocupaci\u00f3n por la posible introducci\u00f3n de PRRS, enfermedad de alt\u00edsima implicancia negativa en la producci\u00f3n, en Argentina no es tema menor\" \/>\n<meta name=\"robots\" content=\"index, follow, max-snippet:-1, max-image-preview:large, max-video-preview:-1\" \/>\n<link rel=\"canonical\" href=\"https:\/\/cmvsf2.org\/web\/2017\/11\/29\/posicionamiento-del-cmvsf2-prrs\/\" \/>\n<meta property=\"og:locale\" content=\"es_ES\" \/>\n<meta property=\"og:type\" content=\"article\" \/>\n<meta property=\"og:title\" content=\"Posicionamiento del CMVSF2 sobre el S\u00edndrome, Respiratorio y Reproductivo Porcino (PRRS) - Colegio De Veterinarios De Santa Fe 2da. Circunscripci\u00f3n\" \/>\n<meta property=\"og:description\" content=\"La preocupaci\u00f3n por la posible introducci\u00f3n de PRRS, enfermedad de alt\u00edsima implicancia negativa en la producci\u00f3n, en Argentina no es tema menor\" \/>\n<meta property=\"og:url\" content=\"https:\/\/cmvsf2.org\/web\/2017\/11\/29\/posicionamiento-del-cmvsf2-prrs\/\" \/>\n<meta property=\"og:site_name\" content=\"Colegio De Veterinarios De Santa Fe 2da. Circunscripci\u00f3n\" \/>\n<meta property=\"article:published_time\" content=\"2017-11-29T15:01:33+00:00\" \/>\n<meta property=\"og:image\" content=\"https:\/\/cmvsf2.org\/web\/wp-content\/uploads\/2017\/11\/srrp-1.jpg\" \/>\n\t<meta property=\"og:image:width\" content=\"800\" \/>\n\t<meta property=\"og:image:height\" content=\"800\" \/>\n\t<meta property=\"og:image:type\" content=\"image\/jpeg\" \/>\n<meta name=\"author\" content=\"cmvsf2\" \/>\n<meta name=\"twitter:card\" content=\"summary_large_image\" \/>\n<meta name=\"twitter:label1\" content=\"Escrito por\" \/>\n\t<meta name=\"twitter:data1\" content=\"cmvsf2\" \/>\n\t<meta name=\"twitter:label2\" content=\"Tiempo de lectura\" \/>\n\t<meta name=\"twitter:data2\" content=\"3 minutos\" \/>\n<script type=\"application\/ld+json\" class=\"yoast-schema-graph\">{\"@context\":\"https:\\\/\\\/schema.org\",\"@graph\":[{\"@type\":\"Article\",\"@id\":\"https:\\\/\\\/cmvsf2.org\\\/web\\\/2017\\\/11\\\/29\\\/posicionamiento-del-cmvsf2-prrs\\\/#article\",\"isPartOf\":{\"@id\":\"https:\\\/\\\/cmvsf2.org\\\/web\\\/2017\\\/11\\\/29\\\/posicionamiento-del-cmvsf2-prrs\\\/\"},\"author\":{\"name\":\"cmvsf2\",\"@id\":\"https:\\\/\\\/cmvsf2.org\\\/web\\\/#\\\/schema\\\/person\\\/46ea3630099a4a3df8d89f07cf5f7520\"},\"headline\":\"Posicionamiento del CMVSF2 sobre el S\u00edndrome, Respiratorio y Reproductivo Porcino (PRRS)\",\"datePublished\":\"2017-11-29T15:01:33+00:00\",\"mainEntityOfPage\":{\"@id\":\"https:\\\/\\\/cmvsf2.org\\\/web\\\/2017\\\/11\\\/29\\\/posicionamiento-del-cmvsf2-prrs\\\/\"},\"wordCount\":582,\"commentCount\":0,\"publisher\":{\"@id\":\"https:\\\/\\\/cmvsf2.org\\\/web\\\/#organization\"},\"image\":{\"@id\":\"https:\\\/\\\/cmvsf2.org\\\/web\\\/2017\\\/11\\\/29\\\/posicionamiento-del-cmvsf2-prrs\\\/#primaryimage\"},\"thumbnailUrl\":\"https:\\\/\\\/cmvsf2.org\\\/web\\\/wp-content\\\/uploads\\\/2017\\\/11\\\/srrp-1.jpg\",\"keywords\":[\"carne\",\"enfermedad\",\"importacion\",\"porcino\",\"produccion\",\"prrs\",\"reproductivo\",\"respiratorio\",\"sanidad\",\"sanitaria\",\"sindrome\",\"srrp\",\"uruguay\"],\"articleSection\":[\"Noticias del sector\"],\"inLanguage\":\"es\"},{\"@type\":\"WebPage\",\"@id\":\"https:\\\/\\\/cmvsf2.org\\\/web\\\/2017\\\/11\\\/29\\\/posicionamiento-del-cmvsf2-prrs\\\/\",\"url\":\"https:\\\/\\\/cmvsf2.org\\\/web\\\/2017\\\/11\\\/29\\\/posicionamiento-del-cmvsf2-prrs\\\/\",\"name\":\"Posicionamiento del CMVSF2 sobre el S\u00edndrome, Respiratorio y Reproductivo Porcino (PRRS) - Colegio De Veterinarios De Santa Fe 2da. Circunscripci\u00f3n\",\"isPartOf\":{\"@id\":\"https:\\\/\\\/cmvsf2.org\\\/web\\\/#website\"},\"primaryImageOfPage\":{\"@id\":\"https:\\\/\\\/cmvsf2.org\\\/web\\\/2017\\\/11\\\/29\\\/posicionamiento-del-cmvsf2-prrs\\\/#primaryimage\"},\"image\":{\"@id\":\"https:\\\/\\\/cmvsf2.org\\\/web\\\/2017\\\/11\\\/29\\\/posicionamiento-del-cmvsf2-prrs\\\/#primaryimage\"},\"thumbnailUrl\":\"https:\\\/\\\/cmvsf2.org\\\/web\\\/wp-content\\\/uploads\\\/2017\\\/11\\\/srrp-1.jpg\",\"datePublished\":\"2017-11-29T15:01:33+00:00\",\"description\":\"La preocupaci\u00f3n por la posible introducci\u00f3n de PRRS, enfermedad de alt\u00edsima implicancia negativa en la producci\u00f3n, en Argentina no es tema menor\",\"breadcrumb\":{\"@id\":\"https:\\\/\\\/cmvsf2.org\\\/web\\\/2017\\\/11\\\/29\\\/posicionamiento-del-cmvsf2-prrs\\\/#breadcrumb\"},\"inLanguage\":\"es\",\"potentialAction\":[{\"@type\":\"ReadAction\",\"target\":[\"https:\\\/\\\/cmvsf2.org\\\/web\\\/2017\\\/11\\\/29\\\/posicionamiento-del-cmvsf2-prrs\\\/\"]}]},{\"@type\":\"ImageObject\",\"inLanguage\":\"es\",\"@id\":\"https:\\\/\\\/cmvsf2.org\\\/web\\\/2017\\\/11\\\/29\\\/posicionamiento-del-cmvsf2-prrs\\\/#primaryimage\",\"url\":\"https:\\\/\\\/cmvsf2.org\\\/web\\\/wp-content\\\/uploads\\\/2017\\\/11\\\/srrp-1.jpg\",\"contentUrl\":\"https:\\\/\\\/cmvsf2.org\\\/web\\\/wp-content\\\/uploads\\\/2017\\\/11\\\/srrp-1.jpg\",\"width\":800,\"height\":800},{\"@type\":\"BreadcrumbList\",\"@id\":\"https:\\\/\\\/cmvsf2.org\\\/web\\\/2017\\\/11\\\/29\\\/posicionamiento-del-cmvsf2-prrs\\\/#breadcrumb\",\"itemListElement\":[{\"@type\":\"ListItem\",\"position\":1,\"name\":\"Portada\",\"item\":\"https:\\\/\\\/cmvsf2.org\\\/web\\\/\"},{\"@type\":\"ListItem\",\"position\":2,\"name\":\"Posicionamiento del CMVSF2 sobre el S\u00edndrome, Respiratorio y Reproductivo Porcino (PRRS)\"}]},{\"@type\":\"WebSite\",\"@id\":\"https:\\\/\\\/cmvsf2.org\\\/web\\\/#website\",\"url\":\"https:\\\/\\\/cmvsf2.org\\\/web\\\/\",\"name\":\"Colegio De Veterinarios De Santa Fe 2da. Circunscripci\u00f3n\",\"description\":\"Sitio institucional del Colegio de M\u00e9dicos Veterinario de Santa Fe 2da. Circunscripci\u00f3n\",\"publisher\":{\"@id\":\"https:\\\/\\\/cmvsf2.org\\\/web\\\/#organization\"},\"potentialAction\":[{\"@type\":\"SearchAction\",\"target\":{\"@type\":\"EntryPoint\",\"urlTemplate\":\"https:\\\/\\\/cmvsf2.org\\\/web\\\/?s={search_term_string}\"},\"query-input\":{\"@type\":\"PropertyValueSpecification\",\"valueRequired\":true,\"valueName\":\"search_term_string\"}}],\"inLanguage\":\"es\"},{\"@type\":\"Organization\",\"@id\":\"https:\\\/\\\/cmvsf2.org\\\/web\\\/#organization\",\"name\":\"Colegio De Veterinarios De Santa Fe 2da. Circunscripci\u00f3n\",\"url\":\"https:\\\/\\\/cmvsf2.org\\\/web\\\/\",\"logo\":{\"@type\":\"ImageObject\",\"inLanguage\":\"es\",\"@id\":\"https:\\\/\\\/cmvsf2.org\\\/web\\\/#\\\/schema\\\/logo\\\/image\\\/\",\"url\":\"http:\\\/\\\/cmvsf2.org\\\/web\\\/wp-content\\\/uploads\\\/2020\\\/03\\\/vector-logo-02.png\",\"contentUrl\":\"http:\\\/\\\/cmvsf2.org\\\/web\\\/wp-content\\\/uploads\\\/2020\\\/03\\\/vector-logo-02.png\",\"width\":2750,\"height\":642,\"caption\":\"Colegio De Veterinarios De Santa Fe 2da. Circunscripci\u00f3n\"},\"image\":{\"@id\":\"https:\\\/\\\/cmvsf2.org\\\/web\\\/#\\\/schema\\\/logo\\\/image\\\/\"}},{\"@type\":\"Person\",\"@id\":\"https:\\\/\\\/cmvsf2.org\\\/web\\\/#\\\/schema\\\/person\\\/46ea3630099a4a3df8d89f07cf5f7520\",\"name\":\"cmvsf2\",\"image\":{\"@type\":\"ImageObject\",\"inLanguage\":\"es\",\"@id\":\"https:\\\/\\\/secure.gravatar.com\\\/avatar\\\/669647b61c77f28f1aa51df04174a5ecb296e9988b4a93d2870666cd1f502cd7?s=96&d=mm&r=g\",\"url\":\"https:\\\/\\\/secure.gravatar.com\\\/avatar\\\/669647b61c77f28f1aa51df04174a5ecb296e9988b4a93d2870666cd1f502cd7?s=96&d=mm&r=g\",\"contentUrl\":\"https:\\\/\\\/secure.gravatar.com\\\/avatar\\\/669647b61c77f28f1aa51df04174a5ecb296e9988b4a93d2870666cd1f502cd7?s=96&d=mm&r=g\",\"caption\":\"cmvsf2\"}}]}<\/script>\n<!-- \/ Yoast SEO plugin. -->","yoast_head_json":{"title":"Posicionamiento del CMVSF2 sobre el S\u00edndrome, Respiratorio y Reproductivo Porcino (PRRS) - Colegio De Veterinarios De Santa Fe 2da. Circunscripci\u00f3n","description":"La preocupaci\u00f3n por la posible introducci\u00f3n de PRRS, enfermedad de alt\u00edsima implicancia negativa en la producci\u00f3n, en Argentina no es tema menor","robots":{"index":"index","follow":"follow","max-snippet":"max-snippet:-1","max-image-preview":"max-image-preview:large","max-video-preview":"max-video-preview:-1"},"canonical":"https:\/\/cmvsf2.org\/web\/2017\/11\/29\/posicionamiento-del-cmvsf2-prrs\/","og_locale":"es_ES","og_type":"article","og_title":"Posicionamiento del CMVSF2 sobre el S\u00edndrome, Respiratorio y Reproductivo Porcino (PRRS) - Colegio De Veterinarios De Santa Fe 2da. Circunscripci\u00f3n","og_description":"La preocupaci\u00f3n por la posible introducci\u00f3n de PRRS, enfermedad de alt\u00edsima implicancia negativa en la producci\u00f3n, en Argentina no es tema menor","og_url":"https:\/\/cmvsf2.org\/web\/2017\/11\/29\/posicionamiento-del-cmvsf2-prrs\/","og_site_name":"Colegio De Veterinarios De Santa Fe 2da. Circunscripci\u00f3n","article_published_time":"2017-11-29T15:01:33+00:00","og_image":[{"width":800,"height":800,"url":"https:\/\/cmvsf2.org\/web\/wp-content\/uploads\/2017\/11\/srrp-1.jpg","type":"image\/jpeg"}],"author":"cmvsf2","twitter_card":"summary_large_image","twitter_misc":{"Escrito por":"cmvsf2","Tiempo de lectura":"3 minutos"},"schema":{"@context":"https:\/\/schema.org","@graph":[{"@type":"Article","@id":"https:\/\/cmvsf2.org\/web\/2017\/11\/29\/posicionamiento-del-cmvsf2-prrs\/#article","isPartOf":{"@id":"https:\/\/cmvsf2.org\/web\/2017\/11\/29\/posicionamiento-del-cmvsf2-prrs\/"},"author":{"name":"cmvsf2","@id":"https:\/\/cmvsf2.org\/web\/#\/schema\/person\/46ea3630099a4a3df8d89f07cf5f7520"},"headline":"Posicionamiento del CMVSF2 sobre el S\u00edndrome, Respiratorio y Reproductivo Porcino (PRRS)","datePublished":"2017-11-29T15:01:33+00:00","mainEntityOfPage":{"@id":"https:\/\/cmvsf2.org\/web\/2017\/11\/29\/posicionamiento-del-cmvsf2-prrs\/"},"wordCount":582,"commentCount":0,"publisher":{"@id":"https:\/\/cmvsf2.org\/web\/#organization"},"image":{"@id":"https:\/\/cmvsf2.org\/web\/2017\/11\/29\/posicionamiento-del-cmvsf2-prrs\/#primaryimage"},"thumbnailUrl":"https:\/\/cmvsf2.org\/web\/wp-content\/uploads\/2017\/11\/srrp-1.jpg","keywords":["carne","enfermedad","importacion","porcino","produccion","prrs","reproductivo","respiratorio","sanidad","sanitaria","sindrome","srrp","uruguay"],"articleSection":["Noticias del sector"],"inLanguage":"es"},{"@type":"WebPage","@id":"https:\/\/cmvsf2.org\/web\/2017\/11\/29\/posicionamiento-del-cmvsf2-prrs\/","url":"https:\/\/cmvsf2.org\/web\/2017\/11\/29\/posicionamiento-del-cmvsf2-prrs\/","name":"Posicionamiento del CMVSF2 sobre el S\u00edndrome, Respiratorio y Reproductivo Porcino (PRRS) - Colegio De Veterinarios De Santa Fe 2da. Circunscripci\u00f3n","isPartOf":{"@id":"https:\/\/cmvsf2.org\/web\/#website"},"primaryImageOfPage":{"@id":"https:\/\/cmvsf2.org\/web\/2017\/11\/29\/posicionamiento-del-cmvsf2-prrs\/#primaryimage"},"image":{"@id":"https:\/\/cmvsf2.org\/web\/2017\/11\/29\/posicionamiento-del-cmvsf2-prrs\/#primaryimage"},"thumbnailUrl":"https:\/\/cmvsf2.org\/web\/wp-content\/uploads\/2017\/11\/srrp-1.jpg","datePublished":"2017-11-29T15:01:33+00:00","description":"La preocupaci\u00f3n por la posible introducci\u00f3n de PRRS, enfermedad de alt\u00edsima implicancia negativa en la producci\u00f3n, en Argentina no es tema menor","breadcrumb":{"@id":"https:\/\/cmvsf2.org\/web\/2017\/11\/29\/posicionamiento-del-cmvsf2-prrs\/#breadcrumb"},"inLanguage":"es","potentialAction":[{"@type":"ReadAction","target":["https:\/\/cmvsf2.org\/web\/2017\/11\/29\/posicionamiento-del-cmvsf2-prrs\/"]}]},{"@type":"ImageObject","inLanguage":"es","@id":"https:\/\/cmvsf2.org\/web\/2017\/11\/29\/posicionamiento-del-cmvsf2-prrs\/#primaryimage","url":"https:\/\/cmvsf2.org\/web\/wp-content\/uploads\/2017\/11\/srrp-1.jpg","contentUrl":"https:\/\/cmvsf2.org\/web\/wp-content\/uploads\/2017\/11\/srrp-1.jpg","width":800,"height":800},{"@type":"BreadcrumbList","@id":"https:\/\/cmvsf2.org\/web\/2017\/11\/29\/posicionamiento-del-cmvsf2-prrs\/#breadcrumb","itemListElement":[{"@type":"ListItem","position":1,"name":"Portada","item":"https:\/\/cmvsf2.org\/web\/"},{"@type":"ListItem","position":2,"name":"Posicionamiento del CMVSF2 sobre el S\u00edndrome, Respiratorio y Reproductivo Porcino (PRRS)"}]},{"@type":"WebSite","@id":"https:\/\/cmvsf2.org\/web\/#website","url":"https:\/\/cmvsf2.org\/web\/","name":"Colegio De Veterinarios De Santa Fe 2da. Circunscripci\u00f3n","description":"Sitio institucional del Colegio de M\u00e9dicos Veterinario de Santa Fe 2da. Circunscripci\u00f3n","publisher":{"@id":"https:\/\/cmvsf2.org\/web\/#organization"},"potentialAction":[{"@type":"SearchAction","target":{"@type":"EntryPoint","urlTemplate":"https:\/\/cmvsf2.org\/web\/?s={search_term_string}"},"query-input":{"@type":"PropertyValueSpecification","valueRequired":true,"valueName":"search_term_string"}}],"inLanguage":"es"},{"@type":"Organization","@id":"https:\/\/cmvsf2.org\/web\/#organization","name":"Colegio De Veterinarios De Santa Fe 2da. Circunscripci\u00f3n","url":"https:\/\/cmvsf2.org\/web\/","logo":{"@type":"ImageObject","inLanguage":"es","@id":"https:\/\/cmvsf2.org\/web\/#\/schema\/logo\/image\/","url":"http:\/\/cmvsf2.org\/web\/wp-content\/uploads\/2020\/03\/vector-logo-02.png","contentUrl":"http:\/\/cmvsf2.org\/web\/wp-content\/uploads\/2020\/03\/vector-logo-02.png","width":2750,"height":642,"caption":"Colegio De Veterinarios De Santa Fe 2da. Circunscripci\u00f3n"},"image":{"@id":"https:\/\/cmvsf2.org\/web\/#\/schema\/logo\/image\/"}},{"@type":"Person","@id":"https:\/\/cmvsf2.org\/web\/#\/schema\/person\/46ea3630099a4a3df8d89f07cf5f7520","name":"cmvsf2","image":{"@type":"ImageObject","inLanguage":"es","@id":"https:\/\/secure.gravatar.com\/avatar\/669647b61c77f28f1aa51df04174a5ecb296e9988b4a93d2870666cd1f502cd7?s=96&d=mm&r=g","url":"https:\/\/secure.gravatar.com\/avatar\/669647b61c77f28f1aa51df04174a5ecb296e9988b4a93d2870666cd1f502cd7?s=96&d=mm&r=g","contentUrl":"https:\/\/secure.gravatar.com\/avatar\/669647b61c77f28f1aa51df04174a5ecb296e9988b4a93d2870666cd1f502cd7?s=96&d=mm&r=g","caption":"cmvsf2"}}]}},"_links":{"self":[{"href":"https:\/\/cmvsf2.org\/web\/wp-json\/wp\/v2\/posts\/4901","targetHints":{"allow":["GET"]}}],"collection":[{"href":"https:\/\/cmvsf2.org\/web\/wp-json\/wp\/v2\/posts"}],"about":[{"href":"https:\/\/cmvsf2.org\/web\/wp-json\/wp\/v2\/types\/post"}],"author":[{"embeddable":true,"href":"https:\/\/cmvsf2.org\/web\/wp-json\/wp\/v2\/users\/3"}],"replies":[{"embeddable":true,"href":"https:\/\/cmvsf2.org\/web\/wp-json\/wp\/v2\/comments?post=4901"}],"version-history":[{"count":0,"href":"https:\/\/cmvsf2.org\/web\/wp-json\/wp\/v2\/posts\/4901\/revisions"}],"wp:featuredmedia":[{"embeddable":true,"href":"https:\/\/cmvsf2.org\/web\/wp-json\/wp\/v2\/media\/4902"}],"wp:attachment":[{"href":"https:\/\/cmvsf2.org\/web\/wp-json\/wp\/v2\/media?parent=4901"}],"wp:term":[{"taxonomy":"category","embeddable":true,"href":"https:\/\/cmvsf2.org\/web\/wp-json\/wp\/v2\/categories?post=4901"},{"taxonomy":"post_tag","embeddable":true,"href":"https:\/\/cmvsf2.org\/web\/wp-json\/wp\/v2\/tags?post=4901"}],"curies":[{"name":"wp","href":"https:\/\/api.w.org\/{rel}","templated":true}]}}