{"id":4769,"date":"2017-11-01T16:02:08","date_gmt":"2017-11-01T16:02:08","guid":{"rendered":"http:\/\/sessionstudio.ar\/vet\/web\/?p=4769"},"modified":"2017-11-01T16:02:08","modified_gmt":"2017-11-01T16:02:08","slug":"padron-corresp-sanitarios","status":"publish","type":"post","link":"https:\/\/cmvsf2.org\/web\/2017\/11\/01\/padron-corresp-sanitarios\/","title":{"rendered":"Se conforma la n\u00f3mina del Padr\u00f3n de Corresponsables Sanitarios"},"content":{"rendered":"<div class=\"wpb-content-wrapper\"><p>[vc_row][vc_column][vc_column_text]<\/p>\n<h1><b>Se conforma la n\u00f3mina del Padr\u00f3n de Corresponsables Sanitarios<\/b><\/h1>\n<h3>La misma ser\u00e1 elevada al Ministerio de la Producci\u00f3n\u00a0de la Provincia de Santa Fe para la creaci\u00f3n del registro oficial.<\/h3>\n<p>&nbsp;<br \/>\n<span style=\"font-weight: 400;\">A partir del Decreto N\u00b0 0687 del 10 de marzo de 2015, por el cual el gobierno de la Provincia de Santa Fe reconoce el <\/span><b>Sistema Sanitario Productivo y Participativo <\/b><span style=\"font-weight: 400;\">en el territorio provincial; y el dictado de la Resoluci\u00f3n N\u00b0 275 del Ministerio de la Producci\u00f3n del 09 de abril de 2015, que establece la actividad de los Corresponsables Sanitarios, como de caracter\u00edsticas t\u00e9cnicas y cient\u00edficas de desarrollo. As\u00ed mismo, se exigen condiciones de perfeccionamiento constante, cumplimiento de obligaciones y apertura de registros para los mismos.<\/span><br \/>\n<span style=\"font-weight: 400;\">Los mencionados registros estar\u00e1n conformados siguiendo el control en la acreditaci\u00f3n de la formaci\u00f3n continua, actividad que recae en el Colegio de M\u00e9dicos Veterinarios. Es as\u00ed que se dict\u00f3 la <a href=\"http:\/\/sessionstudio.ar\/vet\/web\/wp-content\/uploads\/2016\/07\/RES.-N%C2%BA-100-16-REGLAMENTO-CORRESPONSABLES-SANITARIOS.-La-presente-res.-deroga-las-N%C2%BA-057-04-N%C2%BA-060-04-Y-N%C2%BA-098-14.-07-03-2016-pdf.pdf\">Resoluci\u00f3n N\u00ba100\/16 de Cuerpo Directivo<\/a>, disponiendo un 75% de Asistencia en el per\u00edodo 2016 &#8211; 2017 en el que se dictaron 4 Jornadas de formaci\u00f3n. Dado que un amplio espectro de los asistentes no re\u00fane este porcentaje, el Colegio, a trav\u00e9s de su <a href=\"http:\/\/sessionstudio.ar\/vet\/web\/wp-content\/uploads\/2017\/11\/res.-n-5060-17-relevar-establecer-y-notificar-las-condiciones-del-padrn-de-corresponsables-sanitarios-que-se-elevarn-al-ministerio-de-la-produccin-de-la-provincia-de-santa-fe.pdf\">Resoluci\u00f3n de Mesa Directiva N\u00b0 5060<\/a>, ha decidido generar posibilidades de recuperar la condici\u00f3n de asistencia.<\/span><\/p>\n<hr \/>\n<h3><\/h3>\n<h3><strong>\u00bfQu\u00e9 posibilidades tienen de integrar el padr\u00f3n aquellos que no alcanzan el 75% de asistencia?<\/strong><\/h3>\n<h5><strong> 2 grupos:<\/strong><\/h5>\n<ul>\n<li style=\"font-weight: 400;\"><span style=\"font-weight: 400;\">Quienes cuentan con <a href=\"https:\/\/cmvsf2.org\/web\/wp-content\/uploads\/2017\/11\/cs-50-jor-2026-.-2027-deben-recuperar-o-justif-asisst.-a-evento-ext.-06-10-17-1.xlsx\">50% de asistencia en 2016\/2017<\/a>: Podr\u00e1n retomar su condici\u00f3n en la jornada recuperatoria del 24 noviembre 2017 a realizarse en la sede del Colegio,<\/span><a href=\"https:\/\/maps.google.com\/?q=Suipacha+347+a&amp;entry=gmail&amp;source=g\"> <span style=\"font-weight: 400;\">Suipacha 347 a<\/span><\/a><span style=\"font-weight: 400;\"> partir de las 09,30 hs. , \u00f3 certificar formaci\u00f3n externa, que el Colegio considere acorde hasta el viernes 17 de noviembre.<\/span><\/li>\n<li style=\"font-weight: 400;\"><span style=\"font-weight: 400;\">Quienes cuentan con 25% de asistencia en 2016\/2017: Podr\u00e1n recuperar su condici\u00f3n s\u00ed, en el historial completo de Jornadas de Corresponsales <a href=\"https:\/\/cmvsf2.org\/web\/wp-content\/uploads\/2017\/11\/cs-25-jor-2016.2017-que-cumplieron-50-asist.-total-jornadas-y-deben-recuperar-justif-asisst.-a-evento-ext.-06-10-17-1.xlsx\">asistieron al 50% de toda la formaci\u00f3n brindada,<\/a> debiendo adem\u00e1s concurrir a la jornada recuperatoria y certificar una Jornada Externa realizada durante 2016\/2017 avalable por el Colegio.<\/span><\/li>\n<\/ul>\n<hr \/>\n<p>&nbsp;<br \/>\n<span style=\"font-weight: 400;\">A continuaci\u00f3n la resoluci\u00f3n de Mesa Directiva N\u00b0 5060 sobre las condiciones para el recuperatorio\u00a0<\/span><br \/>\n<span style=\"font-weight: 400;\"><a href=\"http:\/\/sessionstudio.ar\/vet\/web\/wp-content\/uploads\/2017\/11\/res.-n-5060-17-relevar-establecer-y-notificar-las-condiciones-del-padrn-de-corresponsables-sanitarios-que-se-elevarn-al-ministerio-de-la-produccin-de-la-provincia-de-santa-fe.pdf\">RES N\u00ba5060-17 Relevar, establecer y notificar las condiciones del padr\u00f3n de Corresponsables Sanitarios que se elevar\u00e1n al Ministerio de la producci\u00f3n de la provincia de Santa Fe<\/a><\/span>[\/vc_column_text][vc_cta h2=\u00bbLISTADOS\u00bb color=\u00bbpink\u00bb]Conoc\u00e9 los listados para buscarte seg\u00fan tu situaci\u00f3n.<br \/>\n<a href=\"https:\/\/cmvsf2.org\/web\/wp-content\/uploads\/2017\/11\/cs-25-jor-2016-.-2017-que-no-cumplieron-con-50-de-formacion-en-el-total-de-su-historial-de-jornadas-1.xlsx\">CS 25% Jor 2016-2017 Que no cumplieron con 50% de formaci\u00f3n en el total de su historial de jornadas<\/a><br \/>\n<a href=\"https:\/\/cmvsf2.org\/web\/wp-content\/uploads\/2017\/11\/cs-25-jor-2016.2017-que-cumplieron-50-asist.-total-jornadas-y-deben-recuperar-justif-asisst.-a-evento-ext.-06-10-17-1.xlsx\">CS 25% Jor 2016-2017 Que cumplieron 50% de asist. al total de jornadas y deben recuperar y justif asist. a evento ext.<\/a><br \/>\n<a href=\"https:\/\/cmvsf2.org\/web\/wp-content\/uploads\/2017\/11\/cs-50-jor-2026-.-2027-deben-recuperar-o-justif-asisst.-a-evento-ext.-06-10-17-1.xlsx\">CS 50% Jor 2016-2017 deben recuperar \u00f3 justif. asist. a evento ext.<\/a><br \/>\n<a href=\"https:\/\/cmvsf2.org\/web\/wp-content\/uploads\/2017\/11\/cs-que-pasan-a-2018-06-10-17-1.xlsx\">CS que pasan a 2018<\/a><br \/>\n<a href=\"https:\/\/cmvsf2.org\/web\/wp-content\/uploads\/2017\/11\/cs-que-seran-dados-de-baja-por-no-haber-cumplimentado-con-ninguna-de-las-formaciones-ofrecidas-en-2016-.-2017-06-10-17-1.xlsx\">CS que ser\u00e1n dados de baja por no haber cumplimentado con ninguna de las formaciones ofrecidas en 2016-2017<\/a>[\/vc_cta][\/vc_column][\/vc_row]<\/p>\n<\/div>","protected":false},"excerpt":{"rendered":"<p>[vc_row][vc_column][vc_column_text] Se conforma la n\u00f3mina del Padr\u00f3n de Corresponsables Sanitarios La misma ser\u00e1 elevada al Ministerio de la Producci\u00f3n\u00a0de la Provincia de Santa Fe para la creaci\u00f3n del registro oficial. &nbsp; A partir del Decreto N\u00b0 0687 del 10 de marzo de 2015, por el cual el gobierno de la Provincia de Santa Fe reconoce el Sistema Sanitario Productivo y Participativo en el territorio [&hellip;]<\/p>\n","protected":false},"author":3,"featured_media":4784,"comment_status":"open","ping_status":"open","sticky":false,"template":"","format":"standard","meta":{"_acf_changed":false,"footnotes":""},"categories":[1],"tags":[],"class_list":["post-4769","post","type-post","status-publish","format-standard","has-post-thumbnail","hentry","category-sin-categoria"],"acf":[],"yoast_head":"<!-- This site is optimized with the Yoast SEO plugin v28.2 - https:\/\/yoast.com\/product\/yoast-seo-wordpress\/ -->\n<title>Se conforma la n\u00f3mina del Padr\u00f3n de Corresponsables Sanitarios - Colegio De Veterinarios De Santa Fe 2da. Circunscripci\u00f3n<\/title>\n<meta name=\"description\" content=\"Se conforma la n\u00f3mina del Padr\u00f3n de Corresponsables Sanitarios La misma ser\u00e1 elevada al Ministerio de la Producci\u00f3n\u00a0de la Provincia de Santa Fe para la\" \/>\n<meta name=\"robots\" content=\"index, follow, max-snippet:-1, max-image-preview:large, max-video-preview:-1\" \/>\n<link rel=\"canonical\" href=\"https:\/\/cmvsf2.org\/web\/2017\/11\/01\/padron-corresp-sanitarios\/\" \/>\n<meta property=\"og:locale\" content=\"es_ES\" \/>\n<meta property=\"og:type\" content=\"article\" \/>\n<meta property=\"og:title\" content=\"Se conforma la n\u00f3mina del Padr\u00f3n de Corresponsables Sanitarios - Colegio De Veterinarios De Santa Fe 2da. Circunscripci\u00f3n\" \/>\n<meta property=\"og:description\" content=\"Se conforma la n\u00f3mina del Padr\u00f3n de Corresponsables Sanitarios La misma ser\u00e1 elevada al Ministerio de la Producci\u00f3n\u00a0de la Provincia de Santa Fe para la\" \/>\n<meta property=\"og:url\" content=\"https:\/\/cmvsf2.org\/web\/2017\/11\/01\/padron-corresp-sanitarios\/\" \/>\n<meta property=\"og:site_name\" content=\"Colegio De Veterinarios De Santa Fe 2da. Circunscripci\u00f3n\" \/>\n<meta property=\"article:published_time\" content=\"2017-11-01T16:02:08+00:00\" \/>\n<meta property=\"og:image\" content=\"https:\/\/cmvsf2.org\/web\/wp-content\/uploads\/2017\/11\/jocorresp.-1-1.png\" \/>\n\t<meta property=\"og:image:width\" content=\"1024\" \/>\n\t<meta property=\"og:image:height\" content=\"768\" \/>\n\t<meta property=\"og:image:type\" content=\"image\/png\" \/>\n<meta name=\"author\" content=\"cmvsf2\" \/>\n<meta name=\"twitter:card\" content=\"summary_large_image\" \/>\n<meta name=\"twitter:label1\" content=\"Escrito por\" \/>\n\t<meta name=\"twitter:data1\" content=\"cmvsf2\" \/>\n\t<meta name=\"twitter:label2\" content=\"Tiempo de lectura\" \/>\n\t<meta name=\"twitter:data2\" content=\"2 minutos\" \/>\n<script type=\"application\/ld+json\" class=\"yoast-schema-graph\">{\"@context\":\"https:\\\/\\\/schema.org\",\"@graph\":[{\"@type\":\"Article\",\"@id\":\"https:\\\/\\\/cmvsf2.org\\\/web\\\/2017\\\/11\\\/01\\\/padron-corresp-sanitarios\\\/#article\",\"isPartOf\":{\"@id\":\"https:\\\/\\\/cmvsf2.org\\\/web\\\/2017\\\/11\\\/01\\\/padron-corresp-sanitarios\\\/\"},\"author\":{\"name\":\"cmvsf2\",\"@id\":\"https:\\\/\\\/cmvsf2.org\\\/web\\\/#\\\/schema\\\/person\\\/46ea3630099a4a3df8d89f07cf5f7520\"},\"headline\":\"Se conforma la n\u00f3mina del Padr\u00f3n de Corresponsables Sanitarios\",\"datePublished\":\"2017-11-01T16:02:08+00:00\",\"mainEntityOfPage\":{\"@id\":\"https:\\\/\\\/cmvsf2.org\\\/web\\\/2017\\\/11\\\/01\\\/padron-corresp-sanitarios\\\/\"},\"wordCount\":487,\"commentCount\":0,\"publisher\":{\"@id\":\"https:\\\/\\\/cmvsf2.org\\\/web\\\/#organization\"},\"image\":{\"@id\":\"https:\\\/\\\/cmvsf2.org\\\/web\\\/2017\\\/11\\\/01\\\/padron-corresp-sanitarios\\\/#primaryimage\"},\"thumbnailUrl\":\"https:\\\/\\\/cmvsf2.org\\\/web\\\/wp-content\\\/uploads\\\/2017\\\/11\\\/jocorresp.-1-1.png\",\"inLanguage\":\"es\"},{\"@type\":\"WebPage\",\"@id\":\"https:\\\/\\\/cmvsf2.org\\\/web\\\/2017\\\/11\\\/01\\\/padron-corresp-sanitarios\\\/\",\"url\":\"https:\\\/\\\/cmvsf2.org\\\/web\\\/2017\\\/11\\\/01\\\/padron-corresp-sanitarios\\\/\",\"name\":\"Se conforma la n\u00f3mina del Padr\u00f3n de Corresponsables Sanitarios - Colegio De Veterinarios De Santa Fe 2da. Circunscripci\u00f3n\",\"isPartOf\":{\"@id\":\"https:\\\/\\\/cmvsf2.org\\\/web\\\/#website\"},\"primaryImageOfPage\":{\"@id\":\"https:\\\/\\\/cmvsf2.org\\\/web\\\/2017\\\/11\\\/01\\\/padron-corresp-sanitarios\\\/#primaryimage\"},\"image\":{\"@id\":\"https:\\\/\\\/cmvsf2.org\\\/web\\\/2017\\\/11\\\/01\\\/padron-corresp-sanitarios\\\/#primaryimage\"},\"thumbnailUrl\":\"https:\\\/\\\/cmvsf2.org\\\/web\\\/wp-content\\\/uploads\\\/2017\\\/11\\\/jocorresp.-1-1.png\",\"datePublished\":\"2017-11-01T16:02:08+00:00\",\"description\":\"Se conforma la n\u00f3mina del Padr\u00f3n de Corresponsables Sanitarios La misma ser\u00e1 elevada al Ministerio de la Producci\u00f3n\u00a0de la Provincia de Santa Fe para la\",\"breadcrumb\":{\"@id\":\"https:\\\/\\\/cmvsf2.org\\\/web\\\/2017\\\/11\\\/01\\\/padron-corresp-sanitarios\\\/#breadcrumb\"},\"inLanguage\":\"es\",\"potentialAction\":[{\"@type\":\"ReadAction\",\"target\":[\"https:\\\/\\\/cmvsf2.org\\\/web\\\/2017\\\/11\\\/01\\\/padron-corresp-sanitarios\\\/\"]}]},{\"@type\":\"ImageObject\",\"inLanguage\":\"es\",\"@id\":\"https:\\\/\\\/cmvsf2.org\\\/web\\\/2017\\\/11\\\/01\\\/padron-corresp-sanitarios\\\/#primaryimage\",\"url\":\"https:\\\/\\\/cmvsf2.org\\\/web\\\/wp-content\\\/uploads\\\/2017\\\/11\\\/jocorresp.-1-1.png\",\"contentUrl\":\"https:\\\/\\\/cmvsf2.org\\\/web\\\/wp-content\\\/uploads\\\/2017\\\/11\\\/jocorresp.-1-1.png\",\"width\":1024,\"height\":768},{\"@type\":\"BreadcrumbList\",\"@id\":\"https:\\\/\\\/cmvsf2.org\\\/web\\\/2017\\\/11\\\/01\\\/padron-corresp-sanitarios\\\/#breadcrumb\",\"itemListElement\":[{\"@type\":\"ListItem\",\"position\":1,\"name\":\"Portada\",\"item\":\"https:\\\/\\\/cmvsf2.org\\\/web\\\/\"},{\"@type\":\"ListItem\",\"position\":2,\"name\":\"Se conforma la n\u00f3mina del Padr\u00f3n de Corresponsables Sanitarios\"}]},{\"@type\":\"WebSite\",\"@id\":\"https:\\\/\\\/cmvsf2.org\\\/web\\\/#website\",\"url\":\"https:\\\/\\\/cmvsf2.org\\\/web\\\/\",\"name\":\"Colegio De Veterinarios De Santa Fe 2da. Circunscripci\u00f3n\",\"description\":\"Sitio institucional del Colegio de M\u00e9dicos Veterinario de Santa Fe 2da. Circunscripci\u00f3n\",\"publisher\":{\"@id\":\"https:\\\/\\\/cmvsf2.org\\\/web\\\/#organization\"},\"potentialAction\":[{\"@type\":\"SearchAction\",\"target\":{\"@type\":\"EntryPoint\",\"urlTemplate\":\"https:\\\/\\\/cmvsf2.org\\\/web\\\/?s={search_term_string}\"},\"query-input\":{\"@type\":\"PropertyValueSpecification\",\"valueRequired\":true,\"valueName\":\"search_term_string\"}}],\"inLanguage\":\"es\"},{\"@type\":\"Organization\",\"@id\":\"https:\\\/\\\/cmvsf2.org\\\/web\\\/#organization\",\"name\":\"Colegio De Veterinarios De Santa Fe 2da. Circunscripci\u00f3n\",\"url\":\"https:\\\/\\\/cmvsf2.org\\\/web\\\/\",\"logo\":{\"@type\":\"ImageObject\",\"inLanguage\":\"es\",\"@id\":\"https:\\\/\\\/cmvsf2.org\\\/web\\\/#\\\/schema\\\/logo\\\/image\\\/\",\"url\":\"http:\\\/\\\/cmvsf2.org\\\/web\\\/wp-content\\\/uploads\\\/2020\\\/03\\\/vector-logo-02.png\",\"contentUrl\":\"http:\\\/\\\/cmvsf2.org\\\/web\\\/wp-content\\\/uploads\\\/2020\\\/03\\\/vector-logo-02.png\",\"width\":2750,\"height\":642,\"caption\":\"Colegio De Veterinarios De Santa Fe 2da. Circunscripci\u00f3n\"},\"image\":{\"@id\":\"https:\\\/\\\/cmvsf2.org\\\/web\\\/#\\\/schema\\\/logo\\\/image\\\/\"}},{\"@type\":\"Person\",\"@id\":\"https:\\\/\\\/cmvsf2.org\\\/web\\\/#\\\/schema\\\/person\\\/46ea3630099a4a3df8d89f07cf5f7520\",\"name\":\"cmvsf2\",\"image\":{\"@type\":\"ImageObject\",\"inLanguage\":\"es\",\"@id\":\"https:\\\/\\\/secure.gravatar.com\\\/avatar\\\/669647b61c77f28f1aa51df04174a5ecb296e9988b4a93d2870666cd1f502cd7?s=96&d=mm&r=g\",\"url\":\"https:\\\/\\\/secure.gravatar.com\\\/avatar\\\/669647b61c77f28f1aa51df04174a5ecb296e9988b4a93d2870666cd1f502cd7?s=96&d=mm&r=g\",\"contentUrl\":\"https:\\\/\\\/secure.gravatar.com\\\/avatar\\\/669647b61c77f28f1aa51df04174a5ecb296e9988b4a93d2870666cd1f502cd7?s=96&d=mm&r=g\",\"caption\":\"cmvsf2\"}}]}<\/script>\n<!-- \/ Yoast SEO plugin. -->","yoast_head_json":{"title":"Se conforma la n\u00f3mina del Padr\u00f3n de Corresponsables Sanitarios - Colegio De Veterinarios De Santa Fe 2da. Circunscripci\u00f3n","description":"Se conforma la n\u00f3mina del Padr\u00f3n de Corresponsables Sanitarios La misma ser\u00e1 elevada al Ministerio de la Producci\u00f3n\u00a0de la Provincia de Santa Fe para la","robots":{"index":"index","follow":"follow","max-snippet":"max-snippet:-1","max-image-preview":"max-image-preview:large","max-video-preview":"max-video-preview:-1"},"canonical":"https:\/\/cmvsf2.org\/web\/2017\/11\/01\/padron-corresp-sanitarios\/","og_locale":"es_ES","og_type":"article","og_title":"Se conforma la n\u00f3mina del Padr\u00f3n de Corresponsables Sanitarios - Colegio De Veterinarios De Santa Fe 2da. Circunscripci\u00f3n","og_description":"Se conforma la n\u00f3mina del Padr\u00f3n de Corresponsables Sanitarios La misma ser\u00e1 elevada al Ministerio de la Producci\u00f3n\u00a0de la Provincia de Santa Fe para la","og_url":"https:\/\/cmvsf2.org\/web\/2017\/11\/01\/padron-corresp-sanitarios\/","og_site_name":"Colegio De Veterinarios De Santa Fe 2da. Circunscripci\u00f3n","article_published_time":"2017-11-01T16:02:08+00:00","og_image":[{"width":1024,"height":768,"url":"https:\/\/cmvsf2.org\/web\/wp-content\/uploads\/2017\/11\/jocorresp.-1-1.png","type":"image\/png"}],"author":"cmvsf2","twitter_card":"summary_large_image","twitter_misc":{"Escrito por":"cmvsf2","Tiempo de lectura":"2 minutos"},"schema":{"@context":"https:\/\/schema.org","@graph":[{"@type":"Article","@id":"https:\/\/cmvsf2.org\/web\/2017\/11\/01\/padron-corresp-sanitarios\/#article","isPartOf":{"@id":"https:\/\/cmvsf2.org\/web\/2017\/11\/01\/padron-corresp-sanitarios\/"},"author":{"name":"cmvsf2","@id":"https:\/\/cmvsf2.org\/web\/#\/schema\/person\/46ea3630099a4a3df8d89f07cf5f7520"},"headline":"Se conforma la n\u00f3mina del Padr\u00f3n de Corresponsables Sanitarios","datePublished":"2017-11-01T16:02:08+00:00","mainEntityOfPage":{"@id":"https:\/\/cmvsf2.org\/web\/2017\/11\/01\/padron-corresp-sanitarios\/"},"wordCount":487,"commentCount":0,"publisher":{"@id":"https:\/\/cmvsf2.org\/web\/#organization"},"image":{"@id":"https:\/\/cmvsf2.org\/web\/2017\/11\/01\/padron-corresp-sanitarios\/#primaryimage"},"thumbnailUrl":"https:\/\/cmvsf2.org\/web\/wp-content\/uploads\/2017\/11\/jocorresp.-1-1.png","inLanguage":"es"},{"@type":"WebPage","@id":"https:\/\/cmvsf2.org\/web\/2017\/11\/01\/padron-corresp-sanitarios\/","url":"https:\/\/cmvsf2.org\/web\/2017\/11\/01\/padron-corresp-sanitarios\/","name":"Se conforma la n\u00f3mina del Padr\u00f3n de Corresponsables Sanitarios - Colegio De Veterinarios De Santa Fe 2da. Circunscripci\u00f3n","isPartOf":{"@id":"https:\/\/cmvsf2.org\/web\/#website"},"primaryImageOfPage":{"@id":"https:\/\/cmvsf2.org\/web\/2017\/11\/01\/padron-corresp-sanitarios\/#primaryimage"},"image":{"@id":"https:\/\/cmvsf2.org\/web\/2017\/11\/01\/padron-corresp-sanitarios\/#primaryimage"},"thumbnailUrl":"https:\/\/cmvsf2.org\/web\/wp-content\/uploads\/2017\/11\/jocorresp.-1-1.png","datePublished":"2017-11-01T16:02:08+00:00","description":"Se conforma la n\u00f3mina del Padr\u00f3n de Corresponsables Sanitarios La misma ser\u00e1 elevada al Ministerio de la Producci\u00f3n\u00a0de la Provincia de Santa Fe para la","breadcrumb":{"@id":"https:\/\/cmvsf2.org\/web\/2017\/11\/01\/padron-corresp-sanitarios\/#breadcrumb"},"inLanguage":"es","potentialAction":[{"@type":"ReadAction","target":["https:\/\/cmvsf2.org\/web\/2017\/11\/01\/padron-corresp-sanitarios\/"]}]},{"@type":"ImageObject","inLanguage":"es","@id":"https:\/\/cmvsf2.org\/web\/2017\/11\/01\/padron-corresp-sanitarios\/#primaryimage","url":"https:\/\/cmvsf2.org\/web\/wp-content\/uploads\/2017\/11\/jocorresp.-1-1.png","contentUrl":"https:\/\/cmvsf2.org\/web\/wp-content\/uploads\/2017\/11\/jocorresp.-1-1.png","width":1024,"height":768},{"@type":"BreadcrumbList","@id":"https:\/\/cmvsf2.org\/web\/2017\/11\/01\/padron-corresp-sanitarios\/#breadcrumb","itemListElement":[{"@type":"ListItem","position":1,"name":"Portada","item":"https:\/\/cmvsf2.org\/web\/"},{"@type":"ListItem","position":2,"name":"Se conforma la n\u00f3mina del Padr\u00f3n de Corresponsables Sanitarios"}]},{"@type":"WebSite","@id":"https:\/\/cmvsf2.org\/web\/#website","url":"https:\/\/cmvsf2.org\/web\/","name":"Colegio De Veterinarios De Santa Fe 2da. Circunscripci\u00f3n","description":"Sitio institucional del Colegio de M\u00e9dicos Veterinario de Santa Fe 2da. Circunscripci\u00f3n","publisher":{"@id":"https:\/\/cmvsf2.org\/web\/#organization"},"potentialAction":[{"@type":"SearchAction","target":{"@type":"EntryPoint","urlTemplate":"https:\/\/cmvsf2.org\/web\/?s={search_term_string}"},"query-input":{"@type":"PropertyValueSpecification","valueRequired":true,"valueName":"search_term_string"}}],"inLanguage":"es"},{"@type":"Organization","@id":"https:\/\/cmvsf2.org\/web\/#organization","name":"Colegio De Veterinarios De Santa Fe 2da. Circunscripci\u00f3n","url":"https:\/\/cmvsf2.org\/web\/","logo":{"@type":"ImageObject","inLanguage":"es","@id":"https:\/\/cmvsf2.org\/web\/#\/schema\/logo\/image\/","url":"http:\/\/cmvsf2.org\/web\/wp-content\/uploads\/2020\/03\/vector-logo-02.png","contentUrl":"http:\/\/cmvsf2.org\/web\/wp-content\/uploads\/2020\/03\/vector-logo-02.png","width":2750,"height":642,"caption":"Colegio De Veterinarios De Santa Fe 2da. Circunscripci\u00f3n"},"image":{"@id":"https:\/\/cmvsf2.org\/web\/#\/schema\/logo\/image\/"}},{"@type":"Person","@id":"https:\/\/cmvsf2.org\/web\/#\/schema\/person\/46ea3630099a4a3df8d89f07cf5f7520","name":"cmvsf2","image":{"@type":"ImageObject","inLanguage":"es","@id":"https:\/\/secure.gravatar.com\/avatar\/669647b61c77f28f1aa51df04174a5ecb296e9988b4a93d2870666cd1f502cd7?s=96&d=mm&r=g","url":"https:\/\/secure.gravatar.com\/avatar\/669647b61c77f28f1aa51df04174a5ecb296e9988b4a93d2870666cd1f502cd7?s=96&d=mm&r=g","contentUrl":"https:\/\/secure.gravatar.com\/avatar\/669647b61c77f28f1aa51df04174a5ecb296e9988b4a93d2870666cd1f502cd7?s=96&d=mm&r=g","caption":"cmvsf2"}}]}},"_links":{"self":[{"href":"https:\/\/cmvsf2.org\/web\/wp-json\/wp\/v2\/posts\/4769","targetHints":{"allow":["GET"]}}],"collection":[{"href":"https:\/\/cmvsf2.org\/web\/wp-json\/wp\/v2\/posts"}],"about":[{"href":"https:\/\/cmvsf2.org\/web\/wp-json\/wp\/v2\/types\/post"}],"author":[{"embeddable":true,"href":"https:\/\/cmvsf2.org\/web\/wp-json\/wp\/v2\/users\/3"}],"replies":[{"embeddable":true,"href":"https:\/\/cmvsf2.org\/web\/wp-json\/wp\/v2\/comments?post=4769"}],"version-history":[{"count":0,"href":"https:\/\/cmvsf2.org\/web\/wp-json\/wp\/v2\/posts\/4769\/revisions"}],"wp:featuredmedia":[{"embeddable":true,"href":"https:\/\/cmvsf2.org\/web\/wp-json\/wp\/v2\/media\/4784"}],"wp:attachment":[{"href":"https:\/\/cmvsf2.org\/web\/wp-json\/wp\/v2\/media?parent=4769"}],"wp:term":[{"taxonomy":"category","embeddable":true,"href":"https:\/\/cmvsf2.org\/web\/wp-json\/wp\/v2\/categories?post=4769"},{"taxonomy":"post_tag","embeddable":true,"href":"https:\/\/cmvsf2.org\/web\/wp-json\/wp\/v2\/tags?post=4769"}],"curies":[{"name":"wp","href":"https:\/\/api.w.org\/{rel}","templated":true}]}}