{"id":4551,"date":"2017-09-19T16:02:27","date_gmt":"2017-09-19T16:02:27","guid":{"rendered":"http:\/\/sessionstudio.ar\/vet\/web\/?p=4551"},"modified":"2017-09-19T16:02:27","modified_gmt":"2017-09-19T16:02:27","slug":"cumplimiento-las-resoluciones-ministeriales-xxiii-jornada-corresponsables-sanitarios","status":"publish","type":"post","link":"https:\/\/cmvsf2.org\/web\/2017\/09\/19\/cumplimiento-las-resoluciones-ministeriales-xxiii-jornada-corresponsables-sanitarios\/","title":{"rendered":"Cumplimiento de las Resoluciones Ministeriales &#8211; XXIII Jornada de Corresponsables Sanitarios"},"content":{"rendered":"<div class=\"wpb-content-wrapper\"><p>[vc_row][vc_column][vc_column_text]<\/p>\n<h2>XXIII JORNADAS DE FORMACI\u00d3N CONTINUA PARA\u00a0CORRESPONSABLES SANITARIOS<\/h2>\n<h3>Cumplimiento de las Resoluciones Ministeriales<\/h3>\n<p><span style=\"font-weight: 400;\">A partir del Decreto N\u00b0 0687 del 10 de marzo de 2015, por el cual el gobierno de la Provincia de Santa Fe reconoce el <\/span><b>Sistema Sanitario Productivo y Participativo<\/b><span style=\"font-weight: 400;\"> en el territorio provincial; y el dictado de la Resoluci\u00f3n N\u00b0 004 del Ministerio de la Producci\u00f3n del 18 de enero de 2016, que establece la actividad de los <\/span><b>Corresponsables Sanitarios,<\/b><span style=\"font-weight: 400;\"> como de caracter\u00edsticas t\u00e9cnicas y cient\u00edficas de desarrollo. As\u00ed mismo, se exigen condiciones de perfeccionamiento constante, cumplimiento de obligaciones y apertura de registros para los corresponsables.<\/span><br \/>\n<span style=\"font-weight: 400;\">Los mencionados registros estar\u00e1n conformados siguiendo el control en la acreditaci\u00f3n de la formaci\u00f3n continua, actividad que recae en el Colegio de M\u00e9dicos Veterinarios.<\/span><br \/>\n<span style=\"color: #000080;\"><span style=\"font-weight: 400;\">En funci\u00f3n a ello, y como hemos comunicado en anteriores oportunidades por esta v\u00eda y en las Jornadas de Corresponsables Sanitarios, las <\/span><b>XXIII Jornadas de Formaci\u00f3n Continua de los d\u00edas 22 y 29 de setiembre de 2017<\/b><\/span><span style=\"font-weight: 400;\"><span style=\"color: #000080;\"> a llevarse a cabo en las localidades de Venado Tuerto y Rosario respectivamente, <\/span><strong><span style=\"color: #000080;\">\u00a0son las \u00faltimas comprendidas en los plazos establecidos para cumplimentar con el 75% de asistencia.<\/span> \u00a0<\/strong><\/span><br \/>\n<span style=\"font-weight: 400;\">Recordamos que en los a\u00f1os 2016 y 2017 (incluyendo esta \u00faltima a dictarse), el Colegio ofreci\u00f3 4 (cuatro) jornadas en total, de las cuales deber\u00e1 tenerse cumplimentado el 75% de asistencia.<\/span><br \/>\n<span style=\"font-weight: 400;\">Por cualquier duda sobre el particular solicitamos comunicarse con el Colegio.<\/span><br \/>\n[\/vc_column_text][vc_message message_box_color=\u00bbpink\u00bb icon_fontawesome=\u00bbfa fa-file-text\u00bb]<a href=\"https:\/\/cmvsf2.org\/web\/wp-content\/uploads\/2017\/08\/xxiii-corresponsables-1-1.pdf\">Click aqu\u00ed para descargar programa en .PDF<\/a>[\/vc_message][vc_single_image image=\u00bb4407&#8243; img_size=\u00bblarge\u00bb][\/vc_column][\/vc_row]<\/p>\n<\/div>","protected":false},"excerpt":{"rendered":"<p>[vc_row][vc_column][vc_column_text] XXIII JORNADAS DE FORMACI\u00d3N CONTINUA PARA\u00a0CORRESPONSABLES SANITARIOS Cumplimiento de las Resoluciones Ministeriales A partir del Decreto N\u00b0 0687 del 10 de marzo de 2015, por el cual el gobierno de la Provincia de Santa Fe reconoce el Sistema Sanitario Productivo y Participativo en el territorio provincial; y el dictado de la Resoluci\u00f3n N\u00b0 004 del Ministerio de la Producci\u00f3n del 18 de enero [&hellip;]<\/p>\n","protected":false},"author":3,"featured_media":4408,"comment_status":"open","ping_status":"closed","sticky":false,"template":"","format":"standard","meta":{"_acf_changed":false,"footnotes":""},"categories":[38],"tags":[],"class_list":["post-4551","post","type-post","status-publish","format-standard","has-post-thumbnail","hentry","category-noticias-del-sector"],"acf":[],"yoast_head":"<!-- This site is optimized with the Yoast SEO plugin v28.2 - https:\/\/yoast.com\/product\/yoast-seo-wordpress\/ -->\n<title>Cumplimiento de las Resoluciones Ministeriales - XXIII Jornada de Corresponsables Sanitarios - Colegio De Veterinarios De Santa Fe 2da. Circunscripci\u00f3n<\/title>\n<meta name=\"description\" content=\"XXIII JORNADAS CORRESPONSABLES SANITARIOS | 22 de sept, Chacabuco y Av. Cassey Venado Tuerto | 29 de sept, Mitre 1132 \u2013 Rosario\" \/>\n<meta name=\"robots\" content=\"index, follow, max-snippet:-1, max-image-preview:large, max-video-preview:-1\" \/>\n<link rel=\"canonical\" href=\"https:\/\/cmvsf2.org\/web\/2017\/09\/19\/cumplimiento-las-resoluciones-ministeriales-xxiii-jornada-corresponsables-sanitarios\/\" \/>\n<meta property=\"og:locale\" content=\"es_ES\" \/>\n<meta property=\"og:type\" content=\"article\" \/>\n<meta property=\"og:title\" content=\"Cumplimiento de las Resoluciones Ministeriales - XXIII Jornada de Corresponsables Sanitarios - Colegio De Veterinarios De Santa Fe 2da. Circunscripci\u00f3n\" \/>\n<meta property=\"og:description\" content=\"XXIII JORNADAS CORRESPONSABLES SANITARIOS | 22 de sept, Chacabuco y Av. Cassey Venado Tuerto | 29 de sept, Mitre 1132 \u2013 Rosario\" \/>\n<meta property=\"og:url\" content=\"https:\/\/cmvsf2.org\/web\/2017\/09\/19\/cumplimiento-las-resoluciones-ministeriales-xxiii-jornada-corresponsables-sanitarios\/\" \/>\n<meta property=\"og:site_name\" content=\"Colegio De Veterinarios De Santa Fe 2da. Circunscripci\u00f3n\" \/>\n<meta property=\"article:published_time\" content=\"2017-09-19T16:02:27+00:00\" \/>\n<meta property=\"og:image\" content=\"https:\/\/cmvsf2.org\/web\/wp-content\/uploads\/2017\/08\/xxiii-corresponsables-1.jpg\" \/>\n\t<meta property=\"og:image:width\" content=\"794\" \/>\n\t<meta property=\"og:image:height\" content=\"1123\" \/>\n\t<meta property=\"og:image:type\" content=\"image\/jpeg\" \/>\n<meta name=\"author\" content=\"cmvsf2\" \/>\n<meta name=\"twitter:card\" content=\"summary_large_image\" \/>\n<meta name=\"twitter:label1\" content=\"Escrito por\" \/>\n\t<meta name=\"twitter:data1\" content=\"cmvsf2\" \/>\n\t<meta name=\"twitter:label2\" content=\"Tiempo de lectura\" \/>\n\t<meta name=\"twitter:data2\" content=\"1 minuto\" \/>\n<script type=\"application\/ld+json\" class=\"yoast-schema-graph\">{\"@context\":\"https:\\\/\\\/schema.org\",\"@graph\":[{\"@type\":\"Article\",\"@id\":\"https:\\\/\\\/cmvsf2.org\\\/web\\\/2017\\\/09\\\/19\\\/cumplimiento-las-resoluciones-ministeriales-xxiii-jornada-corresponsables-sanitarios\\\/#article\",\"isPartOf\":{\"@id\":\"https:\\\/\\\/cmvsf2.org\\\/web\\\/2017\\\/09\\\/19\\\/cumplimiento-las-resoluciones-ministeriales-xxiii-jornada-corresponsables-sanitarios\\\/\"},\"author\":{\"name\":\"cmvsf2\",\"@id\":\"https:\\\/\\\/cmvsf2.org\\\/web\\\/#\\\/schema\\\/person\\\/46ea3630099a4a3df8d89f07cf5f7520\"},\"headline\":\"Cumplimiento de las Resoluciones Ministeriales &#8211; XXIII Jornada de Corresponsables Sanitarios\",\"datePublished\":\"2017-09-19T16:02:27+00:00\",\"mainEntityOfPage\":{\"@id\":\"https:\\\/\\\/cmvsf2.org\\\/web\\\/2017\\\/09\\\/19\\\/cumplimiento-las-resoluciones-ministeriales-xxiii-jornada-corresponsables-sanitarios\\\/\"},\"wordCount\":283,\"commentCount\":0,\"publisher\":{\"@id\":\"https:\\\/\\\/cmvsf2.org\\\/web\\\/#organization\"},\"image\":{\"@id\":\"https:\\\/\\\/cmvsf2.org\\\/web\\\/2017\\\/09\\\/19\\\/cumplimiento-las-resoluciones-ministeriales-xxiii-jornada-corresponsables-sanitarios\\\/#primaryimage\"},\"thumbnailUrl\":\"https:\\\/\\\/cmvsf2.org\\\/web\\\/wp-content\\\/uploads\\\/2017\\\/08\\\/xxiii-corresponsables-1.jpg\",\"articleSection\":[\"Noticias del sector\"],\"inLanguage\":\"es\"},{\"@type\":\"WebPage\",\"@id\":\"https:\\\/\\\/cmvsf2.org\\\/web\\\/2017\\\/09\\\/19\\\/cumplimiento-las-resoluciones-ministeriales-xxiii-jornada-corresponsables-sanitarios\\\/\",\"url\":\"https:\\\/\\\/cmvsf2.org\\\/web\\\/2017\\\/09\\\/19\\\/cumplimiento-las-resoluciones-ministeriales-xxiii-jornada-corresponsables-sanitarios\\\/\",\"name\":\"Cumplimiento de las Resoluciones Ministeriales - XXIII Jornada de Corresponsables Sanitarios - Colegio De Veterinarios De Santa Fe 2da. Circunscripci\u00f3n\",\"isPartOf\":{\"@id\":\"https:\\\/\\\/cmvsf2.org\\\/web\\\/#website\"},\"primaryImageOfPage\":{\"@id\":\"https:\\\/\\\/cmvsf2.org\\\/web\\\/2017\\\/09\\\/19\\\/cumplimiento-las-resoluciones-ministeriales-xxiii-jornada-corresponsables-sanitarios\\\/#primaryimage\"},\"image\":{\"@id\":\"https:\\\/\\\/cmvsf2.org\\\/web\\\/2017\\\/09\\\/19\\\/cumplimiento-las-resoluciones-ministeriales-xxiii-jornada-corresponsables-sanitarios\\\/#primaryimage\"},\"thumbnailUrl\":\"https:\\\/\\\/cmvsf2.org\\\/web\\\/wp-content\\\/uploads\\\/2017\\\/08\\\/xxiii-corresponsables-1.jpg\",\"datePublished\":\"2017-09-19T16:02:27+00:00\",\"description\":\"XXIII JORNADAS CORRESPONSABLES SANITARIOS | 22 de sept, Chacabuco y Av. Cassey Venado Tuerto | 29 de sept, Mitre 1132 \u2013 Rosario\",\"breadcrumb\":{\"@id\":\"https:\\\/\\\/cmvsf2.org\\\/web\\\/2017\\\/09\\\/19\\\/cumplimiento-las-resoluciones-ministeriales-xxiii-jornada-corresponsables-sanitarios\\\/#breadcrumb\"},\"inLanguage\":\"es\",\"potentialAction\":[{\"@type\":\"ReadAction\",\"target\":[\"https:\\\/\\\/cmvsf2.org\\\/web\\\/2017\\\/09\\\/19\\\/cumplimiento-las-resoluciones-ministeriales-xxiii-jornada-corresponsables-sanitarios\\\/\"]}]},{\"@type\":\"ImageObject\",\"inLanguage\":\"es\",\"@id\":\"https:\\\/\\\/cmvsf2.org\\\/web\\\/2017\\\/09\\\/19\\\/cumplimiento-las-resoluciones-ministeriales-xxiii-jornada-corresponsables-sanitarios\\\/#primaryimage\",\"url\":\"https:\\\/\\\/cmvsf2.org\\\/web\\\/wp-content\\\/uploads\\\/2017\\\/08\\\/xxiii-corresponsables-1.jpg\",\"contentUrl\":\"https:\\\/\\\/cmvsf2.org\\\/web\\\/wp-content\\\/uploads\\\/2017\\\/08\\\/xxiii-corresponsables-1.jpg\",\"width\":794,\"height\":1123},{\"@type\":\"BreadcrumbList\",\"@id\":\"https:\\\/\\\/cmvsf2.org\\\/web\\\/2017\\\/09\\\/19\\\/cumplimiento-las-resoluciones-ministeriales-xxiii-jornada-corresponsables-sanitarios\\\/#breadcrumb\",\"itemListElement\":[{\"@type\":\"ListItem\",\"position\":1,\"name\":\"Portada\",\"item\":\"https:\\\/\\\/cmvsf2.org\\\/web\\\/\"},{\"@type\":\"ListItem\",\"position\":2,\"name\":\"Cumplimiento de las Resoluciones Ministeriales &#8211; XXIII Jornada de Corresponsables Sanitarios\"}]},{\"@type\":\"WebSite\",\"@id\":\"https:\\\/\\\/cmvsf2.org\\\/web\\\/#website\",\"url\":\"https:\\\/\\\/cmvsf2.org\\\/web\\\/\",\"name\":\"Colegio De Veterinarios De Santa Fe 2da. Circunscripci\u00f3n\",\"description\":\"Sitio institucional del Colegio de M\u00e9dicos Veterinario de Santa Fe 2da. Circunscripci\u00f3n\",\"publisher\":{\"@id\":\"https:\\\/\\\/cmvsf2.org\\\/web\\\/#organization\"},\"potentialAction\":[{\"@type\":\"SearchAction\",\"target\":{\"@type\":\"EntryPoint\",\"urlTemplate\":\"https:\\\/\\\/cmvsf2.org\\\/web\\\/?s={search_term_string}\"},\"query-input\":{\"@type\":\"PropertyValueSpecification\",\"valueRequired\":true,\"valueName\":\"search_term_string\"}}],\"inLanguage\":\"es\"},{\"@type\":\"Organization\",\"@id\":\"https:\\\/\\\/cmvsf2.org\\\/web\\\/#organization\",\"name\":\"Colegio De Veterinarios De Santa Fe 2da. Circunscripci\u00f3n\",\"url\":\"https:\\\/\\\/cmvsf2.org\\\/web\\\/\",\"logo\":{\"@type\":\"ImageObject\",\"inLanguage\":\"es\",\"@id\":\"https:\\\/\\\/cmvsf2.org\\\/web\\\/#\\\/schema\\\/logo\\\/image\\\/\",\"url\":\"http:\\\/\\\/cmvsf2.org\\\/web\\\/wp-content\\\/uploads\\\/2020\\\/03\\\/vector-logo-02.png\",\"contentUrl\":\"http:\\\/\\\/cmvsf2.org\\\/web\\\/wp-content\\\/uploads\\\/2020\\\/03\\\/vector-logo-02.png\",\"width\":2750,\"height\":642,\"caption\":\"Colegio De Veterinarios De Santa Fe 2da. Circunscripci\u00f3n\"},\"image\":{\"@id\":\"https:\\\/\\\/cmvsf2.org\\\/web\\\/#\\\/schema\\\/logo\\\/image\\\/\"}},{\"@type\":\"Person\",\"@id\":\"https:\\\/\\\/cmvsf2.org\\\/web\\\/#\\\/schema\\\/person\\\/46ea3630099a4a3df8d89f07cf5f7520\",\"name\":\"cmvsf2\",\"image\":{\"@type\":\"ImageObject\",\"inLanguage\":\"es\",\"@id\":\"https:\\\/\\\/secure.gravatar.com\\\/avatar\\\/669647b61c77f28f1aa51df04174a5ecb296e9988b4a93d2870666cd1f502cd7?s=96&d=mm&r=g\",\"url\":\"https:\\\/\\\/secure.gravatar.com\\\/avatar\\\/669647b61c77f28f1aa51df04174a5ecb296e9988b4a93d2870666cd1f502cd7?s=96&d=mm&r=g\",\"contentUrl\":\"https:\\\/\\\/secure.gravatar.com\\\/avatar\\\/669647b61c77f28f1aa51df04174a5ecb296e9988b4a93d2870666cd1f502cd7?s=96&d=mm&r=g\",\"caption\":\"cmvsf2\"}}]}<\/script>\n<!-- \/ Yoast SEO plugin. -->","yoast_head_json":{"title":"Cumplimiento de las Resoluciones Ministeriales - XXIII Jornada de Corresponsables Sanitarios - Colegio De Veterinarios De Santa Fe 2da. Circunscripci\u00f3n","description":"XXIII JORNADAS CORRESPONSABLES SANITARIOS | 22 de sept, Chacabuco y Av. Cassey Venado Tuerto | 29 de sept, Mitre 1132 \u2013 Rosario","robots":{"index":"index","follow":"follow","max-snippet":"max-snippet:-1","max-image-preview":"max-image-preview:large","max-video-preview":"max-video-preview:-1"},"canonical":"https:\/\/cmvsf2.org\/web\/2017\/09\/19\/cumplimiento-las-resoluciones-ministeriales-xxiii-jornada-corresponsables-sanitarios\/","og_locale":"es_ES","og_type":"article","og_title":"Cumplimiento de las Resoluciones Ministeriales - XXIII Jornada de Corresponsables Sanitarios - Colegio De Veterinarios De Santa Fe 2da. Circunscripci\u00f3n","og_description":"XXIII JORNADAS CORRESPONSABLES SANITARIOS | 22 de sept, Chacabuco y Av. Cassey Venado Tuerto | 29 de sept, Mitre 1132 \u2013 Rosario","og_url":"https:\/\/cmvsf2.org\/web\/2017\/09\/19\/cumplimiento-las-resoluciones-ministeriales-xxiii-jornada-corresponsables-sanitarios\/","og_site_name":"Colegio De Veterinarios De Santa Fe 2da. Circunscripci\u00f3n","article_published_time":"2017-09-19T16:02:27+00:00","og_image":[{"width":794,"height":1123,"url":"https:\/\/cmvsf2.org\/web\/wp-content\/uploads\/2017\/08\/xxiii-corresponsables-1.jpg","type":"image\/jpeg"}],"author":"cmvsf2","twitter_card":"summary_large_image","twitter_misc":{"Escrito por":"cmvsf2","Tiempo de lectura":"1 minuto"},"schema":{"@context":"https:\/\/schema.org","@graph":[{"@type":"Article","@id":"https:\/\/cmvsf2.org\/web\/2017\/09\/19\/cumplimiento-las-resoluciones-ministeriales-xxiii-jornada-corresponsables-sanitarios\/#article","isPartOf":{"@id":"https:\/\/cmvsf2.org\/web\/2017\/09\/19\/cumplimiento-las-resoluciones-ministeriales-xxiii-jornada-corresponsables-sanitarios\/"},"author":{"name":"cmvsf2","@id":"https:\/\/cmvsf2.org\/web\/#\/schema\/person\/46ea3630099a4a3df8d89f07cf5f7520"},"headline":"Cumplimiento de las Resoluciones Ministeriales &#8211; XXIII Jornada de Corresponsables Sanitarios","datePublished":"2017-09-19T16:02:27+00:00","mainEntityOfPage":{"@id":"https:\/\/cmvsf2.org\/web\/2017\/09\/19\/cumplimiento-las-resoluciones-ministeriales-xxiii-jornada-corresponsables-sanitarios\/"},"wordCount":283,"commentCount":0,"publisher":{"@id":"https:\/\/cmvsf2.org\/web\/#organization"},"image":{"@id":"https:\/\/cmvsf2.org\/web\/2017\/09\/19\/cumplimiento-las-resoluciones-ministeriales-xxiii-jornada-corresponsables-sanitarios\/#primaryimage"},"thumbnailUrl":"https:\/\/cmvsf2.org\/web\/wp-content\/uploads\/2017\/08\/xxiii-corresponsables-1.jpg","articleSection":["Noticias del sector"],"inLanguage":"es"},{"@type":"WebPage","@id":"https:\/\/cmvsf2.org\/web\/2017\/09\/19\/cumplimiento-las-resoluciones-ministeriales-xxiii-jornada-corresponsables-sanitarios\/","url":"https:\/\/cmvsf2.org\/web\/2017\/09\/19\/cumplimiento-las-resoluciones-ministeriales-xxiii-jornada-corresponsables-sanitarios\/","name":"Cumplimiento de las Resoluciones Ministeriales - XXIII Jornada de Corresponsables Sanitarios - Colegio De Veterinarios De Santa Fe 2da. Circunscripci\u00f3n","isPartOf":{"@id":"https:\/\/cmvsf2.org\/web\/#website"},"primaryImageOfPage":{"@id":"https:\/\/cmvsf2.org\/web\/2017\/09\/19\/cumplimiento-las-resoluciones-ministeriales-xxiii-jornada-corresponsables-sanitarios\/#primaryimage"},"image":{"@id":"https:\/\/cmvsf2.org\/web\/2017\/09\/19\/cumplimiento-las-resoluciones-ministeriales-xxiii-jornada-corresponsables-sanitarios\/#primaryimage"},"thumbnailUrl":"https:\/\/cmvsf2.org\/web\/wp-content\/uploads\/2017\/08\/xxiii-corresponsables-1.jpg","datePublished":"2017-09-19T16:02:27+00:00","description":"XXIII JORNADAS CORRESPONSABLES SANITARIOS | 22 de sept, Chacabuco y Av. Cassey Venado Tuerto | 29 de sept, Mitre 1132 \u2013 Rosario","breadcrumb":{"@id":"https:\/\/cmvsf2.org\/web\/2017\/09\/19\/cumplimiento-las-resoluciones-ministeriales-xxiii-jornada-corresponsables-sanitarios\/#breadcrumb"},"inLanguage":"es","potentialAction":[{"@type":"ReadAction","target":["https:\/\/cmvsf2.org\/web\/2017\/09\/19\/cumplimiento-las-resoluciones-ministeriales-xxiii-jornada-corresponsables-sanitarios\/"]}]},{"@type":"ImageObject","inLanguage":"es","@id":"https:\/\/cmvsf2.org\/web\/2017\/09\/19\/cumplimiento-las-resoluciones-ministeriales-xxiii-jornada-corresponsables-sanitarios\/#primaryimage","url":"https:\/\/cmvsf2.org\/web\/wp-content\/uploads\/2017\/08\/xxiii-corresponsables-1.jpg","contentUrl":"https:\/\/cmvsf2.org\/web\/wp-content\/uploads\/2017\/08\/xxiii-corresponsables-1.jpg","width":794,"height":1123},{"@type":"BreadcrumbList","@id":"https:\/\/cmvsf2.org\/web\/2017\/09\/19\/cumplimiento-las-resoluciones-ministeriales-xxiii-jornada-corresponsables-sanitarios\/#breadcrumb","itemListElement":[{"@type":"ListItem","position":1,"name":"Portada","item":"https:\/\/cmvsf2.org\/web\/"},{"@type":"ListItem","position":2,"name":"Cumplimiento de las Resoluciones Ministeriales &#8211; XXIII Jornada de Corresponsables Sanitarios"}]},{"@type":"WebSite","@id":"https:\/\/cmvsf2.org\/web\/#website","url":"https:\/\/cmvsf2.org\/web\/","name":"Colegio De Veterinarios De Santa Fe 2da. Circunscripci\u00f3n","description":"Sitio institucional del Colegio de M\u00e9dicos Veterinario de Santa Fe 2da. Circunscripci\u00f3n","publisher":{"@id":"https:\/\/cmvsf2.org\/web\/#organization"},"potentialAction":[{"@type":"SearchAction","target":{"@type":"EntryPoint","urlTemplate":"https:\/\/cmvsf2.org\/web\/?s={search_term_string}"},"query-input":{"@type":"PropertyValueSpecification","valueRequired":true,"valueName":"search_term_string"}}],"inLanguage":"es"},{"@type":"Organization","@id":"https:\/\/cmvsf2.org\/web\/#organization","name":"Colegio De Veterinarios De Santa Fe 2da. Circunscripci\u00f3n","url":"https:\/\/cmvsf2.org\/web\/","logo":{"@type":"ImageObject","inLanguage":"es","@id":"https:\/\/cmvsf2.org\/web\/#\/schema\/logo\/image\/","url":"http:\/\/cmvsf2.org\/web\/wp-content\/uploads\/2020\/03\/vector-logo-02.png","contentUrl":"http:\/\/cmvsf2.org\/web\/wp-content\/uploads\/2020\/03\/vector-logo-02.png","width":2750,"height":642,"caption":"Colegio De Veterinarios De Santa Fe 2da. Circunscripci\u00f3n"},"image":{"@id":"https:\/\/cmvsf2.org\/web\/#\/schema\/logo\/image\/"}},{"@type":"Person","@id":"https:\/\/cmvsf2.org\/web\/#\/schema\/person\/46ea3630099a4a3df8d89f07cf5f7520","name":"cmvsf2","image":{"@type":"ImageObject","inLanguage":"es","@id":"https:\/\/secure.gravatar.com\/avatar\/669647b61c77f28f1aa51df04174a5ecb296e9988b4a93d2870666cd1f502cd7?s=96&d=mm&r=g","url":"https:\/\/secure.gravatar.com\/avatar\/669647b61c77f28f1aa51df04174a5ecb296e9988b4a93d2870666cd1f502cd7?s=96&d=mm&r=g","contentUrl":"https:\/\/secure.gravatar.com\/avatar\/669647b61c77f28f1aa51df04174a5ecb296e9988b4a93d2870666cd1f502cd7?s=96&d=mm&r=g","caption":"cmvsf2"}}]}},"_links":{"self":[{"href":"https:\/\/cmvsf2.org\/web\/wp-json\/wp\/v2\/posts\/4551","targetHints":{"allow":["GET"]}}],"collection":[{"href":"https:\/\/cmvsf2.org\/web\/wp-json\/wp\/v2\/posts"}],"about":[{"href":"https:\/\/cmvsf2.org\/web\/wp-json\/wp\/v2\/types\/post"}],"author":[{"embeddable":true,"href":"https:\/\/cmvsf2.org\/web\/wp-json\/wp\/v2\/users\/3"}],"replies":[{"embeddable":true,"href":"https:\/\/cmvsf2.org\/web\/wp-json\/wp\/v2\/comments?post=4551"}],"version-history":[{"count":0,"href":"https:\/\/cmvsf2.org\/web\/wp-json\/wp\/v2\/posts\/4551\/revisions"}],"wp:featuredmedia":[{"embeddable":true,"href":"https:\/\/cmvsf2.org\/web\/wp-json\/wp\/v2\/media\/4408"}],"wp:attachment":[{"href":"https:\/\/cmvsf2.org\/web\/wp-json\/wp\/v2\/media?parent=4551"}],"wp:term":[{"taxonomy":"category","embeddable":true,"href":"https:\/\/cmvsf2.org\/web\/wp-json\/wp\/v2\/categories?post=4551"},{"taxonomy":"post_tag","embeddable":true,"href":"https:\/\/cmvsf2.org\/web\/wp-json\/wp\/v2\/tags?post=4551"}],"curies":[{"name":"wp","href":"https:\/\/api.w.org\/{rel}","templated":true}]}}