{"id":4444,"date":"2017-09-04T18:27:28","date_gmt":"2017-09-04T18:27:28","guid":{"rendered":"http:\/\/sessionstudio.ar\/vet\/web\/?p=4444"},"modified":"2017-09-04T18:27:28","modified_gmt":"2017-09-04T18:27:28","slug":"importacion-cerdos-faa","status":"publish","type":"post","link":"https:\/\/cmvsf2.org\/web\/2017\/09\/04\/importacion-cerdos-faa\/","title":{"rendered":"Reuni\u00f3n en la Federaci\u00f3n Agraria Argentina sobre la importaci\u00f3n de cerdos"},"content":{"rendered":"<div class=\"page-wrapper page-article wrapper-suplement-article-rosario12\">\n<article data-count-view=\"false\">\n<div class=\"article\">\n<div class=\"article-header wrapper\">\n<div class=\"row row--full-width\">\n<div class=\"columns relative medium-12 large-8 xlarge-offset-2 xlarge-7 padding-right columns--no-padding-sm\">\n<div class=\"article-info\">\n<div class=\"breadcrumb\">\n<h6 class=\"suplement\"><a href=\"https:\/\/www.pagina12.com.ar\/suplementos\/rosario12\/notas\">ROSARIO12<\/a><br \/>\n01 de septiembre de 2017<\/h6>\n<\/div>\n<\/div>\n<div class=\"article-titles\">\n<h5 class=\"article-prefix\">Reuni\u00f3n de productores porcinos, Federaci\u00f3n Agraria y ministros de la Producci\u00f3n<\/h5>\n<h2 class=\"article-title\"><a href=\"https:\/\/www.pagina12.com.ar\/60077-estan-en-peligro-40-mil-puestos-de-trabajo-en-el-pais?mkt_hm=11&amp;utm_source=email_marketing&amp;utm_admin=66218&amp;utm_medium=email&amp;utm_campaign=REPERCUSIONES_DE_LA_REUNIN_POR_IMPORTACIN_DE_CERDO\">Est\u00e1n en peligro 40 mil puestos de trabajo en el pa\u00eds<\/a><\/h2>\n<\/div>\n<div class=\"article-main-media\">\u00a0Productores porcinos de todo el pa\u00eds se reunieron ayer en Rosario con ministros de la Regi\u00f3n Centro. Convocados por Federaci\u00f3n Agraria Argentina (FAA), analizaron de manera conjunta el impacto del acuerdo firmado por el gobierno nacional para importar carne porcina de Estados Unidos. \u00abPeligran 40 mil puestos de trabajo en todo el pa\u00eds y adem\u00e1s se agudiza el riesgo sanitario\u00bb, advirti\u00f3 el titular de FAA, Omar Pr\u00edncipe, flanqueado por el ministro de la Producci\u00f3n, Luis Contigiani, su par de Entre R\u00edos, Carlos Schepens, y el ministro de Agricultura y Ganader\u00eda de C\u00f3rdoba, Sergio Busso. Tras el encuentro, productores y funcionarios adelantaron que gestionar\u00e1n reuniones con colegios veterinarios y universidades para reunir elementos que les permitan a las provincias tomar una decisi\u00f3n de barreras sanitarias, amparados por las constituciones provinciales, por el riesgo que implica un virus que afecta al rodeo porcino de Estados Unidos. \u00abEsperemos que el gobierno nacional de marcha atr\u00e1s en defensa de una producci\u00f3n que dio excelentes resultados\u00bb, dijo Contigiani.<\/div>\n<div class=\"article-body rosario12\">\n<div class=\"article-text\">\nSeg\u00fan datos del Observatorio de Importaciones, que integran equipos t\u00e9cnicos del Ministerio de la Producci\u00f3n y de la Federaci\u00f3n Industrial de Santa Fe (Fisfe), desde diciembre de 2015 hasta el 21 de julio de este a\u00f1o se import\u00f3 un 9.691 por ciento m\u00e1s de carr\u00e9 de cerdo, 667 por ciento de bondiola, y 683 por ciento de recortes de carne porcina, la mayor\u00eda procedente de Brasil y Dinamarca.<br \/>\nPara los productores porcinos era muy importante que los ministros de la Regi\u00f3n Centro los escuchen. En la reuni\u00f3n realizada ayer en la sede de FAA, de la que participaron integrantes de la comisi\u00f3n de cerdo y la cooperativa de carnes alternativas de la FAA, el Inta Marcos Ju\u00e1rez, directores y productores de cerdo de todo el pa\u00eds, representantes de AFA y Fecof\u00e9, entre otros, advirtieron sobre el impacto negativo de la apertura de importaciones de carne porcina desde Estados Unidos, decidida en 48 horas tras la visita del vicepresidente de ese pa\u00eds, Mike Pence.<br \/>\n\u00ab\u00bfQui\u00e9n est\u00e1 defendiendo el trabajo, la producci\u00f3n en Argentina?\u00bb, pregunt\u00f3 Pr\u00edncipe. Seg\u00fan el titular de FAA se perder\u00e1n 40 mil puestos de trabajo directos por la decisi\u00f3n del gobierno nacional que afecta a 180 frigor\u00edficos especializados en la producci\u00f3n de cerdo. Adem\u00e1s, plante\u00f3 la preocupaci\u00f3n por el riesgo sanitario que implica la medida. \u00abArgentina es uno de los pa\u00edses con mejor standard sanitario junto con Australia, a partir del gran esfuerzo que hicieron los productores en los \u00faltimos 20 a\u00f1os. Nos llama mucho la atenci\u00f3n que empez\u00f3 a importar carne de cerdo desde un pa\u00eds que tiene enfermedades que nosotros no tenemos\u00bb, ampli\u00f3 el titular de FAA.<br \/>\nPr\u00edncipe consider\u00f3 que entre las provincias que integran la Regi\u00f3n Centro se pueden articular acciones para atenuar el impacto, tras haber solicitado una audiencia al ministro de Agricultura de la Naci\u00f3n, Ricardo Buryaile. \u00abEs una se\u00f1al muy desfavorable que vayamos a traer alimentos de otros pa\u00edses cuando queremos ser el supermercado del mundo. Esperemos que se pueda dar marcha atr\u00e1s con esta decisi\u00f3n, y consensuar con todas las provincias involucradas una medida que incentive y promueva la producci\u00f3n de cerdo argentino\u00bb, agreg\u00f3.<br \/>\nContigiani precis\u00f3 que en la reuni\u00f3n analizaron barreras sanitarias para impedir el ingreso de carne porcina de Estados Unidos, afectada por el s\u00edndrome reproductorio respiratorio, una enfermedad de la que Argentina est\u00e1 libre por la inversiones en materia sanitaria que realizaron los productores. \u00abLo llamativo es que el pasado 4 de julio, a instancias del gobierno de Entre R\u00edos, el Senasa emiti\u00f3 una circular prohibiendo la entrada de carne porcina de Uruguay por el s\u00edndrome. Al mes siguiente, el Senasa y el gobierno nacional aprueba en 24 horas un acuerdo con Estados Unidos de ingreso de carne porcina, una gran incongruencia\u00bb, critic\u00f3.\n<\/div>\n<hr \/>\n<div>\n<div class=\"fecha\">VIERNES 01 DE SEPTIEMBRE DE 2017<\/div>\n<div class=\"columnista\">\n<div><a href=\"http:\/\/www.lanacion.com.ar\/autor\/german-de-los-santos-5187\">Germ\u00e1n de los Santos<\/a><\/div>\n<p><span class=\"ln\">PARA LA NACION<\/span>\n<\/div>\n<\/div>\n<div class=\"article-footer\">\n<h2><a href=\"http:\/\/www.lanacion.com.ar\/2058591-analizan-barreras-para-la-carne-porcina-de-eeuu?mkt_hm=2&amp;utm_source=email_marketing&amp;utm_admin=66218&amp;utm_medium=email&amp;utm_campaign=REPERCUSIONES_DE_LA_REUNIN_POR_IMPORTACIN_DE_CERDO\">Analizan barreras para la carne porcina de EE.UU.<\/a><\/h2>\n<h5 class=\"bajada\">C\u00f3rdoba, Santa Fe y Entre R\u00edos evaluar\u00e1n esa posibilidad, dijeron funcionarios<\/h5>\n<\/div>\n<\/div>\n<\/div>\n<div class=\"column medium-12 large-4 xlarge-3 padding-medium-sides\">\n\u00a0En una reuni\u00f3n que se realiz\u00f3 en la Federaci\u00f3n Agraria Argentina (FAA) en esta ciudad, los ministros de la Producci\u00f3n y Agricultura y Ganader\u00eda de las tres provincias que componen la Regi\u00f3n Centro -Santa Fe, Entre R\u00edos y C\u00f3rdoba- acordaron estudiar la posibilidad de establecer una \u00abbarrera sanitaria\u00bb para impedir que ingrese la carne de cerdo de los Estados Unidos tras el acuerdo de intercambio comercial que firm\u00f3 el gobierno argentino con la administraci\u00f3n de Donald Trump.<\/p>\n<aside class=\"banner caja2\" data-adpos=\"caja2\">\n<div id=\"eplAdDivcaja2\">\u00a0El comit\u00e9 de acci\u00f3n gremial de la Federaci\u00f3n Agraria reuni\u00f3 a productores porcinos de todo el pa\u00eds, cooperativas, especialistas del INTA y a los ministros de Producci\u00f3n de la Regi\u00f3n Centro para analizar el impacto del acuerdo firmado por el gobierno nacional para habilitar la importaci\u00f3n de carne de cerdo de los Estados Unidos.<\/div>\n<\/aside>\n<p>Tras la reuni\u00f3n, que se realiz\u00f3 en la sede de la FAA en Rosario, el presidente de la entidad, Omar Pr\u00edncipe, sostuvo que \u00abla conclusi\u00f3n a la que se lleg\u00f3 es que el impacto de esta decisi\u00f3n de abrir las importaciones de cerdo va a generar mucha mano de obra y valor agregado en Estados Unidos\u00bb.<\/p>\n<aside class=\"banner caja3\" data-adpos=\"caja3\">\n<div id=\"eplAdDivcaja3\">\u00a0\u00abLa pregunta que se hacen los productores argentinos es qui\u00e9n est\u00e1 defendiendo el trabajo y la producci\u00f3n del pa\u00eds. Hay 40.000 puestos de trabajo directos vinculados con la producci\u00f3n de cerdo y 180 frigor\u00edficos que corren peligro\u00bb, apunt\u00f3 el dirigente de la entidad.<\/div>\n<\/aside>\n<p>\u00abLes transmitimos a los ministros de la Regi\u00f3n Centro la necesidad de que se puedan regular entre las provincias las cuestiones relativas a los controles bromatol\u00f3gicos. Esto lo van a tener que articular las provincias\u00bb, alert\u00f3 Pr\u00edncipe.<\/p>\n<h3>Esfuerzo<\/h3>\n<aside class=\"banner caja4\" data-adpos=\"caja4\">\n<div id=\"eplAdDivcaja4\">\u00a0El dirigente de FAA consider\u00f3 que \u00aba lo largo de los \u00faltimos 20 a\u00f1os hubo un gran esfuerzo e inversi\u00f3n de los productores para conservar este est\u00e1ndar sanitario, que ahora correr\u00eda el riesgo si empieza a ingresar cerdo de Estados Unidos\u00bb.<\/div>\n<\/aside>\n<p>En tanto, el ministro de la Producci\u00f3n de la provincia de Santa Fe, Luis Contigiani, sostuvo que \u00abse comenzar\u00e1n a analizar en la Regi\u00f3n Centro medidas y barreras sanitarias para impedir el ingreso de carne porcina de Estados Unidos\u00bb.<br \/>\nEl funcionario explic\u00f3 que a partir de ahora se van a realizar reuniones t\u00e9cnicas con otros organismos para ver c\u00f3mo se aplican posibles medidas restrictivas para el ingreso de la carne importada procedente de los Estados Unidos.<br \/>\n\u00abVamos a reunir elementos cient\u00edficos para tomar la decisi\u00f3n de hacer una barrera sanitaria\u00bb, asegur\u00f3 Contigiani.<\/p>\n<hr \/>\n<\/div>\n<div class=\"columns relative large-12 show-for-medium\"><a class=\"post-cat-link\" href=\"http:\/\/www.elciudadanoweb.com\/seccion\/politica\/\"><span class=\"post-head-cat\">POL\u00cdTICA &#8211; elciudadano<\/span><\/a><\/div>\n<div class=\"columns relative large-12 show-for-medium\">\n<h1 class=\"post-title left\"><a href=\"http:\/\/www.elciudadanoweb.com\/la-region-centro-evalua-barreras-sanitarias-a-la-carne-de-cerdo-estadounidense\/?mkt_hm=15&amp;utm_source=email_marketing&amp;utm_admin=66218&amp;utm_medium=email&amp;utm_campaign=REPERCUSIONES_DE_LA_REUNIN_POR_IMPORTACIN_DE_CERDO\">La Regi\u00f3n Centro eval\u00faa barreras sanitarias a la carne de cerdo yanqui<\/a><\/h1>\n<\/div>\n<\/div>\n<\/div>\n<\/div>\n<\/article>\n<\/div>\n<div class=\"footer black-bg\">\n<section class=\"social-sharing-top\"><\/section>\n<div>\n<img loading=\"lazy\" decoding=\"async\" class=\"aligncenter size-full wp-image-4445\" src=\"https:\/\/cmvsf2.org\/web\/wp-content\/uploads\/2017\/09\/cerdo-editada-1.jpg\" alt=\"\" width=\"730\" height=\"519\" srcset=\"https:\/\/cmvsf2.org\/web\/wp-content\/uploads\/2017\/09\/cerdo-editada-1.jpg 730w, https:\/\/cmvsf2.org\/web\/wp-content\/uploads\/2017\/09\/cerdo-editada-1-300x213.jpg 300w\" sizes=\"auto, (max-width: 730px) 100vw, 730px\" \/><br \/>\nArgentina es un pa\u00eds libre del s\u00edndrome reproductivo respiratorio porcino, pero la apertura de la importaci\u00f3n de carne de cerdo de Estados Unidos encendi\u00f3 las alarmas de los productores. La problem\u00e1tica trasciende lo comercial. Si bien la llegada de este alimento a precios m\u00e1s baratos es una p\u00e9sima se\u00f1al para la producci\u00f3n nacional, la principal amenaza es esta enfermedad, que podr\u00eda mermar la capacidad productiva en un 40%. Con todo, la Federaci\u00f3n Agraria y autoridades de la Regi\u00f3n Centro evaluar\u00e1n la implementaci\u00f3n de barreras sanitarias para que la carne afectada por el virus no ingrese a Santa Fe, Entre R\u00edos y C\u00f3rdoba.<br \/>\nEsta ma\u00f1ana se realiz\u00f3 una reuni\u00f3n en la Federaci\u00f3n Agraria de la que participaron el presidente de la entidad, Omar Pr\u00edncipe; el ministro de Producci\u00f3n de Santa Fe, Luis Contigiani; su par de Entre R\u00edos, Carlos Scheppens; el ministro de Agricultura de C\u00f3rdoba, Sergio Busso; autoridades del Inta y productores porcinos de todo el pa\u00eds.<br \/>\n\u201cArgentina es un pa\u00eds libre de esa enfermedad. Vamos juntarnos con los colegios de veterinarios y las universidades para reunir elementos cient\u00edficos que permitan a las tres provincias implementar barreras sanitarias, por el riesgo que implica la introducci\u00f3n de este virus en el rodeo ganadero porcino nacional\u201d, expres\u00f3 Contigiani al dialogar con la prensa en el edificio que la Federaci\u00f3n Agraria tiene en San Lorenzo 1121.<br \/>\nEl funcionario y candidato a diputado nacional calific\u00f3 de \u201cincongruencia\u201d el acuerdo entre los gobiernos de Mauricio Macri y Donald Trump, recordando: \u201cEl 4 de julio pasado, a instancia del gobierno de Entre R\u00edos, el Senasa prohibi\u00f3 la entrada de carne de cerdo de Uruguay con este s\u00edndrome. A un mes de esta resoluci\u00f3n, el mismo Senasa y el gobierno nacional aprueban en 24 horas el ingreso de carne porcina de Estados Unidos con el mismo virus\u201d.<br \/>\nPor su parte, Jorge Brunori, referente en materia porcina del Inta Marcos Ju\u00e1rez, aclar\u00f3 que el s\u00edndrome reproductivo respiratorio porcino no afecta, en un principio, a humanos. Sin embargo, el da\u00f1o que le ocasiona al rodeo sacar\u00eda del esquema a muchos peque\u00f1os y medianos productores. \u201cPuede bajar un 40% la eficiencia que d\u00e9 la producci\u00f3n. El productor pelea contra cargas impositivas y costos que aumentaron. Por lo que agregarle una enfermedad como esta ser\u00eda un golpe muy duro\u201d, asegur\u00f3 el investigador cordob\u00e9s.<br \/>\nA su turno, Pr\u00edncipe detall\u00f3 que la producci\u00f3n porcina genera unos 40.000 puestos de trabajo directos y existen 180 frigor\u00edficos directamente especializados en la manufactura de carne de cerdo. Por otro lado, destac\u00f3: \u201cLa inversi\u00f3n que realizaron los productores en los \u00faltimos a\u00f1os para lograr los mejores est\u00e1ndares sanitarios del mundo, junto con Australia\u201d.\n<\/div>\n<\/div>\n","protected":false},"excerpt":{"rendered":"<p>ROSARIO12 01 de septiembre de 2017 Reuni\u00f3n de productores porcinos, Federaci\u00f3n Agraria y ministros de la Producci\u00f3n Est\u00e1n en peligro 40 mil puestos de trabajo en el pa\u00eds \u00a0Productores porcinos de todo el pa\u00eds se reunieron ayer en Rosario con ministros de la Regi\u00f3n Centro. Convocados por Federaci\u00f3n Agraria Argentina (FAA), analizaron de manera conjunta el impacto del acuerdo firmado por el gobierno nacional [&hellip;]<\/p>\n","protected":false},"author":3,"featured_media":4445,"comment_status":"open","ping_status":"open","sticky":false,"template":"","format":"standard","meta":{"_acf_changed":false,"footnotes":""},"categories":[38],"tags":[182,183,184,185,186,187,69],"class_list":["post-4444","post","type-post","status-publish","format-standard","has-post-thumbnail","hentry","category-noticias-del-sector","tag-cerdo","tag-faa","tag-federacion-agraria-argentina","tag-importacion","tag-porcino","tag-porcinos","tag-sanitario"],"acf":[],"yoast_head":"<!-- This site is optimized with the Yoast SEO plugin v28.2 - https:\/\/yoast.com\/product\/yoast-seo-wordpress\/ -->\n<title>Reuni\u00f3n en la Federaci\u00f3n Agraria Argentina sobre la importaci\u00f3n de cerdos - Colegio De Veterinarios De Santa Fe 2da. Circunscripci\u00f3n<\/title>\n<meta name=\"description\" content=\"Argentina es un pa\u00eds libre del s\u00edndrome reproductivo respiratorio porcino, la apertura de la importaci\u00f3n de carne de cerdo de EEUU encendi\u00f3 las alarmas\" \/>\n<meta name=\"robots\" content=\"index, follow, max-snippet:-1, max-image-preview:large, max-video-preview:-1\" \/>\n<link rel=\"canonical\" href=\"https:\/\/cmvsf2.org\/web\/2017\/09\/04\/importacion-cerdos-faa\/\" \/>\n<meta property=\"og:locale\" content=\"es_ES\" \/>\n<meta property=\"og:type\" content=\"article\" \/>\n<meta property=\"og:title\" content=\"Reuni\u00f3n en la Federaci\u00f3n Agraria Argentina sobre la importaci\u00f3n de cerdos - Colegio De Veterinarios De Santa Fe 2da. Circunscripci\u00f3n\" \/>\n<meta property=\"og:description\" content=\"Argentina es un pa\u00eds libre del s\u00edndrome reproductivo respiratorio porcino, la apertura de la importaci\u00f3n de carne de cerdo de EEUU encendi\u00f3 las alarmas\" \/>\n<meta property=\"og:url\" content=\"https:\/\/cmvsf2.org\/web\/2017\/09\/04\/importacion-cerdos-faa\/\" \/>\n<meta property=\"og:site_name\" content=\"Colegio De Veterinarios De Santa Fe 2da. Circunscripci\u00f3n\" \/>\n<meta property=\"article:published_time\" content=\"2017-09-04T18:27:28+00:00\" \/>\n<meta property=\"og:image\" content=\"https:\/\/cmvsf2.org\/web\/wp-content\/uploads\/2017\/09\/cerdo-editada-1.jpg\" \/>\n\t<meta property=\"og:image:width\" content=\"730\" \/>\n\t<meta property=\"og:image:height\" content=\"519\" \/>\n\t<meta property=\"og:image:type\" content=\"image\/jpeg\" \/>\n<meta name=\"author\" content=\"cmvsf2\" \/>\n<meta name=\"twitter:card\" content=\"summary_large_image\" \/>\n<meta name=\"twitter:label1\" content=\"Escrito por\" \/>\n\t<meta name=\"twitter:data1\" content=\"cmvsf2\" \/>\n\t<meta name=\"twitter:label2\" content=\"Tiempo de lectura\" \/>\n\t<meta name=\"twitter:data2\" content=\"8 minutos\" \/>\n<script type=\"application\/ld+json\" class=\"yoast-schema-graph\">{\"@context\":\"https:\\\/\\\/schema.org\",\"@graph\":[{\"@type\":\"Article\",\"@id\":\"https:\\\/\\\/cmvsf2.org\\\/web\\\/2017\\\/09\\\/04\\\/importacion-cerdos-faa\\\/#article\",\"isPartOf\":{\"@id\":\"https:\\\/\\\/cmvsf2.org\\\/web\\\/2017\\\/09\\\/04\\\/importacion-cerdos-faa\\\/\"},\"author\":{\"name\":\"cmvsf2\",\"@id\":\"https:\\\/\\\/cmvsf2.org\\\/web\\\/#\\\/schema\\\/person\\\/46ea3630099a4a3df8d89f07cf5f7520\"},\"headline\":\"Reuni\u00f3n en la Federaci\u00f3n Agraria Argentina sobre la importaci\u00f3n de cerdos\",\"datePublished\":\"2017-09-04T18:27:28+00:00\",\"mainEntityOfPage\":{\"@id\":\"https:\\\/\\\/cmvsf2.org\\\/web\\\/2017\\\/09\\\/04\\\/importacion-cerdos-faa\\\/\"},\"wordCount\":1663,\"commentCount\":0,\"publisher\":{\"@id\":\"https:\\\/\\\/cmvsf2.org\\\/web\\\/#organization\"},\"image\":{\"@id\":\"https:\\\/\\\/cmvsf2.org\\\/web\\\/2017\\\/09\\\/04\\\/importacion-cerdos-faa\\\/#primaryimage\"},\"thumbnailUrl\":\"https:\\\/\\\/cmvsf2.org\\\/web\\\/wp-content\\\/uploads\\\/2017\\\/09\\\/cerdo-editada-1.jpg\",\"keywords\":[\"cerdo\",\"FAA\",\"federacion agraria argentina\",\"importacion\",\"porcino\",\"porcinos\",\"sanitario\"],\"articleSection\":[\"Noticias del sector\"],\"inLanguage\":\"es\"},{\"@type\":\"WebPage\",\"@id\":\"https:\\\/\\\/cmvsf2.org\\\/web\\\/2017\\\/09\\\/04\\\/importacion-cerdos-faa\\\/\",\"url\":\"https:\\\/\\\/cmvsf2.org\\\/web\\\/2017\\\/09\\\/04\\\/importacion-cerdos-faa\\\/\",\"name\":\"Reuni\u00f3n en la Federaci\u00f3n Agraria Argentina sobre la importaci\u00f3n de cerdos - Colegio De Veterinarios De Santa Fe 2da. Circunscripci\u00f3n\",\"isPartOf\":{\"@id\":\"https:\\\/\\\/cmvsf2.org\\\/web\\\/#website\"},\"primaryImageOfPage\":{\"@id\":\"https:\\\/\\\/cmvsf2.org\\\/web\\\/2017\\\/09\\\/04\\\/importacion-cerdos-faa\\\/#primaryimage\"},\"image\":{\"@id\":\"https:\\\/\\\/cmvsf2.org\\\/web\\\/2017\\\/09\\\/04\\\/importacion-cerdos-faa\\\/#primaryimage\"},\"thumbnailUrl\":\"https:\\\/\\\/cmvsf2.org\\\/web\\\/wp-content\\\/uploads\\\/2017\\\/09\\\/cerdo-editada-1.jpg\",\"datePublished\":\"2017-09-04T18:27:28+00:00\",\"description\":\"Argentina es un pa\u00eds libre del s\u00edndrome reproductivo respiratorio porcino, la apertura de la importaci\u00f3n de carne de cerdo de EEUU encendi\u00f3 las alarmas\",\"breadcrumb\":{\"@id\":\"https:\\\/\\\/cmvsf2.org\\\/web\\\/2017\\\/09\\\/04\\\/importacion-cerdos-faa\\\/#breadcrumb\"},\"inLanguage\":\"es\",\"potentialAction\":[{\"@type\":\"ReadAction\",\"target\":[\"https:\\\/\\\/cmvsf2.org\\\/web\\\/2017\\\/09\\\/04\\\/importacion-cerdos-faa\\\/\"]}]},{\"@type\":\"ImageObject\",\"inLanguage\":\"es\",\"@id\":\"https:\\\/\\\/cmvsf2.org\\\/web\\\/2017\\\/09\\\/04\\\/importacion-cerdos-faa\\\/#primaryimage\",\"url\":\"https:\\\/\\\/cmvsf2.org\\\/web\\\/wp-content\\\/uploads\\\/2017\\\/09\\\/cerdo-editada-1.jpg\",\"contentUrl\":\"https:\\\/\\\/cmvsf2.org\\\/web\\\/wp-content\\\/uploads\\\/2017\\\/09\\\/cerdo-editada-1.jpg\",\"width\":730,\"height\":519},{\"@type\":\"BreadcrumbList\",\"@id\":\"https:\\\/\\\/cmvsf2.org\\\/web\\\/2017\\\/09\\\/04\\\/importacion-cerdos-faa\\\/#breadcrumb\",\"itemListElement\":[{\"@type\":\"ListItem\",\"position\":1,\"name\":\"Portada\",\"item\":\"https:\\\/\\\/cmvsf2.org\\\/web\\\/\"},{\"@type\":\"ListItem\",\"position\":2,\"name\":\"Reuni\u00f3n en la Federaci\u00f3n Agraria Argentina sobre la importaci\u00f3n de cerdos\"}]},{\"@type\":\"WebSite\",\"@id\":\"https:\\\/\\\/cmvsf2.org\\\/web\\\/#website\",\"url\":\"https:\\\/\\\/cmvsf2.org\\\/web\\\/\",\"name\":\"Colegio De Veterinarios De Santa Fe 2da. Circunscripci\u00f3n\",\"description\":\"Sitio institucional del Colegio de M\u00e9dicos Veterinario de Santa Fe 2da. Circunscripci\u00f3n\",\"publisher\":{\"@id\":\"https:\\\/\\\/cmvsf2.org\\\/web\\\/#organization\"},\"potentialAction\":[{\"@type\":\"SearchAction\",\"target\":{\"@type\":\"EntryPoint\",\"urlTemplate\":\"https:\\\/\\\/cmvsf2.org\\\/web\\\/?s={search_term_string}\"},\"query-input\":{\"@type\":\"PropertyValueSpecification\",\"valueRequired\":true,\"valueName\":\"search_term_string\"}}],\"inLanguage\":\"es\"},{\"@type\":\"Organization\",\"@id\":\"https:\\\/\\\/cmvsf2.org\\\/web\\\/#organization\",\"name\":\"Colegio De Veterinarios De Santa Fe 2da. Circunscripci\u00f3n\",\"url\":\"https:\\\/\\\/cmvsf2.org\\\/web\\\/\",\"logo\":{\"@type\":\"ImageObject\",\"inLanguage\":\"es\",\"@id\":\"https:\\\/\\\/cmvsf2.org\\\/web\\\/#\\\/schema\\\/logo\\\/image\\\/\",\"url\":\"http:\\\/\\\/cmvsf2.org\\\/web\\\/wp-content\\\/uploads\\\/2020\\\/03\\\/vector-logo-02.png\",\"contentUrl\":\"http:\\\/\\\/cmvsf2.org\\\/web\\\/wp-content\\\/uploads\\\/2020\\\/03\\\/vector-logo-02.png\",\"width\":2750,\"height\":642,\"caption\":\"Colegio De Veterinarios De Santa Fe 2da. Circunscripci\u00f3n\"},\"image\":{\"@id\":\"https:\\\/\\\/cmvsf2.org\\\/web\\\/#\\\/schema\\\/logo\\\/image\\\/\"}},{\"@type\":\"Person\",\"@id\":\"https:\\\/\\\/cmvsf2.org\\\/web\\\/#\\\/schema\\\/person\\\/46ea3630099a4a3df8d89f07cf5f7520\",\"name\":\"cmvsf2\",\"image\":{\"@type\":\"ImageObject\",\"inLanguage\":\"es\",\"@id\":\"https:\\\/\\\/secure.gravatar.com\\\/avatar\\\/669647b61c77f28f1aa51df04174a5ecb296e9988b4a93d2870666cd1f502cd7?s=96&d=mm&r=g\",\"url\":\"https:\\\/\\\/secure.gravatar.com\\\/avatar\\\/669647b61c77f28f1aa51df04174a5ecb296e9988b4a93d2870666cd1f502cd7?s=96&d=mm&r=g\",\"contentUrl\":\"https:\\\/\\\/secure.gravatar.com\\\/avatar\\\/669647b61c77f28f1aa51df04174a5ecb296e9988b4a93d2870666cd1f502cd7?s=96&d=mm&r=g\",\"caption\":\"cmvsf2\"}}]}<\/script>\n<!-- \/ Yoast SEO plugin. -->","yoast_head_json":{"title":"Reuni\u00f3n en la Federaci\u00f3n Agraria Argentina sobre la importaci\u00f3n de cerdos - Colegio De Veterinarios De Santa Fe 2da. Circunscripci\u00f3n","description":"Argentina es un pa\u00eds libre del s\u00edndrome reproductivo respiratorio porcino, la apertura de la importaci\u00f3n de carne de cerdo de EEUU encendi\u00f3 las alarmas","robots":{"index":"index","follow":"follow","max-snippet":"max-snippet:-1","max-image-preview":"max-image-preview:large","max-video-preview":"max-video-preview:-1"},"canonical":"https:\/\/cmvsf2.org\/web\/2017\/09\/04\/importacion-cerdos-faa\/","og_locale":"es_ES","og_type":"article","og_title":"Reuni\u00f3n en la Federaci\u00f3n Agraria Argentina sobre la importaci\u00f3n de cerdos - Colegio De Veterinarios De Santa Fe 2da. Circunscripci\u00f3n","og_description":"Argentina es un pa\u00eds libre del s\u00edndrome reproductivo respiratorio porcino, la apertura de la importaci\u00f3n de carne de cerdo de EEUU encendi\u00f3 las alarmas","og_url":"https:\/\/cmvsf2.org\/web\/2017\/09\/04\/importacion-cerdos-faa\/","og_site_name":"Colegio De Veterinarios De Santa Fe 2da. Circunscripci\u00f3n","article_published_time":"2017-09-04T18:27:28+00:00","og_image":[{"width":730,"height":519,"url":"https:\/\/cmvsf2.org\/web\/wp-content\/uploads\/2017\/09\/cerdo-editada-1.jpg","type":"image\/jpeg"}],"author":"cmvsf2","twitter_card":"summary_large_image","twitter_misc":{"Escrito por":"cmvsf2","Tiempo de lectura":"8 minutos"},"schema":{"@context":"https:\/\/schema.org","@graph":[{"@type":"Article","@id":"https:\/\/cmvsf2.org\/web\/2017\/09\/04\/importacion-cerdos-faa\/#article","isPartOf":{"@id":"https:\/\/cmvsf2.org\/web\/2017\/09\/04\/importacion-cerdos-faa\/"},"author":{"name":"cmvsf2","@id":"https:\/\/cmvsf2.org\/web\/#\/schema\/person\/46ea3630099a4a3df8d89f07cf5f7520"},"headline":"Reuni\u00f3n en la Federaci\u00f3n Agraria Argentina sobre la importaci\u00f3n de cerdos","datePublished":"2017-09-04T18:27:28+00:00","mainEntityOfPage":{"@id":"https:\/\/cmvsf2.org\/web\/2017\/09\/04\/importacion-cerdos-faa\/"},"wordCount":1663,"commentCount":0,"publisher":{"@id":"https:\/\/cmvsf2.org\/web\/#organization"},"image":{"@id":"https:\/\/cmvsf2.org\/web\/2017\/09\/04\/importacion-cerdos-faa\/#primaryimage"},"thumbnailUrl":"https:\/\/cmvsf2.org\/web\/wp-content\/uploads\/2017\/09\/cerdo-editada-1.jpg","keywords":["cerdo","FAA","federacion agraria argentina","importacion","porcino","porcinos","sanitario"],"articleSection":["Noticias del sector"],"inLanguage":"es"},{"@type":"WebPage","@id":"https:\/\/cmvsf2.org\/web\/2017\/09\/04\/importacion-cerdos-faa\/","url":"https:\/\/cmvsf2.org\/web\/2017\/09\/04\/importacion-cerdos-faa\/","name":"Reuni\u00f3n en la Federaci\u00f3n Agraria Argentina sobre la importaci\u00f3n de cerdos - Colegio De Veterinarios De Santa Fe 2da. Circunscripci\u00f3n","isPartOf":{"@id":"https:\/\/cmvsf2.org\/web\/#website"},"primaryImageOfPage":{"@id":"https:\/\/cmvsf2.org\/web\/2017\/09\/04\/importacion-cerdos-faa\/#primaryimage"},"image":{"@id":"https:\/\/cmvsf2.org\/web\/2017\/09\/04\/importacion-cerdos-faa\/#primaryimage"},"thumbnailUrl":"https:\/\/cmvsf2.org\/web\/wp-content\/uploads\/2017\/09\/cerdo-editada-1.jpg","datePublished":"2017-09-04T18:27:28+00:00","description":"Argentina es un pa\u00eds libre del s\u00edndrome reproductivo respiratorio porcino, la apertura de la importaci\u00f3n de carne de cerdo de EEUU encendi\u00f3 las alarmas","breadcrumb":{"@id":"https:\/\/cmvsf2.org\/web\/2017\/09\/04\/importacion-cerdos-faa\/#breadcrumb"},"inLanguage":"es","potentialAction":[{"@type":"ReadAction","target":["https:\/\/cmvsf2.org\/web\/2017\/09\/04\/importacion-cerdos-faa\/"]}]},{"@type":"ImageObject","inLanguage":"es","@id":"https:\/\/cmvsf2.org\/web\/2017\/09\/04\/importacion-cerdos-faa\/#primaryimage","url":"https:\/\/cmvsf2.org\/web\/wp-content\/uploads\/2017\/09\/cerdo-editada-1.jpg","contentUrl":"https:\/\/cmvsf2.org\/web\/wp-content\/uploads\/2017\/09\/cerdo-editada-1.jpg","width":730,"height":519},{"@type":"BreadcrumbList","@id":"https:\/\/cmvsf2.org\/web\/2017\/09\/04\/importacion-cerdos-faa\/#breadcrumb","itemListElement":[{"@type":"ListItem","position":1,"name":"Portada","item":"https:\/\/cmvsf2.org\/web\/"},{"@type":"ListItem","position":2,"name":"Reuni\u00f3n en la Federaci\u00f3n Agraria Argentina sobre la importaci\u00f3n de cerdos"}]},{"@type":"WebSite","@id":"https:\/\/cmvsf2.org\/web\/#website","url":"https:\/\/cmvsf2.org\/web\/","name":"Colegio De Veterinarios De Santa Fe 2da. Circunscripci\u00f3n","description":"Sitio institucional del Colegio de M\u00e9dicos Veterinario de Santa Fe 2da. Circunscripci\u00f3n","publisher":{"@id":"https:\/\/cmvsf2.org\/web\/#organization"},"potentialAction":[{"@type":"SearchAction","target":{"@type":"EntryPoint","urlTemplate":"https:\/\/cmvsf2.org\/web\/?s={search_term_string}"},"query-input":{"@type":"PropertyValueSpecification","valueRequired":true,"valueName":"search_term_string"}}],"inLanguage":"es"},{"@type":"Organization","@id":"https:\/\/cmvsf2.org\/web\/#organization","name":"Colegio De Veterinarios De Santa Fe 2da. Circunscripci\u00f3n","url":"https:\/\/cmvsf2.org\/web\/","logo":{"@type":"ImageObject","inLanguage":"es","@id":"https:\/\/cmvsf2.org\/web\/#\/schema\/logo\/image\/","url":"http:\/\/cmvsf2.org\/web\/wp-content\/uploads\/2020\/03\/vector-logo-02.png","contentUrl":"http:\/\/cmvsf2.org\/web\/wp-content\/uploads\/2020\/03\/vector-logo-02.png","width":2750,"height":642,"caption":"Colegio De Veterinarios De Santa Fe 2da. Circunscripci\u00f3n"},"image":{"@id":"https:\/\/cmvsf2.org\/web\/#\/schema\/logo\/image\/"}},{"@type":"Person","@id":"https:\/\/cmvsf2.org\/web\/#\/schema\/person\/46ea3630099a4a3df8d89f07cf5f7520","name":"cmvsf2","image":{"@type":"ImageObject","inLanguage":"es","@id":"https:\/\/secure.gravatar.com\/avatar\/669647b61c77f28f1aa51df04174a5ecb296e9988b4a93d2870666cd1f502cd7?s=96&d=mm&r=g","url":"https:\/\/secure.gravatar.com\/avatar\/669647b61c77f28f1aa51df04174a5ecb296e9988b4a93d2870666cd1f502cd7?s=96&d=mm&r=g","contentUrl":"https:\/\/secure.gravatar.com\/avatar\/669647b61c77f28f1aa51df04174a5ecb296e9988b4a93d2870666cd1f502cd7?s=96&d=mm&r=g","caption":"cmvsf2"}}]}},"_links":{"self":[{"href":"https:\/\/cmvsf2.org\/web\/wp-json\/wp\/v2\/posts\/4444","targetHints":{"allow":["GET"]}}],"collection":[{"href":"https:\/\/cmvsf2.org\/web\/wp-json\/wp\/v2\/posts"}],"about":[{"href":"https:\/\/cmvsf2.org\/web\/wp-json\/wp\/v2\/types\/post"}],"author":[{"embeddable":true,"href":"https:\/\/cmvsf2.org\/web\/wp-json\/wp\/v2\/users\/3"}],"replies":[{"embeddable":true,"href":"https:\/\/cmvsf2.org\/web\/wp-json\/wp\/v2\/comments?post=4444"}],"version-history":[{"count":0,"href":"https:\/\/cmvsf2.org\/web\/wp-json\/wp\/v2\/posts\/4444\/revisions"}],"wp:featuredmedia":[{"embeddable":true,"href":"https:\/\/cmvsf2.org\/web\/wp-json\/wp\/v2\/media\/4445"}],"wp:attachment":[{"href":"https:\/\/cmvsf2.org\/web\/wp-json\/wp\/v2\/media?parent=4444"}],"wp:term":[{"taxonomy":"category","embeddable":true,"href":"https:\/\/cmvsf2.org\/web\/wp-json\/wp\/v2\/categories?post=4444"},{"taxonomy":"post_tag","embeddable":true,"href":"https:\/\/cmvsf2.org\/web\/wp-json\/wp\/v2\/tags?post=4444"}],"curies":[{"name":"wp","href":"https:\/\/api.w.org\/{rel}","templated":true}]}}