{"id":35685,"date":"2026-08-12T17:14:30","date_gmt":"2026-08-12T20:14:30","guid":{"rendered":"https:\/\/cmvsf2.org\/web\/?p=35685"},"modified":"2026-08-12T19:35:08","modified_gmt":"2026-08-12T22:35:08","slug":"el-cmvsf2-celebro-su-75o-aniversario-con-una-hermosa-fiesta","status":"publish","type":"post","link":"https:\/\/cmvsf2.org\/web\/2026\/08\/12\/el-cmvsf2-celebro-su-75o-aniversario-con-una-hermosa-fiesta\/","title":{"rendered":"El CMVSF2 celebr\u00f3 su 75\u00ba aniversario con una hermosa fiesta"},"content":{"rendered":"<p>El pasado s\u00e1bado 8 de agosto, el CMVSF2 vivi\u00f3 una fiesta inolvidable en la que celebr\u00f3 sus 75 a\u00f1os de historia, que lo convierten en el primer colegio profesional de nuestro pa\u00eds. El evento tuvo lugar en el sal\u00f3n Centro Castilla, de la zona norte de Rosario.<\/p>\n<p>Los y las presentes, 140 personas, vivieron una noche cargada de homenajes y alegr\u00eda, y disfrutaron de un men\u00fa de paso de bocaditos, asado, postres varios. Tampoco falt\u00f3 una s\u00faper torta alusiva, especialmente decorada. Y mucha m\u00fasica y baile hasta altas horas de la madrugada.<\/p>\n<p>La noche comenz\u00f3 con unas <strong>palabras de apertura del presidente del Colegio, M.V. Luis Vidoret<\/strong>, quien propuso un brindis \u201c<em>por los dirigentes hist\u00f3ricos, por los 75 a\u00f1os de la instituci\u00f3n, por todos los caminos que nos habilita esta hermosa y querida profesi\u00f3n que es la Medicina Veterinaria y para lograr una mayor participaci\u00f3n y formaci\u00f3n de colegas\u201d.<\/em><\/p>\n<p>Luego, <strong>el Decano de la Facultad de Ciencias Veterinarias UNR, M.V. Mariano Garate, entreg\u00f3<\/strong> <strong>una placa en reconocimiento<\/strong> a la labor del CMVSF2 en su 75\u00ba aniversario.<\/p>\n<p>La noche sigui\u00f3 con un sentido <strong>homenaje al Dr. Ricardo Vecchio<\/strong>, qui\u00e9n present\u00f3 su libro \u201cLa presencia veterinaria en Santa Fe\u201d y recibi\u00f3 un diploma de manos de la representante de la Junta Hist\u00f3rica de Rosario, Arq. Viviana Marini, por su activa labor en la recopilaci\u00f3n de la historia de la Medicina Veterinaria en la regi\u00f3n.<\/p>\n<p>Las y los matriculados que cumplieron sus<strong> Bodas de Plata (25 a\u00f1os) en el ejercicio de la profesi\u00f3n<\/strong> recibieron sus diplomas junto a familiares y amigos\/as. Estuvieron presentes:<\/p>\n<p>M.V. Barrera Jorgelina<\/p>\n<p>M.V. Baccala Ezequiel<\/p>\n<p>M.V. Vecchio Germ\u00e1n<\/p>\n<p>M.V. Zandr\u00f3n Mar\u00eda Florencia<\/p>\n<p>M.V. Varela Virginia Aymar\u00e1<\/p>\n<p>M.V. Bertolotto Mar\u00eda De Las Mercedes<\/p>\n<p>M.V. Sarradel Hern\u00e1n<\/p>\n<p>M.V. Sep\u00falveda Graciela<\/p>\n<p>M.V. Dascanio Lorena<\/p>\n<p>Tambi\u00e9n recibi\u00f3 su <strong>merecido homenaje, el <\/strong><strong>Dr. Osvaldo Ostera, <\/strong>de la localidad de Salto Grande,<strong> quien cumpli\u00f3 recientemente 50 a\u00f1os (Bodas de Oro)<\/strong> ejerciendo la Medicina Veterinaria. En la oportunidad, se comparti\u00f3 una foto del d\u00eda en que recibi\u00f3 su diploma.<\/p>\n<p>Finalmente, recibieron sus diplomas, el actual presidente del Colegio, y algunos de sus ex presidentes que se hicieron presentes: El M.V. Luis Vidoret, Dr. Ricardo Vecchio, Dr. Miguel Pagni, y M.V. H\u00e9ctor Eugenio Camletti.<\/p>\n<p>Gracias a la colaboraci\u00f3n de auspiciantes laboratorios, distribuidoras y empresas vinculadas con el sector, la velada cont\u00f3 con gran cantidad de sorteos que le sumaron emoci\u00f3n y expectativa a los comensales.<\/p>\n<p><strong>PREMIOS GANADOS<\/strong><\/p>\n<p>Los resultados de los sorteos realizados fueron los siguientes:<\/p>\n<p><strong>La empresa ECOMAX, don\u00f3 un viaje a Rio de Janeiro para dos personas (v\u00e1lido entre el 1\u00ba de agosto y el 1\u00ba de diciembre de 2026) que incluye pasajes, estad\u00eda y traslados. <\/strong>La ganadora de este premio fue la M.V. Marisa Rojo.<\/p>\n<p><strong>Distribuidora ESPERANZA aport\u00f3 2 televisores Smart TV Led marca Philco de 43 pulgadas, que fueron ganados por:<\/strong><\/p>\n<p>1- Fiornovelli, Dardo<\/p>\n<p>2- Hern\u00e1ndez, Emiliano<\/p>\n<p><strong>Laboratorios LASA entreg\u00f3 5 vouchers para an\u00e1lisis de laboratorios por un valor de $80 mil c\/u, v\u00e1lidos hasta el<\/strong> <strong>1\/10\/2026 a:<\/strong><\/p>\n<p>1-Bovati, Mariela A.<\/p>\n<p>2-Chavarro C\u00e1rdenas, Luisa M.<\/p>\n<p>3-Francois, Silvina E.<\/p>\n<p>4-Salas, Betiana A.<\/p>\n<p>5-Musulin, Ana V.<\/p>\n<p><strong>El laboratorio veterinario PROAGRO entreg\u00f3 dos cajas con productos, que fueron ganadas por:\u00a0\u00a0\u00a0\u00a0\u00a0\u00a0\u00a0\u00a0\u00a0\u00a0\u00a0\u00a0\u00a0\u00a0\u00a0\u00a0\u00a0\u00a0\u00a0\u00a0\u00a0\u00a0\u00a0\u00a0\u00a0\u00a0\u00a0\u00a0\u00a0\u00a0\u00a0\u00a0\u00a0\u00a0\u00a0\u00a0\u00a0\u00a0\u00a0 <\/strong><\/p>\n<p>1- Bacala, Ezequiel<\/p>\n<p>2- Torregiani, Pablo<\/p>\n<p><strong>PLUS Distribuciones don\u00f3 regalos empresariales que fueron ganados por:<\/strong><\/p>\n<p>1- Ver\u00f3nica S\u00e1nchez<\/p>\n<p>2- Natalia Doctorovich<\/p>\n<p>3- Jos\u00e9 Stagno <strong>\u00a0\u00a0\u00a0\u00a0\u00a0\u00a0\u00a0\u00a0\u00a0\u00a0\u00a0\u00a0\u00a0\u00a0\u00a0\u00a0\u00a0\u00a0\u00a0\u00a0\u00a0\u00a0\u00a0\u00a0\u00a0<\/strong><\/p>\n<p><strong>El CMVSF premi\u00f3 con la bonificaci\u00f3n de 4 cuotas de matriculaci\u00f3n (agosto, septiembre, octubre y noviembre) a:<\/strong><\/p>\n<p>1-Calamari, Mariano E.<\/p>\n<p>2-Barale, Nadia B.<\/p>\n<p>3-Cameroto, Luciano<\/p>\n<p>4-Augusto, Juan I.<\/p>\n<p>5-Vignolo, Betina<\/p>\n<p>Adem\u00e1s se realiz\u00f3 el sorteo de 60 botellas de vinos, espumantes y licores finos de distintas variedades de las bodegas Salentein, Nieto Senetiner y Vi\u00f1a Las Perdices; vasos t\u00e9rmicos; botellas deportivas para agua; picadas Paladini con juego de cuchillos, tenedores y chaira; Kit completo para mates; bombones suizos Lindt; Perfumes marca Polo.<\/p>\n<p><strong>Gentileza de las empresas: Distribuidora Parodi, Cina SRL, Paladini S.A., Livra, Furonto, FC Marketing, Computak y Cl\u00ednica Veterinaria Viviana Infanti.<\/strong><\/p>\n","protected":false},"excerpt":{"rendered":"<p>El pasado s\u00e1bado 8 de agosto, el CMVSF2 vivi\u00f3 una fiesta inolvidable en la que celebr\u00f3 sus 75 a\u00f1os de historia, que lo convierten en el primer colegio profesional de nuestro pa\u00eds. El evento tuvo lugar en el sal\u00f3n Centro Castilla, de la zona norte de Rosario. Los y las presentes, 140 personas, vivieron una noche cargada de homenajes y alegr\u00eda, y disfrutaron de [&hellip;]<\/p>\n","protected":false},"author":3,"featured_media":35686,"comment_status":"closed","ping_status":"closed","sticky":false,"template":"","format":"standard","meta":{"_acf_changed":false,"footnotes":""},"categories":[343,345],"tags":[1128,1131,1130],"class_list":["post-35685","post","type-post","status-publish","format-standard","has-post-thumbnail","hentry","category-destacada","category-institucionales","tag-75o-aniversario","tag-cena","tag-fiesta"],"acf":[],"yoast_head":"<!-- This site is optimized with the Yoast SEO plugin v28.2 - https:\/\/yoast.com\/product\/yoast-seo-wordpress\/ -->\n<title>El CMVSF2 celebr\u00f3 su 75\u00ba aniversario con una hermosa fiesta - Colegio De Veterinarios De Santa Fe 2da. Circunscripci\u00f3n<\/title>\n<meta name=\"description\" content=\"El pasado s\u00e1bado 8 de agosto, el CMVSF2 vivi\u00f3 una fiesta inolvidable en la que celebr\u00f3 sus 75 a\u00f1os de historia, que lo convierten en el primer colegio\" \/>\n<meta name=\"robots\" content=\"index, follow, max-snippet:-1, max-image-preview:large, max-video-preview:-1\" \/>\n<link rel=\"canonical\" href=\"https:\/\/cmvsf2.org\/web\/2026\/08\/12\/el-cmvsf2-celebro-su-75o-aniversario-con-una-hermosa-fiesta\/\" \/>\n<meta property=\"og:locale\" content=\"es_ES\" \/>\n<meta property=\"og:type\" content=\"article\" \/>\n<meta property=\"og:title\" content=\"El CMVSF2 celebr\u00f3 su 75\u00ba aniversario con una hermosa fiesta - Colegio De Veterinarios De Santa Fe 2da. Circunscripci\u00f3n\" \/>\n<meta property=\"og:description\" content=\"El pasado s\u00e1bado 8 de agosto, el CMVSF2 vivi\u00f3 una fiesta inolvidable en la que celebr\u00f3 sus 75 a\u00f1os de historia, que lo convierten en el primer colegio\" \/>\n<meta property=\"og:url\" content=\"https:\/\/cmvsf2.org\/web\/2026\/08\/12\/el-cmvsf2-celebro-su-75o-aniversario-con-una-hermosa-fiesta\/\" \/>\n<meta property=\"og:site_name\" content=\"Colegio De Veterinarios De Santa Fe 2da. Circunscripci\u00f3n\" \/>\n<meta property=\"article:published_time\" content=\"2026-08-12T20:14:30+00:00\" \/>\n<meta property=\"article:modified_time\" content=\"2026-08-12T22:35:08+00:00\" \/>\n<meta property=\"og:image\" content=\"https:\/\/cmvsf2.org\/web\/wp-content\/uploads\/2026\/08\/imagen-destacada-web-1.png\" \/>\n\t<meta property=\"og:image:width\" content=\"1200\" \/>\n\t<meta property=\"og:image:height\" content=\"628\" \/>\n\t<meta property=\"og:image:type\" content=\"image\/png\" \/>\n<meta name=\"author\" content=\"cmvsf2\" \/>\n<meta name=\"twitter:card\" content=\"summary_large_image\" \/>\n<meta name=\"twitter:label1\" content=\"Escrito por\" \/>\n\t<meta name=\"twitter:data1\" content=\"cmvsf2\" \/>\n\t<meta name=\"twitter:label2\" content=\"Tiempo de lectura\" \/>\n\t<meta name=\"twitter:data2\" content=\"4 minutos\" \/>\n<script type=\"application\/ld+json\" class=\"yoast-schema-graph\">{\"@context\":\"https:\\\/\\\/schema.org\",\"@graph\":[{\"@type\":\"Article\",\"@id\":\"https:\\\/\\\/cmvsf2.org\\\/web\\\/2026\\\/08\\\/12\\\/el-cmvsf2-celebro-su-75o-aniversario-con-una-hermosa-fiesta\\\/#article\",\"isPartOf\":{\"@id\":\"https:\\\/\\\/cmvsf2.org\\\/web\\\/2026\\\/08\\\/12\\\/el-cmvsf2-celebro-su-75o-aniversario-con-una-hermosa-fiesta\\\/\"},\"author\":{\"name\":\"cmvsf2\",\"@id\":\"https:\\\/\\\/cmvsf2.org\\\/web\\\/#\\\/schema\\\/person\\\/46ea3630099a4a3df8d89f07cf5f7520\"},\"headline\":\"El CMVSF2 celebr\u00f3 su 75\u00ba aniversario con una hermosa fiesta\",\"datePublished\":\"2026-08-12T20:14:30+00:00\",\"dateModified\":\"2026-08-12T22:35:08+00:00\",\"mainEntityOfPage\":{\"@id\":\"https:\\\/\\\/cmvsf2.org\\\/web\\\/2026\\\/08\\\/12\\\/el-cmvsf2-celebro-su-75o-aniversario-con-una-hermosa-fiesta\\\/\"},\"wordCount\":704,\"publisher\":{\"@id\":\"https:\\\/\\\/cmvsf2.org\\\/web\\\/#organization\"},\"image\":{\"@id\":\"https:\\\/\\\/cmvsf2.org\\\/web\\\/2026\\\/08\\\/12\\\/el-cmvsf2-celebro-su-75o-aniversario-con-una-hermosa-fiesta\\\/#primaryimage\"},\"thumbnailUrl\":\"https:\\\/\\\/cmvsf2.org\\\/web\\\/wp-content\\\/uploads\\\/2026\\\/08\\\/imagen-destacada-web-1.png\",\"keywords\":[\"75\u00ba aniversario\",\"cena\",\"fiesta\"],\"articleSection\":[\"Destacada\",\"Institucionales\"],\"inLanguage\":\"es\"},{\"@type\":\"WebPage\",\"@id\":\"https:\\\/\\\/cmvsf2.org\\\/web\\\/2026\\\/08\\\/12\\\/el-cmvsf2-celebro-su-75o-aniversario-con-una-hermosa-fiesta\\\/\",\"url\":\"https:\\\/\\\/cmvsf2.org\\\/web\\\/2026\\\/08\\\/12\\\/el-cmvsf2-celebro-su-75o-aniversario-con-una-hermosa-fiesta\\\/\",\"name\":\"El CMVSF2 celebr\u00f3 su 75\u00ba aniversario con una hermosa fiesta - Colegio De Veterinarios De Santa Fe 2da. Circunscripci\u00f3n\",\"isPartOf\":{\"@id\":\"https:\\\/\\\/cmvsf2.org\\\/web\\\/#website\"},\"primaryImageOfPage\":{\"@id\":\"https:\\\/\\\/cmvsf2.org\\\/web\\\/2026\\\/08\\\/12\\\/el-cmvsf2-celebro-su-75o-aniversario-con-una-hermosa-fiesta\\\/#primaryimage\"},\"image\":{\"@id\":\"https:\\\/\\\/cmvsf2.org\\\/web\\\/2026\\\/08\\\/12\\\/el-cmvsf2-celebro-su-75o-aniversario-con-una-hermosa-fiesta\\\/#primaryimage\"},\"thumbnailUrl\":\"https:\\\/\\\/cmvsf2.org\\\/web\\\/wp-content\\\/uploads\\\/2026\\\/08\\\/imagen-destacada-web-1.png\",\"datePublished\":\"2026-08-12T20:14:30+00:00\",\"dateModified\":\"2026-08-12T22:35:08+00:00\",\"description\":\"El pasado s\u00e1bado 8 de agosto, el CMVSF2 vivi\u00f3 una fiesta inolvidable en la que celebr\u00f3 sus 75 a\u00f1os de historia, que lo convierten en el primer colegio\",\"breadcrumb\":{\"@id\":\"https:\\\/\\\/cmvsf2.org\\\/web\\\/2026\\\/08\\\/12\\\/el-cmvsf2-celebro-su-75o-aniversario-con-una-hermosa-fiesta\\\/#breadcrumb\"},\"inLanguage\":\"es\",\"potentialAction\":[{\"@type\":\"ReadAction\",\"target\":[\"https:\\\/\\\/cmvsf2.org\\\/web\\\/2026\\\/08\\\/12\\\/el-cmvsf2-celebro-su-75o-aniversario-con-una-hermosa-fiesta\\\/\"]}]},{\"@type\":\"ImageObject\",\"inLanguage\":\"es\",\"@id\":\"https:\\\/\\\/cmvsf2.org\\\/web\\\/2026\\\/08\\\/12\\\/el-cmvsf2-celebro-su-75o-aniversario-con-una-hermosa-fiesta\\\/#primaryimage\",\"url\":\"https:\\\/\\\/cmvsf2.org\\\/web\\\/wp-content\\\/uploads\\\/2026\\\/08\\\/imagen-destacada-web-1.png\",\"contentUrl\":\"https:\\\/\\\/cmvsf2.org\\\/web\\\/wp-content\\\/uploads\\\/2026\\\/08\\\/imagen-destacada-web-1.png\",\"width\":1200,\"height\":628},{\"@type\":\"BreadcrumbList\",\"@id\":\"https:\\\/\\\/cmvsf2.org\\\/web\\\/2026\\\/08\\\/12\\\/el-cmvsf2-celebro-su-75o-aniversario-con-una-hermosa-fiesta\\\/#breadcrumb\",\"itemListElement\":[{\"@type\":\"ListItem\",\"position\":1,\"name\":\"Portada\",\"item\":\"https:\\\/\\\/cmvsf2.org\\\/web\\\/\"},{\"@type\":\"ListItem\",\"position\":2,\"name\":\"El CMVSF2 celebr\u00f3 su 75\u00ba aniversario con una hermosa fiesta\"}]},{\"@type\":\"WebSite\",\"@id\":\"https:\\\/\\\/cmvsf2.org\\\/web\\\/#website\",\"url\":\"https:\\\/\\\/cmvsf2.org\\\/web\\\/\",\"name\":\"Colegio De Veterinarios De Santa Fe 2da. Circunscripci\u00f3n\",\"description\":\"Sitio institucional del Colegio de M\u00e9dicos Veterinario de Santa Fe 2da. Circunscripci\u00f3n\",\"publisher\":{\"@id\":\"https:\\\/\\\/cmvsf2.org\\\/web\\\/#organization\"},\"potentialAction\":[{\"@type\":\"SearchAction\",\"target\":{\"@type\":\"EntryPoint\",\"urlTemplate\":\"https:\\\/\\\/cmvsf2.org\\\/web\\\/?s={search_term_string}\"},\"query-input\":{\"@type\":\"PropertyValueSpecification\",\"valueRequired\":true,\"valueName\":\"search_term_string\"}}],\"inLanguage\":\"es\"},{\"@type\":\"Organization\",\"@id\":\"https:\\\/\\\/cmvsf2.org\\\/web\\\/#organization\",\"name\":\"Colegio De Veterinarios De Santa Fe 2da. Circunscripci\u00f3n\",\"url\":\"https:\\\/\\\/cmvsf2.org\\\/web\\\/\",\"logo\":{\"@type\":\"ImageObject\",\"inLanguage\":\"es\",\"@id\":\"https:\\\/\\\/cmvsf2.org\\\/web\\\/#\\\/schema\\\/logo\\\/image\\\/\",\"url\":\"http:\\\/\\\/cmvsf2.org\\\/web\\\/wp-content\\\/uploads\\\/2020\\\/03\\\/vector-logo-02.png\",\"contentUrl\":\"http:\\\/\\\/cmvsf2.org\\\/web\\\/wp-content\\\/uploads\\\/2020\\\/03\\\/vector-logo-02.png\",\"width\":2750,\"height\":642,\"caption\":\"Colegio De Veterinarios De Santa Fe 2da. Circunscripci\u00f3n\"},\"image\":{\"@id\":\"https:\\\/\\\/cmvsf2.org\\\/web\\\/#\\\/schema\\\/logo\\\/image\\\/\"}},{\"@type\":\"Person\",\"@id\":\"https:\\\/\\\/cmvsf2.org\\\/web\\\/#\\\/schema\\\/person\\\/46ea3630099a4a3df8d89f07cf5f7520\",\"name\":\"cmvsf2\",\"image\":{\"@type\":\"ImageObject\",\"inLanguage\":\"es\",\"@id\":\"https:\\\/\\\/secure.gravatar.com\\\/avatar\\\/669647b61c77f28f1aa51df04174a5ecb296e9988b4a93d2870666cd1f502cd7?s=96&d=mm&r=g\",\"url\":\"https:\\\/\\\/secure.gravatar.com\\\/avatar\\\/669647b61c77f28f1aa51df04174a5ecb296e9988b4a93d2870666cd1f502cd7?s=96&d=mm&r=g\",\"contentUrl\":\"https:\\\/\\\/secure.gravatar.com\\\/avatar\\\/669647b61c77f28f1aa51df04174a5ecb296e9988b4a93d2870666cd1f502cd7?s=96&d=mm&r=g\",\"caption\":\"cmvsf2\"}}]}<\/script>\n<!-- \/ Yoast SEO plugin. -->","yoast_head_json":{"title":"El CMVSF2 celebr\u00f3 su 75\u00ba aniversario con una hermosa fiesta - Colegio De Veterinarios De Santa Fe 2da. Circunscripci\u00f3n","description":"El pasado s\u00e1bado 8 de agosto, el CMVSF2 vivi\u00f3 una fiesta inolvidable en la que celebr\u00f3 sus 75 a\u00f1os de historia, que lo convierten en el primer colegio","robots":{"index":"index","follow":"follow","max-snippet":"max-snippet:-1","max-image-preview":"max-image-preview:large","max-video-preview":"max-video-preview:-1"},"canonical":"https:\/\/cmvsf2.org\/web\/2026\/08\/12\/el-cmvsf2-celebro-su-75o-aniversario-con-una-hermosa-fiesta\/","og_locale":"es_ES","og_type":"article","og_title":"El CMVSF2 celebr\u00f3 su 75\u00ba aniversario con una hermosa fiesta - Colegio De Veterinarios De Santa Fe 2da. Circunscripci\u00f3n","og_description":"El pasado s\u00e1bado 8 de agosto, el CMVSF2 vivi\u00f3 una fiesta inolvidable en la que celebr\u00f3 sus 75 a\u00f1os de historia, que lo convierten en el primer colegio","og_url":"https:\/\/cmvsf2.org\/web\/2026\/08\/12\/el-cmvsf2-celebro-su-75o-aniversario-con-una-hermosa-fiesta\/","og_site_name":"Colegio De Veterinarios De Santa Fe 2da. Circunscripci\u00f3n","article_published_time":"2026-08-12T20:14:30+00:00","article_modified_time":"2026-08-12T22:35:08+00:00","og_image":[{"width":1200,"height":628,"url":"https:\/\/cmvsf2.org\/web\/wp-content\/uploads\/2026\/08\/imagen-destacada-web-1.png","type":"image\/png"}],"author":"cmvsf2","twitter_card":"summary_large_image","twitter_misc":{"Escrito por":"cmvsf2","Tiempo de lectura":"4 minutos"},"schema":{"@context":"https:\/\/schema.org","@graph":[{"@type":"Article","@id":"https:\/\/cmvsf2.org\/web\/2026\/08\/12\/el-cmvsf2-celebro-su-75o-aniversario-con-una-hermosa-fiesta\/#article","isPartOf":{"@id":"https:\/\/cmvsf2.org\/web\/2026\/08\/12\/el-cmvsf2-celebro-su-75o-aniversario-con-una-hermosa-fiesta\/"},"author":{"name":"cmvsf2","@id":"https:\/\/cmvsf2.org\/web\/#\/schema\/person\/46ea3630099a4a3df8d89f07cf5f7520"},"headline":"El CMVSF2 celebr\u00f3 su 75\u00ba aniversario con una hermosa fiesta","datePublished":"2026-08-12T20:14:30+00:00","dateModified":"2026-08-12T22:35:08+00:00","mainEntityOfPage":{"@id":"https:\/\/cmvsf2.org\/web\/2026\/08\/12\/el-cmvsf2-celebro-su-75o-aniversario-con-una-hermosa-fiesta\/"},"wordCount":704,"publisher":{"@id":"https:\/\/cmvsf2.org\/web\/#organization"},"image":{"@id":"https:\/\/cmvsf2.org\/web\/2026\/08\/12\/el-cmvsf2-celebro-su-75o-aniversario-con-una-hermosa-fiesta\/#primaryimage"},"thumbnailUrl":"https:\/\/cmvsf2.org\/web\/wp-content\/uploads\/2026\/08\/imagen-destacada-web-1.png","keywords":["75\u00ba aniversario","cena","fiesta"],"articleSection":["Destacada","Institucionales"],"inLanguage":"es"},{"@type":"WebPage","@id":"https:\/\/cmvsf2.org\/web\/2026\/08\/12\/el-cmvsf2-celebro-su-75o-aniversario-con-una-hermosa-fiesta\/","url":"https:\/\/cmvsf2.org\/web\/2026\/08\/12\/el-cmvsf2-celebro-su-75o-aniversario-con-una-hermosa-fiesta\/","name":"El CMVSF2 celebr\u00f3 su 75\u00ba aniversario con una hermosa fiesta - Colegio De Veterinarios De Santa Fe 2da. Circunscripci\u00f3n","isPartOf":{"@id":"https:\/\/cmvsf2.org\/web\/#website"},"primaryImageOfPage":{"@id":"https:\/\/cmvsf2.org\/web\/2026\/08\/12\/el-cmvsf2-celebro-su-75o-aniversario-con-una-hermosa-fiesta\/#primaryimage"},"image":{"@id":"https:\/\/cmvsf2.org\/web\/2026\/08\/12\/el-cmvsf2-celebro-su-75o-aniversario-con-una-hermosa-fiesta\/#primaryimage"},"thumbnailUrl":"https:\/\/cmvsf2.org\/web\/wp-content\/uploads\/2026\/08\/imagen-destacada-web-1.png","datePublished":"2026-08-12T20:14:30+00:00","dateModified":"2026-08-12T22:35:08+00:00","description":"El pasado s\u00e1bado 8 de agosto, el CMVSF2 vivi\u00f3 una fiesta inolvidable en la que celebr\u00f3 sus 75 a\u00f1os de historia, que lo convierten en el primer colegio","breadcrumb":{"@id":"https:\/\/cmvsf2.org\/web\/2026\/08\/12\/el-cmvsf2-celebro-su-75o-aniversario-con-una-hermosa-fiesta\/#breadcrumb"},"inLanguage":"es","potentialAction":[{"@type":"ReadAction","target":["https:\/\/cmvsf2.org\/web\/2026\/08\/12\/el-cmvsf2-celebro-su-75o-aniversario-con-una-hermosa-fiesta\/"]}]},{"@type":"ImageObject","inLanguage":"es","@id":"https:\/\/cmvsf2.org\/web\/2026\/08\/12\/el-cmvsf2-celebro-su-75o-aniversario-con-una-hermosa-fiesta\/#primaryimage","url":"https:\/\/cmvsf2.org\/web\/wp-content\/uploads\/2026\/08\/imagen-destacada-web-1.png","contentUrl":"https:\/\/cmvsf2.org\/web\/wp-content\/uploads\/2026\/08\/imagen-destacada-web-1.png","width":1200,"height":628},{"@type":"BreadcrumbList","@id":"https:\/\/cmvsf2.org\/web\/2026\/08\/12\/el-cmvsf2-celebro-su-75o-aniversario-con-una-hermosa-fiesta\/#breadcrumb","itemListElement":[{"@type":"ListItem","position":1,"name":"Portada","item":"https:\/\/cmvsf2.org\/web\/"},{"@type":"ListItem","position":2,"name":"El CMVSF2 celebr\u00f3 su 75\u00ba aniversario con una hermosa fiesta"}]},{"@type":"WebSite","@id":"https:\/\/cmvsf2.org\/web\/#website","url":"https:\/\/cmvsf2.org\/web\/","name":"Colegio De Veterinarios De Santa Fe 2da. Circunscripci\u00f3n","description":"Sitio institucional del Colegio de M\u00e9dicos Veterinario de Santa Fe 2da. Circunscripci\u00f3n","publisher":{"@id":"https:\/\/cmvsf2.org\/web\/#organization"},"potentialAction":[{"@type":"SearchAction","target":{"@type":"EntryPoint","urlTemplate":"https:\/\/cmvsf2.org\/web\/?s={search_term_string}"},"query-input":{"@type":"PropertyValueSpecification","valueRequired":true,"valueName":"search_term_string"}}],"inLanguage":"es"},{"@type":"Organization","@id":"https:\/\/cmvsf2.org\/web\/#organization","name":"Colegio De Veterinarios De Santa Fe 2da. Circunscripci\u00f3n","url":"https:\/\/cmvsf2.org\/web\/","logo":{"@type":"ImageObject","inLanguage":"es","@id":"https:\/\/cmvsf2.org\/web\/#\/schema\/logo\/image\/","url":"http:\/\/cmvsf2.org\/web\/wp-content\/uploads\/2020\/03\/vector-logo-02.png","contentUrl":"http:\/\/cmvsf2.org\/web\/wp-content\/uploads\/2020\/03\/vector-logo-02.png","width":2750,"height":642,"caption":"Colegio De Veterinarios De Santa Fe 2da. Circunscripci\u00f3n"},"image":{"@id":"https:\/\/cmvsf2.org\/web\/#\/schema\/logo\/image\/"}},{"@type":"Person","@id":"https:\/\/cmvsf2.org\/web\/#\/schema\/person\/46ea3630099a4a3df8d89f07cf5f7520","name":"cmvsf2","image":{"@type":"ImageObject","inLanguage":"es","@id":"https:\/\/secure.gravatar.com\/avatar\/669647b61c77f28f1aa51df04174a5ecb296e9988b4a93d2870666cd1f502cd7?s=96&d=mm&r=g","url":"https:\/\/secure.gravatar.com\/avatar\/669647b61c77f28f1aa51df04174a5ecb296e9988b4a93d2870666cd1f502cd7?s=96&d=mm&r=g","contentUrl":"https:\/\/secure.gravatar.com\/avatar\/669647b61c77f28f1aa51df04174a5ecb296e9988b4a93d2870666cd1f502cd7?s=96&d=mm&r=g","caption":"cmvsf2"}}]}},"_links":{"self":[{"href":"https:\/\/cmvsf2.org\/web\/wp-json\/wp\/v2\/posts\/35685","targetHints":{"allow":["GET"]}}],"collection":[{"href":"https:\/\/cmvsf2.org\/web\/wp-json\/wp\/v2\/posts"}],"about":[{"href":"https:\/\/cmvsf2.org\/web\/wp-json\/wp\/v2\/types\/post"}],"author":[{"embeddable":true,"href":"https:\/\/cmvsf2.org\/web\/wp-json\/wp\/v2\/users\/3"}],"replies":[{"embeddable":true,"href":"https:\/\/cmvsf2.org\/web\/wp-json\/wp\/v2\/comments?post=35685"}],"version-history":[{"count":2,"href":"https:\/\/cmvsf2.org\/web\/wp-json\/wp\/v2\/posts\/35685\/revisions"}],"predecessor-version":[{"id":35692,"href":"https:\/\/cmvsf2.org\/web\/wp-json\/wp\/v2\/posts\/35685\/revisions\/35692"}],"wp:featuredmedia":[{"embeddable":true,"href":"https:\/\/cmvsf2.org\/web\/wp-json\/wp\/v2\/media\/35686"}],"wp:attachment":[{"href":"https:\/\/cmvsf2.org\/web\/wp-json\/wp\/v2\/media?parent=35685"}],"wp:term":[{"taxonomy":"category","embeddable":true,"href":"https:\/\/cmvsf2.org\/web\/wp-json\/wp\/v2\/categories?post=35685"},{"taxonomy":"post_tag","embeddable":true,"href":"https:\/\/cmvsf2.org\/web\/wp-json\/wp\/v2\/tags?post=35685"}],"curies":[{"name":"wp","href":"https:\/\/api.w.org\/{rel}","templated":true}]}}