{"id":35606,"date":"2026-07-25T14:59:25","date_gmt":"2026-07-25T17:59:25","guid":{"rendered":"https:\/\/cmvsf2.org\/web\/?p=35606"},"modified":"2026-07-25T15:04:12","modified_gmt":"2026-07-25T18:04:12","slug":"se-realizo-la-donacion-de-un-retroproyector-al-museo-gustavo-cochet-de-funes","status":"publish","type":"post","link":"https:\/\/cmvsf2.org\/web\/2026\/07\/25\/se-realizo-la-donacion-de-un-retroproyector-al-museo-gustavo-cochet-de-funes\/","title":{"rendered":"Se realiz\u00f3 la donaci\u00f3n de un retroproyector al Museo Gustavo Cochet de Funes"},"content":{"rendered":"<p>El CMVSF2 efectiviz\u00f3 la donaci\u00f3n de un equipo de retroproyecci\u00f3n 3M modelo 9080 al Museo Taller Gustavo Cochet de la localidad de Funes, dispuesto por resoluci\u00f3n N\u00ba 5606 de Mesa Directiva.<\/p>\n<p>Esta acci\u00f3n se enmarca en el permanente mantenimiento y refacci\u00f3n de las distintas instalaciones del edificio que es sede de nuestro Colegio y en este caso, la adecuaci\u00f3n de los equipos adapt\u00e1ndolos a las nuevas tecnolog\u00edas, tanto de hardware como de software.<\/p>\n<p>Con esta donaci\u00f3n, se le dar\u00e1 al mencionado retroproyector un nuevo destino, para actividades educativas y talleres did\u00e1cticos.<\/p>\n<p>E Museo Taller Gustavo Cochet es una Asociaci\u00f3n sin fines de lucro que custodia y promueve el patrimonio art\u00edstico perteneciente al artista Gustavo Cochet en Funes, que viene desarrollando su labor en tres aspectos: 1-Conservaci\u00f3n del patrimonio. 2-Actividades Culturales y de Difusi\u00f3n del patrimonio. 3-Actividades Educativas-Talleres y visitas did\u00e1cticas.<\/p>\n<p>La entrega fue efectivizada por los colegas que integran el C\u00edrculo de M\u00e9dicos Veterinarios de Funes y Rold\u00e1n.<\/p>\n","protected":false},"excerpt":{"rendered":"<p>El CMVSF2 efectiviz\u00f3 la donaci\u00f3n de un equipo de retroproyecci\u00f3n 3M modelo 9080 al Museo Taller Gustavo Cochet de la localidad de Funes, dispuesto por resoluci\u00f3n N\u00ba 5606 de Mesa Directiva. Esta acci\u00f3n se enmarca en el permanente mantenimiento y refacci\u00f3n de las distintas instalaciones del edificio que es sede de nuestro Colegio y en este caso, la adecuaci\u00f3n de los equipos adapt\u00e1ndolos a [&hellip;]<\/p>\n","protected":false},"author":3,"featured_media":35607,"comment_status":"closed","ping_status":"closed","sticky":false,"template":"","format":"standard","meta":{"_acf_changed":false,"footnotes":""},"categories":[343,345],"tags":[1122,1124,1123],"class_list":["post-35606","post","type-post","status-publish","format-standard","has-post-thumbnail","hentry","category-destacada","category-institucionales","tag-donacion","tag-museo-cochet","tag-retroproyector"],"acf":[],"yoast_head":"<!-- This site is optimized with the Yoast SEO plugin v28.2 - https:\/\/yoast.com\/product\/yoast-seo-wordpress\/ -->\n<title>Se realiz\u00f3 la donaci\u00f3n de un retroproyector al Museo Gustavo Cochet de Funes - Colegio De Veterinarios De Santa Fe 2da. Circunscripci\u00f3n<\/title>\n<meta name=\"description\" content=\"El CMVSF2 efectiviz\u00f3 la donaci\u00f3n de un equipo de retroproyecci\u00f3n 3M modelo 9080 al Museo Taller Gustavo Cochet de la localidad de Funes, dispuesto por\" \/>\n<meta name=\"robots\" content=\"index, follow, max-snippet:-1, max-image-preview:large, max-video-preview:-1\" \/>\n<link rel=\"canonical\" href=\"https:\/\/cmvsf2.org\/web\/2026\/07\/25\/se-realizo-la-donacion-de-un-retroproyector-al-museo-gustavo-cochet-de-funes\/\" \/>\n<meta property=\"og:locale\" content=\"es_ES\" \/>\n<meta property=\"og:type\" content=\"article\" \/>\n<meta property=\"og:title\" content=\"Se realiz\u00f3 la donaci\u00f3n de un retroproyector al Museo Gustavo Cochet de Funes - Colegio De Veterinarios De Santa Fe 2da. Circunscripci\u00f3n\" \/>\n<meta property=\"og:description\" content=\"El CMVSF2 efectiviz\u00f3 la donaci\u00f3n de un equipo de retroproyecci\u00f3n 3M modelo 9080 al Museo Taller Gustavo Cochet de la localidad de Funes, dispuesto por\" \/>\n<meta property=\"og:url\" content=\"https:\/\/cmvsf2.org\/web\/2026\/07\/25\/se-realizo-la-donacion-de-un-retroproyector-al-museo-gustavo-cochet-de-funes\/\" \/>\n<meta property=\"og:site_name\" content=\"Colegio De Veterinarios De Santa Fe 2da. Circunscripci\u00f3n\" \/>\n<meta property=\"article:published_time\" content=\"2026-07-25T17:59:25+00:00\" \/>\n<meta property=\"article:modified_time\" content=\"2026-07-25T18:04:12+00:00\" \/>\n<meta property=\"og:image\" content=\"https:\/\/cmvsf2.org\/web\/wp-content\/uploads\/2026\/07\/WhatsApp-Image-2026-06-24-at-14.25.55-e1785002641810.jpeg\" \/>\n\t<meta property=\"og:image:width\" content=\"960\" \/>\n\t<meta property=\"og:image:height\" content=\"790\" \/>\n\t<meta property=\"og:image:type\" content=\"image\/jpeg\" \/>\n<meta name=\"author\" content=\"cmvsf2\" \/>\n<meta name=\"twitter:card\" content=\"summary_large_image\" \/>\n<meta name=\"twitter:label1\" content=\"Escrito por\" \/>\n\t<meta name=\"twitter:data1\" content=\"cmvsf2\" \/>\n\t<meta name=\"twitter:label2\" content=\"Tiempo de lectura\" \/>\n\t<meta name=\"twitter:data2\" content=\"1 minuto\" \/>\n<script type=\"application\/ld+json\" class=\"yoast-schema-graph\">{\"@context\":\"https:\\\/\\\/schema.org\",\"@graph\":[{\"@type\":\"Article\",\"@id\":\"https:\\\/\\\/cmvsf2.org\\\/web\\\/2026\\\/07\\\/25\\\/se-realizo-la-donacion-de-un-retroproyector-al-museo-gustavo-cochet-de-funes\\\/#article\",\"isPartOf\":{\"@id\":\"https:\\\/\\\/cmvsf2.org\\\/web\\\/2026\\\/07\\\/25\\\/se-realizo-la-donacion-de-un-retroproyector-al-museo-gustavo-cochet-de-funes\\\/\"},\"author\":{\"name\":\"cmvsf2\",\"@id\":\"https:\\\/\\\/cmvsf2.org\\\/web\\\/#\\\/schema\\\/person\\\/46ea3630099a4a3df8d89f07cf5f7520\"},\"headline\":\"Se realiz\u00f3 la donaci\u00f3n de un retroproyector al Museo Gustavo Cochet de Funes\",\"datePublished\":\"2026-07-25T17:59:25+00:00\",\"dateModified\":\"2026-07-25T18:04:12+00:00\",\"mainEntityOfPage\":{\"@id\":\"https:\\\/\\\/cmvsf2.org\\\/web\\\/2026\\\/07\\\/25\\\/se-realizo-la-donacion-de-un-retroproyector-al-museo-gustavo-cochet-de-funes\\\/\"},\"wordCount\":188,\"publisher\":{\"@id\":\"https:\\\/\\\/cmvsf2.org\\\/web\\\/#organization\"},\"image\":{\"@id\":\"https:\\\/\\\/cmvsf2.org\\\/web\\\/2026\\\/07\\\/25\\\/se-realizo-la-donacion-de-un-retroproyector-al-museo-gustavo-cochet-de-funes\\\/#primaryimage\"},\"thumbnailUrl\":\"https:\\\/\\\/cmvsf2.org\\\/web\\\/wp-content\\\/uploads\\\/2026\\\/07\\\/WhatsApp-Image-2026-06-24-at-14.25.55-e1785002641810.jpeg\",\"keywords\":[\"donaci\u00f3n\",\"museo Cochet\",\"retroproyector\"],\"articleSection\":[\"Destacada\",\"Institucionales\"],\"inLanguage\":\"es\"},{\"@type\":\"WebPage\",\"@id\":\"https:\\\/\\\/cmvsf2.org\\\/web\\\/2026\\\/07\\\/25\\\/se-realizo-la-donacion-de-un-retroproyector-al-museo-gustavo-cochet-de-funes\\\/\",\"url\":\"https:\\\/\\\/cmvsf2.org\\\/web\\\/2026\\\/07\\\/25\\\/se-realizo-la-donacion-de-un-retroproyector-al-museo-gustavo-cochet-de-funes\\\/\",\"name\":\"Se realiz\u00f3 la donaci\u00f3n de un retroproyector al Museo Gustavo Cochet de Funes - Colegio De Veterinarios De Santa Fe 2da. Circunscripci\u00f3n\",\"isPartOf\":{\"@id\":\"https:\\\/\\\/cmvsf2.org\\\/web\\\/#website\"},\"primaryImageOfPage\":{\"@id\":\"https:\\\/\\\/cmvsf2.org\\\/web\\\/2026\\\/07\\\/25\\\/se-realizo-la-donacion-de-un-retroproyector-al-museo-gustavo-cochet-de-funes\\\/#primaryimage\"},\"image\":{\"@id\":\"https:\\\/\\\/cmvsf2.org\\\/web\\\/2026\\\/07\\\/25\\\/se-realizo-la-donacion-de-un-retroproyector-al-museo-gustavo-cochet-de-funes\\\/#primaryimage\"},\"thumbnailUrl\":\"https:\\\/\\\/cmvsf2.org\\\/web\\\/wp-content\\\/uploads\\\/2026\\\/07\\\/WhatsApp-Image-2026-06-24-at-14.25.55-e1785002641810.jpeg\",\"datePublished\":\"2026-07-25T17:59:25+00:00\",\"dateModified\":\"2026-07-25T18:04:12+00:00\",\"description\":\"El CMVSF2 efectiviz\u00f3 la donaci\u00f3n de un equipo de retroproyecci\u00f3n 3M modelo 9080 al Museo Taller Gustavo Cochet de la localidad de Funes, dispuesto por\",\"breadcrumb\":{\"@id\":\"https:\\\/\\\/cmvsf2.org\\\/web\\\/2026\\\/07\\\/25\\\/se-realizo-la-donacion-de-un-retroproyector-al-museo-gustavo-cochet-de-funes\\\/#breadcrumb\"},\"inLanguage\":\"es\",\"potentialAction\":[{\"@type\":\"ReadAction\",\"target\":[\"https:\\\/\\\/cmvsf2.org\\\/web\\\/2026\\\/07\\\/25\\\/se-realizo-la-donacion-de-un-retroproyector-al-museo-gustavo-cochet-de-funes\\\/\"]}]},{\"@type\":\"ImageObject\",\"inLanguage\":\"es\",\"@id\":\"https:\\\/\\\/cmvsf2.org\\\/web\\\/2026\\\/07\\\/25\\\/se-realizo-la-donacion-de-un-retroproyector-al-museo-gustavo-cochet-de-funes\\\/#primaryimage\",\"url\":\"https:\\\/\\\/cmvsf2.org\\\/web\\\/wp-content\\\/uploads\\\/2026\\\/07\\\/WhatsApp-Image-2026-06-24-at-14.25.55-e1785002641810.jpeg\",\"contentUrl\":\"https:\\\/\\\/cmvsf2.org\\\/web\\\/wp-content\\\/uploads\\\/2026\\\/07\\\/WhatsApp-Image-2026-06-24-at-14.25.55-e1785002641810.jpeg\",\"width\":960,\"height\":790},{\"@type\":\"BreadcrumbList\",\"@id\":\"https:\\\/\\\/cmvsf2.org\\\/web\\\/2026\\\/07\\\/25\\\/se-realizo-la-donacion-de-un-retroproyector-al-museo-gustavo-cochet-de-funes\\\/#breadcrumb\",\"itemListElement\":[{\"@type\":\"ListItem\",\"position\":1,\"name\":\"Portada\",\"item\":\"https:\\\/\\\/cmvsf2.org\\\/web\\\/\"},{\"@type\":\"ListItem\",\"position\":2,\"name\":\"Se realiz\u00f3 la donaci\u00f3n de un retroproyector al Museo Gustavo Cochet de Funes\"}]},{\"@type\":\"WebSite\",\"@id\":\"https:\\\/\\\/cmvsf2.org\\\/web\\\/#website\",\"url\":\"https:\\\/\\\/cmvsf2.org\\\/web\\\/\",\"name\":\"Colegio De Veterinarios De Santa Fe 2da. Circunscripci\u00f3n\",\"description\":\"Sitio institucional del Colegio de M\u00e9dicos Veterinario de Santa Fe 2da. Circunscripci\u00f3n\",\"publisher\":{\"@id\":\"https:\\\/\\\/cmvsf2.org\\\/web\\\/#organization\"},\"potentialAction\":[{\"@type\":\"SearchAction\",\"target\":{\"@type\":\"EntryPoint\",\"urlTemplate\":\"https:\\\/\\\/cmvsf2.org\\\/web\\\/?s={search_term_string}\"},\"query-input\":{\"@type\":\"PropertyValueSpecification\",\"valueRequired\":true,\"valueName\":\"search_term_string\"}}],\"inLanguage\":\"es\"},{\"@type\":\"Organization\",\"@id\":\"https:\\\/\\\/cmvsf2.org\\\/web\\\/#organization\",\"name\":\"Colegio De Veterinarios De Santa Fe 2da. Circunscripci\u00f3n\",\"url\":\"https:\\\/\\\/cmvsf2.org\\\/web\\\/\",\"logo\":{\"@type\":\"ImageObject\",\"inLanguage\":\"es\",\"@id\":\"https:\\\/\\\/cmvsf2.org\\\/web\\\/#\\\/schema\\\/logo\\\/image\\\/\",\"url\":\"http:\\\/\\\/cmvsf2.org\\\/web\\\/wp-content\\\/uploads\\\/2020\\\/03\\\/vector-logo-02.png\",\"contentUrl\":\"http:\\\/\\\/cmvsf2.org\\\/web\\\/wp-content\\\/uploads\\\/2020\\\/03\\\/vector-logo-02.png\",\"width\":2750,\"height\":642,\"caption\":\"Colegio De Veterinarios De Santa Fe 2da. Circunscripci\u00f3n\"},\"image\":{\"@id\":\"https:\\\/\\\/cmvsf2.org\\\/web\\\/#\\\/schema\\\/logo\\\/image\\\/\"}},{\"@type\":\"Person\",\"@id\":\"https:\\\/\\\/cmvsf2.org\\\/web\\\/#\\\/schema\\\/person\\\/46ea3630099a4a3df8d89f07cf5f7520\",\"name\":\"cmvsf2\",\"image\":{\"@type\":\"ImageObject\",\"inLanguage\":\"es\",\"@id\":\"https:\\\/\\\/secure.gravatar.com\\\/avatar\\\/669647b61c77f28f1aa51df04174a5ecb296e9988b4a93d2870666cd1f502cd7?s=96&d=mm&r=g\",\"url\":\"https:\\\/\\\/secure.gravatar.com\\\/avatar\\\/669647b61c77f28f1aa51df04174a5ecb296e9988b4a93d2870666cd1f502cd7?s=96&d=mm&r=g\",\"contentUrl\":\"https:\\\/\\\/secure.gravatar.com\\\/avatar\\\/669647b61c77f28f1aa51df04174a5ecb296e9988b4a93d2870666cd1f502cd7?s=96&d=mm&r=g\",\"caption\":\"cmvsf2\"}}]}<\/script>\n<!-- \/ Yoast SEO plugin. -->","yoast_head_json":{"title":"Se realiz\u00f3 la donaci\u00f3n de un retroproyector al Museo Gustavo Cochet de Funes - Colegio De Veterinarios De Santa Fe 2da. Circunscripci\u00f3n","description":"El CMVSF2 efectiviz\u00f3 la donaci\u00f3n de un equipo de retroproyecci\u00f3n 3M modelo 9080 al Museo Taller Gustavo Cochet de la localidad de Funes, dispuesto por","robots":{"index":"index","follow":"follow","max-snippet":"max-snippet:-1","max-image-preview":"max-image-preview:large","max-video-preview":"max-video-preview:-1"},"canonical":"https:\/\/cmvsf2.org\/web\/2026\/07\/25\/se-realizo-la-donacion-de-un-retroproyector-al-museo-gustavo-cochet-de-funes\/","og_locale":"es_ES","og_type":"article","og_title":"Se realiz\u00f3 la donaci\u00f3n de un retroproyector al Museo Gustavo Cochet de Funes - Colegio De Veterinarios De Santa Fe 2da. Circunscripci\u00f3n","og_description":"El CMVSF2 efectiviz\u00f3 la donaci\u00f3n de un equipo de retroproyecci\u00f3n 3M modelo 9080 al Museo Taller Gustavo Cochet de la localidad de Funes, dispuesto por","og_url":"https:\/\/cmvsf2.org\/web\/2026\/07\/25\/se-realizo-la-donacion-de-un-retroproyector-al-museo-gustavo-cochet-de-funes\/","og_site_name":"Colegio De Veterinarios De Santa Fe 2da. Circunscripci\u00f3n","article_published_time":"2026-07-25T17:59:25+00:00","article_modified_time":"2026-07-25T18:04:12+00:00","og_image":[{"width":960,"height":790,"url":"https:\/\/cmvsf2.org\/web\/wp-content\/uploads\/2026\/07\/WhatsApp-Image-2026-06-24-at-14.25.55-e1785002641810.jpeg","type":"image\/jpeg"}],"author":"cmvsf2","twitter_card":"summary_large_image","twitter_misc":{"Escrito por":"cmvsf2","Tiempo de lectura":"1 minuto"},"schema":{"@context":"https:\/\/schema.org","@graph":[{"@type":"Article","@id":"https:\/\/cmvsf2.org\/web\/2026\/07\/25\/se-realizo-la-donacion-de-un-retroproyector-al-museo-gustavo-cochet-de-funes\/#article","isPartOf":{"@id":"https:\/\/cmvsf2.org\/web\/2026\/07\/25\/se-realizo-la-donacion-de-un-retroproyector-al-museo-gustavo-cochet-de-funes\/"},"author":{"name":"cmvsf2","@id":"https:\/\/cmvsf2.org\/web\/#\/schema\/person\/46ea3630099a4a3df8d89f07cf5f7520"},"headline":"Se realiz\u00f3 la donaci\u00f3n de un retroproyector al Museo Gustavo Cochet de Funes","datePublished":"2026-07-25T17:59:25+00:00","dateModified":"2026-07-25T18:04:12+00:00","mainEntityOfPage":{"@id":"https:\/\/cmvsf2.org\/web\/2026\/07\/25\/se-realizo-la-donacion-de-un-retroproyector-al-museo-gustavo-cochet-de-funes\/"},"wordCount":188,"publisher":{"@id":"https:\/\/cmvsf2.org\/web\/#organization"},"image":{"@id":"https:\/\/cmvsf2.org\/web\/2026\/07\/25\/se-realizo-la-donacion-de-un-retroproyector-al-museo-gustavo-cochet-de-funes\/#primaryimage"},"thumbnailUrl":"https:\/\/cmvsf2.org\/web\/wp-content\/uploads\/2026\/07\/WhatsApp-Image-2026-06-24-at-14.25.55-e1785002641810.jpeg","keywords":["donaci\u00f3n","museo Cochet","retroproyector"],"articleSection":["Destacada","Institucionales"],"inLanguage":"es"},{"@type":"WebPage","@id":"https:\/\/cmvsf2.org\/web\/2026\/07\/25\/se-realizo-la-donacion-de-un-retroproyector-al-museo-gustavo-cochet-de-funes\/","url":"https:\/\/cmvsf2.org\/web\/2026\/07\/25\/se-realizo-la-donacion-de-un-retroproyector-al-museo-gustavo-cochet-de-funes\/","name":"Se realiz\u00f3 la donaci\u00f3n de un retroproyector al Museo Gustavo Cochet de Funes - Colegio De Veterinarios De Santa Fe 2da. Circunscripci\u00f3n","isPartOf":{"@id":"https:\/\/cmvsf2.org\/web\/#website"},"primaryImageOfPage":{"@id":"https:\/\/cmvsf2.org\/web\/2026\/07\/25\/se-realizo-la-donacion-de-un-retroproyector-al-museo-gustavo-cochet-de-funes\/#primaryimage"},"image":{"@id":"https:\/\/cmvsf2.org\/web\/2026\/07\/25\/se-realizo-la-donacion-de-un-retroproyector-al-museo-gustavo-cochet-de-funes\/#primaryimage"},"thumbnailUrl":"https:\/\/cmvsf2.org\/web\/wp-content\/uploads\/2026\/07\/WhatsApp-Image-2026-06-24-at-14.25.55-e1785002641810.jpeg","datePublished":"2026-07-25T17:59:25+00:00","dateModified":"2026-07-25T18:04:12+00:00","description":"El CMVSF2 efectiviz\u00f3 la donaci\u00f3n de un equipo de retroproyecci\u00f3n 3M modelo 9080 al Museo Taller Gustavo Cochet de la localidad de Funes, dispuesto por","breadcrumb":{"@id":"https:\/\/cmvsf2.org\/web\/2026\/07\/25\/se-realizo-la-donacion-de-un-retroproyector-al-museo-gustavo-cochet-de-funes\/#breadcrumb"},"inLanguage":"es","potentialAction":[{"@type":"ReadAction","target":["https:\/\/cmvsf2.org\/web\/2026\/07\/25\/se-realizo-la-donacion-de-un-retroproyector-al-museo-gustavo-cochet-de-funes\/"]}]},{"@type":"ImageObject","inLanguage":"es","@id":"https:\/\/cmvsf2.org\/web\/2026\/07\/25\/se-realizo-la-donacion-de-un-retroproyector-al-museo-gustavo-cochet-de-funes\/#primaryimage","url":"https:\/\/cmvsf2.org\/web\/wp-content\/uploads\/2026\/07\/WhatsApp-Image-2026-06-24-at-14.25.55-e1785002641810.jpeg","contentUrl":"https:\/\/cmvsf2.org\/web\/wp-content\/uploads\/2026\/07\/WhatsApp-Image-2026-06-24-at-14.25.55-e1785002641810.jpeg","width":960,"height":790},{"@type":"BreadcrumbList","@id":"https:\/\/cmvsf2.org\/web\/2026\/07\/25\/se-realizo-la-donacion-de-un-retroproyector-al-museo-gustavo-cochet-de-funes\/#breadcrumb","itemListElement":[{"@type":"ListItem","position":1,"name":"Portada","item":"https:\/\/cmvsf2.org\/web\/"},{"@type":"ListItem","position":2,"name":"Se realiz\u00f3 la donaci\u00f3n de un retroproyector al Museo Gustavo Cochet de Funes"}]},{"@type":"WebSite","@id":"https:\/\/cmvsf2.org\/web\/#website","url":"https:\/\/cmvsf2.org\/web\/","name":"Colegio De Veterinarios De Santa Fe 2da. Circunscripci\u00f3n","description":"Sitio institucional del Colegio de M\u00e9dicos Veterinario de Santa Fe 2da. Circunscripci\u00f3n","publisher":{"@id":"https:\/\/cmvsf2.org\/web\/#organization"},"potentialAction":[{"@type":"SearchAction","target":{"@type":"EntryPoint","urlTemplate":"https:\/\/cmvsf2.org\/web\/?s={search_term_string}"},"query-input":{"@type":"PropertyValueSpecification","valueRequired":true,"valueName":"search_term_string"}}],"inLanguage":"es"},{"@type":"Organization","@id":"https:\/\/cmvsf2.org\/web\/#organization","name":"Colegio De Veterinarios De Santa Fe 2da. Circunscripci\u00f3n","url":"https:\/\/cmvsf2.org\/web\/","logo":{"@type":"ImageObject","inLanguage":"es","@id":"https:\/\/cmvsf2.org\/web\/#\/schema\/logo\/image\/","url":"http:\/\/cmvsf2.org\/web\/wp-content\/uploads\/2020\/03\/vector-logo-02.png","contentUrl":"http:\/\/cmvsf2.org\/web\/wp-content\/uploads\/2020\/03\/vector-logo-02.png","width":2750,"height":642,"caption":"Colegio De Veterinarios De Santa Fe 2da. Circunscripci\u00f3n"},"image":{"@id":"https:\/\/cmvsf2.org\/web\/#\/schema\/logo\/image\/"}},{"@type":"Person","@id":"https:\/\/cmvsf2.org\/web\/#\/schema\/person\/46ea3630099a4a3df8d89f07cf5f7520","name":"cmvsf2","image":{"@type":"ImageObject","inLanguage":"es","@id":"https:\/\/secure.gravatar.com\/avatar\/669647b61c77f28f1aa51df04174a5ecb296e9988b4a93d2870666cd1f502cd7?s=96&d=mm&r=g","url":"https:\/\/secure.gravatar.com\/avatar\/669647b61c77f28f1aa51df04174a5ecb296e9988b4a93d2870666cd1f502cd7?s=96&d=mm&r=g","contentUrl":"https:\/\/secure.gravatar.com\/avatar\/669647b61c77f28f1aa51df04174a5ecb296e9988b4a93d2870666cd1f502cd7?s=96&d=mm&r=g","caption":"cmvsf2"}}]}},"_links":{"self":[{"href":"https:\/\/cmvsf2.org\/web\/wp-json\/wp\/v2\/posts\/35606","targetHints":{"allow":["GET"]}}],"collection":[{"href":"https:\/\/cmvsf2.org\/web\/wp-json\/wp\/v2\/posts"}],"about":[{"href":"https:\/\/cmvsf2.org\/web\/wp-json\/wp\/v2\/types\/post"}],"author":[{"embeddable":true,"href":"https:\/\/cmvsf2.org\/web\/wp-json\/wp\/v2\/users\/3"}],"replies":[{"embeddable":true,"href":"https:\/\/cmvsf2.org\/web\/wp-json\/wp\/v2\/comments?post=35606"}],"version-history":[{"count":1,"href":"https:\/\/cmvsf2.org\/web\/wp-json\/wp\/v2\/posts\/35606\/revisions"}],"predecessor-version":[{"id":35608,"href":"https:\/\/cmvsf2.org\/web\/wp-json\/wp\/v2\/posts\/35606\/revisions\/35608"}],"wp:featuredmedia":[{"embeddable":true,"href":"https:\/\/cmvsf2.org\/web\/wp-json\/wp\/v2\/media\/35607"}],"wp:attachment":[{"href":"https:\/\/cmvsf2.org\/web\/wp-json\/wp\/v2\/media?parent=35606"}],"wp:term":[{"taxonomy":"category","embeddable":true,"href":"https:\/\/cmvsf2.org\/web\/wp-json\/wp\/v2\/categories?post=35606"},{"taxonomy":"post_tag","embeddable":true,"href":"https:\/\/cmvsf2.org\/web\/wp-json\/wp\/v2\/tags?post=35606"}],"curies":[{"name":"wp","href":"https:\/\/api.w.org\/{rel}","templated":true}]}}