{"id":35598,"date":"2026-07-21T19:21:48","date_gmt":"2026-07-21T22:21:48","guid":{"rendered":"https:\/\/cmvsf2.org\/web\/?p=35598"},"modified":"2026-07-21T20:04:54","modified_gmt":"2026-07-21T23:04:54","slug":"las-y-los-veterinarios-de-santa-fe-contamos-con-respaldo-legal-en-caso-de-sufrir-agresiones-verbales-o-fisicas","status":"publish","type":"post","link":"https:\/\/cmvsf2.org\/web\/2026\/07\/21\/las-y-los-veterinarios-de-santa-fe-contamos-con-respaldo-legal-en-caso-de-sufrir-agresiones-verbales-o-fisicas\/","title":{"rendered":"Las y los veterinarios de Santa Fe contamos con respaldo legal en caso de sufrir agresiones verbales o f\u00edsicas"},"content":{"rendered":"<p>El Colegio de M\u00e9dicos\/as Veterinarios\/as de la provincia de Santa Fe celebra la sanci\u00f3n de la <strong>Ley 14.456 que modifica el C\u00f3digo de Faltas<\/strong> y crea <strong>penas m\u00e1s severas para quienes cometan agresiones verbales o f\u00edsicas dentro de un establecimiento de salud animal<\/strong> p\u00fablico o privado, a una persona trabajadora de la salud animal.<\/p>\n<p>La normativa fue promulgada recientemente por el Poder Ejecutivo provincial y viene a dar respaldo a nuestros\/as colegiados\/as, quienes en reiteradas oportunidades, y de manera cada vez m\u00e1s frecuente, han sido v\u00edctimas de este tipo de actitudes, principalmente, de parte de tenedores de animales de compa\u00f1\u00eda.<\/p>\n<p>Ahora, <strong>quien cometa alguna de esas faltas ser\u00e1 reprimido con arresto de 1 a 5 d\u00edas o multas considerables.<\/strong><\/p>\n<p>Obviamente, por los delitos contemplados en el C\u00f3digo Penal, las consecuencias para el agresor siguen en un rango mayor. Aqu\u00ed, en cambio, se avanza sobre situaciones violentas que se repiten en los \u00e1mbitos donde se atiende la salud animal.<\/p>\n<p>Nuestro Colegio (1\u00ba y 2\u00ba Circunscripci\u00f3n) \u00a0se viene ocupando de este fen\u00f3meno\u00a0 no s\u00f3lo ofreciendo asesoramiento legal para formular denuncias y procedimientos para actuar de inmediato ante situaciones de difamaci\u00f3n, calumnias, da\u00f1os a la propiedad o agresiones en consultorios veterinarios, sino tambi\u00e9n trabajando en herramientas para preservar la salud mental de las y los profesionales.<\/p>\n<p><strong>Qu\u00e9 dice el texto de la Ley<\/strong><\/p>\n<p>La modificaci\u00f3n del C\u00f3digo de Faltas incorpora ese texto citado al Libro III, T\u00edtulo VI \u00abContra la seguridad de integridad personal\u00bb, en el Cap\u00edtulo II \u00abContra la integridad personal\u00bb de la Ley 10703 &#8211; C\u00f3digo de Faltas de la Provincia de Santa Fe, en su art\u00edculo 115 Quater que queda redactado de la siguiente manera:<\/p>\n<p>\u201cART\u00cdCULO 115 Quater. &#8211; Agresi\u00f3n f\u00edsica o verbal a trabajadores de la Salud Animal.<strong> El que agrediere verbal o f\u00edsicamente, dentro de un establecimiento de salud animal p\u00fablico o privado, a una persona trabajadora de la salud animal, sea o no profesional de ciencias veterinarias, ser\u00e1 reprimido con arresto de uno (1) a cinco (5) d\u00edas o multa de uno (1) a veinte (20) Jus, siempre que el hecho no constituyera delito.\u201d<\/strong><\/p>\n<p>La norma por otra parte, ordena al Ejecutivo implementar campa\u00f1as de sensibilizaci\u00f3n y concientizaci\u00f3n sobre esas conductas y sus da\u00f1os.<\/p>\n<p>El nuevo texto del C\u00f3digo de Faltas procura dar a los equipos de salud animal la misma protecci\u00f3n de que ya gozan los trabajadores de la salud, que con frecuencia enfrentan situaciones violentas similares.<\/p>\n<p>Cabe destacar que el proyecto de Ley fue presentado por el diputado provincial Germ\u00e1n Scavuzzo, a instancias de un trabajo conjunto de las Mesas Directivas y asesores letrados del CMVSF (ambas circunscripciones), y aprobado sin modificaciones por la Legislatura provincial.<\/p>\n","protected":false},"excerpt":{"rendered":"<p>El Colegio de M\u00e9dicos\/as Veterinarios\/as de la provincia de Santa Fe celebra la sanci\u00f3n de la Ley 14.456 que modifica el C\u00f3digo de Faltas y crea penas m\u00e1s severas para quienes cometan agresiones verbales o f\u00edsicas dentro de un establecimiento de salud animal p\u00fablico o privado, a una persona trabajadora de la salud animal. La normativa fue promulgada recientemente por el Poder Ejecutivo provincial [&hellip;]<\/p>\n","protected":false},"author":3,"featured_media":35601,"comment_status":"closed","ping_status":"closed","sticky":false,"template":"","format":"standard","meta":{"_acf_changed":false,"footnotes":""},"categories":[343,345],"tags":[1120,1119,1121],"class_list":["post-35598","post","type-post","status-publish","format-standard","has-post-thumbnail","hentry","category-destacada","category-institucionales","tag-agresiones","tag-codigo-de-faltas","tag-penas"],"acf":[],"yoast_head":"<!-- This site is optimized with the Yoast SEO plugin v28.2 - https:\/\/yoast.com\/product\/yoast-seo-wordpress\/ -->\n<title>Las y los veterinarios de Santa Fe contamos con respaldo legal en caso de sufrir agresiones verbales o f\u00edsicas - Colegio De Veterinarios De Santa Fe 2da. Circunscripci\u00f3n<\/title>\n<meta name=\"description\" content=\"El Colegio de M\u00e9dicos\/as Veterinarios\/as de la provincia de Santa Fe celebra la sanci\u00f3n de la Ley 14.456 que modifica el C\u00f3digo de Faltas y crea penas m\u00e1s\" \/>\n<meta name=\"robots\" content=\"index, follow, max-snippet:-1, max-image-preview:large, max-video-preview:-1\" \/>\n<link rel=\"canonical\" href=\"https:\/\/cmvsf2.org\/web\/2026\/07\/21\/las-y-los-veterinarios-de-santa-fe-contamos-con-respaldo-legal-en-caso-de-sufrir-agresiones-verbales-o-fisicas\/\" \/>\n<meta property=\"og:locale\" content=\"es_ES\" \/>\n<meta property=\"og:type\" content=\"article\" \/>\n<meta property=\"og:title\" content=\"Las y los veterinarios de Santa Fe contamos con respaldo legal en caso de sufrir agresiones verbales o f\u00edsicas - Colegio De Veterinarios De Santa Fe 2da. Circunscripci\u00f3n\" \/>\n<meta property=\"og:description\" content=\"El Colegio de M\u00e9dicos\/as Veterinarios\/as de la provincia de Santa Fe celebra la sanci\u00f3n de la Ley 14.456 que modifica el C\u00f3digo de Faltas y crea penas m\u00e1s\" \/>\n<meta property=\"og:url\" content=\"https:\/\/cmvsf2.org\/web\/2026\/07\/21\/las-y-los-veterinarios-de-santa-fe-contamos-con-respaldo-legal-en-caso-de-sufrir-agresiones-verbales-o-fisicas\/\" \/>\n<meta property=\"og:site_name\" content=\"Colegio De Veterinarios De Santa Fe 2da. Circunscripci\u00f3n\" \/>\n<meta property=\"article:published_time\" content=\"2026-07-21T22:21:48+00:00\" \/>\n<meta property=\"article:modified_time\" content=\"2026-07-21T23:04:54+00:00\" \/>\n<meta property=\"og:image\" content=\"https:\/\/cmvsf2.org\/web\/wp-content\/uploads\/2026\/07\/8__Camara_diputados_santa_fe.jpg\" \/>\n\t<meta property=\"og:image:width\" content=\"1000\" \/>\n\t<meta property=\"og:image:height\" content=\"668\" \/>\n\t<meta property=\"og:image:type\" content=\"image\/jpeg\" \/>\n<meta name=\"author\" content=\"cmvsf2\" \/>\n<meta name=\"twitter:card\" content=\"summary_large_image\" \/>\n<meta name=\"twitter:label1\" content=\"Escrito por\" \/>\n\t<meta name=\"twitter:data1\" content=\"cmvsf2\" \/>\n\t<meta name=\"twitter:label2\" content=\"Tiempo de lectura\" \/>\n\t<meta name=\"twitter:data2\" content=\"3 minutos\" \/>\n<script type=\"application\/ld+json\" class=\"yoast-schema-graph\">{\"@context\":\"https:\\\/\\\/schema.org\",\"@graph\":[{\"@type\":\"Article\",\"@id\":\"https:\\\/\\\/cmvsf2.org\\\/web\\\/2026\\\/07\\\/21\\\/las-y-los-veterinarios-de-santa-fe-contamos-con-respaldo-legal-en-caso-de-sufrir-agresiones-verbales-o-fisicas\\\/#article\",\"isPartOf\":{\"@id\":\"https:\\\/\\\/cmvsf2.org\\\/web\\\/2026\\\/07\\\/21\\\/las-y-los-veterinarios-de-santa-fe-contamos-con-respaldo-legal-en-caso-de-sufrir-agresiones-verbales-o-fisicas\\\/\"},\"author\":{\"name\":\"cmvsf2\",\"@id\":\"https:\\\/\\\/cmvsf2.org\\\/web\\\/#\\\/schema\\\/person\\\/46ea3630099a4a3df8d89f07cf5f7520\"},\"headline\":\"Las y los veterinarios de Santa Fe contamos con respaldo legal en caso de sufrir agresiones verbales o f\u00edsicas\",\"datePublished\":\"2026-07-21T22:21:48+00:00\",\"dateModified\":\"2026-07-21T23:04:54+00:00\",\"mainEntityOfPage\":{\"@id\":\"https:\\\/\\\/cmvsf2.org\\\/web\\\/2026\\\/07\\\/21\\\/las-y-los-veterinarios-de-santa-fe-contamos-con-respaldo-legal-en-caso-de-sufrir-agresiones-verbales-o-fisicas\\\/\"},\"wordCount\":489,\"publisher\":{\"@id\":\"https:\\\/\\\/cmvsf2.org\\\/web\\\/#organization\"},\"image\":{\"@id\":\"https:\\\/\\\/cmvsf2.org\\\/web\\\/2026\\\/07\\\/21\\\/las-y-los-veterinarios-de-santa-fe-contamos-con-respaldo-legal-en-caso-de-sufrir-agresiones-verbales-o-fisicas\\\/#primaryimage\"},\"thumbnailUrl\":\"https:\\\/\\\/cmvsf2.org\\\/web\\\/wp-content\\\/uploads\\\/2026\\\/07\\\/8__Camara_diputados_santa_fe.jpg\",\"keywords\":[\"agresiones\",\"C\u00f3digo de Faltas\",\"penas\"],\"articleSection\":[\"Destacada\",\"Institucionales\"],\"inLanguage\":\"es\"},{\"@type\":\"WebPage\",\"@id\":\"https:\\\/\\\/cmvsf2.org\\\/web\\\/2026\\\/07\\\/21\\\/las-y-los-veterinarios-de-santa-fe-contamos-con-respaldo-legal-en-caso-de-sufrir-agresiones-verbales-o-fisicas\\\/\",\"url\":\"https:\\\/\\\/cmvsf2.org\\\/web\\\/2026\\\/07\\\/21\\\/las-y-los-veterinarios-de-santa-fe-contamos-con-respaldo-legal-en-caso-de-sufrir-agresiones-verbales-o-fisicas\\\/\",\"name\":\"Las y los veterinarios de Santa Fe contamos con respaldo legal en caso de sufrir agresiones verbales o f\u00edsicas - Colegio De Veterinarios De Santa Fe 2da. Circunscripci\u00f3n\",\"isPartOf\":{\"@id\":\"https:\\\/\\\/cmvsf2.org\\\/web\\\/#website\"},\"primaryImageOfPage\":{\"@id\":\"https:\\\/\\\/cmvsf2.org\\\/web\\\/2026\\\/07\\\/21\\\/las-y-los-veterinarios-de-santa-fe-contamos-con-respaldo-legal-en-caso-de-sufrir-agresiones-verbales-o-fisicas\\\/#primaryimage\"},\"image\":{\"@id\":\"https:\\\/\\\/cmvsf2.org\\\/web\\\/2026\\\/07\\\/21\\\/las-y-los-veterinarios-de-santa-fe-contamos-con-respaldo-legal-en-caso-de-sufrir-agresiones-verbales-o-fisicas\\\/#primaryimage\"},\"thumbnailUrl\":\"https:\\\/\\\/cmvsf2.org\\\/web\\\/wp-content\\\/uploads\\\/2026\\\/07\\\/8__Camara_diputados_santa_fe.jpg\",\"datePublished\":\"2026-07-21T22:21:48+00:00\",\"dateModified\":\"2026-07-21T23:04:54+00:00\",\"description\":\"El Colegio de M\u00e9dicos\\\/as Veterinarios\\\/as de la provincia de Santa Fe celebra la sanci\u00f3n de la Ley 14.456 que modifica el C\u00f3digo de Faltas y crea penas m\u00e1s\",\"breadcrumb\":{\"@id\":\"https:\\\/\\\/cmvsf2.org\\\/web\\\/2026\\\/07\\\/21\\\/las-y-los-veterinarios-de-santa-fe-contamos-con-respaldo-legal-en-caso-de-sufrir-agresiones-verbales-o-fisicas\\\/#breadcrumb\"},\"inLanguage\":\"es\",\"potentialAction\":[{\"@type\":\"ReadAction\",\"target\":[\"https:\\\/\\\/cmvsf2.org\\\/web\\\/2026\\\/07\\\/21\\\/las-y-los-veterinarios-de-santa-fe-contamos-con-respaldo-legal-en-caso-de-sufrir-agresiones-verbales-o-fisicas\\\/\"]}]},{\"@type\":\"ImageObject\",\"inLanguage\":\"es\",\"@id\":\"https:\\\/\\\/cmvsf2.org\\\/web\\\/2026\\\/07\\\/21\\\/las-y-los-veterinarios-de-santa-fe-contamos-con-respaldo-legal-en-caso-de-sufrir-agresiones-verbales-o-fisicas\\\/#primaryimage\",\"url\":\"https:\\\/\\\/cmvsf2.org\\\/web\\\/wp-content\\\/uploads\\\/2026\\\/07\\\/8__Camara_diputados_santa_fe.jpg\",\"contentUrl\":\"https:\\\/\\\/cmvsf2.org\\\/web\\\/wp-content\\\/uploads\\\/2026\\\/07\\\/8__Camara_diputados_santa_fe.jpg\",\"width\":1000,\"height\":668},{\"@type\":\"BreadcrumbList\",\"@id\":\"https:\\\/\\\/cmvsf2.org\\\/web\\\/2026\\\/07\\\/21\\\/las-y-los-veterinarios-de-santa-fe-contamos-con-respaldo-legal-en-caso-de-sufrir-agresiones-verbales-o-fisicas\\\/#breadcrumb\",\"itemListElement\":[{\"@type\":\"ListItem\",\"position\":1,\"name\":\"Portada\",\"item\":\"https:\\\/\\\/cmvsf2.org\\\/web\\\/\"},{\"@type\":\"ListItem\",\"position\":2,\"name\":\"Las y los veterinarios de Santa Fe contamos con respaldo legal en caso de sufrir agresiones verbales o f\u00edsicas\"}]},{\"@type\":\"WebSite\",\"@id\":\"https:\\\/\\\/cmvsf2.org\\\/web\\\/#website\",\"url\":\"https:\\\/\\\/cmvsf2.org\\\/web\\\/\",\"name\":\"Colegio De Veterinarios De Santa Fe 2da. Circunscripci\u00f3n\",\"description\":\"Sitio institucional del Colegio de M\u00e9dicos Veterinario de Santa Fe 2da. Circunscripci\u00f3n\",\"publisher\":{\"@id\":\"https:\\\/\\\/cmvsf2.org\\\/web\\\/#organization\"},\"potentialAction\":[{\"@type\":\"SearchAction\",\"target\":{\"@type\":\"EntryPoint\",\"urlTemplate\":\"https:\\\/\\\/cmvsf2.org\\\/web\\\/?s={search_term_string}\"},\"query-input\":{\"@type\":\"PropertyValueSpecification\",\"valueRequired\":true,\"valueName\":\"search_term_string\"}}],\"inLanguage\":\"es\"},{\"@type\":\"Organization\",\"@id\":\"https:\\\/\\\/cmvsf2.org\\\/web\\\/#organization\",\"name\":\"Colegio De Veterinarios De Santa Fe 2da. Circunscripci\u00f3n\",\"url\":\"https:\\\/\\\/cmvsf2.org\\\/web\\\/\",\"logo\":{\"@type\":\"ImageObject\",\"inLanguage\":\"es\",\"@id\":\"https:\\\/\\\/cmvsf2.org\\\/web\\\/#\\\/schema\\\/logo\\\/image\\\/\",\"url\":\"http:\\\/\\\/cmvsf2.org\\\/web\\\/wp-content\\\/uploads\\\/2020\\\/03\\\/vector-logo-02.png\",\"contentUrl\":\"http:\\\/\\\/cmvsf2.org\\\/web\\\/wp-content\\\/uploads\\\/2020\\\/03\\\/vector-logo-02.png\",\"width\":2750,\"height\":642,\"caption\":\"Colegio De Veterinarios De Santa Fe 2da. Circunscripci\u00f3n\"},\"image\":{\"@id\":\"https:\\\/\\\/cmvsf2.org\\\/web\\\/#\\\/schema\\\/logo\\\/image\\\/\"}},{\"@type\":\"Person\",\"@id\":\"https:\\\/\\\/cmvsf2.org\\\/web\\\/#\\\/schema\\\/person\\\/46ea3630099a4a3df8d89f07cf5f7520\",\"name\":\"cmvsf2\",\"image\":{\"@type\":\"ImageObject\",\"inLanguage\":\"es\",\"@id\":\"https:\\\/\\\/secure.gravatar.com\\\/avatar\\\/669647b61c77f28f1aa51df04174a5ecb296e9988b4a93d2870666cd1f502cd7?s=96&d=mm&r=g\",\"url\":\"https:\\\/\\\/secure.gravatar.com\\\/avatar\\\/669647b61c77f28f1aa51df04174a5ecb296e9988b4a93d2870666cd1f502cd7?s=96&d=mm&r=g\",\"contentUrl\":\"https:\\\/\\\/secure.gravatar.com\\\/avatar\\\/669647b61c77f28f1aa51df04174a5ecb296e9988b4a93d2870666cd1f502cd7?s=96&d=mm&r=g\",\"caption\":\"cmvsf2\"}}]}<\/script>\n<!-- \/ Yoast SEO plugin. -->","yoast_head_json":{"title":"Las y los veterinarios de Santa Fe contamos con respaldo legal en caso de sufrir agresiones verbales o f\u00edsicas - Colegio De Veterinarios De Santa Fe 2da. Circunscripci\u00f3n","description":"El Colegio de M\u00e9dicos\/as Veterinarios\/as de la provincia de Santa Fe celebra la sanci\u00f3n de la Ley 14.456 que modifica el C\u00f3digo de Faltas y crea penas m\u00e1s","robots":{"index":"index","follow":"follow","max-snippet":"max-snippet:-1","max-image-preview":"max-image-preview:large","max-video-preview":"max-video-preview:-1"},"canonical":"https:\/\/cmvsf2.org\/web\/2026\/07\/21\/las-y-los-veterinarios-de-santa-fe-contamos-con-respaldo-legal-en-caso-de-sufrir-agresiones-verbales-o-fisicas\/","og_locale":"es_ES","og_type":"article","og_title":"Las y los veterinarios de Santa Fe contamos con respaldo legal en caso de sufrir agresiones verbales o f\u00edsicas - Colegio De Veterinarios De Santa Fe 2da. Circunscripci\u00f3n","og_description":"El Colegio de M\u00e9dicos\/as Veterinarios\/as de la provincia de Santa Fe celebra la sanci\u00f3n de la Ley 14.456 que modifica el C\u00f3digo de Faltas y crea penas m\u00e1s","og_url":"https:\/\/cmvsf2.org\/web\/2026\/07\/21\/las-y-los-veterinarios-de-santa-fe-contamos-con-respaldo-legal-en-caso-de-sufrir-agresiones-verbales-o-fisicas\/","og_site_name":"Colegio De Veterinarios De Santa Fe 2da. Circunscripci\u00f3n","article_published_time":"2026-07-21T22:21:48+00:00","article_modified_time":"2026-07-21T23:04:54+00:00","og_image":[{"width":1000,"height":668,"url":"https:\/\/cmvsf2.org\/web\/wp-content\/uploads\/2026\/07\/8__Camara_diputados_santa_fe.jpg","type":"image\/jpeg"}],"author":"cmvsf2","twitter_card":"summary_large_image","twitter_misc":{"Escrito por":"cmvsf2","Tiempo de lectura":"3 minutos"},"schema":{"@context":"https:\/\/schema.org","@graph":[{"@type":"Article","@id":"https:\/\/cmvsf2.org\/web\/2026\/07\/21\/las-y-los-veterinarios-de-santa-fe-contamos-con-respaldo-legal-en-caso-de-sufrir-agresiones-verbales-o-fisicas\/#article","isPartOf":{"@id":"https:\/\/cmvsf2.org\/web\/2026\/07\/21\/las-y-los-veterinarios-de-santa-fe-contamos-con-respaldo-legal-en-caso-de-sufrir-agresiones-verbales-o-fisicas\/"},"author":{"name":"cmvsf2","@id":"https:\/\/cmvsf2.org\/web\/#\/schema\/person\/46ea3630099a4a3df8d89f07cf5f7520"},"headline":"Las y los veterinarios de Santa Fe contamos con respaldo legal en caso de sufrir agresiones verbales o f\u00edsicas","datePublished":"2026-07-21T22:21:48+00:00","dateModified":"2026-07-21T23:04:54+00:00","mainEntityOfPage":{"@id":"https:\/\/cmvsf2.org\/web\/2026\/07\/21\/las-y-los-veterinarios-de-santa-fe-contamos-con-respaldo-legal-en-caso-de-sufrir-agresiones-verbales-o-fisicas\/"},"wordCount":489,"publisher":{"@id":"https:\/\/cmvsf2.org\/web\/#organization"},"image":{"@id":"https:\/\/cmvsf2.org\/web\/2026\/07\/21\/las-y-los-veterinarios-de-santa-fe-contamos-con-respaldo-legal-en-caso-de-sufrir-agresiones-verbales-o-fisicas\/#primaryimage"},"thumbnailUrl":"https:\/\/cmvsf2.org\/web\/wp-content\/uploads\/2026\/07\/8__Camara_diputados_santa_fe.jpg","keywords":["agresiones","C\u00f3digo de Faltas","penas"],"articleSection":["Destacada","Institucionales"],"inLanguage":"es"},{"@type":"WebPage","@id":"https:\/\/cmvsf2.org\/web\/2026\/07\/21\/las-y-los-veterinarios-de-santa-fe-contamos-con-respaldo-legal-en-caso-de-sufrir-agresiones-verbales-o-fisicas\/","url":"https:\/\/cmvsf2.org\/web\/2026\/07\/21\/las-y-los-veterinarios-de-santa-fe-contamos-con-respaldo-legal-en-caso-de-sufrir-agresiones-verbales-o-fisicas\/","name":"Las y los veterinarios de Santa Fe contamos con respaldo legal en caso de sufrir agresiones verbales o f\u00edsicas - Colegio De Veterinarios De Santa Fe 2da. Circunscripci\u00f3n","isPartOf":{"@id":"https:\/\/cmvsf2.org\/web\/#website"},"primaryImageOfPage":{"@id":"https:\/\/cmvsf2.org\/web\/2026\/07\/21\/las-y-los-veterinarios-de-santa-fe-contamos-con-respaldo-legal-en-caso-de-sufrir-agresiones-verbales-o-fisicas\/#primaryimage"},"image":{"@id":"https:\/\/cmvsf2.org\/web\/2026\/07\/21\/las-y-los-veterinarios-de-santa-fe-contamos-con-respaldo-legal-en-caso-de-sufrir-agresiones-verbales-o-fisicas\/#primaryimage"},"thumbnailUrl":"https:\/\/cmvsf2.org\/web\/wp-content\/uploads\/2026\/07\/8__Camara_diputados_santa_fe.jpg","datePublished":"2026-07-21T22:21:48+00:00","dateModified":"2026-07-21T23:04:54+00:00","description":"El Colegio de M\u00e9dicos\/as Veterinarios\/as de la provincia de Santa Fe celebra la sanci\u00f3n de la Ley 14.456 que modifica el C\u00f3digo de Faltas y crea penas m\u00e1s","breadcrumb":{"@id":"https:\/\/cmvsf2.org\/web\/2026\/07\/21\/las-y-los-veterinarios-de-santa-fe-contamos-con-respaldo-legal-en-caso-de-sufrir-agresiones-verbales-o-fisicas\/#breadcrumb"},"inLanguage":"es","potentialAction":[{"@type":"ReadAction","target":["https:\/\/cmvsf2.org\/web\/2026\/07\/21\/las-y-los-veterinarios-de-santa-fe-contamos-con-respaldo-legal-en-caso-de-sufrir-agresiones-verbales-o-fisicas\/"]}]},{"@type":"ImageObject","inLanguage":"es","@id":"https:\/\/cmvsf2.org\/web\/2026\/07\/21\/las-y-los-veterinarios-de-santa-fe-contamos-con-respaldo-legal-en-caso-de-sufrir-agresiones-verbales-o-fisicas\/#primaryimage","url":"https:\/\/cmvsf2.org\/web\/wp-content\/uploads\/2026\/07\/8__Camara_diputados_santa_fe.jpg","contentUrl":"https:\/\/cmvsf2.org\/web\/wp-content\/uploads\/2026\/07\/8__Camara_diputados_santa_fe.jpg","width":1000,"height":668},{"@type":"BreadcrumbList","@id":"https:\/\/cmvsf2.org\/web\/2026\/07\/21\/las-y-los-veterinarios-de-santa-fe-contamos-con-respaldo-legal-en-caso-de-sufrir-agresiones-verbales-o-fisicas\/#breadcrumb","itemListElement":[{"@type":"ListItem","position":1,"name":"Portada","item":"https:\/\/cmvsf2.org\/web\/"},{"@type":"ListItem","position":2,"name":"Las y los veterinarios de Santa Fe contamos con respaldo legal en caso de sufrir agresiones verbales o f\u00edsicas"}]},{"@type":"WebSite","@id":"https:\/\/cmvsf2.org\/web\/#website","url":"https:\/\/cmvsf2.org\/web\/","name":"Colegio De Veterinarios De Santa Fe 2da. Circunscripci\u00f3n","description":"Sitio institucional del Colegio de M\u00e9dicos Veterinario de Santa Fe 2da. Circunscripci\u00f3n","publisher":{"@id":"https:\/\/cmvsf2.org\/web\/#organization"},"potentialAction":[{"@type":"SearchAction","target":{"@type":"EntryPoint","urlTemplate":"https:\/\/cmvsf2.org\/web\/?s={search_term_string}"},"query-input":{"@type":"PropertyValueSpecification","valueRequired":true,"valueName":"search_term_string"}}],"inLanguage":"es"},{"@type":"Organization","@id":"https:\/\/cmvsf2.org\/web\/#organization","name":"Colegio De Veterinarios De Santa Fe 2da. Circunscripci\u00f3n","url":"https:\/\/cmvsf2.org\/web\/","logo":{"@type":"ImageObject","inLanguage":"es","@id":"https:\/\/cmvsf2.org\/web\/#\/schema\/logo\/image\/","url":"http:\/\/cmvsf2.org\/web\/wp-content\/uploads\/2020\/03\/vector-logo-02.png","contentUrl":"http:\/\/cmvsf2.org\/web\/wp-content\/uploads\/2020\/03\/vector-logo-02.png","width":2750,"height":642,"caption":"Colegio De Veterinarios De Santa Fe 2da. Circunscripci\u00f3n"},"image":{"@id":"https:\/\/cmvsf2.org\/web\/#\/schema\/logo\/image\/"}},{"@type":"Person","@id":"https:\/\/cmvsf2.org\/web\/#\/schema\/person\/46ea3630099a4a3df8d89f07cf5f7520","name":"cmvsf2","image":{"@type":"ImageObject","inLanguage":"es","@id":"https:\/\/secure.gravatar.com\/avatar\/669647b61c77f28f1aa51df04174a5ecb296e9988b4a93d2870666cd1f502cd7?s=96&d=mm&r=g","url":"https:\/\/secure.gravatar.com\/avatar\/669647b61c77f28f1aa51df04174a5ecb296e9988b4a93d2870666cd1f502cd7?s=96&d=mm&r=g","contentUrl":"https:\/\/secure.gravatar.com\/avatar\/669647b61c77f28f1aa51df04174a5ecb296e9988b4a93d2870666cd1f502cd7?s=96&d=mm&r=g","caption":"cmvsf2"}}]}},"_links":{"self":[{"href":"https:\/\/cmvsf2.org\/web\/wp-json\/wp\/v2\/posts\/35598","targetHints":{"allow":["GET"]}}],"collection":[{"href":"https:\/\/cmvsf2.org\/web\/wp-json\/wp\/v2\/posts"}],"about":[{"href":"https:\/\/cmvsf2.org\/web\/wp-json\/wp\/v2\/types\/post"}],"author":[{"embeddable":true,"href":"https:\/\/cmvsf2.org\/web\/wp-json\/wp\/v2\/users\/3"}],"replies":[{"embeddable":true,"href":"https:\/\/cmvsf2.org\/web\/wp-json\/wp\/v2\/comments?post=35598"}],"version-history":[{"count":1,"href":"https:\/\/cmvsf2.org\/web\/wp-json\/wp\/v2\/posts\/35598\/revisions"}],"predecessor-version":[{"id":35600,"href":"https:\/\/cmvsf2.org\/web\/wp-json\/wp\/v2\/posts\/35598\/revisions\/35600"}],"wp:featuredmedia":[{"embeddable":true,"href":"https:\/\/cmvsf2.org\/web\/wp-json\/wp\/v2\/media\/35601"}],"wp:attachment":[{"href":"https:\/\/cmvsf2.org\/web\/wp-json\/wp\/v2\/media?parent=35598"}],"wp:term":[{"taxonomy":"category","embeddable":true,"href":"https:\/\/cmvsf2.org\/web\/wp-json\/wp\/v2\/categories?post=35598"},{"taxonomy":"post_tag","embeddable":true,"href":"https:\/\/cmvsf2.org\/web\/wp-json\/wp\/v2\/tags?post=35598"}],"curies":[{"name":"wp","href":"https:\/\/api.w.org\/{rel}","templated":true}]}}