{"id":35457,"date":"2026-05-27T17:27:52","date_gmt":"2026-05-27T20:27:52","guid":{"rendered":"https:\/\/cmvsf2.org\/web\/?p=35457"},"modified":"2026-05-27T17:35:45","modified_gmt":"2026-05-27T20:35:45","slug":"se-firmo-un-convenio-de-colaboracion-con-el-colegio-de-psicologos-y-psicologas","status":"publish","type":"post","link":"https:\/\/cmvsf2.org\/web\/2026\/05\/27\/se-firmo-un-convenio-de-colaboracion-con-el-colegio-de-psicologos-y-psicologas\/","title":{"rendered":"Se firm\u00f3 un convenio de colaboraci\u00f3n con el Colegio de Psic\u00f3logos y Psic\u00f3logas"},"content":{"rendered":"<p>El CMVSF2, representado por su presidente, Luis \u00c1ngel Vidoret, y su secretario, H\u00e9ctor Eugenio Camiletti, firm\u00f3 un Convenio de Colaboraci\u00f3n con el Colegio de Psic\u00f3logos y Psic\u00f3logas de la Provincia de Santa Fe, 2\u00b0 Circunscripci\u00f3n, representado por su presidenta, Natalia Daniela Palma, el pasado viernes 15 de mayo de 2026.<\/p>\n<p>El mismo surge con el objetivo <strong>de <em>trabajar en la promoci\u00f3n<\/em><\/strong><em> y prevenci\u00f3n de la salud del colectivo de trabajadores\/as veterinarios\/as. <\/em><\/p>\n<p>La propuesta est\u00e1 centrada en trazar l\u00edneas de acci\u00f3n para informar, prevenir y abordar la relaci\u00f3n entre Salud Mental y trabajo.<\/p>\n<p>Desde el a\u00f1o 2023 ambas entidades vienen realizando diversas acciones tendientes a abordar y complejizar dicha relaci\u00f3n como los talleres de reflexi\u00f3n sobre el cuidado de la salud mental en la pr\u00e1ctica veterinaria realizados en los departamentos Caseros y Rosario.<\/p>\n<p>Considerando adem\u00e1s la investigaci\u00f3n realizada por el instituto Juan Lazarte, sobre las \u201cCondiciones de trabajo profesional de los y las m\u00e9dicos\/as veterinarios\/as y situaci\u00f3n de salud mental en la provincia de Santa Fe 2025\u201d, se propone como marco de referencia para la propuesta de intervenci\u00f3n la Ley Nacional de Salud Mental N\u00b0 26657 vigente, que reconoce a la salud mental como un proceso determinado por componentes hist\u00f3ricos, socio-econ\u00f3mico, culturales, biol\u00f3gicos y psicol\u00f3gicos, cuya preservaci\u00f3n y mejoramiento implica una din\u00e1mica de construcci\u00f3n social vinculada a la concreci\u00f3n de los derechos humanos y sociales de toda persona.<\/p>\n<p>Se considera de suma relevancia propiciar un trabajo en red, en articulaci\u00f3n con diversas instituciones, donde el cuidado sea uno de los ejes centrales de la pr\u00e1ctica y una forma de responsabilidad social colectiva.<\/p>\n<p><strong><em>En resumen, el convenio firmado tiene por objeto lo siguiente:<br \/>\n<\/em><\/strong>a) Prevenir problem\u00e1ticas de salud mental;<br \/>\nb) Orientar acerca de los abordajes en salud y salud mental existentes;<br \/>\nc) Propiciar la articulaci\u00f3n en red y el trabajo colaborativo entre los m\u00e9dicos veterinarios;<br \/>\nd) Favorecer la construcci\u00f3n de l\u00edneas de trabajo comunes entre los colegios profesionales.<\/p>\n<p><strong><em>Se proponen tres modalidades de intervenci\u00f3n a desarrollar en el transcurso de un a\u00f1o:<\/em><\/strong><\/p>\n<p>1.- Elaborar textos breves para favorecer la concientizaci\u00f3n de la prevenci\u00f3n en salud mental, en formato adecuado para su difusi\u00f3n en las redes institucionales del Colegio de M\u00e9dicos Veterinarios, en oportunidades de efem\u00e9rides, tales como: d\u00eda de la salud mental, d\u00eda de prevenci\u00f3n contra el suicidio, d\u00eda mundial de la lucha contra la depresi\u00f3n, d\u00eda de abordaje de los consumos problem\u00e1ticos, entre otros.<\/p>\n<p>2.- Realizar reuniones de trabajo con los consejeros\/as de los distintos departamentos con el objetivo de construir un mapeo zonal de los recursos existentes, lugares y modalidades de atenci\u00f3n en salud, alternativas de formaci\u00f3n, propuestas socio culturales.<\/p>\n<p>3.- Desarrollar actividades entre ambos colegios destinadas a promover las intervenciones que se enuncian en los puntos anteriores.<\/p>\n","protected":false},"excerpt":{"rendered":"<p>El CMVSF2, representado por su presidente, Luis \u00c1ngel Vidoret, y su secretario, H\u00e9ctor Eugenio Camiletti, firm\u00f3 un Convenio de Colaboraci\u00f3n con el Colegio de Psic\u00f3logos y Psic\u00f3logas de la Provincia de Santa Fe, 2\u00b0 Circunscripci\u00f3n, representado por su presidenta, Natalia Daniela Palma, el pasado viernes 15 de mayo de 2026. El mismo surge con el objetivo de trabajar en la promoci\u00f3n y prevenci\u00f3n de [&hellip;]<\/p>\n","protected":false},"author":3,"featured_media":35460,"comment_status":"closed","ping_status":"closed","sticky":false,"template":"","format":"standard","meta":{"_acf_changed":false,"footnotes":""},"categories":[343,345],"tags":[1108,1107,925],"class_list":["post-35457","post","type-post","status-publish","format-standard","has-post-thumbnail","hentry","category-destacada","category-institucionales","tag-colegio-de-psicologos","tag-convenio","tag-salud-mental"],"acf":[],"yoast_head":"<!-- This site is optimized with the Yoast SEO plugin v28.2 - https:\/\/yoast.com\/product\/yoast-seo-wordpress\/ -->\n<title>Se firm\u00f3 un convenio de colaboraci\u00f3n con el Colegio de Psic\u00f3logos y Psic\u00f3logas - Colegio De Veterinarios De Santa Fe 2da. Circunscripci\u00f3n<\/title>\n<meta name=\"description\" content=\"El CMVSF2, representado por su presidente, Luis \u00c1ngel Vidoret, y su secretario, H\u00e9ctor Eugenio Camiletti, firm\u00f3 un Convenio de Colaboraci\u00f3n con el Colegio\" \/>\n<meta name=\"robots\" content=\"index, follow, max-snippet:-1, max-image-preview:large, max-video-preview:-1\" \/>\n<link rel=\"canonical\" href=\"https:\/\/cmvsf2.org\/web\/2026\/05\/27\/se-firmo-un-convenio-de-colaboracion-con-el-colegio-de-psicologos-y-psicologas\/\" \/>\n<meta property=\"og:locale\" content=\"es_ES\" \/>\n<meta property=\"og:type\" content=\"article\" \/>\n<meta property=\"og:title\" content=\"Se firm\u00f3 un convenio de colaboraci\u00f3n con el Colegio de Psic\u00f3logos y Psic\u00f3logas - Colegio De Veterinarios De Santa Fe 2da. Circunscripci\u00f3n\" \/>\n<meta property=\"og:description\" content=\"El CMVSF2, representado por su presidente, Luis \u00c1ngel Vidoret, y su secretario, H\u00e9ctor Eugenio Camiletti, firm\u00f3 un Convenio de Colaboraci\u00f3n con el Colegio\" \/>\n<meta property=\"og:url\" content=\"https:\/\/cmvsf2.org\/web\/2026\/05\/27\/se-firmo-un-convenio-de-colaboracion-con-el-colegio-de-psicologos-y-psicologas\/\" \/>\n<meta property=\"og:site_name\" content=\"Colegio De Veterinarios De Santa Fe 2da. Circunscripci\u00f3n\" \/>\n<meta property=\"article:published_time\" content=\"2026-05-27T20:27:52+00:00\" \/>\n<meta property=\"article:modified_time\" content=\"2026-05-27T20:35:45+00:00\" \/>\n<meta property=\"og:image\" content=\"https:\/\/cmvsf2.org\/web\/wp-content\/uploads\/2026\/05\/imagen-destacada-web.png\" \/>\n\t<meta property=\"og:image:width\" content=\"1200\" \/>\n\t<meta property=\"og:image:height\" content=\"628\" \/>\n\t<meta property=\"og:image:type\" content=\"image\/png\" \/>\n<meta name=\"author\" content=\"cmvsf2\" \/>\n<meta name=\"twitter:card\" content=\"summary_large_image\" \/>\n<meta name=\"twitter:label1\" content=\"Escrito por\" \/>\n\t<meta name=\"twitter:data1\" content=\"cmvsf2\" \/>\n\t<meta name=\"twitter:label2\" content=\"Tiempo de lectura\" \/>\n\t<meta name=\"twitter:data2\" content=\"3 minutos\" \/>\n<script type=\"application\/ld+json\" class=\"yoast-schema-graph\">{\"@context\":\"https:\\\/\\\/schema.org\",\"@graph\":[{\"@type\":\"Article\",\"@id\":\"https:\\\/\\\/cmvsf2.org\\\/web\\\/2026\\\/05\\\/27\\\/se-firmo-un-convenio-de-colaboracion-con-el-colegio-de-psicologos-y-psicologas\\\/#article\",\"isPartOf\":{\"@id\":\"https:\\\/\\\/cmvsf2.org\\\/web\\\/2026\\\/05\\\/27\\\/se-firmo-un-convenio-de-colaboracion-con-el-colegio-de-psicologos-y-psicologas\\\/\"},\"author\":{\"name\":\"cmvsf2\",\"@id\":\"https:\\\/\\\/cmvsf2.org\\\/web\\\/#\\\/schema\\\/person\\\/46ea3630099a4a3df8d89f07cf5f7520\"},\"headline\":\"Se firm\u00f3 un convenio de colaboraci\u00f3n con el Colegio de Psic\u00f3logos y Psic\u00f3logas\",\"datePublished\":\"2026-05-27T20:27:52+00:00\",\"dateModified\":\"2026-05-27T20:35:45+00:00\",\"mainEntityOfPage\":{\"@id\":\"https:\\\/\\\/cmvsf2.org\\\/web\\\/2026\\\/05\\\/27\\\/se-firmo-un-convenio-de-colaboracion-con-el-colegio-de-psicologos-y-psicologas\\\/\"},\"wordCount\":513,\"publisher\":{\"@id\":\"https:\\\/\\\/cmvsf2.org\\\/web\\\/#organization\"},\"image\":{\"@id\":\"https:\\\/\\\/cmvsf2.org\\\/web\\\/2026\\\/05\\\/27\\\/se-firmo-un-convenio-de-colaboracion-con-el-colegio-de-psicologos-y-psicologas\\\/#primaryimage\"},\"thumbnailUrl\":\"https:\\\/\\\/cmvsf2.org\\\/web\\\/wp-content\\\/uploads\\\/2026\\\/05\\\/imagen-destacada-web.png\",\"keywords\":[\"colegio de psic\u00f3logos\",\"convenio\",\"salud mental\"],\"articleSection\":[\"Destacada\",\"Institucionales\"],\"inLanguage\":\"es\"},{\"@type\":\"WebPage\",\"@id\":\"https:\\\/\\\/cmvsf2.org\\\/web\\\/2026\\\/05\\\/27\\\/se-firmo-un-convenio-de-colaboracion-con-el-colegio-de-psicologos-y-psicologas\\\/\",\"url\":\"https:\\\/\\\/cmvsf2.org\\\/web\\\/2026\\\/05\\\/27\\\/se-firmo-un-convenio-de-colaboracion-con-el-colegio-de-psicologos-y-psicologas\\\/\",\"name\":\"Se firm\u00f3 un convenio de colaboraci\u00f3n con el Colegio de Psic\u00f3logos y Psic\u00f3logas - Colegio De Veterinarios De Santa Fe 2da. Circunscripci\u00f3n\",\"isPartOf\":{\"@id\":\"https:\\\/\\\/cmvsf2.org\\\/web\\\/#website\"},\"primaryImageOfPage\":{\"@id\":\"https:\\\/\\\/cmvsf2.org\\\/web\\\/2026\\\/05\\\/27\\\/se-firmo-un-convenio-de-colaboracion-con-el-colegio-de-psicologos-y-psicologas\\\/#primaryimage\"},\"image\":{\"@id\":\"https:\\\/\\\/cmvsf2.org\\\/web\\\/2026\\\/05\\\/27\\\/se-firmo-un-convenio-de-colaboracion-con-el-colegio-de-psicologos-y-psicologas\\\/#primaryimage\"},\"thumbnailUrl\":\"https:\\\/\\\/cmvsf2.org\\\/web\\\/wp-content\\\/uploads\\\/2026\\\/05\\\/imagen-destacada-web.png\",\"datePublished\":\"2026-05-27T20:27:52+00:00\",\"dateModified\":\"2026-05-27T20:35:45+00:00\",\"description\":\"El CMVSF2, representado por su presidente, Luis \u00c1ngel Vidoret, y su secretario, H\u00e9ctor Eugenio Camiletti, firm\u00f3 un Convenio de Colaboraci\u00f3n con el Colegio\",\"breadcrumb\":{\"@id\":\"https:\\\/\\\/cmvsf2.org\\\/web\\\/2026\\\/05\\\/27\\\/se-firmo-un-convenio-de-colaboracion-con-el-colegio-de-psicologos-y-psicologas\\\/#breadcrumb\"},\"inLanguage\":\"es\",\"potentialAction\":[{\"@type\":\"ReadAction\",\"target\":[\"https:\\\/\\\/cmvsf2.org\\\/web\\\/2026\\\/05\\\/27\\\/se-firmo-un-convenio-de-colaboracion-con-el-colegio-de-psicologos-y-psicologas\\\/\"]}]},{\"@type\":\"ImageObject\",\"inLanguage\":\"es\",\"@id\":\"https:\\\/\\\/cmvsf2.org\\\/web\\\/2026\\\/05\\\/27\\\/se-firmo-un-convenio-de-colaboracion-con-el-colegio-de-psicologos-y-psicologas\\\/#primaryimage\",\"url\":\"https:\\\/\\\/cmvsf2.org\\\/web\\\/wp-content\\\/uploads\\\/2026\\\/05\\\/imagen-destacada-web.png\",\"contentUrl\":\"https:\\\/\\\/cmvsf2.org\\\/web\\\/wp-content\\\/uploads\\\/2026\\\/05\\\/imagen-destacada-web.png\",\"width\":1200,\"height\":628},{\"@type\":\"BreadcrumbList\",\"@id\":\"https:\\\/\\\/cmvsf2.org\\\/web\\\/2026\\\/05\\\/27\\\/se-firmo-un-convenio-de-colaboracion-con-el-colegio-de-psicologos-y-psicologas\\\/#breadcrumb\",\"itemListElement\":[{\"@type\":\"ListItem\",\"position\":1,\"name\":\"Portada\",\"item\":\"https:\\\/\\\/cmvsf2.org\\\/web\\\/\"},{\"@type\":\"ListItem\",\"position\":2,\"name\":\"Se firm\u00f3 un convenio de colaboraci\u00f3n con el Colegio de Psic\u00f3logos y Psic\u00f3logas\"}]},{\"@type\":\"WebSite\",\"@id\":\"https:\\\/\\\/cmvsf2.org\\\/web\\\/#website\",\"url\":\"https:\\\/\\\/cmvsf2.org\\\/web\\\/\",\"name\":\"Colegio De Veterinarios De Santa Fe 2da. Circunscripci\u00f3n\",\"description\":\"Sitio institucional del Colegio de M\u00e9dicos Veterinario de Santa Fe 2da. Circunscripci\u00f3n\",\"publisher\":{\"@id\":\"https:\\\/\\\/cmvsf2.org\\\/web\\\/#organization\"},\"potentialAction\":[{\"@type\":\"SearchAction\",\"target\":{\"@type\":\"EntryPoint\",\"urlTemplate\":\"https:\\\/\\\/cmvsf2.org\\\/web\\\/?s={search_term_string}\"},\"query-input\":{\"@type\":\"PropertyValueSpecification\",\"valueRequired\":true,\"valueName\":\"search_term_string\"}}],\"inLanguage\":\"es\"},{\"@type\":\"Organization\",\"@id\":\"https:\\\/\\\/cmvsf2.org\\\/web\\\/#organization\",\"name\":\"Colegio De Veterinarios De Santa Fe 2da. Circunscripci\u00f3n\",\"url\":\"https:\\\/\\\/cmvsf2.org\\\/web\\\/\",\"logo\":{\"@type\":\"ImageObject\",\"inLanguage\":\"es\",\"@id\":\"https:\\\/\\\/cmvsf2.org\\\/web\\\/#\\\/schema\\\/logo\\\/image\\\/\",\"url\":\"http:\\\/\\\/cmvsf2.org\\\/web\\\/wp-content\\\/uploads\\\/2020\\\/03\\\/vector-logo-02.png\",\"contentUrl\":\"http:\\\/\\\/cmvsf2.org\\\/web\\\/wp-content\\\/uploads\\\/2020\\\/03\\\/vector-logo-02.png\",\"width\":2750,\"height\":642,\"caption\":\"Colegio De Veterinarios De Santa Fe 2da. Circunscripci\u00f3n\"},\"image\":{\"@id\":\"https:\\\/\\\/cmvsf2.org\\\/web\\\/#\\\/schema\\\/logo\\\/image\\\/\"}},{\"@type\":\"Person\",\"@id\":\"https:\\\/\\\/cmvsf2.org\\\/web\\\/#\\\/schema\\\/person\\\/46ea3630099a4a3df8d89f07cf5f7520\",\"name\":\"cmvsf2\",\"image\":{\"@type\":\"ImageObject\",\"inLanguage\":\"es\",\"@id\":\"https:\\\/\\\/secure.gravatar.com\\\/avatar\\\/669647b61c77f28f1aa51df04174a5ecb296e9988b4a93d2870666cd1f502cd7?s=96&d=mm&r=g\",\"url\":\"https:\\\/\\\/secure.gravatar.com\\\/avatar\\\/669647b61c77f28f1aa51df04174a5ecb296e9988b4a93d2870666cd1f502cd7?s=96&d=mm&r=g\",\"contentUrl\":\"https:\\\/\\\/secure.gravatar.com\\\/avatar\\\/669647b61c77f28f1aa51df04174a5ecb296e9988b4a93d2870666cd1f502cd7?s=96&d=mm&r=g\",\"caption\":\"cmvsf2\"}}]}<\/script>\n<!-- \/ Yoast SEO plugin. -->","yoast_head_json":{"title":"Se firm\u00f3 un convenio de colaboraci\u00f3n con el Colegio de Psic\u00f3logos y Psic\u00f3logas - Colegio De Veterinarios De Santa Fe 2da. Circunscripci\u00f3n","description":"El CMVSF2, representado por su presidente, Luis \u00c1ngel Vidoret, y su secretario, H\u00e9ctor Eugenio Camiletti, firm\u00f3 un Convenio de Colaboraci\u00f3n con el Colegio","robots":{"index":"index","follow":"follow","max-snippet":"max-snippet:-1","max-image-preview":"max-image-preview:large","max-video-preview":"max-video-preview:-1"},"canonical":"https:\/\/cmvsf2.org\/web\/2026\/05\/27\/se-firmo-un-convenio-de-colaboracion-con-el-colegio-de-psicologos-y-psicologas\/","og_locale":"es_ES","og_type":"article","og_title":"Se firm\u00f3 un convenio de colaboraci\u00f3n con el Colegio de Psic\u00f3logos y Psic\u00f3logas - Colegio De Veterinarios De Santa Fe 2da. Circunscripci\u00f3n","og_description":"El CMVSF2, representado por su presidente, Luis \u00c1ngel Vidoret, y su secretario, H\u00e9ctor Eugenio Camiletti, firm\u00f3 un Convenio de Colaboraci\u00f3n con el Colegio","og_url":"https:\/\/cmvsf2.org\/web\/2026\/05\/27\/se-firmo-un-convenio-de-colaboracion-con-el-colegio-de-psicologos-y-psicologas\/","og_site_name":"Colegio De Veterinarios De Santa Fe 2da. Circunscripci\u00f3n","article_published_time":"2026-05-27T20:27:52+00:00","article_modified_time":"2026-05-27T20:35:45+00:00","og_image":[{"width":1200,"height":628,"url":"https:\/\/cmvsf2.org\/web\/wp-content\/uploads\/2026\/05\/imagen-destacada-web.png","type":"image\/png"}],"author":"cmvsf2","twitter_card":"summary_large_image","twitter_misc":{"Escrito por":"cmvsf2","Tiempo de lectura":"3 minutos"},"schema":{"@context":"https:\/\/schema.org","@graph":[{"@type":"Article","@id":"https:\/\/cmvsf2.org\/web\/2026\/05\/27\/se-firmo-un-convenio-de-colaboracion-con-el-colegio-de-psicologos-y-psicologas\/#article","isPartOf":{"@id":"https:\/\/cmvsf2.org\/web\/2026\/05\/27\/se-firmo-un-convenio-de-colaboracion-con-el-colegio-de-psicologos-y-psicologas\/"},"author":{"name":"cmvsf2","@id":"https:\/\/cmvsf2.org\/web\/#\/schema\/person\/46ea3630099a4a3df8d89f07cf5f7520"},"headline":"Se firm\u00f3 un convenio de colaboraci\u00f3n con el Colegio de Psic\u00f3logos y Psic\u00f3logas","datePublished":"2026-05-27T20:27:52+00:00","dateModified":"2026-05-27T20:35:45+00:00","mainEntityOfPage":{"@id":"https:\/\/cmvsf2.org\/web\/2026\/05\/27\/se-firmo-un-convenio-de-colaboracion-con-el-colegio-de-psicologos-y-psicologas\/"},"wordCount":513,"publisher":{"@id":"https:\/\/cmvsf2.org\/web\/#organization"},"image":{"@id":"https:\/\/cmvsf2.org\/web\/2026\/05\/27\/se-firmo-un-convenio-de-colaboracion-con-el-colegio-de-psicologos-y-psicologas\/#primaryimage"},"thumbnailUrl":"https:\/\/cmvsf2.org\/web\/wp-content\/uploads\/2026\/05\/imagen-destacada-web.png","keywords":["colegio de psic\u00f3logos","convenio","salud mental"],"articleSection":["Destacada","Institucionales"],"inLanguage":"es"},{"@type":"WebPage","@id":"https:\/\/cmvsf2.org\/web\/2026\/05\/27\/se-firmo-un-convenio-de-colaboracion-con-el-colegio-de-psicologos-y-psicologas\/","url":"https:\/\/cmvsf2.org\/web\/2026\/05\/27\/se-firmo-un-convenio-de-colaboracion-con-el-colegio-de-psicologos-y-psicologas\/","name":"Se firm\u00f3 un convenio de colaboraci\u00f3n con el Colegio de Psic\u00f3logos y Psic\u00f3logas - Colegio De Veterinarios De Santa Fe 2da. Circunscripci\u00f3n","isPartOf":{"@id":"https:\/\/cmvsf2.org\/web\/#website"},"primaryImageOfPage":{"@id":"https:\/\/cmvsf2.org\/web\/2026\/05\/27\/se-firmo-un-convenio-de-colaboracion-con-el-colegio-de-psicologos-y-psicologas\/#primaryimage"},"image":{"@id":"https:\/\/cmvsf2.org\/web\/2026\/05\/27\/se-firmo-un-convenio-de-colaboracion-con-el-colegio-de-psicologos-y-psicologas\/#primaryimage"},"thumbnailUrl":"https:\/\/cmvsf2.org\/web\/wp-content\/uploads\/2026\/05\/imagen-destacada-web.png","datePublished":"2026-05-27T20:27:52+00:00","dateModified":"2026-05-27T20:35:45+00:00","description":"El CMVSF2, representado por su presidente, Luis \u00c1ngel Vidoret, y su secretario, H\u00e9ctor Eugenio Camiletti, firm\u00f3 un Convenio de Colaboraci\u00f3n con el Colegio","breadcrumb":{"@id":"https:\/\/cmvsf2.org\/web\/2026\/05\/27\/se-firmo-un-convenio-de-colaboracion-con-el-colegio-de-psicologos-y-psicologas\/#breadcrumb"},"inLanguage":"es","potentialAction":[{"@type":"ReadAction","target":["https:\/\/cmvsf2.org\/web\/2026\/05\/27\/se-firmo-un-convenio-de-colaboracion-con-el-colegio-de-psicologos-y-psicologas\/"]}]},{"@type":"ImageObject","inLanguage":"es","@id":"https:\/\/cmvsf2.org\/web\/2026\/05\/27\/se-firmo-un-convenio-de-colaboracion-con-el-colegio-de-psicologos-y-psicologas\/#primaryimage","url":"https:\/\/cmvsf2.org\/web\/wp-content\/uploads\/2026\/05\/imagen-destacada-web.png","contentUrl":"https:\/\/cmvsf2.org\/web\/wp-content\/uploads\/2026\/05\/imagen-destacada-web.png","width":1200,"height":628},{"@type":"BreadcrumbList","@id":"https:\/\/cmvsf2.org\/web\/2026\/05\/27\/se-firmo-un-convenio-de-colaboracion-con-el-colegio-de-psicologos-y-psicologas\/#breadcrumb","itemListElement":[{"@type":"ListItem","position":1,"name":"Portada","item":"https:\/\/cmvsf2.org\/web\/"},{"@type":"ListItem","position":2,"name":"Se firm\u00f3 un convenio de colaboraci\u00f3n con el Colegio de Psic\u00f3logos y Psic\u00f3logas"}]},{"@type":"WebSite","@id":"https:\/\/cmvsf2.org\/web\/#website","url":"https:\/\/cmvsf2.org\/web\/","name":"Colegio De Veterinarios De Santa Fe 2da. Circunscripci\u00f3n","description":"Sitio institucional del Colegio de M\u00e9dicos Veterinario de Santa Fe 2da. Circunscripci\u00f3n","publisher":{"@id":"https:\/\/cmvsf2.org\/web\/#organization"},"potentialAction":[{"@type":"SearchAction","target":{"@type":"EntryPoint","urlTemplate":"https:\/\/cmvsf2.org\/web\/?s={search_term_string}"},"query-input":{"@type":"PropertyValueSpecification","valueRequired":true,"valueName":"search_term_string"}}],"inLanguage":"es"},{"@type":"Organization","@id":"https:\/\/cmvsf2.org\/web\/#organization","name":"Colegio De Veterinarios De Santa Fe 2da. Circunscripci\u00f3n","url":"https:\/\/cmvsf2.org\/web\/","logo":{"@type":"ImageObject","inLanguage":"es","@id":"https:\/\/cmvsf2.org\/web\/#\/schema\/logo\/image\/","url":"http:\/\/cmvsf2.org\/web\/wp-content\/uploads\/2020\/03\/vector-logo-02.png","contentUrl":"http:\/\/cmvsf2.org\/web\/wp-content\/uploads\/2020\/03\/vector-logo-02.png","width":2750,"height":642,"caption":"Colegio De Veterinarios De Santa Fe 2da. Circunscripci\u00f3n"},"image":{"@id":"https:\/\/cmvsf2.org\/web\/#\/schema\/logo\/image\/"}},{"@type":"Person","@id":"https:\/\/cmvsf2.org\/web\/#\/schema\/person\/46ea3630099a4a3df8d89f07cf5f7520","name":"cmvsf2","image":{"@type":"ImageObject","inLanguage":"es","@id":"https:\/\/secure.gravatar.com\/avatar\/669647b61c77f28f1aa51df04174a5ecb296e9988b4a93d2870666cd1f502cd7?s=96&d=mm&r=g","url":"https:\/\/secure.gravatar.com\/avatar\/669647b61c77f28f1aa51df04174a5ecb296e9988b4a93d2870666cd1f502cd7?s=96&d=mm&r=g","contentUrl":"https:\/\/secure.gravatar.com\/avatar\/669647b61c77f28f1aa51df04174a5ecb296e9988b4a93d2870666cd1f502cd7?s=96&d=mm&r=g","caption":"cmvsf2"}}]}},"_links":{"self":[{"href":"https:\/\/cmvsf2.org\/web\/wp-json\/wp\/v2\/posts\/35457","targetHints":{"allow":["GET"]}}],"collection":[{"href":"https:\/\/cmvsf2.org\/web\/wp-json\/wp\/v2\/posts"}],"about":[{"href":"https:\/\/cmvsf2.org\/web\/wp-json\/wp\/v2\/types\/post"}],"author":[{"embeddable":true,"href":"https:\/\/cmvsf2.org\/web\/wp-json\/wp\/v2\/users\/3"}],"replies":[{"embeddable":true,"href":"https:\/\/cmvsf2.org\/web\/wp-json\/wp\/v2\/comments?post=35457"}],"version-history":[{"count":1,"href":"https:\/\/cmvsf2.org\/web\/wp-json\/wp\/v2\/posts\/35457\/revisions"}],"predecessor-version":[{"id":35459,"href":"https:\/\/cmvsf2.org\/web\/wp-json\/wp\/v2\/posts\/35457\/revisions\/35459"}],"wp:featuredmedia":[{"embeddable":true,"href":"https:\/\/cmvsf2.org\/web\/wp-json\/wp\/v2\/media\/35460"}],"wp:attachment":[{"href":"https:\/\/cmvsf2.org\/web\/wp-json\/wp\/v2\/media?parent=35457"}],"wp:term":[{"taxonomy":"category","embeddable":true,"href":"https:\/\/cmvsf2.org\/web\/wp-json\/wp\/v2\/categories?post=35457"},{"taxonomy":"post_tag","embeddable":true,"href":"https:\/\/cmvsf2.org\/web\/wp-json\/wp\/v2\/tags?post=35457"}],"curies":[{"name":"wp","href":"https:\/\/api.w.org\/{rel}","templated":true}]}}