{"id":35405,"date":"2026-04-23T15:05:40","date_gmt":"2026-04-23T18:05:40","guid":{"rendered":"https:\/\/cmvsf2.org\/web\/?p=35405"},"modified":"2026-04-23T15:05:40","modified_gmt":"2026-04-23T18:05:40","slug":"atencion-interesados-as-en-recibir-la-vacuna-antigripal","status":"publish","type":"post","link":"https:\/\/cmvsf2.org\/web\/2026\/04\/23\/atencion-interesados-as-en-recibir-la-vacuna-antigripal\/","title":{"rendered":"Atenci\u00f3n interesados\/as en recibir la vacuna antigripal"},"content":{"rendered":"<p>Estimado\/as colegas: del \u00e1rea de\u00a0<strong>Inmunizaciones\u00a0Santa Fe,\u00a0\u00a0<\/strong>hemos recibido la solicitud de enviarles un listado de los\/ las\u00a0 matriculados\/as que se deseen vacunar contra la gripe y que se encuentren dentro de la poblaci\u00f3n objetivo.\u00a0Qui\u00e9nes deben vacunarse contra la gripe:<\/p>\n<ul>\n<li>Personas gestantes: en cada embarazo y en cualquier trimestre de la gestaci\u00f3n.<\/li>\n<li>Personas pu\u00e9rperas: hasta el egreso de la maternidad \u2013m\u00e1ximo 10 d\u00edas-, si no recibiera la vacuna durante el embarazo.<\/li>\n<li>Personas hasta 64 a\u00f1os con enfermedades cr\u00f3nicas consideradas factores de riesgo (En estos casos deber\u00e1 contar con documentaci\u00f3n que acredite la misma)<\/li>\n<li>Personas de 65 a\u00f1os y mayores.<\/li>\n<\/ul>\n<p>QUIENES DESEAN SER VACUNADOS\/AS CONTRA LA GRIPE DEBEN COMPLETAR EL FORMULARIO QUE FUE ENVIADO POR MAIL, ANTES DEL 30\/04\/2026.<\/p>\n<p>\u26a0\ufe0f Si sos matriculado\/a CMVSF2, no recibiste el mail, est\u00e1s dentro de la poblaci\u00f3n objetivo, y quer\u00e9s vacunarte, por favor escribinos al Whatsapp y te hacemos llegar el formulario.<\/p>\n","protected":false},"excerpt":{"rendered":"<p>Estimado\/as colegas: del \u00e1rea de\u00a0Inmunizaciones\u00a0Santa Fe,\u00a0\u00a0hemos recibido la solicitud de enviarles un listado de los\/ las\u00a0 matriculados\/as que se deseen vacunar contra la gripe y que se encuentren dentro de la poblaci\u00f3n objetivo.\u00a0Qui\u00e9nes deben vacunarse contra la gripe: Personas gestantes: en cada embarazo y en cualquier trimestre de la gestaci\u00f3n. Personas pu\u00e9rperas: hasta el egreso de la maternidad \u2013m\u00e1ximo 10 d\u00edas-, si no recibiera [&hellip;]<\/p>\n","protected":false},"author":3,"featured_media":35406,"comment_status":"closed","ping_status":"closed","sticky":false,"template":"","format":"standard","meta":{"_acf_changed":false,"footnotes":""},"categories":[343,345],"tags":[1098],"class_list":["post-35405","post","type-post","status-publish","format-standard","has-post-thumbnail","hentry","category-destacada","category-institucionales","tag-vacuna-antigripal"],"acf":[],"yoast_head":"<!-- This site is optimized with the Yoast SEO plugin v28.2 - https:\/\/yoast.com\/product\/yoast-seo-wordpress\/ -->\n<title>Atenci\u00f3n interesados\/as en recibir la vacuna antigripal - Colegio De Veterinarios De Santa Fe 2da. Circunscripci\u00f3n<\/title>\n<meta name=\"description\" content=\"Estimado\/as colegas: del \u00e1rea de\u00a0Inmunizaciones\u00a0Santa Fe,\u00a0\u00a0hemos recibido la solicitud de enviarles un listado de los\/ las\u00a0 matriculados\/as que se deseen\" \/>\n<meta name=\"robots\" content=\"index, follow, max-snippet:-1, max-image-preview:large, max-video-preview:-1\" \/>\n<link rel=\"canonical\" href=\"https:\/\/cmvsf2.org\/web\/2026\/04\/23\/atencion-interesados-as-en-recibir-la-vacuna-antigripal\/\" \/>\n<meta property=\"og:locale\" content=\"es_ES\" \/>\n<meta property=\"og:type\" content=\"article\" \/>\n<meta property=\"og:title\" content=\"Atenci\u00f3n interesados\/as en recibir la vacuna antigripal - Colegio De Veterinarios De Santa Fe 2da. Circunscripci\u00f3n\" \/>\n<meta property=\"og:description\" content=\"Estimado\/as colegas: del \u00e1rea de\u00a0Inmunizaciones\u00a0Santa Fe,\u00a0\u00a0hemos recibido la solicitud de enviarles un listado de los\/ las\u00a0 matriculados\/as que se deseen\" \/>\n<meta property=\"og:url\" content=\"https:\/\/cmvsf2.org\/web\/2026\/04\/23\/atencion-interesados-as-en-recibir-la-vacuna-antigripal\/\" \/>\n<meta property=\"og:site_name\" content=\"Colegio De Veterinarios De Santa Fe 2da. Circunscripci\u00f3n\" \/>\n<meta property=\"article:published_time\" content=\"2026-04-23T18:05:40+00:00\" \/>\n<meta property=\"og:image\" content=\"https:\/\/cmvsf2.org\/web\/wp-content\/uploads\/2026\/04\/AVISO-VET-2-1280-x-720-px.png\" \/>\n\t<meta property=\"og:image:width\" content=\"1280\" \/>\n\t<meta property=\"og:image:height\" content=\"720\" \/>\n\t<meta property=\"og:image:type\" content=\"image\/png\" \/>\n<meta name=\"author\" content=\"cmvsf2\" \/>\n<meta name=\"twitter:card\" content=\"summary_large_image\" \/>\n<meta name=\"twitter:label1\" content=\"Escrito por\" \/>\n\t<meta name=\"twitter:data1\" content=\"cmvsf2\" \/>\n\t<meta name=\"twitter:label2\" content=\"Tiempo de lectura\" \/>\n\t<meta name=\"twitter:data2\" content=\"1 minuto\" \/>\n<script type=\"application\/ld+json\" class=\"yoast-schema-graph\">{\"@context\":\"https:\\\/\\\/schema.org\",\"@graph\":[{\"@type\":\"Article\",\"@id\":\"https:\\\/\\\/cmvsf2.org\\\/web\\\/2026\\\/04\\\/23\\\/atencion-interesados-as-en-recibir-la-vacuna-antigripal\\\/#article\",\"isPartOf\":{\"@id\":\"https:\\\/\\\/cmvsf2.org\\\/web\\\/2026\\\/04\\\/23\\\/atencion-interesados-as-en-recibir-la-vacuna-antigripal\\\/\"},\"author\":{\"name\":\"cmvsf2\",\"@id\":\"https:\\\/\\\/cmvsf2.org\\\/web\\\/#\\\/schema\\\/person\\\/46ea3630099a4a3df8d89f07cf5f7520\"},\"headline\":\"Atenci\u00f3n interesados\\\/as en recibir la vacuna antigripal\",\"datePublished\":\"2026-04-23T18:05:40+00:00\",\"mainEntityOfPage\":{\"@id\":\"https:\\\/\\\/cmvsf2.org\\\/web\\\/2026\\\/04\\\/23\\\/atencion-interesados-as-en-recibir-la-vacuna-antigripal\\\/\"},\"wordCount\":170,\"publisher\":{\"@id\":\"https:\\\/\\\/cmvsf2.org\\\/web\\\/#organization\"},\"image\":{\"@id\":\"https:\\\/\\\/cmvsf2.org\\\/web\\\/2026\\\/04\\\/23\\\/atencion-interesados-as-en-recibir-la-vacuna-antigripal\\\/#primaryimage\"},\"thumbnailUrl\":\"https:\\\/\\\/cmvsf2.org\\\/web\\\/wp-content\\\/uploads\\\/2026\\\/04\\\/AVISO-VET-2-1280-x-720-px.png\",\"keywords\":[\"vacuna antigripal\"],\"articleSection\":[\"Destacada\",\"Institucionales\"],\"inLanguage\":\"es\"},{\"@type\":\"WebPage\",\"@id\":\"https:\\\/\\\/cmvsf2.org\\\/web\\\/2026\\\/04\\\/23\\\/atencion-interesados-as-en-recibir-la-vacuna-antigripal\\\/\",\"url\":\"https:\\\/\\\/cmvsf2.org\\\/web\\\/2026\\\/04\\\/23\\\/atencion-interesados-as-en-recibir-la-vacuna-antigripal\\\/\",\"name\":\"Atenci\u00f3n interesados\\\/as en recibir la vacuna antigripal - Colegio De Veterinarios De Santa Fe 2da. Circunscripci\u00f3n\",\"isPartOf\":{\"@id\":\"https:\\\/\\\/cmvsf2.org\\\/web\\\/#website\"},\"primaryImageOfPage\":{\"@id\":\"https:\\\/\\\/cmvsf2.org\\\/web\\\/2026\\\/04\\\/23\\\/atencion-interesados-as-en-recibir-la-vacuna-antigripal\\\/#primaryimage\"},\"image\":{\"@id\":\"https:\\\/\\\/cmvsf2.org\\\/web\\\/2026\\\/04\\\/23\\\/atencion-interesados-as-en-recibir-la-vacuna-antigripal\\\/#primaryimage\"},\"thumbnailUrl\":\"https:\\\/\\\/cmvsf2.org\\\/web\\\/wp-content\\\/uploads\\\/2026\\\/04\\\/AVISO-VET-2-1280-x-720-px.png\",\"datePublished\":\"2026-04-23T18:05:40+00:00\",\"description\":\"Estimado\\\/as colegas: del \u00e1rea de\u00a0Inmunizaciones\u00a0Santa Fe,\u00a0\u00a0hemos recibido la solicitud de enviarles un listado de los\\\/ las\u00a0 matriculados\\\/as que se deseen\",\"breadcrumb\":{\"@id\":\"https:\\\/\\\/cmvsf2.org\\\/web\\\/2026\\\/04\\\/23\\\/atencion-interesados-as-en-recibir-la-vacuna-antigripal\\\/#breadcrumb\"},\"inLanguage\":\"es\",\"potentialAction\":[{\"@type\":\"ReadAction\",\"target\":[\"https:\\\/\\\/cmvsf2.org\\\/web\\\/2026\\\/04\\\/23\\\/atencion-interesados-as-en-recibir-la-vacuna-antigripal\\\/\"]}]},{\"@type\":\"ImageObject\",\"inLanguage\":\"es\",\"@id\":\"https:\\\/\\\/cmvsf2.org\\\/web\\\/2026\\\/04\\\/23\\\/atencion-interesados-as-en-recibir-la-vacuna-antigripal\\\/#primaryimage\",\"url\":\"https:\\\/\\\/cmvsf2.org\\\/web\\\/wp-content\\\/uploads\\\/2026\\\/04\\\/AVISO-VET-2-1280-x-720-px.png\",\"contentUrl\":\"https:\\\/\\\/cmvsf2.org\\\/web\\\/wp-content\\\/uploads\\\/2026\\\/04\\\/AVISO-VET-2-1280-x-720-px.png\",\"width\":1280,\"height\":720},{\"@type\":\"BreadcrumbList\",\"@id\":\"https:\\\/\\\/cmvsf2.org\\\/web\\\/2026\\\/04\\\/23\\\/atencion-interesados-as-en-recibir-la-vacuna-antigripal\\\/#breadcrumb\",\"itemListElement\":[{\"@type\":\"ListItem\",\"position\":1,\"name\":\"Portada\",\"item\":\"https:\\\/\\\/cmvsf2.org\\\/web\\\/\"},{\"@type\":\"ListItem\",\"position\":2,\"name\":\"Atenci\u00f3n interesados\\\/as en recibir la vacuna antigripal\"}]},{\"@type\":\"WebSite\",\"@id\":\"https:\\\/\\\/cmvsf2.org\\\/web\\\/#website\",\"url\":\"https:\\\/\\\/cmvsf2.org\\\/web\\\/\",\"name\":\"Colegio De Veterinarios De Santa Fe 2da. Circunscripci\u00f3n\",\"description\":\"Sitio institucional del Colegio de M\u00e9dicos Veterinario de Santa Fe 2da. Circunscripci\u00f3n\",\"publisher\":{\"@id\":\"https:\\\/\\\/cmvsf2.org\\\/web\\\/#organization\"},\"potentialAction\":[{\"@type\":\"SearchAction\",\"target\":{\"@type\":\"EntryPoint\",\"urlTemplate\":\"https:\\\/\\\/cmvsf2.org\\\/web\\\/?s={search_term_string}\"},\"query-input\":{\"@type\":\"PropertyValueSpecification\",\"valueRequired\":true,\"valueName\":\"search_term_string\"}}],\"inLanguage\":\"es\"},{\"@type\":\"Organization\",\"@id\":\"https:\\\/\\\/cmvsf2.org\\\/web\\\/#organization\",\"name\":\"Colegio De Veterinarios De Santa Fe 2da. Circunscripci\u00f3n\",\"url\":\"https:\\\/\\\/cmvsf2.org\\\/web\\\/\",\"logo\":{\"@type\":\"ImageObject\",\"inLanguage\":\"es\",\"@id\":\"https:\\\/\\\/cmvsf2.org\\\/web\\\/#\\\/schema\\\/logo\\\/image\\\/\",\"url\":\"http:\\\/\\\/cmvsf2.org\\\/web\\\/wp-content\\\/uploads\\\/2020\\\/03\\\/vector-logo-02.png\",\"contentUrl\":\"http:\\\/\\\/cmvsf2.org\\\/web\\\/wp-content\\\/uploads\\\/2020\\\/03\\\/vector-logo-02.png\",\"width\":2750,\"height\":642,\"caption\":\"Colegio De Veterinarios De Santa Fe 2da. Circunscripci\u00f3n\"},\"image\":{\"@id\":\"https:\\\/\\\/cmvsf2.org\\\/web\\\/#\\\/schema\\\/logo\\\/image\\\/\"}},{\"@type\":\"Person\",\"@id\":\"https:\\\/\\\/cmvsf2.org\\\/web\\\/#\\\/schema\\\/person\\\/46ea3630099a4a3df8d89f07cf5f7520\",\"name\":\"cmvsf2\",\"image\":{\"@type\":\"ImageObject\",\"inLanguage\":\"es\",\"@id\":\"https:\\\/\\\/secure.gravatar.com\\\/avatar\\\/669647b61c77f28f1aa51df04174a5ecb296e9988b4a93d2870666cd1f502cd7?s=96&d=mm&r=g\",\"url\":\"https:\\\/\\\/secure.gravatar.com\\\/avatar\\\/669647b61c77f28f1aa51df04174a5ecb296e9988b4a93d2870666cd1f502cd7?s=96&d=mm&r=g\",\"contentUrl\":\"https:\\\/\\\/secure.gravatar.com\\\/avatar\\\/669647b61c77f28f1aa51df04174a5ecb296e9988b4a93d2870666cd1f502cd7?s=96&d=mm&r=g\",\"caption\":\"cmvsf2\"}}]}<\/script>\n<!-- \/ Yoast SEO plugin. -->","yoast_head_json":{"title":"Atenci\u00f3n interesados\/as en recibir la vacuna antigripal - Colegio De Veterinarios De Santa Fe 2da. Circunscripci\u00f3n","description":"Estimado\/as colegas: del \u00e1rea de\u00a0Inmunizaciones\u00a0Santa Fe,\u00a0\u00a0hemos recibido la solicitud de enviarles un listado de los\/ las\u00a0 matriculados\/as que se deseen","robots":{"index":"index","follow":"follow","max-snippet":"max-snippet:-1","max-image-preview":"max-image-preview:large","max-video-preview":"max-video-preview:-1"},"canonical":"https:\/\/cmvsf2.org\/web\/2026\/04\/23\/atencion-interesados-as-en-recibir-la-vacuna-antigripal\/","og_locale":"es_ES","og_type":"article","og_title":"Atenci\u00f3n interesados\/as en recibir la vacuna antigripal - Colegio De Veterinarios De Santa Fe 2da. Circunscripci\u00f3n","og_description":"Estimado\/as colegas: del \u00e1rea de\u00a0Inmunizaciones\u00a0Santa Fe,\u00a0\u00a0hemos recibido la solicitud de enviarles un listado de los\/ las\u00a0 matriculados\/as que se deseen","og_url":"https:\/\/cmvsf2.org\/web\/2026\/04\/23\/atencion-interesados-as-en-recibir-la-vacuna-antigripal\/","og_site_name":"Colegio De Veterinarios De Santa Fe 2da. Circunscripci\u00f3n","article_published_time":"2026-04-23T18:05:40+00:00","og_image":[{"width":1280,"height":720,"url":"https:\/\/cmvsf2.org\/web\/wp-content\/uploads\/2026\/04\/AVISO-VET-2-1280-x-720-px.png","type":"image\/png"}],"author":"cmvsf2","twitter_card":"summary_large_image","twitter_misc":{"Escrito por":"cmvsf2","Tiempo de lectura":"1 minuto"},"schema":{"@context":"https:\/\/schema.org","@graph":[{"@type":"Article","@id":"https:\/\/cmvsf2.org\/web\/2026\/04\/23\/atencion-interesados-as-en-recibir-la-vacuna-antigripal\/#article","isPartOf":{"@id":"https:\/\/cmvsf2.org\/web\/2026\/04\/23\/atencion-interesados-as-en-recibir-la-vacuna-antigripal\/"},"author":{"name":"cmvsf2","@id":"https:\/\/cmvsf2.org\/web\/#\/schema\/person\/46ea3630099a4a3df8d89f07cf5f7520"},"headline":"Atenci\u00f3n interesados\/as en recibir la vacuna antigripal","datePublished":"2026-04-23T18:05:40+00:00","mainEntityOfPage":{"@id":"https:\/\/cmvsf2.org\/web\/2026\/04\/23\/atencion-interesados-as-en-recibir-la-vacuna-antigripal\/"},"wordCount":170,"publisher":{"@id":"https:\/\/cmvsf2.org\/web\/#organization"},"image":{"@id":"https:\/\/cmvsf2.org\/web\/2026\/04\/23\/atencion-interesados-as-en-recibir-la-vacuna-antigripal\/#primaryimage"},"thumbnailUrl":"https:\/\/cmvsf2.org\/web\/wp-content\/uploads\/2026\/04\/AVISO-VET-2-1280-x-720-px.png","keywords":["vacuna antigripal"],"articleSection":["Destacada","Institucionales"],"inLanguage":"es"},{"@type":"WebPage","@id":"https:\/\/cmvsf2.org\/web\/2026\/04\/23\/atencion-interesados-as-en-recibir-la-vacuna-antigripal\/","url":"https:\/\/cmvsf2.org\/web\/2026\/04\/23\/atencion-interesados-as-en-recibir-la-vacuna-antigripal\/","name":"Atenci\u00f3n interesados\/as en recibir la vacuna antigripal - Colegio De Veterinarios De Santa Fe 2da. Circunscripci\u00f3n","isPartOf":{"@id":"https:\/\/cmvsf2.org\/web\/#website"},"primaryImageOfPage":{"@id":"https:\/\/cmvsf2.org\/web\/2026\/04\/23\/atencion-interesados-as-en-recibir-la-vacuna-antigripal\/#primaryimage"},"image":{"@id":"https:\/\/cmvsf2.org\/web\/2026\/04\/23\/atencion-interesados-as-en-recibir-la-vacuna-antigripal\/#primaryimage"},"thumbnailUrl":"https:\/\/cmvsf2.org\/web\/wp-content\/uploads\/2026\/04\/AVISO-VET-2-1280-x-720-px.png","datePublished":"2026-04-23T18:05:40+00:00","description":"Estimado\/as colegas: del \u00e1rea de\u00a0Inmunizaciones\u00a0Santa Fe,\u00a0\u00a0hemos recibido la solicitud de enviarles un listado de los\/ las\u00a0 matriculados\/as que se deseen","breadcrumb":{"@id":"https:\/\/cmvsf2.org\/web\/2026\/04\/23\/atencion-interesados-as-en-recibir-la-vacuna-antigripal\/#breadcrumb"},"inLanguage":"es","potentialAction":[{"@type":"ReadAction","target":["https:\/\/cmvsf2.org\/web\/2026\/04\/23\/atencion-interesados-as-en-recibir-la-vacuna-antigripal\/"]}]},{"@type":"ImageObject","inLanguage":"es","@id":"https:\/\/cmvsf2.org\/web\/2026\/04\/23\/atencion-interesados-as-en-recibir-la-vacuna-antigripal\/#primaryimage","url":"https:\/\/cmvsf2.org\/web\/wp-content\/uploads\/2026\/04\/AVISO-VET-2-1280-x-720-px.png","contentUrl":"https:\/\/cmvsf2.org\/web\/wp-content\/uploads\/2026\/04\/AVISO-VET-2-1280-x-720-px.png","width":1280,"height":720},{"@type":"BreadcrumbList","@id":"https:\/\/cmvsf2.org\/web\/2026\/04\/23\/atencion-interesados-as-en-recibir-la-vacuna-antigripal\/#breadcrumb","itemListElement":[{"@type":"ListItem","position":1,"name":"Portada","item":"https:\/\/cmvsf2.org\/web\/"},{"@type":"ListItem","position":2,"name":"Atenci\u00f3n interesados\/as en recibir la vacuna antigripal"}]},{"@type":"WebSite","@id":"https:\/\/cmvsf2.org\/web\/#website","url":"https:\/\/cmvsf2.org\/web\/","name":"Colegio De Veterinarios De Santa Fe 2da. Circunscripci\u00f3n","description":"Sitio institucional del Colegio de M\u00e9dicos Veterinario de Santa Fe 2da. Circunscripci\u00f3n","publisher":{"@id":"https:\/\/cmvsf2.org\/web\/#organization"},"potentialAction":[{"@type":"SearchAction","target":{"@type":"EntryPoint","urlTemplate":"https:\/\/cmvsf2.org\/web\/?s={search_term_string}"},"query-input":{"@type":"PropertyValueSpecification","valueRequired":true,"valueName":"search_term_string"}}],"inLanguage":"es"},{"@type":"Organization","@id":"https:\/\/cmvsf2.org\/web\/#organization","name":"Colegio De Veterinarios De Santa Fe 2da. Circunscripci\u00f3n","url":"https:\/\/cmvsf2.org\/web\/","logo":{"@type":"ImageObject","inLanguage":"es","@id":"https:\/\/cmvsf2.org\/web\/#\/schema\/logo\/image\/","url":"http:\/\/cmvsf2.org\/web\/wp-content\/uploads\/2020\/03\/vector-logo-02.png","contentUrl":"http:\/\/cmvsf2.org\/web\/wp-content\/uploads\/2020\/03\/vector-logo-02.png","width":2750,"height":642,"caption":"Colegio De Veterinarios De Santa Fe 2da. Circunscripci\u00f3n"},"image":{"@id":"https:\/\/cmvsf2.org\/web\/#\/schema\/logo\/image\/"}},{"@type":"Person","@id":"https:\/\/cmvsf2.org\/web\/#\/schema\/person\/46ea3630099a4a3df8d89f07cf5f7520","name":"cmvsf2","image":{"@type":"ImageObject","inLanguage":"es","@id":"https:\/\/secure.gravatar.com\/avatar\/669647b61c77f28f1aa51df04174a5ecb296e9988b4a93d2870666cd1f502cd7?s=96&d=mm&r=g","url":"https:\/\/secure.gravatar.com\/avatar\/669647b61c77f28f1aa51df04174a5ecb296e9988b4a93d2870666cd1f502cd7?s=96&d=mm&r=g","contentUrl":"https:\/\/secure.gravatar.com\/avatar\/669647b61c77f28f1aa51df04174a5ecb296e9988b4a93d2870666cd1f502cd7?s=96&d=mm&r=g","caption":"cmvsf2"}}]}},"_links":{"self":[{"href":"https:\/\/cmvsf2.org\/web\/wp-json\/wp\/v2\/posts\/35405","targetHints":{"allow":["GET"]}}],"collection":[{"href":"https:\/\/cmvsf2.org\/web\/wp-json\/wp\/v2\/posts"}],"about":[{"href":"https:\/\/cmvsf2.org\/web\/wp-json\/wp\/v2\/types\/post"}],"author":[{"embeddable":true,"href":"https:\/\/cmvsf2.org\/web\/wp-json\/wp\/v2\/users\/3"}],"replies":[{"embeddable":true,"href":"https:\/\/cmvsf2.org\/web\/wp-json\/wp\/v2\/comments?post=35405"}],"version-history":[{"count":1,"href":"https:\/\/cmvsf2.org\/web\/wp-json\/wp\/v2\/posts\/35405\/revisions"}],"predecessor-version":[{"id":35407,"href":"https:\/\/cmvsf2.org\/web\/wp-json\/wp\/v2\/posts\/35405\/revisions\/35407"}],"wp:featuredmedia":[{"embeddable":true,"href":"https:\/\/cmvsf2.org\/web\/wp-json\/wp\/v2\/media\/35406"}],"wp:attachment":[{"href":"https:\/\/cmvsf2.org\/web\/wp-json\/wp\/v2\/media?parent=35405"}],"wp:term":[{"taxonomy":"category","embeddable":true,"href":"https:\/\/cmvsf2.org\/web\/wp-json\/wp\/v2\/categories?post=35405"},{"taxonomy":"post_tag","embeddable":true,"href":"https:\/\/cmvsf2.org\/web\/wp-json\/wp\/v2\/tags?post=35405"}],"curies":[{"name":"wp","href":"https:\/\/api.w.org\/{rel}","templated":true}]}}