{"id":35377,"date":"2026-03-18T18:49:28","date_gmt":"2026-03-18T21:49:28","guid":{"rendered":"https:\/\/cmvsf2.org\/web\/?p=35377"},"modified":"2026-03-18T18:49:28","modified_gmt":"2026-03-18T21:49:28","slug":"la-alimentacion-en-el-siglo-xxi-oportunidades-y-competencias-laborales-de-los-profesionales-universitarios","status":"publish","type":"post","link":"https:\/\/cmvsf2.org\/web\/2026\/03\/18\/la-alimentacion-en-el-siglo-xxi-oportunidades-y-competencias-laborales-de-los-profesionales-universitarios\/","title":{"rendered":"La alimentaci\u00f3n en el siglo XXI: oportunidades y competencias laborales de los profesionales universitarios"},"content":{"rendered":"<p>El CMVSF2 invita a la charla online: \u00ab<span class=\"a_GcMg font-feature-liga-off font-feature-clig-off font-feature-calt-off text-decoration-none text-strikethrough-none\">La alimentaci\u00f3n en el siglo XXI: oportunidades y competencias laborales de los profesionales universitarios\u00bb a cargo del profesor universitario y director del Laboratorio de An\u00e1lisis de Alimentos de la Facultad de Ciencias Veterinarias (UNL), Dr. Marcelo Rosmini.<\/span><\/p>\n<p>La misma tendr\u00e1 lugar v\u00eda zoom el pr\u00f3ximo jueves 26 de marzo a las 20 horas y tendr\u00e1 un valor de $5 mil.<\/p>\n<p>Matriculados\/as: el valor de la inscripci\u00f3n se debitar\u00e1 directamente de su cuenta.<\/p>\n<p>No matriculados\/as: deben transferir el valor de la inscripci\u00f3n a cualquiera de los siguientes alias:<\/p>\n<ul>\n<li>SANTAFE-CMVSF2<\/li>\n<li>MACRO-CMVSF2<\/li>\n<\/ul>\n<p>y enviar comprobante al mail tesoreria@cmvsf2.org<\/p>\n<p>No olvides reservar tu lugar, completando el formulario de inscripci\u00f3n a continuaci\u00f3n.<\/p>\n","protected":false},"excerpt":{"rendered":"<p>El CMVSF2 invita a la charla online: \u00abLa alimentaci\u00f3n en el siglo XXI: oportunidades y competencias laborales de los profesionales universitarios\u00bb a cargo del profesor universitario y director del Laboratorio de An\u00e1lisis de Alimentos de la Facultad de Ciencias Veterinarias (UNL), Dr. Marcelo Rosmini. La misma tendr\u00e1 lugar v\u00eda zoom el pr\u00f3ximo jueves 26 de marzo a las 20 horas y tendr\u00e1 un valor [&hellip;]<\/p>\n","protected":false},"author":3,"featured_media":35378,"comment_status":"closed","ping_status":"closed","sticky":false,"template":"","format":"standard","meta":{"_acf_changed":false,"footnotes":""},"categories":[343,35,483],"tags":[910,348],"class_list":["post-35377","post","type-post","status-publish","format-standard","has-post-thumbnail","hentry","category-destacada","category-formacion","category-laboratorio","tag-alimentos","tag-charla"],"acf":[],"yoast_head":"<!-- This site is optimized with the Yoast SEO plugin v28.2 - https:\/\/yoast.com\/product\/yoast-seo-wordpress\/ -->\n<title>La alimentaci\u00f3n en el siglo XXI: oportunidades y competencias laborales de los profesionales universitarios - Colegio De Veterinarios De Santa Fe 2da. Circunscripci\u00f3n<\/title>\n<meta name=\"description\" content=\"El CMVSF2 invita a la charla online: &quot;La alimentaci\u00f3n en el siglo XXI: oportunidades y competencias laborales de los profesionales universitarios&quot; a cargo\" \/>\n<meta name=\"robots\" content=\"index, follow, max-snippet:-1, max-image-preview:large, max-video-preview:-1\" \/>\n<link rel=\"canonical\" href=\"https:\/\/cmvsf2.org\/web\/2026\/03\/18\/la-alimentacion-en-el-siglo-xxi-oportunidades-y-competencias-laborales-de-los-profesionales-universitarios\/\" \/>\n<meta property=\"og:locale\" content=\"es_ES\" \/>\n<meta property=\"og:type\" content=\"article\" \/>\n<meta property=\"og:title\" content=\"La alimentaci\u00f3n en el siglo XXI: oportunidades y competencias laborales de los profesionales universitarios - Colegio De Veterinarios De Santa Fe 2da. Circunscripci\u00f3n\" \/>\n<meta property=\"og:description\" content=\"El CMVSF2 invita a la charla online: &quot;La alimentaci\u00f3n en el siglo XXI: oportunidades y competencias laborales de los profesionales universitarios&quot; a cargo\" \/>\n<meta property=\"og:url\" content=\"https:\/\/cmvsf2.org\/web\/2026\/03\/18\/la-alimentacion-en-el-siglo-xxi-oportunidades-y-competencias-laborales-de-los-profesionales-universitarios\/\" \/>\n<meta property=\"og:site_name\" content=\"Colegio De Veterinarios De Santa Fe 2da. Circunscripci\u00f3n\" \/>\n<meta property=\"article:published_time\" content=\"2026-03-18T21:49:28+00:00\" \/>\n<meta property=\"og:image\" content=\"https:\/\/cmvsf2.org\/web\/wp-content\/uploads\/2026\/03\/imagen-destacada-web.png\" \/>\n\t<meta property=\"og:image:width\" content=\"1200\" \/>\n\t<meta property=\"og:image:height\" content=\"628\" \/>\n\t<meta property=\"og:image:type\" content=\"image\/png\" \/>\n<meta name=\"author\" content=\"cmvsf2\" \/>\n<meta name=\"twitter:card\" content=\"summary_large_image\" \/>\n<meta name=\"twitter:label1\" content=\"Escrito por\" \/>\n\t<meta name=\"twitter:data1\" content=\"cmvsf2\" \/>\n\t<meta name=\"twitter:label2\" content=\"Tiempo de lectura\" \/>\n\t<meta name=\"twitter:data2\" content=\"1 minuto\" \/>\n<script type=\"application\/ld+json\" class=\"yoast-schema-graph\">{\"@context\":\"https:\\\/\\\/schema.org\",\"@graph\":[{\"@type\":\"Article\",\"@id\":\"https:\\\/\\\/cmvsf2.org\\\/web\\\/2026\\\/03\\\/18\\\/la-alimentacion-en-el-siglo-xxi-oportunidades-y-competencias-laborales-de-los-profesionales-universitarios\\\/#article\",\"isPartOf\":{\"@id\":\"https:\\\/\\\/cmvsf2.org\\\/web\\\/2026\\\/03\\\/18\\\/la-alimentacion-en-el-siglo-xxi-oportunidades-y-competencias-laborales-de-los-profesionales-universitarios\\\/\"},\"author\":{\"name\":\"cmvsf2\",\"@id\":\"https:\\\/\\\/cmvsf2.org\\\/web\\\/#\\\/schema\\\/person\\\/46ea3630099a4a3df8d89f07cf5f7520\"},\"headline\":\"La alimentaci\u00f3n en el siglo XXI: oportunidades y competencias laborales de los profesionales universitarios\",\"datePublished\":\"2026-03-18T21:49:28+00:00\",\"mainEntityOfPage\":{\"@id\":\"https:\\\/\\\/cmvsf2.org\\\/web\\\/2026\\\/03\\\/18\\\/la-alimentacion-en-el-siglo-xxi-oportunidades-y-competencias-laborales-de-los-profesionales-universitarios\\\/\"},\"wordCount\":138,\"publisher\":{\"@id\":\"https:\\\/\\\/cmvsf2.org\\\/web\\\/#organization\"},\"image\":{\"@id\":\"https:\\\/\\\/cmvsf2.org\\\/web\\\/2026\\\/03\\\/18\\\/la-alimentacion-en-el-siglo-xxi-oportunidades-y-competencias-laborales-de-los-profesionales-universitarios\\\/#primaryimage\"},\"thumbnailUrl\":\"https:\\\/\\\/cmvsf2.org\\\/web\\\/wp-content\\\/uploads\\\/2026\\\/03\\\/imagen-destacada-web.png\",\"keywords\":[\"alimentos\",\"charla\"],\"articleSection\":[\"Destacada\",\"Formaci\u00f3n\",\"Laboratorio\"],\"inLanguage\":\"es\"},{\"@type\":\"WebPage\",\"@id\":\"https:\\\/\\\/cmvsf2.org\\\/web\\\/2026\\\/03\\\/18\\\/la-alimentacion-en-el-siglo-xxi-oportunidades-y-competencias-laborales-de-los-profesionales-universitarios\\\/\",\"url\":\"https:\\\/\\\/cmvsf2.org\\\/web\\\/2026\\\/03\\\/18\\\/la-alimentacion-en-el-siglo-xxi-oportunidades-y-competencias-laborales-de-los-profesionales-universitarios\\\/\",\"name\":\"La alimentaci\u00f3n en el siglo XXI: oportunidades y competencias laborales de los profesionales universitarios - Colegio De Veterinarios De Santa Fe 2da. Circunscripci\u00f3n\",\"isPartOf\":{\"@id\":\"https:\\\/\\\/cmvsf2.org\\\/web\\\/#website\"},\"primaryImageOfPage\":{\"@id\":\"https:\\\/\\\/cmvsf2.org\\\/web\\\/2026\\\/03\\\/18\\\/la-alimentacion-en-el-siglo-xxi-oportunidades-y-competencias-laborales-de-los-profesionales-universitarios\\\/#primaryimage\"},\"image\":{\"@id\":\"https:\\\/\\\/cmvsf2.org\\\/web\\\/2026\\\/03\\\/18\\\/la-alimentacion-en-el-siglo-xxi-oportunidades-y-competencias-laborales-de-los-profesionales-universitarios\\\/#primaryimage\"},\"thumbnailUrl\":\"https:\\\/\\\/cmvsf2.org\\\/web\\\/wp-content\\\/uploads\\\/2026\\\/03\\\/imagen-destacada-web.png\",\"datePublished\":\"2026-03-18T21:49:28+00:00\",\"description\":\"El CMVSF2 invita a la charla online: \\\"La alimentaci\u00f3n en el siglo XXI: oportunidades y competencias laborales de los profesionales universitarios\\\" a cargo\",\"breadcrumb\":{\"@id\":\"https:\\\/\\\/cmvsf2.org\\\/web\\\/2026\\\/03\\\/18\\\/la-alimentacion-en-el-siglo-xxi-oportunidades-y-competencias-laborales-de-los-profesionales-universitarios\\\/#breadcrumb\"},\"inLanguage\":\"es\",\"potentialAction\":[{\"@type\":\"ReadAction\",\"target\":[\"https:\\\/\\\/cmvsf2.org\\\/web\\\/2026\\\/03\\\/18\\\/la-alimentacion-en-el-siglo-xxi-oportunidades-y-competencias-laborales-de-los-profesionales-universitarios\\\/\"]}]},{\"@type\":\"ImageObject\",\"inLanguage\":\"es\",\"@id\":\"https:\\\/\\\/cmvsf2.org\\\/web\\\/2026\\\/03\\\/18\\\/la-alimentacion-en-el-siglo-xxi-oportunidades-y-competencias-laborales-de-los-profesionales-universitarios\\\/#primaryimage\",\"url\":\"https:\\\/\\\/cmvsf2.org\\\/web\\\/wp-content\\\/uploads\\\/2026\\\/03\\\/imagen-destacada-web.png\",\"contentUrl\":\"https:\\\/\\\/cmvsf2.org\\\/web\\\/wp-content\\\/uploads\\\/2026\\\/03\\\/imagen-destacada-web.png\",\"width\":1200,\"height\":628},{\"@type\":\"BreadcrumbList\",\"@id\":\"https:\\\/\\\/cmvsf2.org\\\/web\\\/2026\\\/03\\\/18\\\/la-alimentacion-en-el-siglo-xxi-oportunidades-y-competencias-laborales-de-los-profesionales-universitarios\\\/#breadcrumb\",\"itemListElement\":[{\"@type\":\"ListItem\",\"position\":1,\"name\":\"Portada\",\"item\":\"https:\\\/\\\/cmvsf2.org\\\/web\\\/\"},{\"@type\":\"ListItem\",\"position\":2,\"name\":\"La alimentaci\u00f3n en el siglo XXI: oportunidades y competencias laborales de los profesionales universitarios\"}]},{\"@type\":\"WebSite\",\"@id\":\"https:\\\/\\\/cmvsf2.org\\\/web\\\/#website\",\"url\":\"https:\\\/\\\/cmvsf2.org\\\/web\\\/\",\"name\":\"Colegio De Veterinarios De Santa Fe 2da. Circunscripci\u00f3n\",\"description\":\"Sitio institucional del Colegio de M\u00e9dicos Veterinario de Santa Fe 2da. Circunscripci\u00f3n\",\"publisher\":{\"@id\":\"https:\\\/\\\/cmvsf2.org\\\/web\\\/#organization\"},\"potentialAction\":[{\"@type\":\"SearchAction\",\"target\":{\"@type\":\"EntryPoint\",\"urlTemplate\":\"https:\\\/\\\/cmvsf2.org\\\/web\\\/?s={search_term_string}\"},\"query-input\":{\"@type\":\"PropertyValueSpecification\",\"valueRequired\":true,\"valueName\":\"search_term_string\"}}],\"inLanguage\":\"es\"},{\"@type\":\"Organization\",\"@id\":\"https:\\\/\\\/cmvsf2.org\\\/web\\\/#organization\",\"name\":\"Colegio De Veterinarios De Santa Fe 2da. Circunscripci\u00f3n\",\"url\":\"https:\\\/\\\/cmvsf2.org\\\/web\\\/\",\"logo\":{\"@type\":\"ImageObject\",\"inLanguage\":\"es\",\"@id\":\"https:\\\/\\\/cmvsf2.org\\\/web\\\/#\\\/schema\\\/logo\\\/image\\\/\",\"url\":\"http:\\\/\\\/cmvsf2.org\\\/web\\\/wp-content\\\/uploads\\\/2020\\\/03\\\/vector-logo-02.png\",\"contentUrl\":\"http:\\\/\\\/cmvsf2.org\\\/web\\\/wp-content\\\/uploads\\\/2020\\\/03\\\/vector-logo-02.png\",\"width\":2750,\"height\":642,\"caption\":\"Colegio De Veterinarios De Santa Fe 2da. Circunscripci\u00f3n\"},\"image\":{\"@id\":\"https:\\\/\\\/cmvsf2.org\\\/web\\\/#\\\/schema\\\/logo\\\/image\\\/\"}},{\"@type\":\"Person\",\"@id\":\"https:\\\/\\\/cmvsf2.org\\\/web\\\/#\\\/schema\\\/person\\\/46ea3630099a4a3df8d89f07cf5f7520\",\"name\":\"cmvsf2\",\"image\":{\"@type\":\"ImageObject\",\"inLanguage\":\"es\",\"@id\":\"https:\\\/\\\/secure.gravatar.com\\\/avatar\\\/669647b61c77f28f1aa51df04174a5ecb296e9988b4a93d2870666cd1f502cd7?s=96&d=mm&r=g\",\"url\":\"https:\\\/\\\/secure.gravatar.com\\\/avatar\\\/669647b61c77f28f1aa51df04174a5ecb296e9988b4a93d2870666cd1f502cd7?s=96&d=mm&r=g\",\"contentUrl\":\"https:\\\/\\\/secure.gravatar.com\\\/avatar\\\/669647b61c77f28f1aa51df04174a5ecb296e9988b4a93d2870666cd1f502cd7?s=96&d=mm&r=g\",\"caption\":\"cmvsf2\"}}]}<\/script>\n<!-- \/ Yoast SEO plugin. -->","yoast_head_json":{"title":"La alimentaci\u00f3n en el siglo XXI: oportunidades y competencias laborales de los profesionales universitarios - Colegio De Veterinarios De Santa Fe 2da. Circunscripci\u00f3n","description":"El CMVSF2 invita a la charla online: \"La alimentaci\u00f3n en el siglo XXI: oportunidades y competencias laborales de los profesionales universitarios\" a cargo","robots":{"index":"index","follow":"follow","max-snippet":"max-snippet:-1","max-image-preview":"max-image-preview:large","max-video-preview":"max-video-preview:-1"},"canonical":"https:\/\/cmvsf2.org\/web\/2026\/03\/18\/la-alimentacion-en-el-siglo-xxi-oportunidades-y-competencias-laborales-de-los-profesionales-universitarios\/","og_locale":"es_ES","og_type":"article","og_title":"La alimentaci\u00f3n en el siglo XXI: oportunidades y competencias laborales de los profesionales universitarios - Colegio De Veterinarios De Santa Fe 2da. Circunscripci\u00f3n","og_description":"El CMVSF2 invita a la charla online: \"La alimentaci\u00f3n en el siglo XXI: oportunidades y competencias laborales de los profesionales universitarios\" a cargo","og_url":"https:\/\/cmvsf2.org\/web\/2026\/03\/18\/la-alimentacion-en-el-siglo-xxi-oportunidades-y-competencias-laborales-de-los-profesionales-universitarios\/","og_site_name":"Colegio De Veterinarios De Santa Fe 2da. Circunscripci\u00f3n","article_published_time":"2026-03-18T21:49:28+00:00","og_image":[{"width":1200,"height":628,"url":"https:\/\/cmvsf2.org\/web\/wp-content\/uploads\/2026\/03\/imagen-destacada-web.png","type":"image\/png"}],"author":"cmvsf2","twitter_card":"summary_large_image","twitter_misc":{"Escrito por":"cmvsf2","Tiempo de lectura":"1 minuto"},"schema":{"@context":"https:\/\/schema.org","@graph":[{"@type":"Article","@id":"https:\/\/cmvsf2.org\/web\/2026\/03\/18\/la-alimentacion-en-el-siglo-xxi-oportunidades-y-competencias-laborales-de-los-profesionales-universitarios\/#article","isPartOf":{"@id":"https:\/\/cmvsf2.org\/web\/2026\/03\/18\/la-alimentacion-en-el-siglo-xxi-oportunidades-y-competencias-laborales-de-los-profesionales-universitarios\/"},"author":{"name":"cmvsf2","@id":"https:\/\/cmvsf2.org\/web\/#\/schema\/person\/46ea3630099a4a3df8d89f07cf5f7520"},"headline":"La alimentaci\u00f3n en el siglo XXI: oportunidades y competencias laborales de los profesionales universitarios","datePublished":"2026-03-18T21:49:28+00:00","mainEntityOfPage":{"@id":"https:\/\/cmvsf2.org\/web\/2026\/03\/18\/la-alimentacion-en-el-siglo-xxi-oportunidades-y-competencias-laborales-de-los-profesionales-universitarios\/"},"wordCount":138,"publisher":{"@id":"https:\/\/cmvsf2.org\/web\/#organization"},"image":{"@id":"https:\/\/cmvsf2.org\/web\/2026\/03\/18\/la-alimentacion-en-el-siglo-xxi-oportunidades-y-competencias-laborales-de-los-profesionales-universitarios\/#primaryimage"},"thumbnailUrl":"https:\/\/cmvsf2.org\/web\/wp-content\/uploads\/2026\/03\/imagen-destacada-web.png","keywords":["alimentos","charla"],"articleSection":["Destacada","Formaci\u00f3n","Laboratorio"],"inLanguage":"es"},{"@type":"WebPage","@id":"https:\/\/cmvsf2.org\/web\/2026\/03\/18\/la-alimentacion-en-el-siglo-xxi-oportunidades-y-competencias-laborales-de-los-profesionales-universitarios\/","url":"https:\/\/cmvsf2.org\/web\/2026\/03\/18\/la-alimentacion-en-el-siglo-xxi-oportunidades-y-competencias-laborales-de-los-profesionales-universitarios\/","name":"La alimentaci\u00f3n en el siglo XXI: oportunidades y competencias laborales de los profesionales universitarios - Colegio De Veterinarios De Santa Fe 2da. Circunscripci\u00f3n","isPartOf":{"@id":"https:\/\/cmvsf2.org\/web\/#website"},"primaryImageOfPage":{"@id":"https:\/\/cmvsf2.org\/web\/2026\/03\/18\/la-alimentacion-en-el-siglo-xxi-oportunidades-y-competencias-laborales-de-los-profesionales-universitarios\/#primaryimage"},"image":{"@id":"https:\/\/cmvsf2.org\/web\/2026\/03\/18\/la-alimentacion-en-el-siglo-xxi-oportunidades-y-competencias-laborales-de-los-profesionales-universitarios\/#primaryimage"},"thumbnailUrl":"https:\/\/cmvsf2.org\/web\/wp-content\/uploads\/2026\/03\/imagen-destacada-web.png","datePublished":"2026-03-18T21:49:28+00:00","description":"El CMVSF2 invita a la charla online: \"La alimentaci\u00f3n en el siglo XXI: oportunidades y competencias laborales de los profesionales universitarios\" a cargo","breadcrumb":{"@id":"https:\/\/cmvsf2.org\/web\/2026\/03\/18\/la-alimentacion-en-el-siglo-xxi-oportunidades-y-competencias-laborales-de-los-profesionales-universitarios\/#breadcrumb"},"inLanguage":"es","potentialAction":[{"@type":"ReadAction","target":["https:\/\/cmvsf2.org\/web\/2026\/03\/18\/la-alimentacion-en-el-siglo-xxi-oportunidades-y-competencias-laborales-de-los-profesionales-universitarios\/"]}]},{"@type":"ImageObject","inLanguage":"es","@id":"https:\/\/cmvsf2.org\/web\/2026\/03\/18\/la-alimentacion-en-el-siglo-xxi-oportunidades-y-competencias-laborales-de-los-profesionales-universitarios\/#primaryimage","url":"https:\/\/cmvsf2.org\/web\/wp-content\/uploads\/2026\/03\/imagen-destacada-web.png","contentUrl":"https:\/\/cmvsf2.org\/web\/wp-content\/uploads\/2026\/03\/imagen-destacada-web.png","width":1200,"height":628},{"@type":"BreadcrumbList","@id":"https:\/\/cmvsf2.org\/web\/2026\/03\/18\/la-alimentacion-en-el-siglo-xxi-oportunidades-y-competencias-laborales-de-los-profesionales-universitarios\/#breadcrumb","itemListElement":[{"@type":"ListItem","position":1,"name":"Portada","item":"https:\/\/cmvsf2.org\/web\/"},{"@type":"ListItem","position":2,"name":"La alimentaci\u00f3n en el siglo XXI: oportunidades y competencias laborales de los profesionales universitarios"}]},{"@type":"WebSite","@id":"https:\/\/cmvsf2.org\/web\/#website","url":"https:\/\/cmvsf2.org\/web\/","name":"Colegio De Veterinarios De Santa Fe 2da. Circunscripci\u00f3n","description":"Sitio institucional del Colegio de M\u00e9dicos Veterinario de Santa Fe 2da. Circunscripci\u00f3n","publisher":{"@id":"https:\/\/cmvsf2.org\/web\/#organization"},"potentialAction":[{"@type":"SearchAction","target":{"@type":"EntryPoint","urlTemplate":"https:\/\/cmvsf2.org\/web\/?s={search_term_string}"},"query-input":{"@type":"PropertyValueSpecification","valueRequired":true,"valueName":"search_term_string"}}],"inLanguage":"es"},{"@type":"Organization","@id":"https:\/\/cmvsf2.org\/web\/#organization","name":"Colegio De Veterinarios De Santa Fe 2da. Circunscripci\u00f3n","url":"https:\/\/cmvsf2.org\/web\/","logo":{"@type":"ImageObject","inLanguage":"es","@id":"https:\/\/cmvsf2.org\/web\/#\/schema\/logo\/image\/","url":"http:\/\/cmvsf2.org\/web\/wp-content\/uploads\/2020\/03\/vector-logo-02.png","contentUrl":"http:\/\/cmvsf2.org\/web\/wp-content\/uploads\/2020\/03\/vector-logo-02.png","width":2750,"height":642,"caption":"Colegio De Veterinarios De Santa Fe 2da. Circunscripci\u00f3n"},"image":{"@id":"https:\/\/cmvsf2.org\/web\/#\/schema\/logo\/image\/"}},{"@type":"Person","@id":"https:\/\/cmvsf2.org\/web\/#\/schema\/person\/46ea3630099a4a3df8d89f07cf5f7520","name":"cmvsf2","image":{"@type":"ImageObject","inLanguage":"es","@id":"https:\/\/secure.gravatar.com\/avatar\/669647b61c77f28f1aa51df04174a5ecb296e9988b4a93d2870666cd1f502cd7?s=96&d=mm&r=g","url":"https:\/\/secure.gravatar.com\/avatar\/669647b61c77f28f1aa51df04174a5ecb296e9988b4a93d2870666cd1f502cd7?s=96&d=mm&r=g","contentUrl":"https:\/\/secure.gravatar.com\/avatar\/669647b61c77f28f1aa51df04174a5ecb296e9988b4a93d2870666cd1f502cd7?s=96&d=mm&r=g","caption":"cmvsf2"}}]}},"_links":{"self":[{"href":"https:\/\/cmvsf2.org\/web\/wp-json\/wp\/v2\/posts\/35377","targetHints":{"allow":["GET"]}}],"collection":[{"href":"https:\/\/cmvsf2.org\/web\/wp-json\/wp\/v2\/posts"}],"about":[{"href":"https:\/\/cmvsf2.org\/web\/wp-json\/wp\/v2\/types\/post"}],"author":[{"embeddable":true,"href":"https:\/\/cmvsf2.org\/web\/wp-json\/wp\/v2\/users\/3"}],"replies":[{"embeddable":true,"href":"https:\/\/cmvsf2.org\/web\/wp-json\/wp\/v2\/comments?post=35377"}],"version-history":[{"count":1,"href":"https:\/\/cmvsf2.org\/web\/wp-json\/wp\/v2\/posts\/35377\/revisions"}],"predecessor-version":[{"id":35379,"href":"https:\/\/cmvsf2.org\/web\/wp-json\/wp\/v2\/posts\/35377\/revisions\/35379"}],"wp:featuredmedia":[{"embeddable":true,"href":"https:\/\/cmvsf2.org\/web\/wp-json\/wp\/v2\/media\/35378"}],"wp:attachment":[{"href":"https:\/\/cmvsf2.org\/web\/wp-json\/wp\/v2\/media?parent=35377"}],"wp:term":[{"taxonomy":"category","embeddable":true,"href":"https:\/\/cmvsf2.org\/web\/wp-json\/wp\/v2\/categories?post=35377"},{"taxonomy":"post_tag","embeddable":true,"href":"https:\/\/cmvsf2.org\/web\/wp-json\/wp\/v2\/tags?post=35377"}],"curies":[{"name":"wp","href":"https:\/\/api.w.org\/{rel}","templated":true}]}}