{"id":35266,"date":"2026-01-20T09:32:11","date_gmt":"2026-01-20T12:32:11","guid":{"rendered":"https:\/\/cmvsf2.org\/web\/?p=35266"},"modified":"2026-01-20T09:32:11","modified_gmt":"2026-01-20T12:32:11","slug":"vencimientos-de-la-1o-cuota-de-matriculacion-2026","status":"publish","type":"post","link":"https:\/\/cmvsf2.org\/web\/2026\/01\/20\/vencimientos-de-la-1o-cuota-de-matriculacion-2026\/","title":{"rendered":"Vencimientos de la 1\u00ba cuota de matriculaci\u00f3n 2026"},"content":{"rendered":"<p>LOS VENCIMIENTOS DE LA PRIMERA CUOTA DE MATRICULACI\u00d3N DEL A\u00d1O 2026 operar\u00e1n los d\u00edas <strong>26\/01 y 09\/02\/2026. Te recordamos que pod\u00e9s optar por el PAGO ANUAL ANTICIPADO de tu matr\u00edcula con beneficios. Para eso, comunicate con el Colegio.<\/strong><\/p>\n<p>En el sistema de autogesti\u00f3n est\u00e1 disponible tu resumen de cuenta. La factura que vas a encontrar es la \u00faltima.<\/p>\n<p>Consult\u00e1 las formas de pago disponibles en el siguiente link:<\/p>\n","protected":false},"excerpt":{"rendered":"<p>LOS VENCIMIENTOS DE LA PRIMERA CUOTA DE MATRICULACI\u00d3N DEL A\u00d1O 2026 operar\u00e1n los d\u00edas 26\/01 y 09\/02\/2026. Te recordamos que pod\u00e9s optar por el PAGO ANUAL ANTICIPADO de tu matr\u00edcula con beneficios. Para eso, comunicate con el Colegio. En el sistema de autogesti\u00f3n est\u00e1 disponible tu resumen de cuenta. La factura que vas a encontrar es la \u00faltima. Consult\u00e1 las formas de pago disponibles [&hellip;]<\/p>\n","protected":false},"author":3,"featured_media":35259,"comment_status":"closed","ping_status":"closed","sticky":false,"template":"","format":"standard","meta":{"_acf_changed":false,"footnotes":""},"categories":[343,345],"tags":[1081,118,190],"class_list":["post-35266","post","type-post","status-publish","format-standard","has-post-thumbnail","hentry","category-destacada","category-institucionales","tag-1081","tag-matricula","tag-vencimiento"],"acf":[],"yoast_head":"<!-- This site is optimized with the Yoast SEO plugin v28.2 - https:\/\/yoast.com\/product\/yoast-seo-wordpress\/ -->\n<title>Vencimientos de la 1\u00ba cuota de matriculaci\u00f3n 2026 - Colegio De Veterinarios De Santa Fe 2da. Circunscripci\u00f3n<\/title>\n<meta name=\"description\" content=\"LOS VENCIMIENTOS DE LA PRIMERA CUOTA DE MATRICULACI\u00d3N DEL A\u00d1O 2026 operar\u00e1n los d\u00edas 26\/01 y 09\/02\/2026. Te recordamos que pod\u00e9s optar por el PAGO ANUAL\" \/>\n<meta name=\"robots\" content=\"index, follow, max-snippet:-1, max-image-preview:large, max-video-preview:-1\" \/>\n<link rel=\"canonical\" href=\"https:\/\/cmvsf2.org\/web\/2026\/01\/20\/vencimientos-de-la-1o-cuota-de-matriculacion-2026\/\" \/>\n<meta property=\"og:locale\" content=\"es_ES\" \/>\n<meta property=\"og:type\" content=\"article\" \/>\n<meta property=\"og:title\" content=\"Vencimientos de la 1\u00ba cuota de matriculaci\u00f3n 2026 - Colegio De Veterinarios De Santa Fe 2da. Circunscripci\u00f3n\" \/>\n<meta property=\"og:description\" content=\"LOS VENCIMIENTOS DE LA PRIMERA CUOTA DE MATRICULACI\u00d3N DEL A\u00d1O 2026 operar\u00e1n los d\u00edas 26\/01 y 09\/02\/2026. Te recordamos que pod\u00e9s optar por el PAGO ANUAL\" \/>\n<meta property=\"og:url\" content=\"https:\/\/cmvsf2.org\/web\/2026\/01\/20\/vencimientos-de-la-1o-cuota-de-matriculacion-2026\/\" \/>\n<meta property=\"og:site_name\" content=\"Colegio De Veterinarios De Santa Fe 2da. Circunscripci\u00f3n\" \/>\n<meta property=\"article:published_time\" content=\"2026-01-20T12:32:11+00:00\" \/>\n<meta property=\"og:image\" content=\"https:\/\/cmvsf2.org\/web\/wp-content\/uploads\/2026\/01\/imagen-destacada-web-2.png\" \/>\n\t<meta property=\"og:image:width\" content=\"1200\" \/>\n\t<meta property=\"og:image:height\" content=\"628\" \/>\n\t<meta property=\"og:image:type\" content=\"image\/png\" \/>\n<meta name=\"author\" content=\"cmvsf2\" \/>\n<meta name=\"twitter:card\" content=\"summary_large_image\" \/>\n<meta name=\"twitter:label1\" content=\"Escrito por\" \/>\n\t<meta name=\"twitter:data1\" content=\"cmvsf2\" \/>\n\t<meta name=\"twitter:label2\" content=\"Tiempo de lectura\" \/>\n\t<meta name=\"twitter:data2\" content=\"1 minuto\" \/>\n<script type=\"application\/ld+json\" class=\"yoast-schema-graph\">{\"@context\":\"https:\\\/\\\/schema.org\",\"@graph\":[{\"@type\":\"Article\",\"@id\":\"https:\\\/\\\/cmvsf2.org\\\/web\\\/2026\\\/01\\\/20\\\/vencimientos-de-la-1o-cuota-de-matriculacion-2026\\\/#article\",\"isPartOf\":{\"@id\":\"https:\\\/\\\/cmvsf2.org\\\/web\\\/2026\\\/01\\\/20\\\/vencimientos-de-la-1o-cuota-de-matriculacion-2026\\\/\"},\"author\":{\"name\":\"cmvsf2\",\"@id\":\"https:\\\/\\\/cmvsf2.org\\\/web\\\/#\\\/schema\\\/person\\\/46ea3630099a4a3df8d89f07cf5f7520\"},\"headline\":\"Vencimientos de la 1\u00ba cuota de matriculaci\u00f3n 2026\",\"datePublished\":\"2026-01-20T12:32:11+00:00\",\"mainEntityOfPage\":{\"@id\":\"https:\\\/\\\/cmvsf2.org\\\/web\\\/2026\\\/01\\\/20\\\/vencimientos-de-la-1o-cuota-de-matriculacion-2026\\\/\"},\"wordCount\":79,\"publisher\":{\"@id\":\"https:\\\/\\\/cmvsf2.org\\\/web\\\/#organization\"},\"image\":{\"@id\":\"https:\\\/\\\/cmvsf2.org\\\/web\\\/2026\\\/01\\\/20\\\/vencimientos-de-la-1o-cuota-de-matriculacion-2026\\\/#primaryimage\"},\"thumbnailUrl\":\"https:\\\/\\\/cmvsf2.org\\\/web\\\/wp-content\\\/uploads\\\/2026\\\/01\\\/imagen-destacada-web-2.png\",\"keywords\":[\"2026\",\"matricula\",\"vencimiento\"],\"articleSection\":[\"Destacada\",\"Institucionales\"],\"inLanguage\":\"es\"},{\"@type\":\"WebPage\",\"@id\":\"https:\\\/\\\/cmvsf2.org\\\/web\\\/2026\\\/01\\\/20\\\/vencimientos-de-la-1o-cuota-de-matriculacion-2026\\\/\",\"url\":\"https:\\\/\\\/cmvsf2.org\\\/web\\\/2026\\\/01\\\/20\\\/vencimientos-de-la-1o-cuota-de-matriculacion-2026\\\/\",\"name\":\"Vencimientos de la 1\u00ba cuota de matriculaci\u00f3n 2026 - Colegio De Veterinarios De Santa Fe 2da. Circunscripci\u00f3n\",\"isPartOf\":{\"@id\":\"https:\\\/\\\/cmvsf2.org\\\/web\\\/#website\"},\"primaryImageOfPage\":{\"@id\":\"https:\\\/\\\/cmvsf2.org\\\/web\\\/2026\\\/01\\\/20\\\/vencimientos-de-la-1o-cuota-de-matriculacion-2026\\\/#primaryimage\"},\"image\":{\"@id\":\"https:\\\/\\\/cmvsf2.org\\\/web\\\/2026\\\/01\\\/20\\\/vencimientos-de-la-1o-cuota-de-matriculacion-2026\\\/#primaryimage\"},\"thumbnailUrl\":\"https:\\\/\\\/cmvsf2.org\\\/web\\\/wp-content\\\/uploads\\\/2026\\\/01\\\/imagen-destacada-web-2.png\",\"datePublished\":\"2026-01-20T12:32:11+00:00\",\"description\":\"LOS VENCIMIENTOS DE LA PRIMERA CUOTA DE MATRICULACI\u00d3N DEL A\u00d1O 2026 operar\u00e1n los d\u00edas 26\\\/01 y 09\\\/02\\\/2026. Te recordamos que pod\u00e9s optar por el PAGO ANUAL\",\"breadcrumb\":{\"@id\":\"https:\\\/\\\/cmvsf2.org\\\/web\\\/2026\\\/01\\\/20\\\/vencimientos-de-la-1o-cuota-de-matriculacion-2026\\\/#breadcrumb\"},\"inLanguage\":\"es\",\"potentialAction\":[{\"@type\":\"ReadAction\",\"target\":[\"https:\\\/\\\/cmvsf2.org\\\/web\\\/2026\\\/01\\\/20\\\/vencimientos-de-la-1o-cuota-de-matriculacion-2026\\\/\"]}]},{\"@type\":\"ImageObject\",\"inLanguage\":\"es\",\"@id\":\"https:\\\/\\\/cmvsf2.org\\\/web\\\/2026\\\/01\\\/20\\\/vencimientos-de-la-1o-cuota-de-matriculacion-2026\\\/#primaryimage\",\"url\":\"https:\\\/\\\/cmvsf2.org\\\/web\\\/wp-content\\\/uploads\\\/2026\\\/01\\\/imagen-destacada-web-2.png\",\"contentUrl\":\"https:\\\/\\\/cmvsf2.org\\\/web\\\/wp-content\\\/uploads\\\/2026\\\/01\\\/imagen-destacada-web-2.png\",\"width\":1200,\"height\":628},{\"@type\":\"BreadcrumbList\",\"@id\":\"https:\\\/\\\/cmvsf2.org\\\/web\\\/2026\\\/01\\\/20\\\/vencimientos-de-la-1o-cuota-de-matriculacion-2026\\\/#breadcrumb\",\"itemListElement\":[{\"@type\":\"ListItem\",\"position\":1,\"name\":\"Portada\",\"item\":\"https:\\\/\\\/cmvsf2.org\\\/web\\\/\"},{\"@type\":\"ListItem\",\"position\":2,\"name\":\"Vencimientos de la 1\u00ba cuota de matriculaci\u00f3n 2026\"}]},{\"@type\":\"WebSite\",\"@id\":\"https:\\\/\\\/cmvsf2.org\\\/web\\\/#website\",\"url\":\"https:\\\/\\\/cmvsf2.org\\\/web\\\/\",\"name\":\"Colegio De Veterinarios De Santa Fe 2da. Circunscripci\u00f3n\",\"description\":\"Sitio institucional del Colegio de M\u00e9dicos Veterinario de Santa Fe 2da. Circunscripci\u00f3n\",\"publisher\":{\"@id\":\"https:\\\/\\\/cmvsf2.org\\\/web\\\/#organization\"},\"potentialAction\":[{\"@type\":\"SearchAction\",\"target\":{\"@type\":\"EntryPoint\",\"urlTemplate\":\"https:\\\/\\\/cmvsf2.org\\\/web\\\/?s={search_term_string}\"},\"query-input\":{\"@type\":\"PropertyValueSpecification\",\"valueRequired\":true,\"valueName\":\"search_term_string\"}}],\"inLanguage\":\"es\"},{\"@type\":\"Organization\",\"@id\":\"https:\\\/\\\/cmvsf2.org\\\/web\\\/#organization\",\"name\":\"Colegio De Veterinarios De Santa Fe 2da. Circunscripci\u00f3n\",\"url\":\"https:\\\/\\\/cmvsf2.org\\\/web\\\/\",\"logo\":{\"@type\":\"ImageObject\",\"inLanguage\":\"es\",\"@id\":\"https:\\\/\\\/cmvsf2.org\\\/web\\\/#\\\/schema\\\/logo\\\/image\\\/\",\"url\":\"http:\\\/\\\/cmvsf2.org\\\/web\\\/wp-content\\\/uploads\\\/2020\\\/03\\\/vector-logo-02.png\",\"contentUrl\":\"http:\\\/\\\/cmvsf2.org\\\/web\\\/wp-content\\\/uploads\\\/2020\\\/03\\\/vector-logo-02.png\",\"width\":2750,\"height\":642,\"caption\":\"Colegio De Veterinarios De Santa Fe 2da. Circunscripci\u00f3n\"},\"image\":{\"@id\":\"https:\\\/\\\/cmvsf2.org\\\/web\\\/#\\\/schema\\\/logo\\\/image\\\/\"}},{\"@type\":\"Person\",\"@id\":\"https:\\\/\\\/cmvsf2.org\\\/web\\\/#\\\/schema\\\/person\\\/46ea3630099a4a3df8d89f07cf5f7520\",\"name\":\"cmvsf2\",\"image\":{\"@type\":\"ImageObject\",\"inLanguage\":\"es\",\"@id\":\"https:\\\/\\\/secure.gravatar.com\\\/avatar\\\/669647b61c77f28f1aa51df04174a5ecb296e9988b4a93d2870666cd1f502cd7?s=96&d=mm&r=g\",\"url\":\"https:\\\/\\\/secure.gravatar.com\\\/avatar\\\/669647b61c77f28f1aa51df04174a5ecb296e9988b4a93d2870666cd1f502cd7?s=96&d=mm&r=g\",\"contentUrl\":\"https:\\\/\\\/secure.gravatar.com\\\/avatar\\\/669647b61c77f28f1aa51df04174a5ecb296e9988b4a93d2870666cd1f502cd7?s=96&d=mm&r=g\",\"caption\":\"cmvsf2\"}}]}<\/script>\n<!-- \/ Yoast SEO plugin. -->","yoast_head_json":{"title":"Vencimientos de la 1\u00ba cuota de matriculaci\u00f3n 2026 - Colegio De Veterinarios De Santa Fe 2da. Circunscripci\u00f3n","description":"LOS VENCIMIENTOS DE LA PRIMERA CUOTA DE MATRICULACI\u00d3N DEL A\u00d1O 2026 operar\u00e1n los d\u00edas 26\/01 y 09\/02\/2026. Te recordamos que pod\u00e9s optar por el PAGO ANUAL","robots":{"index":"index","follow":"follow","max-snippet":"max-snippet:-1","max-image-preview":"max-image-preview:large","max-video-preview":"max-video-preview:-1"},"canonical":"https:\/\/cmvsf2.org\/web\/2026\/01\/20\/vencimientos-de-la-1o-cuota-de-matriculacion-2026\/","og_locale":"es_ES","og_type":"article","og_title":"Vencimientos de la 1\u00ba cuota de matriculaci\u00f3n 2026 - Colegio De Veterinarios De Santa Fe 2da. Circunscripci\u00f3n","og_description":"LOS VENCIMIENTOS DE LA PRIMERA CUOTA DE MATRICULACI\u00d3N DEL A\u00d1O 2026 operar\u00e1n los d\u00edas 26\/01 y 09\/02\/2026. Te recordamos que pod\u00e9s optar por el PAGO ANUAL","og_url":"https:\/\/cmvsf2.org\/web\/2026\/01\/20\/vencimientos-de-la-1o-cuota-de-matriculacion-2026\/","og_site_name":"Colegio De Veterinarios De Santa Fe 2da. Circunscripci\u00f3n","article_published_time":"2026-01-20T12:32:11+00:00","og_image":[{"width":1200,"height":628,"url":"https:\/\/cmvsf2.org\/web\/wp-content\/uploads\/2026\/01\/imagen-destacada-web-2.png","type":"image\/png"}],"author":"cmvsf2","twitter_card":"summary_large_image","twitter_misc":{"Escrito por":"cmvsf2","Tiempo de lectura":"1 minuto"},"schema":{"@context":"https:\/\/schema.org","@graph":[{"@type":"Article","@id":"https:\/\/cmvsf2.org\/web\/2026\/01\/20\/vencimientos-de-la-1o-cuota-de-matriculacion-2026\/#article","isPartOf":{"@id":"https:\/\/cmvsf2.org\/web\/2026\/01\/20\/vencimientos-de-la-1o-cuota-de-matriculacion-2026\/"},"author":{"name":"cmvsf2","@id":"https:\/\/cmvsf2.org\/web\/#\/schema\/person\/46ea3630099a4a3df8d89f07cf5f7520"},"headline":"Vencimientos de la 1\u00ba cuota de matriculaci\u00f3n 2026","datePublished":"2026-01-20T12:32:11+00:00","mainEntityOfPage":{"@id":"https:\/\/cmvsf2.org\/web\/2026\/01\/20\/vencimientos-de-la-1o-cuota-de-matriculacion-2026\/"},"wordCount":79,"publisher":{"@id":"https:\/\/cmvsf2.org\/web\/#organization"},"image":{"@id":"https:\/\/cmvsf2.org\/web\/2026\/01\/20\/vencimientos-de-la-1o-cuota-de-matriculacion-2026\/#primaryimage"},"thumbnailUrl":"https:\/\/cmvsf2.org\/web\/wp-content\/uploads\/2026\/01\/imagen-destacada-web-2.png","keywords":["2026","matricula","vencimiento"],"articleSection":["Destacada","Institucionales"],"inLanguage":"es"},{"@type":"WebPage","@id":"https:\/\/cmvsf2.org\/web\/2026\/01\/20\/vencimientos-de-la-1o-cuota-de-matriculacion-2026\/","url":"https:\/\/cmvsf2.org\/web\/2026\/01\/20\/vencimientos-de-la-1o-cuota-de-matriculacion-2026\/","name":"Vencimientos de la 1\u00ba cuota de matriculaci\u00f3n 2026 - Colegio De Veterinarios De Santa Fe 2da. Circunscripci\u00f3n","isPartOf":{"@id":"https:\/\/cmvsf2.org\/web\/#website"},"primaryImageOfPage":{"@id":"https:\/\/cmvsf2.org\/web\/2026\/01\/20\/vencimientos-de-la-1o-cuota-de-matriculacion-2026\/#primaryimage"},"image":{"@id":"https:\/\/cmvsf2.org\/web\/2026\/01\/20\/vencimientos-de-la-1o-cuota-de-matriculacion-2026\/#primaryimage"},"thumbnailUrl":"https:\/\/cmvsf2.org\/web\/wp-content\/uploads\/2026\/01\/imagen-destacada-web-2.png","datePublished":"2026-01-20T12:32:11+00:00","description":"LOS VENCIMIENTOS DE LA PRIMERA CUOTA DE MATRICULACI\u00d3N DEL A\u00d1O 2026 operar\u00e1n los d\u00edas 26\/01 y 09\/02\/2026. Te recordamos que pod\u00e9s optar por el PAGO ANUAL","breadcrumb":{"@id":"https:\/\/cmvsf2.org\/web\/2026\/01\/20\/vencimientos-de-la-1o-cuota-de-matriculacion-2026\/#breadcrumb"},"inLanguage":"es","potentialAction":[{"@type":"ReadAction","target":["https:\/\/cmvsf2.org\/web\/2026\/01\/20\/vencimientos-de-la-1o-cuota-de-matriculacion-2026\/"]}]},{"@type":"ImageObject","inLanguage":"es","@id":"https:\/\/cmvsf2.org\/web\/2026\/01\/20\/vencimientos-de-la-1o-cuota-de-matriculacion-2026\/#primaryimage","url":"https:\/\/cmvsf2.org\/web\/wp-content\/uploads\/2026\/01\/imagen-destacada-web-2.png","contentUrl":"https:\/\/cmvsf2.org\/web\/wp-content\/uploads\/2026\/01\/imagen-destacada-web-2.png","width":1200,"height":628},{"@type":"BreadcrumbList","@id":"https:\/\/cmvsf2.org\/web\/2026\/01\/20\/vencimientos-de-la-1o-cuota-de-matriculacion-2026\/#breadcrumb","itemListElement":[{"@type":"ListItem","position":1,"name":"Portada","item":"https:\/\/cmvsf2.org\/web\/"},{"@type":"ListItem","position":2,"name":"Vencimientos de la 1\u00ba cuota de matriculaci\u00f3n 2026"}]},{"@type":"WebSite","@id":"https:\/\/cmvsf2.org\/web\/#website","url":"https:\/\/cmvsf2.org\/web\/","name":"Colegio De Veterinarios De Santa Fe 2da. Circunscripci\u00f3n","description":"Sitio institucional del Colegio de M\u00e9dicos Veterinario de Santa Fe 2da. Circunscripci\u00f3n","publisher":{"@id":"https:\/\/cmvsf2.org\/web\/#organization"},"potentialAction":[{"@type":"SearchAction","target":{"@type":"EntryPoint","urlTemplate":"https:\/\/cmvsf2.org\/web\/?s={search_term_string}"},"query-input":{"@type":"PropertyValueSpecification","valueRequired":true,"valueName":"search_term_string"}}],"inLanguage":"es"},{"@type":"Organization","@id":"https:\/\/cmvsf2.org\/web\/#organization","name":"Colegio De Veterinarios De Santa Fe 2da. Circunscripci\u00f3n","url":"https:\/\/cmvsf2.org\/web\/","logo":{"@type":"ImageObject","inLanguage":"es","@id":"https:\/\/cmvsf2.org\/web\/#\/schema\/logo\/image\/","url":"http:\/\/cmvsf2.org\/web\/wp-content\/uploads\/2020\/03\/vector-logo-02.png","contentUrl":"http:\/\/cmvsf2.org\/web\/wp-content\/uploads\/2020\/03\/vector-logo-02.png","width":2750,"height":642,"caption":"Colegio De Veterinarios De Santa Fe 2da. Circunscripci\u00f3n"},"image":{"@id":"https:\/\/cmvsf2.org\/web\/#\/schema\/logo\/image\/"}},{"@type":"Person","@id":"https:\/\/cmvsf2.org\/web\/#\/schema\/person\/46ea3630099a4a3df8d89f07cf5f7520","name":"cmvsf2","image":{"@type":"ImageObject","inLanguage":"es","@id":"https:\/\/secure.gravatar.com\/avatar\/669647b61c77f28f1aa51df04174a5ecb296e9988b4a93d2870666cd1f502cd7?s=96&d=mm&r=g","url":"https:\/\/secure.gravatar.com\/avatar\/669647b61c77f28f1aa51df04174a5ecb296e9988b4a93d2870666cd1f502cd7?s=96&d=mm&r=g","contentUrl":"https:\/\/secure.gravatar.com\/avatar\/669647b61c77f28f1aa51df04174a5ecb296e9988b4a93d2870666cd1f502cd7?s=96&d=mm&r=g","caption":"cmvsf2"}}]}},"_links":{"self":[{"href":"https:\/\/cmvsf2.org\/web\/wp-json\/wp\/v2\/posts\/35266","targetHints":{"allow":["GET"]}}],"collection":[{"href":"https:\/\/cmvsf2.org\/web\/wp-json\/wp\/v2\/posts"}],"about":[{"href":"https:\/\/cmvsf2.org\/web\/wp-json\/wp\/v2\/types\/post"}],"author":[{"embeddable":true,"href":"https:\/\/cmvsf2.org\/web\/wp-json\/wp\/v2\/users\/3"}],"replies":[{"embeddable":true,"href":"https:\/\/cmvsf2.org\/web\/wp-json\/wp\/v2\/comments?post=35266"}],"version-history":[{"count":1,"href":"https:\/\/cmvsf2.org\/web\/wp-json\/wp\/v2\/posts\/35266\/revisions"}],"predecessor-version":[{"id":35268,"href":"https:\/\/cmvsf2.org\/web\/wp-json\/wp\/v2\/posts\/35266\/revisions\/35268"}],"wp:featuredmedia":[{"embeddable":true,"href":"https:\/\/cmvsf2.org\/web\/wp-json\/wp\/v2\/media\/35259"}],"wp:attachment":[{"href":"https:\/\/cmvsf2.org\/web\/wp-json\/wp\/v2\/media?parent=35266"}],"wp:term":[{"taxonomy":"category","embeddable":true,"href":"https:\/\/cmvsf2.org\/web\/wp-json\/wp\/v2\/categories?post=35266"},{"taxonomy":"post_tag","embeddable":true,"href":"https:\/\/cmvsf2.org\/web\/wp-json\/wp\/v2\/tags?post=35266"}],"curies":[{"name":"wp","href":"https:\/\/api.w.org\/{rel}","templated":true}]}}