{"id":35200,"date":"2025-11-27T11:25:29","date_gmt":"2025-11-27T14:25:29","guid":{"rendered":"https:\/\/cmvsf2.org\/web\/?p=35200"},"modified":"2025-11-28T13:21:10","modified_gmt":"2025-11-28T16:21:10","slug":"condiciones-de-trabajo-profesional-de-los-y-las-medicos-as-veterinarios-as-y-situacion-de-salud-mental-en-la-provincia-de-santa-fe","status":"publish","type":"post","link":"https:\/\/cmvsf2.org\/web\/2025\/11\/27\/condiciones-de-trabajo-profesional-de-los-y-las-medicos-as-veterinarios-as-y-situacion-de-salud-mental-en-la-provincia-de-santa-fe\/","title":{"rendered":"Condiciones de trabajo profesional de los y las m\u00e9dicos\/as veterinarios\/as y situaci\u00f3n de salud mental en la provincia de Santa Fe"},"content":{"rendered":"<p>El estudio que se presenta es resultado de una acci\u00f3n de cooperaci\u00f3n entre el Instituto de la Salud \u201cJuan Lazarte\u201d de la ciudad de Rosario y el Colegio de Veterinarios de Santa Fe -2da. Circunscripci\u00f3n que tuvo por objeto elaborar una propuesta de<strong> investigaci\u00f3n sobre la situaci\u00f3n de salud mental de los y las m\u00e9dicos\/as veterinarios\/as.<\/strong> Ella se afirma sobre el inter\u00e9s del Colegio de profesionales de indagar aspectos vinculados a la salud\/salud mental que se hallaran asociados con caracter\u00edsticas del mercado laboral de la profesi\u00f3n en el entorno provincial.<\/p>\n<p>El punto de partida se apoya sobre un conjunto de condiciones que, generando preocupaci\u00f3n entre los profesionales, podr\u00edan operar como determinantes de la salud y la enfermedad, contribuyendo a la producci\u00f3n de procesos espec\u00edficos de padecimiento.<\/p>\n<p>En ese conjunto se destacan, entre otras condiciones, la inquietud en torno al reconocimiento social de las tareas espec\u00edficas, al referir una profesi\u00f3n fuertemente relacionada a problemas de salud laborales.<\/p>\n<p>La diversidad de \u00e1reas de inserci\u00f3n profesional ligadas a situaciones de trabajo muy heterog\u00e9neas resulta en un conjunto profesional con perfiles muy diversificados y desiguales, que incluyen diferencias et\u00e1reas, territoriales y de g\u00e9nero.<\/p>\n<p>Las transformaciones en la relaci\u00f3n entre profesionales y consultantes, en el marco de nuevas formas de v\u00ednculo social, produce tensiones ligadas a la exigencia de calidad y eficacia en el desempe\u00f1o del trabajo con animales dom\u00e9sticos. Ello va acompa\u00f1ado con el car\u00e1cter del proceso de trabajo en el \u00e1rea cl\u00ednica que, en la mayor\u00eda de las ocasiones, se desenvuelve en condiciones solitarias y de gran fragmentaci\u00f3n entre las especialidades profesionales. Todas situaciones que podr\u00edan estar condicionando eventos de afecciones de salud, percepci\u00f3n de malestares o emergencia de problem\u00e1ticas ps\u00edquicas cr\u00edticas.<\/p>\n<p>Por otra parte, el ejercicio activo de la pr\u00e1ctica de medicina veterinaria requiere una constante articulaci\u00f3n con las acciones de formaci\u00f3n profesional, sobre todo universitarias, mereciendo esto el incentivo de las relaciones y el di\u00e1logo entre las instituciones formadoras y de regulaci\u00f3n y control del ejercicio profesional.<\/p>\n","protected":false},"excerpt":{"rendered":"<p>El estudio que se presenta es resultado de una acci\u00f3n de cooperaci\u00f3n entre el Instituto de la Salud \u201cJuan Lazarte\u201d de la ciudad de Rosario y el Colegio de Veterinarios de Santa Fe -2da. Circunscripci\u00f3n que tuvo por objeto elaborar una propuesta de investigaci\u00f3n sobre la situaci\u00f3n de salud mental de los y las m\u00e9dicos\/as veterinarios\/as. Ella se afirma sobre el inter\u00e9s del Colegio [&hellip;]<\/p>\n","protected":false},"author":3,"featured_media":35201,"comment_status":"closed","ping_status":"closed","sticky":false,"template":"","format":"standard","meta":{"_acf_changed":false,"footnotes":""},"categories":[345],"tags":[1026,1074,925],"class_list":["post-35200","post","type-post","status-publish","format-standard","has-post-thumbnail","hentry","category-institucionales","tag-1026","tag-informe","tag-salud-mental"],"acf":[],"yoast_head":"<!-- This site is optimized with the Yoast SEO plugin v28.2 - https:\/\/yoast.com\/product\/yoast-seo-wordpress\/ -->\n<title>Condiciones de trabajo profesional de los y las m\u00e9dicos\/as veterinarios\/as y situaci\u00f3n de salud mental en la provincia de Santa Fe - Colegio De Veterinarios De Santa Fe 2da. Circunscripci\u00f3n<\/title>\n<meta name=\"description\" content=\"El estudio que se presenta es resultado de una acci\u00f3n de cooperaci\u00f3n entre el Instituto de la Salud \u201cJuan Lazarte\u201d de la ciudad de Rosario y el Colegio de\" \/>\n<meta name=\"robots\" content=\"index, follow, max-snippet:-1, max-image-preview:large, max-video-preview:-1\" \/>\n<link rel=\"canonical\" href=\"https:\/\/cmvsf2.org\/web\/2025\/11\/27\/condiciones-de-trabajo-profesional-de-los-y-las-medicos-as-veterinarios-as-y-situacion-de-salud-mental-en-la-provincia-de-santa-fe\/\" \/>\n<meta property=\"og:locale\" content=\"es_ES\" \/>\n<meta property=\"og:type\" content=\"article\" \/>\n<meta property=\"og:title\" content=\"Condiciones de trabajo profesional de los y las m\u00e9dicos\/as veterinarios\/as y situaci\u00f3n de salud mental en la provincia de Santa Fe - Colegio De Veterinarios De Santa Fe 2da. Circunscripci\u00f3n\" \/>\n<meta property=\"og:description\" content=\"El estudio que se presenta es resultado de una acci\u00f3n de cooperaci\u00f3n entre el Instituto de la Salud \u201cJuan Lazarte\u201d de la ciudad de Rosario y el Colegio de\" \/>\n<meta property=\"og:url\" content=\"https:\/\/cmvsf2.org\/web\/2025\/11\/27\/condiciones-de-trabajo-profesional-de-los-y-las-medicos-as-veterinarios-as-y-situacion-de-salud-mental-en-la-provincia-de-santa-fe\/\" \/>\n<meta property=\"og:site_name\" content=\"Colegio De Veterinarios De Santa Fe 2da. Circunscripci\u00f3n\" \/>\n<meta property=\"article:published_time\" content=\"2025-11-27T14:25:29+00:00\" \/>\n<meta property=\"article:modified_time\" content=\"2025-11-28T16:21:10+00:00\" \/>\n<meta property=\"og:image\" content=\"https:\/\/cmvsf2.org\/web\/wp-content\/uploads\/2025\/11\/imagen-destacada-web.png\" \/>\n\t<meta property=\"og:image:width\" content=\"1200\" \/>\n\t<meta property=\"og:image:height\" content=\"628\" \/>\n\t<meta property=\"og:image:type\" content=\"image\/png\" \/>\n<meta name=\"author\" content=\"cmvsf2\" \/>\n<meta name=\"twitter:card\" content=\"summary_large_image\" \/>\n<meta name=\"twitter:label1\" content=\"Escrito por\" \/>\n\t<meta name=\"twitter:data1\" content=\"cmvsf2\" \/>\n\t<meta name=\"twitter:label2\" content=\"Tiempo de lectura\" \/>\n\t<meta name=\"twitter:data2\" content=\"2 minutos\" \/>\n<script type=\"application\/ld+json\" class=\"yoast-schema-graph\">{\"@context\":\"https:\\\/\\\/schema.org\",\"@graph\":[{\"@type\":\"Article\",\"@id\":\"https:\\\/\\\/cmvsf2.org\\\/web\\\/2025\\\/11\\\/27\\\/condiciones-de-trabajo-profesional-de-los-y-las-medicos-as-veterinarios-as-y-situacion-de-salud-mental-en-la-provincia-de-santa-fe\\\/#article\",\"isPartOf\":{\"@id\":\"https:\\\/\\\/cmvsf2.org\\\/web\\\/2025\\\/11\\\/27\\\/condiciones-de-trabajo-profesional-de-los-y-las-medicos-as-veterinarios-as-y-situacion-de-salud-mental-en-la-provincia-de-santa-fe\\\/\"},\"author\":{\"name\":\"cmvsf2\",\"@id\":\"https:\\\/\\\/cmvsf2.org\\\/web\\\/#\\\/schema\\\/person\\\/46ea3630099a4a3df8d89f07cf5f7520\"},\"headline\":\"Condiciones de trabajo profesional de los y las m\u00e9dicos\\\/as veterinarios\\\/as y situaci\u00f3n de salud mental en la provincia de Santa Fe\",\"datePublished\":\"2025-11-27T14:25:29+00:00\",\"dateModified\":\"2025-11-28T16:21:10+00:00\",\"mainEntityOfPage\":{\"@id\":\"https:\\\/\\\/cmvsf2.org\\\/web\\\/2025\\\/11\\\/27\\\/condiciones-de-trabajo-profesional-de-los-y-las-medicos-as-veterinarios-as-y-situacion-de-salud-mental-en-la-provincia-de-santa-fe\\\/\"},\"wordCount\":393,\"publisher\":{\"@id\":\"https:\\\/\\\/cmvsf2.org\\\/web\\\/#organization\"},\"image\":{\"@id\":\"https:\\\/\\\/cmvsf2.org\\\/web\\\/2025\\\/11\\\/27\\\/condiciones-de-trabajo-profesional-de-los-y-las-medicos-as-veterinarios-as-y-situacion-de-salud-mental-en-la-provincia-de-santa-fe\\\/#primaryimage\"},\"thumbnailUrl\":\"https:\\\/\\\/cmvsf2.org\\\/web\\\/wp-content\\\/uploads\\\/2025\\\/11\\\/imagen-destacada-web.png\",\"keywords\":[\"2025\",\"INFORME\",\"salud mental\"],\"articleSection\":[\"Institucionales\"],\"inLanguage\":\"es\"},{\"@type\":\"WebPage\",\"@id\":\"https:\\\/\\\/cmvsf2.org\\\/web\\\/2025\\\/11\\\/27\\\/condiciones-de-trabajo-profesional-de-los-y-las-medicos-as-veterinarios-as-y-situacion-de-salud-mental-en-la-provincia-de-santa-fe\\\/\",\"url\":\"https:\\\/\\\/cmvsf2.org\\\/web\\\/2025\\\/11\\\/27\\\/condiciones-de-trabajo-profesional-de-los-y-las-medicos-as-veterinarios-as-y-situacion-de-salud-mental-en-la-provincia-de-santa-fe\\\/\",\"name\":\"Condiciones de trabajo profesional de los y las m\u00e9dicos\\\/as veterinarios\\\/as y situaci\u00f3n de salud mental en la provincia de Santa Fe - Colegio De Veterinarios De Santa Fe 2da. Circunscripci\u00f3n\",\"isPartOf\":{\"@id\":\"https:\\\/\\\/cmvsf2.org\\\/web\\\/#website\"},\"primaryImageOfPage\":{\"@id\":\"https:\\\/\\\/cmvsf2.org\\\/web\\\/2025\\\/11\\\/27\\\/condiciones-de-trabajo-profesional-de-los-y-las-medicos-as-veterinarios-as-y-situacion-de-salud-mental-en-la-provincia-de-santa-fe\\\/#primaryimage\"},\"image\":{\"@id\":\"https:\\\/\\\/cmvsf2.org\\\/web\\\/2025\\\/11\\\/27\\\/condiciones-de-trabajo-profesional-de-los-y-las-medicos-as-veterinarios-as-y-situacion-de-salud-mental-en-la-provincia-de-santa-fe\\\/#primaryimage\"},\"thumbnailUrl\":\"https:\\\/\\\/cmvsf2.org\\\/web\\\/wp-content\\\/uploads\\\/2025\\\/11\\\/imagen-destacada-web.png\",\"datePublished\":\"2025-11-27T14:25:29+00:00\",\"dateModified\":\"2025-11-28T16:21:10+00:00\",\"description\":\"El estudio que se presenta es resultado de una acci\u00f3n de cooperaci\u00f3n entre el Instituto de la Salud \u201cJuan Lazarte\u201d de la ciudad de Rosario y el Colegio de\",\"breadcrumb\":{\"@id\":\"https:\\\/\\\/cmvsf2.org\\\/web\\\/2025\\\/11\\\/27\\\/condiciones-de-trabajo-profesional-de-los-y-las-medicos-as-veterinarios-as-y-situacion-de-salud-mental-en-la-provincia-de-santa-fe\\\/#breadcrumb\"},\"inLanguage\":\"es\",\"potentialAction\":[{\"@type\":\"ReadAction\",\"target\":[\"https:\\\/\\\/cmvsf2.org\\\/web\\\/2025\\\/11\\\/27\\\/condiciones-de-trabajo-profesional-de-los-y-las-medicos-as-veterinarios-as-y-situacion-de-salud-mental-en-la-provincia-de-santa-fe\\\/\"]}]},{\"@type\":\"ImageObject\",\"inLanguage\":\"es\",\"@id\":\"https:\\\/\\\/cmvsf2.org\\\/web\\\/2025\\\/11\\\/27\\\/condiciones-de-trabajo-profesional-de-los-y-las-medicos-as-veterinarios-as-y-situacion-de-salud-mental-en-la-provincia-de-santa-fe\\\/#primaryimage\",\"url\":\"https:\\\/\\\/cmvsf2.org\\\/web\\\/wp-content\\\/uploads\\\/2025\\\/11\\\/imagen-destacada-web.png\",\"contentUrl\":\"https:\\\/\\\/cmvsf2.org\\\/web\\\/wp-content\\\/uploads\\\/2025\\\/11\\\/imagen-destacada-web.png\",\"width\":1200,\"height\":628},{\"@type\":\"BreadcrumbList\",\"@id\":\"https:\\\/\\\/cmvsf2.org\\\/web\\\/2025\\\/11\\\/27\\\/condiciones-de-trabajo-profesional-de-los-y-las-medicos-as-veterinarios-as-y-situacion-de-salud-mental-en-la-provincia-de-santa-fe\\\/#breadcrumb\",\"itemListElement\":[{\"@type\":\"ListItem\",\"position\":1,\"name\":\"Portada\",\"item\":\"https:\\\/\\\/cmvsf2.org\\\/web\\\/\"},{\"@type\":\"ListItem\",\"position\":2,\"name\":\"Condiciones de trabajo profesional de los y las m\u00e9dicos\\\/as veterinarios\\\/as y situaci\u00f3n de salud mental en la provincia de Santa Fe\"}]},{\"@type\":\"WebSite\",\"@id\":\"https:\\\/\\\/cmvsf2.org\\\/web\\\/#website\",\"url\":\"https:\\\/\\\/cmvsf2.org\\\/web\\\/\",\"name\":\"Colegio De Veterinarios De Santa Fe 2da. Circunscripci\u00f3n\",\"description\":\"Sitio institucional del Colegio de M\u00e9dicos Veterinario de Santa Fe 2da. Circunscripci\u00f3n\",\"publisher\":{\"@id\":\"https:\\\/\\\/cmvsf2.org\\\/web\\\/#organization\"},\"potentialAction\":[{\"@type\":\"SearchAction\",\"target\":{\"@type\":\"EntryPoint\",\"urlTemplate\":\"https:\\\/\\\/cmvsf2.org\\\/web\\\/?s={search_term_string}\"},\"query-input\":{\"@type\":\"PropertyValueSpecification\",\"valueRequired\":true,\"valueName\":\"search_term_string\"}}],\"inLanguage\":\"es\"},{\"@type\":\"Organization\",\"@id\":\"https:\\\/\\\/cmvsf2.org\\\/web\\\/#organization\",\"name\":\"Colegio De Veterinarios De Santa Fe 2da. Circunscripci\u00f3n\",\"url\":\"https:\\\/\\\/cmvsf2.org\\\/web\\\/\",\"logo\":{\"@type\":\"ImageObject\",\"inLanguage\":\"es\",\"@id\":\"https:\\\/\\\/cmvsf2.org\\\/web\\\/#\\\/schema\\\/logo\\\/image\\\/\",\"url\":\"http:\\\/\\\/cmvsf2.org\\\/web\\\/wp-content\\\/uploads\\\/2020\\\/03\\\/vector-logo-02.png\",\"contentUrl\":\"http:\\\/\\\/cmvsf2.org\\\/web\\\/wp-content\\\/uploads\\\/2020\\\/03\\\/vector-logo-02.png\",\"width\":2750,\"height\":642,\"caption\":\"Colegio De Veterinarios De Santa Fe 2da. Circunscripci\u00f3n\"},\"image\":{\"@id\":\"https:\\\/\\\/cmvsf2.org\\\/web\\\/#\\\/schema\\\/logo\\\/image\\\/\"}},{\"@type\":\"Person\",\"@id\":\"https:\\\/\\\/cmvsf2.org\\\/web\\\/#\\\/schema\\\/person\\\/46ea3630099a4a3df8d89f07cf5f7520\",\"name\":\"cmvsf2\",\"image\":{\"@type\":\"ImageObject\",\"inLanguage\":\"es\",\"@id\":\"https:\\\/\\\/secure.gravatar.com\\\/avatar\\\/669647b61c77f28f1aa51df04174a5ecb296e9988b4a93d2870666cd1f502cd7?s=96&d=mm&r=g\",\"url\":\"https:\\\/\\\/secure.gravatar.com\\\/avatar\\\/669647b61c77f28f1aa51df04174a5ecb296e9988b4a93d2870666cd1f502cd7?s=96&d=mm&r=g\",\"contentUrl\":\"https:\\\/\\\/secure.gravatar.com\\\/avatar\\\/669647b61c77f28f1aa51df04174a5ecb296e9988b4a93d2870666cd1f502cd7?s=96&d=mm&r=g\",\"caption\":\"cmvsf2\"}}]}<\/script>\n<!-- \/ Yoast SEO plugin. -->","yoast_head_json":{"title":"Condiciones de trabajo profesional de los y las m\u00e9dicos\/as veterinarios\/as y situaci\u00f3n de salud mental en la provincia de Santa Fe - Colegio De Veterinarios De Santa Fe 2da. Circunscripci\u00f3n","description":"El estudio que se presenta es resultado de una acci\u00f3n de cooperaci\u00f3n entre el Instituto de la Salud \u201cJuan Lazarte\u201d de la ciudad de Rosario y el Colegio de","robots":{"index":"index","follow":"follow","max-snippet":"max-snippet:-1","max-image-preview":"max-image-preview:large","max-video-preview":"max-video-preview:-1"},"canonical":"https:\/\/cmvsf2.org\/web\/2025\/11\/27\/condiciones-de-trabajo-profesional-de-los-y-las-medicos-as-veterinarios-as-y-situacion-de-salud-mental-en-la-provincia-de-santa-fe\/","og_locale":"es_ES","og_type":"article","og_title":"Condiciones de trabajo profesional de los y las m\u00e9dicos\/as veterinarios\/as y situaci\u00f3n de salud mental en la provincia de Santa Fe - Colegio De Veterinarios De Santa Fe 2da. Circunscripci\u00f3n","og_description":"El estudio que se presenta es resultado de una acci\u00f3n de cooperaci\u00f3n entre el Instituto de la Salud \u201cJuan Lazarte\u201d de la ciudad de Rosario y el Colegio de","og_url":"https:\/\/cmvsf2.org\/web\/2025\/11\/27\/condiciones-de-trabajo-profesional-de-los-y-las-medicos-as-veterinarios-as-y-situacion-de-salud-mental-en-la-provincia-de-santa-fe\/","og_site_name":"Colegio De Veterinarios De Santa Fe 2da. Circunscripci\u00f3n","article_published_time":"2025-11-27T14:25:29+00:00","article_modified_time":"2025-11-28T16:21:10+00:00","og_image":[{"width":1200,"height":628,"url":"https:\/\/cmvsf2.org\/web\/wp-content\/uploads\/2025\/11\/imagen-destacada-web.png","type":"image\/png"}],"author":"cmvsf2","twitter_card":"summary_large_image","twitter_misc":{"Escrito por":"cmvsf2","Tiempo de lectura":"2 minutos"},"schema":{"@context":"https:\/\/schema.org","@graph":[{"@type":"Article","@id":"https:\/\/cmvsf2.org\/web\/2025\/11\/27\/condiciones-de-trabajo-profesional-de-los-y-las-medicos-as-veterinarios-as-y-situacion-de-salud-mental-en-la-provincia-de-santa-fe\/#article","isPartOf":{"@id":"https:\/\/cmvsf2.org\/web\/2025\/11\/27\/condiciones-de-trabajo-profesional-de-los-y-las-medicos-as-veterinarios-as-y-situacion-de-salud-mental-en-la-provincia-de-santa-fe\/"},"author":{"name":"cmvsf2","@id":"https:\/\/cmvsf2.org\/web\/#\/schema\/person\/46ea3630099a4a3df8d89f07cf5f7520"},"headline":"Condiciones de trabajo profesional de los y las m\u00e9dicos\/as veterinarios\/as y situaci\u00f3n de salud mental en la provincia de Santa Fe","datePublished":"2025-11-27T14:25:29+00:00","dateModified":"2025-11-28T16:21:10+00:00","mainEntityOfPage":{"@id":"https:\/\/cmvsf2.org\/web\/2025\/11\/27\/condiciones-de-trabajo-profesional-de-los-y-las-medicos-as-veterinarios-as-y-situacion-de-salud-mental-en-la-provincia-de-santa-fe\/"},"wordCount":393,"publisher":{"@id":"https:\/\/cmvsf2.org\/web\/#organization"},"image":{"@id":"https:\/\/cmvsf2.org\/web\/2025\/11\/27\/condiciones-de-trabajo-profesional-de-los-y-las-medicos-as-veterinarios-as-y-situacion-de-salud-mental-en-la-provincia-de-santa-fe\/#primaryimage"},"thumbnailUrl":"https:\/\/cmvsf2.org\/web\/wp-content\/uploads\/2025\/11\/imagen-destacada-web.png","keywords":["2025","INFORME","salud mental"],"articleSection":["Institucionales"],"inLanguage":"es"},{"@type":"WebPage","@id":"https:\/\/cmvsf2.org\/web\/2025\/11\/27\/condiciones-de-trabajo-profesional-de-los-y-las-medicos-as-veterinarios-as-y-situacion-de-salud-mental-en-la-provincia-de-santa-fe\/","url":"https:\/\/cmvsf2.org\/web\/2025\/11\/27\/condiciones-de-trabajo-profesional-de-los-y-las-medicos-as-veterinarios-as-y-situacion-de-salud-mental-en-la-provincia-de-santa-fe\/","name":"Condiciones de trabajo profesional de los y las m\u00e9dicos\/as veterinarios\/as y situaci\u00f3n de salud mental en la provincia de Santa Fe - Colegio De Veterinarios De Santa Fe 2da. Circunscripci\u00f3n","isPartOf":{"@id":"https:\/\/cmvsf2.org\/web\/#website"},"primaryImageOfPage":{"@id":"https:\/\/cmvsf2.org\/web\/2025\/11\/27\/condiciones-de-trabajo-profesional-de-los-y-las-medicos-as-veterinarios-as-y-situacion-de-salud-mental-en-la-provincia-de-santa-fe\/#primaryimage"},"image":{"@id":"https:\/\/cmvsf2.org\/web\/2025\/11\/27\/condiciones-de-trabajo-profesional-de-los-y-las-medicos-as-veterinarios-as-y-situacion-de-salud-mental-en-la-provincia-de-santa-fe\/#primaryimage"},"thumbnailUrl":"https:\/\/cmvsf2.org\/web\/wp-content\/uploads\/2025\/11\/imagen-destacada-web.png","datePublished":"2025-11-27T14:25:29+00:00","dateModified":"2025-11-28T16:21:10+00:00","description":"El estudio que se presenta es resultado de una acci\u00f3n de cooperaci\u00f3n entre el Instituto de la Salud \u201cJuan Lazarte\u201d de la ciudad de Rosario y el Colegio de","breadcrumb":{"@id":"https:\/\/cmvsf2.org\/web\/2025\/11\/27\/condiciones-de-trabajo-profesional-de-los-y-las-medicos-as-veterinarios-as-y-situacion-de-salud-mental-en-la-provincia-de-santa-fe\/#breadcrumb"},"inLanguage":"es","potentialAction":[{"@type":"ReadAction","target":["https:\/\/cmvsf2.org\/web\/2025\/11\/27\/condiciones-de-trabajo-profesional-de-los-y-las-medicos-as-veterinarios-as-y-situacion-de-salud-mental-en-la-provincia-de-santa-fe\/"]}]},{"@type":"ImageObject","inLanguage":"es","@id":"https:\/\/cmvsf2.org\/web\/2025\/11\/27\/condiciones-de-trabajo-profesional-de-los-y-las-medicos-as-veterinarios-as-y-situacion-de-salud-mental-en-la-provincia-de-santa-fe\/#primaryimage","url":"https:\/\/cmvsf2.org\/web\/wp-content\/uploads\/2025\/11\/imagen-destacada-web.png","contentUrl":"https:\/\/cmvsf2.org\/web\/wp-content\/uploads\/2025\/11\/imagen-destacada-web.png","width":1200,"height":628},{"@type":"BreadcrumbList","@id":"https:\/\/cmvsf2.org\/web\/2025\/11\/27\/condiciones-de-trabajo-profesional-de-los-y-las-medicos-as-veterinarios-as-y-situacion-de-salud-mental-en-la-provincia-de-santa-fe\/#breadcrumb","itemListElement":[{"@type":"ListItem","position":1,"name":"Portada","item":"https:\/\/cmvsf2.org\/web\/"},{"@type":"ListItem","position":2,"name":"Condiciones de trabajo profesional de los y las m\u00e9dicos\/as veterinarios\/as y situaci\u00f3n de salud mental en la provincia de Santa Fe"}]},{"@type":"WebSite","@id":"https:\/\/cmvsf2.org\/web\/#website","url":"https:\/\/cmvsf2.org\/web\/","name":"Colegio De Veterinarios De Santa Fe 2da. Circunscripci\u00f3n","description":"Sitio institucional del Colegio de M\u00e9dicos Veterinario de Santa Fe 2da. Circunscripci\u00f3n","publisher":{"@id":"https:\/\/cmvsf2.org\/web\/#organization"},"potentialAction":[{"@type":"SearchAction","target":{"@type":"EntryPoint","urlTemplate":"https:\/\/cmvsf2.org\/web\/?s={search_term_string}"},"query-input":{"@type":"PropertyValueSpecification","valueRequired":true,"valueName":"search_term_string"}}],"inLanguage":"es"},{"@type":"Organization","@id":"https:\/\/cmvsf2.org\/web\/#organization","name":"Colegio De Veterinarios De Santa Fe 2da. Circunscripci\u00f3n","url":"https:\/\/cmvsf2.org\/web\/","logo":{"@type":"ImageObject","inLanguage":"es","@id":"https:\/\/cmvsf2.org\/web\/#\/schema\/logo\/image\/","url":"http:\/\/cmvsf2.org\/web\/wp-content\/uploads\/2020\/03\/vector-logo-02.png","contentUrl":"http:\/\/cmvsf2.org\/web\/wp-content\/uploads\/2020\/03\/vector-logo-02.png","width":2750,"height":642,"caption":"Colegio De Veterinarios De Santa Fe 2da. Circunscripci\u00f3n"},"image":{"@id":"https:\/\/cmvsf2.org\/web\/#\/schema\/logo\/image\/"}},{"@type":"Person","@id":"https:\/\/cmvsf2.org\/web\/#\/schema\/person\/46ea3630099a4a3df8d89f07cf5f7520","name":"cmvsf2","image":{"@type":"ImageObject","inLanguage":"es","@id":"https:\/\/secure.gravatar.com\/avatar\/669647b61c77f28f1aa51df04174a5ecb296e9988b4a93d2870666cd1f502cd7?s=96&d=mm&r=g","url":"https:\/\/secure.gravatar.com\/avatar\/669647b61c77f28f1aa51df04174a5ecb296e9988b4a93d2870666cd1f502cd7?s=96&d=mm&r=g","contentUrl":"https:\/\/secure.gravatar.com\/avatar\/669647b61c77f28f1aa51df04174a5ecb296e9988b4a93d2870666cd1f502cd7?s=96&d=mm&r=g","caption":"cmvsf2"}}]}},"_links":{"self":[{"href":"https:\/\/cmvsf2.org\/web\/wp-json\/wp\/v2\/posts\/35200","targetHints":{"allow":["GET"]}}],"collection":[{"href":"https:\/\/cmvsf2.org\/web\/wp-json\/wp\/v2\/posts"}],"about":[{"href":"https:\/\/cmvsf2.org\/web\/wp-json\/wp\/v2\/types\/post"}],"author":[{"embeddable":true,"href":"https:\/\/cmvsf2.org\/web\/wp-json\/wp\/v2\/users\/3"}],"replies":[{"embeddable":true,"href":"https:\/\/cmvsf2.org\/web\/wp-json\/wp\/v2\/comments?post=35200"}],"version-history":[{"count":7,"href":"https:\/\/cmvsf2.org\/web\/wp-json\/wp\/v2\/posts\/35200\/revisions"}],"predecessor-version":[{"id":35211,"href":"https:\/\/cmvsf2.org\/web\/wp-json\/wp\/v2\/posts\/35200\/revisions\/35211"}],"wp:featuredmedia":[{"embeddable":true,"href":"https:\/\/cmvsf2.org\/web\/wp-json\/wp\/v2\/media\/35201"}],"wp:attachment":[{"href":"https:\/\/cmvsf2.org\/web\/wp-json\/wp\/v2\/media?parent=35200"}],"wp:term":[{"taxonomy":"category","embeddable":true,"href":"https:\/\/cmvsf2.org\/web\/wp-json\/wp\/v2\/categories?post=35200"},{"taxonomy":"post_tag","embeddable":true,"href":"https:\/\/cmvsf2.org\/web\/wp-json\/wp\/v2\/tags?post=35200"}],"curies":[{"name":"wp","href":"https:\/\/api.w.org\/{rel}","templated":true}]}}