{"id":35129,"date":"2025-10-07T10:13:12","date_gmt":"2025-10-07T13:13:12","guid":{"rendered":"https:\/\/cmvsf2.org\/web\/?p=35129"},"modified":"2025-10-07T10:15:06","modified_gmt":"2025-10-07T13:15:06","slug":"nuevas-coberturas-y-cuotas-mensuales-de-la-poliza-por-mala-praxis","status":"publish","type":"post","link":"https:\/\/cmvsf2.org\/web\/2025\/10\/07\/nuevas-coberturas-y-cuotas-mensuales-de-la-poliza-por-mala-praxis\/","title":{"rendered":"Nuevas coberturas y cuotas mensuales de la p\u00f3liza por mala praxis"},"content":{"rendered":"<p>Estimado\/a Colegiado\/a:<\/p>\n<p>En virtud del convenio existente entre el Colegio y AMPAR (<a href=\"https:\/\/cmvsf2.org\/web\/seguros-por-mala-praxis\/\">p\u00f3liza por mala praxis<\/a>), cumplimos con informarles que desde la empresa proveedora de la cobertura nos informan lo siguiente:<\/p>\n<p><em><strong>La suma asegurada a partir del mes de octubre pasar\u00e1 a ser de $20.000.000<\/strong><\/em> (pesos veinte millones) y l<em><strong>a cuota mensual ser\u00e1 de $6.000.-<\/strong><\/em> (pesos seis mil) para quienes ya est\u00e1n adheridos <em><strong>y de $5.000.- (<\/strong><\/em>pesos cinco mil) para nuevos adherentes durante el primer a\u00f1o de p\u00f3liza.<\/p>\n<p>Las dem\u00e1s condiciones del convenio se mantienen sin cambios.<\/p>\n<p>&nbsp;<\/p>\n","protected":false},"excerpt":{"rendered":"<p>Estimado\/a Colegiado\/a: En virtud del convenio existente entre el Colegio y AMPAR (p\u00f3liza por mala praxis), cumplimos con informarles que desde la empresa proveedora de la cobertura nos informan lo siguiente: La suma asegurada a partir del mes de octubre pasar\u00e1 a ser de $20.000.000 (pesos veinte millones) y la cuota mensual ser\u00e1 de $6.000.- (pesos seis mil) para quienes ya est\u00e1n adheridos y [&hellip;]<\/p>\n","protected":false},"author":3,"featured_media":35131,"comment_status":"closed","ping_status":"closed","sticky":false,"template":"","format":"standard","meta":{"_acf_changed":false,"footnotes":""},"categories":[343,345],"tags":[104,876,958,358],"class_list":["post-35129","post","type-post","status-publish","format-standard","has-post-thumbnail","hentry","category-destacada","category-institucionales","tag-actualizacion","tag-ampar","tag-aumento","tag-mala-praxis"],"acf":[],"yoast_head":"<!-- This site is optimized with the Yoast SEO plugin v28.2 - https:\/\/yoast.com\/product\/yoast-seo-wordpress\/ -->\n<title>Nuevas coberturas y cuotas mensuales de la p\u00f3liza por mala praxis - Colegio De Veterinarios De Santa Fe 2da. Circunscripci\u00f3n<\/title>\n<meta name=\"description\" content=\"Estimado\/a Colegiado\/a: En virtud del convenio existente entre el Colegio y AMPAR (p\u00f3liza por mala praxis), cumplimos con informarles que desde la empresa\" \/>\n<meta name=\"robots\" content=\"index, follow, max-snippet:-1, max-image-preview:large, max-video-preview:-1\" \/>\n<link rel=\"canonical\" href=\"https:\/\/cmvsf2.org\/web\/2025\/10\/07\/nuevas-coberturas-y-cuotas-mensuales-de-la-poliza-por-mala-praxis\/\" \/>\n<meta property=\"og:locale\" content=\"es_ES\" \/>\n<meta property=\"og:type\" content=\"article\" \/>\n<meta property=\"og:title\" content=\"Nuevas coberturas y cuotas mensuales de la p\u00f3liza por mala praxis - Colegio De Veterinarios De Santa Fe 2da. Circunscripci\u00f3n\" \/>\n<meta property=\"og:description\" content=\"Estimado\/a Colegiado\/a: En virtud del convenio existente entre el Colegio y AMPAR (p\u00f3liza por mala praxis), cumplimos con informarles que desde la empresa\" \/>\n<meta property=\"og:url\" content=\"https:\/\/cmvsf2.org\/web\/2025\/10\/07\/nuevas-coberturas-y-cuotas-mensuales-de-la-poliza-por-mala-praxis\/\" \/>\n<meta property=\"og:site_name\" content=\"Colegio De Veterinarios De Santa Fe 2da. Circunscripci\u00f3n\" \/>\n<meta property=\"article:published_time\" content=\"2025-10-07T13:13:12+00:00\" \/>\n<meta property=\"article:modified_time\" content=\"2025-10-07T13:15:06+00:00\" \/>\n<meta property=\"og:image\" content=\"https:\/\/cmvsf2.org\/web\/wp-content\/uploads\/2025\/10\/imagen-destacada-web.jpg\" \/>\n\t<meta property=\"og:image:width\" content=\"1200\" \/>\n\t<meta property=\"og:image:height\" content=\"628\" \/>\n\t<meta property=\"og:image:type\" content=\"image\/jpeg\" \/>\n<meta name=\"author\" content=\"cmvsf2\" \/>\n<meta name=\"twitter:card\" content=\"summary_large_image\" \/>\n<meta name=\"twitter:label1\" content=\"Escrito por\" \/>\n\t<meta name=\"twitter:data1\" content=\"cmvsf2\" \/>\n\t<meta name=\"twitter:label2\" content=\"Tiempo de lectura\" \/>\n\t<meta name=\"twitter:data2\" content=\"1 minuto\" \/>\n<script type=\"application\/ld+json\" class=\"yoast-schema-graph\">{\"@context\":\"https:\\\/\\\/schema.org\",\"@graph\":[{\"@type\":\"Article\",\"@id\":\"https:\\\/\\\/cmvsf2.org\\\/web\\\/2025\\\/10\\\/07\\\/nuevas-coberturas-y-cuotas-mensuales-de-la-poliza-por-mala-praxis\\\/#article\",\"isPartOf\":{\"@id\":\"https:\\\/\\\/cmvsf2.org\\\/web\\\/2025\\\/10\\\/07\\\/nuevas-coberturas-y-cuotas-mensuales-de-la-poliza-por-mala-praxis\\\/\"},\"author\":{\"name\":\"cmvsf2\",\"@id\":\"https:\\\/\\\/cmvsf2.org\\\/web\\\/#\\\/schema\\\/person\\\/46ea3630099a4a3df8d89f07cf5f7520\"},\"headline\":\"Nuevas coberturas y cuotas mensuales de la p\u00f3liza por mala praxis\",\"datePublished\":\"2025-10-07T13:13:12+00:00\",\"dateModified\":\"2025-10-07T13:15:06+00:00\",\"mainEntityOfPage\":{\"@id\":\"https:\\\/\\\/cmvsf2.org\\\/web\\\/2025\\\/10\\\/07\\\/nuevas-coberturas-y-cuotas-mensuales-de-la-poliza-por-mala-praxis\\\/\"},\"wordCount\":107,\"publisher\":{\"@id\":\"https:\\\/\\\/cmvsf2.org\\\/web\\\/#organization\"},\"image\":{\"@id\":\"https:\\\/\\\/cmvsf2.org\\\/web\\\/2025\\\/10\\\/07\\\/nuevas-coberturas-y-cuotas-mensuales-de-la-poliza-por-mala-praxis\\\/#primaryimage\"},\"thumbnailUrl\":\"https:\\\/\\\/cmvsf2.org\\\/web\\\/wp-content\\\/uploads\\\/2025\\\/10\\\/imagen-destacada-web.jpg\",\"keywords\":[\"actualizaci\u00f3n\",\"AMPAR\",\"aumento\",\"mala praxis\"],\"articleSection\":[\"Destacada\",\"Institucionales\"],\"inLanguage\":\"es\"},{\"@type\":\"WebPage\",\"@id\":\"https:\\\/\\\/cmvsf2.org\\\/web\\\/2025\\\/10\\\/07\\\/nuevas-coberturas-y-cuotas-mensuales-de-la-poliza-por-mala-praxis\\\/\",\"url\":\"https:\\\/\\\/cmvsf2.org\\\/web\\\/2025\\\/10\\\/07\\\/nuevas-coberturas-y-cuotas-mensuales-de-la-poliza-por-mala-praxis\\\/\",\"name\":\"Nuevas coberturas y cuotas mensuales de la p\u00f3liza por mala praxis - Colegio De Veterinarios De Santa Fe 2da. Circunscripci\u00f3n\",\"isPartOf\":{\"@id\":\"https:\\\/\\\/cmvsf2.org\\\/web\\\/#website\"},\"primaryImageOfPage\":{\"@id\":\"https:\\\/\\\/cmvsf2.org\\\/web\\\/2025\\\/10\\\/07\\\/nuevas-coberturas-y-cuotas-mensuales-de-la-poliza-por-mala-praxis\\\/#primaryimage\"},\"image\":{\"@id\":\"https:\\\/\\\/cmvsf2.org\\\/web\\\/2025\\\/10\\\/07\\\/nuevas-coberturas-y-cuotas-mensuales-de-la-poliza-por-mala-praxis\\\/#primaryimage\"},\"thumbnailUrl\":\"https:\\\/\\\/cmvsf2.org\\\/web\\\/wp-content\\\/uploads\\\/2025\\\/10\\\/imagen-destacada-web.jpg\",\"datePublished\":\"2025-10-07T13:13:12+00:00\",\"dateModified\":\"2025-10-07T13:15:06+00:00\",\"description\":\"Estimado\\\/a Colegiado\\\/a: En virtud del convenio existente entre el Colegio y AMPAR (p\u00f3liza por mala praxis), cumplimos con informarles que desde la empresa\",\"breadcrumb\":{\"@id\":\"https:\\\/\\\/cmvsf2.org\\\/web\\\/2025\\\/10\\\/07\\\/nuevas-coberturas-y-cuotas-mensuales-de-la-poliza-por-mala-praxis\\\/#breadcrumb\"},\"inLanguage\":\"es\",\"potentialAction\":[{\"@type\":\"ReadAction\",\"target\":[\"https:\\\/\\\/cmvsf2.org\\\/web\\\/2025\\\/10\\\/07\\\/nuevas-coberturas-y-cuotas-mensuales-de-la-poliza-por-mala-praxis\\\/\"]}]},{\"@type\":\"ImageObject\",\"inLanguage\":\"es\",\"@id\":\"https:\\\/\\\/cmvsf2.org\\\/web\\\/2025\\\/10\\\/07\\\/nuevas-coberturas-y-cuotas-mensuales-de-la-poliza-por-mala-praxis\\\/#primaryimage\",\"url\":\"https:\\\/\\\/cmvsf2.org\\\/web\\\/wp-content\\\/uploads\\\/2025\\\/10\\\/imagen-destacada-web.jpg\",\"contentUrl\":\"https:\\\/\\\/cmvsf2.org\\\/web\\\/wp-content\\\/uploads\\\/2025\\\/10\\\/imagen-destacada-web.jpg\",\"width\":1200,\"height\":628},{\"@type\":\"BreadcrumbList\",\"@id\":\"https:\\\/\\\/cmvsf2.org\\\/web\\\/2025\\\/10\\\/07\\\/nuevas-coberturas-y-cuotas-mensuales-de-la-poliza-por-mala-praxis\\\/#breadcrumb\",\"itemListElement\":[{\"@type\":\"ListItem\",\"position\":1,\"name\":\"Portada\",\"item\":\"https:\\\/\\\/cmvsf2.org\\\/web\\\/\"},{\"@type\":\"ListItem\",\"position\":2,\"name\":\"Nuevas coberturas y cuotas mensuales de la p\u00f3liza por mala praxis\"}]},{\"@type\":\"WebSite\",\"@id\":\"https:\\\/\\\/cmvsf2.org\\\/web\\\/#website\",\"url\":\"https:\\\/\\\/cmvsf2.org\\\/web\\\/\",\"name\":\"Colegio De Veterinarios De Santa Fe 2da. Circunscripci\u00f3n\",\"description\":\"Sitio institucional del Colegio de M\u00e9dicos Veterinario de Santa Fe 2da. Circunscripci\u00f3n\",\"publisher\":{\"@id\":\"https:\\\/\\\/cmvsf2.org\\\/web\\\/#organization\"},\"potentialAction\":[{\"@type\":\"SearchAction\",\"target\":{\"@type\":\"EntryPoint\",\"urlTemplate\":\"https:\\\/\\\/cmvsf2.org\\\/web\\\/?s={search_term_string}\"},\"query-input\":{\"@type\":\"PropertyValueSpecification\",\"valueRequired\":true,\"valueName\":\"search_term_string\"}}],\"inLanguage\":\"es\"},{\"@type\":\"Organization\",\"@id\":\"https:\\\/\\\/cmvsf2.org\\\/web\\\/#organization\",\"name\":\"Colegio De Veterinarios De Santa Fe 2da. Circunscripci\u00f3n\",\"url\":\"https:\\\/\\\/cmvsf2.org\\\/web\\\/\",\"logo\":{\"@type\":\"ImageObject\",\"inLanguage\":\"es\",\"@id\":\"https:\\\/\\\/cmvsf2.org\\\/web\\\/#\\\/schema\\\/logo\\\/image\\\/\",\"url\":\"http:\\\/\\\/cmvsf2.org\\\/web\\\/wp-content\\\/uploads\\\/2020\\\/03\\\/vector-logo-02.png\",\"contentUrl\":\"http:\\\/\\\/cmvsf2.org\\\/web\\\/wp-content\\\/uploads\\\/2020\\\/03\\\/vector-logo-02.png\",\"width\":2750,\"height\":642,\"caption\":\"Colegio De Veterinarios De Santa Fe 2da. Circunscripci\u00f3n\"},\"image\":{\"@id\":\"https:\\\/\\\/cmvsf2.org\\\/web\\\/#\\\/schema\\\/logo\\\/image\\\/\"}},{\"@type\":\"Person\",\"@id\":\"https:\\\/\\\/cmvsf2.org\\\/web\\\/#\\\/schema\\\/person\\\/46ea3630099a4a3df8d89f07cf5f7520\",\"name\":\"cmvsf2\",\"image\":{\"@type\":\"ImageObject\",\"inLanguage\":\"es\",\"@id\":\"https:\\\/\\\/secure.gravatar.com\\\/avatar\\\/669647b61c77f28f1aa51df04174a5ecb296e9988b4a93d2870666cd1f502cd7?s=96&d=mm&r=g\",\"url\":\"https:\\\/\\\/secure.gravatar.com\\\/avatar\\\/669647b61c77f28f1aa51df04174a5ecb296e9988b4a93d2870666cd1f502cd7?s=96&d=mm&r=g\",\"contentUrl\":\"https:\\\/\\\/secure.gravatar.com\\\/avatar\\\/669647b61c77f28f1aa51df04174a5ecb296e9988b4a93d2870666cd1f502cd7?s=96&d=mm&r=g\",\"caption\":\"cmvsf2\"}}]}<\/script>\n<!-- \/ Yoast SEO plugin. -->","yoast_head_json":{"title":"Nuevas coberturas y cuotas mensuales de la p\u00f3liza por mala praxis - Colegio De Veterinarios De Santa Fe 2da. Circunscripci\u00f3n","description":"Estimado\/a Colegiado\/a: En virtud del convenio existente entre el Colegio y AMPAR (p\u00f3liza por mala praxis), cumplimos con informarles que desde la empresa","robots":{"index":"index","follow":"follow","max-snippet":"max-snippet:-1","max-image-preview":"max-image-preview:large","max-video-preview":"max-video-preview:-1"},"canonical":"https:\/\/cmvsf2.org\/web\/2025\/10\/07\/nuevas-coberturas-y-cuotas-mensuales-de-la-poliza-por-mala-praxis\/","og_locale":"es_ES","og_type":"article","og_title":"Nuevas coberturas y cuotas mensuales de la p\u00f3liza por mala praxis - Colegio De Veterinarios De Santa Fe 2da. Circunscripci\u00f3n","og_description":"Estimado\/a Colegiado\/a: En virtud del convenio existente entre el Colegio y AMPAR (p\u00f3liza por mala praxis), cumplimos con informarles que desde la empresa","og_url":"https:\/\/cmvsf2.org\/web\/2025\/10\/07\/nuevas-coberturas-y-cuotas-mensuales-de-la-poliza-por-mala-praxis\/","og_site_name":"Colegio De Veterinarios De Santa Fe 2da. Circunscripci\u00f3n","article_published_time":"2025-10-07T13:13:12+00:00","article_modified_time":"2025-10-07T13:15:06+00:00","og_image":[{"width":1200,"height":628,"url":"https:\/\/cmvsf2.org\/web\/wp-content\/uploads\/2025\/10\/imagen-destacada-web.jpg","type":"image\/jpeg"}],"author":"cmvsf2","twitter_card":"summary_large_image","twitter_misc":{"Escrito por":"cmvsf2","Tiempo de lectura":"1 minuto"},"schema":{"@context":"https:\/\/schema.org","@graph":[{"@type":"Article","@id":"https:\/\/cmvsf2.org\/web\/2025\/10\/07\/nuevas-coberturas-y-cuotas-mensuales-de-la-poliza-por-mala-praxis\/#article","isPartOf":{"@id":"https:\/\/cmvsf2.org\/web\/2025\/10\/07\/nuevas-coberturas-y-cuotas-mensuales-de-la-poliza-por-mala-praxis\/"},"author":{"name":"cmvsf2","@id":"https:\/\/cmvsf2.org\/web\/#\/schema\/person\/46ea3630099a4a3df8d89f07cf5f7520"},"headline":"Nuevas coberturas y cuotas mensuales de la p\u00f3liza por mala praxis","datePublished":"2025-10-07T13:13:12+00:00","dateModified":"2025-10-07T13:15:06+00:00","mainEntityOfPage":{"@id":"https:\/\/cmvsf2.org\/web\/2025\/10\/07\/nuevas-coberturas-y-cuotas-mensuales-de-la-poliza-por-mala-praxis\/"},"wordCount":107,"publisher":{"@id":"https:\/\/cmvsf2.org\/web\/#organization"},"image":{"@id":"https:\/\/cmvsf2.org\/web\/2025\/10\/07\/nuevas-coberturas-y-cuotas-mensuales-de-la-poliza-por-mala-praxis\/#primaryimage"},"thumbnailUrl":"https:\/\/cmvsf2.org\/web\/wp-content\/uploads\/2025\/10\/imagen-destacada-web.jpg","keywords":["actualizaci\u00f3n","AMPAR","aumento","mala praxis"],"articleSection":["Destacada","Institucionales"],"inLanguage":"es"},{"@type":"WebPage","@id":"https:\/\/cmvsf2.org\/web\/2025\/10\/07\/nuevas-coberturas-y-cuotas-mensuales-de-la-poliza-por-mala-praxis\/","url":"https:\/\/cmvsf2.org\/web\/2025\/10\/07\/nuevas-coberturas-y-cuotas-mensuales-de-la-poliza-por-mala-praxis\/","name":"Nuevas coberturas y cuotas mensuales de la p\u00f3liza por mala praxis - Colegio De Veterinarios De Santa Fe 2da. Circunscripci\u00f3n","isPartOf":{"@id":"https:\/\/cmvsf2.org\/web\/#website"},"primaryImageOfPage":{"@id":"https:\/\/cmvsf2.org\/web\/2025\/10\/07\/nuevas-coberturas-y-cuotas-mensuales-de-la-poliza-por-mala-praxis\/#primaryimage"},"image":{"@id":"https:\/\/cmvsf2.org\/web\/2025\/10\/07\/nuevas-coberturas-y-cuotas-mensuales-de-la-poliza-por-mala-praxis\/#primaryimage"},"thumbnailUrl":"https:\/\/cmvsf2.org\/web\/wp-content\/uploads\/2025\/10\/imagen-destacada-web.jpg","datePublished":"2025-10-07T13:13:12+00:00","dateModified":"2025-10-07T13:15:06+00:00","description":"Estimado\/a Colegiado\/a: En virtud del convenio existente entre el Colegio y AMPAR (p\u00f3liza por mala praxis), cumplimos con informarles que desde la empresa","breadcrumb":{"@id":"https:\/\/cmvsf2.org\/web\/2025\/10\/07\/nuevas-coberturas-y-cuotas-mensuales-de-la-poliza-por-mala-praxis\/#breadcrumb"},"inLanguage":"es","potentialAction":[{"@type":"ReadAction","target":["https:\/\/cmvsf2.org\/web\/2025\/10\/07\/nuevas-coberturas-y-cuotas-mensuales-de-la-poliza-por-mala-praxis\/"]}]},{"@type":"ImageObject","inLanguage":"es","@id":"https:\/\/cmvsf2.org\/web\/2025\/10\/07\/nuevas-coberturas-y-cuotas-mensuales-de-la-poliza-por-mala-praxis\/#primaryimage","url":"https:\/\/cmvsf2.org\/web\/wp-content\/uploads\/2025\/10\/imagen-destacada-web.jpg","contentUrl":"https:\/\/cmvsf2.org\/web\/wp-content\/uploads\/2025\/10\/imagen-destacada-web.jpg","width":1200,"height":628},{"@type":"BreadcrumbList","@id":"https:\/\/cmvsf2.org\/web\/2025\/10\/07\/nuevas-coberturas-y-cuotas-mensuales-de-la-poliza-por-mala-praxis\/#breadcrumb","itemListElement":[{"@type":"ListItem","position":1,"name":"Portada","item":"https:\/\/cmvsf2.org\/web\/"},{"@type":"ListItem","position":2,"name":"Nuevas coberturas y cuotas mensuales de la p\u00f3liza por mala praxis"}]},{"@type":"WebSite","@id":"https:\/\/cmvsf2.org\/web\/#website","url":"https:\/\/cmvsf2.org\/web\/","name":"Colegio De Veterinarios De Santa Fe 2da. Circunscripci\u00f3n","description":"Sitio institucional del Colegio de M\u00e9dicos Veterinario de Santa Fe 2da. Circunscripci\u00f3n","publisher":{"@id":"https:\/\/cmvsf2.org\/web\/#organization"},"potentialAction":[{"@type":"SearchAction","target":{"@type":"EntryPoint","urlTemplate":"https:\/\/cmvsf2.org\/web\/?s={search_term_string}"},"query-input":{"@type":"PropertyValueSpecification","valueRequired":true,"valueName":"search_term_string"}}],"inLanguage":"es"},{"@type":"Organization","@id":"https:\/\/cmvsf2.org\/web\/#organization","name":"Colegio De Veterinarios De Santa Fe 2da. Circunscripci\u00f3n","url":"https:\/\/cmvsf2.org\/web\/","logo":{"@type":"ImageObject","inLanguage":"es","@id":"https:\/\/cmvsf2.org\/web\/#\/schema\/logo\/image\/","url":"http:\/\/cmvsf2.org\/web\/wp-content\/uploads\/2020\/03\/vector-logo-02.png","contentUrl":"http:\/\/cmvsf2.org\/web\/wp-content\/uploads\/2020\/03\/vector-logo-02.png","width":2750,"height":642,"caption":"Colegio De Veterinarios De Santa Fe 2da. Circunscripci\u00f3n"},"image":{"@id":"https:\/\/cmvsf2.org\/web\/#\/schema\/logo\/image\/"}},{"@type":"Person","@id":"https:\/\/cmvsf2.org\/web\/#\/schema\/person\/46ea3630099a4a3df8d89f07cf5f7520","name":"cmvsf2","image":{"@type":"ImageObject","inLanguage":"es","@id":"https:\/\/secure.gravatar.com\/avatar\/669647b61c77f28f1aa51df04174a5ecb296e9988b4a93d2870666cd1f502cd7?s=96&d=mm&r=g","url":"https:\/\/secure.gravatar.com\/avatar\/669647b61c77f28f1aa51df04174a5ecb296e9988b4a93d2870666cd1f502cd7?s=96&d=mm&r=g","contentUrl":"https:\/\/secure.gravatar.com\/avatar\/669647b61c77f28f1aa51df04174a5ecb296e9988b4a93d2870666cd1f502cd7?s=96&d=mm&r=g","caption":"cmvsf2"}}]}},"_links":{"self":[{"href":"https:\/\/cmvsf2.org\/web\/wp-json\/wp\/v2\/posts\/35129","targetHints":{"allow":["GET"]}}],"collection":[{"href":"https:\/\/cmvsf2.org\/web\/wp-json\/wp\/v2\/posts"}],"about":[{"href":"https:\/\/cmvsf2.org\/web\/wp-json\/wp\/v2\/types\/post"}],"author":[{"embeddable":true,"href":"https:\/\/cmvsf2.org\/web\/wp-json\/wp\/v2\/users\/3"}],"replies":[{"embeddable":true,"href":"https:\/\/cmvsf2.org\/web\/wp-json\/wp\/v2\/comments?post=35129"}],"version-history":[{"count":1,"href":"https:\/\/cmvsf2.org\/web\/wp-json\/wp\/v2\/posts\/35129\/revisions"}],"predecessor-version":[{"id":35130,"href":"https:\/\/cmvsf2.org\/web\/wp-json\/wp\/v2\/posts\/35129\/revisions\/35130"}],"wp:featuredmedia":[{"embeddable":true,"href":"https:\/\/cmvsf2.org\/web\/wp-json\/wp\/v2\/media\/35131"}],"wp:attachment":[{"href":"https:\/\/cmvsf2.org\/web\/wp-json\/wp\/v2\/media?parent=35129"}],"wp:term":[{"taxonomy":"category","embeddable":true,"href":"https:\/\/cmvsf2.org\/web\/wp-json\/wp\/v2\/categories?post=35129"},{"taxonomy":"post_tag","embeddable":true,"href":"https:\/\/cmvsf2.org\/web\/wp-json\/wp\/v2\/tags?post=35129"}],"curies":[{"name":"wp","href":"https:\/\/api.w.org\/{rel}","templated":true}]}}