{"id":35112,"date":"2025-09-24T18:46:36","date_gmt":"2025-09-24T21:46:36","guid":{"rendered":"https:\/\/cmvsf2.org\/web\/?p=35112"},"modified":"2025-09-24T18:46:36","modified_gmt":"2025-09-24T21:46:36","slug":"nueva-busqueda-laboral-en-rosario-2","status":"publish","type":"post","link":"https:\/\/cmvsf2.org\/web\/2025\/09\/24\/nueva-busqueda-laboral-en-rosario-2\/","title":{"rendered":"Nueva b\u00fasqueda laboral en Rosario"},"content":{"rendered":"<p><span class=\"a_GcMg font-feature-liga-off font-feature-clig-off font-feature-calt-off text-decoration-none text-strikethrough-none\">Veterinaria ubicada en Sab\u00edn 245 bis, Rosario, busca M\u00e9dica\/o Veterinaria\/o, para cubrir algunas horas.<\/span><\/p>\n<p><span class=\"a_GcMg font-feature-liga-off font-feature-clig-off font-feature-calt-off text-decoration-none text-strikethrough-none\">Interesadas\/os comunicarse con la M.V. Nora Biassi al 341 5 926 892<\/span><\/p>\n","protected":false},"excerpt":{"rendered":"<p>Veterinaria ubicada en Sab\u00edn 245 bis, Rosario, busca M\u00e9dica\/o Veterinaria\/o, para cubrir algunas horas. Interesadas\/os comunicarse con la M.V. Nora Biassi al 341 5 926 892<\/p>\n","protected":false},"author":3,"featured_media":35113,"comment_status":"closed","ping_status":"closed","sticky":false,"template":"","format":"standard","meta":{"_acf_changed":false,"footnotes":""},"categories":[343,87],"tags":[82,375,567],"class_list":["post-35112","post","type-post","status-publish","format-standard","has-post-thumbnail","hentry","category-destacada","category-trabajos-ofrecidos2","tag-bolsa-de-trabajo","tag-busqueda-laboral","tag-trabajo-veterinario"],"acf":[],"yoast_head":"<!-- This site is optimized with the Yoast SEO plugin v28.2 - https:\/\/yoast.com\/product\/yoast-seo-wordpress\/ -->\n<title>Nueva b\u00fasqueda laboral en Rosario - Colegio De Veterinarios De Santa Fe 2da. Circunscripci\u00f3n<\/title>\n<meta name=\"description\" content=\"Veterinaria ubicada en Sab\u00edn 245 bis, Rosario, busca M\u00e9dica\/o Veterinaria\/o, para cubrir algunas horas. Interesadas\/os comunicarse con la M.V. Nora Biassi\" \/>\n<meta name=\"robots\" content=\"index, follow, max-snippet:-1, max-image-preview:large, max-video-preview:-1\" \/>\n<link rel=\"canonical\" href=\"https:\/\/cmvsf2.org\/web\/2025\/09\/24\/nueva-busqueda-laboral-en-rosario-2\/\" \/>\n<meta property=\"og:locale\" content=\"es_ES\" \/>\n<meta property=\"og:type\" content=\"article\" \/>\n<meta property=\"og:title\" content=\"Nueva b\u00fasqueda laboral en Rosario - Colegio De Veterinarios De Santa Fe 2da. Circunscripci\u00f3n\" \/>\n<meta property=\"og:description\" content=\"Veterinaria ubicada en Sab\u00edn 245 bis, Rosario, busca M\u00e9dica\/o Veterinaria\/o, para cubrir algunas horas. Interesadas\/os comunicarse con la M.V. Nora Biassi\" \/>\n<meta property=\"og:url\" content=\"https:\/\/cmvsf2.org\/web\/2025\/09\/24\/nueva-busqueda-laboral-en-rosario-2\/\" \/>\n<meta property=\"og:site_name\" content=\"Colegio De Veterinarios De Santa Fe 2da. Circunscripci\u00f3n\" \/>\n<meta property=\"article:published_time\" content=\"2025-09-24T21:46:36+00:00\" \/>\n<meta property=\"og:image\" content=\"https:\/\/cmvsf2.org\/web\/wp-content\/uploads\/2025\/09\/cmvsf2-BUSQUEDA-LABORAL-1-1024x1024.png\" \/>\n\t<meta property=\"og:image:width\" content=\"1024\" \/>\n\t<meta property=\"og:image:height\" content=\"1024\" \/>\n\t<meta property=\"og:image:type\" content=\"image\/png\" \/>\n<meta name=\"author\" content=\"cmvsf2\" \/>\n<meta name=\"twitter:card\" content=\"summary_large_image\" \/>\n<meta name=\"twitter:label1\" content=\"Escrito por\" \/>\n\t<meta name=\"twitter:data1\" content=\"cmvsf2\" \/>\n\t<meta name=\"twitter:label2\" content=\"Tiempo de lectura\" \/>\n\t<meta name=\"twitter:data2\" content=\"1 minuto\" \/>\n<script type=\"application\/ld+json\" class=\"yoast-schema-graph\">{\"@context\":\"https:\\\/\\\/schema.org\",\"@graph\":[{\"@type\":\"Article\",\"@id\":\"https:\\\/\\\/cmvsf2.org\\\/web\\\/2025\\\/09\\\/24\\\/nueva-busqueda-laboral-en-rosario-2\\\/#article\",\"isPartOf\":{\"@id\":\"https:\\\/\\\/cmvsf2.org\\\/web\\\/2025\\\/09\\\/24\\\/nueva-busqueda-laboral-en-rosario-2\\\/\"},\"author\":{\"name\":\"cmvsf2\",\"@id\":\"https:\\\/\\\/cmvsf2.org\\\/web\\\/#\\\/schema\\\/person\\\/46ea3630099a4a3df8d89f07cf5f7520\"},\"headline\":\"Nueva b\u00fasqueda laboral en Rosario\",\"datePublished\":\"2025-09-24T21:46:36+00:00\",\"mainEntityOfPage\":{\"@id\":\"https:\\\/\\\/cmvsf2.org\\\/web\\\/2025\\\/09\\\/24\\\/nueva-busqueda-laboral-en-rosario-2\\\/\"},\"wordCount\":33,\"publisher\":{\"@id\":\"https:\\\/\\\/cmvsf2.org\\\/web\\\/#organization\"},\"image\":{\"@id\":\"https:\\\/\\\/cmvsf2.org\\\/web\\\/2025\\\/09\\\/24\\\/nueva-busqueda-laboral-en-rosario-2\\\/#primaryimage\"},\"thumbnailUrl\":\"https:\\\/\\\/cmvsf2.org\\\/web\\\/wp-content\\\/uploads\\\/2025\\\/09\\\/cmvsf2-BUSQUEDA-LABORAL-1.png\",\"keywords\":[\"bolsa de trabajo\",\"b\u00fasqueda laboral\",\"trabajo veterinario\"],\"articleSection\":[\"Destacada\",\"Trabajos Ofrecidos\"],\"inLanguage\":\"es\"},{\"@type\":\"WebPage\",\"@id\":\"https:\\\/\\\/cmvsf2.org\\\/web\\\/2025\\\/09\\\/24\\\/nueva-busqueda-laboral-en-rosario-2\\\/\",\"url\":\"https:\\\/\\\/cmvsf2.org\\\/web\\\/2025\\\/09\\\/24\\\/nueva-busqueda-laboral-en-rosario-2\\\/\",\"name\":\"Nueva b\u00fasqueda laboral en Rosario - Colegio De Veterinarios De Santa Fe 2da. Circunscripci\u00f3n\",\"isPartOf\":{\"@id\":\"https:\\\/\\\/cmvsf2.org\\\/web\\\/#website\"},\"primaryImageOfPage\":{\"@id\":\"https:\\\/\\\/cmvsf2.org\\\/web\\\/2025\\\/09\\\/24\\\/nueva-busqueda-laboral-en-rosario-2\\\/#primaryimage\"},\"image\":{\"@id\":\"https:\\\/\\\/cmvsf2.org\\\/web\\\/2025\\\/09\\\/24\\\/nueva-busqueda-laboral-en-rosario-2\\\/#primaryimage\"},\"thumbnailUrl\":\"https:\\\/\\\/cmvsf2.org\\\/web\\\/wp-content\\\/uploads\\\/2025\\\/09\\\/cmvsf2-BUSQUEDA-LABORAL-1.png\",\"datePublished\":\"2025-09-24T21:46:36+00:00\",\"description\":\"Veterinaria ubicada en Sab\u00edn 245 bis, Rosario, busca M\u00e9dica\\\/o Veterinaria\\\/o, para cubrir algunas horas. Interesadas\\\/os comunicarse con la M.V. Nora Biassi\",\"breadcrumb\":{\"@id\":\"https:\\\/\\\/cmvsf2.org\\\/web\\\/2025\\\/09\\\/24\\\/nueva-busqueda-laboral-en-rosario-2\\\/#breadcrumb\"},\"inLanguage\":\"es\",\"potentialAction\":[{\"@type\":\"ReadAction\",\"target\":[\"https:\\\/\\\/cmvsf2.org\\\/web\\\/2025\\\/09\\\/24\\\/nueva-busqueda-laboral-en-rosario-2\\\/\"]}]},{\"@type\":\"ImageObject\",\"inLanguage\":\"es\",\"@id\":\"https:\\\/\\\/cmvsf2.org\\\/web\\\/2025\\\/09\\\/24\\\/nueva-busqueda-laboral-en-rosario-2\\\/#primaryimage\",\"url\":\"https:\\\/\\\/cmvsf2.org\\\/web\\\/wp-content\\\/uploads\\\/2025\\\/09\\\/cmvsf2-BUSQUEDA-LABORAL-1.png\",\"contentUrl\":\"https:\\\/\\\/cmvsf2.org\\\/web\\\/wp-content\\\/uploads\\\/2025\\\/09\\\/cmvsf2-BUSQUEDA-LABORAL-1.png\",\"width\":1080,\"height\":1080},{\"@type\":\"BreadcrumbList\",\"@id\":\"https:\\\/\\\/cmvsf2.org\\\/web\\\/2025\\\/09\\\/24\\\/nueva-busqueda-laboral-en-rosario-2\\\/#breadcrumb\",\"itemListElement\":[{\"@type\":\"ListItem\",\"position\":1,\"name\":\"Portada\",\"item\":\"https:\\\/\\\/cmvsf2.org\\\/web\\\/\"},{\"@type\":\"ListItem\",\"position\":2,\"name\":\"Nueva b\u00fasqueda laboral en Rosario\"}]},{\"@type\":\"WebSite\",\"@id\":\"https:\\\/\\\/cmvsf2.org\\\/web\\\/#website\",\"url\":\"https:\\\/\\\/cmvsf2.org\\\/web\\\/\",\"name\":\"Colegio De Veterinarios De Santa Fe 2da. Circunscripci\u00f3n\",\"description\":\"Sitio institucional del Colegio de M\u00e9dicos Veterinario de Santa Fe 2da. Circunscripci\u00f3n\",\"publisher\":{\"@id\":\"https:\\\/\\\/cmvsf2.org\\\/web\\\/#organization\"},\"potentialAction\":[{\"@type\":\"SearchAction\",\"target\":{\"@type\":\"EntryPoint\",\"urlTemplate\":\"https:\\\/\\\/cmvsf2.org\\\/web\\\/?s={search_term_string}\"},\"query-input\":{\"@type\":\"PropertyValueSpecification\",\"valueRequired\":true,\"valueName\":\"search_term_string\"}}],\"inLanguage\":\"es\"},{\"@type\":\"Organization\",\"@id\":\"https:\\\/\\\/cmvsf2.org\\\/web\\\/#organization\",\"name\":\"Colegio De Veterinarios De Santa Fe 2da. Circunscripci\u00f3n\",\"url\":\"https:\\\/\\\/cmvsf2.org\\\/web\\\/\",\"logo\":{\"@type\":\"ImageObject\",\"inLanguage\":\"es\",\"@id\":\"https:\\\/\\\/cmvsf2.org\\\/web\\\/#\\\/schema\\\/logo\\\/image\\\/\",\"url\":\"http:\\\/\\\/cmvsf2.org\\\/web\\\/wp-content\\\/uploads\\\/2020\\\/03\\\/vector-logo-02.png\",\"contentUrl\":\"http:\\\/\\\/cmvsf2.org\\\/web\\\/wp-content\\\/uploads\\\/2020\\\/03\\\/vector-logo-02.png\",\"width\":2750,\"height\":642,\"caption\":\"Colegio De Veterinarios De Santa Fe 2da. Circunscripci\u00f3n\"},\"image\":{\"@id\":\"https:\\\/\\\/cmvsf2.org\\\/web\\\/#\\\/schema\\\/logo\\\/image\\\/\"}},{\"@type\":\"Person\",\"@id\":\"https:\\\/\\\/cmvsf2.org\\\/web\\\/#\\\/schema\\\/person\\\/46ea3630099a4a3df8d89f07cf5f7520\",\"name\":\"cmvsf2\",\"image\":{\"@type\":\"ImageObject\",\"inLanguage\":\"es\",\"@id\":\"https:\\\/\\\/secure.gravatar.com\\\/avatar\\\/669647b61c77f28f1aa51df04174a5ecb296e9988b4a93d2870666cd1f502cd7?s=96&d=mm&r=g\",\"url\":\"https:\\\/\\\/secure.gravatar.com\\\/avatar\\\/669647b61c77f28f1aa51df04174a5ecb296e9988b4a93d2870666cd1f502cd7?s=96&d=mm&r=g\",\"contentUrl\":\"https:\\\/\\\/secure.gravatar.com\\\/avatar\\\/669647b61c77f28f1aa51df04174a5ecb296e9988b4a93d2870666cd1f502cd7?s=96&d=mm&r=g\",\"caption\":\"cmvsf2\"}}]}<\/script>\n<!-- \/ Yoast SEO plugin. -->","yoast_head_json":{"title":"Nueva b\u00fasqueda laboral en Rosario - Colegio De Veterinarios De Santa Fe 2da. Circunscripci\u00f3n","description":"Veterinaria ubicada en Sab\u00edn 245 bis, Rosario, busca M\u00e9dica\/o Veterinaria\/o, para cubrir algunas horas. Interesadas\/os comunicarse con la M.V. Nora Biassi","robots":{"index":"index","follow":"follow","max-snippet":"max-snippet:-1","max-image-preview":"max-image-preview:large","max-video-preview":"max-video-preview:-1"},"canonical":"https:\/\/cmvsf2.org\/web\/2025\/09\/24\/nueva-busqueda-laboral-en-rosario-2\/","og_locale":"es_ES","og_type":"article","og_title":"Nueva b\u00fasqueda laboral en Rosario - Colegio De Veterinarios De Santa Fe 2da. Circunscripci\u00f3n","og_description":"Veterinaria ubicada en Sab\u00edn 245 bis, Rosario, busca M\u00e9dica\/o Veterinaria\/o, para cubrir algunas horas. Interesadas\/os comunicarse con la M.V. Nora Biassi","og_url":"https:\/\/cmvsf2.org\/web\/2025\/09\/24\/nueva-busqueda-laboral-en-rosario-2\/","og_site_name":"Colegio De Veterinarios De Santa Fe 2da. Circunscripci\u00f3n","article_published_time":"2025-09-24T21:46:36+00:00","og_image":[{"width":1024,"height":1024,"url":"https:\/\/cmvsf2.org\/web\/wp-content\/uploads\/2025\/09\/cmvsf2-BUSQUEDA-LABORAL-1-1024x1024.png","type":"image\/png"}],"author":"cmvsf2","twitter_card":"summary_large_image","twitter_misc":{"Escrito por":"cmvsf2","Tiempo de lectura":"1 minuto"},"schema":{"@context":"https:\/\/schema.org","@graph":[{"@type":"Article","@id":"https:\/\/cmvsf2.org\/web\/2025\/09\/24\/nueva-busqueda-laboral-en-rosario-2\/#article","isPartOf":{"@id":"https:\/\/cmvsf2.org\/web\/2025\/09\/24\/nueva-busqueda-laboral-en-rosario-2\/"},"author":{"name":"cmvsf2","@id":"https:\/\/cmvsf2.org\/web\/#\/schema\/person\/46ea3630099a4a3df8d89f07cf5f7520"},"headline":"Nueva b\u00fasqueda laboral en Rosario","datePublished":"2025-09-24T21:46:36+00:00","mainEntityOfPage":{"@id":"https:\/\/cmvsf2.org\/web\/2025\/09\/24\/nueva-busqueda-laboral-en-rosario-2\/"},"wordCount":33,"publisher":{"@id":"https:\/\/cmvsf2.org\/web\/#organization"},"image":{"@id":"https:\/\/cmvsf2.org\/web\/2025\/09\/24\/nueva-busqueda-laboral-en-rosario-2\/#primaryimage"},"thumbnailUrl":"https:\/\/cmvsf2.org\/web\/wp-content\/uploads\/2025\/09\/cmvsf2-BUSQUEDA-LABORAL-1.png","keywords":["bolsa de trabajo","b\u00fasqueda laboral","trabajo veterinario"],"articleSection":["Destacada","Trabajos Ofrecidos"],"inLanguage":"es"},{"@type":"WebPage","@id":"https:\/\/cmvsf2.org\/web\/2025\/09\/24\/nueva-busqueda-laboral-en-rosario-2\/","url":"https:\/\/cmvsf2.org\/web\/2025\/09\/24\/nueva-busqueda-laboral-en-rosario-2\/","name":"Nueva b\u00fasqueda laboral en Rosario - Colegio De Veterinarios De Santa Fe 2da. Circunscripci\u00f3n","isPartOf":{"@id":"https:\/\/cmvsf2.org\/web\/#website"},"primaryImageOfPage":{"@id":"https:\/\/cmvsf2.org\/web\/2025\/09\/24\/nueva-busqueda-laboral-en-rosario-2\/#primaryimage"},"image":{"@id":"https:\/\/cmvsf2.org\/web\/2025\/09\/24\/nueva-busqueda-laboral-en-rosario-2\/#primaryimage"},"thumbnailUrl":"https:\/\/cmvsf2.org\/web\/wp-content\/uploads\/2025\/09\/cmvsf2-BUSQUEDA-LABORAL-1.png","datePublished":"2025-09-24T21:46:36+00:00","description":"Veterinaria ubicada en Sab\u00edn 245 bis, Rosario, busca M\u00e9dica\/o Veterinaria\/o, para cubrir algunas horas. Interesadas\/os comunicarse con la M.V. Nora Biassi","breadcrumb":{"@id":"https:\/\/cmvsf2.org\/web\/2025\/09\/24\/nueva-busqueda-laboral-en-rosario-2\/#breadcrumb"},"inLanguage":"es","potentialAction":[{"@type":"ReadAction","target":["https:\/\/cmvsf2.org\/web\/2025\/09\/24\/nueva-busqueda-laboral-en-rosario-2\/"]}]},{"@type":"ImageObject","inLanguage":"es","@id":"https:\/\/cmvsf2.org\/web\/2025\/09\/24\/nueva-busqueda-laboral-en-rosario-2\/#primaryimage","url":"https:\/\/cmvsf2.org\/web\/wp-content\/uploads\/2025\/09\/cmvsf2-BUSQUEDA-LABORAL-1.png","contentUrl":"https:\/\/cmvsf2.org\/web\/wp-content\/uploads\/2025\/09\/cmvsf2-BUSQUEDA-LABORAL-1.png","width":1080,"height":1080},{"@type":"BreadcrumbList","@id":"https:\/\/cmvsf2.org\/web\/2025\/09\/24\/nueva-busqueda-laboral-en-rosario-2\/#breadcrumb","itemListElement":[{"@type":"ListItem","position":1,"name":"Portada","item":"https:\/\/cmvsf2.org\/web\/"},{"@type":"ListItem","position":2,"name":"Nueva b\u00fasqueda laboral en Rosario"}]},{"@type":"WebSite","@id":"https:\/\/cmvsf2.org\/web\/#website","url":"https:\/\/cmvsf2.org\/web\/","name":"Colegio De Veterinarios De Santa Fe 2da. Circunscripci\u00f3n","description":"Sitio institucional del Colegio de M\u00e9dicos Veterinario de Santa Fe 2da. Circunscripci\u00f3n","publisher":{"@id":"https:\/\/cmvsf2.org\/web\/#organization"},"potentialAction":[{"@type":"SearchAction","target":{"@type":"EntryPoint","urlTemplate":"https:\/\/cmvsf2.org\/web\/?s={search_term_string}"},"query-input":{"@type":"PropertyValueSpecification","valueRequired":true,"valueName":"search_term_string"}}],"inLanguage":"es"},{"@type":"Organization","@id":"https:\/\/cmvsf2.org\/web\/#organization","name":"Colegio De Veterinarios De Santa Fe 2da. Circunscripci\u00f3n","url":"https:\/\/cmvsf2.org\/web\/","logo":{"@type":"ImageObject","inLanguage":"es","@id":"https:\/\/cmvsf2.org\/web\/#\/schema\/logo\/image\/","url":"http:\/\/cmvsf2.org\/web\/wp-content\/uploads\/2020\/03\/vector-logo-02.png","contentUrl":"http:\/\/cmvsf2.org\/web\/wp-content\/uploads\/2020\/03\/vector-logo-02.png","width":2750,"height":642,"caption":"Colegio De Veterinarios De Santa Fe 2da. Circunscripci\u00f3n"},"image":{"@id":"https:\/\/cmvsf2.org\/web\/#\/schema\/logo\/image\/"}},{"@type":"Person","@id":"https:\/\/cmvsf2.org\/web\/#\/schema\/person\/46ea3630099a4a3df8d89f07cf5f7520","name":"cmvsf2","image":{"@type":"ImageObject","inLanguage":"es","@id":"https:\/\/secure.gravatar.com\/avatar\/669647b61c77f28f1aa51df04174a5ecb296e9988b4a93d2870666cd1f502cd7?s=96&d=mm&r=g","url":"https:\/\/secure.gravatar.com\/avatar\/669647b61c77f28f1aa51df04174a5ecb296e9988b4a93d2870666cd1f502cd7?s=96&d=mm&r=g","contentUrl":"https:\/\/secure.gravatar.com\/avatar\/669647b61c77f28f1aa51df04174a5ecb296e9988b4a93d2870666cd1f502cd7?s=96&d=mm&r=g","caption":"cmvsf2"}}]}},"_links":{"self":[{"href":"https:\/\/cmvsf2.org\/web\/wp-json\/wp\/v2\/posts\/35112","targetHints":{"allow":["GET"]}}],"collection":[{"href":"https:\/\/cmvsf2.org\/web\/wp-json\/wp\/v2\/posts"}],"about":[{"href":"https:\/\/cmvsf2.org\/web\/wp-json\/wp\/v2\/types\/post"}],"author":[{"embeddable":true,"href":"https:\/\/cmvsf2.org\/web\/wp-json\/wp\/v2\/users\/3"}],"replies":[{"embeddable":true,"href":"https:\/\/cmvsf2.org\/web\/wp-json\/wp\/v2\/comments?post=35112"}],"version-history":[{"count":1,"href":"https:\/\/cmvsf2.org\/web\/wp-json\/wp\/v2\/posts\/35112\/revisions"}],"predecessor-version":[{"id":35114,"href":"https:\/\/cmvsf2.org\/web\/wp-json\/wp\/v2\/posts\/35112\/revisions\/35114"}],"wp:featuredmedia":[{"embeddable":true,"href":"https:\/\/cmvsf2.org\/web\/wp-json\/wp\/v2\/media\/35113"}],"wp:attachment":[{"href":"https:\/\/cmvsf2.org\/web\/wp-json\/wp\/v2\/media?parent=35112"}],"wp:term":[{"taxonomy":"category","embeddable":true,"href":"https:\/\/cmvsf2.org\/web\/wp-json\/wp\/v2\/categories?post=35112"},{"taxonomy":"post_tag","embeddable":true,"href":"https:\/\/cmvsf2.org\/web\/wp-json\/wp\/v2\/tags?post=35112"}],"curies":[{"name":"wp","href":"https:\/\/api.w.org\/{rel}","templated":true}]}}