{"id":35097,"date":"2025-09-09T12:11:53","date_gmt":"2025-09-09T15:11:53","guid":{"rendered":"https:\/\/cmvsf2.org\/web\/?p=35097"},"modified":"2025-09-09T12:13:35","modified_gmt":"2025-09-09T15:13:35","slug":"196-corresponsables-sanitarios-se-capacitaron-en-el-sigatm","status":"publish","type":"post","link":"https:\/\/cmvsf2.org\/web\/2025\/09\/09\/196-corresponsables-sanitarios-se-capacitaron-en-el-sigatm\/","title":{"rendered":"196 Corresponsables Sanitarios se capacitaron en el SIGATM"},"content":{"rendered":"<div class=\"\" data-block=\"true\" data-editor=\"ajfk4\" data-offset-key=\"vbss-0-0\">\n<div class=\"_1mf _1mj\" data-offset-key=\"vbss-0-0\"><span data-offset-key=\"vbss-0-0\">Organizada por la subcomisi\u00f3n de Ganader\u00eda del CMVSF2 y SENASA, el pasado 27 de agosto se realiz\u00f3 una <strong>jornada online y gratuita de capacitaci\u00f3n en el uso del sistema SIGATM<\/strong>\u00a0(Sistema de Gesti\u00f3n de Toma de Muestras). <\/span><\/div>\n<\/div>\n<div class=\"\" data-block=\"true\" data-editor=\"ajfk4\" data-offset-key=\"35hkl-0-0\">\n<div class=\"_1mf _1mj\" data-offset-key=\"35hkl-0-0\"><span data-offset-key=\"35hkl-0-0\">\u00a0<\/span><\/div>\n<\/div>\n<div class=\"\" data-block=\"true\" data-editor=\"ajfk4\" data-offset-key=\"404pf-0-0\">\n<div class=\"_1mf _1mj\" data-offset-key=\"404pf-0-0\"><span data-offset-key=\"404pf-0-0\">Destac\u00f3 la nutrida participaci\u00f3n de las y los Corresponsables Sanitarios de la provincia (196 asistentes) y la claridad y predisposici\u00f3n de los disertantes a quienes agradecemos especialmente: <em>Gerardo Vicini, jefe Nacional del programa de Brucelosis de SENASA, e Ignacio Piola, t\u00e9cnico analista de datos especializado en Digitalizaci\u00f3n de Procesos.<\/em><\/span><\/div>\n<\/div>\n<div class=\"\" data-block=\"true\" data-editor=\"ajfk4\" data-offset-key=\"3kuea-0-0\">\n<div class=\"_1mf _1mj\" data-offset-key=\"3kuea-0-0\"><span data-offset-key=\"3kuea-0-0\">\u00a0<\/span><\/div>\n<\/div>\n<div class=\"\" data-block=\"true\" data-editor=\"ajfk4\" data-offset-key=\"dt7vt-0-0\">\n<div class=\"_1mf _1mj\" data-offset-key=\"dt7vt-0-0\"><span data-offset-key=\"dt7vt-0-0\"> El sistema SIGATM tiene como objetivo <em><strong>vincular la toma de muestras con el GRESER (Sistema de Gesti\u00f3n de Resultados y Certificados de Laboratorio), optimizando procesos de certificaci\u00f3n y mejorando diagn\u00f3sticos y comunicaci\u00f3n<\/strong><\/em>.<\/span><\/div>\n<\/div>\n<div class=\"\" data-block=\"true\" data-editor=\"ajfk4\" data-offset-key=\"8gd2v-0-0\">\n<div class=\"_1mf _1mj\" data-offset-key=\"8gd2v-0-0\"><span data-offset-key=\"8gd2v-0-0\">\u00a0<\/span><\/div>\n<\/div>\n<div class=\"\" data-block=\"true\" data-editor=\"ajfk4\" data-offset-key=\"bo90o-0-0\">\n<div class=\"_1mf _1mj\" data-offset-key=\"bo90o-0-0\"><span data-offset-key=\"bo90o-0-0\">Durante la presentaci\u00f3n se explic\u00f3 detalladamente el funcionamiento del mismo, desde el acceso a trav\u00e9s del ARCA con CUIT y clave fiscal, hasta la confecci\u00f3n del acta de env\u00edo de muestras. <\/span><\/div>\n<\/div>\n<div class=\"\" data-block=\"true\" data-editor=\"ajfk4\" data-offset-key=\"a9l1o-0-0\">\n<div class=\"_1mf _1mj\" data-offset-key=\"a9l1o-0-0\"><span data-offset-key=\"a9l1o-0-0\">\u00a0<\/span><\/div>\n<\/div>\n<div class=\"\" data-block=\"true\" data-editor=\"ajfk4\" data-offset-key=\"a21l4-0-0\">\n<div class=\"_1mf _1mj\" data-offset-key=\"a21l4-0-0\"><span data-offset-key=\"a21l4-0-0\">El sistema permite cargar informaci\u00f3n de diferentes programas sanitarios (brucelosis, porcinos, aves, equinos, peque\u00f1os rumiantes) y ofrece dos modalidades de carga: individual o mediante plantillas de Excel para grandes vol\u00famenes de muestras. <\/span><\/div>\n<\/div>\n<div class=\"\" data-block=\"true\" data-editor=\"ajfk4\" data-offset-key=\"60k14-0-0\">\n<div class=\"_1mf _1mj\" data-offset-key=\"60k14-0-0\"><span data-offset-key=\"60k14-0-0\">\u00a0<\/span><\/div>\n<\/div>\n<div class=\"\" data-block=\"true\" data-editor=\"ajfk4\" data-offset-key=\"b2n8q-0-0\">\n<div class=\"_1mf _1mj\" data-offset-key=\"b2n8q-0-0\"><span data-offset-key=\"b2n8q-0-0\">Se especificaron los motivos y submotivos de muestreo para cada programa, destacando que para brucelosis incluyen control de cero negatividad para movimiento, control interno, determinaci\u00f3n de estatus sanitario, plan de saneamiento y remuestreo de animales sospechosos.<\/span><\/div>\n<\/div>\n<div class=\"\" data-block=\"true\" data-editor=\"ajfk4\" data-offset-key=\"f97gn-0-0\">\n<div class=\"_1mf _1mj\" data-offset-key=\"f97gn-0-0\"><span data-offset-key=\"f97gn-0-0\">\u00a0<\/span><\/div>\n<\/div>\n<div class=\"\" data-block=\"true\" data-editor=\"ajfk4\" data-offset-key=\"detqn-0-0\">\n<div class=\"_1mf _1mj\" data-offset-key=\"detqn-0-0\"><span data-offset-key=\"detqn-0-0\">Los disertantes aclararon aspectos importantes como la diferencia entre establecimientos \u00ablibres\u00bb (que deben re-certificar anualmente) y \u00abnegativos\u00bb (certificaci\u00f3n \u00fanica que solo requiere serolog\u00eda para movimiento de reproductores), la necesidad de enviar las muestras con el n\u00famero de acta generado por el sistema, y que actualmente coexistir\u00e1n los m\u00e9todos manual y digital hasta que el SIGATM se vuelva obligatorio. <\/span><\/div>\n<\/div>\n<div class=\"\" data-block=\"true\" data-editor=\"ajfk4\" data-offset-key=\"3mqj8-0-0\">\n<div class=\"_1mf _1mj\" data-offset-key=\"3mqj8-0-0\"><span data-offset-key=\"3mqj8-0-0\">\u00a0<\/span><\/div>\n<\/div>\n<div class=\"\" data-block=\"true\" data-editor=\"ajfk4\" data-offset-key=\"1fpvv-0-0\">\n<div class=\"_1mf _1mj\" data-offset-key=\"1fpvv-0-0\"><span data-offset-key=\"1fpvv-0-0\">Finalmente, se enfatiz\u00f3<em><strong> la importancia de que los\/as m\u00e9dicos\/as veterinarios\/as comiencen a familiarizarse con el sistema y reporten inconsistencias para su correcci\u00f3n,<\/strong><\/em> manteniendo siempre la territorialidad y el rol profesional de los Corresponsales Sanitarios en Santa Fe.<\/span><\/div>\n<\/div>\n<div data-offset-key=\"1fpvv-0-0\"><\/div>\n<div data-offset-key=\"1fpvv-0-0\"><span style=\"color: #800080;\">SI TE PERDISTE LA CHARLA, O QUER\u00c9S REPASAR ALGUNOS MOMENTOS, POD\u00c9S VERLA EN NUESTRO CANAL DE YOUTUBE:<\/span><\/div>\n","protected":false},"excerpt":{"rendered":"<p>Organizada por la subcomisi\u00f3n de Ganader\u00eda del CMVSF2 y SENASA, el pasado 27 de agosto se realiz\u00f3 una jornada online y gratuita de capacitaci\u00f3n en el uso del sistema SIGATM\u00a0(Sistema de Gesti\u00f3n de Toma de Muestras). \u00a0 Destac\u00f3 la nutrida participaci\u00f3n de las y los Corresponsables Sanitarios de la provincia (196 asistentes) y la claridad y predisposici\u00f3n de los disertantes a quienes agradecemos especialmente: [&hellip;]<\/p>\n","protected":false},"author":3,"featured_media":35098,"comment_status":"closed","ping_status":"closed","sticky":false,"template":"","format":"standard","meta":{"_acf_changed":false,"footnotes":""},"categories":[343,35,451],"tags":[1064,278,1057],"class_list":["post-35097","post","type-post","status-publish","format-standard","has-post-thumbnail","hentry","category-destacada","category-formacion","category-sanidad-animal","tag-capacitacion-online","tag-corresponsables-sanitarios","tag-sigatm"],"acf":[],"yoast_head":"<!-- This site is optimized with the Yoast SEO plugin v28.2 - https:\/\/yoast.com\/product\/yoast-seo-wordpress\/ -->\n<title>196 Corresponsables Sanitarios se capacitaron en el SIGATM - Colegio De Veterinarios De Santa Fe 2da. Circunscripci\u00f3n<\/title>\n<meta name=\"description\" content=\"Organizada por la subcomisi\u00f3n de Ganader\u00eda del CMVSF2 y SENASA, el pasado 27 de agosto se realiz\u00f3 una jornada online y gratuita de capacitaci\u00f3n en el uso\" \/>\n<meta name=\"robots\" content=\"index, follow, max-snippet:-1, max-image-preview:large, max-video-preview:-1\" \/>\n<link rel=\"canonical\" href=\"https:\/\/cmvsf2.org\/web\/2025\/09\/09\/196-corresponsables-sanitarios-se-capacitaron-en-el-sigatm\/\" \/>\n<meta property=\"og:locale\" content=\"es_ES\" \/>\n<meta property=\"og:type\" content=\"article\" \/>\n<meta property=\"og:title\" content=\"196 Corresponsables Sanitarios se capacitaron en el SIGATM - Colegio De Veterinarios De Santa Fe 2da. Circunscripci\u00f3n\" \/>\n<meta property=\"og:description\" content=\"Organizada por la subcomisi\u00f3n de Ganader\u00eda del CMVSF2 y SENASA, el pasado 27 de agosto se realiz\u00f3 una jornada online y gratuita de capacitaci\u00f3n en el uso\" \/>\n<meta property=\"og:url\" content=\"https:\/\/cmvsf2.org\/web\/2025\/09\/09\/196-corresponsables-sanitarios-se-capacitaron-en-el-sigatm\/\" \/>\n<meta property=\"og:site_name\" content=\"Colegio De Veterinarios De Santa Fe 2da. Circunscripci\u00f3n\" \/>\n<meta property=\"article:published_time\" content=\"2025-09-09T15:11:53+00:00\" \/>\n<meta property=\"article:modified_time\" content=\"2025-09-09T15:13:35+00:00\" \/>\n<meta property=\"og:image\" content=\"https:\/\/cmvsf2.org\/web\/wp-content\/uploads\/2025\/09\/imagen-destacada-web.jpg\" \/>\n\t<meta property=\"og:image:width\" content=\"1200\" \/>\n\t<meta property=\"og:image:height\" content=\"628\" \/>\n\t<meta property=\"og:image:type\" content=\"image\/jpeg\" \/>\n<meta name=\"author\" content=\"cmvsf2\" \/>\n<meta name=\"twitter:card\" content=\"summary_large_image\" \/>\n<meta name=\"twitter:label1\" content=\"Escrito por\" \/>\n\t<meta name=\"twitter:data1\" content=\"cmvsf2\" \/>\n\t<meta name=\"twitter:label2\" content=\"Tiempo de lectura\" \/>\n\t<meta name=\"twitter:data2\" content=\"2 minutos\" \/>\n<script type=\"application\/ld+json\" class=\"yoast-schema-graph\">{\"@context\":\"https:\\\/\\\/schema.org\",\"@graph\":[{\"@type\":\"Article\",\"@id\":\"https:\\\/\\\/cmvsf2.org\\\/web\\\/2025\\\/09\\\/09\\\/196-corresponsables-sanitarios-se-capacitaron-en-el-sigatm\\\/#article\",\"isPartOf\":{\"@id\":\"https:\\\/\\\/cmvsf2.org\\\/web\\\/2025\\\/09\\\/09\\\/196-corresponsables-sanitarios-se-capacitaron-en-el-sigatm\\\/\"},\"author\":{\"name\":\"cmvsf2\",\"@id\":\"https:\\\/\\\/cmvsf2.org\\\/web\\\/#\\\/schema\\\/person\\\/46ea3630099a4a3df8d89f07cf5f7520\"},\"headline\":\"196 Corresponsables Sanitarios se capacitaron en el SIGATM\",\"datePublished\":\"2025-09-09T15:11:53+00:00\",\"dateModified\":\"2025-09-09T15:13:35+00:00\",\"mainEntityOfPage\":{\"@id\":\"https:\\\/\\\/cmvsf2.org\\\/web\\\/2025\\\/09\\\/09\\\/196-corresponsables-sanitarios-se-capacitaron-en-el-sigatm\\\/\"},\"wordCount\":366,\"publisher\":{\"@id\":\"https:\\\/\\\/cmvsf2.org\\\/web\\\/#organization\"},\"image\":{\"@id\":\"https:\\\/\\\/cmvsf2.org\\\/web\\\/2025\\\/09\\\/09\\\/196-corresponsables-sanitarios-se-capacitaron-en-el-sigatm\\\/#primaryimage\"},\"thumbnailUrl\":\"https:\\\/\\\/cmvsf2.org\\\/web\\\/wp-content\\\/uploads\\\/2025\\\/09\\\/imagen-destacada-web.jpg\",\"keywords\":[\"Capacitaci\u00f3n online\",\"corresponsables sanitarios\",\"SIGATM\"],\"articleSection\":[\"Destacada\",\"Formaci\u00f3n\",\"Sanidad animal\"],\"inLanguage\":\"es\"},{\"@type\":\"WebPage\",\"@id\":\"https:\\\/\\\/cmvsf2.org\\\/web\\\/2025\\\/09\\\/09\\\/196-corresponsables-sanitarios-se-capacitaron-en-el-sigatm\\\/\",\"url\":\"https:\\\/\\\/cmvsf2.org\\\/web\\\/2025\\\/09\\\/09\\\/196-corresponsables-sanitarios-se-capacitaron-en-el-sigatm\\\/\",\"name\":\"196 Corresponsables Sanitarios se capacitaron en el SIGATM - Colegio De Veterinarios De Santa Fe 2da. Circunscripci\u00f3n\",\"isPartOf\":{\"@id\":\"https:\\\/\\\/cmvsf2.org\\\/web\\\/#website\"},\"primaryImageOfPage\":{\"@id\":\"https:\\\/\\\/cmvsf2.org\\\/web\\\/2025\\\/09\\\/09\\\/196-corresponsables-sanitarios-se-capacitaron-en-el-sigatm\\\/#primaryimage\"},\"image\":{\"@id\":\"https:\\\/\\\/cmvsf2.org\\\/web\\\/2025\\\/09\\\/09\\\/196-corresponsables-sanitarios-se-capacitaron-en-el-sigatm\\\/#primaryimage\"},\"thumbnailUrl\":\"https:\\\/\\\/cmvsf2.org\\\/web\\\/wp-content\\\/uploads\\\/2025\\\/09\\\/imagen-destacada-web.jpg\",\"datePublished\":\"2025-09-09T15:11:53+00:00\",\"dateModified\":\"2025-09-09T15:13:35+00:00\",\"description\":\"Organizada por la subcomisi\u00f3n de Ganader\u00eda del CMVSF2 y SENASA, el pasado 27 de agosto se realiz\u00f3 una jornada online y gratuita de capacitaci\u00f3n en el uso\",\"breadcrumb\":{\"@id\":\"https:\\\/\\\/cmvsf2.org\\\/web\\\/2025\\\/09\\\/09\\\/196-corresponsables-sanitarios-se-capacitaron-en-el-sigatm\\\/#breadcrumb\"},\"inLanguage\":\"es\",\"potentialAction\":[{\"@type\":\"ReadAction\",\"target\":[\"https:\\\/\\\/cmvsf2.org\\\/web\\\/2025\\\/09\\\/09\\\/196-corresponsables-sanitarios-se-capacitaron-en-el-sigatm\\\/\"]}]},{\"@type\":\"ImageObject\",\"inLanguage\":\"es\",\"@id\":\"https:\\\/\\\/cmvsf2.org\\\/web\\\/2025\\\/09\\\/09\\\/196-corresponsables-sanitarios-se-capacitaron-en-el-sigatm\\\/#primaryimage\",\"url\":\"https:\\\/\\\/cmvsf2.org\\\/web\\\/wp-content\\\/uploads\\\/2025\\\/09\\\/imagen-destacada-web.jpg\",\"contentUrl\":\"https:\\\/\\\/cmvsf2.org\\\/web\\\/wp-content\\\/uploads\\\/2025\\\/09\\\/imagen-destacada-web.jpg\",\"width\":1200,\"height\":628},{\"@type\":\"BreadcrumbList\",\"@id\":\"https:\\\/\\\/cmvsf2.org\\\/web\\\/2025\\\/09\\\/09\\\/196-corresponsables-sanitarios-se-capacitaron-en-el-sigatm\\\/#breadcrumb\",\"itemListElement\":[{\"@type\":\"ListItem\",\"position\":1,\"name\":\"Portada\",\"item\":\"https:\\\/\\\/cmvsf2.org\\\/web\\\/\"},{\"@type\":\"ListItem\",\"position\":2,\"name\":\"196 Corresponsables Sanitarios se capacitaron en el SIGATM\"}]},{\"@type\":\"WebSite\",\"@id\":\"https:\\\/\\\/cmvsf2.org\\\/web\\\/#website\",\"url\":\"https:\\\/\\\/cmvsf2.org\\\/web\\\/\",\"name\":\"Colegio De Veterinarios De Santa Fe 2da. Circunscripci\u00f3n\",\"description\":\"Sitio institucional del Colegio de M\u00e9dicos Veterinario de Santa Fe 2da. Circunscripci\u00f3n\",\"publisher\":{\"@id\":\"https:\\\/\\\/cmvsf2.org\\\/web\\\/#organization\"},\"potentialAction\":[{\"@type\":\"SearchAction\",\"target\":{\"@type\":\"EntryPoint\",\"urlTemplate\":\"https:\\\/\\\/cmvsf2.org\\\/web\\\/?s={search_term_string}\"},\"query-input\":{\"@type\":\"PropertyValueSpecification\",\"valueRequired\":true,\"valueName\":\"search_term_string\"}}],\"inLanguage\":\"es\"},{\"@type\":\"Organization\",\"@id\":\"https:\\\/\\\/cmvsf2.org\\\/web\\\/#organization\",\"name\":\"Colegio De Veterinarios De Santa Fe 2da. Circunscripci\u00f3n\",\"url\":\"https:\\\/\\\/cmvsf2.org\\\/web\\\/\",\"logo\":{\"@type\":\"ImageObject\",\"inLanguage\":\"es\",\"@id\":\"https:\\\/\\\/cmvsf2.org\\\/web\\\/#\\\/schema\\\/logo\\\/image\\\/\",\"url\":\"http:\\\/\\\/cmvsf2.org\\\/web\\\/wp-content\\\/uploads\\\/2020\\\/03\\\/vector-logo-02.png\",\"contentUrl\":\"http:\\\/\\\/cmvsf2.org\\\/web\\\/wp-content\\\/uploads\\\/2020\\\/03\\\/vector-logo-02.png\",\"width\":2750,\"height\":642,\"caption\":\"Colegio De Veterinarios De Santa Fe 2da. Circunscripci\u00f3n\"},\"image\":{\"@id\":\"https:\\\/\\\/cmvsf2.org\\\/web\\\/#\\\/schema\\\/logo\\\/image\\\/\"}},{\"@type\":\"Person\",\"@id\":\"https:\\\/\\\/cmvsf2.org\\\/web\\\/#\\\/schema\\\/person\\\/46ea3630099a4a3df8d89f07cf5f7520\",\"name\":\"cmvsf2\",\"image\":{\"@type\":\"ImageObject\",\"inLanguage\":\"es\",\"@id\":\"https:\\\/\\\/secure.gravatar.com\\\/avatar\\\/669647b61c77f28f1aa51df04174a5ecb296e9988b4a93d2870666cd1f502cd7?s=96&d=mm&r=g\",\"url\":\"https:\\\/\\\/secure.gravatar.com\\\/avatar\\\/669647b61c77f28f1aa51df04174a5ecb296e9988b4a93d2870666cd1f502cd7?s=96&d=mm&r=g\",\"contentUrl\":\"https:\\\/\\\/secure.gravatar.com\\\/avatar\\\/669647b61c77f28f1aa51df04174a5ecb296e9988b4a93d2870666cd1f502cd7?s=96&d=mm&r=g\",\"caption\":\"cmvsf2\"}}]}<\/script>\n<!-- \/ Yoast SEO plugin. -->","yoast_head_json":{"title":"196 Corresponsables Sanitarios se capacitaron en el SIGATM - Colegio De Veterinarios De Santa Fe 2da. Circunscripci\u00f3n","description":"Organizada por la subcomisi\u00f3n de Ganader\u00eda del CMVSF2 y SENASA, el pasado 27 de agosto se realiz\u00f3 una jornada online y gratuita de capacitaci\u00f3n en el uso","robots":{"index":"index","follow":"follow","max-snippet":"max-snippet:-1","max-image-preview":"max-image-preview:large","max-video-preview":"max-video-preview:-1"},"canonical":"https:\/\/cmvsf2.org\/web\/2025\/09\/09\/196-corresponsables-sanitarios-se-capacitaron-en-el-sigatm\/","og_locale":"es_ES","og_type":"article","og_title":"196 Corresponsables Sanitarios se capacitaron en el SIGATM - Colegio De Veterinarios De Santa Fe 2da. Circunscripci\u00f3n","og_description":"Organizada por la subcomisi\u00f3n de Ganader\u00eda del CMVSF2 y SENASA, el pasado 27 de agosto se realiz\u00f3 una jornada online y gratuita de capacitaci\u00f3n en el uso","og_url":"https:\/\/cmvsf2.org\/web\/2025\/09\/09\/196-corresponsables-sanitarios-se-capacitaron-en-el-sigatm\/","og_site_name":"Colegio De Veterinarios De Santa Fe 2da. Circunscripci\u00f3n","article_published_time":"2025-09-09T15:11:53+00:00","article_modified_time":"2025-09-09T15:13:35+00:00","og_image":[{"width":1200,"height":628,"url":"https:\/\/cmvsf2.org\/web\/wp-content\/uploads\/2025\/09\/imagen-destacada-web.jpg","type":"image\/jpeg"}],"author":"cmvsf2","twitter_card":"summary_large_image","twitter_misc":{"Escrito por":"cmvsf2","Tiempo de lectura":"2 minutos"},"schema":{"@context":"https:\/\/schema.org","@graph":[{"@type":"Article","@id":"https:\/\/cmvsf2.org\/web\/2025\/09\/09\/196-corresponsables-sanitarios-se-capacitaron-en-el-sigatm\/#article","isPartOf":{"@id":"https:\/\/cmvsf2.org\/web\/2025\/09\/09\/196-corresponsables-sanitarios-se-capacitaron-en-el-sigatm\/"},"author":{"name":"cmvsf2","@id":"https:\/\/cmvsf2.org\/web\/#\/schema\/person\/46ea3630099a4a3df8d89f07cf5f7520"},"headline":"196 Corresponsables Sanitarios se capacitaron en el SIGATM","datePublished":"2025-09-09T15:11:53+00:00","dateModified":"2025-09-09T15:13:35+00:00","mainEntityOfPage":{"@id":"https:\/\/cmvsf2.org\/web\/2025\/09\/09\/196-corresponsables-sanitarios-se-capacitaron-en-el-sigatm\/"},"wordCount":366,"publisher":{"@id":"https:\/\/cmvsf2.org\/web\/#organization"},"image":{"@id":"https:\/\/cmvsf2.org\/web\/2025\/09\/09\/196-corresponsables-sanitarios-se-capacitaron-en-el-sigatm\/#primaryimage"},"thumbnailUrl":"https:\/\/cmvsf2.org\/web\/wp-content\/uploads\/2025\/09\/imagen-destacada-web.jpg","keywords":["Capacitaci\u00f3n online","corresponsables sanitarios","SIGATM"],"articleSection":["Destacada","Formaci\u00f3n","Sanidad animal"],"inLanguage":"es"},{"@type":"WebPage","@id":"https:\/\/cmvsf2.org\/web\/2025\/09\/09\/196-corresponsables-sanitarios-se-capacitaron-en-el-sigatm\/","url":"https:\/\/cmvsf2.org\/web\/2025\/09\/09\/196-corresponsables-sanitarios-se-capacitaron-en-el-sigatm\/","name":"196 Corresponsables Sanitarios se capacitaron en el SIGATM - Colegio De Veterinarios De Santa Fe 2da. Circunscripci\u00f3n","isPartOf":{"@id":"https:\/\/cmvsf2.org\/web\/#website"},"primaryImageOfPage":{"@id":"https:\/\/cmvsf2.org\/web\/2025\/09\/09\/196-corresponsables-sanitarios-se-capacitaron-en-el-sigatm\/#primaryimage"},"image":{"@id":"https:\/\/cmvsf2.org\/web\/2025\/09\/09\/196-corresponsables-sanitarios-se-capacitaron-en-el-sigatm\/#primaryimage"},"thumbnailUrl":"https:\/\/cmvsf2.org\/web\/wp-content\/uploads\/2025\/09\/imagen-destacada-web.jpg","datePublished":"2025-09-09T15:11:53+00:00","dateModified":"2025-09-09T15:13:35+00:00","description":"Organizada por la subcomisi\u00f3n de Ganader\u00eda del CMVSF2 y SENASA, el pasado 27 de agosto se realiz\u00f3 una jornada online y gratuita de capacitaci\u00f3n en el uso","breadcrumb":{"@id":"https:\/\/cmvsf2.org\/web\/2025\/09\/09\/196-corresponsables-sanitarios-se-capacitaron-en-el-sigatm\/#breadcrumb"},"inLanguage":"es","potentialAction":[{"@type":"ReadAction","target":["https:\/\/cmvsf2.org\/web\/2025\/09\/09\/196-corresponsables-sanitarios-se-capacitaron-en-el-sigatm\/"]}]},{"@type":"ImageObject","inLanguage":"es","@id":"https:\/\/cmvsf2.org\/web\/2025\/09\/09\/196-corresponsables-sanitarios-se-capacitaron-en-el-sigatm\/#primaryimage","url":"https:\/\/cmvsf2.org\/web\/wp-content\/uploads\/2025\/09\/imagen-destacada-web.jpg","contentUrl":"https:\/\/cmvsf2.org\/web\/wp-content\/uploads\/2025\/09\/imagen-destacada-web.jpg","width":1200,"height":628},{"@type":"BreadcrumbList","@id":"https:\/\/cmvsf2.org\/web\/2025\/09\/09\/196-corresponsables-sanitarios-se-capacitaron-en-el-sigatm\/#breadcrumb","itemListElement":[{"@type":"ListItem","position":1,"name":"Portada","item":"https:\/\/cmvsf2.org\/web\/"},{"@type":"ListItem","position":2,"name":"196 Corresponsables Sanitarios se capacitaron en el SIGATM"}]},{"@type":"WebSite","@id":"https:\/\/cmvsf2.org\/web\/#website","url":"https:\/\/cmvsf2.org\/web\/","name":"Colegio De Veterinarios De Santa Fe 2da. Circunscripci\u00f3n","description":"Sitio institucional del Colegio de M\u00e9dicos Veterinario de Santa Fe 2da. Circunscripci\u00f3n","publisher":{"@id":"https:\/\/cmvsf2.org\/web\/#organization"},"potentialAction":[{"@type":"SearchAction","target":{"@type":"EntryPoint","urlTemplate":"https:\/\/cmvsf2.org\/web\/?s={search_term_string}"},"query-input":{"@type":"PropertyValueSpecification","valueRequired":true,"valueName":"search_term_string"}}],"inLanguage":"es"},{"@type":"Organization","@id":"https:\/\/cmvsf2.org\/web\/#organization","name":"Colegio De Veterinarios De Santa Fe 2da. Circunscripci\u00f3n","url":"https:\/\/cmvsf2.org\/web\/","logo":{"@type":"ImageObject","inLanguage":"es","@id":"https:\/\/cmvsf2.org\/web\/#\/schema\/logo\/image\/","url":"http:\/\/cmvsf2.org\/web\/wp-content\/uploads\/2020\/03\/vector-logo-02.png","contentUrl":"http:\/\/cmvsf2.org\/web\/wp-content\/uploads\/2020\/03\/vector-logo-02.png","width":2750,"height":642,"caption":"Colegio De Veterinarios De Santa Fe 2da. Circunscripci\u00f3n"},"image":{"@id":"https:\/\/cmvsf2.org\/web\/#\/schema\/logo\/image\/"}},{"@type":"Person","@id":"https:\/\/cmvsf2.org\/web\/#\/schema\/person\/46ea3630099a4a3df8d89f07cf5f7520","name":"cmvsf2","image":{"@type":"ImageObject","inLanguage":"es","@id":"https:\/\/secure.gravatar.com\/avatar\/669647b61c77f28f1aa51df04174a5ecb296e9988b4a93d2870666cd1f502cd7?s=96&d=mm&r=g","url":"https:\/\/secure.gravatar.com\/avatar\/669647b61c77f28f1aa51df04174a5ecb296e9988b4a93d2870666cd1f502cd7?s=96&d=mm&r=g","contentUrl":"https:\/\/secure.gravatar.com\/avatar\/669647b61c77f28f1aa51df04174a5ecb296e9988b4a93d2870666cd1f502cd7?s=96&d=mm&r=g","caption":"cmvsf2"}}]}},"_links":{"self":[{"href":"https:\/\/cmvsf2.org\/web\/wp-json\/wp\/v2\/posts\/35097","targetHints":{"allow":["GET"]}}],"collection":[{"href":"https:\/\/cmvsf2.org\/web\/wp-json\/wp\/v2\/posts"}],"about":[{"href":"https:\/\/cmvsf2.org\/web\/wp-json\/wp\/v2\/types\/post"}],"author":[{"embeddable":true,"href":"https:\/\/cmvsf2.org\/web\/wp-json\/wp\/v2\/users\/3"}],"replies":[{"embeddable":true,"href":"https:\/\/cmvsf2.org\/web\/wp-json\/wp\/v2\/comments?post=35097"}],"version-history":[{"count":2,"href":"https:\/\/cmvsf2.org\/web\/wp-json\/wp\/v2\/posts\/35097\/revisions"}],"predecessor-version":[{"id":35100,"href":"https:\/\/cmvsf2.org\/web\/wp-json\/wp\/v2\/posts\/35097\/revisions\/35100"}],"wp:featuredmedia":[{"embeddable":true,"href":"https:\/\/cmvsf2.org\/web\/wp-json\/wp\/v2\/media\/35098"}],"wp:attachment":[{"href":"https:\/\/cmvsf2.org\/web\/wp-json\/wp\/v2\/media?parent=35097"}],"wp:term":[{"taxonomy":"category","embeddable":true,"href":"https:\/\/cmvsf2.org\/web\/wp-json\/wp\/v2\/categories?post=35097"},{"taxonomy":"post_tag","embeddable":true,"href":"https:\/\/cmvsf2.org\/web\/wp-json\/wp\/v2\/tags?post=35097"}],"curies":[{"name":"wp","href":"https:\/\/api.w.org\/{rel}","templated":true}]}}