{"id":35074,"date":"2025-08-25T17:53:26","date_gmt":"2025-08-25T20:53:26","guid":{"rendered":"https:\/\/cmvsf2.org\/web\/?p=35074"},"modified":"2025-09-01T17:15:53","modified_gmt":"2025-09-01T20:15:53","slug":"festejo-dia-del-veterinario-2025","status":"publish","type":"post","link":"https:\/\/cmvsf2.org\/web\/2025\/08\/25\/festejo-dia-del-veterinario-2025\/","title":{"rendered":"Festejo D\u00eda del Veterinario 2025"},"content":{"rendered":"<p>El CMVSF2 invita a sus matriculados\/as al Festejo D\u00eda del Veterinario 2025 !<\/p>\n<p>El mismo tendr\u00e1 lugar el <em><strong>s\u00e1bado 6 de septiembre a partir de las 12.30 en el predio de la Mutual AMR en Arroyo Seco.<\/strong><\/em> Ver ubicaci\u00f3n en el siguiente link: <a href=\"http:\/\/bit.ly\/41iUSN6\" target=\"_blank\" rel=\"noopener\">C\u00f3mo LLegar<\/a><\/p>\n<p>Ese d\u00eda habr\u00e1 sorteos y una charla a cargo del MV Enrique Mar\u00edn sobre \u201cLa Acci\u00f3n del Equipo en las crisis emocionales\u201d<\/p>\n<p>La entrada al predio ser\u00e1 sin cargo para las y los colegiados y su grupo familiar que hayan confirmado previamente su asistencia. Asimismo, el Colegio invitar\u00e1 hamburguesas y choripanes a la parrilla. Quienes asistan deber\u00e1n llevar su propia bebida o podr\u00e1n adquirirla en el buffet del lugar. Tambi\u00e9n deber\u00e1n llevar vajilla.<\/p>\n<p><em><strong>Colegas: Es imprescindible que confirmen su asistencia completando el siguiente formulario:<\/strong><\/em><\/p>\n<p><a href=\"https:\/\/forms.gle\/KREWAVhp3TAfHkxn9\">https:\/\/forms.gle\/KREWAVhp3TAfHkxn9<\/a><\/p>\n<p>Los\/as esperamos!<\/p>\n<p>La Mesa Directiva<\/p>\n","protected":false},"excerpt":{"rendered":"<p>El CMVSF2 invita a sus matriculados\/as al Festejo D\u00eda del Veterinario 2025 ! El mismo tendr\u00e1 lugar el s\u00e1bado 6 de septiembre a partir de las 12.30 en el predio de la Mutual AMR en Arroyo Seco. Ver ubicaci\u00f3n en el siguiente link: C\u00f3mo LLegar Ese d\u00eda habr\u00e1 sorteos y una charla a cargo del MV Enrique Mar\u00edn sobre \u201cLa Acci\u00f3n del Equipo en [&hellip;]<\/p>\n","protected":false},"author":3,"featured_media":35079,"comment_status":"closed","ping_status":"closed","sticky":false,"template":"","format":"standard","meta":{"_acf_changed":false,"footnotes":""},"categories":[343,345],"tags":[1026,1063,492,1062],"class_list":["post-35074","post","type-post","status-publish","format-standard","has-post-thumbnail","hentry","category-destacada","category-institucionales","tag-1026","tag-arroyo-seco","tag-dia-del-veterinario","tag-festejo"],"acf":[],"yoast_head":"<!-- This site is optimized with the Yoast SEO plugin v28.2 - https:\/\/yoast.com\/product\/yoast-seo-wordpress\/ -->\n<title>Festejo D\u00eda del Veterinario 2025 - Colegio De Veterinarios De Santa Fe 2da. Circunscripci\u00f3n<\/title>\n<meta name=\"description\" content=\"El CMVSF2 invita a sus matriculados\/as al Festejo D\u00eda del Veterinario 2025 ! El mismo tendr\u00e1 lugar el s\u00e1bado 6 de septiembre a partir de las 12.30 en el\" \/>\n<meta name=\"robots\" content=\"index, follow, max-snippet:-1, max-image-preview:large, max-video-preview:-1\" \/>\n<link rel=\"canonical\" href=\"https:\/\/cmvsf2.org\/web\/2025\/08\/25\/festejo-dia-del-veterinario-2025\/\" \/>\n<meta property=\"og:locale\" content=\"es_ES\" \/>\n<meta property=\"og:type\" content=\"article\" \/>\n<meta property=\"og:title\" content=\"Festejo D\u00eda del Veterinario 2025 - Colegio De Veterinarios De Santa Fe 2da. Circunscripci\u00f3n\" \/>\n<meta property=\"og:description\" content=\"El CMVSF2 invita a sus matriculados\/as al Festejo D\u00eda del Veterinario 2025 ! El mismo tendr\u00e1 lugar el s\u00e1bado 6 de septiembre a partir de las 12.30 en el\" \/>\n<meta property=\"og:url\" content=\"https:\/\/cmvsf2.org\/web\/2025\/08\/25\/festejo-dia-del-veterinario-2025\/\" \/>\n<meta property=\"og:site_name\" content=\"Colegio De Veterinarios De Santa Fe 2da. Circunscripci\u00f3n\" \/>\n<meta property=\"article:published_time\" content=\"2025-08-25T20:53:26+00:00\" \/>\n<meta property=\"article:modified_time\" content=\"2025-09-01T20:15:53+00:00\" \/>\n<meta property=\"og:image\" content=\"https:\/\/cmvsf2.org\/web\/wp-content\/uploads\/2025\/08\/imagen-destacada-web-1024x858.png\" \/>\n\t<meta property=\"og:image:width\" content=\"1024\" \/>\n\t<meta property=\"og:image:height\" content=\"858\" \/>\n\t<meta property=\"og:image:type\" content=\"image\/png\" \/>\n<meta name=\"author\" content=\"cmvsf2\" \/>\n<meta name=\"twitter:card\" content=\"summary_large_image\" \/>\n<meta name=\"twitter:label1\" content=\"Escrito por\" \/>\n\t<meta name=\"twitter:data1\" content=\"cmvsf2\" \/>\n\t<meta name=\"twitter:label2\" content=\"Tiempo de lectura\" \/>\n\t<meta name=\"twitter:data2\" content=\"1 minuto\" \/>\n<script type=\"application\/ld+json\" class=\"yoast-schema-graph\">{\"@context\":\"https:\\\/\\\/schema.org\",\"@graph\":[{\"@type\":\"Article\",\"@id\":\"https:\\\/\\\/cmvsf2.org\\\/web\\\/2025\\\/08\\\/25\\\/festejo-dia-del-veterinario-2025\\\/#article\",\"isPartOf\":{\"@id\":\"https:\\\/\\\/cmvsf2.org\\\/web\\\/2025\\\/08\\\/25\\\/festejo-dia-del-veterinario-2025\\\/\"},\"author\":{\"name\":\"cmvsf2\",\"@id\":\"https:\\\/\\\/cmvsf2.org\\\/web\\\/#\\\/schema\\\/person\\\/46ea3630099a4a3df8d89f07cf5f7520\"},\"headline\":\"Festejo D\u00eda del Veterinario 2025\",\"datePublished\":\"2025-08-25T20:53:26+00:00\",\"dateModified\":\"2025-09-01T20:15:53+00:00\",\"mainEntityOfPage\":{\"@id\":\"https:\\\/\\\/cmvsf2.org\\\/web\\\/2025\\\/08\\\/25\\\/festejo-dia-del-veterinario-2025\\\/\"},\"wordCount\":153,\"publisher\":{\"@id\":\"https:\\\/\\\/cmvsf2.org\\\/web\\\/#organization\"},\"image\":{\"@id\":\"https:\\\/\\\/cmvsf2.org\\\/web\\\/2025\\\/08\\\/25\\\/festejo-dia-del-veterinario-2025\\\/#primaryimage\"},\"thumbnailUrl\":\"https:\\\/\\\/cmvsf2.org\\\/web\\\/wp-content\\\/uploads\\\/2025\\\/08\\\/imagen-destacada-web.png\",\"keywords\":[\"2025\",\"Arroyo Seco\",\"D\u00eda del Veterinario\",\"festejo\"],\"articleSection\":[\"Destacada\",\"Institucionales\"],\"inLanguage\":\"es\"},{\"@type\":\"WebPage\",\"@id\":\"https:\\\/\\\/cmvsf2.org\\\/web\\\/2025\\\/08\\\/25\\\/festejo-dia-del-veterinario-2025\\\/\",\"url\":\"https:\\\/\\\/cmvsf2.org\\\/web\\\/2025\\\/08\\\/25\\\/festejo-dia-del-veterinario-2025\\\/\",\"name\":\"Festejo D\u00eda del Veterinario 2025 - Colegio De Veterinarios De Santa Fe 2da. Circunscripci\u00f3n\",\"isPartOf\":{\"@id\":\"https:\\\/\\\/cmvsf2.org\\\/web\\\/#website\"},\"primaryImageOfPage\":{\"@id\":\"https:\\\/\\\/cmvsf2.org\\\/web\\\/2025\\\/08\\\/25\\\/festejo-dia-del-veterinario-2025\\\/#primaryimage\"},\"image\":{\"@id\":\"https:\\\/\\\/cmvsf2.org\\\/web\\\/2025\\\/08\\\/25\\\/festejo-dia-del-veterinario-2025\\\/#primaryimage\"},\"thumbnailUrl\":\"https:\\\/\\\/cmvsf2.org\\\/web\\\/wp-content\\\/uploads\\\/2025\\\/08\\\/imagen-destacada-web.png\",\"datePublished\":\"2025-08-25T20:53:26+00:00\",\"dateModified\":\"2025-09-01T20:15:53+00:00\",\"description\":\"El CMVSF2 invita a sus matriculados\\\/as al Festejo D\u00eda del Veterinario 2025 ! El mismo tendr\u00e1 lugar el s\u00e1bado 6 de septiembre a partir de las 12.30 en el\",\"breadcrumb\":{\"@id\":\"https:\\\/\\\/cmvsf2.org\\\/web\\\/2025\\\/08\\\/25\\\/festejo-dia-del-veterinario-2025\\\/#breadcrumb\"},\"inLanguage\":\"es\",\"potentialAction\":[{\"@type\":\"ReadAction\",\"target\":[\"https:\\\/\\\/cmvsf2.org\\\/web\\\/2025\\\/08\\\/25\\\/festejo-dia-del-veterinario-2025\\\/\"]}]},{\"@type\":\"ImageObject\",\"inLanguage\":\"es\",\"@id\":\"https:\\\/\\\/cmvsf2.org\\\/web\\\/2025\\\/08\\\/25\\\/festejo-dia-del-veterinario-2025\\\/#primaryimage\",\"url\":\"https:\\\/\\\/cmvsf2.org\\\/web\\\/wp-content\\\/uploads\\\/2025\\\/08\\\/imagen-destacada-web.png\",\"contentUrl\":\"https:\\\/\\\/cmvsf2.org\\\/web\\\/wp-content\\\/uploads\\\/2025\\\/08\\\/imagen-destacada-web.png\",\"width\":2585,\"height\":2167},{\"@type\":\"BreadcrumbList\",\"@id\":\"https:\\\/\\\/cmvsf2.org\\\/web\\\/2025\\\/08\\\/25\\\/festejo-dia-del-veterinario-2025\\\/#breadcrumb\",\"itemListElement\":[{\"@type\":\"ListItem\",\"position\":1,\"name\":\"Portada\",\"item\":\"https:\\\/\\\/cmvsf2.org\\\/web\\\/\"},{\"@type\":\"ListItem\",\"position\":2,\"name\":\"Festejo D\u00eda del Veterinario 2025\"}]},{\"@type\":\"WebSite\",\"@id\":\"https:\\\/\\\/cmvsf2.org\\\/web\\\/#website\",\"url\":\"https:\\\/\\\/cmvsf2.org\\\/web\\\/\",\"name\":\"Colegio De Veterinarios De Santa Fe 2da. Circunscripci\u00f3n\",\"description\":\"Sitio institucional del Colegio de M\u00e9dicos Veterinario de Santa Fe 2da. Circunscripci\u00f3n\",\"publisher\":{\"@id\":\"https:\\\/\\\/cmvsf2.org\\\/web\\\/#organization\"},\"potentialAction\":[{\"@type\":\"SearchAction\",\"target\":{\"@type\":\"EntryPoint\",\"urlTemplate\":\"https:\\\/\\\/cmvsf2.org\\\/web\\\/?s={search_term_string}\"},\"query-input\":{\"@type\":\"PropertyValueSpecification\",\"valueRequired\":true,\"valueName\":\"search_term_string\"}}],\"inLanguage\":\"es\"},{\"@type\":\"Organization\",\"@id\":\"https:\\\/\\\/cmvsf2.org\\\/web\\\/#organization\",\"name\":\"Colegio De Veterinarios De Santa Fe 2da. Circunscripci\u00f3n\",\"url\":\"https:\\\/\\\/cmvsf2.org\\\/web\\\/\",\"logo\":{\"@type\":\"ImageObject\",\"inLanguage\":\"es\",\"@id\":\"https:\\\/\\\/cmvsf2.org\\\/web\\\/#\\\/schema\\\/logo\\\/image\\\/\",\"url\":\"http:\\\/\\\/cmvsf2.org\\\/web\\\/wp-content\\\/uploads\\\/2020\\\/03\\\/vector-logo-02.png\",\"contentUrl\":\"http:\\\/\\\/cmvsf2.org\\\/web\\\/wp-content\\\/uploads\\\/2020\\\/03\\\/vector-logo-02.png\",\"width\":2750,\"height\":642,\"caption\":\"Colegio De Veterinarios De Santa Fe 2da. Circunscripci\u00f3n\"},\"image\":{\"@id\":\"https:\\\/\\\/cmvsf2.org\\\/web\\\/#\\\/schema\\\/logo\\\/image\\\/\"}},{\"@type\":\"Person\",\"@id\":\"https:\\\/\\\/cmvsf2.org\\\/web\\\/#\\\/schema\\\/person\\\/46ea3630099a4a3df8d89f07cf5f7520\",\"name\":\"cmvsf2\",\"image\":{\"@type\":\"ImageObject\",\"inLanguage\":\"es\",\"@id\":\"https:\\\/\\\/secure.gravatar.com\\\/avatar\\\/669647b61c77f28f1aa51df04174a5ecb296e9988b4a93d2870666cd1f502cd7?s=96&d=mm&r=g\",\"url\":\"https:\\\/\\\/secure.gravatar.com\\\/avatar\\\/669647b61c77f28f1aa51df04174a5ecb296e9988b4a93d2870666cd1f502cd7?s=96&d=mm&r=g\",\"contentUrl\":\"https:\\\/\\\/secure.gravatar.com\\\/avatar\\\/669647b61c77f28f1aa51df04174a5ecb296e9988b4a93d2870666cd1f502cd7?s=96&d=mm&r=g\",\"caption\":\"cmvsf2\"}}]}<\/script>\n<!-- \/ Yoast SEO plugin. -->","yoast_head_json":{"title":"Festejo D\u00eda del Veterinario 2025 - Colegio De Veterinarios De Santa Fe 2da. Circunscripci\u00f3n","description":"El CMVSF2 invita a sus matriculados\/as al Festejo D\u00eda del Veterinario 2025 ! El mismo tendr\u00e1 lugar el s\u00e1bado 6 de septiembre a partir de las 12.30 en el","robots":{"index":"index","follow":"follow","max-snippet":"max-snippet:-1","max-image-preview":"max-image-preview:large","max-video-preview":"max-video-preview:-1"},"canonical":"https:\/\/cmvsf2.org\/web\/2025\/08\/25\/festejo-dia-del-veterinario-2025\/","og_locale":"es_ES","og_type":"article","og_title":"Festejo D\u00eda del Veterinario 2025 - Colegio De Veterinarios De Santa Fe 2da. Circunscripci\u00f3n","og_description":"El CMVSF2 invita a sus matriculados\/as al Festejo D\u00eda del Veterinario 2025 ! El mismo tendr\u00e1 lugar el s\u00e1bado 6 de septiembre a partir de las 12.30 en el","og_url":"https:\/\/cmvsf2.org\/web\/2025\/08\/25\/festejo-dia-del-veterinario-2025\/","og_site_name":"Colegio De Veterinarios De Santa Fe 2da. Circunscripci\u00f3n","article_published_time":"2025-08-25T20:53:26+00:00","article_modified_time":"2025-09-01T20:15:53+00:00","og_image":[{"width":1024,"height":858,"url":"https:\/\/cmvsf2.org\/web\/wp-content\/uploads\/2025\/08\/imagen-destacada-web-1024x858.png","type":"image\/png"}],"author":"cmvsf2","twitter_card":"summary_large_image","twitter_misc":{"Escrito por":"cmvsf2","Tiempo de lectura":"1 minuto"},"schema":{"@context":"https:\/\/schema.org","@graph":[{"@type":"Article","@id":"https:\/\/cmvsf2.org\/web\/2025\/08\/25\/festejo-dia-del-veterinario-2025\/#article","isPartOf":{"@id":"https:\/\/cmvsf2.org\/web\/2025\/08\/25\/festejo-dia-del-veterinario-2025\/"},"author":{"name":"cmvsf2","@id":"https:\/\/cmvsf2.org\/web\/#\/schema\/person\/46ea3630099a4a3df8d89f07cf5f7520"},"headline":"Festejo D\u00eda del Veterinario 2025","datePublished":"2025-08-25T20:53:26+00:00","dateModified":"2025-09-01T20:15:53+00:00","mainEntityOfPage":{"@id":"https:\/\/cmvsf2.org\/web\/2025\/08\/25\/festejo-dia-del-veterinario-2025\/"},"wordCount":153,"publisher":{"@id":"https:\/\/cmvsf2.org\/web\/#organization"},"image":{"@id":"https:\/\/cmvsf2.org\/web\/2025\/08\/25\/festejo-dia-del-veterinario-2025\/#primaryimage"},"thumbnailUrl":"https:\/\/cmvsf2.org\/web\/wp-content\/uploads\/2025\/08\/imagen-destacada-web.png","keywords":["2025","Arroyo Seco","D\u00eda del Veterinario","festejo"],"articleSection":["Destacada","Institucionales"],"inLanguage":"es"},{"@type":"WebPage","@id":"https:\/\/cmvsf2.org\/web\/2025\/08\/25\/festejo-dia-del-veterinario-2025\/","url":"https:\/\/cmvsf2.org\/web\/2025\/08\/25\/festejo-dia-del-veterinario-2025\/","name":"Festejo D\u00eda del Veterinario 2025 - Colegio De Veterinarios De Santa Fe 2da. Circunscripci\u00f3n","isPartOf":{"@id":"https:\/\/cmvsf2.org\/web\/#website"},"primaryImageOfPage":{"@id":"https:\/\/cmvsf2.org\/web\/2025\/08\/25\/festejo-dia-del-veterinario-2025\/#primaryimage"},"image":{"@id":"https:\/\/cmvsf2.org\/web\/2025\/08\/25\/festejo-dia-del-veterinario-2025\/#primaryimage"},"thumbnailUrl":"https:\/\/cmvsf2.org\/web\/wp-content\/uploads\/2025\/08\/imagen-destacada-web.png","datePublished":"2025-08-25T20:53:26+00:00","dateModified":"2025-09-01T20:15:53+00:00","description":"El CMVSF2 invita a sus matriculados\/as al Festejo D\u00eda del Veterinario 2025 ! El mismo tendr\u00e1 lugar el s\u00e1bado 6 de septiembre a partir de las 12.30 en el","breadcrumb":{"@id":"https:\/\/cmvsf2.org\/web\/2025\/08\/25\/festejo-dia-del-veterinario-2025\/#breadcrumb"},"inLanguage":"es","potentialAction":[{"@type":"ReadAction","target":["https:\/\/cmvsf2.org\/web\/2025\/08\/25\/festejo-dia-del-veterinario-2025\/"]}]},{"@type":"ImageObject","inLanguage":"es","@id":"https:\/\/cmvsf2.org\/web\/2025\/08\/25\/festejo-dia-del-veterinario-2025\/#primaryimage","url":"https:\/\/cmvsf2.org\/web\/wp-content\/uploads\/2025\/08\/imagen-destacada-web.png","contentUrl":"https:\/\/cmvsf2.org\/web\/wp-content\/uploads\/2025\/08\/imagen-destacada-web.png","width":2585,"height":2167},{"@type":"BreadcrumbList","@id":"https:\/\/cmvsf2.org\/web\/2025\/08\/25\/festejo-dia-del-veterinario-2025\/#breadcrumb","itemListElement":[{"@type":"ListItem","position":1,"name":"Portada","item":"https:\/\/cmvsf2.org\/web\/"},{"@type":"ListItem","position":2,"name":"Festejo D\u00eda del Veterinario 2025"}]},{"@type":"WebSite","@id":"https:\/\/cmvsf2.org\/web\/#website","url":"https:\/\/cmvsf2.org\/web\/","name":"Colegio De Veterinarios De Santa Fe 2da. Circunscripci\u00f3n","description":"Sitio institucional del Colegio de M\u00e9dicos Veterinario de Santa Fe 2da. Circunscripci\u00f3n","publisher":{"@id":"https:\/\/cmvsf2.org\/web\/#organization"},"potentialAction":[{"@type":"SearchAction","target":{"@type":"EntryPoint","urlTemplate":"https:\/\/cmvsf2.org\/web\/?s={search_term_string}"},"query-input":{"@type":"PropertyValueSpecification","valueRequired":true,"valueName":"search_term_string"}}],"inLanguage":"es"},{"@type":"Organization","@id":"https:\/\/cmvsf2.org\/web\/#organization","name":"Colegio De Veterinarios De Santa Fe 2da. Circunscripci\u00f3n","url":"https:\/\/cmvsf2.org\/web\/","logo":{"@type":"ImageObject","inLanguage":"es","@id":"https:\/\/cmvsf2.org\/web\/#\/schema\/logo\/image\/","url":"http:\/\/cmvsf2.org\/web\/wp-content\/uploads\/2020\/03\/vector-logo-02.png","contentUrl":"http:\/\/cmvsf2.org\/web\/wp-content\/uploads\/2020\/03\/vector-logo-02.png","width":2750,"height":642,"caption":"Colegio De Veterinarios De Santa Fe 2da. Circunscripci\u00f3n"},"image":{"@id":"https:\/\/cmvsf2.org\/web\/#\/schema\/logo\/image\/"}},{"@type":"Person","@id":"https:\/\/cmvsf2.org\/web\/#\/schema\/person\/46ea3630099a4a3df8d89f07cf5f7520","name":"cmvsf2","image":{"@type":"ImageObject","inLanguage":"es","@id":"https:\/\/secure.gravatar.com\/avatar\/669647b61c77f28f1aa51df04174a5ecb296e9988b4a93d2870666cd1f502cd7?s=96&d=mm&r=g","url":"https:\/\/secure.gravatar.com\/avatar\/669647b61c77f28f1aa51df04174a5ecb296e9988b4a93d2870666cd1f502cd7?s=96&d=mm&r=g","contentUrl":"https:\/\/secure.gravatar.com\/avatar\/669647b61c77f28f1aa51df04174a5ecb296e9988b4a93d2870666cd1f502cd7?s=96&d=mm&r=g","caption":"cmvsf2"}}]}},"_links":{"self":[{"href":"https:\/\/cmvsf2.org\/web\/wp-json\/wp\/v2\/posts\/35074","targetHints":{"allow":["GET"]}}],"collection":[{"href":"https:\/\/cmvsf2.org\/web\/wp-json\/wp\/v2\/posts"}],"about":[{"href":"https:\/\/cmvsf2.org\/web\/wp-json\/wp\/v2\/types\/post"}],"author":[{"embeddable":true,"href":"https:\/\/cmvsf2.org\/web\/wp-json\/wp\/v2\/users\/3"}],"replies":[{"embeddable":true,"href":"https:\/\/cmvsf2.org\/web\/wp-json\/wp\/v2\/comments?post=35074"}],"version-history":[{"count":6,"href":"https:\/\/cmvsf2.org\/web\/wp-json\/wp\/v2\/posts\/35074\/revisions"}],"predecessor-version":[{"id":35086,"href":"https:\/\/cmvsf2.org\/web\/wp-json\/wp\/v2\/posts\/35074\/revisions\/35086"}],"wp:featuredmedia":[{"embeddable":true,"href":"https:\/\/cmvsf2.org\/web\/wp-json\/wp\/v2\/media\/35079"}],"wp:attachment":[{"href":"https:\/\/cmvsf2.org\/web\/wp-json\/wp\/v2\/media?parent=35074"}],"wp:term":[{"taxonomy":"category","embeddable":true,"href":"https:\/\/cmvsf2.org\/web\/wp-json\/wp\/v2\/categories?post=35074"},{"taxonomy":"post_tag","embeddable":true,"href":"https:\/\/cmvsf2.org\/web\/wp-json\/wp\/v2\/tags?post=35074"}],"curies":[{"name":"wp","href":"https:\/\/api.w.org\/{rel}","templated":true}]}}