{"id":34976,"date":"2025-07-07T17:40:41","date_gmt":"2025-07-07T20:40:41","guid":{"rendered":"https:\/\/cmvsf2.org\/web\/?p=34976"},"modified":"2025-07-07T18:37:31","modified_gmt":"2025-07-07T21:37:31","slug":"el-tribunal-de-etica-suspendio-por-15-dias-la-matricula-a-la-mv-nora-belaga-mat-1266","status":"publish","type":"post","link":"https:\/\/cmvsf2.org\/web\/2025\/07\/07\/el-tribunal-de-etica-suspendio-por-15-dias-la-matricula-a-la-mv-nora-belaga-mat-1266\/","title":{"rendered":"El Tribunal de \u00c9tica suspendi\u00f3 por 15 d\u00edas la matr\u00edcula a la MV Nora Belaga (mat. 1266)"},"content":{"rendered":"<p>La medida tendr\u00e1 vigencia a partir de ma\u00f1ana, 8 de julio, y hasta el pr\u00f3ximo 22 de julio inclusive, seg\u00fan la <a href=\"https:\/\/cmvsf2.org\/web\/normativas\/res-no-01-25-suspension-de-la-matricula-de-la-dra-nora-belaga-matricula-n1266-por-el-termino-de-15-dias\/\">Resoluci\u00f3n N\u00ba 01-25 dictada por el Tribunal de \u00c9tica<\/a>, el \u00f3rgano encargado de analizar y dictaminar sobre los sumarios de infracciones a la \u00e9tica correspondientes a los\/as profesionales que integran el Colegio de Veterinarios.<\/p>\n<p>En este caso, la decisi\u00f3n fue tomada a partir del sumario caratulado \u00abDenuncia de Senasa contra Belaga Nora\u201d, en el que el Dr. Ricardo Palma en car\u00e1cter de Director regional Santa Fe del SENASA\u00a0 formula denuncia contra la profesional, por haber aplicado en julio de 2024 vacunas antirr\u00e1bicas vencidas en los a\u00f1os 2020 y 2021 a mascotas que deb\u00edan desplazarse hacia Brasil.<\/p>\n<p>El Tribunal de \u00c9tica menciona en su fallo que \u201c<em><u>constituye una falta grave el expendio, aplicaci\u00f3n y certificaci\u00f3n de un acto m\u00e9dico con medicamentos vencidos, poniendo en riesgo la salud p\u00fablica, tanto animal como humana<\/u><\/em>\u201d y se tuvo en cuenta que la rabia es \u201cuna enfermedad zoon\u00f3tica altamente mortal para quien la contrae\u201d.<\/p>\n<p>\u201cLa funci\u00f3n de una correcta inmunizaci\u00f3n es lograr protecci\u00f3n contra las enfermedades, si el inmun\u00f3geno est\u00e1 vencido los m\u00e1s probable es que no se logre una buena cobertura vacunal, y es su responsabilidad controlar y aplicar la vacuna en buen estado. Asimismo, al completar en forma incorrecta el certificado oficial de vacunaci\u00f3n antirr\u00e1bico obligatorio para trasladar dos caninos a otro pa\u00eds, la situaci\u00f3n es detectada\u00a0 por un ente sanitario nacional (SENASA) lo cual expone a\u00fan m\u00e1s la gravedad de lo ocurrido\u201d.<\/p>\n<p>Por todo lo anterior, se resolvi\u00f3 \u201csuspender la matr\u00edcula de la Dra. Nora Belaga\u00a0 matr\u00edcula\u00a0 N\u00b0 1266\u00a0 por violaci\u00f3n del art 121 del C\u00f3digo de \u00c9tica del arte de curar y la ley de ejercicio profesional 13.925, por el t\u00e9rmino de 15 d\u00edas conforme lo establecido en el Art. 170 Inc. c del C\u00f3digo de \u00c9tica del Arte de Curar\u201d.<\/p>\n","protected":false},"excerpt":{"rendered":"<p>La medida tendr\u00e1 vigencia a partir de ma\u00f1ana, 8 de julio, y hasta el pr\u00f3ximo 22 de julio inclusive, seg\u00fan la Resoluci\u00f3n N\u00ba 01-25 dictada por el Tribunal de \u00c9tica, el \u00f3rgano encargado de analizar y dictaminar sobre los sumarios de infracciones a la \u00e9tica correspondientes a los\/as profesionales que integran el Colegio de Veterinarios. En este caso, la decisi\u00f3n fue tomada a partir [&hellip;]<\/p>\n","protected":false},"author":3,"featured_media":34822,"comment_status":"closed","ping_status":"closed","sticky":false,"template":"","format":"standard","meta":{"_acf_changed":false,"footnotes":""},"categories":[343,345],"tags":[529,1004,1045,1010],"class_list":["post-34976","post","type-post","status-publish","format-standard","has-post-thumbnail","hentry","category-destacada","category-institucionales","tag-denuncia","tag-nora-belaga","tag-suspension","tag-tribunal-de-etica"],"acf":[],"yoast_head":"<!-- This site is optimized with the Yoast SEO plugin v28.2 - https:\/\/yoast.com\/product\/yoast-seo-wordpress\/ -->\n<title>El Tribunal de \u00c9tica suspendi\u00f3 por 15 d\u00edas la matr\u00edcula a la MV Nora Belaga (mat. 1266) - Colegio De Veterinarios De Santa Fe 2da. Circunscripci\u00f3n<\/title>\n<meta name=\"description\" content=\"La medida tendr\u00e1 vigencia a partir de ma\u00f1ana, 8 de julio, y hasta el pr\u00f3ximo 22 de julio inclusive, seg\u00fan la Resoluci\u00f3n N\u00ba 01-25 dictada por el Tribunal\" \/>\n<meta name=\"robots\" content=\"index, follow, max-snippet:-1, max-image-preview:large, max-video-preview:-1\" \/>\n<link rel=\"canonical\" href=\"https:\/\/cmvsf2.org\/web\/2025\/07\/07\/el-tribunal-de-etica-suspendio-por-15-dias-la-matricula-a-la-mv-nora-belaga-mat-1266\/\" \/>\n<meta property=\"og:locale\" content=\"es_ES\" \/>\n<meta property=\"og:type\" content=\"article\" \/>\n<meta property=\"og:title\" content=\"El Tribunal de \u00c9tica suspendi\u00f3 por 15 d\u00edas la matr\u00edcula a la MV Nora Belaga (mat. 1266) - Colegio De Veterinarios De Santa Fe 2da. Circunscripci\u00f3n\" \/>\n<meta property=\"og:description\" content=\"La medida tendr\u00e1 vigencia a partir de ma\u00f1ana, 8 de julio, y hasta el pr\u00f3ximo 22 de julio inclusive, seg\u00fan la Resoluci\u00f3n N\u00ba 01-25 dictada por el Tribunal\" \/>\n<meta property=\"og:url\" content=\"https:\/\/cmvsf2.org\/web\/2025\/07\/07\/el-tribunal-de-etica-suspendio-por-15-dias-la-matricula-a-la-mv-nora-belaga-mat-1266\/\" \/>\n<meta property=\"og:site_name\" content=\"Colegio De Veterinarios De Santa Fe 2da. Circunscripci\u00f3n\" \/>\n<meta property=\"article:published_time\" content=\"2025-07-07T20:40:41+00:00\" \/>\n<meta property=\"article:modified_time\" content=\"2025-07-07T21:37:31+00:00\" \/>\n<meta property=\"og:image\" content=\"https:\/\/cmvsf2.org\/web\/wp-content\/uploads\/2025\/04\/Diseno-sin-titulo-1.png\" \/>\n\t<meta property=\"og:image:width\" content=\"1080\" \/>\n\t<meta property=\"og:image:height\" content=\"1080\" \/>\n\t<meta property=\"og:image:type\" content=\"image\/png\" \/>\n<meta name=\"author\" content=\"cmvsf2\" \/>\n<meta name=\"twitter:card\" content=\"summary_large_image\" \/>\n<meta name=\"twitter:label1\" content=\"Escrito por\" \/>\n\t<meta name=\"twitter:data1\" content=\"cmvsf2\" \/>\n\t<meta name=\"twitter:label2\" content=\"Tiempo de lectura\" \/>\n\t<meta name=\"twitter:data2\" content=\"2 minutos\" \/>\n<script type=\"application\/ld+json\" class=\"yoast-schema-graph\">{\"@context\":\"https:\\\/\\\/schema.org\",\"@graph\":[{\"@type\":\"Article\",\"@id\":\"https:\\\/\\\/cmvsf2.org\\\/web\\\/2025\\\/07\\\/07\\\/el-tribunal-de-etica-suspendio-por-15-dias-la-matricula-a-la-mv-nora-belaga-mat-1266\\\/#article\",\"isPartOf\":{\"@id\":\"https:\\\/\\\/cmvsf2.org\\\/web\\\/2025\\\/07\\\/07\\\/el-tribunal-de-etica-suspendio-por-15-dias-la-matricula-a-la-mv-nora-belaga-mat-1266\\\/\"},\"author\":{\"name\":\"cmvsf2\",\"@id\":\"https:\\\/\\\/cmvsf2.org\\\/web\\\/#\\\/schema\\\/person\\\/46ea3630099a4a3df8d89f07cf5f7520\"},\"headline\":\"El Tribunal de \u00c9tica suspendi\u00f3 por 15 d\u00edas la matr\u00edcula a la MV Nora Belaga (mat. 1266)\",\"datePublished\":\"2025-07-07T20:40:41+00:00\",\"dateModified\":\"2025-07-07T21:37:31+00:00\",\"mainEntityOfPage\":{\"@id\":\"https:\\\/\\\/cmvsf2.org\\\/web\\\/2025\\\/07\\\/07\\\/el-tribunal-de-etica-suspendio-por-15-dias-la-matricula-a-la-mv-nora-belaga-mat-1266\\\/\"},\"wordCount\":351,\"publisher\":{\"@id\":\"https:\\\/\\\/cmvsf2.org\\\/web\\\/#organization\"},\"image\":{\"@id\":\"https:\\\/\\\/cmvsf2.org\\\/web\\\/2025\\\/07\\\/07\\\/el-tribunal-de-etica-suspendio-por-15-dias-la-matricula-a-la-mv-nora-belaga-mat-1266\\\/#primaryimage\"},\"thumbnailUrl\":\"https:\\\/\\\/cmvsf2.org\\\/web\\\/wp-content\\\/uploads\\\/2025\\\/04\\\/Diseno-sin-titulo-1.png\",\"keywords\":[\"denuncia\",\"Nora Belaga\",\"suspensi\u00f3n\",\"Tribunal de \u00c8tica\"],\"articleSection\":[\"Destacada\",\"Institucionales\"],\"inLanguage\":\"es\"},{\"@type\":\"WebPage\",\"@id\":\"https:\\\/\\\/cmvsf2.org\\\/web\\\/2025\\\/07\\\/07\\\/el-tribunal-de-etica-suspendio-por-15-dias-la-matricula-a-la-mv-nora-belaga-mat-1266\\\/\",\"url\":\"https:\\\/\\\/cmvsf2.org\\\/web\\\/2025\\\/07\\\/07\\\/el-tribunal-de-etica-suspendio-por-15-dias-la-matricula-a-la-mv-nora-belaga-mat-1266\\\/\",\"name\":\"El Tribunal de \u00c9tica suspendi\u00f3 por 15 d\u00edas la matr\u00edcula a la MV Nora Belaga (mat. 1266) - Colegio De Veterinarios De Santa Fe 2da. Circunscripci\u00f3n\",\"isPartOf\":{\"@id\":\"https:\\\/\\\/cmvsf2.org\\\/web\\\/#website\"},\"primaryImageOfPage\":{\"@id\":\"https:\\\/\\\/cmvsf2.org\\\/web\\\/2025\\\/07\\\/07\\\/el-tribunal-de-etica-suspendio-por-15-dias-la-matricula-a-la-mv-nora-belaga-mat-1266\\\/#primaryimage\"},\"image\":{\"@id\":\"https:\\\/\\\/cmvsf2.org\\\/web\\\/2025\\\/07\\\/07\\\/el-tribunal-de-etica-suspendio-por-15-dias-la-matricula-a-la-mv-nora-belaga-mat-1266\\\/#primaryimage\"},\"thumbnailUrl\":\"https:\\\/\\\/cmvsf2.org\\\/web\\\/wp-content\\\/uploads\\\/2025\\\/04\\\/Diseno-sin-titulo-1.png\",\"datePublished\":\"2025-07-07T20:40:41+00:00\",\"dateModified\":\"2025-07-07T21:37:31+00:00\",\"description\":\"La medida tendr\u00e1 vigencia a partir de ma\u00f1ana, 8 de julio, y hasta el pr\u00f3ximo 22 de julio inclusive, seg\u00fan la Resoluci\u00f3n N\u00ba 01-25 dictada por el Tribunal\",\"breadcrumb\":{\"@id\":\"https:\\\/\\\/cmvsf2.org\\\/web\\\/2025\\\/07\\\/07\\\/el-tribunal-de-etica-suspendio-por-15-dias-la-matricula-a-la-mv-nora-belaga-mat-1266\\\/#breadcrumb\"},\"inLanguage\":\"es\",\"potentialAction\":[{\"@type\":\"ReadAction\",\"target\":[\"https:\\\/\\\/cmvsf2.org\\\/web\\\/2025\\\/07\\\/07\\\/el-tribunal-de-etica-suspendio-por-15-dias-la-matricula-a-la-mv-nora-belaga-mat-1266\\\/\"]}]},{\"@type\":\"ImageObject\",\"inLanguage\":\"es\",\"@id\":\"https:\\\/\\\/cmvsf2.org\\\/web\\\/2025\\\/07\\\/07\\\/el-tribunal-de-etica-suspendio-por-15-dias-la-matricula-a-la-mv-nora-belaga-mat-1266\\\/#primaryimage\",\"url\":\"https:\\\/\\\/cmvsf2.org\\\/web\\\/wp-content\\\/uploads\\\/2025\\\/04\\\/Diseno-sin-titulo-1.png\",\"contentUrl\":\"https:\\\/\\\/cmvsf2.org\\\/web\\\/wp-content\\\/uploads\\\/2025\\\/04\\\/Diseno-sin-titulo-1.png\",\"width\":1080,\"height\":1080},{\"@type\":\"BreadcrumbList\",\"@id\":\"https:\\\/\\\/cmvsf2.org\\\/web\\\/2025\\\/07\\\/07\\\/el-tribunal-de-etica-suspendio-por-15-dias-la-matricula-a-la-mv-nora-belaga-mat-1266\\\/#breadcrumb\",\"itemListElement\":[{\"@type\":\"ListItem\",\"position\":1,\"name\":\"Portada\",\"item\":\"https:\\\/\\\/cmvsf2.org\\\/web\\\/\"},{\"@type\":\"ListItem\",\"position\":2,\"name\":\"El Tribunal de \u00c9tica suspendi\u00f3 por 15 d\u00edas la matr\u00edcula a la MV Nora Belaga (mat. 1266)\"}]},{\"@type\":\"WebSite\",\"@id\":\"https:\\\/\\\/cmvsf2.org\\\/web\\\/#website\",\"url\":\"https:\\\/\\\/cmvsf2.org\\\/web\\\/\",\"name\":\"Colegio De Veterinarios De Santa Fe 2da. Circunscripci\u00f3n\",\"description\":\"Sitio institucional del Colegio de M\u00e9dicos Veterinario de Santa Fe 2da. Circunscripci\u00f3n\",\"publisher\":{\"@id\":\"https:\\\/\\\/cmvsf2.org\\\/web\\\/#organization\"},\"potentialAction\":[{\"@type\":\"SearchAction\",\"target\":{\"@type\":\"EntryPoint\",\"urlTemplate\":\"https:\\\/\\\/cmvsf2.org\\\/web\\\/?s={search_term_string}\"},\"query-input\":{\"@type\":\"PropertyValueSpecification\",\"valueRequired\":true,\"valueName\":\"search_term_string\"}}],\"inLanguage\":\"es\"},{\"@type\":\"Organization\",\"@id\":\"https:\\\/\\\/cmvsf2.org\\\/web\\\/#organization\",\"name\":\"Colegio De Veterinarios De Santa Fe 2da. Circunscripci\u00f3n\",\"url\":\"https:\\\/\\\/cmvsf2.org\\\/web\\\/\",\"logo\":{\"@type\":\"ImageObject\",\"inLanguage\":\"es\",\"@id\":\"https:\\\/\\\/cmvsf2.org\\\/web\\\/#\\\/schema\\\/logo\\\/image\\\/\",\"url\":\"http:\\\/\\\/cmvsf2.org\\\/web\\\/wp-content\\\/uploads\\\/2020\\\/03\\\/vector-logo-02.png\",\"contentUrl\":\"http:\\\/\\\/cmvsf2.org\\\/web\\\/wp-content\\\/uploads\\\/2020\\\/03\\\/vector-logo-02.png\",\"width\":2750,\"height\":642,\"caption\":\"Colegio De Veterinarios De Santa Fe 2da. Circunscripci\u00f3n\"},\"image\":{\"@id\":\"https:\\\/\\\/cmvsf2.org\\\/web\\\/#\\\/schema\\\/logo\\\/image\\\/\"}},{\"@type\":\"Person\",\"@id\":\"https:\\\/\\\/cmvsf2.org\\\/web\\\/#\\\/schema\\\/person\\\/46ea3630099a4a3df8d89f07cf5f7520\",\"name\":\"cmvsf2\",\"image\":{\"@type\":\"ImageObject\",\"inLanguage\":\"es\",\"@id\":\"https:\\\/\\\/secure.gravatar.com\\\/avatar\\\/669647b61c77f28f1aa51df04174a5ecb296e9988b4a93d2870666cd1f502cd7?s=96&d=mm&r=g\",\"url\":\"https:\\\/\\\/secure.gravatar.com\\\/avatar\\\/669647b61c77f28f1aa51df04174a5ecb296e9988b4a93d2870666cd1f502cd7?s=96&d=mm&r=g\",\"contentUrl\":\"https:\\\/\\\/secure.gravatar.com\\\/avatar\\\/669647b61c77f28f1aa51df04174a5ecb296e9988b4a93d2870666cd1f502cd7?s=96&d=mm&r=g\",\"caption\":\"cmvsf2\"}}]}<\/script>\n<!-- \/ Yoast SEO plugin. -->","yoast_head_json":{"title":"El Tribunal de \u00c9tica suspendi\u00f3 por 15 d\u00edas la matr\u00edcula a la MV Nora Belaga (mat. 1266) - Colegio De Veterinarios De Santa Fe 2da. Circunscripci\u00f3n","description":"La medida tendr\u00e1 vigencia a partir de ma\u00f1ana, 8 de julio, y hasta el pr\u00f3ximo 22 de julio inclusive, seg\u00fan la Resoluci\u00f3n N\u00ba 01-25 dictada por el Tribunal","robots":{"index":"index","follow":"follow","max-snippet":"max-snippet:-1","max-image-preview":"max-image-preview:large","max-video-preview":"max-video-preview:-1"},"canonical":"https:\/\/cmvsf2.org\/web\/2025\/07\/07\/el-tribunal-de-etica-suspendio-por-15-dias-la-matricula-a-la-mv-nora-belaga-mat-1266\/","og_locale":"es_ES","og_type":"article","og_title":"El Tribunal de \u00c9tica suspendi\u00f3 por 15 d\u00edas la matr\u00edcula a la MV Nora Belaga (mat. 1266) - Colegio De Veterinarios De Santa Fe 2da. Circunscripci\u00f3n","og_description":"La medida tendr\u00e1 vigencia a partir de ma\u00f1ana, 8 de julio, y hasta el pr\u00f3ximo 22 de julio inclusive, seg\u00fan la Resoluci\u00f3n N\u00ba 01-25 dictada por el Tribunal","og_url":"https:\/\/cmvsf2.org\/web\/2025\/07\/07\/el-tribunal-de-etica-suspendio-por-15-dias-la-matricula-a-la-mv-nora-belaga-mat-1266\/","og_site_name":"Colegio De Veterinarios De Santa Fe 2da. Circunscripci\u00f3n","article_published_time":"2025-07-07T20:40:41+00:00","article_modified_time":"2025-07-07T21:37:31+00:00","og_image":[{"width":1080,"height":1080,"url":"https:\/\/cmvsf2.org\/web\/wp-content\/uploads\/2025\/04\/Diseno-sin-titulo-1.png","type":"image\/png"}],"author":"cmvsf2","twitter_card":"summary_large_image","twitter_misc":{"Escrito por":"cmvsf2","Tiempo de lectura":"2 minutos"},"schema":{"@context":"https:\/\/schema.org","@graph":[{"@type":"Article","@id":"https:\/\/cmvsf2.org\/web\/2025\/07\/07\/el-tribunal-de-etica-suspendio-por-15-dias-la-matricula-a-la-mv-nora-belaga-mat-1266\/#article","isPartOf":{"@id":"https:\/\/cmvsf2.org\/web\/2025\/07\/07\/el-tribunal-de-etica-suspendio-por-15-dias-la-matricula-a-la-mv-nora-belaga-mat-1266\/"},"author":{"name":"cmvsf2","@id":"https:\/\/cmvsf2.org\/web\/#\/schema\/person\/46ea3630099a4a3df8d89f07cf5f7520"},"headline":"El Tribunal de \u00c9tica suspendi\u00f3 por 15 d\u00edas la matr\u00edcula a la MV Nora Belaga (mat. 1266)","datePublished":"2025-07-07T20:40:41+00:00","dateModified":"2025-07-07T21:37:31+00:00","mainEntityOfPage":{"@id":"https:\/\/cmvsf2.org\/web\/2025\/07\/07\/el-tribunal-de-etica-suspendio-por-15-dias-la-matricula-a-la-mv-nora-belaga-mat-1266\/"},"wordCount":351,"publisher":{"@id":"https:\/\/cmvsf2.org\/web\/#organization"},"image":{"@id":"https:\/\/cmvsf2.org\/web\/2025\/07\/07\/el-tribunal-de-etica-suspendio-por-15-dias-la-matricula-a-la-mv-nora-belaga-mat-1266\/#primaryimage"},"thumbnailUrl":"https:\/\/cmvsf2.org\/web\/wp-content\/uploads\/2025\/04\/Diseno-sin-titulo-1.png","keywords":["denuncia","Nora Belaga","suspensi\u00f3n","Tribunal de \u00c8tica"],"articleSection":["Destacada","Institucionales"],"inLanguage":"es"},{"@type":"WebPage","@id":"https:\/\/cmvsf2.org\/web\/2025\/07\/07\/el-tribunal-de-etica-suspendio-por-15-dias-la-matricula-a-la-mv-nora-belaga-mat-1266\/","url":"https:\/\/cmvsf2.org\/web\/2025\/07\/07\/el-tribunal-de-etica-suspendio-por-15-dias-la-matricula-a-la-mv-nora-belaga-mat-1266\/","name":"El Tribunal de \u00c9tica suspendi\u00f3 por 15 d\u00edas la matr\u00edcula a la MV Nora Belaga (mat. 1266) - Colegio De Veterinarios De Santa Fe 2da. Circunscripci\u00f3n","isPartOf":{"@id":"https:\/\/cmvsf2.org\/web\/#website"},"primaryImageOfPage":{"@id":"https:\/\/cmvsf2.org\/web\/2025\/07\/07\/el-tribunal-de-etica-suspendio-por-15-dias-la-matricula-a-la-mv-nora-belaga-mat-1266\/#primaryimage"},"image":{"@id":"https:\/\/cmvsf2.org\/web\/2025\/07\/07\/el-tribunal-de-etica-suspendio-por-15-dias-la-matricula-a-la-mv-nora-belaga-mat-1266\/#primaryimage"},"thumbnailUrl":"https:\/\/cmvsf2.org\/web\/wp-content\/uploads\/2025\/04\/Diseno-sin-titulo-1.png","datePublished":"2025-07-07T20:40:41+00:00","dateModified":"2025-07-07T21:37:31+00:00","description":"La medida tendr\u00e1 vigencia a partir de ma\u00f1ana, 8 de julio, y hasta el pr\u00f3ximo 22 de julio inclusive, seg\u00fan la Resoluci\u00f3n N\u00ba 01-25 dictada por el Tribunal","breadcrumb":{"@id":"https:\/\/cmvsf2.org\/web\/2025\/07\/07\/el-tribunal-de-etica-suspendio-por-15-dias-la-matricula-a-la-mv-nora-belaga-mat-1266\/#breadcrumb"},"inLanguage":"es","potentialAction":[{"@type":"ReadAction","target":["https:\/\/cmvsf2.org\/web\/2025\/07\/07\/el-tribunal-de-etica-suspendio-por-15-dias-la-matricula-a-la-mv-nora-belaga-mat-1266\/"]}]},{"@type":"ImageObject","inLanguage":"es","@id":"https:\/\/cmvsf2.org\/web\/2025\/07\/07\/el-tribunal-de-etica-suspendio-por-15-dias-la-matricula-a-la-mv-nora-belaga-mat-1266\/#primaryimage","url":"https:\/\/cmvsf2.org\/web\/wp-content\/uploads\/2025\/04\/Diseno-sin-titulo-1.png","contentUrl":"https:\/\/cmvsf2.org\/web\/wp-content\/uploads\/2025\/04\/Diseno-sin-titulo-1.png","width":1080,"height":1080},{"@type":"BreadcrumbList","@id":"https:\/\/cmvsf2.org\/web\/2025\/07\/07\/el-tribunal-de-etica-suspendio-por-15-dias-la-matricula-a-la-mv-nora-belaga-mat-1266\/#breadcrumb","itemListElement":[{"@type":"ListItem","position":1,"name":"Portada","item":"https:\/\/cmvsf2.org\/web\/"},{"@type":"ListItem","position":2,"name":"El Tribunal de \u00c9tica suspendi\u00f3 por 15 d\u00edas la matr\u00edcula a la MV Nora Belaga (mat. 1266)"}]},{"@type":"WebSite","@id":"https:\/\/cmvsf2.org\/web\/#website","url":"https:\/\/cmvsf2.org\/web\/","name":"Colegio De Veterinarios De Santa Fe 2da. Circunscripci\u00f3n","description":"Sitio institucional del Colegio de M\u00e9dicos Veterinario de Santa Fe 2da. Circunscripci\u00f3n","publisher":{"@id":"https:\/\/cmvsf2.org\/web\/#organization"},"potentialAction":[{"@type":"SearchAction","target":{"@type":"EntryPoint","urlTemplate":"https:\/\/cmvsf2.org\/web\/?s={search_term_string}"},"query-input":{"@type":"PropertyValueSpecification","valueRequired":true,"valueName":"search_term_string"}}],"inLanguage":"es"},{"@type":"Organization","@id":"https:\/\/cmvsf2.org\/web\/#organization","name":"Colegio De Veterinarios De Santa Fe 2da. Circunscripci\u00f3n","url":"https:\/\/cmvsf2.org\/web\/","logo":{"@type":"ImageObject","inLanguage":"es","@id":"https:\/\/cmvsf2.org\/web\/#\/schema\/logo\/image\/","url":"http:\/\/cmvsf2.org\/web\/wp-content\/uploads\/2020\/03\/vector-logo-02.png","contentUrl":"http:\/\/cmvsf2.org\/web\/wp-content\/uploads\/2020\/03\/vector-logo-02.png","width":2750,"height":642,"caption":"Colegio De Veterinarios De Santa Fe 2da. Circunscripci\u00f3n"},"image":{"@id":"https:\/\/cmvsf2.org\/web\/#\/schema\/logo\/image\/"}},{"@type":"Person","@id":"https:\/\/cmvsf2.org\/web\/#\/schema\/person\/46ea3630099a4a3df8d89f07cf5f7520","name":"cmvsf2","image":{"@type":"ImageObject","inLanguage":"es","@id":"https:\/\/secure.gravatar.com\/avatar\/669647b61c77f28f1aa51df04174a5ecb296e9988b4a93d2870666cd1f502cd7?s=96&d=mm&r=g","url":"https:\/\/secure.gravatar.com\/avatar\/669647b61c77f28f1aa51df04174a5ecb296e9988b4a93d2870666cd1f502cd7?s=96&d=mm&r=g","contentUrl":"https:\/\/secure.gravatar.com\/avatar\/669647b61c77f28f1aa51df04174a5ecb296e9988b4a93d2870666cd1f502cd7?s=96&d=mm&r=g","caption":"cmvsf2"}}]}},"_links":{"self":[{"href":"https:\/\/cmvsf2.org\/web\/wp-json\/wp\/v2\/posts\/34976","targetHints":{"allow":["GET"]}}],"collection":[{"href":"https:\/\/cmvsf2.org\/web\/wp-json\/wp\/v2\/posts"}],"about":[{"href":"https:\/\/cmvsf2.org\/web\/wp-json\/wp\/v2\/types\/post"}],"author":[{"embeddable":true,"href":"https:\/\/cmvsf2.org\/web\/wp-json\/wp\/v2\/users\/3"}],"replies":[{"embeddable":true,"href":"https:\/\/cmvsf2.org\/web\/wp-json\/wp\/v2\/comments?post=34976"}],"version-history":[{"count":2,"href":"https:\/\/cmvsf2.org\/web\/wp-json\/wp\/v2\/posts\/34976\/revisions"}],"predecessor-version":[{"id":34979,"href":"https:\/\/cmvsf2.org\/web\/wp-json\/wp\/v2\/posts\/34976\/revisions\/34979"}],"wp:featuredmedia":[{"embeddable":true,"href":"https:\/\/cmvsf2.org\/web\/wp-json\/wp\/v2\/media\/34822"}],"wp:attachment":[{"href":"https:\/\/cmvsf2.org\/web\/wp-json\/wp\/v2\/media?parent=34976"}],"wp:term":[{"taxonomy":"category","embeddable":true,"href":"https:\/\/cmvsf2.org\/web\/wp-json\/wp\/v2\/categories?post=34976"},{"taxonomy":"post_tag","embeddable":true,"href":"https:\/\/cmvsf2.org\/web\/wp-json\/wp\/v2\/tags?post=34976"}],"curies":[{"name":"wp","href":"https:\/\/api.w.org\/{rel}","templated":true}]}}