{"id":34914,"date":"2025-05-26T10:12:49","date_gmt":"2025-05-26T13:12:49","guid":{"rendered":"https:\/\/cmvsf2.org\/web\/?p=34914"},"modified":"2025-05-26T10:34:13","modified_gmt":"2025-05-26T13:34:13","slug":"otitis-en-mascotas-sintomas-diagnostico-tratamiento","status":"publish","type":"post","link":"https:\/\/cmvsf2.org\/web\/2025\/05\/26\/otitis-en-mascotas-sintomas-diagnostico-tratamiento\/","title":{"rendered":"Otitis en mascotas. S\u00edntomas. Diagn\u00f3stico. Tratamiento."},"content":{"rendered":"<p>El CMVSF2 invita a la charla <strong>\u00ab<\/strong><span class=\"OYPEnA font-feature-liga-off font-feature-clig-off font-feature-calt-off text-decoration-none text-strikethrough-none\"><strong>OTITIS EN MASCOTAS. S\u00edntomas. Diagn\u00f3stico. Tratamiento\u00bb<\/strong>, que tendr\u00e1 lugar el jueves 29 de mayoa a las 20.30 hs.<\/span><\/p>\n<p><span class=\"OYPEnA font-feature-liga-off font-feature-clig-off font-feature-calt-off text-decoration-none text-strikethrough-none\">La misma estar\u00e1 a cargo del <strong>M.V. LUIS Borraccini<\/strong> (M.V. Especialista Certificado en Dermatolog\u00eda L.001) y quienes quieran participar lo podr\u00e1n hacer de manera p<\/span><span class=\"OYPEnA font-feature-liga-off font-feature-clig-off font-feature-calt-off text-decoration-none text-strikethrough-none\">resencial (en el Colegio, Suipacha 347, Rosario) u online a trav\u00e9s de zoom.<\/span><\/p>\n<p><em><strong>Valor de las I<span class=\"OYPEnA font-feature-liga-off font-feature-clig-off font-feature-calt-off text-decoration-none text-strikethrough-none\">nscripciones: $10mil<\/span><\/strong><\/em><\/p>\n<p class=\"cvGsUA direction-ltr align-end para-style-body\"><em><strong><span class=\"OYPEnA font-feature-liga-off font-feature-clig-off font-feature-calt-off text-decoration-none text-strikethrough-none\">Valor especial para matriculados\/as con sus obligaciones al d\u00eda y estudiantes avanzados de la carrera: $8 mil<\/span><\/strong><\/em><\/p>\n<p>Las inscripciones se realizan a trav\u00e9s del siguiente link: <a href=\"https:\/\/forms.gle\/RzQcDwSFB6Kr69ZT6\">https:\/\/forms.gle\/RzQcDwSFB6Kr69ZT6<\/a><\/p>\n<p class=\"cvGsUA direction-ltr align-end para-style-body\"><span class=\"OYPEnA font-feature-liga-off font-feature-clig-off font-feature-calt-off text-decoration-none text-strikethrough-none\">Alias para transferencias: olimpiadas2025<\/span><\/p>\n<p class=\"cvGsUA direction-ltr align-end para-style-body\"><span class=\"OYPEnA font-feature-liga-off font-feature-clig-off font-feature-calt-off text-decoration-none text-strikethrough-none\">Escribinos para reservar tu lugar!<\/span><span class=\"OYPEnA font-feature-liga-off font-feature-clig-off font-feature-calt-off text-decoration-none text-strikethrough-none\"> 341 6187735<\/span><\/p>\n<p class=\"cvGsUA direction-ltr align-end para-style-body\"><span class=\"OYPEnA font-feature-liga-off font-feature-clig-off font-feature-calt-off text-decoration-none text-strikethrough-none\">Cupos limitados <\/span><\/p>\n<p class=\"cvGsUA direction-ltr align-end para-style-body\"><span class=\"OYPEnA font-feature-liga-off font-feature-clig-off font-feature-calt-off text-decoration-none text-strikethrough-none\">Actividad organizada por la Subcomisi\u00f3n de Deportes con el fin de recaudar fondos para el viaje a las Olimp\u00edadas 2025<\/span><\/p>\n","protected":false},"excerpt":{"rendered":"<p>El CMVSF2 invita a la charla \u00abOTITIS EN MASCOTAS. S\u00edntomas. Diagn\u00f3stico. Tratamiento\u00bb, que tendr\u00e1 lugar el jueves 29 de mayoa a las 20.30 hs. La misma estar\u00e1 a cargo del M.V. LUIS Borraccini (M.V. Especialista Certificado en Dermatolog\u00eda L.001) y quienes quieran participar lo podr\u00e1n hacer de manera presencial (en el Colegio, Suipacha 347, Rosario) u online a trav\u00e9s de zoom. Valor de las [&hellip;]<\/p>\n","protected":false},"author":3,"featured_media":34918,"comment_status":"closed","ping_status":"closed","sticky":false,"template":"","format":"standard","meta":{"_acf_changed":false,"footnotes":""},"categories":[6,343,35],"tags":[420,931,1037],"class_list":["post-34914","post","type-post","status-publish","format-standard","has-post-thumbnail","hentry","category-animales-compania2","category-destacada","category-formacion","tag-borraccini","tag-deportes","tag-otitis"],"acf":[],"yoast_head":"<!-- This site is optimized with the Yoast SEO plugin v28.2 - https:\/\/yoast.com\/product\/yoast-seo-wordpress\/ -->\n<title>Otitis en mascotas. S\u00edntomas. Diagn\u00f3stico. Tratamiento. - Colegio De Veterinarios De Santa Fe 2da. Circunscripci\u00f3n<\/title>\n<meta name=\"description\" content=\"El CMVSF2 invita a la charla &quot;OTITIS EN MASCOTAS. S\u00edntomas. Diagn\u00f3stico. Tratamiento&quot;, que tendr\u00e1 lugar el jueves 29 de mayoa a las 20.30 hs. La misma\" \/>\n<meta name=\"robots\" content=\"index, follow, max-snippet:-1, max-image-preview:large, max-video-preview:-1\" \/>\n<link rel=\"canonical\" href=\"https:\/\/cmvsf2.org\/web\/2025\/05\/26\/otitis-en-mascotas-sintomas-diagnostico-tratamiento\/\" \/>\n<meta property=\"og:locale\" content=\"es_ES\" \/>\n<meta property=\"og:type\" content=\"article\" \/>\n<meta property=\"og:title\" content=\"Otitis en mascotas. S\u00edntomas. Diagn\u00f3stico. Tratamiento. - Colegio De Veterinarios De Santa Fe 2da. Circunscripci\u00f3n\" \/>\n<meta property=\"og:description\" content=\"El CMVSF2 invita a la charla &quot;OTITIS EN MASCOTAS. S\u00edntomas. Diagn\u00f3stico. Tratamiento&quot;, que tendr\u00e1 lugar el jueves 29 de mayoa a las 20.30 hs. La misma\" \/>\n<meta property=\"og:url\" content=\"https:\/\/cmvsf2.org\/web\/2025\/05\/26\/otitis-en-mascotas-sintomas-diagnostico-tratamiento\/\" \/>\n<meta property=\"og:site_name\" content=\"Colegio De Veterinarios De Santa Fe 2da. Circunscripci\u00f3n\" \/>\n<meta property=\"article:published_time\" content=\"2025-05-26T13:12:49+00:00\" \/>\n<meta property=\"article:modified_time\" content=\"2025-05-26T13:34:13+00:00\" \/>\n<meta property=\"og:image\" content=\"https:\/\/cmvsf2.org\/web\/wp-content\/uploads\/2025\/05\/OTITIS-EN-MASCOTAS.-Sintomas.-Diagnostico.-Tratamiento.-3-e1748265766155.png\" \/>\n\t<meta property=\"og:image:width\" content=\"1080\" \/>\n\t<meta property=\"og:image:height\" content=\"893\" \/>\n\t<meta property=\"og:image:type\" content=\"image\/png\" \/>\n<meta name=\"author\" content=\"cmvsf2\" \/>\n<meta name=\"twitter:card\" content=\"summary_large_image\" \/>\n<meta name=\"twitter:label1\" content=\"Escrito por\" \/>\n\t<meta name=\"twitter:data1\" content=\"cmvsf2\" \/>\n\t<meta name=\"twitter:label2\" content=\"Tiempo de lectura\" \/>\n\t<meta name=\"twitter:data2\" content=\"1 minuto\" \/>\n<script type=\"application\/ld+json\" class=\"yoast-schema-graph\">{\"@context\":\"https:\\\/\\\/schema.org\",\"@graph\":[{\"@type\":\"Article\",\"@id\":\"https:\\\/\\\/cmvsf2.org\\\/web\\\/2025\\\/05\\\/26\\\/otitis-en-mascotas-sintomas-diagnostico-tratamiento\\\/#article\",\"isPartOf\":{\"@id\":\"https:\\\/\\\/cmvsf2.org\\\/web\\\/2025\\\/05\\\/26\\\/otitis-en-mascotas-sintomas-diagnostico-tratamiento\\\/\"},\"author\":{\"name\":\"cmvsf2\",\"@id\":\"https:\\\/\\\/cmvsf2.org\\\/web\\\/#\\\/schema\\\/person\\\/46ea3630099a4a3df8d89f07cf5f7520\"},\"headline\":\"Otitis en mascotas. S\u00edntomas. Diagn\u00f3stico. Tratamiento.\",\"datePublished\":\"2025-05-26T13:12:49+00:00\",\"dateModified\":\"2025-05-26T13:34:13+00:00\",\"mainEntityOfPage\":{\"@id\":\"https:\\\/\\\/cmvsf2.org\\\/web\\\/2025\\\/05\\\/26\\\/otitis-en-mascotas-sintomas-diagnostico-tratamiento\\\/\"},\"wordCount\":145,\"publisher\":{\"@id\":\"https:\\\/\\\/cmvsf2.org\\\/web\\\/#organization\"},\"image\":{\"@id\":\"https:\\\/\\\/cmvsf2.org\\\/web\\\/2025\\\/05\\\/26\\\/otitis-en-mascotas-sintomas-diagnostico-tratamiento\\\/#primaryimage\"},\"thumbnailUrl\":\"https:\\\/\\\/cmvsf2.org\\\/web\\\/wp-content\\\/uploads\\\/2025\\\/05\\\/OTITIS-EN-MASCOTAS.-Sintomas.-Diagnostico.-Tratamiento.-3-e1748265766155.png\",\"keywords\":[\"BORRACCINI\",\"deportes\",\"otitis\"],\"articleSection\":[\"Animales de Compan\u00eda\",\"Destacada\",\"Formaci\u00f3n\"],\"inLanguage\":\"es\"},{\"@type\":\"WebPage\",\"@id\":\"https:\\\/\\\/cmvsf2.org\\\/web\\\/2025\\\/05\\\/26\\\/otitis-en-mascotas-sintomas-diagnostico-tratamiento\\\/\",\"url\":\"https:\\\/\\\/cmvsf2.org\\\/web\\\/2025\\\/05\\\/26\\\/otitis-en-mascotas-sintomas-diagnostico-tratamiento\\\/\",\"name\":\"Otitis en mascotas. S\u00edntomas. Diagn\u00f3stico. Tratamiento. - Colegio De Veterinarios De Santa Fe 2da. Circunscripci\u00f3n\",\"isPartOf\":{\"@id\":\"https:\\\/\\\/cmvsf2.org\\\/web\\\/#website\"},\"primaryImageOfPage\":{\"@id\":\"https:\\\/\\\/cmvsf2.org\\\/web\\\/2025\\\/05\\\/26\\\/otitis-en-mascotas-sintomas-diagnostico-tratamiento\\\/#primaryimage\"},\"image\":{\"@id\":\"https:\\\/\\\/cmvsf2.org\\\/web\\\/2025\\\/05\\\/26\\\/otitis-en-mascotas-sintomas-diagnostico-tratamiento\\\/#primaryimage\"},\"thumbnailUrl\":\"https:\\\/\\\/cmvsf2.org\\\/web\\\/wp-content\\\/uploads\\\/2025\\\/05\\\/OTITIS-EN-MASCOTAS.-Sintomas.-Diagnostico.-Tratamiento.-3-e1748265766155.png\",\"datePublished\":\"2025-05-26T13:12:49+00:00\",\"dateModified\":\"2025-05-26T13:34:13+00:00\",\"description\":\"El CMVSF2 invita a la charla \\\"OTITIS EN MASCOTAS. S\u00edntomas. Diagn\u00f3stico. Tratamiento\\\", que tendr\u00e1 lugar el jueves 29 de mayoa a las 20.30 hs. La misma\",\"breadcrumb\":{\"@id\":\"https:\\\/\\\/cmvsf2.org\\\/web\\\/2025\\\/05\\\/26\\\/otitis-en-mascotas-sintomas-diagnostico-tratamiento\\\/#breadcrumb\"},\"inLanguage\":\"es\",\"potentialAction\":[{\"@type\":\"ReadAction\",\"target\":[\"https:\\\/\\\/cmvsf2.org\\\/web\\\/2025\\\/05\\\/26\\\/otitis-en-mascotas-sintomas-diagnostico-tratamiento\\\/\"]}]},{\"@type\":\"ImageObject\",\"inLanguage\":\"es\",\"@id\":\"https:\\\/\\\/cmvsf2.org\\\/web\\\/2025\\\/05\\\/26\\\/otitis-en-mascotas-sintomas-diagnostico-tratamiento\\\/#primaryimage\",\"url\":\"https:\\\/\\\/cmvsf2.org\\\/web\\\/wp-content\\\/uploads\\\/2025\\\/05\\\/OTITIS-EN-MASCOTAS.-Sintomas.-Diagnostico.-Tratamiento.-3-e1748265766155.png\",\"contentUrl\":\"https:\\\/\\\/cmvsf2.org\\\/web\\\/wp-content\\\/uploads\\\/2025\\\/05\\\/OTITIS-EN-MASCOTAS.-Sintomas.-Diagnostico.-Tratamiento.-3-e1748265766155.png\",\"width\":1080,\"height\":893},{\"@type\":\"BreadcrumbList\",\"@id\":\"https:\\\/\\\/cmvsf2.org\\\/web\\\/2025\\\/05\\\/26\\\/otitis-en-mascotas-sintomas-diagnostico-tratamiento\\\/#breadcrumb\",\"itemListElement\":[{\"@type\":\"ListItem\",\"position\":1,\"name\":\"Portada\",\"item\":\"https:\\\/\\\/cmvsf2.org\\\/web\\\/\"},{\"@type\":\"ListItem\",\"position\":2,\"name\":\"Otitis en mascotas. S\u00edntomas. Diagn\u00f3stico. Tratamiento.\"}]},{\"@type\":\"WebSite\",\"@id\":\"https:\\\/\\\/cmvsf2.org\\\/web\\\/#website\",\"url\":\"https:\\\/\\\/cmvsf2.org\\\/web\\\/\",\"name\":\"Colegio De Veterinarios De Santa Fe 2da. Circunscripci\u00f3n\",\"description\":\"Sitio institucional del Colegio de M\u00e9dicos Veterinario de Santa Fe 2da. Circunscripci\u00f3n\",\"publisher\":{\"@id\":\"https:\\\/\\\/cmvsf2.org\\\/web\\\/#organization\"},\"potentialAction\":[{\"@type\":\"SearchAction\",\"target\":{\"@type\":\"EntryPoint\",\"urlTemplate\":\"https:\\\/\\\/cmvsf2.org\\\/web\\\/?s={search_term_string}\"},\"query-input\":{\"@type\":\"PropertyValueSpecification\",\"valueRequired\":true,\"valueName\":\"search_term_string\"}}],\"inLanguage\":\"es\"},{\"@type\":\"Organization\",\"@id\":\"https:\\\/\\\/cmvsf2.org\\\/web\\\/#organization\",\"name\":\"Colegio De Veterinarios De Santa Fe 2da. Circunscripci\u00f3n\",\"url\":\"https:\\\/\\\/cmvsf2.org\\\/web\\\/\",\"logo\":{\"@type\":\"ImageObject\",\"inLanguage\":\"es\",\"@id\":\"https:\\\/\\\/cmvsf2.org\\\/web\\\/#\\\/schema\\\/logo\\\/image\\\/\",\"url\":\"http:\\\/\\\/cmvsf2.org\\\/web\\\/wp-content\\\/uploads\\\/2020\\\/03\\\/vector-logo-02.png\",\"contentUrl\":\"http:\\\/\\\/cmvsf2.org\\\/web\\\/wp-content\\\/uploads\\\/2020\\\/03\\\/vector-logo-02.png\",\"width\":2750,\"height\":642,\"caption\":\"Colegio De Veterinarios De Santa Fe 2da. Circunscripci\u00f3n\"},\"image\":{\"@id\":\"https:\\\/\\\/cmvsf2.org\\\/web\\\/#\\\/schema\\\/logo\\\/image\\\/\"}},{\"@type\":\"Person\",\"@id\":\"https:\\\/\\\/cmvsf2.org\\\/web\\\/#\\\/schema\\\/person\\\/46ea3630099a4a3df8d89f07cf5f7520\",\"name\":\"cmvsf2\",\"image\":{\"@type\":\"ImageObject\",\"inLanguage\":\"es\",\"@id\":\"https:\\\/\\\/secure.gravatar.com\\\/avatar\\\/669647b61c77f28f1aa51df04174a5ecb296e9988b4a93d2870666cd1f502cd7?s=96&d=mm&r=g\",\"url\":\"https:\\\/\\\/secure.gravatar.com\\\/avatar\\\/669647b61c77f28f1aa51df04174a5ecb296e9988b4a93d2870666cd1f502cd7?s=96&d=mm&r=g\",\"contentUrl\":\"https:\\\/\\\/secure.gravatar.com\\\/avatar\\\/669647b61c77f28f1aa51df04174a5ecb296e9988b4a93d2870666cd1f502cd7?s=96&d=mm&r=g\",\"caption\":\"cmvsf2\"}}]}<\/script>\n<!-- \/ Yoast SEO plugin. -->","yoast_head_json":{"title":"Otitis en mascotas. S\u00edntomas. Diagn\u00f3stico. Tratamiento. - Colegio De Veterinarios De Santa Fe 2da. Circunscripci\u00f3n","description":"El CMVSF2 invita a la charla \"OTITIS EN MASCOTAS. S\u00edntomas. Diagn\u00f3stico. Tratamiento\", que tendr\u00e1 lugar el jueves 29 de mayoa a las 20.30 hs. La misma","robots":{"index":"index","follow":"follow","max-snippet":"max-snippet:-1","max-image-preview":"max-image-preview:large","max-video-preview":"max-video-preview:-1"},"canonical":"https:\/\/cmvsf2.org\/web\/2025\/05\/26\/otitis-en-mascotas-sintomas-diagnostico-tratamiento\/","og_locale":"es_ES","og_type":"article","og_title":"Otitis en mascotas. S\u00edntomas. Diagn\u00f3stico. Tratamiento. - Colegio De Veterinarios De Santa Fe 2da. Circunscripci\u00f3n","og_description":"El CMVSF2 invita a la charla \"OTITIS EN MASCOTAS. S\u00edntomas. Diagn\u00f3stico. Tratamiento\", que tendr\u00e1 lugar el jueves 29 de mayoa a las 20.30 hs. La misma","og_url":"https:\/\/cmvsf2.org\/web\/2025\/05\/26\/otitis-en-mascotas-sintomas-diagnostico-tratamiento\/","og_site_name":"Colegio De Veterinarios De Santa Fe 2da. Circunscripci\u00f3n","article_published_time":"2025-05-26T13:12:49+00:00","article_modified_time":"2025-05-26T13:34:13+00:00","og_image":[{"width":1080,"height":893,"url":"https:\/\/cmvsf2.org\/web\/wp-content\/uploads\/2025\/05\/OTITIS-EN-MASCOTAS.-Sintomas.-Diagnostico.-Tratamiento.-3-e1748265766155.png","type":"image\/png"}],"author":"cmvsf2","twitter_card":"summary_large_image","twitter_misc":{"Escrito por":"cmvsf2","Tiempo de lectura":"1 minuto"},"schema":{"@context":"https:\/\/schema.org","@graph":[{"@type":"Article","@id":"https:\/\/cmvsf2.org\/web\/2025\/05\/26\/otitis-en-mascotas-sintomas-diagnostico-tratamiento\/#article","isPartOf":{"@id":"https:\/\/cmvsf2.org\/web\/2025\/05\/26\/otitis-en-mascotas-sintomas-diagnostico-tratamiento\/"},"author":{"name":"cmvsf2","@id":"https:\/\/cmvsf2.org\/web\/#\/schema\/person\/46ea3630099a4a3df8d89f07cf5f7520"},"headline":"Otitis en mascotas. S\u00edntomas. Diagn\u00f3stico. Tratamiento.","datePublished":"2025-05-26T13:12:49+00:00","dateModified":"2025-05-26T13:34:13+00:00","mainEntityOfPage":{"@id":"https:\/\/cmvsf2.org\/web\/2025\/05\/26\/otitis-en-mascotas-sintomas-diagnostico-tratamiento\/"},"wordCount":145,"publisher":{"@id":"https:\/\/cmvsf2.org\/web\/#organization"},"image":{"@id":"https:\/\/cmvsf2.org\/web\/2025\/05\/26\/otitis-en-mascotas-sintomas-diagnostico-tratamiento\/#primaryimage"},"thumbnailUrl":"https:\/\/cmvsf2.org\/web\/wp-content\/uploads\/2025\/05\/OTITIS-EN-MASCOTAS.-Sintomas.-Diagnostico.-Tratamiento.-3-e1748265766155.png","keywords":["BORRACCINI","deportes","otitis"],"articleSection":["Animales de Compan\u00eda","Destacada","Formaci\u00f3n"],"inLanguage":"es"},{"@type":"WebPage","@id":"https:\/\/cmvsf2.org\/web\/2025\/05\/26\/otitis-en-mascotas-sintomas-diagnostico-tratamiento\/","url":"https:\/\/cmvsf2.org\/web\/2025\/05\/26\/otitis-en-mascotas-sintomas-diagnostico-tratamiento\/","name":"Otitis en mascotas. S\u00edntomas. Diagn\u00f3stico. Tratamiento. - Colegio De Veterinarios De Santa Fe 2da. Circunscripci\u00f3n","isPartOf":{"@id":"https:\/\/cmvsf2.org\/web\/#website"},"primaryImageOfPage":{"@id":"https:\/\/cmvsf2.org\/web\/2025\/05\/26\/otitis-en-mascotas-sintomas-diagnostico-tratamiento\/#primaryimage"},"image":{"@id":"https:\/\/cmvsf2.org\/web\/2025\/05\/26\/otitis-en-mascotas-sintomas-diagnostico-tratamiento\/#primaryimage"},"thumbnailUrl":"https:\/\/cmvsf2.org\/web\/wp-content\/uploads\/2025\/05\/OTITIS-EN-MASCOTAS.-Sintomas.-Diagnostico.-Tratamiento.-3-e1748265766155.png","datePublished":"2025-05-26T13:12:49+00:00","dateModified":"2025-05-26T13:34:13+00:00","description":"El CMVSF2 invita a la charla \"OTITIS EN MASCOTAS. S\u00edntomas. Diagn\u00f3stico. Tratamiento\", que tendr\u00e1 lugar el jueves 29 de mayoa a las 20.30 hs. La misma","breadcrumb":{"@id":"https:\/\/cmvsf2.org\/web\/2025\/05\/26\/otitis-en-mascotas-sintomas-diagnostico-tratamiento\/#breadcrumb"},"inLanguage":"es","potentialAction":[{"@type":"ReadAction","target":["https:\/\/cmvsf2.org\/web\/2025\/05\/26\/otitis-en-mascotas-sintomas-diagnostico-tratamiento\/"]}]},{"@type":"ImageObject","inLanguage":"es","@id":"https:\/\/cmvsf2.org\/web\/2025\/05\/26\/otitis-en-mascotas-sintomas-diagnostico-tratamiento\/#primaryimage","url":"https:\/\/cmvsf2.org\/web\/wp-content\/uploads\/2025\/05\/OTITIS-EN-MASCOTAS.-Sintomas.-Diagnostico.-Tratamiento.-3-e1748265766155.png","contentUrl":"https:\/\/cmvsf2.org\/web\/wp-content\/uploads\/2025\/05\/OTITIS-EN-MASCOTAS.-Sintomas.-Diagnostico.-Tratamiento.-3-e1748265766155.png","width":1080,"height":893},{"@type":"BreadcrumbList","@id":"https:\/\/cmvsf2.org\/web\/2025\/05\/26\/otitis-en-mascotas-sintomas-diagnostico-tratamiento\/#breadcrumb","itemListElement":[{"@type":"ListItem","position":1,"name":"Portada","item":"https:\/\/cmvsf2.org\/web\/"},{"@type":"ListItem","position":2,"name":"Otitis en mascotas. S\u00edntomas. Diagn\u00f3stico. Tratamiento."}]},{"@type":"WebSite","@id":"https:\/\/cmvsf2.org\/web\/#website","url":"https:\/\/cmvsf2.org\/web\/","name":"Colegio De Veterinarios De Santa Fe 2da. Circunscripci\u00f3n","description":"Sitio institucional del Colegio de M\u00e9dicos Veterinario de Santa Fe 2da. Circunscripci\u00f3n","publisher":{"@id":"https:\/\/cmvsf2.org\/web\/#organization"},"potentialAction":[{"@type":"SearchAction","target":{"@type":"EntryPoint","urlTemplate":"https:\/\/cmvsf2.org\/web\/?s={search_term_string}"},"query-input":{"@type":"PropertyValueSpecification","valueRequired":true,"valueName":"search_term_string"}}],"inLanguage":"es"},{"@type":"Organization","@id":"https:\/\/cmvsf2.org\/web\/#organization","name":"Colegio De Veterinarios De Santa Fe 2da. Circunscripci\u00f3n","url":"https:\/\/cmvsf2.org\/web\/","logo":{"@type":"ImageObject","inLanguage":"es","@id":"https:\/\/cmvsf2.org\/web\/#\/schema\/logo\/image\/","url":"http:\/\/cmvsf2.org\/web\/wp-content\/uploads\/2020\/03\/vector-logo-02.png","contentUrl":"http:\/\/cmvsf2.org\/web\/wp-content\/uploads\/2020\/03\/vector-logo-02.png","width":2750,"height":642,"caption":"Colegio De Veterinarios De Santa Fe 2da. Circunscripci\u00f3n"},"image":{"@id":"https:\/\/cmvsf2.org\/web\/#\/schema\/logo\/image\/"}},{"@type":"Person","@id":"https:\/\/cmvsf2.org\/web\/#\/schema\/person\/46ea3630099a4a3df8d89f07cf5f7520","name":"cmvsf2","image":{"@type":"ImageObject","inLanguage":"es","@id":"https:\/\/secure.gravatar.com\/avatar\/669647b61c77f28f1aa51df04174a5ecb296e9988b4a93d2870666cd1f502cd7?s=96&d=mm&r=g","url":"https:\/\/secure.gravatar.com\/avatar\/669647b61c77f28f1aa51df04174a5ecb296e9988b4a93d2870666cd1f502cd7?s=96&d=mm&r=g","contentUrl":"https:\/\/secure.gravatar.com\/avatar\/669647b61c77f28f1aa51df04174a5ecb296e9988b4a93d2870666cd1f502cd7?s=96&d=mm&r=g","caption":"cmvsf2"}}]}},"_links":{"self":[{"href":"https:\/\/cmvsf2.org\/web\/wp-json\/wp\/v2\/posts\/34914","targetHints":{"allow":["GET"]}}],"collection":[{"href":"https:\/\/cmvsf2.org\/web\/wp-json\/wp\/v2\/posts"}],"about":[{"href":"https:\/\/cmvsf2.org\/web\/wp-json\/wp\/v2\/types\/post"}],"author":[{"embeddable":true,"href":"https:\/\/cmvsf2.org\/web\/wp-json\/wp\/v2\/users\/3"}],"replies":[{"embeddable":true,"href":"https:\/\/cmvsf2.org\/web\/wp-json\/wp\/v2\/comments?post=34914"}],"version-history":[{"count":1,"href":"https:\/\/cmvsf2.org\/web\/wp-json\/wp\/v2\/posts\/34914\/revisions"}],"predecessor-version":[{"id":34916,"href":"https:\/\/cmvsf2.org\/web\/wp-json\/wp\/v2\/posts\/34914\/revisions\/34916"}],"wp:featuredmedia":[{"embeddable":true,"href":"https:\/\/cmvsf2.org\/web\/wp-json\/wp\/v2\/media\/34918"}],"wp:attachment":[{"href":"https:\/\/cmvsf2.org\/web\/wp-json\/wp\/v2\/media?parent=34914"}],"wp:term":[{"taxonomy":"category","embeddable":true,"href":"https:\/\/cmvsf2.org\/web\/wp-json\/wp\/v2\/categories?post=34914"},{"taxonomy":"post_tag","embeddable":true,"href":"https:\/\/cmvsf2.org\/web\/wp-json\/wp\/v2\/tags?post=34914"}],"curies":[{"name":"wp","href":"https:\/\/api.w.org\/{rel}","templated":true}]}}