{"id":34804,"date":"2025-03-18T14:54:20","date_gmt":"2025-03-18T17:54:20","guid":{"rendered":"https:\/\/cmvsf2.org\/web\/?p=34804"},"modified":"2025-03-18T14:54:20","modified_gmt":"2025-03-18T17:54:20","slug":"se-realizo-la-primera-jornada-de-matriculacion-del-2025","status":"publish","type":"post","link":"https:\/\/cmvsf2.org\/web\/2025\/03\/18\/se-realizo-la-primera-jornada-de-matriculacion-del-2025\/","title":{"rendered":"Se realiz\u00f3 la primera Jornada de Matriculaci\u00f3n del 2025"},"content":{"rendered":"<p>El pasado viernes 14 de marzo en la sede del CMVSF2 se realiz\u00f3 la XXIV Jornada Obligatoria de Matriculaci\u00f3n Profesional con la asistencia de catorce profesionales a saber:<\/p>\n<p>1968\u00a0\u00a0\u00a0\u00a0\u00a0 Genovese, Francisco<\/p>\n<p>2063\u00a0\u00a0\u00a0\u00a0\u00a0 Razuk, Ariel Jos\u00e9<\/p>\n<p>2139\u00a0\u00a0\u00a0\u00a0\u00a0 Baixauli, Paula<\/p>\n<p>2141\u00a0\u00a0\u00a0\u00a0\u00a0 Rivero, Juan Eduardo<\/p>\n<p>2148\u00a0\u00a0\u00a0\u00a0\u00a0 Sol\u00eds, Antonella Roc\u00edo<\/p>\n<p>2151\u00a0\u00a0\u00a0\u00a0\u00a0 Boero, Agostina Maria<\/p>\n<p>2152\u00a0\u00a0\u00a0\u00a0\u00a0 Alga\u00f1araz, Ana Clara<\/p>\n<p>2153\u00a0\u00a0\u00a0\u00a0\u00a0 Garcilazo, Micaela<\/p>\n<p>2155\u00a0\u00a0\u00a0\u00a0\u00a0 Cirimele, Mar\u00eda Noel<\/p>\n<p>2157\u00a0\u00a0\u00a0\u00a0\u00a0 Soria, C\u00e9sar Hern\u00e1n<\/p>\n<p>2159\u00a0\u00a0\u00a0\u00a0\u00a0 Muratori, Rosmari<\/p>\n<p>2160\u00a0\u00a0\u00a0\u00a0\u00a0 Campagna, Maite<\/p>\n<p>2161\u00a0\u00a0\u00a0\u00a0\u00a0 Ag\u00fcero, Nadia De Lourdes<\/p>\n<p>2163\u00a0\u00a0\u00a0\u00a0\u00a0 Mantoan, Ezequiel<\/p>\n<p>El temario del d\u00eda incluy\u00f3 diversos temas de inter\u00e9s para los\/as matriculados\/as, entre ellos, los beneficios de pertenecer al Colegio, nomencladores, aspectos legales fundamentales a tener en cuenta en la profesi\u00f3n veterinaria, Tribunal de \u00c9tica, principales aspectos contables, valoraci\u00f3n del Gavet, auditor\u00edas, la Caja del Arte de Curar, certificaciones seg\u00fan dedicaci\u00f3n.<\/p>\n<p>Auguramos a todos\/es ellos\/as un pr\u00f3spero camino profesional.<\/p>\n","protected":false},"excerpt":{"rendered":"<p>El pasado viernes 14 de marzo en la sede del CMVSF2 se realiz\u00f3 la XXIV Jornada Obligatoria de Matriculaci\u00f3n Profesional con la asistencia de catorce profesionales a saber: 1968\u00a0\u00a0\u00a0\u00a0\u00a0 Genovese, Francisco 2063\u00a0\u00a0\u00a0\u00a0\u00a0 Razuk, Ariel Jos\u00e9 2139\u00a0\u00a0\u00a0\u00a0\u00a0 Baixauli, Paula 2141\u00a0\u00a0\u00a0\u00a0\u00a0 Rivero, Juan Eduardo 2148\u00a0\u00a0\u00a0\u00a0\u00a0 Sol\u00eds, Antonella Roc\u00edo 2151\u00a0\u00a0\u00a0\u00a0\u00a0 Boero, Agostina Maria 2152\u00a0\u00a0\u00a0\u00a0\u00a0 Alga\u00f1araz, Ana Clara 2153\u00a0\u00a0\u00a0\u00a0\u00a0 Garcilazo, Micaela 2155\u00a0\u00a0\u00a0\u00a0\u00a0 Cirimele, Mar\u00eda Noel 2157\u00a0\u00a0\u00a0\u00a0\u00a0 Soria, C\u00e9sar [&hellip;]<\/p>\n","protected":false},"author":3,"featured_media":34805,"comment_status":"closed","ping_status":"closed","sticky":false,"template":"","format":"standard","meta":{"_acf_changed":false,"footnotes":""},"categories":[343,345],"tags":[1026,934],"class_list":["post-34804","post","type-post","status-publish","format-standard","has-post-thumbnail","hentry","category-destacada","category-institucionales","tag-1026","tag-jornada-de-matriculacion"],"acf":[],"yoast_head":"<!-- This site is optimized with the Yoast SEO plugin v28.2 - https:\/\/yoast.com\/product\/yoast-seo-wordpress\/ -->\n<title>Se realiz\u00f3 la primera Jornada de Matriculaci\u00f3n del 2025 - Colegio De Veterinarios De Santa Fe 2da. Circunscripci\u00f3n<\/title>\n<meta name=\"description\" content=\"El pasado viernes 14 de marzo en la sede del CMVSF2 se realiz\u00f3 la XXIV Jornada Obligatoria de Matriculaci\u00f3n Profesional con la asistencia de catorce\" \/>\n<meta name=\"robots\" content=\"index, follow, max-snippet:-1, max-image-preview:large, max-video-preview:-1\" \/>\n<link rel=\"canonical\" href=\"https:\/\/cmvsf2.org\/web\/2025\/03\/18\/se-realizo-la-primera-jornada-de-matriculacion-del-2025\/\" \/>\n<meta property=\"og:locale\" content=\"es_ES\" \/>\n<meta property=\"og:type\" content=\"article\" \/>\n<meta property=\"og:title\" content=\"Se realiz\u00f3 la primera Jornada de Matriculaci\u00f3n del 2025 - Colegio De Veterinarios De Santa Fe 2da. Circunscripci\u00f3n\" \/>\n<meta property=\"og:description\" content=\"El pasado viernes 14 de marzo en la sede del CMVSF2 se realiz\u00f3 la XXIV Jornada Obligatoria de Matriculaci\u00f3n Profesional con la asistencia de catorce\" \/>\n<meta property=\"og:url\" content=\"https:\/\/cmvsf2.org\/web\/2025\/03\/18\/se-realizo-la-primera-jornada-de-matriculacion-del-2025\/\" \/>\n<meta property=\"og:site_name\" content=\"Colegio De Veterinarios De Santa Fe 2da. Circunscripci\u00f3n\" \/>\n<meta property=\"article:published_time\" content=\"2025-03-18T17:54:20+00:00\" \/>\n<meta property=\"og:image\" content=\"https:\/\/cmvsf2.org\/web\/wp-content\/uploads\/2025\/03\/WhatsApp-Image-2025-03-17-at-14.58.57.jpeg\" \/>\n\t<meta property=\"og:image:width\" content=\"1280\" \/>\n\t<meta property=\"og:image:height\" content=\"771\" \/>\n\t<meta property=\"og:image:type\" content=\"image\/jpeg\" \/>\n<meta name=\"author\" content=\"cmvsf2\" \/>\n<meta name=\"twitter:card\" content=\"summary_large_image\" \/>\n<meta name=\"twitter:label1\" content=\"Escrito por\" \/>\n\t<meta name=\"twitter:data1\" content=\"cmvsf2\" \/>\n\t<meta name=\"twitter:label2\" content=\"Tiempo de lectura\" \/>\n\t<meta name=\"twitter:data2\" content=\"1 minuto\" \/>\n<script type=\"application\/ld+json\" class=\"yoast-schema-graph\">{\"@context\":\"https:\\\/\\\/schema.org\",\"@graph\":[{\"@type\":\"Article\",\"@id\":\"https:\\\/\\\/cmvsf2.org\\\/web\\\/2025\\\/03\\\/18\\\/se-realizo-la-primera-jornada-de-matriculacion-del-2025\\\/#article\",\"isPartOf\":{\"@id\":\"https:\\\/\\\/cmvsf2.org\\\/web\\\/2025\\\/03\\\/18\\\/se-realizo-la-primera-jornada-de-matriculacion-del-2025\\\/\"},\"author\":{\"name\":\"cmvsf2\",\"@id\":\"https:\\\/\\\/cmvsf2.org\\\/web\\\/#\\\/schema\\\/person\\\/46ea3630099a4a3df8d89f07cf5f7520\"},\"headline\":\"Se realiz\u00f3 la primera Jornada de Matriculaci\u00f3n del 2025\",\"datePublished\":\"2025-03-18T17:54:20+00:00\",\"mainEntityOfPage\":{\"@id\":\"https:\\\/\\\/cmvsf2.org\\\/web\\\/2025\\\/03\\\/18\\\/se-realizo-la-primera-jornada-de-matriculacion-del-2025\\\/\"},\"wordCount\":152,\"publisher\":{\"@id\":\"https:\\\/\\\/cmvsf2.org\\\/web\\\/#organization\"},\"image\":{\"@id\":\"https:\\\/\\\/cmvsf2.org\\\/web\\\/2025\\\/03\\\/18\\\/se-realizo-la-primera-jornada-de-matriculacion-del-2025\\\/#primaryimage\"},\"thumbnailUrl\":\"https:\\\/\\\/cmvsf2.org\\\/web\\\/wp-content\\\/uploads\\\/2025\\\/03\\\/WhatsApp-Image-2025-03-17-at-14.58.57.jpeg\",\"keywords\":[\"2025\",\"Jornada de Matriculaci\u00f3n\"],\"articleSection\":[\"Destacada\",\"Institucionales\"],\"inLanguage\":\"es\"},{\"@type\":\"WebPage\",\"@id\":\"https:\\\/\\\/cmvsf2.org\\\/web\\\/2025\\\/03\\\/18\\\/se-realizo-la-primera-jornada-de-matriculacion-del-2025\\\/\",\"url\":\"https:\\\/\\\/cmvsf2.org\\\/web\\\/2025\\\/03\\\/18\\\/se-realizo-la-primera-jornada-de-matriculacion-del-2025\\\/\",\"name\":\"Se realiz\u00f3 la primera Jornada de Matriculaci\u00f3n del 2025 - Colegio De Veterinarios De Santa Fe 2da. Circunscripci\u00f3n\",\"isPartOf\":{\"@id\":\"https:\\\/\\\/cmvsf2.org\\\/web\\\/#website\"},\"primaryImageOfPage\":{\"@id\":\"https:\\\/\\\/cmvsf2.org\\\/web\\\/2025\\\/03\\\/18\\\/se-realizo-la-primera-jornada-de-matriculacion-del-2025\\\/#primaryimage\"},\"image\":{\"@id\":\"https:\\\/\\\/cmvsf2.org\\\/web\\\/2025\\\/03\\\/18\\\/se-realizo-la-primera-jornada-de-matriculacion-del-2025\\\/#primaryimage\"},\"thumbnailUrl\":\"https:\\\/\\\/cmvsf2.org\\\/web\\\/wp-content\\\/uploads\\\/2025\\\/03\\\/WhatsApp-Image-2025-03-17-at-14.58.57.jpeg\",\"datePublished\":\"2025-03-18T17:54:20+00:00\",\"description\":\"El pasado viernes 14 de marzo en la sede del CMVSF2 se realiz\u00f3 la XXIV Jornada Obligatoria de Matriculaci\u00f3n Profesional con la asistencia de catorce\",\"breadcrumb\":{\"@id\":\"https:\\\/\\\/cmvsf2.org\\\/web\\\/2025\\\/03\\\/18\\\/se-realizo-la-primera-jornada-de-matriculacion-del-2025\\\/#breadcrumb\"},\"inLanguage\":\"es\",\"potentialAction\":[{\"@type\":\"ReadAction\",\"target\":[\"https:\\\/\\\/cmvsf2.org\\\/web\\\/2025\\\/03\\\/18\\\/se-realizo-la-primera-jornada-de-matriculacion-del-2025\\\/\"]}]},{\"@type\":\"ImageObject\",\"inLanguage\":\"es\",\"@id\":\"https:\\\/\\\/cmvsf2.org\\\/web\\\/2025\\\/03\\\/18\\\/se-realizo-la-primera-jornada-de-matriculacion-del-2025\\\/#primaryimage\",\"url\":\"https:\\\/\\\/cmvsf2.org\\\/web\\\/wp-content\\\/uploads\\\/2025\\\/03\\\/WhatsApp-Image-2025-03-17-at-14.58.57.jpeg\",\"contentUrl\":\"https:\\\/\\\/cmvsf2.org\\\/web\\\/wp-content\\\/uploads\\\/2025\\\/03\\\/WhatsApp-Image-2025-03-17-at-14.58.57.jpeg\",\"width\":1280,\"height\":771},{\"@type\":\"BreadcrumbList\",\"@id\":\"https:\\\/\\\/cmvsf2.org\\\/web\\\/2025\\\/03\\\/18\\\/se-realizo-la-primera-jornada-de-matriculacion-del-2025\\\/#breadcrumb\",\"itemListElement\":[{\"@type\":\"ListItem\",\"position\":1,\"name\":\"Portada\",\"item\":\"https:\\\/\\\/cmvsf2.org\\\/web\\\/\"},{\"@type\":\"ListItem\",\"position\":2,\"name\":\"Se realiz\u00f3 la primera Jornada de Matriculaci\u00f3n del 2025\"}]},{\"@type\":\"WebSite\",\"@id\":\"https:\\\/\\\/cmvsf2.org\\\/web\\\/#website\",\"url\":\"https:\\\/\\\/cmvsf2.org\\\/web\\\/\",\"name\":\"Colegio De Veterinarios De Santa Fe 2da. Circunscripci\u00f3n\",\"description\":\"Sitio institucional del Colegio de M\u00e9dicos Veterinario de Santa Fe 2da. Circunscripci\u00f3n\",\"publisher\":{\"@id\":\"https:\\\/\\\/cmvsf2.org\\\/web\\\/#organization\"},\"potentialAction\":[{\"@type\":\"SearchAction\",\"target\":{\"@type\":\"EntryPoint\",\"urlTemplate\":\"https:\\\/\\\/cmvsf2.org\\\/web\\\/?s={search_term_string}\"},\"query-input\":{\"@type\":\"PropertyValueSpecification\",\"valueRequired\":true,\"valueName\":\"search_term_string\"}}],\"inLanguage\":\"es\"},{\"@type\":\"Organization\",\"@id\":\"https:\\\/\\\/cmvsf2.org\\\/web\\\/#organization\",\"name\":\"Colegio De Veterinarios De Santa Fe 2da. Circunscripci\u00f3n\",\"url\":\"https:\\\/\\\/cmvsf2.org\\\/web\\\/\",\"logo\":{\"@type\":\"ImageObject\",\"inLanguage\":\"es\",\"@id\":\"https:\\\/\\\/cmvsf2.org\\\/web\\\/#\\\/schema\\\/logo\\\/image\\\/\",\"url\":\"http:\\\/\\\/cmvsf2.org\\\/web\\\/wp-content\\\/uploads\\\/2020\\\/03\\\/vector-logo-02.png\",\"contentUrl\":\"http:\\\/\\\/cmvsf2.org\\\/web\\\/wp-content\\\/uploads\\\/2020\\\/03\\\/vector-logo-02.png\",\"width\":2750,\"height\":642,\"caption\":\"Colegio De Veterinarios De Santa Fe 2da. Circunscripci\u00f3n\"},\"image\":{\"@id\":\"https:\\\/\\\/cmvsf2.org\\\/web\\\/#\\\/schema\\\/logo\\\/image\\\/\"}},{\"@type\":\"Person\",\"@id\":\"https:\\\/\\\/cmvsf2.org\\\/web\\\/#\\\/schema\\\/person\\\/46ea3630099a4a3df8d89f07cf5f7520\",\"name\":\"cmvsf2\",\"image\":{\"@type\":\"ImageObject\",\"inLanguage\":\"es\",\"@id\":\"https:\\\/\\\/secure.gravatar.com\\\/avatar\\\/669647b61c77f28f1aa51df04174a5ecb296e9988b4a93d2870666cd1f502cd7?s=96&d=mm&r=g\",\"url\":\"https:\\\/\\\/secure.gravatar.com\\\/avatar\\\/669647b61c77f28f1aa51df04174a5ecb296e9988b4a93d2870666cd1f502cd7?s=96&d=mm&r=g\",\"contentUrl\":\"https:\\\/\\\/secure.gravatar.com\\\/avatar\\\/669647b61c77f28f1aa51df04174a5ecb296e9988b4a93d2870666cd1f502cd7?s=96&d=mm&r=g\",\"caption\":\"cmvsf2\"}}]}<\/script>\n<!-- \/ Yoast SEO plugin. -->","yoast_head_json":{"title":"Se realiz\u00f3 la primera Jornada de Matriculaci\u00f3n del 2025 - Colegio De Veterinarios De Santa Fe 2da. Circunscripci\u00f3n","description":"El pasado viernes 14 de marzo en la sede del CMVSF2 se realiz\u00f3 la XXIV Jornada Obligatoria de Matriculaci\u00f3n Profesional con la asistencia de catorce","robots":{"index":"index","follow":"follow","max-snippet":"max-snippet:-1","max-image-preview":"max-image-preview:large","max-video-preview":"max-video-preview:-1"},"canonical":"https:\/\/cmvsf2.org\/web\/2025\/03\/18\/se-realizo-la-primera-jornada-de-matriculacion-del-2025\/","og_locale":"es_ES","og_type":"article","og_title":"Se realiz\u00f3 la primera Jornada de Matriculaci\u00f3n del 2025 - Colegio De Veterinarios De Santa Fe 2da. Circunscripci\u00f3n","og_description":"El pasado viernes 14 de marzo en la sede del CMVSF2 se realiz\u00f3 la XXIV Jornada Obligatoria de Matriculaci\u00f3n Profesional con la asistencia de catorce","og_url":"https:\/\/cmvsf2.org\/web\/2025\/03\/18\/se-realizo-la-primera-jornada-de-matriculacion-del-2025\/","og_site_name":"Colegio De Veterinarios De Santa Fe 2da. Circunscripci\u00f3n","article_published_time":"2025-03-18T17:54:20+00:00","og_image":[{"width":1280,"height":771,"url":"https:\/\/cmvsf2.org\/web\/wp-content\/uploads\/2025\/03\/WhatsApp-Image-2025-03-17-at-14.58.57.jpeg","type":"image\/jpeg"}],"author":"cmvsf2","twitter_card":"summary_large_image","twitter_misc":{"Escrito por":"cmvsf2","Tiempo de lectura":"1 minuto"},"schema":{"@context":"https:\/\/schema.org","@graph":[{"@type":"Article","@id":"https:\/\/cmvsf2.org\/web\/2025\/03\/18\/se-realizo-la-primera-jornada-de-matriculacion-del-2025\/#article","isPartOf":{"@id":"https:\/\/cmvsf2.org\/web\/2025\/03\/18\/se-realizo-la-primera-jornada-de-matriculacion-del-2025\/"},"author":{"name":"cmvsf2","@id":"https:\/\/cmvsf2.org\/web\/#\/schema\/person\/46ea3630099a4a3df8d89f07cf5f7520"},"headline":"Se realiz\u00f3 la primera Jornada de Matriculaci\u00f3n del 2025","datePublished":"2025-03-18T17:54:20+00:00","mainEntityOfPage":{"@id":"https:\/\/cmvsf2.org\/web\/2025\/03\/18\/se-realizo-la-primera-jornada-de-matriculacion-del-2025\/"},"wordCount":152,"publisher":{"@id":"https:\/\/cmvsf2.org\/web\/#organization"},"image":{"@id":"https:\/\/cmvsf2.org\/web\/2025\/03\/18\/se-realizo-la-primera-jornada-de-matriculacion-del-2025\/#primaryimage"},"thumbnailUrl":"https:\/\/cmvsf2.org\/web\/wp-content\/uploads\/2025\/03\/WhatsApp-Image-2025-03-17-at-14.58.57.jpeg","keywords":["2025","Jornada de Matriculaci\u00f3n"],"articleSection":["Destacada","Institucionales"],"inLanguage":"es"},{"@type":"WebPage","@id":"https:\/\/cmvsf2.org\/web\/2025\/03\/18\/se-realizo-la-primera-jornada-de-matriculacion-del-2025\/","url":"https:\/\/cmvsf2.org\/web\/2025\/03\/18\/se-realizo-la-primera-jornada-de-matriculacion-del-2025\/","name":"Se realiz\u00f3 la primera Jornada de Matriculaci\u00f3n del 2025 - Colegio De Veterinarios De Santa Fe 2da. Circunscripci\u00f3n","isPartOf":{"@id":"https:\/\/cmvsf2.org\/web\/#website"},"primaryImageOfPage":{"@id":"https:\/\/cmvsf2.org\/web\/2025\/03\/18\/se-realizo-la-primera-jornada-de-matriculacion-del-2025\/#primaryimage"},"image":{"@id":"https:\/\/cmvsf2.org\/web\/2025\/03\/18\/se-realizo-la-primera-jornada-de-matriculacion-del-2025\/#primaryimage"},"thumbnailUrl":"https:\/\/cmvsf2.org\/web\/wp-content\/uploads\/2025\/03\/WhatsApp-Image-2025-03-17-at-14.58.57.jpeg","datePublished":"2025-03-18T17:54:20+00:00","description":"El pasado viernes 14 de marzo en la sede del CMVSF2 se realiz\u00f3 la XXIV Jornada Obligatoria de Matriculaci\u00f3n Profesional con la asistencia de catorce","breadcrumb":{"@id":"https:\/\/cmvsf2.org\/web\/2025\/03\/18\/se-realizo-la-primera-jornada-de-matriculacion-del-2025\/#breadcrumb"},"inLanguage":"es","potentialAction":[{"@type":"ReadAction","target":["https:\/\/cmvsf2.org\/web\/2025\/03\/18\/se-realizo-la-primera-jornada-de-matriculacion-del-2025\/"]}]},{"@type":"ImageObject","inLanguage":"es","@id":"https:\/\/cmvsf2.org\/web\/2025\/03\/18\/se-realizo-la-primera-jornada-de-matriculacion-del-2025\/#primaryimage","url":"https:\/\/cmvsf2.org\/web\/wp-content\/uploads\/2025\/03\/WhatsApp-Image-2025-03-17-at-14.58.57.jpeg","contentUrl":"https:\/\/cmvsf2.org\/web\/wp-content\/uploads\/2025\/03\/WhatsApp-Image-2025-03-17-at-14.58.57.jpeg","width":1280,"height":771},{"@type":"BreadcrumbList","@id":"https:\/\/cmvsf2.org\/web\/2025\/03\/18\/se-realizo-la-primera-jornada-de-matriculacion-del-2025\/#breadcrumb","itemListElement":[{"@type":"ListItem","position":1,"name":"Portada","item":"https:\/\/cmvsf2.org\/web\/"},{"@type":"ListItem","position":2,"name":"Se realiz\u00f3 la primera Jornada de Matriculaci\u00f3n del 2025"}]},{"@type":"WebSite","@id":"https:\/\/cmvsf2.org\/web\/#website","url":"https:\/\/cmvsf2.org\/web\/","name":"Colegio De Veterinarios De Santa Fe 2da. Circunscripci\u00f3n","description":"Sitio institucional del Colegio de M\u00e9dicos Veterinario de Santa Fe 2da. Circunscripci\u00f3n","publisher":{"@id":"https:\/\/cmvsf2.org\/web\/#organization"},"potentialAction":[{"@type":"SearchAction","target":{"@type":"EntryPoint","urlTemplate":"https:\/\/cmvsf2.org\/web\/?s={search_term_string}"},"query-input":{"@type":"PropertyValueSpecification","valueRequired":true,"valueName":"search_term_string"}}],"inLanguage":"es"},{"@type":"Organization","@id":"https:\/\/cmvsf2.org\/web\/#organization","name":"Colegio De Veterinarios De Santa Fe 2da. Circunscripci\u00f3n","url":"https:\/\/cmvsf2.org\/web\/","logo":{"@type":"ImageObject","inLanguage":"es","@id":"https:\/\/cmvsf2.org\/web\/#\/schema\/logo\/image\/","url":"http:\/\/cmvsf2.org\/web\/wp-content\/uploads\/2020\/03\/vector-logo-02.png","contentUrl":"http:\/\/cmvsf2.org\/web\/wp-content\/uploads\/2020\/03\/vector-logo-02.png","width":2750,"height":642,"caption":"Colegio De Veterinarios De Santa Fe 2da. Circunscripci\u00f3n"},"image":{"@id":"https:\/\/cmvsf2.org\/web\/#\/schema\/logo\/image\/"}},{"@type":"Person","@id":"https:\/\/cmvsf2.org\/web\/#\/schema\/person\/46ea3630099a4a3df8d89f07cf5f7520","name":"cmvsf2","image":{"@type":"ImageObject","inLanguage":"es","@id":"https:\/\/secure.gravatar.com\/avatar\/669647b61c77f28f1aa51df04174a5ecb296e9988b4a93d2870666cd1f502cd7?s=96&d=mm&r=g","url":"https:\/\/secure.gravatar.com\/avatar\/669647b61c77f28f1aa51df04174a5ecb296e9988b4a93d2870666cd1f502cd7?s=96&d=mm&r=g","contentUrl":"https:\/\/secure.gravatar.com\/avatar\/669647b61c77f28f1aa51df04174a5ecb296e9988b4a93d2870666cd1f502cd7?s=96&d=mm&r=g","caption":"cmvsf2"}}]}},"_links":{"self":[{"href":"https:\/\/cmvsf2.org\/web\/wp-json\/wp\/v2\/posts\/34804","targetHints":{"allow":["GET"]}}],"collection":[{"href":"https:\/\/cmvsf2.org\/web\/wp-json\/wp\/v2\/posts"}],"about":[{"href":"https:\/\/cmvsf2.org\/web\/wp-json\/wp\/v2\/types\/post"}],"author":[{"embeddable":true,"href":"https:\/\/cmvsf2.org\/web\/wp-json\/wp\/v2\/users\/3"}],"replies":[{"embeddable":true,"href":"https:\/\/cmvsf2.org\/web\/wp-json\/wp\/v2\/comments?post=34804"}],"version-history":[{"count":1,"href":"https:\/\/cmvsf2.org\/web\/wp-json\/wp\/v2\/posts\/34804\/revisions"}],"predecessor-version":[{"id":34806,"href":"https:\/\/cmvsf2.org\/web\/wp-json\/wp\/v2\/posts\/34804\/revisions\/34806"}],"wp:featuredmedia":[{"embeddable":true,"href":"https:\/\/cmvsf2.org\/web\/wp-json\/wp\/v2\/media\/34805"}],"wp:attachment":[{"href":"https:\/\/cmvsf2.org\/web\/wp-json\/wp\/v2\/media?parent=34804"}],"wp:term":[{"taxonomy":"category","embeddable":true,"href":"https:\/\/cmvsf2.org\/web\/wp-json\/wp\/v2\/categories?post=34804"},{"taxonomy":"post_tag","embeddable":true,"href":"https:\/\/cmvsf2.org\/web\/wp-json\/wp\/v2\/tags?post=34804"}],"curies":[{"name":"wp","href":"https:\/\/api.w.org\/{rel}","templated":true}]}}