{"id":34728,"date":"2025-02-11T16:32:41","date_gmt":"2025-02-11T19:32:41","guid":{"rendered":"https:\/\/cmvsf2.org\/web\/?p=34728"},"modified":"2025-02-11T16:40:26","modified_gmt":"2025-02-11T19:40:26","slug":"se-necesita-profesional-con-movilidad-propia","status":"publish","type":"post","link":"https:\/\/cmvsf2.org\/web\/2025\/02\/11\/se-necesita-profesional-con-movilidad-propia\/","title":{"rendered":"B\u00fasqueda de profesional con movilidad propia"},"content":{"rendered":"<p><span class=\"OYPEnA font-feature-liga-off font-feature-clig-off font-feature-calt-off text-decoration-none text-strikethrough-none\">Veterinaria Movilvet busca M\u00e9dica\/o Veterinaria\/o con movilidad propia para visitas a domicilio.<\/span><\/p>\n<p><span class=\"OYPEnA font-feature-liga-off font-feature-clig-off font-feature-calt-off text-decoration-none text-strikethrough-none\">Interesadas\/os comunicarse al 341 3 340142<\/span><\/p>\n<p>&nbsp;<\/p>\n","protected":false},"excerpt":{"rendered":"<p>Veterinaria Movilvet busca M\u00e9dica\/o Veterinaria\/o con movilidad propia para visitas a domicilio. Interesadas\/os comunicarse al 341 3 340142 &nbsp;<\/p>\n","protected":false},"author":3,"featured_media":34729,"comment_status":"closed","ping_status":"closed","sticky":false,"template":"","format":"standard","meta":{"_acf_changed":false,"footnotes":""},"categories":[343,87],"tags":[],"class_list":["post-34728","post","type-post","status-publish","format-standard","has-post-thumbnail","hentry","category-destacada","category-trabajos-ofrecidos2"],"acf":[],"yoast_head":"<!-- This site is optimized with the Yoast SEO plugin v28.2 - https:\/\/yoast.com\/product\/yoast-seo-wordpress\/ -->\n<title>B\u00fasqueda de profesional con movilidad propia - Colegio De Veterinarios De Santa Fe 2da. Circunscripci\u00f3n<\/title>\n<meta name=\"description\" content=\"Veterinaria Movilvet busca M\u00e9dica\/o Veterinaria\/o con movilidad propia para visitas a domicilio.  Interesadas\/os comunicarse al 341 3 340142  &nbsp;\" \/>\n<meta name=\"robots\" content=\"index, follow, max-snippet:-1, max-image-preview:large, max-video-preview:-1\" \/>\n<link rel=\"canonical\" href=\"https:\/\/cmvsf2.org\/web\/2025\/02\/11\/se-necesita-profesional-con-movilidad-propia\/\" \/>\n<meta property=\"og:locale\" content=\"es_ES\" \/>\n<meta property=\"og:type\" content=\"article\" \/>\n<meta property=\"og:title\" content=\"B\u00fasqueda de profesional con movilidad propia - Colegio De Veterinarios De Santa Fe 2da. Circunscripci\u00f3n\" \/>\n<meta property=\"og:description\" content=\"Veterinaria Movilvet busca M\u00e9dica\/o Veterinaria\/o con movilidad propia para visitas a domicilio.  Interesadas\/os comunicarse al 341 3 340142  &nbsp;\" \/>\n<meta property=\"og:url\" content=\"https:\/\/cmvsf2.org\/web\/2025\/02\/11\/se-necesita-profesional-con-movilidad-propia\/\" \/>\n<meta property=\"og:site_name\" content=\"Colegio De Veterinarios De Santa Fe 2da. Circunscripci\u00f3n\" \/>\n<meta property=\"article:published_time\" content=\"2025-02-11T19:32:41+00:00\" \/>\n<meta property=\"article:modified_time\" content=\"2025-02-11T19:40:26+00:00\" \/>\n<meta property=\"og:image\" content=\"https:\/\/cmvsf2.org\/web\/wp-content\/uploads\/2025\/02\/cmvsf2-BUSQUEDA-LABORAL.png\" \/>\n\t<meta property=\"og:image:width\" content=\"1080\" \/>\n\t<meta property=\"og:image:height\" content=\"1080\" \/>\n\t<meta property=\"og:image:type\" content=\"image\/png\" \/>\n<meta name=\"author\" content=\"cmvsf2\" \/>\n<meta name=\"twitter:card\" content=\"summary_large_image\" \/>\n<meta name=\"twitter:label1\" content=\"Escrito por\" \/>\n\t<meta name=\"twitter:data1\" content=\"cmvsf2\" \/>\n\t<meta name=\"twitter:label2\" content=\"Tiempo de lectura\" \/>\n\t<meta name=\"twitter:data2\" content=\"1 minuto\" \/>\n<script type=\"application\/ld+json\" class=\"yoast-schema-graph\">{\"@context\":\"https:\\\/\\\/schema.org\",\"@graph\":[{\"@type\":\"Article\",\"@id\":\"https:\\\/\\\/cmvsf2.org\\\/web\\\/2025\\\/02\\\/11\\\/se-necesita-profesional-con-movilidad-propia\\\/#article\",\"isPartOf\":{\"@id\":\"https:\\\/\\\/cmvsf2.org\\\/web\\\/2025\\\/02\\\/11\\\/se-necesita-profesional-con-movilidad-propia\\\/\"},\"author\":{\"name\":\"cmvsf2\",\"@id\":\"https:\\\/\\\/cmvsf2.org\\\/web\\\/#\\\/schema\\\/person\\\/46ea3630099a4a3df8d89f07cf5f7520\"},\"headline\":\"B\u00fasqueda de profesional con movilidad propia\",\"datePublished\":\"2025-02-11T19:32:41+00:00\",\"dateModified\":\"2025-02-11T19:40:26+00:00\",\"mainEntityOfPage\":{\"@id\":\"https:\\\/\\\/cmvsf2.org\\\/web\\\/2025\\\/02\\\/11\\\/se-necesita-profesional-con-movilidad-propia\\\/\"},\"wordCount\":27,\"publisher\":{\"@id\":\"https:\\\/\\\/cmvsf2.org\\\/web\\\/#organization\"},\"image\":{\"@id\":\"https:\\\/\\\/cmvsf2.org\\\/web\\\/2025\\\/02\\\/11\\\/se-necesita-profesional-con-movilidad-propia\\\/#primaryimage\"},\"thumbnailUrl\":\"https:\\\/\\\/cmvsf2.org\\\/web\\\/wp-content\\\/uploads\\\/2025\\\/02\\\/cmvsf2-BUSQUEDA-LABORAL.png\",\"articleSection\":[\"Destacada\",\"Trabajos Ofrecidos\"],\"inLanguage\":\"es\"},{\"@type\":\"WebPage\",\"@id\":\"https:\\\/\\\/cmvsf2.org\\\/web\\\/2025\\\/02\\\/11\\\/se-necesita-profesional-con-movilidad-propia\\\/\",\"url\":\"https:\\\/\\\/cmvsf2.org\\\/web\\\/2025\\\/02\\\/11\\\/se-necesita-profesional-con-movilidad-propia\\\/\",\"name\":\"B\u00fasqueda de profesional con movilidad propia - Colegio De Veterinarios De Santa Fe 2da. Circunscripci\u00f3n\",\"isPartOf\":{\"@id\":\"https:\\\/\\\/cmvsf2.org\\\/web\\\/#website\"},\"primaryImageOfPage\":{\"@id\":\"https:\\\/\\\/cmvsf2.org\\\/web\\\/2025\\\/02\\\/11\\\/se-necesita-profesional-con-movilidad-propia\\\/#primaryimage\"},\"image\":{\"@id\":\"https:\\\/\\\/cmvsf2.org\\\/web\\\/2025\\\/02\\\/11\\\/se-necesita-profesional-con-movilidad-propia\\\/#primaryimage\"},\"thumbnailUrl\":\"https:\\\/\\\/cmvsf2.org\\\/web\\\/wp-content\\\/uploads\\\/2025\\\/02\\\/cmvsf2-BUSQUEDA-LABORAL.png\",\"datePublished\":\"2025-02-11T19:32:41+00:00\",\"dateModified\":\"2025-02-11T19:40:26+00:00\",\"description\":\"Veterinaria Movilvet busca M\u00e9dica\\\/o Veterinaria\\\/o con movilidad propia para visitas a domicilio. Interesadas\\\/os comunicarse al 341 3 340142 &nbsp;\",\"breadcrumb\":{\"@id\":\"https:\\\/\\\/cmvsf2.org\\\/web\\\/2025\\\/02\\\/11\\\/se-necesita-profesional-con-movilidad-propia\\\/#breadcrumb\"},\"inLanguage\":\"es\",\"potentialAction\":[{\"@type\":\"ReadAction\",\"target\":[\"https:\\\/\\\/cmvsf2.org\\\/web\\\/2025\\\/02\\\/11\\\/se-necesita-profesional-con-movilidad-propia\\\/\"]}]},{\"@type\":\"ImageObject\",\"inLanguage\":\"es\",\"@id\":\"https:\\\/\\\/cmvsf2.org\\\/web\\\/2025\\\/02\\\/11\\\/se-necesita-profesional-con-movilidad-propia\\\/#primaryimage\",\"url\":\"https:\\\/\\\/cmvsf2.org\\\/web\\\/wp-content\\\/uploads\\\/2025\\\/02\\\/cmvsf2-BUSQUEDA-LABORAL.png\",\"contentUrl\":\"https:\\\/\\\/cmvsf2.org\\\/web\\\/wp-content\\\/uploads\\\/2025\\\/02\\\/cmvsf2-BUSQUEDA-LABORAL.png\",\"width\":1080,\"height\":1080},{\"@type\":\"BreadcrumbList\",\"@id\":\"https:\\\/\\\/cmvsf2.org\\\/web\\\/2025\\\/02\\\/11\\\/se-necesita-profesional-con-movilidad-propia\\\/#breadcrumb\",\"itemListElement\":[{\"@type\":\"ListItem\",\"position\":1,\"name\":\"Portada\",\"item\":\"https:\\\/\\\/cmvsf2.org\\\/web\\\/\"},{\"@type\":\"ListItem\",\"position\":2,\"name\":\"B\u00fasqueda de profesional con movilidad propia\"}]},{\"@type\":\"WebSite\",\"@id\":\"https:\\\/\\\/cmvsf2.org\\\/web\\\/#website\",\"url\":\"https:\\\/\\\/cmvsf2.org\\\/web\\\/\",\"name\":\"Colegio De Veterinarios De Santa Fe 2da. Circunscripci\u00f3n\",\"description\":\"Sitio institucional del Colegio de M\u00e9dicos Veterinario de Santa Fe 2da. Circunscripci\u00f3n\",\"publisher\":{\"@id\":\"https:\\\/\\\/cmvsf2.org\\\/web\\\/#organization\"},\"potentialAction\":[{\"@type\":\"SearchAction\",\"target\":{\"@type\":\"EntryPoint\",\"urlTemplate\":\"https:\\\/\\\/cmvsf2.org\\\/web\\\/?s={search_term_string}\"},\"query-input\":{\"@type\":\"PropertyValueSpecification\",\"valueRequired\":true,\"valueName\":\"search_term_string\"}}],\"inLanguage\":\"es\"},{\"@type\":\"Organization\",\"@id\":\"https:\\\/\\\/cmvsf2.org\\\/web\\\/#organization\",\"name\":\"Colegio De Veterinarios De Santa Fe 2da. Circunscripci\u00f3n\",\"url\":\"https:\\\/\\\/cmvsf2.org\\\/web\\\/\",\"logo\":{\"@type\":\"ImageObject\",\"inLanguage\":\"es\",\"@id\":\"https:\\\/\\\/cmvsf2.org\\\/web\\\/#\\\/schema\\\/logo\\\/image\\\/\",\"url\":\"http:\\\/\\\/cmvsf2.org\\\/web\\\/wp-content\\\/uploads\\\/2020\\\/03\\\/vector-logo-02.png\",\"contentUrl\":\"http:\\\/\\\/cmvsf2.org\\\/web\\\/wp-content\\\/uploads\\\/2020\\\/03\\\/vector-logo-02.png\",\"width\":2750,\"height\":642,\"caption\":\"Colegio De Veterinarios De Santa Fe 2da. Circunscripci\u00f3n\"},\"image\":{\"@id\":\"https:\\\/\\\/cmvsf2.org\\\/web\\\/#\\\/schema\\\/logo\\\/image\\\/\"}},{\"@type\":\"Person\",\"@id\":\"https:\\\/\\\/cmvsf2.org\\\/web\\\/#\\\/schema\\\/person\\\/46ea3630099a4a3df8d89f07cf5f7520\",\"name\":\"cmvsf2\",\"image\":{\"@type\":\"ImageObject\",\"inLanguage\":\"es\",\"@id\":\"https:\\\/\\\/secure.gravatar.com\\\/avatar\\\/669647b61c77f28f1aa51df04174a5ecb296e9988b4a93d2870666cd1f502cd7?s=96&d=mm&r=g\",\"url\":\"https:\\\/\\\/secure.gravatar.com\\\/avatar\\\/669647b61c77f28f1aa51df04174a5ecb296e9988b4a93d2870666cd1f502cd7?s=96&d=mm&r=g\",\"contentUrl\":\"https:\\\/\\\/secure.gravatar.com\\\/avatar\\\/669647b61c77f28f1aa51df04174a5ecb296e9988b4a93d2870666cd1f502cd7?s=96&d=mm&r=g\",\"caption\":\"cmvsf2\"}}]}<\/script>\n<!-- \/ Yoast SEO plugin. -->","yoast_head_json":{"title":"B\u00fasqueda de profesional con movilidad propia - Colegio De Veterinarios De Santa Fe 2da. Circunscripci\u00f3n","description":"Veterinaria Movilvet busca M\u00e9dica\/o Veterinaria\/o con movilidad propia para visitas a domicilio.  Interesadas\/os comunicarse al 341 3 340142  &nbsp;","robots":{"index":"index","follow":"follow","max-snippet":"max-snippet:-1","max-image-preview":"max-image-preview:large","max-video-preview":"max-video-preview:-1"},"canonical":"https:\/\/cmvsf2.org\/web\/2025\/02\/11\/se-necesita-profesional-con-movilidad-propia\/","og_locale":"es_ES","og_type":"article","og_title":"B\u00fasqueda de profesional con movilidad propia - Colegio De Veterinarios De Santa Fe 2da. Circunscripci\u00f3n","og_description":"Veterinaria Movilvet busca M\u00e9dica\/o Veterinaria\/o con movilidad propia para visitas a domicilio.  Interesadas\/os comunicarse al 341 3 340142  &nbsp;","og_url":"https:\/\/cmvsf2.org\/web\/2025\/02\/11\/se-necesita-profesional-con-movilidad-propia\/","og_site_name":"Colegio De Veterinarios De Santa Fe 2da. Circunscripci\u00f3n","article_published_time":"2025-02-11T19:32:41+00:00","article_modified_time":"2025-02-11T19:40:26+00:00","og_image":[{"width":1080,"height":1080,"url":"https:\/\/cmvsf2.org\/web\/wp-content\/uploads\/2025\/02\/cmvsf2-BUSQUEDA-LABORAL.png","type":"image\/png"}],"author":"cmvsf2","twitter_card":"summary_large_image","twitter_misc":{"Escrito por":"cmvsf2","Tiempo de lectura":"1 minuto"},"schema":{"@context":"https:\/\/schema.org","@graph":[{"@type":"Article","@id":"https:\/\/cmvsf2.org\/web\/2025\/02\/11\/se-necesita-profesional-con-movilidad-propia\/#article","isPartOf":{"@id":"https:\/\/cmvsf2.org\/web\/2025\/02\/11\/se-necesita-profesional-con-movilidad-propia\/"},"author":{"name":"cmvsf2","@id":"https:\/\/cmvsf2.org\/web\/#\/schema\/person\/46ea3630099a4a3df8d89f07cf5f7520"},"headline":"B\u00fasqueda de profesional con movilidad propia","datePublished":"2025-02-11T19:32:41+00:00","dateModified":"2025-02-11T19:40:26+00:00","mainEntityOfPage":{"@id":"https:\/\/cmvsf2.org\/web\/2025\/02\/11\/se-necesita-profesional-con-movilidad-propia\/"},"wordCount":27,"publisher":{"@id":"https:\/\/cmvsf2.org\/web\/#organization"},"image":{"@id":"https:\/\/cmvsf2.org\/web\/2025\/02\/11\/se-necesita-profesional-con-movilidad-propia\/#primaryimage"},"thumbnailUrl":"https:\/\/cmvsf2.org\/web\/wp-content\/uploads\/2025\/02\/cmvsf2-BUSQUEDA-LABORAL.png","articleSection":["Destacada","Trabajos Ofrecidos"],"inLanguage":"es"},{"@type":"WebPage","@id":"https:\/\/cmvsf2.org\/web\/2025\/02\/11\/se-necesita-profesional-con-movilidad-propia\/","url":"https:\/\/cmvsf2.org\/web\/2025\/02\/11\/se-necesita-profesional-con-movilidad-propia\/","name":"B\u00fasqueda de profesional con movilidad propia - Colegio De Veterinarios De Santa Fe 2da. Circunscripci\u00f3n","isPartOf":{"@id":"https:\/\/cmvsf2.org\/web\/#website"},"primaryImageOfPage":{"@id":"https:\/\/cmvsf2.org\/web\/2025\/02\/11\/se-necesita-profesional-con-movilidad-propia\/#primaryimage"},"image":{"@id":"https:\/\/cmvsf2.org\/web\/2025\/02\/11\/se-necesita-profesional-con-movilidad-propia\/#primaryimage"},"thumbnailUrl":"https:\/\/cmvsf2.org\/web\/wp-content\/uploads\/2025\/02\/cmvsf2-BUSQUEDA-LABORAL.png","datePublished":"2025-02-11T19:32:41+00:00","dateModified":"2025-02-11T19:40:26+00:00","description":"Veterinaria Movilvet busca M\u00e9dica\/o Veterinaria\/o con movilidad propia para visitas a domicilio. Interesadas\/os comunicarse al 341 3 340142 &nbsp;","breadcrumb":{"@id":"https:\/\/cmvsf2.org\/web\/2025\/02\/11\/se-necesita-profesional-con-movilidad-propia\/#breadcrumb"},"inLanguage":"es","potentialAction":[{"@type":"ReadAction","target":["https:\/\/cmvsf2.org\/web\/2025\/02\/11\/se-necesita-profesional-con-movilidad-propia\/"]}]},{"@type":"ImageObject","inLanguage":"es","@id":"https:\/\/cmvsf2.org\/web\/2025\/02\/11\/se-necesita-profesional-con-movilidad-propia\/#primaryimage","url":"https:\/\/cmvsf2.org\/web\/wp-content\/uploads\/2025\/02\/cmvsf2-BUSQUEDA-LABORAL.png","contentUrl":"https:\/\/cmvsf2.org\/web\/wp-content\/uploads\/2025\/02\/cmvsf2-BUSQUEDA-LABORAL.png","width":1080,"height":1080},{"@type":"BreadcrumbList","@id":"https:\/\/cmvsf2.org\/web\/2025\/02\/11\/se-necesita-profesional-con-movilidad-propia\/#breadcrumb","itemListElement":[{"@type":"ListItem","position":1,"name":"Portada","item":"https:\/\/cmvsf2.org\/web\/"},{"@type":"ListItem","position":2,"name":"B\u00fasqueda de profesional con movilidad propia"}]},{"@type":"WebSite","@id":"https:\/\/cmvsf2.org\/web\/#website","url":"https:\/\/cmvsf2.org\/web\/","name":"Colegio De Veterinarios De Santa Fe 2da. Circunscripci\u00f3n","description":"Sitio institucional del Colegio de M\u00e9dicos Veterinario de Santa Fe 2da. Circunscripci\u00f3n","publisher":{"@id":"https:\/\/cmvsf2.org\/web\/#organization"},"potentialAction":[{"@type":"SearchAction","target":{"@type":"EntryPoint","urlTemplate":"https:\/\/cmvsf2.org\/web\/?s={search_term_string}"},"query-input":{"@type":"PropertyValueSpecification","valueRequired":true,"valueName":"search_term_string"}}],"inLanguage":"es"},{"@type":"Organization","@id":"https:\/\/cmvsf2.org\/web\/#organization","name":"Colegio De Veterinarios De Santa Fe 2da. Circunscripci\u00f3n","url":"https:\/\/cmvsf2.org\/web\/","logo":{"@type":"ImageObject","inLanguage":"es","@id":"https:\/\/cmvsf2.org\/web\/#\/schema\/logo\/image\/","url":"http:\/\/cmvsf2.org\/web\/wp-content\/uploads\/2020\/03\/vector-logo-02.png","contentUrl":"http:\/\/cmvsf2.org\/web\/wp-content\/uploads\/2020\/03\/vector-logo-02.png","width":2750,"height":642,"caption":"Colegio De Veterinarios De Santa Fe 2da. Circunscripci\u00f3n"},"image":{"@id":"https:\/\/cmvsf2.org\/web\/#\/schema\/logo\/image\/"}},{"@type":"Person","@id":"https:\/\/cmvsf2.org\/web\/#\/schema\/person\/46ea3630099a4a3df8d89f07cf5f7520","name":"cmvsf2","image":{"@type":"ImageObject","inLanguage":"es","@id":"https:\/\/secure.gravatar.com\/avatar\/669647b61c77f28f1aa51df04174a5ecb296e9988b4a93d2870666cd1f502cd7?s=96&d=mm&r=g","url":"https:\/\/secure.gravatar.com\/avatar\/669647b61c77f28f1aa51df04174a5ecb296e9988b4a93d2870666cd1f502cd7?s=96&d=mm&r=g","contentUrl":"https:\/\/secure.gravatar.com\/avatar\/669647b61c77f28f1aa51df04174a5ecb296e9988b4a93d2870666cd1f502cd7?s=96&d=mm&r=g","caption":"cmvsf2"}}]}},"_links":{"self":[{"href":"https:\/\/cmvsf2.org\/web\/wp-json\/wp\/v2\/posts\/34728","targetHints":{"allow":["GET"]}}],"collection":[{"href":"https:\/\/cmvsf2.org\/web\/wp-json\/wp\/v2\/posts"}],"about":[{"href":"https:\/\/cmvsf2.org\/web\/wp-json\/wp\/v2\/types\/post"}],"author":[{"embeddable":true,"href":"https:\/\/cmvsf2.org\/web\/wp-json\/wp\/v2\/users\/3"}],"replies":[{"embeddable":true,"href":"https:\/\/cmvsf2.org\/web\/wp-json\/wp\/v2\/comments?post=34728"}],"version-history":[{"count":3,"href":"https:\/\/cmvsf2.org\/web\/wp-json\/wp\/v2\/posts\/34728\/revisions"}],"predecessor-version":[{"id":34732,"href":"https:\/\/cmvsf2.org\/web\/wp-json\/wp\/v2\/posts\/34728\/revisions\/34732"}],"wp:featuredmedia":[{"embeddable":true,"href":"https:\/\/cmvsf2.org\/web\/wp-json\/wp\/v2\/media\/34729"}],"wp:attachment":[{"href":"https:\/\/cmvsf2.org\/web\/wp-json\/wp\/v2\/media?parent=34728"}],"wp:term":[{"taxonomy":"category","embeddable":true,"href":"https:\/\/cmvsf2.org\/web\/wp-json\/wp\/v2\/categories?post=34728"},{"taxonomy":"post_tag","embeddable":true,"href":"https:\/\/cmvsf2.org\/web\/wp-json\/wp\/v2\/tags?post=34728"}],"curies":[{"name":"wp","href":"https:\/\/api.w.org\/{rel}","templated":true}]}}