{"id":34709,"date":"2025-02-06T11:03:08","date_gmt":"2025-02-06T14:03:08","guid":{"rendered":"https:\/\/cmvsf2.org\/web\/?p=34709"},"modified":"2025-02-20T15:42:48","modified_gmt":"2025-02-20T18:42:48","slug":"curso-de-etologia-canina-y-felina-para-la-clinica-veterinaria-modulo-i","status":"publish","type":"post","link":"https:\/\/cmvsf2.org\/web\/2025\/02\/06\/curso-de-etologia-canina-y-felina-para-la-clinica-veterinaria-modulo-i\/","title":{"rendered":"Curso de Etolog\u00eda canina y felina para la Cl\u00ednica Veterinaria &#8211; M\u00f3dulo I"},"content":{"rendered":"<p>El CMVSF2 invita al Curso de Etolog\u00eda canina y felina para la Cl\u00ednica Veterinaria &#8211; M\u00f3dulo I que tendr\u00e1 lugar los d\u00edas 12, 19 y 26 de marzo de 2025 a las 20 horas de manera virtual.<\/p>\n<p>El mismo estar\u00e1 es organizado por la Subcomisi\u00f3n de Animales de Compa\u00f1\u00eda y estar\u00e1 a cargo de la M.V. J\u00e9sica Raimonda. A continuaci\u00f3n, podr\u00e1n conocer los valores de inscripci\u00f3n y temas que se tratar\u00e1n en el mismo.<\/p>\n<p>Quienes est\u00e9n en Argentina pueden realizar el pago a trav\u00e9s de transferencia bancaria a la siguiente cuenta:<\/p>\n<p>Alias MACRO-CMVSF2<\/p>\n<p>Pod\u00e9s inscribirte a trav\u00e9s del siguiente link:<\/p>\n<p><a href=\"https:\/\/docs.google.com\/forms\/d\/1PJ-Q1EWAwQJ-l4p4Pwh61OXZFkyT28kV8GqrZ7tJdxw\/viewform?edit_requested=true\" target=\"_blank\" rel=\"noopener\">LINK DE INSCRIPCI\u00d3N<\/a><\/p>\n<p><img loading=\"lazy\" decoding=\"async\" class=\"aligncenter wp-image-34745 size-large\" src=\"https:\/\/cmvsf2.org\/web\/wp-content\/uploads\/2025\/02\/MOD-1-PLACA-1-e1740076779518-1024x979.png\" alt=\"\" width=\"1024\" height=\"979\" srcset=\"https:\/\/cmvsf2.org\/web\/wp-content\/uploads\/2025\/02\/MOD-1-PLACA-1-e1740076779518-1024x979.png 1024w, https:\/\/cmvsf2.org\/web\/wp-content\/uploads\/2025\/02\/MOD-1-PLACA-1-e1740076779518-300x287.png 300w, https:\/\/cmvsf2.org\/web\/wp-content\/uploads\/2025\/02\/MOD-1-PLACA-1-e1740076779518-768x735.png 768w, https:\/\/cmvsf2.org\/web\/wp-content\/uploads\/2025\/02\/MOD-1-PLACA-1-e1740076779518-750x717.png 750w, https:\/\/cmvsf2.org\/web\/wp-content\/uploads\/2025\/02\/MOD-1-PLACA-1-e1740076779518.png 1080w\" sizes=\"auto, (max-width: 1024px) 100vw, 1024px\" \/><\/p>\n<p><img loading=\"lazy\" decoding=\"async\" class=\"aligncenter wp-image-34740 size-large\" src=\"https:\/\/cmvsf2.org\/web\/wp-content\/uploads\/2025\/02\/MOD-1-PLACA-2-e1740076420811-1024x962.png\" alt=\"\" width=\"1024\" height=\"962\" srcset=\"https:\/\/cmvsf2.org\/web\/wp-content\/uploads\/2025\/02\/MOD-1-PLACA-2-e1740076420811-1024x962.png 1024w, https:\/\/cmvsf2.org\/web\/wp-content\/uploads\/2025\/02\/MOD-1-PLACA-2-e1740076420811-300x282.png 300w, https:\/\/cmvsf2.org\/web\/wp-content\/uploads\/2025\/02\/MOD-1-PLACA-2-e1740076420811-768x722.png 768w, https:\/\/cmvsf2.org\/web\/wp-content\/uploads\/2025\/02\/MOD-1-PLACA-2-e1740076420811-750x705.png 750w, https:\/\/cmvsf2.org\/web\/wp-content\/uploads\/2025\/02\/MOD-1-PLACA-2-e1740076420811.png 1080w\" sizes=\"auto, (max-width: 1024px) 100vw, 1024px\" \/><\/p>\n<p><img loading=\"lazy\" decoding=\"async\" class=\"aligncenter wp-image-34741 size-large\" src=\"https:\/\/cmvsf2.org\/web\/wp-content\/uploads\/2025\/02\/MOD-1-PLACA-3-e1740076493773-1024x978.png\" alt=\"\" width=\"1024\" height=\"978\" srcset=\"https:\/\/cmvsf2.org\/web\/wp-content\/uploads\/2025\/02\/MOD-1-PLACA-3-e1740076493773-1024x978.png 1024w, https:\/\/cmvsf2.org\/web\/wp-content\/uploads\/2025\/02\/MOD-1-PLACA-3-e1740076493773-300x286.png 300w, https:\/\/cmvsf2.org\/web\/wp-content\/uploads\/2025\/02\/MOD-1-PLACA-3-e1740076493773-768x733.png 768w, https:\/\/cmvsf2.org\/web\/wp-content\/uploads\/2025\/02\/MOD-1-PLACA-3-e1740076493773-750x716.png 750w, https:\/\/cmvsf2.org\/web\/wp-content\/uploads\/2025\/02\/MOD-1-PLACA-3-e1740076493773.png 1080w\" sizes=\"auto, (max-width: 1024px) 100vw, 1024px\" \/><\/p>\n<p><img loading=\"lazy\" decoding=\"async\" class=\"aligncenter wp-image-34742 size-large\" src=\"https:\/\/cmvsf2.org\/web\/wp-content\/uploads\/2025\/02\/ETOLOGIA-MOD-1-PLACA-4-1-e1740076579560-1024x952.png\" alt=\"\" width=\"1024\" height=\"952\" srcset=\"https:\/\/cmvsf2.org\/web\/wp-content\/uploads\/2025\/02\/ETOLOGIA-MOD-1-PLACA-4-1-e1740076579560-1024x952.png 1024w, https:\/\/cmvsf2.org\/web\/wp-content\/uploads\/2025\/02\/ETOLOGIA-MOD-1-PLACA-4-1-e1740076579560-300x279.png 300w, https:\/\/cmvsf2.org\/web\/wp-content\/uploads\/2025\/02\/ETOLOGIA-MOD-1-PLACA-4-1-e1740076579560-768x714.png 768w, https:\/\/cmvsf2.org\/web\/wp-content\/uploads\/2025\/02\/ETOLOGIA-MOD-1-PLACA-4-1-e1740076579560-750x697.png 750w, https:\/\/cmvsf2.org\/web\/wp-content\/uploads\/2025\/02\/ETOLOGIA-MOD-1-PLACA-4-1-e1740076579560.png 1080w\" sizes=\"auto, (max-width: 1024px) 100vw, 1024px\" \/> <img loading=\"lazy\" decoding=\"async\" class=\"aligncenter wp-image-34743 size-large\" src=\"https:\/\/cmvsf2.org\/web\/wp-content\/uploads\/2025\/02\/MOD-1-PLACA-5-819x1024.png\" alt=\"\" width=\"819\" height=\"1024\" srcset=\"https:\/\/cmvsf2.org\/web\/wp-content\/uploads\/2025\/02\/MOD-1-PLACA-5-819x1024.png 819w, https:\/\/cmvsf2.org\/web\/wp-content\/uploads\/2025\/02\/MOD-1-PLACA-5-240x300.png 240w, https:\/\/cmvsf2.org\/web\/wp-content\/uploads\/2025\/02\/MOD-1-PLACA-5-768x960.png 768w, https:\/\/cmvsf2.org\/web\/wp-content\/uploads\/2025\/02\/MOD-1-PLACA-5-750x937.png 750w, https:\/\/cmvsf2.org\/web\/wp-content\/uploads\/2025\/02\/MOD-1-PLACA-5.png 1081w\" sizes=\"auto, (max-width: 819px) 100vw, 819px\" \/><\/p>\n<p>&nbsp;<\/p>\n<p>&nbsp;<\/p>\n<p>&nbsp;<\/p>\n<p>&nbsp;<\/p>\n<p>&nbsp;<\/p>\n<p>&nbsp;<\/p>\n","protected":false},"excerpt":{"rendered":"<p>El CMVSF2 invita al Curso de Etolog\u00eda canina y felina para la Cl\u00ednica Veterinaria &#8211; M\u00f3dulo I que tendr\u00e1 lugar los d\u00edas 12, 19 y 26 de marzo de 2025 a las 20 horas de manera virtual. El mismo estar\u00e1 es organizado por la Subcomisi\u00f3n de Animales de Compa\u00f1\u00eda y estar\u00e1 a cargo de la M.V. J\u00e9sica Raimonda. A continuaci\u00f3n, podr\u00e1n conocer los valores [&hellip;]<\/p>\n","protected":false},"author":3,"featured_media":34745,"comment_status":"closed","ping_status":"closed","sticky":false,"template":"","format":"standard","meta":{"_acf_changed":false,"footnotes":""},"categories":[6,343,35],"tags":[421,168,180],"class_list":["post-34709","post","type-post","status-publish","format-standard","has-post-thumbnail","hentry","category-animales-compania2","category-destacada","category-formacion","tag-clinica-veterinaria","tag-curso","tag-etologia"],"acf":[],"yoast_head":"<!-- This site is optimized with the Yoast SEO plugin v28.2 - https:\/\/yoast.com\/product\/yoast-seo-wordpress\/ -->\n<title>Curso de Etolog\u00eda canina y felina para la Cl\u00ednica Veterinaria - M\u00f3dulo I - Colegio De Veterinarios De Santa Fe 2da. Circunscripci\u00f3n<\/title>\n<meta name=\"description\" content=\"El CMVSF2 invita al Curso de Etolog\u00eda canina y felina para la Cl\u00ednica Veterinaria - M\u00f3dulo I que tendr\u00e1 lugar los d\u00edas 12, 19 y 26 de marzo de 2025 a las\" \/>\n<meta name=\"robots\" content=\"index, follow, max-snippet:-1, max-image-preview:large, max-video-preview:-1\" \/>\n<link rel=\"canonical\" href=\"https:\/\/cmvsf2.org\/web\/2025\/02\/06\/curso-de-etologia-canina-y-felina-para-la-clinica-veterinaria-modulo-i\/\" \/>\n<meta property=\"og:locale\" content=\"es_ES\" \/>\n<meta property=\"og:type\" content=\"article\" \/>\n<meta property=\"og:title\" content=\"Curso de Etolog\u00eda canina y felina para la Cl\u00ednica Veterinaria - M\u00f3dulo I - Colegio De Veterinarios De Santa Fe 2da. Circunscripci\u00f3n\" \/>\n<meta property=\"og:description\" content=\"El CMVSF2 invita al Curso de Etolog\u00eda canina y felina para la Cl\u00ednica Veterinaria - M\u00f3dulo I que tendr\u00e1 lugar los d\u00edas 12, 19 y 26 de marzo de 2025 a las\" \/>\n<meta property=\"og:url\" content=\"https:\/\/cmvsf2.org\/web\/2025\/02\/06\/curso-de-etologia-canina-y-felina-para-la-clinica-veterinaria-modulo-i\/\" \/>\n<meta property=\"og:site_name\" content=\"Colegio De Veterinarios De Santa Fe 2da. Circunscripci\u00f3n\" \/>\n<meta property=\"article:published_time\" content=\"2025-02-06T14:03:08+00:00\" \/>\n<meta property=\"article:modified_time\" content=\"2025-02-20T18:42:48+00:00\" \/>\n<meta property=\"og:image\" content=\"https:\/\/cmvsf2.org\/web\/wp-content\/uploads\/2025\/02\/MOD-1-PLACA-1-e1740076779518.png\" \/>\n\t<meta property=\"og:image:width\" content=\"1080\" \/>\n\t<meta property=\"og:image:height\" content=\"1033\" \/>\n\t<meta property=\"og:image:type\" content=\"image\/png\" \/>\n<meta name=\"author\" content=\"cmvsf2\" \/>\n<meta name=\"twitter:card\" content=\"summary_large_image\" \/>\n<meta name=\"twitter:label1\" content=\"Escrito por\" \/>\n\t<meta name=\"twitter:data1\" content=\"cmvsf2\" \/>\n\t<meta name=\"twitter:label2\" content=\"Tiempo de lectura\" \/>\n\t<meta name=\"twitter:data2\" content=\"2 minutos\" \/>\n<script type=\"application\/ld+json\" class=\"yoast-schema-graph\">{\"@context\":\"https:\\\/\\\/schema.org\",\"@graph\":[{\"@type\":\"Article\",\"@id\":\"https:\\\/\\\/cmvsf2.org\\\/web\\\/2025\\\/02\\\/06\\\/curso-de-etologia-canina-y-felina-para-la-clinica-veterinaria-modulo-i\\\/#article\",\"isPartOf\":{\"@id\":\"https:\\\/\\\/cmvsf2.org\\\/web\\\/2025\\\/02\\\/06\\\/curso-de-etologia-canina-y-felina-para-la-clinica-veterinaria-modulo-i\\\/\"},\"author\":{\"name\":\"cmvsf2\",\"@id\":\"https:\\\/\\\/cmvsf2.org\\\/web\\\/#\\\/schema\\\/person\\\/46ea3630099a4a3df8d89f07cf5f7520\"},\"headline\":\"Curso de Etolog\u00eda canina y felina para la Cl\u00ednica Veterinaria &#8211; M\u00f3dulo I\",\"datePublished\":\"2025-02-06T14:03:08+00:00\",\"dateModified\":\"2025-02-20T18:42:48+00:00\",\"mainEntityOfPage\":{\"@id\":\"https:\\\/\\\/cmvsf2.org\\\/web\\\/2025\\\/02\\\/06\\\/curso-de-etologia-canina-y-felina-para-la-clinica-veterinaria-modulo-i\\\/\"},\"wordCount\":137,\"publisher\":{\"@id\":\"https:\\\/\\\/cmvsf2.org\\\/web\\\/#organization\"},\"image\":{\"@id\":\"https:\\\/\\\/cmvsf2.org\\\/web\\\/2025\\\/02\\\/06\\\/curso-de-etologia-canina-y-felina-para-la-clinica-veterinaria-modulo-i\\\/#primaryimage\"},\"thumbnailUrl\":\"https:\\\/\\\/cmvsf2.org\\\/web\\\/wp-content\\\/uploads\\\/2025\\\/02\\\/MOD-1-PLACA-1-e1740076779518.png\",\"keywords\":[\"CL\u00cdNICA VETERINARIA\",\"curso\",\"etolog\u00eda\"],\"articleSection\":[\"Animales de Compan\u00eda\",\"Destacada\",\"Formaci\u00f3n\"],\"inLanguage\":\"es\"},{\"@type\":\"WebPage\",\"@id\":\"https:\\\/\\\/cmvsf2.org\\\/web\\\/2025\\\/02\\\/06\\\/curso-de-etologia-canina-y-felina-para-la-clinica-veterinaria-modulo-i\\\/\",\"url\":\"https:\\\/\\\/cmvsf2.org\\\/web\\\/2025\\\/02\\\/06\\\/curso-de-etologia-canina-y-felina-para-la-clinica-veterinaria-modulo-i\\\/\",\"name\":\"Curso de Etolog\u00eda canina y felina para la Cl\u00ednica Veterinaria - M\u00f3dulo I - Colegio De Veterinarios De Santa Fe 2da. Circunscripci\u00f3n\",\"isPartOf\":{\"@id\":\"https:\\\/\\\/cmvsf2.org\\\/web\\\/#website\"},\"primaryImageOfPage\":{\"@id\":\"https:\\\/\\\/cmvsf2.org\\\/web\\\/2025\\\/02\\\/06\\\/curso-de-etologia-canina-y-felina-para-la-clinica-veterinaria-modulo-i\\\/#primaryimage\"},\"image\":{\"@id\":\"https:\\\/\\\/cmvsf2.org\\\/web\\\/2025\\\/02\\\/06\\\/curso-de-etologia-canina-y-felina-para-la-clinica-veterinaria-modulo-i\\\/#primaryimage\"},\"thumbnailUrl\":\"https:\\\/\\\/cmvsf2.org\\\/web\\\/wp-content\\\/uploads\\\/2025\\\/02\\\/MOD-1-PLACA-1-e1740076779518.png\",\"datePublished\":\"2025-02-06T14:03:08+00:00\",\"dateModified\":\"2025-02-20T18:42:48+00:00\",\"description\":\"El CMVSF2 invita al Curso de Etolog\u00eda canina y felina para la Cl\u00ednica Veterinaria - M\u00f3dulo I que tendr\u00e1 lugar los d\u00edas 12, 19 y 26 de marzo de 2025 a las\",\"breadcrumb\":{\"@id\":\"https:\\\/\\\/cmvsf2.org\\\/web\\\/2025\\\/02\\\/06\\\/curso-de-etologia-canina-y-felina-para-la-clinica-veterinaria-modulo-i\\\/#breadcrumb\"},\"inLanguage\":\"es\",\"potentialAction\":[{\"@type\":\"ReadAction\",\"target\":[\"https:\\\/\\\/cmvsf2.org\\\/web\\\/2025\\\/02\\\/06\\\/curso-de-etologia-canina-y-felina-para-la-clinica-veterinaria-modulo-i\\\/\"]}]},{\"@type\":\"ImageObject\",\"inLanguage\":\"es\",\"@id\":\"https:\\\/\\\/cmvsf2.org\\\/web\\\/2025\\\/02\\\/06\\\/curso-de-etologia-canina-y-felina-para-la-clinica-veterinaria-modulo-i\\\/#primaryimage\",\"url\":\"https:\\\/\\\/cmvsf2.org\\\/web\\\/wp-content\\\/uploads\\\/2025\\\/02\\\/MOD-1-PLACA-1-e1740076779518.png\",\"contentUrl\":\"https:\\\/\\\/cmvsf2.org\\\/web\\\/wp-content\\\/uploads\\\/2025\\\/02\\\/MOD-1-PLACA-1-e1740076779518.png\",\"width\":1080,\"height\":1033},{\"@type\":\"BreadcrumbList\",\"@id\":\"https:\\\/\\\/cmvsf2.org\\\/web\\\/2025\\\/02\\\/06\\\/curso-de-etologia-canina-y-felina-para-la-clinica-veterinaria-modulo-i\\\/#breadcrumb\",\"itemListElement\":[{\"@type\":\"ListItem\",\"position\":1,\"name\":\"Portada\",\"item\":\"https:\\\/\\\/cmvsf2.org\\\/web\\\/\"},{\"@type\":\"ListItem\",\"position\":2,\"name\":\"Curso de Etolog\u00eda canina y felina para la Cl\u00ednica Veterinaria &#8211; M\u00f3dulo I\"}]},{\"@type\":\"WebSite\",\"@id\":\"https:\\\/\\\/cmvsf2.org\\\/web\\\/#website\",\"url\":\"https:\\\/\\\/cmvsf2.org\\\/web\\\/\",\"name\":\"Colegio De Veterinarios De Santa Fe 2da. Circunscripci\u00f3n\",\"description\":\"Sitio institucional del Colegio de M\u00e9dicos Veterinario de Santa Fe 2da. Circunscripci\u00f3n\",\"publisher\":{\"@id\":\"https:\\\/\\\/cmvsf2.org\\\/web\\\/#organization\"},\"potentialAction\":[{\"@type\":\"SearchAction\",\"target\":{\"@type\":\"EntryPoint\",\"urlTemplate\":\"https:\\\/\\\/cmvsf2.org\\\/web\\\/?s={search_term_string}\"},\"query-input\":{\"@type\":\"PropertyValueSpecification\",\"valueRequired\":true,\"valueName\":\"search_term_string\"}}],\"inLanguage\":\"es\"},{\"@type\":\"Organization\",\"@id\":\"https:\\\/\\\/cmvsf2.org\\\/web\\\/#organization\",\"name\":\"Colegio De Veterinarios De Santa Fe 2da. Circunscripci\u00f3n\",\"url\":\"https:\\\/\\\/cmvsf2.org\\\/web\\\/\",\"logo\":{\"@type\":\"ImageObject\",\"inLanguage\":\"es\",\"@id\":\"https:\\\/\\\/cmvsf2.org\\\/web\\\/#\\\/schema\\\/logo\\\/image\\\/\",\"url\":\"http:\\\/\\\/cmvsf2.org\\\/web\\\/wp-content\\\/uploads\\\/2020\\\/03\\\/vector-logo-02.png\",\"contentUrl\":\"http:\\\/\\\/cmvsf2.org\\\/web\\\/wp-content\\\/uploads\\\/2020\\\/03\\\/vector-logo-02.png\",\"width\":2750,\"height\":642,\"caption\":\"Colegio De Veterinarios De Santa Fe 2da. Circunscripci\u00f3n\"},\"image\":{\"@id\":\"https:\\\/\\\/cmvsf2.org\\\/web\\\/#\\\/schema\\\/logo\\\/image\\\/\"}},{\"@type\":\"Person\",\"@id\":\"https:\\\/\\\/cmvsf2.org\\\/web\\\/#\\\/schema\\\/person\\\/46ea3630099a4a3df8d89f07cf5f7520\",\"name\":\"cmvsf2\",\"image\":{\"@type\":\"ImageObject\",\"inLanguage\":\"es\",\"@id\":\"https:\\\/\\\/secure.gravatar.com\\\/avatar\\\/669647b61c77f28f1aa51df04174a5ecb296e9988b4a93d2870666cd1f502cd7?s=96&d=mm&r=g\",\"url\":\"https:\\\/\\\/secure.gravatar.com\\\/avatar\\\/669647b61c77f28f1aa51df04174a5ecb296e9988b4a93d2870666cd1f502cd7?s=96&d=mm&r=g\",\"contentUrl\":\"https:\\\/\\\/secure.gravatar.com\\\/avatar\\\/669647b61c77f28f1aa51df04174a5ecb296e9988b4a93d2870666cd1f502cd7?s=96&d=mm&r=g\",\"caption\":\"cmvsf2\"}}]}<\/script>\n<!-- \/ Yoast SEO plugin. -->","yoast_head_json":{"title":"Curso de Etolog\u00eda canina y felina para la Cl\u00ednica Veterinaria - M\u00f3dulo I - Colegio De Veterinarios De Santa Fe 2da. Circunscripci\u00f3n","description":"El CMVSF2 invita al Curso de Etolog\u00eda canina y felina para la Cl\u00ednica Veterinaria - M\u00f3dulo I que tendr\u00e1 lugar los d\u00edas 12, 19 y 26 de marzo de 2025 a las","robots":{"index":"index","follow":"follow","max-snippet":"max-snippet:-1","max-image-preview":"max-image-preview:large","max-video-preview":"max-video-preview:-1"},"canonical":"https:\/\/cmvsf2.org\/web\/2025\/02\/06\/curso-de-etologia-canina-y-felina-para-la-clinica-veterinaria-modulo-i\/","og_locale":"es_ES","og_type":"article","og_title":"Curso de Etolog\u00eda canina y felina para la Cl\u00ednica Veterinaria - M\u00f3dulo I - Colegio De Veterinarios De Santa Fe 2da. Circunscripci\u00f3n","og_description":"El CMVSF2 invita al Curso de Etolog\u00eda canina y felina para la Cl\u00ednica Veterinaria - M\u00f3dulo I que tendr\u00e1 lugar los d\u00edas 12, 19 y 26 de marzo de 2025 a las","og_url":"https:\/\/cmvsf2.org\/web\/2025\/02\/06\/curso-de-etologia-canina-y-felina-para-la-clinica-veterinaria-modulo-i\/","og_site_name":"Colegio De Veterinarios De Santa Fe 2da. Circunscripci\u00f3n","article_published_time":"2025-02-06T14:03:08+00:00","article_modified_time":"2025-02-20T18:42:48+00:00","og_image":[{"width":1080,"height":1033,"url":"https:\/\/cmvsf2.org\/web\/wp-content\/uploads\/2025\/02\/MOD-1-PLACA-1-e1740076779518.png","type":"image\/png"}],"author":"cmvsf2","twitter_card":"summary_large_image","twitter_misc":{"Escrito por":"cmvsf2","Tiempo de lectura":"2 minutos"},"schema":{"@context":"https:\/\/schema.org","@graph":[{"@type":"Article","@id":"https:\/\/cmvsf2.org\/web\/2025\/02\/06\/curso-de-etologia-canina-y-felina-para-la-clinica-veterinaria-modulo-i\/#article","isPartOf":{"@id":"https:\/\/cmvsf2.org\/web\/2025\/02\/06\/curso-de-etologia-canina-y-felina-para-la-clinica-veterinaria-modulo-i\/"},"author":{"name":"cmvsf2","@id":"https:\/\/cmvsf2.org\/web\/#\/schema\/person\/46ea3630099a4a3df8d89f07cf5f7520"},"headline":"Curso de Etolog\u00eda canina y felina para la Cl\u00ednica Veterinaria &#8211; M\u00f3dulo I","datePublished":"2025-02-06T14:03:08+00:00","dateModified":"2025-02-20T18:42:48+00:00","mainEntityOfPage":{"@id":"https:\/\/cmvsf2.org\/web\/2025\/02\/06\/curso-de-etologia-canina-y-felina-para-la-clinica-veterinaria-modulo-i\/"},"wordCount":137,"publisher":{"@id":"https:\/\/cmvsf2.org\/web\/#organization"},"image":{"@id":"https:\/\/cmvsf2.org\/web\/2025\/02\/06\/curso-de-etologia-canina-y-felina-para-la-clinica-veterinaria-modulo-i\/#primaryimage"},"thumbnailUrl":"https:\/\/cmvsf2.org\/web\/wp-content\/uploads\/2025\/02\/MOD-1-PLACA-1-e1740076779518.png","keywords":["CL\u00cdNICA VETERINARIA","curso","etolog\u00eda"],"articleSection":["Animales de Compan\u00eda","Destacada","Formaci\u00f3n"],"inLanguage":"es"},{"@type":"WebPage","@id":"https:\/\/cmvsf2.org\/web\/2025\/02\/06\/curso-de-etologia-canina-y-felina-para-la-clinica-veterinaria-modulo-i\/","url":"https:\/\/cmvsf2.org\/web\/2025\/02\/06\/curso-de-etologia-canina-y-felina-para-la-clinica-veterinaria-modulo-i\/","name":"Curso de Etolog\u00eda canina y felina para la Cl\u00ednica Veterinaria - M\u00f3dulo I - Colegio De Veterinarios De Santa Fe 2da. Circunscripci\u00f3n","isPartOf":{"@id":"https:\/\/cmvsf2.org\/web\/#website"},"primaryImageOfPage":{"@id":"https:\/\/cmvsf2.org\/web\/2025\/02\/06\/curso-de-etologia-canina-y-felina-para-la-clinica-veterinaria-modulo-i\/#primaryimage"},"image":{"@id":"https:\/\/cmvsf2.org\/web\/2025\/02\/06\/curso-de-etologia-canina-y-felina-para-la-clinica-veterinaria-modulo-i\/#primaryimage"},"thumbnailUrl":"https:\/\/cmvsf2.org\/web\/wp-content\/uploads\/2025\/02\/MOD-1-PLACA-1-e1740076779518.png","datePublished":"2025-02-06T14:03:08+00:00","dateModified":"2025-02-20T18:42:48+00:00","description":"El CMVSF2 invita al Curso de Etolog\u00eda canina y felina para la Cl\u00ednica Veterinaria - M\u00f3dulo I que tendr\u00e1 lugar los d\u00edas 12, 19 y 26 de marzo de 2025 a las","breadcrumb":{"@id":"https:\/\/cmvsf2.org\/web\/2025\/02\/06\/curso-de-etologia-canina-y-felina-para-la-clinica-veterinaria-modulo-i\/#breadcrumb"},"inLanguage":"es","potentialAction":[{"@type":"ReadAction","target":["https:\/\/cmvsf2.org\/web\/2025\/02\/06\/curso-de-etologia-canina-y-felina-para-la-clinica-veterinaria-modulo-i\/"]}]},{"@type":"ImageObject","inLanguage":"es","@id":"https:\/\/cmvsf2.org\/web\/2025\/02\/06\/curso-de-etologia-canina-y-felina-para-la-clinica-veterinaria-modulo-i\/#primaryimage","url":"https:\/\/cmvsf2.org\/web\/wp-content\/uploads\/2025\/02\/MOD-1-PLACA-1-e1740076779518.png","contentUrl":"https:\/\/cmvsf2.org\/web\/wp-content\/uploads\/2025\/02\/MOD-1-PLACA-1-e1740076779518.png","width":1080,"height":1033},{"@type":"BreadcrumbList","@id":"https:\/\/cmvsf2.org\/web\/2025\/02\/06\/curso-de-etologia-canina-y-felina-para-la-clinica-veterinaria-modulo-i\/#breadcrumb","itemListElement":[{"@type":"ListItem","position":1,"name":"Portada","item":"https:\/\/cmvsf2.org\/web\/"},{"@type":"ListItem","position":2,"name":"Curso de Etolog\u00eda canina y felina para la Cl\u00ednica Veterinaria &#8211; M\u00f3dulo I"}]},{"@type":"WebSite","@id":"https:\/\/cmvsf2.org\/web\/#website","url":"https:\/\/cmvsf2.org\/web\/","name":"Colegio De Veterinarios De Santa Fe 2da. Circunscripci\u00f3n","description":"Sitio institucional del Colegio de M\u00e9dicos Veterinario de Santa Fe 2da. Circunscripci\u00f3n","publisher":{"@id":"https:\/\/cmvsf2.org\/web\/#organization"},"potentialAction":[{"@type":"SearchAction","target":{"@type":"EntryPoint","urlTemplate":"https:\/\/cmvsf2.org\/web\/?s={search_term_string}"},"query-input":{"@type":"PropertyValueSpecification","valueRequired":true,"valueName":"search_term_string"}}],"inLanguage":"es"},{"@type":"Organization","@id":"https:\/\/cmvsf2.org\/web\/#organization","name":"Colegio De Veterinarios De Santa Fe 2da. Circunscripci\u00f3n","url":"https:\/\/cmvsf2.org\/web\/","logo":{"@type":"ImageObject","inLanguage":"es","@id":"https:\/\/cmvsf2.org\/web\/#\/schema\/logo\/image\/","url":"http:\/\/cmvsf2.org\/web\/wp-content\/uploads\/2020\/03\/vector-logo-02.png","contentUrl":"http:\/\/cmvsf2.org\/web\/wp-content\/uploads\/2020\/03\/vector-logo-02.png","width":2750,"height":642,"caption":"Colegio De Veterinarios De Santa Fe 2da. Circunscripci\u00f3n"},"image":{"@id":"https:\/\/cmvsf2.org\/web\/#\/schema\/logo\/image\/"}},{"@type":"Person","@id":"https:\/\/cmvsf2.org\/web\/#\/schema\/person\/46ea3630099a4a3df8d89f07cf5f7520","name":"cmvsf2","image":{"@type":"ImageObject","inLanguage":"es","@id":"https:\/\/secure.gravatar.com\/avatar\/669647b61c77f28f1aa51df04174a5ecb296e9988b4a93d2870666cd1f502cd7?s=96&d=mm&r=g","url":"https:\/\/secure.gravatar.com\/avatar\/669647b61c77f28f1aa51df04174a5ecb296e9988b4a93d2870666cd1f502cd7?s=96&d=mm&r=g","contentUrl":"https:\/\/secure.gravatar.com\/avatar\/669647b61c77f28f1aa51df04174a5ecb296e9988b4a93d2870666cd1f502cd7?s=96&d=mm&r=g","caption":"cmvsf2"}}]}},"_links":{"self":[{"href":"https:\/\/cmvsf2.org\/web\/wp-json\/wp\/v2\/posts\/34709","targetHints":{"allow":["GET"]}}],"collection":[{"href":"https:\/\/cmvsf2.org\/web\/wp-json\/wp\/v2\/posts"}],"about":[{"href":"https:\/\/cmvsf2.org\/web\/wp-json\/wp\/v2\/types\/post"}],"author":[{"embeddable":true,"href":"https:\/\/cmvsf2.org\/web\/wp-json\/wp\/v2\/users\/3"}],"replies":[{"embeddable":true,"href":"https:\/\/cmvsf2.org\/web\/wp-json\/wp\/v2\/comments?post=34709"}],"version-history":[{"count":4,"href":"https:\/\/cmvsf2.org\/web\/wp-json\/wp\/v2\/posts\/34709\/revisions"}],"predecessor-version":[{"id":34738,"href":"https:\/\/cmvsf2.org\/web\/wp-json\/wp\/v2\/posts\/34709\/revisions\/34738"}],"wp:featuredmedia":[{"embeddable":true,"href":"https:\/\/cmvsf2.org\/web\/wp-json\/wp\/v2\/media\/34745"}],"wp:attachment":[{"href":"https:\/\/cmvsf2.org\/web\/wp-json\/wp\/v2\/media?parent=34709"}],"wp:term":[{"taxonomy":"category","embeddable":true,"href":"https:\/\/cmvsf2.org\/web\/wp-json\/wp\/v2\/categories?post=34709"},{"taxonomy":"post_tag","embeddable":true,"href":"https:\/\/cmvsf2.org\/web\/wp-json\/wp\/v2\/tags?post=34709"}],"curies":[{"name":"wp","href":"https:\/\/api.w.org\/{rel}","templated":true}]}}