{"id":34692,"date":"2025-01-15T14:05:51","date_gmt":"2025-01-15T17:05:51","guid":{"rendered":"https:\/\/cmvsf2.org\/web\/?p=34692"},"modified":"2025-01-15T14:05:51","modified_gmt":"2025-01-15T17:05:51","slug":"nuevo-plan-de-inclusion-de-la-caja-de-seguridad-social-del-arte-de-curar-para-jovenes-profesionales","status":"publish","type":"post","link":"https:\/\/cmvsf2.org\/web\/2025\/01\/15\/nuevo-plan-de-inclusion-de-la-caja-de-seguridad-social-del-arte-de-curar-para-jovenes-profesionales\/","title":{"rendered":"Nuevo plan de inclusi\u00f3n de la Caja de Seguridad Social del Arte de Curar para j\u00f3venes profesionales"},"content":{"rendered":"<div class=\"\" data-block=\"true\" data-editor=\"av61l\" data-offset-key=\"72e5a-0-0\">\n<div class=\"_1mf _1mj\" data-offset-key=\"72e5a-0-0\"><span data-offset-key=\"72e5a-0-0\">Informamos que la Caja de Seguridad Social para los Profesionales del Arte de Curar de la Provincia de Santa Fe, ha lanzado un nuevo <em><strong>PLAN DE INCLUSI\u00d3N para j\u00f3venes profesionales<\/strong><\/em> que hayan tenido inconvenientes en abonar sus chequeras. <\/span>El mismo <em><strong>tiene facilidades de pago, en cuotas accesibles y una<\/strong><\/em>\u00a0<em><strong>vigencia limitada<\/strong><\/em>.<\/div>\n<\/div>\n<div class=\"\" data-block=\"true\" data-editor=\"av61l\" data-offset-key=\"r7fe-0-0\">\n<div class=\"_1mf _1mj\" data-offset-key=\"r7fe-0-0\"><span data-offset-key=\"r7fe-0-0\">\u00a0<\/span><\/div>\n<\/div>\n<div class=\"\" data-block=\"true\" data-editor=\"av61l\" data-offset-key=\"9ki8c-0-0\">\n<div class=\"_1mf _1mj\" data-offset-key=\"9ki8c-0-0\"><span data-offset-key=\"9ki8c-0-0\">\u27a1 Condiciones del PLAN :<\/span><\/div>\n<\/div>\n<div class=\"\" data-block=\"true\" data-editor=\"av61l\" data-offset-key=\"756ff-0-0\">\n<div class=\"_1mf _1mj\" data-offset-key=\"756ff-0-0\"><span data-offset-key=\"756ff-0-0\">&#8211; SIN ANTICIPO.<\/span><\/div>\n<\/div>\n<div class=\"\" data-block=\"true\" data-editor=\"av61l\" data-offset-key=\"41f43-0-0\">\n<div class=\"_1mf _1mj\" data-offset-key=\"41f43-0-0\"><span data-offset-key=\"41f43-0-0\">&#8211; CUOTAS hasta los 55 a\u00f1os de edad.<\/span><\/div>\n<\/div>\n<div class=\"\" data-block=\"true\" data-editor=\"av61l\" data-offset-key=\"abgih-0-0\">\n<div class=\"_1mf _1mj\" data-offset-key=\"abgih-0-0\"><span data-offset-key=\"abgih-0-0\">&#8211; Recupero de Obra Social con el pago de UNA CUOTA.<\/span><\/div>\n<\/div>\n<div class=\"\" data-block=\"true\" data-editor=\"av61l\" data-offset-key=\"frf50-0-0\">\n<div class=\"_1mf _1mj\" data-offset-key=\"frf50-0-0\"><span data-offset-key=\"frf50-0-0\">&#8211; Deuda de Obra Social: se computar\u00e1 a valores de Plan Joven hasta los 35 a\u00f1os.<\/span><\/div>\n<\/div>\n<div class=\"\" data-block=\"true\" data-editor=\"av61l\" data-offset-key=\"2lqra-0-0\">\n<div class=\"_1mf _1mj\" data-offset-key=\"2lqra-0-0\"><span data-offset-key=\"2lqra-0-0\">Si tuviste otra obra social obligatoria, se incluir\u00e1 en el plan s\u00f3lo el 25% del valor del Plan A. (Aporte Solidario).<\/span><\/div>\n<\/div>\n<div class=\"\" data-block=\"true\" data-editor=\"av61l\" data-offset-key=\"elbr6-0-0\">\n<div class=\"_1mf _1mj\" data-offset-key=\"elbr6-0-0\"><span data-offset-key=\"elbr6-0-0\">&#8211; Deuda de Previsi\u00f3n: tendr\u00e1s la OPCION de financiar al 50% el aporte, esta opci\u00f3n impactar\u00e1 directamente en el del futuro Haber Jubilatorio. Para acceder a esta opci\u00f3n, deber\u00e1s acreditar haber tenido desde 01\/2020 categor\u00eda A a D del Monotributo.<\/span><\/div>\n<\/div>\n<div class=\"\" data-block=\"true\" data-editor=\"av61l\" data-offset-key=\"5d7ch-0-0\">\n<div class=\"_1mf _1mj\" data-offset-key=\"5d7ch-0-0\"><span data-offset-key=\"5d7ch-0-0\">&#8211; Pago por D\u00e9bito Autom\u00e1tico o Centro de Trabajo (cuota del plan y per\u00edodo mensual).<\/span><\/div>\n<\/div>\n<div class=\"\" data-block=\"true\" data-editor=\"av61l\" data-offset-key=\"epnn-0-0\">\n<div class=\"_1mf _1mj\" data-offset-key=\"epnn-0-0\"><span data-offset-key=\"epnn-0-0\">&#8211; Vigencia hasta 31\/03\/2025.<\/span><\/div>\n<\/div>\n<div class=\"\" data-block=\"true\" data-editor=\"av61l\" data-offset-key=\"5ko6q-0-0\">\n<div class=\"_1mf _1mj\" data-offset-key=\"5ko6q-0-0\"><span data-offset-key=\"5ko6q-0-0\">PLANES DE OBRA SOCIAL OSPAC renovados: https:\/\/www.cpac.org.ar\/ospac\/<\/span><\/div>\n<\/div>\n<div class=\"\" data-block=\"true\" data-editor=\"av61l\" data-offset-key=\"ch65f-0-0\">\n<div class=\"_1mf _1mj\" data-offset-key=\"ch65f-0-0\"><span data-offset-key=\"ch65f-0-0\">\u00a0<\/span><\/div>\n<\/div>\n<div class=\"\" data-block=\"true\" data-editor=\"av61l\" data-offset-key=\"2haid-0-0\">\n<div class=\"_1mf _1mj\" data-offset-key=\"2haid-0-0\"><span data-offset-key=\"2haid-0-0\">Para que eval\u00faen tu caso, pod\u00e9s enviar la documentaci\u00f3n detallada a continuaci\u00f3n al correo <\/span>planinclusionros@cpac.org.ar<\/div>\n<\/div>\n<div class=\"\" data-block=\"true\" data-editor=\"av61l\" data-offset-key=\"29eec-0-0\">\n<div class=\"_1mf _1mj\" data-offset-key=\"29eec-0-0\"><span data-offset-key=\"29eec-0-0\">\u00a0<\/span><\/div>\n<\/div>\n<div class=\"\" data-block=\"true\" data-editor=\"av61l\" data-offset-key=\"evo4-0-0\">\n<div class=\"_1mf _1mj\" data-offset-key=\"evo4-0-0\"><span data-offset-key=\"evo4-0-0\">&#8211; Formulario AFIP: Hist\u00f3rico Categor\u00edas Monotributo<\/span><\/div>\n<\/div>\n<div class=\"\" data-block=\"true\" data-editor=\"av61l\" data-offset-key=\"e2sip-0-0\">\n<div class=\"_1mf _1mj\" data-offset-key=\"e2sip-0-0\"><span data-offset-key=\"e2sip-0-0\">&#8211; Constancia Obra Social Obligatoria: \u00daltimo Recibo de Sueldo de Titular (o C\u00f3nyuge, s\u00f3lo para IAPOS)<\/span><\/div>\n<\/div>\n<div class=\"\" data-block=\"true\" data-editor=\"av61l\" data-offset-key=\"7p56l-0-0\">\n<div class=\"_1mf _1mj\" data-offset-key=\"7p56l-0-0\"><span data-offset-key=\"7p56l-0-0\">&#8211; Constancia CBU para d\u00e9bito o adhesi\u00f3n Centro de Trabajo<\/span><\/div>\n<\/div>\n<div class=\"\" data-block=\"true\" data-editor=\"av61l\" data-offset-key=\"figvk-0-0\">\n<div class=\"_1mf _1mj\" data-offset-key=\"figvk-0-0\"><span data-offset-key=\"figvk-0-0\">\u00a0<\/span><\/div>\n<\/div>\n<div class=\"\" data-block=\"true\" data-editor=\"av61l\" data-offset-key=\"a49oq-0-0\">\n<div class=\"_1mf _1mj\" data-offset-key=\"a49oq-0-0\"><span data-offset-key=\"a49oq-0-0\">Tambi\u00e9n pod\u00e9s contactarte con la CAJA por WhatsApp al 341-425-1158. <\/span>Eligiendo la opci\u00f3n: PAGOS \u2013 PLAN DE INCLUSION \/\/ Plan de Inclusi\u00f3n. Analizar\u00e1n tu situaci\u00f3n particular y te responder\u00e1n a la brevedad.<\/div>\n<\/div>\n","protected":false},"excerpt":{"rendered":"<p>Informamos que la Caja de Seguridad Social para los Profesionales del Arte de Curar de la Provincia de Santa Fe, ha lanzado un nuevo PLAN DE INCLUSI\u00d3N para j\u00f3venes profesionales que hayan tenido inconvenientes en abonar sus chequeras. El mismo tiene facilidades de pago, en cuotas accesibles y una\u00a0vigencia limitada. \u00a0 \u27a1 Condiciones del PLAN : &#8211; SIN ANTICIPO. &#8211; CUOTAS hasta los 55 [&hellip;]<\/p>\n","protected":false},"author":3,"featured_media":34693,"comment_status":"closed","ping_status":"closed","sticky":false,"template":"","format":"standard","meta":{"_acf_changed":false,"footnotes":""},"categories":[343,345],"tags":[176,1025,1024],"class_list":["post-34692","post","type-post","status-publish","format-standard","has-post-thumbnail","hentry","category-destacada","category-institucionales","tag-arte-de-curar","tag-jovenes","tag-plan-de-inclusion"],"acf":[],"yoast_head":"<!-- This site is optimized with the Yoast SEO plugin v28.2 - https:\/\/yoast.com\/product\/yoast-seo-wordpress\/ -->\n<title>Nuevo plan de inclusi\u00f3n de la Caja de Seguridad Social del Arte de Curar para j\u00f3venes profesionales - Colegio De Veterinarios De Santa Fe 2da. Circunscripci\u00f3n<\/title>\n<meta name=\"description\" content=\"Informamos que la Caja de Seguridad Social para los Profesionales del Arte de Curar de la Provincia de Santa Fe, ha lanzado un nuevo PLAN DE INCLUSI\u00d3N\" \/>\n<meta name=\"robots\" content=\"index, follow, max-snippet:-1, max-image-preview:large, max-video-preview:-1\" \/>\n<link rel=\"canonical\" href=\"https:\/\/cmvsf2.org\/web\/2025\/01\/15\/nuevo-plan-de-inclusion-de-la-caja-de-seguridad-social-del-arte-de-curar-para-jovenes-profesionales\/\" \/>\n<meta property=\"og:locale\" content=\"es_ES\" \/>\n<meta property=\"og:type\" content=\"article\" \/>\n<meta property=\"og:title\" content=\"Nuevo plan de inclusi\u00f3n de la Caja de Seguridad Social del Arte de Curar para j\u00f3venes profesionales - Colegio De Veterinarios De Santa Fe 2da. Circunscripci\u00f3n\" \/>\n<meta property=\"og:description\" content=\"Informamos que la Caja de Seguridad Social para los Profesionales del Arte de Curar de la Provincia de Santa Fe, ha lanzado un nuevo PLAN DE INCLUSI\u00d3N\" \/>\n<meta property=\"og:url\" content=\"https:\/\/cmvsf2.org\/web\/2025\/01\/15\/nuevo-plan-de-inclusion-de-la-caja-de-seguridad-social-del-arte-de-curar-para-jovenes-profesionales\/\" \/>\n<meta property=\"og:site_name\" content=\"Colegio De Veterinarios De Santa Fe 2da. Circunscripci\u00f3n\" \/>\n<meta property=\"article:published_time\" content=\"2025-01-15T17:05:51+00:00\" \/>\n<meta property=\"og:image\" content=\"https:\/\/cmvsf2.org\/web\/wp-content\/uploads\/2025\/01\/caratulas-2025-1-1.png\" \/>\n\t<meta property=\"og:image:width\" content=\"1080\" \/>\n\t<meta property=\"og:image:height\" content=\"1080\" \/>\n\t<meta property=\"og:image:type\" content=\"image\/png\" \/>\n<meta name=\"author\" content=\"cmvsf2\" \/>\n<meta name=\"twitter:card\" content=\"summary_large_image\" \/>\n<meta name=\"twitter:label1\" content=\"Escrito por\" \/>\n\t<meta name=\"twitter:data1\" content=\"cmvsf2\" \/>\n\t<meta name=\"twitter:label2\" content=\"Tiempo de lectura\" \/>\n\t<meta name=\"twitter:data2\" content=\"2 minutos\" \/>\n<script type=\"application\/ld+json\" class=\"yoast-schema-graph\">{\"@context\":\"https:\\\/\\\/schema.org\",\"@graph\":[{\"@type\":\"Article\",\"@id\":\"https:\\\/\\\/cmvsf2.org\\\/web\\\/2025\\\/01\\\/15\\\/nuevo-plan-de-inclusion-de-la-caja-de-seguridad-social-del-arte-de-curar-para-jovenes-profesionales\\\/#article\",\"isPartOf\":{\"@id\":\"https:\\\/\\\/cmvsf2.org\\\/web\\\/2025\\\/01\\\/15\\\/nuevo-plan-de-inclusion-de-la-caja-de-seguridad-social-del-arte-de-curar-para-jovenes-profesionales\\\/\"},\"author\":{\"name\":\"cmvsf2\",\"@id\":\"https:\\\/\\\/cmvsf2.org\\\/web\\\/#\\\/schema\\\/person\\\/46ea3630099a4a3df8d89f07cf5f7520\"},\"headline\":\"Nuevo plan de inclusi\u00f3n de la Caja de Seguridad Social del Arte de Curar para j\u00f3venes profesionales\",\"datePublished\":\"2025-01-15T17:05:51+00:00\",\"mainEntityOfPage\":{\"@id\":\"https:\\\/\\\/cmvsf2.org\\\/web\\\/2025\\\/01\\\/15\\\/nuevo-plan-de-inclusion-de-la-caja-de-seguridad-social-del-arte-de-curar-para-jovenes-profesionales\\\/\"},\"wordCount\":309,\"publisher\":{\"@id\":\"https:\\\/\\\/cmvsf2.org\\\/web\\\/#organization\"},\"image\":{\"@id\":\"https:\\\/\\\/cmvsf2.org\\\/web\\\/2025\\\/01\\\/15\\\/nuevo-plan-de-inclusion-de-la-caja-de-seguridad-social-del-arte-de-curar-para-jovenes-profesionales\\\/#primaryimage\"},\"thumbnailUrl\":\"https:\\\/\\\/cmvsf2.org\\\/web\\\/wp-content\\\/uploads\\\/2025\\\/01\\\/caratulas-2025-1-1.png\",\"keywords\":[\"arte de curar\",\"j\u00f3venes\",\"plan de inclusi\u00f3n\"],\"articleSection\":[\"Destacada\",\"Institucionales\"],\"inLanguage\":\"es\"},{\"@type\":\"WebPage\",\"@id\":\"https:\\\/\\\/cmvsf2.org\\\/web\\\/2025\\\/01\\\/15\\\/nuevo-plan-de-inclusion-de-la-caja-de-seguridad-social-del-arte-de-curar-para-jovenes-profesionales\\\/\",\"url\":\"https:\\\/\\\/cmvsf2.org\\\/web\\\/2025\\\/01\\\/15\\\/nuevo-plan-de-inclusion-de-la-caja-de-seguridad-social-del-arte-de-curar-para-jovenes-profesionales\\\/\",\"name\":\"Nuevo plan de inclusi\u00f3n de la Caja de Seguridad Social del Arte de Curar para j\u00f3venes profesionales - Colegio De Veterinarios De Santa Fe 2da. Circunscripci\u00f3n\",\"isPartOf\":{\"@id\":\"https:\\\/\\\/cmvsf2.org\\\/web\\\/#website\"},\"primaryImageOfPage\":{\"@id\":\"https:\\\/\\\/cmvsf2.org\\\/web\\\/2025\\\/01\\\/15\\\/nuevo-plan-de-inclusion-de-la-caja-de-seguridad-social-del-arte-de-curar-para-jovenes-profesionales\\\/#primaryimage\"},\"image\":{\"@id\":\"https:\\\/\\\/cmvsf2.org\\\/web\\\/2025\\\/01\\\/15\\\/nuevo-plan-de-inclusion-de-la-caja-de-seguridad-social-del-arte-de-curar-para-jovenes-profesionales\\\/#primaryimage\"},\"thumbnailUrl\":\"https:\\\/\\\/cmvsf2.org\\\/web\\\/wp-content\\\/uploads\\\/2025\\\/01\\\/caratulas-2025-1-1.png\",\"datePublished\":\"2025-01-15T17:05:51+00:00\",\"description\":\"Informamos que la Caja de Seguridad Social para los Profesionales del Arte de Curar de la Provincia de Santa Fe, ha lanzado un nuevo PLAN DE INCLUSI\u00d3N\",\"breadcrumb\":{\"@id\":\"https:\\\/\\\/cmvsf2.org\\\/web\\\/2025\\\/01\\\/15\\\/nuevo-plan-de-inclusion-de-la-caja-de-seguridad-social-del-arte-de-curar-para-jovenes-profesionales\\\/#breadcrumb\"},\"inLanguage\":\"es\",\"potentialAction\":[{\"@type\":\"ReadAction\",\"target\":[\"https:\\\/\\\/cmvsf2.org\\\/web\\\/2025\\\/01\\\/15\\\/nuevo-plan-de-inclusion-de-la-caja-de-seguridad-social-del-arte-de-curar-para-jovenes-profesionales\\\/\"]}]},{\"@type\":\"ImageObject\",\"inLanguage\":\"es\",\"@id\":\"https:\\\/\\\/cmvsf2.org\\\/web\\\/2025\\\/01\\\/15\\\/nuevo-plan-de-inclusion-de-la-caja-de-seguridad-social-del-arte-de-curar-para-jovenes-profesionales\\\/#primaryimage\",\"url\":\"https:\\\/\\\/cmvsf2.org\\\/web\\\/wp-content\\\/uploads\\\/2025\\\/01\\\/caratulas-2025-1-1.png\",\"contentUrl\":\"https:\\\/\\\/cmvsf2.org\\\/web\\\/wp-content\\\/uploads\\\/2025\\\/01\\\/caratulas-2025-1-1.png\",\"width\":1080,\"height\":1080},{\"@type\":\"BreadcrumbList\",\"@id\":\"https:\\\/\\\/cmvsf2.org\\\/web\\\/2025\\\/01\\\/15\\\/nuevo-plan-de-inclusion-de-la-caja-de-seguridad-social-del-arte-de-curar-para-jovenes-profesionales\\\/#breadcrumb\",\"itemListElement\":[{\"@type\":\"ListItem\",\"position\":1,\"name\":\"Portada\",\"item\":\"https:\\\/\\\/cmvsf2.org\\\/web\\\/\"},{\"@type\":\"ListItem\",\"position\":2,\"name\":\"Nuevo plan de inclusi\u00f3n de la Caja de Seguridad Social del Arte de Curar para j\u00f3venes profesionales\"}]},{\"@type\":\"WebSite\",\"@id\":\"https:\\\/\\\/cmvsf2.org\\\/web\\\/#website\",\"url\":\"https:\\\/\\\/cmvsf2.org\\\/web\\\/\",\"name\":\"Colegio De Veterinarios De Santa Fe 2da. Circunscripci\u00f3n\",\"description\":\"Sitio institucional del Colegio de M\u00e9dicos Veterinario de Santa Fe 2da. Circunscripci\u00f3n\",\"publisher\":{\"@id\":\"https:\\\/\\\/cmvsf2.org\\\/web\\\/#organization\"},\"potentialAction\":[{\"@type\":\"SearchAction\",\"target\":{\"@type\":\"EntryPoint\",\"urlTemplate\":\"https:\\\/\\\/cmvsf2.org\\\/web\\\/?s={search_term_string}\"},\"query-input\":{\"@type\":\"PropertyValueSpecification\",\"valueRequired\":true,\"valueName\":\"search_term_string\"}}],\"inLanguage\":\"es\"},{\"@type\":\"Organization\",\"@id\":\"https:\\\/\\\/cmvsf2.org\\\/web\\\/#organization\",\"name\":\"Colegio De Veterinarios De Santa Fe 2da. Circunscripci\u00f3n\",\"url\":\"https:\\\/\\\/cmvsf2.org\\\/web\\\/\",\"logo\":{\"@type\":\"ImageObject\",\"inLanguage\":\"es\",\"@id\":\"https:\\\/\\\/cmvsf2.org\\\/web\\\/#\\\/schema\\\/logo\\\/image\\\/\",\"url\":\"http:\\\/\\\/cmvsf2.org\\\/web\\\/wp-content\\\/uploads\\\/2020\\\/03\\\/vector-logo-02.png\",\"contentUrl\":\"http:\\\/\\\/cmvsf2.org\\\/web\\\/wp-content\\\/uploads\\\/2020\\\/03\\\/vector-logo-02.png\",\"width\":2750,\"height\":642,\"caption\":\"Colegio De Veterinarios De Santa Fe 2da. Circunscripci\u00f3n\"},\"image\":{\"@id\":\"https:\\\/\\\/cmvsf2.org\\\/web\\\/#\\\/schema\\\/logo\\\/image\\\/\"}},{\"@type\":\"Person\",\"@id\":\"https:\\\/\\\/cmvsf2.org\\\/web\\\/#\\\/schema\\\/person\\\/46ea3630099a4a3df8d89f07cf5f7520\",\"name\":\"cmvsf2\",\"image\":{\"@type\":\"ImageObject\",\"inLanguage\":\"es\",\"@id\":\"https:\\\/\\\/secure.gravatar.com\\\/avatar\\\/669647b61c77f28f1aa51df04174a5ecb296e9988b4a93d2870666cd1f502cd7?s=96&d=mm&r=g\",\"url\":\"https:\\\/\\\/secure.gravatar.com\\\/avatar\\\/669647b61c77f28f1aa51df04174a5ecb296e9988b4a93d2870666cd1f502cd7?s=96&d=mm&r=g\",\"contentUrl\":\"https:\\\/\\\/secure.gravatar.com\\\/avatar\\\/669647b61c77f28f1aa51df04174a5ecb296e9988b4a93d2870666cd1f502cd7?s=96&d=mm&r=g\",\"caption\":\"cmvsf2\"}}]}<\/script>\n<!-- \/ Yoast SEO plugin. -->","yoast_head_json":{"title":"Nuevo plan de inclusi\u00f3n de la Caja de Seguridad Social del Arte de Curar para j\u00f3venes profesionales - Colegio De Veterinarios De Santa Fe 2da. Circunscripci\u00f3n","description":"Informamos que la Caja de Seguridad Social para los Profesionales del Arte de Curar de la Provincia de Santa Fe, ha lanzado un nuevo PLAN DE INCLUSI\u00d3N","robots":{"index":"index","follow":"follow","max-snippet":"max-snippet:-1","max-image-preview":"max-image-preview:large","max-video-preview":"max-video-preview:-1"},"canonical":"https:\/\/cmvsf2.org\/web\/2025\/01\/15\/nuevo-plan-de-inclusion-de-la-caja-de-seguridad-social-del-arte-de-curar-para-jovenes-profesionales\/","og_locale":"es_ES","og_type":"article","og_title":"Nuevo plan de inclusi\u00f3n de la Caja de Seguridad Social del Arte de Curar para j\u00f3venes profesionales - Colegio De Veterinarios De Santa Fe 2da. Circunscripci\u00f3n","og_description":"Informamos que la Caja de Seguridad Social para los Profesionales del Arte de Curar de la Provincia de Santa Fe, ha lanzado un nuevo PLAN DE INCLUSI\u00d3N","og_url":"https:\/\/cmvsf2.org\/web\/2025\/01\/15\/nuevo-plan-de-inclusion-de-la-caja-de-seguridad-social-del-arte-de-curar-para-jovenes-profesionales\/","og_site_name":"Colegio De Veterinarios De Santa Fe 2da. Circunscripci\u00f3n","article_published_time":"2025-01-15T17:05:51+00:00","og_image":[{"width":1080,"height":1080,"url":"https:\/\/cmvsf2.org\/web\/wp-content\/uploads\/2025\/01\/caratulas-2025-1-1.png","type":"image\/png"}],"author":"cmvsf2","twitter_card":"summary_large_image","twitter_misc":{"Escrito por":"cmvsf2","Tiempo de lectura":"2 minutos"},"schema":{"@context":"https:\/\/schema.org","@graph":[{"@type":"Article","@id":"https:\/\/cmvsf2.org\/web\/2025\/01\/15\/nuevo-plan-de-inclusion-de-la-caja-de-seguridad-social-del-arte-de-curar-para-jovenes-profesionales\/#article","isPartOf":{"@id":"https:\/\/cmvsf2.org\/web\/2025\/01\/15\/nuevo-plan-de-inclusion-de-la-caja-de-seguridad-social-del-arte-de-curar-para-jovenes-profesionales\/"},"author":{"name":"cmvsf2","@id":"https:\/\/cmvsf2.org\/web\/#\/schema\/person\/46ea3630099a4a3df8d89f07cf5f7520"},"headline":"Nuevo plan de inclusi\u00f3n de la Caja de Seguridad Social del Arte de Curar para j\u00f3venes profesionales","datePublished":"2025-01-15T17:05:51+00:00","mainEntityOfPage":{"@id":"https:\/\/cmvsf2.org\/web\/2025\/01\/15\/nuevo-plan-de-inclusion-de-la-caja-de-seguridad-social-del-arte-de-curar-para-jovenes-profesionales\/"},"wordCount":309,"publisher":{"@id":"https:\/\/cmvsf2.org\/web\/#organization"},"image":{"@id":"https:\/\/cmvsf2.org\/web\/2025\/01\/15\/nuevo-plan-de-inclusion-de-la-caja-de-seguridad-social-del-arte-de-curar-para-jovenes-profesionales\/#primaryimage"},"thumbnailUrl":"https:\/\/cmvsf2.org\/web\/wp-content\/uploads\/2025\/01\/caratulas-2025-1-1.png","keywords":["arte de curar","j\u00f3venes","plan de inclusi\u00f3n"],"articleSection":["Destacada","Institucionales"],"inLanguage":"es"},{"@type":"WebPage","@id":"https:\/\/cmvsf2.org\/web\/2025\/01\/15\/nuevo-plan-de-inclusion-de-la-caja-de-seguridad-social-del-arte-de-curar-para-jovenes-profesionales\/","url":"https:\/\/cmvsf2.org\/web\/2025\/01\/15\/nuevo-plan-de-inclusion-de-la-caja-de-seguridad-social-del-arte-de-curar-para-jovenes-profesionales\/","name":"Nuevo plan de inclusi\u00f3n de la Caja de Seguridad Social del Arte de Curar para j\u00f3venes profesionales - Colegio De Veterinarios De Santa Fe 2da. Circunscripci\u00f3n","isPartOf":{"@id":"https:\/\/cmvsf2.org\/web\/#website"},"primaryImageOfPage":{"@id":"https:\/\/cmvsf2.org\/web\/2025\/01\/15\/nuevo-plan-de-inclusion-de-la-caja-de-seguridad-social-del-arte-de-curar-para-jovenes-profesionales\/#primaryimage"},"image":{"@id":"https:\/\/cmvsf2.org\/web\/2025\/01\/15\/nuevo-plan-de-inclusion-de-la-caja-de-seguridad-social-del-arte-de-curar-para-jovenes-profesionales\/#primaryimage"},"thumbnailUrl":"https:\/\/cmvsf2.org\/web\/wp-content\/uploads\/2025\/01\/caratulas-2025-1-1.png","datePublished":"2025-01-15T17:05:51+00:00","description":"Informamos que la Caja de Seguridad Social para los Profesionales del Arte de Curar de la Provincia de Santa Fe, ha lanzado un nuevo PLAN DE INCLUSI\u00d3N","breadcrumb":{"@id":"https:\/\/cmvsf2.org\/web\/2025\/01\/15\/nuevo-plan-de-inclusion-de-la-caja-de-seguridad-social-del-arte-de-curar-para-jovenes-profesionales\/#breadcrumb"},"inLanguage":"es","potentialAction":[{"@type":"ReadAction","target":["https:\/\/cmvsf2.org\/web\/2025\/01\/15\/nuevo-plan-de-inclusion-de-la-caja-de-seguridad-social-del-arte-de-curar-para-jovenes-profesionales\/"]}]},{"@type":"ImageObject","inLanguage":"es","@id":"https:\/\/cmvsf2.org\/web\/2025\/01\/15\/nuevo-plan-de-inclusion-de-la-caja-de-seguridad-social-del-arte-de-curar-para-jovenes-profesionales\/#primaryimage","url":"https:\/\/cmvsf2.org\/web\/wp-content\/uploads\/2025\/01\/caratulas-2025-1-1.png","contentUrl":"https:\/\/cmvsf2.org\/web\/wp-content\/uploads\/2025\/01\/caratulas-2025-1-1.png","width":1080,"height":1080},{"@type":"BreadcrumbList","@id":"https:\/\/cmvsf2.org\/web\/2025\/01\/15\/nuevo-plan-de-inclusion-de-la-caja-de-seguridad-social-del-arte-de-curar-para-jovenes-profesionales\/#breadcrumb","itemListElement":[{"@type":"ListItem","position":1,"name":"Portada","item":"https:\/\/cmvsf2.org\/web\/"},{"@type":"ListItem","position":2,"name":"Nuevo plan de inclusi\u00f3n de la Caja de Seguridad Social del Arte de Curar para j\u00f3venes profesionales"}]},{"@type":"WebSite","@id":"https:\/\/cmvsf2.org\/web\/#website","url":"https:\/\/cmvsf2.org\/web\/","name":"Colegio De Veterinarios De Santa Fe 2da. Circunscripci\u00f3n","description":"Sitio institucional del Colegio de M\u00e9dicos Veterinario de Santa Fe 2da. Circunscripci\u00f3n","publisher":{"@id":"https:\/\/cmvsf2.org\/web\/#organization"},"potentialAction":[{"@type":"SearchAction","target":{"@type":"EntryPoint","urlTemplate":"https:\/\/cmvsf2.org\/web\/?s={search_term_string}"},"query-input":{"@type":"PropertyValueSpecification","valueRequired":true,"valueName":"search_term_string"}}],"inLanguage":"es"},{"@type":"Organization","@id":"https:\/\/cmvsf2.org\/web\/#organization","name":"Colegio De Veterinarios De Santa Fe 2da. Circunscripci\u00f3n","url":"https:\/\/cmvsf2.org\/web\/","logo":{"@type":"ImageObject","inLanguage":"es","@id":"https:\/\/cmvsf2.org\/web\/#\/schema\/logo\/image\/","url":"http:\/\/cmvsf2.org\/web\/wp-content\/uploads\/2020\/03\/vector-logo-02.png","contentUrl":"http:\/\/cmvsf2.org\/web\/wp-content\/uploads\/2020\/03\/vector-logo-02.png","width":2750,"height":642,"caption":"Colegio De Veterinarios De Santa Fe 2da. Circunscripci\u00f3n"},"image":{"@id":"https:\/\/cmvsf2.org\/web\/#\/schema\/logo\/image\/"}},{"@type":"Person","@id":"https:\/\/cmvsf2.org\/web\/#\/schema\/person\/46ea3630099a4a3df8d89f07cf5f7520","name":"cmvsf2","image":{"@type":"ImageObject","inLanguage":"es","@id":"https:\/\/secure.gravatar.com\/avatar\/669647b61c77f28f1aa51df04174a5ecb296e9988b4a93d2870666cd1f502cd7?s=96&d=mm&r=g","url":"https:\/\/secure.gravatar.com\/avatar\/669647b61c77f28f1aa51df04174a5ecb296e9988b4a93d2870666cd1f502cd7?s=96&d=mm&r=g","contentUrl":"https:\/\/secure.gravatar.com\/avatar\/669647b61c77f28f1aa51df04174a5ecb296e9988b4a93d2870666cd1f502cd7?s=96&d=mm&r=g","caption":"cmvsf2"}}]}},"_links":{"self":[{"href":"https:\/\/cmvsf2.org\/web\/wp-json\/wp\/v2\/posts\/34692","targetHints":{"allow":["GET"]}}],"collection":[{"href":"https:\/\/cmvsf2.org\/web\/wp-json\/wp\/v2\/posts"}],"about":[{"href":"https:\/\/cmvsf2.org\/web\/wp-json\/wp\/v2\/types\/post"}],"author":[{"embeddable":true,"href":"https:\/\/cmvsf2.org\/web\/wp-json\/wp\/v2\/users\/3"}],"replies":[{"embeddable":true,"href":"https:\/\/cmvsf2.org\/web\/wp-json\/wp\/v2\/comments?post=34692"}],"version-history":[{"count":1,"href":"https:\/\/cmvsf2.org\/web\/wp-json\/wp\/v2\/posts\/34692\/revisions"}],"predecessor-version":[{"id":34694,"href":"https:\/\/cmvsf2.org\/web\/wp-json\/wp\/v2\/posts\/34692\/revisions\/34694"}],"wp:featuredmedia":[{"embeddable":true,"href":"https:\/\/cmvsf2.org\/web\/wp-json\/wp\/v2\/media\/34693"}],"wp:attachment":[{"href":"https:\/\/cmvsf2.org\/web\/wp-json\/wp\/v2\/media?parent=34692"}],"wp:term":[{"taxonomy":"category","embeddable":true,"href":"https:\/\/cmvsf2.org\/web\/wp-json\/wp\/v2\/categories?post=34692"},{"taxonomy":"post_tag","embeddable":true,"href":"https:\/\/cmvsf2.org\/web\/wp-json\/wp\/v2\/tags?post=34692"}],"curies":[{"name":"wp","href":"https:\/\/api.w.org\/{rel}","templated":true}]}}